{"id":72835,"date":"2025-09-03T13:16:02","date_gmt":"2025-09-03T12:16:02","guid":{"rendered":"https:\/\/lasentinelle.dz\/?p=72835"},"modified":"2025-09-03T13:16:07","modified_gmt":"2025-09-03T12:16:07","slug":"inflation-une-hausse-marginal-de-02-en-juillet","status":"publish","type":"post","link":"https:\/\/lasentinelle.dz\/index.php\/2025\/09\/03\/inflation-une-hausse-marginal-de-02-en-juillet\/","title":{"rendered":"Inflation\u00a0: Une hausse marginal de 0,2% en juillet"},"content":{"rendered":"\n<p>L&rsquo;Office National des Statistiques (ONS) a publi\u00e9 les chiffres de l&rsquo;indice des prix \u00e0 la consommation pour la ville d&rsquo;Alger au mois de juillet 2025. L&rsquo;indice brut enregistre une hausse de 0,4% par rapport au mois pr\u00e9c\u00e9dent, soit un rythme inf\u00e9rieur \u00e0 celui observ\u00e9 en juillet 2024 (+0,8%). Sur douze mois, les prix affichent une baisse de 0,4% par rapport \u00e0 juillet 2024. Le rythme d&rsquo;inflation annuel glissant (ao\u00fbt 2024 \u00e0 juillet 2025 compar\u00e9 \u00e0 ao\u00fbt 2023 \u00e0 juillet 2024) s&rsquo;\u00e9tablit \u00e0 +3,1%. La hausse mensuelle de 0,4% s&rsquo;explique principalement par l&rsquo;augmentation des prix des produits manufactur\u00e9s (+1,7%). Les services restent stables (+0,1%). Les prix des biens alimentaires reculent de 0,8%, apr\u00e8s une l\u00e9g\u00e8re hausse de 0,2% en juin. Cette baisse r\u00e9sulte du recul des produits agricoles frais (-1,5%), notamment la viande de poulet (-7,5%), les fruits (-12,1%) et la pomme de terre (-13,1%). \u00c0 l&rsquo;inverse, les l\u00e9gumes augmentent de 7,7% et les \u0153ufs de 10,8%. Sur douze mois, les biens alimentaires chutent de 6,2%. Les produits agricoles frais baissent de 8,8%, avec un recul de 12,4% pour la viande et abats de mouton. Les produits alimentaires industriels diminuent de 3,1%, le caf\u00e9 accusant une chute de 31,9%. Les prix des produits manufactur\u00e9s progressent de 7,4% sur un an et de 1,7% sur le mois. Les services reculent de 1,2% en variation annuelle.<\/p>\n\n\n\n<p>Par groupes de produits, les hausses annuelles les plus marqu\u00e9es concernent les \u00ab\u00a0Divers\u00a0\u00bb (+15,2%), les meubles et articles d&rsquo;ameublement (+4,4%) et l&rsquo;habillement-chaussures (+3,2%). L&rsquo;\u00e9ducation-culture-loisirs affiche la plus forte baisse (-5,8%). Au niveau national, l&rsquo;indice g\u00e9n\u00e9ral des prix progresse de 0,2% en juillet par rapport au mois pr\u00e9c\u00e9dent et recule de 0,3% sur douze mois. Les prix alimentaires baissent de 0,9% sur le mois et de 5,1% sur un an.<\/p>\n\n\n\n<p>Depuis janvier 2025, l&rsquo;indice d&rsquo;Alger a connu des variations mensuelles contrast\u00e9es : +0,4% en janvier, +0,3% en f\u00e9vrier, +2,4% en mars, -0,7% en avril, -2,9% en mai, +0,2% en juin et +0,4% en juillet. L&rsquo;indice alimentaire a particuli\u00e8rement fluctu\u00e9 avec des baisses marqu\u00e9es en novembre 2024 (-2,7%), d\u00e9cembre 2024 (-1,8%), avril 2025 (-1,6%) et mai 2025 (-5,9%).<\/p>\n\n\n\n<p><strong>&nbsp;<\/strong>En juillet 2025, le kilogramme de viande de mouton co\u00fbte en moyenne 2.500 DA contre 2.898 DA en juillet 2024 (-13,7%). Le poulet \u00e9vid\u00e9 s&rsquo;affiche \u00e0 362,62 DA le kilogramme (-2,7% sur un an). L&rsquo;\u0153uf vaut 17,29 DA l&rsquo;unit\u00e9 (+20,3%). Parmi les fruits, la pomme verte co\u00fbte 632,92 DA le kilogramme (-19,6% sur un an), la p\u00eache rouge 280,10 DA (-19,1%) et l&rsquo;abricot 379,71 DA (+0,7%). La pomme de terre blanche s&rsquo;\u00e9change \u00e0 67,61 DA le kilogramme, soit une baisse de 36,9% par rapport \u00e0 juillet 2024.<\/p>\n\n\n\n<p>Sabrina Aziouez<\/p>\n","protected":false},"excerpt":{"rendered":"<p>L&rsquo;Office National des Statistiques (ONS) a publi\u00e9 les chiffres de l&rsquo;indice des prix \u00e0 la consommation pour la ville d&rsquo;Alger<\/p>\n","protected":false},"author":6,"featured_media":68752,"comment_status":"open","ping_status":"closed","sticky":false,"template":"","format":"standard","meta":{"colormag_page_container_layout":"default_layout","colormag_page_sidebar_layout":"default_layout","om_disable_all_campaigns":false,"_monsterinsights_skip_tracking":false,"_monsterinsights_sitenote_active":false,"_monsterinsights_sitenote_note":"","_monsterinsights_sitenote_category":0,"footnotes":"","_wpscppro_dont_share_socialmedia":false,"_wpscppro_custom_social_share_image":0,"_facebook_share_type":"default","_twitter_share_type":"default","_linkedin_share_type":"default","_pinterest_share_type":"default","_linkedin_share_type_page":"","_instagram_share_type":"default","_medium_share_type":"default","_threads_share_type":"default","_google_business_share_type":"default","_selected_social_profile":[],"_wpsp_enable_custom_social_template":false,"_wpsp_social_scheduling":{"enabled":false,"datetime":null,"platforms":[],"status":"template_only","dateOption":"today","timeOption":"now","customDays":"","customHours":"","customDate":"","customTime":"","schedulingType":"absolute"},"_wpsp_active_default_template":true},"categories":[29],"tags":[],"class_list":["post-72835","post","type-post","status-publish","format-standard","has-post-thumbnail","hentry","category-economie"],"aioseo_notices":[],"yoast_head":"<!-- This site is optimized with the Yoast SEO plugin v27.4 - https:\/\/yoast.com\/product\/yoast-seo-wordpress\/ -->\n<title>Inflation\u00a0: Une hausse marginal de 0,2% en juillet - La Sentinelle<\/title>\n<meta name=\"robots\" content=\"index, follow, max-snippet:-1, max-image-preview:large, max-video-preview:-1\" \/>\n<link rel=\"canonical\" href=\"https:\/\/lasentinelle.dz\/index.php\/2025\/09\/03\/inflation-une-hausse-marginal-de-02-en-juillet\/\" \/>\n<meta property=\"og:locale\" content=\"fr_FR\" \/>\n<meta property=\"og:type\" content=\"article\" \/>\n<meta property=\"og:title\" content=\"Inflation\u00a0: Une hausse marginal de 0,2% en juillet - La Sentinelle\" \/>\n<meta property=\"og:description\" content=\"L&rsquo;Office National des Statistiques (ONS) a publi\u00e9 les chiffres de l&rsquo;indice des prix \u00e0 la consommation pour la ville d&rsquo;Alger\" \/>\n<meta property=\"og:url\" content=\"https:\/\/lasentinelle.dz\/index.php\/2025\/09\/03\/inflation-une-hausse-marginal-de-02-en-juillet\/\" \/>\n<meta property=\"og:site_name\" content=\"La Sentinelle\" \/>\n<meta property=\"article:publisher\" content=\"https:\/\/www.facebook.com\/La-Sentinelle-104059864394773\" \/>\n<meta property=\"article:published_time\" content=\"2025-09-03T12:16:02+00:00\" \/>\n<meta property=\"article:modified_time\" content=\"2025-09-03T12:16:07+00:00\" \/>\n<meta property=\"og:image\" content=\"https:\/\/lasentinelle.dz\/wp-content\/uploads\/2025\/06\/marche.gif\" \/>\n\t<meta property=\"og:image:width\" content=\"800\" \/>\n\t<meta property=\"og:image:height\" content=\"400\" \/>\n\t<meta property=\"og:image:type\" content=\"image\/gif\" \/>\n<meta name=\"author\" content=\"admin\" \/>\n<meta name=\"twitter:card\" content=\"summary_large_image\" \/>\n<meta name=\"twitter:label1\" content=\"\u00c9crit par\" \/>\n\t<meta name=\"twitter:data1\" content=\"admin\" \/>\n\t<meta name=\"twitter:label2\" content=\"Dur\u00e9e de lecture estim\u00e9e\" \/>\n\t<meta name=\"twitter:data2\" content=\"3 minutes\" \/>\n<script type=\"application\/ld+json\" class=\"yoast-schema-graph\">{\"@context\":\"https:\\\/\\\/schema.org\",\"@graph\":[{\"@type\":\"Article\",\"@id\":\"https:\\\/\\\/lasentinelle.dz\\\/index.php\\\/2025\\\/09\\\/03\\\/inflation-une-hausse-marginal-de-02-en-juillet\\\/#article\",\"isPartOf\":{\"@id\":\"https:\\\/\\\/lasentinelle.dz\\\/index.php\\\/2025\\\/09\\\/03\\\/inflation-une-hausse-marginal-de-02-en-juillet\\\/\"},\"author\":{\"name\":\"admin\",\"@id\":\"https:\\\/\\\/lasentinelle.dz\\\/#\\\/schema\\\/person\\\/729ee0024f24e0b8c5ec17232f8e8b41\"},\"headline\":\"Inflation\u00a0: Une hausse marginal de 0,2% en juillet\",\"datePublished\":\"2025-09-03T12:16:02+00:00\",\"dateModified\":\"2025-09-03T12:16:07+00:00\",\"mainEntityOfPage\":{\"@id\":\"https:\\\/\\\/lasentinelle.dz\\\/index.php\\\/2025\\\/09\\\/03\\\/inflation-une-hausse-marginal-de-02-en-juillet\\\/\"},\"wordCount\":423,\"commentCount\":0,\"publisher\":{\"@id\":\"https:\\\/\\\/lasentinelle.dz\\\/#organization\"},\"image\":{\"@id\":\"https:\\\/\\\/lasentinelle.dz\\\/index.php\\\/2025\\\/09\\\/03\\\/inflation-une-hausse-marginal-de-02-en-juillet\\\/#primaryimage\"},\"thumbnailUrl\":\"https:\\\/\\\/lasentinelle.dz\\\/wp-content\\\/uploads\\\/2025\\\/06\\\/marche.gif\",\"articleSection\":[\"\u00c9conomie\"],\"inLanguage\":\"fr-FR\",\"potentialAction\":[{\"@type\":\"CommentAction\",\"name\":\"Comment\",\"target\":[\"https:\\\/\\\/lasentinelle.dz\\\/index.php\\\/2025\\\/09\\\/03\\\/inflation-une-hausse-marginal-de-02-en-juillet\\\/#respond\"]}]},{\"@type\":\"WebPage\",\"@id\":\"https:\\\/\\\/lasentinelle.dz\\\/index.php\\\/2025\\\/09\\\/03\\\/inflation-une-hausse-marginal-de-02-en-juillet\\\/\",\"url\":\"https:\\\/\\\/lasentinelle.dz\\\/index.php\\\/2025\\\/09\\\/03\\\/inflation-une-hausse-marginal-de-02-en-juillet\\\/\",\"name\":\"Inflation\u00a0: Une hausse marginal de 0,2% en juillet - La Sentinelle\",\"isPartOf\":{\"@id\":\"https:\\\/\\\/lasentinelle.dz\\\/#website\"},\"primaryImageOfPage\":{\"@id\":\"https:\\\/\\\/lasentinelle.dz\\\/index.php\\\/2025\\\/09\\\/03\\\/inflation-une-hausse-marginal-de-02-en-juillet\\\/#primaryimage\"},\"image\":{\"@id\":\"https:\\\/\\\/lasentinelle.dz\\\/index.php\\\/2025\\\/09\\\/03\\\/inflation-une-hausse-marginal-de-02-en-juillet\\\/#primaryimage\"},\"thumbnailUrl\":\"https:\\\/\\\/lasentinelle.dz\\\/wp-content\\\/uploads\\\/2025\\\/06\\\/marche.gif\",\"datePublished\":\"2025-09-03T12:16:02+00:00\",\"dateModified\":\"2025-09-03T12:16:07+00:00\",\"breadcrumb\":{\"@id\":\"https:\\\/\\\/lasentinelle.dz\\\/index.php\\\/2025\\\/09\\\/03\\\/inflation-une-hausse-marginal-de-02-en-juillet\\\/#breadcrumb\"},\"inLanguage\":\"fr-FR\",\"potentialAction\":[{\"@type\":\"ReadAction\",\"target\":[\"https:\\\/\\\/lasentinelle.dz\\\/index.php\\\/2025\\\/09\\\/03\\\/inflation-une-hausse-marginal-de-02-en-juillet\\\/\"]}]},{\"@type\":\"ImageObject\",\"inLanguage\":\"fr-FR\",\"@id\":\"https:\\\/\\\/lasentinelle.dz\\\/index.php\\\/2025\\\/09\\\/03\\\/inflation-une-hausse-marginal-de-02-en-juillet\\\/#primaryimage\",\"url\":\"https:\\\/\\\/lasentinelle.dz\\\/wp-content\\\/uploads\\\/2025\\\/06\\\/marche.gif\",\"contentUrl\":\"https:\\\/\\\/lasentinelle.dz\\\/wp-content\\\/uploads\\\/2025\\\/06\\\/marche.gif\",\"width\":800,\"height\":400},{\"@type\":\"BreadcrumbList\",\"@id\":\"https:\\\/\\\/lasentinelle.dz\\\/index.php\\\/2025\\\/09\\\/03\\\/inflation-une-hausse-marginal-de-02-en-juillet\\\/#breadcrumb\",\"itemListElement\":[{\"@type\":\"ListItem\",\"position\":1,\"name\":\"Accueil\",\"item\":\"https:\\\/\\\/lasentinelle.dz\\\/\"},{\"@type\":\"ListItem\",\"position\":2,\"name\":\"Inflation\u00a0: Une hausse marginal de 0,2% en juillet\"}]},{\"@type\":\"WebSite\",\"@id\":\"https:\\\/\\\/lasentinelle.dz\\\/#website\",\"url\":\"https:\\\/\\\/lasentinelle.dz\\\/\",\"name\":\"La Sentinelle\",\"description\":\"Quotidien national d&#039;information\",\"publisher\":{\"@id\":\"https:\\\/\\\/lasentinelle.dz\\\/#organization\"},\"potentialAction\":[{\"@type\":\"SearchAction\",\"target\":{\"@type\":\"EntryPoint\",\"urlTemplate\":\"https:\\\/\\\/lasentinelle.dz\\\/?s={search_term_string}\"},\"query-input\":{\"@type\":\"PropertyValueSpecification\",\"valueRequired\":true,\"valueName\":\"search_term_string\"}}],\"inLanguage\":\"fr-FR\"},{\"@type\":\"Organization\",\"@id\":\"https:\\\/\\\/lasentinelle.dz\\\/#organization\",\"name\":\"Quotidien La Sentinelle\",\"url\":\"https:\\\/\\\/lasentinelle.dz\\\/\",\"logo\":{\"@type\":\"ImageObject\",\"inLanguage\":\"fr-FR\",\"@id\":\"https:\\\/\\\/lasentinelle.dz\\\/#\\\/schema\\\/logo\\\/image\\\/\",\"url\":\"https:\\\/\\\/lasentinelle.dz\\\/wp-content\\\/uploads\\\/2021\\\/09\\\/logo-sentinelleSLOGAN-1.png\",\"contentUrl\":\"https:\\\/\\\/lasentinelle.dz\\\/wp-content\\\/uploads\\\/2021\\\/09\\\/logo-sentinelleSLOGAN-1.png\",\"width\":615,\"height\":142,\"caption\":\"Quotidien La Sentinelle\"},\"image\":{\"@id\":\"https:\\\/\\\/lasentinelle.dz\\\/#\\\/schema\\\/logo\\\/image\\\/\"},\"sameAs\":[\"https:\\\/\\\/www.facebook.com\\\/La-Sentinelle-104059864394773\"]},{\"@type\":\"Person\",\"@id\":\"https:\\\/\\\/lasentinelle.dz\\\/#\\\/schema\\\/person\\\/729ee0024f24e0b8c5ec17232f8e8b41\",\"name\":\"admin\",\"image\":{\"@type\":\"ImageObject\",\"inLanguage\":\"fr-FR\",\"@id\":\"https:\\\/\\\/secure.gravatar.com\\\/avatar\\\/4c81fed838786e9b53f540bf46533e750f5d292099ae3b66cfc6fb1982e29df7?s=96&d=mm&r=g\",\"url\":\"https:\\\/\\\/secure.gravatar.com\\\/avatar\\\/4c81fed838786e9b53f540bf46533e750f5d292099ae3b66cfc6fb1982e29df7?s=96&d=mm&r=g\",\"contentUrl\":\"https:\\\/\\\/secure.gravatar.com\\\/avatar\\\/4c81fed838786e9b53f540bf46533e750f5d292099ae3b66cfc6fb1982e29df7?s=96&d=mm&r=g\",\"caption\":\"admin\"},\"description\":\"admin\",\"url\":\"https:\\\/\\\/lasentinelle.dz\\\/author\\\/admin\\\/\"}]}<\/script>\n<!-- \/ Yoast SEO plugin. -->","yoast_head_json":{"title":"Inflation\u00a0: Une hausse marginal de 0,2% en juillet - La Sentinelle","robots":{"index":"index","follow":"follow","max-snippet":"max-snippet:-1","max-image-preview":"max-image-preview:large","max-video-preview":"max-video-preview:-1"},"canonical":"https:\/\/lasentinelle.dz\/index.php\/2025\/09\/03\/inflation-une-hausse-marginal-de-02-en-juillet\/","og_locale":"fr_FR","og_type":"article","og_title":"Inflation\u00a0: Une hausse marginal de 0,2% en juillet - La Sentinelle","og_description":"L&rsquo;Office National des Statistiques (ONS) a publi\u00e9 les chiffres de l&rsquo;indice des prix \u00e0 la consommation pour la ville d&rsquo;Alger","og_url":"https:\/\/lasentinelle.dz\/index.php\/2025\/09\/03\/inflation-une-hausse-marginal-de-02-en-juillet\/","og_site_name":"La Sentinelle","article_publisher":"https:\/\/www.facebook.com\/La-Sentinelle-104059864394773","article_published_time":"2025-09-03T12:16:02+00:00","article_modified_time":"2025-09-03T12:16:07+00:00","og_image":[{"width":800,"height":400,"url":"https:\/\/lasentinelle.dz\/wp-content\/uploads\/2025\/06\/marche.gif","type":"image\/gif"}],"author":"admin","twitter_card":"summary_large_image","twitter_misc":{"\u00c9crit par":"admin","Dur\u00e9e de lecture estim\u00e9e":"3 minutes"},"schema":{"@context":"https:\/\/schema.org","@graph":[{"@type":"Article","@id":"https:\/\/lasentinelle.dz\/index.php\/2025\/09\/03\/inflation-une-hausse-marginal-de-02-en-juillet\/#article","isPartOf":{"@id":"https:\/\/lasentinelle.dz\/index.php\/2025\/09\/03\/inflation-une-hausse-marginal-de-02-en-juillet\/"},"author":{"name":"admin","@id":"https:\/\/lasentinelle.dz\/#\/schema\/person\/729ee0024f24e0b8c5ec17232f8e8b41"},"headline":"Inflation\u00a0: Une hausse marginal de 0,2% en juillet","datePublished":"2025-09-03T12:16:02+00:00","dateModified":"2025-09-03T12:16:07+00:00","mainEntityOfPage":{"@id":"https:\/\/lasentinelle.dz\/index.php\/2025\/09\/03\/inflation-une-hausse-marginal-de-02-en-juillet\/"},"wordCount":423,"commentCount":0,"publisher":{"@id":"https:\/\/lasentinelle.dz\/#organization"},"image":{"@id":"https:\/\/lasentinelle.dz\/index.php\/2025\/09\/03\/inflation-une-hausse-marginal-de-02-en-juillet\/#primaryimage"},"thumbnailUrl":"https:\/\/lasentinelle.dz\/wp-content\/uploads\/2025\/06\/marche.gif","articleSection":["\u00c9conomie"],"inLanguage":"fr-FR","potentialAction":[{"@type":"CommentAction","name":"Comment","target":["https:\/\/lasentinelle.dz\/index.php\/2025\/09\/03\/inflation-une-hausse-marginal-de-02-en-juillet\/#respond"]}]},{"@type":"WebPage","@id":"https:\/\/lasentinelle.dz\/index.php\/2025\/09\/03\/inflation-une-hausse-marginal-de-02-en-juillet\/","url":"https:\/\/lasentinelle.dz\/index.php\/2025\/09\/03\/inflation-une-hausse-marginal-de-02-en-juillet\/","name":"Inflation\u00a0: Une hausse marginal de 0,2% en juillet - La Sentinelle","isPartOf":{"@id":"https:\/\/lasentinelle.dz\/#website"},"primaryImageOfPage":{"@id":"https:\/\/lasentinelle.dz\/index.php\/2025\/09\/03\/inflation-une-hausse-marginal-de-02-en-juillet\/#primaryimage"},"image":{"@id":"https:\/\/lasentinelle.dz\/index.php\/2025\/09\/03\/inflation-une-hausse-marginal-de-02-en-juillet\/#primaryimage"},"thumbnailUrl":"https:\/\/lasentinelle.dz\/wp-content\/uploads\/2025\/06\/marche.gif","datePublished":"2025-09-03T12:16:02+00:00","dateModified":"2025-09-03T12:16:07+00:00","breadcrumb":{"@id":"https:\/\/lasentinelle.dz\/index.php\/2025\/09\/03\/inflation-une-hausse-marginal-de-02-en-juillet\/#breadcrumb"},"inLanguage":"fr-FR","potentialAction":[{"@type":"ReadAction","target":["https:\/\/lasentinelle.dz\/index.php\/2025\/09\/03\/inflation-une-hausse-marginal-de-02-en-juillet\/"]}]},{"@type":"ImageObject","inLanguage":"fr-FR","@id":"https:\/\/lasentinelle.dz\/index.php\/2025\/09\/03\/inflation-une-hausse-marginal-de-02-en-juillet\/#primaryimage","url":"https:\/\/lasentinelle.dz\/wp-content\/uploads\/2025\/06\/marche.gif","contentUrl":"https:\/\/lasentinelle.dz\/wp-content\/uploads\/2025\/06\/marche.gif","width":800,"height":400},{"@type":"BreadcrumbList","@id":"https:\/\/lasentinelle.dz\/index.php\/2025\/09\/03\/inflation-une-hausse-marginal-de-02-en-juillet\/#breadcrumb","itemListElement":[{"@type":"ListItem","position":1,"name":"Accueil","item":"https:\/\/lasentinelle.dz\/"},{"@type":"ListItem","position":2,"name":"Inflation\u00a0: Une hausse marginal de 0,2% en juillet"}]},{"@type":"WebSite","@id":"https:\/\/lasentinelle.dz\/#website","url":"https:\/\/lasentinelle.dz\/","name":"La Sentinelle","description":"Quotidien national d&#039;information","publisher":{"@id":"https:\/\/lasentinelle.dz\/#organization"},"potentialAction":[{"@type":"SearchAction","target":{"@type":"EntryPoint","urlTemplate":"https:\/\/lasentinelle.dz\/?s={search_term_string}"},"query-input":{"@type":"PropertyValueSpecification","valueRequired":true,"valueName":"search_term_string"}}],"inLanguage":"fr-FR"},{"@type":"Organization","@id":"https:\/\/lasentinelle.dz\/#organization","name":"Quotidien La Sentinelle","url":"https:\/\/lasentinelle.dz\/","logo":{"@type":"ImageObject","inLanguage":"fr-FR","@id":"https:\/\/lasentinelle.dz\/#\/schema\/logo\/image\/","url":"https:\/\/lasentinelle.dz\/wp-content\/uploads\/2021\/09\/logo-sentinelleSLOGAN-1.png","contentUrl":"https:\/\/lasentinelle.dz\/wp-content\/uploads\/2021\/09\/logo-sentinelleSLOGAN-1.png","width":615,"height":142,"caption":"Quotidien La Sentinelle"},"image":{"@id":"https:\/\/lasentinelle.dz\/#\/schema\/logo\/image\/"},"sameAs":["https:\/\/www.facebook.com\/La-Sentinelle-104059864394773"]},{"@type":"Person","@id":"https:\/\/lasentinelle.dz\/#\/schema\/person\/729ee0024f24e0b8c5ec17232f8e8b41","name":"admin","image":{"@type":"ImageObject","inLanguage":"fr-FR","@id":"https:\/\/secure.gravatar.com\/avatar\/4c81fed838786e9b53f540bf46533e750f5d292099ae3b66cfc6fb1982e29df7?s=96&d=mm&r=g","url":"https:\/\/secure.gravatar.com\/avatar\/4c81fed838786e9b53f540bf46533e750f5d292099ae3b66cfc6fb1982e29df7?s=96&d=mm&r=g","contentUrl":"https:\/\/secure.gravatar.com\/avatar\/4c81fed838786e9b53f540bf46533e750f5d292099ae3b66cfc6fb1982e29df7?s=96&d=mm&r=g","caption":"admin"},"description":"admin","url":"https:\/\/lasentinelle.dz\/author\/admin\/"}]}},"_links":{"self":[{"href":"https:\/\/lasentinelle.dz\/index.php\/wp-json\/wp\/v2\/posts\/72835","targetHints":{"allow":["GET"]}}],"collection":[{"href":"https:\/\/lasentinelle.dz\/index.php\/wp-json\/wp\/v2\/posts"}],"about":[{"href":"https:\/\/lasentinelle.dz\/index.php\/wp-json\/wp\/v2\/types\/post"}],"author":[{"embeddable":true,"href":"https:\/\/lasentinelle.dz\/index.php\/wp-json\/wp\/v2\/users\/6"}],"replies":[{"embeddable":true,"href":"https:\/\/lasentinelle.dz\/index.php\/wp-json\/wp\/v2\/comments?post=72835"}],"version-history":[{"count":1,"href":"https:\/\/lasentinelle.dz\/index.php\/wp-json\/wp\/v2\/posts\/72835\/revisions"}],"predecessor-version":[{"id":72836,"href":"https:\/\/lasentinelle.dz\/index.php\/wp-json\/wp\/v2\/posts\/72835\/revisions\/72836"}],"wp:featuredmedia":[{"embeddable":true,"href":"https:\/\/lasentinelle.dz\/index.php\/wp-json\/wp\/v2\/media\/68752"}],"wp:attachment":[{"href":"https:\/\/lasentinelle.dz\/index.php\/wp-json\/wp\/v2\/media?parent=72835"}],"wp:term":[{"taxonomy":"category","embeddable":true,"href":"https:\/\/lasentinelle.dz\/index.php\/wp-json\/wp\/v2\/categories?post=72835"},{"taxonomy":"post_tag","embeddable":true,"href":"https:\/\/lasentinelle.dz\/index.php\/wp-json\/wp\/v2\/tags?post=72835"}],"curies":[{"name":"wp","href":"https:\/\/api.w.org\/{rel}","templated":true}]}}