{"id":72837,"date":"2025-09-03T13:17:11","date_gmt":"2025-09-03T12:17:11","guid":{"rendered":"https:\/\/lasentinelle.dz\/?p=72837"},"modified":"2025-09-03T13:17:14","modified_gmt":"2025-09-03T12:17:14","slug":"autorite-de-regulation-des-hydrocarbures-amine-remini-nouveau-president","status":"publish","type":"post","link":"https:\/\/lasentinelle.dz\/index.php\/2025\/09\/03\/autorite-de-regulation-des-hydrocarbures-amine-remini-nouveau-president\/","title":{"rendered":"Autorit\u00e9 de r\u00e9gulation des hydrocarbures\u00a0: Amine Remini nouveau pr\u00e9sident"},"content":{"rendered":"\n<p>Amine Remini a \u00e9t\u00e9 install\u00e9, lundi \u00e0 Alger, en qualit\u00e9 de nouveau pr\u00e9sident de l&rsquo;Autorit\u00e9 de r\u00e9gulation des hydrocarbures (ARH), en remplacement de Nadil Rachid, indique un communiqu\u00e9 du minist\u00e8re de l&rsquo;Energie, des Mines et des Energies renouvelables. La c\u00e9r\u00e9monie d&rsquo;installation qui s&rsquo;est d\u00e9roul\u00e9e au si\u00e8ge du minist\u00e8re, a \u00e9t\u00e9 pr\u00e9sid\u00e9e par le ministre d&rsquo;Etat, ministre de l&rsquo;Energie, des Mines et des Energies renouvelables, Mohamed Arkab, en pr\u00e9sence de la secr\u00e9taire d&rsquo;Etat aupr\u00e8s du ministre de l&rsquo;Energie, charg\u00e9e des Mines, Karima Bakir Tafer, du secr\u00e9taire d&rsquo;Etat aupr\u00e8s du ministre de l&rsquo;Energie, charg\u00e9 des Energies renouvelables, Noureddine Yassa\u00e2 ainsi que des PDG des groupes Sonatrach, Sonelgaz et Sonarem. Etaient \u00e9galement pr\u00e9sents les pr\u00e9sidents de la Commission de r\u00e9gulation de l&rsquo;\u00e9lectricit\u00e9 et du gaz (CREG), de l&rsquo;Agence nationale pour la valorisation des ressources en hydrocarbures (ALNAFT), et de l&rsquo;Agence nationale des activit\u00e9s mini\u00e8res (ANAM), en sus des cadres du minist\u00e8re et des membres du comit\u00e9 directeur de l&rsquo;ARH. Dans son allocution \u00e0 cette occasion, M. Arkab a affirm\u00e9 que cette installation s&rsquo;inscrit dans le cadre de la dynamique continue que connait son secteur, saluant le r\u00f4le \u00ab\u00a0pivot\u00a0\u00bb de l&rsquo;ARH dans la garantie de la transparence et de l&rsquo;efficacit\u00e9 dans la gestion des activit\u00e9s aff\u00e9rentes aux hydrocarbures, ainsi que dans le soutien de la comp\u00e9titivit\u00e9 de l&rsquo;Alg\u00e9rie en tant que destination d&rsquo;investissement, selon le communiqu\u00e9. Il a \u00e9galement soulign\u00e9 que l&rsquo;Autorit\u00e9 demeure \u00ab\u00a0une pierre angulaire dans la concr\u00e9tisation des r\u00e9formes structurelles du secteur et dans le renforcement de l&rsquo;attractivit\u00e9 de l&rsquo;investissement dans l&rsquo;industrie \u00e9nerg\u00e9tique\u00a0\u00bb, r\u00e9affirmant le soutien total du gouvernement dans l&rsquo;accomplissement de ses t\u00e2ches. \u00ab\u00a0La prochaine \u00e9tape exigera de l&rsquo;ARH la poursuite de ses efforts de renforcement de l&rsquo;efficacit\u00e9 des instruments de r\u00e9gulation et de d\u00e9veloppement des m\u00e9canismes de contr\u00f4le des activit\u00e9s, et ce au service de l&rsquo;\u00e9conomie nationale et de la pr\u00e9servation des ressources \u00e9nerg\u00e9tiques nationales\u00a0\u00bb, a-t-il dit. Apr\u00e8s avoir salu\u00e9 les comp\u00e9tences et l&rsquo;exp\u00e9rience de M. Remini dans le secteur, qui occupait derni\u00e8rement le poste de directeur g\u00e9n\u00e9ral des hydrocarbures au minist\u00e8re de l&rsquo;Energie, des Mines et des Energies renouvelables, le ministre a affirm\u00e9 que sa nomination refl\u00e9tait la volont\u00e9 de l&rsquo;Etat de promouvoir les comp\u00e9tences nationales et de leur confier des responsabilit\u00e9s strat\u00e9giques, renouvelant son soutien total dans ses nouvelles fonctions. Le ministre d&rsquo;Etat a, en outre, exprim\u00e9 sa gratitude et sa reconnaissance \u00e0 M. Rachid Nadil pour les efforts qu&rsquo;il a d\u00e9ploy\u00e9s durant sa p\u00e9riode \u00e0 la t\u00eate de l&rsquo;Autorit\u00e9. Pour sa part, M. Remini, a exprim\u00e9 \u00ab\u00a0sa reconnaissance au pr\u00e9sident de la R\u00e9publique, M. Abdelmadjid Tebboune, pour la confiance plac\u00e9e en sa personne, ainsi qu&rsquo;au ministre du secteur pour sa nomination \u00e0 ce poste\u00a0\u00bb, affirmant qu&rsquo;il assumait ses fonctions \u00ab\u00a0avec un esprit de responsabilit\u00e9 et d&rsquo;engagement, dans le cadre de la continuit\u00e9 du travail institutionnel men\u00e9 par l&rsquo;ARH depuis sa cr\u00e9ation en 2005\u00a0\u00bb, selon la m\u00eame source. Le nouveau pr\u00e9sident a pr\u00e9cis\u00e9 que sa mission sera ax\u00e9e sur le renforcement de la transparence et de la rigueur dans les m\u00e9canismes de r\u00e9gulation, l&rsquo;ouverture de canaux de dialogue avec les diff\u00e9rents acteurs, la modernisation des m\u00e9thodes de travail de l&rsquo;Autorit\u00e9 et la promotion de l&rsquo;innovation, en sus de la valorisation des comp\u00e9tences internes afin d&rsquo;en faire un levier de performance. Il a assur\u00e9 que \u00ab\u00a0l&rsquo;Autorit\u00e9 restera un acteur strat\u00e9gique au service de la souverainet\u00e9 \u00e9nerg\u00e9tique de l&rsquo;Alg\u00e9rie, en veillant \u00e0 l&rsquo;\u00e9quilibre du march\u00e9, \u00e0 l&rsquo;instauration d&rsquo;un climat concurrentiel, et \u00e0 l&rsquo;accompagnement de la transition \u00e9nerg\u00e9tique engag\u00e9e par l&rsquo;Etat\u00a0\u00bb, conclut le communiqu\u00e9.<\/p>\n\n\n\n<p>APS<\/p>\n","protected":false},"excerpt":{"rendered":"<p>Amine Remini a \u00e9t\u00e9 install\u00e9, lundi \u00e0 Alger, en qualit\u00e9 de nouveau pr\u00e9sident de l&rsquo;Autorit\u00e9 de r\u00e9gulation des hydrocarbures (ARH),<\/p>\n","protected":false},"author":6,"featured_media":72838,"comment_status":"open","ping_status":"closed","sticky":false,"template":"","format":"standard","meta":{"colormag_page_container_layout":"default_layout","colormag_page_sidebar_layout":"default_layout","om_disable_all_campaigns":false,"_monsterinsights_skip_tracking":false,"_monsterinsights_sitenote_active":false,"_monsterinsights_sitenote_note":"","_monsterinsights_sitenote_category":0,"footnotes":"","_wpscppro_dont_share_socialmedia":false,"_wpscppro_custom_social_share_image":0,"_facebook_share_type":"default","_twitter_share_type":"default","_linkedin_share_type":"default","_pinterest_share_type":"default","_linkedin_share_type_page":"","_instagram_share_type":"default","_medium_share_type":"default","_threads_share_type":"default","_google_business_share_type":"default","_selected_social_profile":[],"_wpsp_enable_custom_social_template":false,"_wpsp_social_scheduling":{"enabled":false,"datetime":null,"platforms":[],"status":"template_only","dateOption":"today","timeOption":"now","customDays":"","customHours":"","customDate":"","customTime":"","schedulingType":"absolute"},"_wpsp_active_default_template":true},"categories":[29],"tags":[],"class_list":["post-72837","post","type-post","status-publish","format-standard","has-post-thumbnail","hentry","category-economie"],"aioseo_notices":[],"yoast_head":"<!-- This site is optimized with the Yoast SEO plugin v27.4 - https:\/\/yoast.com\/product\/yoast-seo-wordpress\/ -->\n<title>Autorit\u00e9 de r\u00e9gulation des hydrocarbures\u00a0: Amine Remini nouveau pr\u00e9sident - La Sentinelle<\/title>\n<meta name=\"robots\" content=\"index, follow, max-snippet:-1, max-image-preview:large, max-video-preview:-1\" \/>\n<link rel=\"canonical\" href=\"https:\/\/lasentinelle.dz\/index.php\/2025\/09\/03\/autorite-de-regulation-des-hydrocarbures-amine-remini-nouveau-president\/\" \/>\n<meta property=\"og:locale\" content=\"fr_FR\" \/>\n<meta property=\"og:type\" content=\"article\" \/>\n<meta property=\"og:title\" content=\"Autorit\u00e9 de r\u00e9gulation des hydrocarbures\u00a0: Amine Remini nouveau pr\u00e9sident - La Sentinelle\" \/>\n<meta property=\"og:description\" content=\"Amine Remini a \u00e9t\u00e9 install\u00e9, lundi \u00e0 Alger, en qualit\u00e9 de nouveau pr\u00e9sident de l&rsquo;Autorit\u00e9 de r\u00e9gulation des hydrocarbures (ARH),\" \/>\n<meta property=\"og:url\" content=\"https:\/\/lasentinelle.dz\/index.php\/2025\/09\/03\/autorite-de-regulation-des-hydrocarbures-amine-remini-nouveau-president\/\" \/>\n<meta property=\"og:site_name\" content=\"La Sentinelle\" \/>\n<meta property=\"article:publisher\" content=\"https:\/\/www.facebook.com\/La-Sentinelle-104059864394773\" \/>\n<meta property=\"article:published_time\" content=\"2025-09-03T12:17:11+00:00\" \/>\n<meta property=\"article:modified_time\" content=\"2025-09-03T12:17:14+00:00\" \/>\n<meta property=\"og:image\" content=\"https:\/\/lasentinelle.dz\/wp-content\/uploads\/2025\/09\/ARH.jpg\" \/>\n\t<meta property=\"og:image:width\" content=\"1329\" \/>\n\t<meta property=\"og:image:height\" content=\"960\" \/>\n\t<meta property=\"og:image:type\" content=\"image\/jpeg\" \/>\n<meta name=\"author\" content=\"admin\" \/>\n<meta name=\"twitter:card\" content=\"summary_large_image\" \/>\n<meta name=\"twitter:label1\" content=\"\u00c9crit par\" \/>\n\t<meta name=\"twitter:data1\" content=\"admin\" \/>\n\t<meta name=\"twitter:label2\" content=\"Dur\u00e9e de lecture estim\u00e9e\" \/>\n\t<meta name=\"twitter:data2\" content=\"4 minutes\" \/>\n<script type=\"application\/ld+json\" class=\"yoast-schema-graph\">{\"@context\":\"https:\\\/\\\/schema.org\",\"@graph\":[{\"@type\":\"Article\",\"@id\":\"https:\\\/\\\/lasentinelle.dz\\\/index.php\\\/2025\\\/09\\\/03\\\/autorite-de-regulation-des-hydrocarbures-amine-remini-nouveau-president\\\/#article\",\"isPartOf\":{\"@id\":\"https:\\\/\\\/lasentinelle.dz\\\/index.php\\\/2025\\\/09\\\/03\\\/autorite-de-regulation-des-hydrocarbures-amine-remini-nouveau-president\\\/\"},\"author\":{\"name\":\"admin\",\"@id\":\"https:\\\/\\\/lasentinelle.dz\\\/#\\\/schema\\\/person\\\/729ee0024f24e0b8c5ec17232f8e8b41\"},\"headline\":\"Autorit\u00e9 de r\u00e9gulation des hydrocarbures\u00a0: Amine Remini nouveau pr\u00e9sident\",\"datePublished\":\"2025-09-03T12:17:11+00:00\",\"dateModified\":\"2025-09-03T12:17:14+00:00\",\"mainEntityOfPage\":{\"@id\":\"https:\\\/\\\/lasentinelle.dz\\\/index.php\\\/2025\\\/09\\\/03\\\/autorite-de-regulation-des-hydrocarbures-amine-remini-nouveau-president\\\/\"},\"wordCount\":697,\"commentCount\":0,\"publisher\":{\"@id\":\"https:\\\/\\\/lasentinelle.dz\\\/#organization\"},\"image\":{\"@id\":\"https:\\\/\\\/lasentinelle.dz\\\/index.php\\\/2025\\\/09\\\/03\\\/autorite-de-regulation-des-hydrocarbures-amine-remini-nouveau-president\\\/#primaryimage\"},\"thumbnailUrl\":\"https:\\\/\\\/lasentinelle.dz\\\/wp-content\\\/uploads\\\/2025\\\/09\\\/ARH.jpg\",\"articleSection\":[\"\u00c9conomie\"],\"inLanguage\":\"fr-FR\",\"potentialAction\":[{\"@type\":\"CommentAction\",\"name\":\"Comment\",\"target\":[\"https:\\\/\\\/lasentinelle.dz\\\/index.php\\\/2025\\\/09\\\/03\\\/autorite-de-regulation-des-hydrocarbures-amine-remini-nouveau-president\\\/#respond\"]}]},{\"@type\":\"WebPage\",\"@id\":\"https:\\\/\\\/lasentinelle.dz\\\/index.php\\\/2025\\\/09\\\/03\\\/autorite-de-regulation-des-hydrocarbures-amine-remini-nouveau-president\\\/\",\"url\":\"https:\\\/\\\/lasentinelle.dz\\\/index.php\\\/2025\\\/09\\\/03\\\/autorite-de-regulation-des-hydrocarbures-amine-remini-nouveau-president\\\/\",\"name\":\"Autorit\u00e9 de r\u00e9gulation des hydrocarbures\u00a0: Amine Remini nouveau pr\u00e9sident - La Sentinelle\",\"isPartOf\":{\"@id\":\"https:\\\/\\\/lasentinelle.dz\\\/#website\"},\"primaryImageOfPage\":{\"@id\":\"https:\\\/\\\/lasentinelle.dz\\\/index.php\\\/2025\\\/09\\\/03\\\/autorite-de-regulation-des-hydrocarbures-amine-remini-nouveau-president\\\/#primaryimage\"},\"image\":{\"@id\":\"https:\\\/\\\/lasentinelle.dz\\\/index.php\\\/2025\\\/09\\\/03\\\/autorite-de-regulation-des-hydrocarbures-amine-remini-nouveau-president\\\/#primaryimage\"},\"thumbnailUrl\":\"https:\\\/\\\/lasentinelle.dz\\\/wp-content\\\/uploads\\\/2025\\\/09\\\/ARH.jpg\",\"datePublished\":\"2025-09-03T12:17:11+00:00\",\"dateModified\":\"2025-09-03T12:17:14+00:00\",\"breadcrumb\":{\"@id\":\"https:\\\/\\\/lasentinelle.dz\\\/index.php\\\/2025\\\/09\\\/03\\\/autorite-de-regulation-des-hydrocarbures-amine-remini-nouveau-president\\\/#breadcrumb\"},\"inLanguage\":\"fr-FR\",\"potentialAction\":[{\"@type\":\"ReadAction\",\"target\":[\"https:\\\/\\\/lasentinelle.dz\\\/index.php\\\/2025\\\/09\\\/03\\\/autorite-de-regulation-des-hydrocarbures-amine-remini-nouveau-president\\\/\"]}]},{\"@type\":\"ImageObject\",\"inLanguage\":\"fr-FR\",\"@id\":\"https:\\\/\\\/lasentinelle.dz\\\/index.php\\\/2025\\\/09\\\/03\\\/autorite-de-regulation-des-hydrocarbures-amine-remini-nouveau-president\\\/#primaryimage\",\"url\":\"https:\\\/\\\/lasentinelle.dz\\\/wp-content\\\/uploads\\\/2025\\\/09\\\/ARH.jpg\",\"contentUrl\":\"https:\\\/\\\/lasentinelle.dz\\\/wp-content\\\/uploads\\\/2025\\\/09\\\/ARH.jpg\",\"width\":1329,\"height\":960},{\"@type\":\"BreadcrumbList\",\"@id\":\"https:\\\/\\\/lasentinelle.dz\\\/index.php\\\/2025\\\/09\\\/03\\\/autorite-de-regulation-des-hydrocarbures-amine-remini-nouveau-president\\\/#breadcrumb\",\"itemListElement\":[{\"@type\":\"ListItem\",\"position\":1,\"name\":\"Accueil\",\"item\":\"https:\\\/\\\/lasentinelle.dz\\\/\"},{\"@type\":\"ListItem\",\"position\":2,\"name\":\"Autorit\u00e9 de r\u00e9gulation des hydrocarbures\u00a0: Amine Remini nouveau pr\u00e9sident\"}]},{\"@type\":\"WebSite\",\"@id\":\"https:\\\/\\\/lasentinelle.dz\\\/#website\",\"url\":\"https:\\\/\\\/lasentinelle.dz\\\/\",\"name\":\"La Sentinelle\",\"description\":\"Quotidien national d&#039;information\",\"publisher\":{\"@id\":\"https:\\\/\\\/lasentinelle.dz\\\/#organization\"},\"potentialAction\":[{\"@type\":\"SearchAction\",\"target\":{\"@type\":\"EntryPoint\",\"urlTemplate\":\"https:\\\/\\\/lasentinelle.dz\\\/?s={search_term_string}\"},\"query-input\":{\"@type\":\"PropertyValueSpecification\",\"valueRequired\":true,\"valueName\":\"search_term_string\"}}],\"inLanguage\":\"fr-FR\"},{\"@type\":\"Organization\",\"@id\":\"https:\\\/\\\/lasentinelle.dz\\\/#organization\",\"name\":\"Quotidien La Sentinelle\",\"url\":\"https:\\\/\\\/lasentinelle.dz\\\/\",\"logo\":{\"@type\":\"ImageObject\",\"inLanguage\":\"fr-FR\",\"@id\":\"https:\\\/\\\/lasentinelle.dz\\\/#\\\/schema\\\/logo\\\/image\\\/\",\"url\":\"https:\\\/\\\/lasentinelle.dz\\\/wp-content\\\/uploads\\\/2021\\\/09\\\/logo-sentinelleSLOGAN-1.png\",\"contentUrl\":\"https:\\\/\\\/lasentinelle.dz\\\/wp-content\\\/uploads\\\/2021\\\/09\\\/logo-sentinelleSLOGAN-1.png\",\"width\":615,\"height\":142,\"caption\":\"Quotidien La Sentinelle\"},\"image\":{\"@id\":\"https:\\\/\\\/lasentinelle.dz\\\/#\\\/schema\\\/logo\\\/image\\\/\"},\"sameAs\":[\"https:\\\/\\\/www.facebook.com\\\/La-Sentinelle-104059864394773\"]},{\"@type\":\"Person\",\"@id\":\"https:\\\/\\\/lasentinelle.dz\\\/#\\\/schema\\\/person\\\/729ee0024f24e0b8c5ec17232f8e8b41\",\"name\":\"admin\",\"image\":{\"@type\":\"ImageObject\",\"inLanguage\":\"fr-FR\",\"@id\":\"https:\\\/\\\/secure.gravatar.com\\\/avatar\\\/4c81fed838786e9b53f540bf46533e750f5d292099ae3b66cfc6fb1982e29df7?s=96&d=mm&r=g\",\"url\":\"https:\\\/\\\/secure.gravatar.com\\\/avatar\\\/4c81fed838786e9b53f540bf46533e750f5d292099ae3b66cfc6fb1982e29df7?s=96&d=mm&r=g\",\"contentUrl\":\"https:\\\/\\\/secure.gravatar.com\\\/avatar\\\/4c81fed838786e9b53f540bf46533e750f5d292099ae3b66cfc6fb1982e29df7?s=96&d=mm&r=g\",\"caption\":\"admin\"},\"description\":\"admin\",\"url\":\"https:\\\/\\\/lasentinelle.dz\\\/author\\\/admin\\\/\"}]}<\/script>\n<!-- \/ Yoast SEO plugin. -->","yoast_head_json":{"title":"Autorit\u00e9 de r\u00e9gulation des hydrocarbures\u00a0: Amine Remini nouveau pr\u00e9sident - La Sentinelle","robots":{"index":"index","follow":"follow","max-snippet":"max-snippet:-1","max-image-preview":"max-image-preview:large","max-video-preview":"max-video-preview:-1"},"canonical":"https:\/\/lasentinelle.dz\/index.php\/2025\/09\/03\/autorite-de-regulation-des-hydrocarbures-amine-remini-nouveau-president\/","og_locale":"fr_FR","og_type":"article","og_title":"Autorit\u00e9 de r\u00e9gulation des hydrocarbures\u00a0: Amine Remini nouveau pr\u00e9sident - La Sentinelle","og_description":"Amine Remini a \u00e9t\u00e9 install\u00e9, lundi \u00e0 Alger, en qualit\u00e9 de nouveau pr\u00e9sident de l&rsquo;Autorit\u00e9 de r\u00e9gulation des hydrocarbures (ARH),","og_url":"https:\/\/lasentinelle.dz\/index.php\/2025\/09\/03\/autorite-de-regulation-des-hydrocarbures-amine-remini-nouveau-president\/","og_site_name":"La Sentinelle","article_publisher":"https:\/\/www.facebook.com\/La-Sentinelle-104059864394773","article_published_time":"2025-09-03T12:17:11+00:00","article_modified_time":"2025-09-03T12:17:14+00:00","og_image":[{"width":1329,"height":960,"url":"https:\/\/lasentinelle.dz\/wp-content\/uploads\/2025\/09\/ARH.jpg","type":"image\/jpeg"}],"author":"admin","twitter_card":"summary_large_image","twitter_misc":{"\u00c9crit par":"admin","Dur\u00e9e de lecture estim\u00e9e":"4 minutes"},"schema":{"@context":"https:\/\/schema.org","@graph":[{"@type":"Article","@id":"https:\/\/lasentinelle.dz\/index.php\/2025\/09\/03\/autorite-de-regulation-des-hydrocarbures-amine-remini-nouveau-president\/#article","isPartOf":{"@id":"https:\/\/lasentinelle.dz\/index.php\/2025\/09\/03\/autorite-de-regulation-des-hydrocarbures-amine-remini-nouveau-president\/"},"author":{"name":"admin","@id":"https:\/\/lasentinelle.dz\/#\/schema\/person\/729ee0024f24e0b8c5ec17232f8e8b41"},"headline":"Autorit\u00e9 de r\u00e9gulation des hydrocarbures\u00a0: Amine Remini nouveau pr\u00e9sident","datePublished":"2025-09-03T12:17:11+00:00","dateModified":"2025-09-03T12:17:14+00:00","mainEntityOfPage":{"@id":"https:\/\/lasentinelle.dz\/index.php\/2025\/09\/03\/autorite-de-regulation-des-hydrocarbures-amine-remini-nouveau-president\/"},"wordCount":697,"commentCount":0,"publisher":{"@id":"https:\/\/lasentinelle.dz\/#organization"},"image":{"@id":"https:\/\/lasentinelle.dz\/index.php\/2025\/09\/03\/autorite-de-regulation-des-hydrocarbures-amine-remini-nouveau-president\/#primaryimage"},"thumbnailUrl":"https:\/\/lasentinelle.dz\/wp-content\/uploads\/2025\/09\/ARH.jpg","articleSection":["\u00c9conomie"],"inLanguage":"fr-FR","potentialAction":[{"@type":"CommentAction","name":"Comment","target":["https:\/\/lasentinelle.dz\/index.php\/2025\/09\/03\/autorite-de-regulation-des-hydrocarbures-amine-remini-nouveau-president\/#respond"]}]},{"@type":"WebPage","@id":"https:\/\/lasentinelle.dz\/index.php\/2025\/09\/03\/autorite-de-regulation-des-hydrocarbures-amine-remini-nouveau-president\/","url":"https:\/\/lasentinelle.dz\/index.php\/2025\/09\/03\/autorite-de-regulation-des-hydrocarbures-amine-remini-nouveau-president\/","name":"Autorit\u00e9 de r\u00e9gulation des hydrocarbures\u00a0: Amine Remini nouveau pr\u00e9sident - La Sentinelle","isPartOf":{"@id":"https:\/\/lasentinelle.dz\/#website"},"primaryImageOfPage":{"@id":"https:\/\/lasentinelle.dz\/index.php\/2025\/09\/03\/autorite-de-regulation-des-hydrocarbures-amine-remini-nouveau-president\/#primaryimage"},"image":{"@id":"https:\/\/lasentinelle.dz\/index.php\/2025\/09\/03\/autorite-de-regulation-des-hydrocarbures-amine-remini-nouveau-president\/#primaryimage"},"thumbnailUrl":"https:\/\/lasentinelle.dz\/wp-content\/uploads\/2025\/09\/ARH.jpg","datePublished":"2025-09-03T12:17:11+00:00","dateModified":"2025-09-03T12:17:14+00:00","breadcrumb":{"@id":"https:\/\/lasentinelle.dz\/index.php\/2025\/09\/03\/autorite-de-regulation-des-hydrocarbures-amine-remini-nouveau-president\/#breadcrumb"},"inLanguage":"fr-FR","potentialAction":[{"@type":"ReadAction","target":["https:\/\/lasentinelle.dz\/index.php\/2025\/09\/03\/autorite-de-regulation-des-hydrocarbures-amine-remini-nouveau-president\/"]}]},{"@type":"ImageObject","inLanguage":"fr-FR","@id":"https:\/\/lasentinelle.dz\/index.php\/2025\/09\/03\/autorite-de-regulation-des-hydrocarbures-amine-remini-nouveau-president\/#primaryimage","url":"https:\/\/lasentinelle.dz\/wp-content\/uploads\/2025\/09\/ARH.jpg","contentUrl":"https:\/\/lasentinelle.dz\/wp-content\/uploads\/2025\/09\/ARH.jpg","width":1329,"height":960},{"@type":"BreadcrumbList","@id":"https:\/\/lasentinelle.dz\/index.php\/2025\/09\/03\/autorite-de-regulation-des-hydrocarbures-amine-remini-nouveau-president\/#breadcrumb","itemListElement":[{"@type":"ListItem","position":1,"name":"Accueil","item":"https:\/\/lasentinelle.dz\/"},{"@type":"ListItem","position":2,"name":"Autorit\u00e9 de r\u00e9gulation des hydrocarbures\u00a0: Amine Remini nouveau pr\u00e9sident"}]},{"@type":"WebSite","@id":"https:\/\/lasentinelle.dz\/#website","url":"https:\/\/lasentinelle.dz\/","name":"La Sentinelle","description":"Quotidien national d&#039;information","publisher":{"@id":"https:\/\/lasentinelle.dz\/#organization"},"potentialAction":[{"@type":"SearchAction","target":{"@type":"EntryPoint","urlTemplate":"https:\/\/lasentinelle.dz\/?s={search_term_string}"},"query-input":{"@type":"PropertyValueSpecification","valueRequired":true,"valueName":"search_term_string"}}],"inLanguage":"fr-FR"},{"@type":"Organization","@id":"https:\/\/lasentinelle.dz\/#organization","name":"Quotidien La Sentinelle","url":"https:\/\/lasentinelle.dz\/","logo":{"@type":"ImageObject","inLanguage":"fr-FR","@id":"https:\/\/lasentinelle.dz\/#\/schema\/logo\/image\/","url":"https:\/\/lasentinelle.dz\/wp-content\/uploads\/2021\/09\/logo-sentinelleSLOGAN-1.png","contentUrl":"https:\/\/lasentinelle.dz\/wp-content\/uploads\/2021\/09\/logo-sentinelleSLOGAN-1.png","width":615,"height":142,"caption":"Quotidien La Sentinelle"},"image":{"@id":"https:\/\/lasentinelle.dz\/#\/schema\/logo\/image\/"},"sameAs":["https:\/\/www.facebook.com\/La-Sentinelle-104059864394773"]},{"@type":"Person","@id":"https:\/\/lasentinelle.dz\/#\/schema\/person\/729ee0024f24e0b8c5ec17232f8e8b41","name":"admin","image":{"@type":"ImageObject","inLanguage":"fr-FR","@id":"https:\/\/secure.gravatar.com\/avatar\/4c81fed838786e9b53f540bf46533e750f5d292099ae3b66cfc6fb1982e29df7?s=96&d=mm&r=g","url":"https:\/\/secure.gravatar.com\/avatar\/4c81fed838786e9b53f540bf46533e750f5d292099ae3b66cfc6fb1982e29df7?s=96&d=mm&r=g","contentUrl":"https:\/\/secure.gravatar.com\/avatar\/4c81fed838786e9b53f540bf46533e750f5d292099ae3b66cfc6fb1982e29df7?s=96&d=mm&r=g","caption":"admin"},"description":"admin","url":"https:\/\/lasentinelle.dz\/author\/admin\/"}]}},"_links":{"self":[{"href":"https:\/\/lasentinelle.dz\/index.php\/wp-json\/wp\/v2\/posts\/72837","targetHints":{"allow":["GET"]}}],"collection":[{"href":"https:\/\/lasentinelle.dz\/index.php\/wp-json\/wp\/v2\/posts"}],"about":[{"href":"https:\/\/lasentinelle.dz\/index.php\/wp-json\/wp\/v2\/types\/post"}],"author":[{"embeddable":true,"href":"https:\/\/lasentinelle.dz\/index.php\/wp-json\/wp\/v2\/users\/6"}],"replies":[{"embeddable":true,"href":"https:\/\/lasentinelle.dz\/index.php\/wp-json\/wp\/v2\/comments?post=72837"}],"version-history":[{"count":1,"href":"https:\/\/lasentinelle.dz\/index.php\/wp-json\/wp\/v2\/posts\/72837\/revisions"}],"predecessor-version":[{"id":72839,"href":"https:\/\/lasentinelle.dz\/index.php\/wp-json\/wp\/v2\/posts\/72837\/revisions\/72839"}],"wp:featuredmedia":[{"embeddable":true,"href":"https:\/\/lasentinelle.dz\/index.php\/wp-json\/wp\/v2\/media\/72838"}],"wp:attachment":[{"href":"https:\/\/lasentinelle.dz\/index.php\/wp-json\/wp\/v2\/media?parent=72837"}],"wp:term":[{"taxonomy":"category","embeddable":true,"href":"https:\/\/lasentinelle.dz\/index.php\/wp-json\/wp\/v2\/categories?post=72837"},{"taxonomy":"post_tag","embeddable":true,"href":"https:\/\/lasentinelle.dz\/index.php\/wp-json\/wp\/v2\/tags?post=72837"}],"curies":[{"name":"wp","href":"https:\/\/api.w.org\/{rel}","templated":true}]}}