{"id":72848,"date":"2025-09-03T13:20:46","date_gmt":"2025-09-03T12:20:46","guid":{"rendered":"https:\/\/lasentinelle.dz\/?p=72848"},"modified":"2025-09-03T13:20:47","modified_gmt":"2025-09-03T12:20:47","slug":"mawlid-ennabaoui-la-protection-civile-lance-une-vaste-campagne-de-sensibilisation","status":"publish","type":"post","link":"https:\/\/lasentinelle.dz\/index.php\/2025\/09\/03\/mawlid-ennabaoui-la-protection-civile-lance-une-vaste-campagne-de-sensibilisation\/","title":{"rendered":"Mawlid Ennabaoui\u00a0: La Protection civile lance une vaste campagne de sensibilisation"},"content":{"rendered":"\n<p>\u00c0 l&rsquo;approche des c\u00e9l\u00e9brations du Mawlid Ennabaoui, la Direction g\u00e9n\u00e9rale de la Protection civile a lanc\u00e9 mardi une campagne de sensibilisation d&rsquo;envergure sur les risques li\u00e9s \u00e0 l&rsquo;utilisation des produits pyrotechniques et des bougies. La campagne de sensibilisation, qui porte \u00ab\u00a0sur les diff\u00e9rents risques g\u00e9n\u00e9r\u00e9s par l&rsquo;utilisation des produits pyrotechniques et des bougies\u00a0\u00bb, sera \u00ab\u00a0accentu\u00e9e sur la sensibilisation de la frange la plus vuln\u00e9rable, \u00e0 savoir les enfants\u00a0\u00bb. Cette action de pr\u00e9vention se d\u00e9ploiera \u00ab\u00a0\u00e0 travers le pr\u00eache du vendredi et au niveau des places publiques, en privil\u00e9giant les r\u00e9seaux sociaux et les diff\u00e9rents m\u00e9dias\u00a0\u00bb, selon le communiqu\u00e9 de l&rsquo;institution. La Protection civile invite particuli\u00e8rement les parents \u00e0 jouer un r\u00f4le actif dans cette sensibilisation en expliquant aux enfants les multiples dangers de ces produits prohib\u00e9s. Parmi les risques \u00e9num\u00e9r\u00e9s figurent \u00ab\u00a0le risque d&rsquo;explosion dans la main, br\u00fblure des yeux, perte d\u00e9finitive de l&rsquo;audition, amputations, inflammation des v\u00eatements, d\u00e9but d&rsquo;incendie\u00a0\u00bb. Ces accidents, souvent dramatiques, touchent chaque ann\u00e9e de nombreuses victimes, principalement des mineurs attir\u00e9s par l&rsquo;aspect festif de ces artifices sans mesurer leur dangerosit\u00e9. L&rsquo;institution rappelle fermement qu&rsquo;il est \u00ab\u00a0strictement interdit de les projeter sur les personnes, sur les voitures, les stations d&rsquo;essence et les habitations, notamment pr\u00e8s des h\u00f4pitaux et centres de soin\u00a0\u00bb. Cette interdiction vise \u00e0 pr\u00e9venir non seulement les blessures individuelles mais aussi les risques d&rsquo;incendies et d&rsquo;explosions qui peuvent avoir des cons\u00e9quences catastrophiques dans des lieux sensibles. La campagne s&rsquo;\u00e9tend \u00e9galement aux pr\u00e9cautions concernant l&rsquo;usage des bougies et cierges, traditionnellement utilis\u00e9s lors des c\u00e9l\u00e9brations religieuses. La Protection civile insiste sur le respect strict des \u00ab\u00a0consignes de s\u00e9curit\u00e9\u00a0\u00bb qui consistent \u00ab\u00a0\u00e0 les placer sur des supports stables et non inflammables et loin des tentures et des meubles, afin d&rsquo;\u00e9viter les incendies\u00a0\u00bb. L&rsquo;institution souligne cat\u00e9goriquement que \u00ab\u00a0les manipulations des bougies et cierges doivent se faire exclusivement par les adultes\u00a0\u00bb, pr\u00e9cisant que ces articles \u00ab\u00a0ainsi que les allumettes et les briquets doivent \u00eatre gard\u00e9s hors de port\u00e9e des enfants\u00a0\u00bb. Cette approche pr\u00e9ventive s&rsquo;appuie sur le constat alarmant des accidents domestiques li\u00e9s \u00e0 ces objets apparemment anodins mais potentiellement dangereux. Cette campagne de sensibilisation s&rsquo;inscrit dans un contexte o\u00f9 les forces de s\u00e9curit\u00e9 multiplient les op\u00e9rations contre la contrebande de produits pyrotechniques. La Protection civile rappelle aux citoyens que \u00ab\u00a0le num\u00e9ro de secours 14, ainsi que le num\u00e9ro vert 1021 sont mis \u00e0 la disposition des citoyens en cas d&rsquo;accident ou d&rsquo;incendie\u00a0\u00bb, insistant sur \u00ab\u00a0l&rsquo;importance de pr\u00e9ciser, lors de l&rsquo;appel, la nature du risque et l&rsquo;adresse exacte\u00a0\u00bb.<\/p>\n\n\n\n<p><strong>Chokri Hafed<\/strong><\/p>\n","protected":false},"excerpt":{"rendered":"<p>\u00c0 l&rsquo;approche des c\u00e9l\u00e9brations du Mawlid Ennabaoui, la Direction g\u00e9n\u00e9rale de la Protection civile a lanc\u00e9 mardi une campagne de<\/p>\n","protected":false},"author":6,"featured_media":0,"comment_status":"open","ping_status":"closed","sticky":false,"template":"","format":"standard","meta":{"colormag_page_container_layout":"default_layout","colormag_page_sidebar_layout":"default_layout","om_disable_all_campaigns":false,"_monsterinsights_skip_tracking":false,"_monsterinsights_sitenote_active":false,"_monsterinsights_sitenote_note":"","_monsterinsights_sitenote_category":0,"footnotes":"","_wpscppro_dont_share_socialmedia":false,"_wpscppro_custom_social_share_image":0,"_facebook_share_type":"default","_twitter_share_type":"default","_linkedin_share_type":"default","_pinterest_share_type":"default","_linkedin_share_type_page":"","_instagram_share_type":"default","_medium_share_type":"default","_threads_share_type":"default","_google_business_share_type":"default","_selected_social_profile":[],"_wpsp_enable_custom_social_template":false,"_wpsp_social_scheduling":{"enabled":false,"datetime":null,"platforms":[],"status":"template_only","dateOption":"today","timeOption":"now","customDays":"","customHours":"","customDate":"","customTime":"","schedulingType":"absolute"},"_wpsp_active_default_template":true},"categories":[27],"tags":[],"class_list":["post-72848","post","type-post","status-publish","format-standard","hentry","category-actualite"],"aioseo_notices":[],"yoast_head":"<!-- This site is optimized with the Yoast SEO plugin v27.5 - https:\/\/yoast.com\/product\/yoast-seo-wordpress\/ -->\n<title>Mawlid Ennabaoui\u00a0: La Protection civile lance une vaste campagne de sensibilisation - La Sentinelle<\/title>\n<meta name=\"robots\" content=\"index, follow, max-snippet:-1, max-image-preview:large, max-video-preview:-1\" \/>\n<link rel=\"canonical\" href=\"https:\/\/lasentinelle.dz\/index.php\/2025\/09\/03\/mawlid-ennabaoui-la-protection-civile-lance-une-vaste-campagne-de-sensibilisation\/\" \/>\n<meta property=\"og:locale\" content=\"fr_FR\" \/>\n<meta property=\"og:type\" content=\"article\" \/>\n<meta property=\"og:title\" content=\"Mawlid Ennabaoui\u00a0: La Protection civile lance une vaste campagne de sensibilisation - La Sentinelle\" \/>\n<meta property=\"og:description\" content=\"\u00c0 l&rsquo;approche des c\u00e9l\u00e9brations du Mawlid Ennabaoui, la Direction g\u00e9n\u00e9rale de la Protection civile a lanc\u00e9 mardi une campagne de\" \/>\n<meta property=\"og:url\" content=\"https:\/\/lasentinelle.dz\/index.php\/2025\/09\/03\/mawlid-ennabaoui-la-protection-civile-lance-une-vaste-campagne-de-sensibilisation\/\" \/>\n<meta property=\"og:site_name\" content=\"La Sentinelle\" \/>\n<meta property=\"article:publisher\" content=\"https:\/\/www.facebook.com\/La-Sentinelle-104059864394773\" \/>\n<meta property=\"article:published_time\" content=\"2025-09-03T12:20:46+00:00\" \/>\n<meta property=\"article:modified_time\" content=\"2025-09-03T12:20:47+00:00\" \/>\n<meta name=\"author\" content=\"admin\" \/>\n<meta name=\"twitter:card\" content=\"summary_large_image\" \/>\n<meta name=\"twitter:label1\" content=\"\u00c9crit par\" \/>\n\t<meta name=\"twitter:data1\" content=\"admin\" \/>\n\t<meta name=\"twitter:label2\" content=\"Dur\u00e9e de lecture estim\u00e9e\" \/>\n\t<meta name=\"twitter:data2\" content=\"3 minutes\" \/>\n<script type=\"application\/ld+json\" class=\"yoast-schema-graph\">{\"@context\":\"https:\\\/\\\/schema.org\",\"@graph\":[{\"@type\":\"Article\",\"@id\":\"https:\\\/\\\/lasentinelle.dz\\\/index.php\\\/2025\\\/09\\\/03\\\/mawlid-ennabaoui-la-protection-civile-lance-une-vaste-campagne-de-sensibilisation\\\/#article\",\"isPartOf\":{\"@id\":\"https:\\\/\\\/lasentinelle.dz\\\/index.php\\\/2025\\\/09\\\/03\\\/mawlid-ennabaoui-la-protection-civile-lance-une-vaste-campagne-de-sensibilisation\\\/\"},\"author\":{\"name\":\"admin\",\"@id\":\"https:\\\/\\\/lasentinelle.dz\\\/#\\\/schema\\\/person\\\/729ee0024f24e0b8c5ec17232f8e8b41\"},\"headline\":\"Mawlid Ennabaoui\u00a0: La Protection civile lance une vaste campagne de sensibilisation\",\"datePublished\":\"2025-09-03T12:20:46+00:00\",\"dateModified\":\"2025-09-03T12:20:47+00:00\",\"mainEntityOfPage\":{\"@id\":\"https:\\\/\\\/lasentinelle.dz\\\/index.php\\\/2025\\\/09\\\/03\\\/mawlid-ennabaoui-la-protection-civile-lance-une-vaste-campagne-de-sensibilisation\\\/\"},\"wordCount\":483,\"commentCount\":0,\"publisher\":{\"@id\":\"https:\\\/\\\/lasentinelle.dz\\\/#organization\"},\"articleSection\":[\"Actualit\u00e9\"],\"inLanguage\":\"fr-FR\",\"potentialAction\":[{\"@type\":\"CommentAction\",\"name\":\"Comment\",\"target\":[\"https:\\\/\\\/lasentinelle.dz\\\/index.php\\\/2025\\\/09\\\/03\\\/mawlid-ennabaoui-la-protection-civile-lance-une-vaste-campagne-de-sensibilisation\\\/#respond\"]}]},{\"@type\":\"WebPage\",\"@id\":\"https:\\\/\\\/lasentinelle.dz\\\/index.php\\\/2025\\\/09\\\/03\\\/mawlid-ennabaoui-la-protection-civile-lance-une-vaste-campagne-de-sensibilisation\\\/\",\"url\":\"https:\\\/\\\/lasentinelle.dz\\\/index.php\\\/2025\\\/09\\\/03\\\/mawlid-ennabaoui-la-protection-civile-lance-une-vaste-campagne-de-sensibilisation\\\/\",\"name\":\"Mawlid Ennabaoui\u00a0: La Protection civile lance une vaste campagne de sensibilisation - La Sentinelle\",\"isPartOf\":{\"@id\":\"https:\\\/\\\/lasentinelle.dz\\\/#website\"},\"datePublished\":\"2025-09-03T12:20:46+00:00\",\"dateModified\":\"2025-09-03T12:20:47+00:00\",\"breadcrumb\":{\"@id\":\"https:\\\/\\\/lasentinelle.dz\\\/index.php\\\/2025\\\/09\\\/03\\\/mawlid-ennabaoui-la-protection-civile-lance-une-vaste-campagne-de-sensibilisation\\\/#breadcrumb\"},\"inLanguage\":\"fr-FR\",\"potentialAction\":[{\"@type\":\"ReadAction\",\"target\":[\"https:\\\/\\\/lasentinelle.dz\\\/index.php\\\/2025\\\/09\\\/03\\\/mawlid-ennabaoui-la-protection-civile-lance-une-vaste-campagne-de-sensibilisation\\\/\"]}]},{\"@type\":\"BreadcrumbList\",\"@id\":\"https:\\\/\\\/lasentinelle.dz\\\/index.php\\\/2025\\\/09\\\/03\\\/mawlid-ennabaoui-la-protection-civile-lance-une-vaste-campagne-de-sensibilisation\\\/#breadcrumb\",\"itemListElement\":[{\"@type\":\"ListItem\",\"position\":1,\"name\":\"Accueil\",\"item\":\"https:\\\/\\\/lasentinelle.dz\\\/\"},{\"@type\":\"ListItem\",\"position\":2,\"name\":\"Mawlid Ennabaoui\u00a0: La Protection civile lance une vaste campagne de sensibilisation\"}]},{\"@type\":\"WebSite\",\"@id\":\"https:\\\/\\\/lasentinelle.dz\\\/#website\",\"url\":\"https:\\\/\\\/lasentinelle.dz\\\/\",\"name\":\"La Sentinelle\",\"description\":\"Quotidien national d&#039;information\",\"publisher\":{\"@id\":\"https:\\\/\\\/lasentinelle.dz\\\/#organization\"},\"potentialAction\":[{\"@type\":\"SearchAction\",\"target\":{\"@type\":\"EntryPoint\",\"urlTemplate\":\"https:\\\/\\\/lasentinelle.dz\\\/?s={search_term_string}\"},\"query-input\":{\"@type\":\"PropertyValueSpecification\",\"valueRequired\":true,\"valueName\":\"search_term_string\"}}],\"inLanguage\":\"fr-FR\"},{\"@type\":\"Organization\",\"@id\":\"https:\\\/\\\/lasentinelle.dz\\\/#organization\",\"name\":\"Quotidien La Sentinelle\",\"url\":\"https:\\\/\\\/lasentinelle.dz\\\/\",\"logo\":{\"@type\":\"ImageObject\",\"inLanguage\":\"fr-FR\",\"@id\":\"https:\\\/\\\/lasentinelle.dz\\\/#\\\/schema\\\/logo\\\/image\\\/\",\"url\":\"https:\\\/\\\/lasentinelle.dz\\\/wp-content\\\/uploads\\\/2021\\\/09\\\/logo-sentinelleSLOGAN-1.png\",\"contentUrl\":\"https:\\\/\\\/lasentinelle.dz\\\/wp-content\\\/uploads\\\/2021\\\/09\\\/logo-sentinelleSLOGAN-1.png\",\"width\":615,\"height\":142,\"caption\":\"Quotidien La Sentinelle\"},\"image\":{\"@id\":\"https:\\\/\\\/lasentinelle.dz\\\/#\\\/schema\\\/logo\\\/image\\\/\"},\"sameAs\":[\"https:\\\/\\\/www.facebook.com\\\/La-Sentinelle-104059864394773\"]},{\"@type\":\"Person\",\"@id\":\"https:\\\/\\\/lasentinelle.dz\\\/#\\\/schema\\\/person\\\/729ee0024f24e0b8c5ec17232f8e8b41\",\"name\":\"admin\",\"image\":{\"@type\":\"ImageObject\",\"inLanguage\":\"fr-FR\",\"@id\":\"https:\\\/\\\/secure.gravatar.com\\\/avatar\\\/4c81fed838786e9b53f540bf46533e750f5d292099ae3b66cfc6fb1982e29df7?s=96&d=mm&r=g\",\"url\":\"https:\\\/\\\/secure.gravatar.com\\\/avatar\\\/4c81fed838786e9b53f540bf46533e750f5d292099ae3b66cfc6fb1982e29df7?s=96&d=mm&r=g\",\"contentUrl\":\"https:\\\/\\\/secure.gravatar.com\\\/avatar\\\/4c81fed838786e9b53f540bf46533e750f5d292099ae3b66cfc6fb1982e29df7?s=96&d=mm&r=g\",\"caption\":\"admin\"},\"description\":\"admin\",\"url\":\"https:\\\/\\\/lasentinelle.dz\\\/author\\\/admin\\\/\"}]}<\/script>\n<!-- \/ Yoast SEO plugin. -->","yoast_head_json":{"title":"Mawlid Ennabaoui\u00a0: La Protection civile lance une vaste campagne de sensibilisation - La Sentinelle","robots":{"index":"index","follow":"follow","max-snippet":"max-snippet:-1","max-image-preview":"max-image-preview:large","max-video-preview":"max-video-preview:-1"},"canonical":"https:\/\/lasentinelle.dz\/index.php\/2025\/09\/03\/mawlid-ennabaoui-la-protection-civile-lance-une-vaste-campagne-de-sensibilisation\/","og_locale":"fr_FR","og_type":"article","og_title":"Mawlid Ennabaoui\u00a0: La Protection civile lance une vaste campagne de sensibilisation - La Sentinelle","og_description":"\u00c0 l&rsquo;approche des c\u00e9l\u00e9brations du Mawlid Ennabaoui, la Direction g\u00e9n\u00e9rale de la Protection civile a lanc\u00e9 mardi une campagne de","og_url":"https:\/\/lasentinelle.dz\/index.php\/2025\/09\/03\/mawlid-ennabaoui-la-protection-civile-lance-une-vaste-campagne-de-sensibilisation\/","og_site_name":"La Sentinelle","article_publisher":"https:\/\/www.facebook.com\/La-Sentinelle-104059864394773","article_published_time":"2025-09-03T12:20:46+00:00","article_modified_time":"2025-09-03T12:20:47+00:00","author":"admin","twitter_card":"summary_large_image","twitter_misc":{"\u00c9crit par":"admin","Dur\u00e9e de lecture estim\u00e9e":"3 minutes"},"schema":{"@context":"https:\/\/schema.org","@graph":[{"@type":"Article","@id":"https:\/\/lasentinelle.dz\/index.php\/2025\/09\/03\/mawlid-ennabaoui-la-protection-civile-lance-une-vaste-campagne-de-sensibilisation\/#article","isPartOf":{"@id":"https:\/\/lasentinelle.dz\/index.php\/2025\/09\/03\/mawlid-ennabaoui-la-protection-civile-lance-une-vaste-campagne-de-sensibilisation\/"},"author":{"name":"admin","@id":"https:\/\/lasentinelle.dz\/#\/schema\/person\/729ee0024f24e0b8c5ec17232f8e8b41"},"headline":"Mawlid Ennabaoui\u00a0: La Protection civile lance une vaste campagne de sensibilisation","datePublished":"2025-09-03T12:20:46+00:00","dateModified":"2025-09-03T12:20:47+00:00","mainEntityOfPage":{"@id":"https:\/\/lasentinelle.dz\/index.php\/2025\/09\/03\/mawlid-ennabaoui-la-protection-civile-lance-une-vaste-campagne-de-sensibilisation\/"},"wordCount":483,"commentCount":0,"publisher":{"@id":"https:\/\/lasentinelle.dz\/#organization"},"articleSection":["Actualit\u00e9"],"inLanguage":"fr-FR","potentialAction":[{"@type":"CommentAction","name":"Comment","target":["https:\/\/lasentinelle.dz\/index.php\/2025\/09\/03\/mawlid-ennabaoui-la-protection-civile-lance-une-vaste-campagne-de-sensibilisation\/#respond"]}]},{"@type":"WebPage","@id":"https:\/\/lasentinelle.dz\/index.php\/2025\/09\/03\/mawlid-ennabaoui-la-protection-civile-lance-une-vaste-campagne-de-sensibilisation\/","url":"https:\/\/lasentinelle.dz\/index.php\/2025\/09\/03\/mawlid-ennabaoui-la-protection-civile-lance-une-vaste-campagne-de-sensibilisation\/","name":"Mawlid Ennabaoui\u00a0: La Protection civile lance une vaste campagne de sensibilisation - La Sentinelle","isPartOf":{"@id":"https:\/\/lasentinelle.dz\/#website"},"datePublished":"2025-09-03T12:20:46+00:00","dateModified":"2025-09-03T12:20:47+00:00","breadcrumb":{"@id":"https:\/\/lasentinelle.dz\/index.php\/2025\/09\/03\/mawlid-ennabaoui-la-protection-civile-lance-une-vaste-campagne-de-sensibilisation\/#breadcrumb"},"inLanguage":"fr-FR","potentialAction":[{"@type":"ReadAction","target":["https:\/\/lasentinelle.dz\/index.php\/2025\/09\/03\/mawlid-ennabaoui-la-protection-civile-lance-une-vaste-campagne-de-sensibilisation\/"]}]},{"@type":"BreadcrumbList","@id":"https:\/\/lasentinelle.dz\/index.php\/2025\/09\/03\/mawlid-ennabaoui-la-protection-civile-lance-une-vaste-campagne-de-sensibilisation\/#breadcrumb","itemListElement":[{"@type":"ListItem","position":1,"name":"Accueil","item":"https:\/\/lasentinelle.dz\/"},{"@type":"ListItem","position":2,"name":"Mawlid Ennabaoui\u00a0: La Protection civile lance une vaste campagne de sensibilisation"}]},{"@type":"WebSite","@id":"https:\/\/lasentinelle.dz\/#website","url":"https:\/\/lasentinelle.dz\/","name":"La Sentinelle","description":"Quotidien national d&#039;information","publisher":{"@id":"https:\/\/lasentinelle.dz\/#organization"},"potentialAction":[{"@type":"SearchAction","target":{"@type":"EntryPoint","urlTemplate":"https:\/\/lasentinelle.dz\/?s={search_term_string}"},"query-input":{"@type":"PropertyValueSpecification","valueRequired":true,"valueName":"search_term_string"}}],"inLanguage":"fr-FR"},{"@type":"Organization","@id":"https:\/\/lasentinelle.dz\/#organization","name":"Quotidien La Sentinelle","url":"https:\/\/lasentinelle.dz\/","logo":{"@type":"ImageObject","inLanguage":"fr-FR","@id":"https:\/\/lasentinelle.dz\/#\/schema\/logo\/image\/","url":"https:\/\/lasentinelle.dz\/wp-content\/uploads\/2021\/09\/logo-sentinelleSLOGAN-1.png","contentUrl":"https:\/\/lasentinelle.dz\/wp-content\/uploads\/2021\/09\/logo-sentinelleSLOGAN-1.png","width":615,"height":142,"caption":"Quotidien La Sentinelle"},"image":{"@id":"https:\/\/lasentinelle.dz\/#\/schema\/logo\/image\/"},"sameAs":["https:\/\/www.facebook.com\/La-Sentinelle-104059864394773"]},{"@type":"Person","@id":"https:\/\/lasentinelle.dz\/#\/schema\/person\/729ee0024f24e0b8c5ec17232f8e8b41","name":"admin","image":{"@type":"ImageObject","inLanguage":"fr-FR","@id":"https:\/\/secure.gravatar.com\/avatar\/4c81fed838786e9b53f540bf46533e750f5d292099ae3b66cfc6fb1982e29df7?s=96&d=mm&r=g","url":"https:\/\/secure.gravatar.com\/avatar\/4c81fed838786e9b53f540bf46533e750f5d292099ae3b66cfc6fb1982e29df7?s=96&d=mm&r=g","contentUrl":"https:\/\/secure.gravatar.com\/avatar\/4c81fed838786e9b53f540bf46533e750f5d292099ae3b66cfc6fb1982e29df7?s=96&d=mm&r=g","caption":"admin"},"description":"admin","url":"https:\/\/lasentinelle.dz\/author\/admin\/"}]}},"_links":{"self":[{"href":"https:\/\/lasentinelle.dz\/index.php\/wp-json\/wp\/v2\/posts\/72848","targetHints":{"allow":["GET"]}}],"collection":[{"href":"https:\/\/lasentinelle.dz\/index.php\/wp-json\/wp\/v2\/posts"}],"about":[{"href":"https:\/\/lasentinelle.dz\/index.php\/wp-json\/wp\/v2\/types\/post"}],"author":[{"embeddable":true,"href":"https:\/\/lasentinelle.dz\/index.php\/wp-json\/wp\/v2\/users\/6"}],"replies":[{"embeddable":true,"href":"https:\/\/lasentinelle.dz\/index.php\/wp-json\/wp\/v2\/comments?post=72848"}],"version-history":[{"count":1,"href":"https:\/\/lasentinelle.dz\/index.php\/wp-json\/wp\/v2\/posts\/72848\/revisions"}],"predecessor-version":[{"id":72849,"href":"https:\/\/lasentinelle.dz\/index.php\/wp-json\/wp\/v2\/posts\/72848\/revisions\/72849"}],"wp:attachment":[{"href":"https:\/\/lasentinelle.dz\/index.php\/wp-json\/wp\/v2\/media?parent=72848"}],"wp:term":[{"taxonomy":"category","embeddable":true,"href":"https:\/\/lasentinelle.dz\/index.php\/wp-json\/wp\/v2\/categories?post=72848"},{"taxonomy":"post_tag","embeddable":true,"href":"https:\/\/lasentinelle.dz\/index.php\/wp-json\/wp\/v2\/tags?post=72848"}],"curies":[{"name":"wp","href":"https:\/\/api.w.org\/{rel}","templated":true}]}}