{"id":72850,"date":"2025-09-03T13:21:28","date_gmt":"2025-09-03T12:21:28","guid":{"rendered":"https:\/\/lasentinelle.dz\/?p=72850"},"modified":"2025-09-03T13:21:30","modified_gmt":"2025-09-03T12:21:30","slug":"violence-contre-les-femmes-la-plateforme-himayati-lancee","status":"publish","type":"post","link":"https:\/\/lasentinelle.dz\/index.php\/2025\/09\/03\/violence-contre-les-femmes-la-plateforme-himayati-lancee\/","title":{"rendered":"Violence contre les femmes\u00a0: La plateforme \u00ab\u00a0Himayati\u00a0\u00bb lanc\u00e9e"},"content":{"rendered":"\n<p>L&rsquo;Alg\u00e9rie franchit une nouvelle \u00e9tape dans la lutte contre les violences faites aux femmes avec le lancement de \u00ab\u00a0Himayati\u00a0\u00bb, premi\u00e8re plateforme nationale sp\u00e9cialis\u00e9e dans leur prise en charge compl\u00e8te.<\/p>\n\n\n\n<p>Annonc\u00e9e lundi par le minist\u00e8re de la Solidarit\u00e9 nationale, de la Famille et de la Condition de la femme, cette plateforme num\u00e9rique permet aux victimes de signaler les faits, demander conseil ou soutien et se rapprocher des services concern\u00e9s. Cette initiative s&rsquo;inscrit dans le cadre de \u00ab\u00a0la poursuite des programmes de protection familiale mis en place par l&rsquo;\u00c9tat afin de renforcer la protection de la femme et la promotion de ses droits\u00a0\u00bb, pr\u00e9cise le communiqu\u00e9 du minist\u00e8re. La plateforme vise \u00e0 \u00ab\u00a0consolider les efforts nationaux consentis en mati\u00e8re de protection, de soutien et d&rsquo;accompagnement de la femme alg\u00e9rienne \u00e0 travers des services diversifi\u00e9s et int\u00e9gr\u00e9s\u00a0\u00bb. L&rsquo;espace num\u00e9rique assure \u00ab\u00a0une couverture compl\u00e8te pour toutes les femmes, dans toutes les r\u00e9gions et dans diff\u00e9rentes circonstances, gr\u00e2ce \u00e0 l&rsquo;interconnexion entre les diff\u00e9rents services de s\u00e9curit\u00e9 ainsi que ceux des secteurs de la justice et de la sant\u00e9\u00a0\u00bb. Cette approche int\u00e9gr\u00e9e constitue une r\u00e9ponse coordonn\u00e9e aux besoins des victimes, leur offrant un acc\u00e8s unifi\u00e9 aux diverses institutions comp\u00e9tentes. Au-del\u00e0 de sa fonction de signalement et d&rsquo;accompagnement, \u00ab\u00a0Himayati\u00a0\u00bb se veut \u00e9galement un espace de \u00ab\u00a0sensibilisation destin\u00e9 \u00e0 renforcer la solidarit\u00e9 et \u00e0 permettre \u00e0 la femme d&rsquo;assumer ses r\u00f4les sociaux et d&rsquo;\u00eatre prot\u00e9g\u00e9e, pour assurer une famille stable et une soci\u00e9t\u00e9 apais\u00e9e et prosp\u00e8re\u00a0\u00bb, pr\u00e9cise la m\u00eame source. &nbsp;Le lancement de cette plateforme intervient dans un contexte d&rsquo;intensification des campagnes de d\u00e9nonciation men\u00e9es par des femmes et des jeunes filles sur les r\u00e9seaux sociaux, qui partagent des t\u00e9moignages vid\u00e9o documentant les violences subies dans l&rsquo;espace public. Ces initiatives citoyennes ont contribu\u00e9 \u00e0 une prise de conscience collective sur l&rsquo;ampleur du ph\u00e9nom\u00e8ne.<\/p>\n\n\n\n<p>Cette nouvelle plateforme s&rsquo;ajoute \u00e0 un arsenal juridique et institutionnel d\u00e9j\u00e0 existant. L&rsquo;Alg\u00e9rie dispose notamment du num\u00e9ro vert 10-26 pour l&rsquo;accompagnement psychologique et social des victimes, de la possibilit\u00e9 de d\u00e9poser plainte via l&rsquo;application \u00ab\u00a0Allo Police\u00a0\u00bb ou encore aupr\u00e8s de la Gendarmerie nationale au 10-55. La plateforme \u00e9lectronique du parquet nyaba-e.justice.dz permet \u00e9galement de saisir directement l&rsquo;autorit\u00e9 judiciaire. Le dispositif de prise en charge comprend par ailleurs des centres d&rsquo;h\u00e9bergement comme \u00ab\u00a0Diar Rahma\u00a0\u00bb, des services de m\u00e9diation familiale et d&rsquo;orientation religieuse via la plateforme \u00ab\u00a0Fatwas des oul\u00e9mas d&rsquo;Alg\u00e9rie\u00a0\u00bb. L&rsquo;\u00c9tat propose \u00e9galement un accompagnement juridique, psychologique et social, compl\u00e9t\u00e9 par des programmes d&rsquo;insertion \u00e9conomique tels que le Fonds de pension alimentaire, le Fonds de soutien aux victimes de la traite des \u00eatres humains et l&rsquo;allocation forfaitaire de solidarit\u00e9.<\/p>\n\n\n\n<p>La dimension sanitaire n&rsquo;est pas n\u00e9glig\u00e9e avec des plateformes de consultation psychologique et familiale, une prise en charge m\u00e9dicale pour \u00e9tablir les pr\u00e9judices incluant les soins d&rsquo;urgence et les traitements psychologiques. Les centres de sant\u00e9 mentale accompagnent les victimes de traumatismes \u00e0 long terme. La loi du 2 juillet 2018 relative \u00e0 la sant\u00e9 oblige d&rsquo;ailleurs les professionnels de sant\u00e9 \u00e0 signaler les cas de violence dont ils ont connaissance. Le minist\u00e8re invite d\u2019ailleurs les citoyens \u00e0 consulter la plateforme pour plus d&rsquo;informations via le site web www.himayati.dz, confirmant ainsi l&rsquo;engagement de l&rsquo;\u00c9tat dans une approche globale et moderne de la protection des femmes contre toutes formes de violence.<\/p>\n\n\n\n<p>Lyna Larbi<\/p>\n","protected":false},"excerpt":{"rendered":"<p>L&rsquo;Alg\u00e9rie franchit une nouvelle \u00e9tape dans la lutte contre les violences faites aux femmes avec le lancement de \u00ab\u00a0Himayati\u00a0\u00bb, premi\u00e8re<\/p>\n","protected":false},"author":6,"featured_media":72851,"comment_status":"open","ping_status":"closed","sticky":false,"template":"","format":"standard","meta":{"colormag_page_container_layout":"default_layout","colormag_page_sidebar_layout":"default_layout","om_disable_all_campaigns":false,"_monsterinsights_skip_tracking":false,"_monsterinsights_sitenote_active":false,"_monsterinsights_sitenote_note":"","_monsterinsights_sitenote_category":0,"footnotes":"","_wpscppro_dont_share_socialmedia":false,"_wpscppro_custom_social_share_image":0,"_facebook_share_type":"default","_twitter_share_type":"default","_linkedin_share_type":"default","_pinterest_share_type":"default","_linkedin_share_type_page":"","_instagram_share_type":"default","_medium_share_type":"default","_threads_share_type":"default","_google_business_share_type":"default","_selected_social_profile":[],"_wpsp_enable_custom_social_template":false,"_wpsp_social_scheduling":{"enabled":false,"datetime":null,"platforms":[],"status":"template_only","dateOption":"today","timeOption":"now","customDays":"","customHours":"","customDate":"","customTime":"","schedulingType":"absolute"},"_wpsp_active_default_template":true},"categories":[52,27],"tags":[],"class_list":["post-72850","post","type-post","status-publish","format-standard","has-post-thumbnail","hentry","category-a-la-une","category-actualite"],"aioseo_notices":[],"yoast_head":"<!-- This site is optimized with the Yoast SEO plugin v27.5 - https:\/\/yoast.com\/product\/yoast-seo-wordpress\/ -->\n<title>Violence contre les femmes\u00a0: La plateforme \u00ab\u00a0Himayati\u00a0\u00bb lanc\u00e9e - La Sentinelle<\/title>\n<meta name=\"robots\" content=\"index, follow, max-snippet:-1, max-image-preview:large, max-video-preview:-1\" \/>\n<link rel=\"canonical\" href=\"https:\/\/lasentinelle.dz\/index.php\/2025\/09\/03\/violence-contre-les-femmes-la-plateforme-himayati-lancee\/\" \/>\n<meta property=\"og:locale\" content=\"fr_FR\" \/>\n<meta property=\"og:type\" content=\"article\" \/>\n<meta property=\"og:title\" content=\"Violence contre les femmes\u00a0: La plateforme \u00ab\u00a0Himayati\u00a0\u00bb lanc\u00e9e - La Sentinelle\" \/>\n<meta property=\"og:description\" content=\"L&rsquo;Alg\u00e9rie franchit une nouvelle \u00e9tape dans la lutte contre les violences faites aux femmes avec le lancement de \u00ab\u00a0Himayati\u00a0\u00bb, premi\u00e8re\" \/>\n<meta property=\"og:url\" content=\"https:\/\/lasentinelle.dz\/index.php\/2025\/09\/03\/violence-contre-les-femmes-la-plateforme-himayati-lancee\/\" \/>\n<meta property=\"og:site_name\" content=\"La Sentinelle\" \/>\n<meta property=\"article:publisher\" content=\"https:\/\/www.facebook.com\/La-Sentinelle-104059864394773\" \/>\n<meta property=\"article:published_time\" content=\"2025-09-03T12:21:28+00:00\" \/>\n<meta property=\"article:modified_time\" content=\"2025-09-03T12:21:30+00:00\" \/>\n<meta property=\"og:image\" content=\"https:\/\/lasentinelle.dz\/wp-content\/uploads\/2025\/09\/himayati.jpg\" \/>\n\t<meta property=\"og:image:width\" content=\"580\" \/>\n\t<meta property=\"og:image:height\" content=\"350\" \/>\n\t<meta property=\"og:image:type\" content=\"image\/jpeg\" \/>\n<meta name=\"author\" content=\"admin\" \/>\n<meta name=\"twitter:card\" content=\"summary_large_image\" \/>\n<meta name=\"twitter:label1\" content=\"\u00c9crit par\" \/>\n\t<meta name=\"twitter:data1\" content=\"admin\" \/>\n\t<meta name=\"twitter:label2\" content=\"Dur\u00e9e de lecture estim\u00e9e\" \/>\n\t<meta name=\"twitter:data2\" content=\"3 minutes\" \/>\n<script type=\"application\/ld+json\" class=\"yoast-schema-graph\">{\"@context\":\"https:\\\/\\\/schema.org\",\"@graph\":[{\"@type\":\"Article\",\"@id\":\"https:\\\/\\\/lasentinelle.dz\\\/index.php\\\/2025\\\/09\\\/03\\\/violence-contre-les-femmes-la-plateforme-himayati-lancee\\\/#article\",\"isPartOf\":{\"@id\":\"https:\\\/\\\/lasentinelle.dz\\\/index.php\\\/2025\\\/09\\\/03\\\/violence-contre-les-femmes-la-plateforme-himayati-lancee\\\/\"},\"author\":{\"name\":\"admin\",\"@id\":\"https:\\\/\\\/lasentinelle.dz\\\/#\\\/schema\\\/person\\\/729ee0024f24e0b8c5ec17232f8e8b41\"},\"headline\":\"Violence contre les femmes\u00a0: La plateforme \u00ab\u00a0Himayati\u00a0\u00bb lanc\u00e9e\",\"datePublished\":\"2025-09-03T12:21:28+00:00\",\"dateModified\":\"2025-09-03T12:21:30+00:00\",\"mainEntityOfPage\":{\"@id\":\"https:\\\/\\\/lasentinelle.dz\\\/index.php\\\/2025\\\/09\\\/03\\\/violence-contre-les-femmes-la-plateforme-himayati-lancee\\\/\"},\"wordCount\":622,\"commentCount\":0,\"publisher\":{\"@id\":\"https:\\\/\\\/lasentinelle.dz\\\/#organization\"},\"image\":{\"@id\":\"https:\\\/\\\/lasentinelle.dz\\\/index.php\\\/2025\\\/09\\\/03\\\/violence-contre-les-femmes-la-plateforme-himayati-lancee\\\/#primaryimage\"},\"thumbnailUrl\":\"https:\\\/\\\/lasentinelle.dz\\\/wp-content\\\/uploads\\\/2025\\\/09\\\/himayati.jpg\",\"articleSection\":[\"\u00c0 la Une\",\"Actualit\u00e9\"],\"inLanguage\":\"fr-FR\",\"potentialAction\":[{\"@type\":\"CommentAction\",\"name\":\"Comment\",\"target\":[\"https:\\\/\\\/lasentinelle.dz\\\/index.php\\\/2025\\\/09\\\/03\\\/violence-contre-les-femmes-la-plateforme-himayati-lancee\\\/#respond\"]}]},{\"@type\":\"WebPage\",\"@id\":\"https:\\\/\\\/lasentinelle.dz\\\/index.php\\\/2025\\\/09\\\/03\\\/violence-contre-les-femmes-la-plateforme-himayati-lancee\\\/\",\"url\":\"https:\\\/\\\/lasentinelle.dz\\\/index.php\\\/2025\\\/09\\\/03\\\/violence-contre-les-femmes-la-plateforme-himayati-lancee\\\/\",\"name\":\"Violence contre les femmes\u00a0: La plateforme \u00ab\u00a0Himayati\u00a0\u00bb lanc\u00e9e - La Sentinelle\",\"isPartOf\":{\"@id\":\"https:\\\/\\\/lasentinelle.dz\\\/#website\"},\"primaryImageOfPage\":{\"@id\":\"https:\\\/\\\/lasentinelle.dz\\\/index.php\\\/2025\\\/09\\\/03\\\/violence-contre-les-femmes-la-plateforme-himayati-lancee\\\/#primaryimage\"},\"image\":{\"@id\":\"https:\\\/\\\/lasentinelle.dz\\\/index.php\\\/2025\\\/09\\\/03\\\/violence-contre-les-femmes-la-plateforme-himayati-lancee\\\/#primaryimage\"},\"thumbnailUrl\":\"https:\\\/\\\/lasentinelle.dz\\\/wp-content\\\/uploads\\\/2025\\\/09\\\/himayati.jpg\",\"datePublished\":\"2025-09-03T12:21:28+00:00\",\"dateModified\":\"2025-09-03T12:21:30+00:00\",\"breadcrumb\":{\"@id\":\"https:\\\/\\\/lasentinelle.dz\\\/index.php\\\/2025\\\/09\\\/03\\\/violence-contre-les-femmes-la-plateforme-himayati-lancee\\\/#breadcrumb\"},\"inLanguage\":\"fr-FR\",\"potentialAction\":[{\"@type\":\"ReadAction\",\"target\":[\"https:\\\/\\\/lasentinelle.dz\\\/index.php\\\/2025\\\/09\\\/03\\\/violence-contre-les-femmes-la-plateforme-himayati-lancee\\\/\"]}]},{\"@type\":\"ImageObject\",\"inLanguage\":\"fr-FR\",\"@id\":\"https:\\\/\\\/lasentinelle.dz\\\/index.php\\\/2025\\\/09\\\/03\\\/violence-contre-les-femmes-la-plateforme-himayati-lancee\\\/#primaryimage\",\"url\":\"https:\\\/\\\/lasentinelle.dz\\\/wp-content\\\/uploads\\\/2025\\\/09\\\/himayati.jpg\",\"contentUrl\":\"https:\\\/\\\/lasentinelle.dz\\\/wp-content\\\/uploads\\\/2025\\\/09\\\/himayati.jpg\",\"width\":580,\"height\":350},{\"@type\":\"BreadcrumbList\",\"@id\":\"https:\\\/\\\/lasentinelle.dz\\\/index.php\\\/2025\\\/09\\\/03\\\/violence-contre-les-femmes-la-plateforme-himayati-lancee\\\/#breadcrumb\",\"itemListElement\":[{\"@type\":\"ListItem\",\"position\":1,\"name\":\"Accueil\",\"item\":\"https:\\\/\\\/lasentinelle.dz\\\/\"},{\"@type\":\"ListItem\",\"position\":2,\"name\":\"Violence contre les femmes\u00a0: La plateforme \u00ab\u00a0Himayati\u00a0\u00bb lanc\u00e9e\"}]},{\"@type\":\"WebSite\",\"@id\":\"https:\\\/\\\/lasentinelle.dz\\\/#website\",\"url\":\"https:\\\/\\\/lasentinelle.dz\\\/\",\"name\":\"La Sentinelle\",\"description\":\"Quotidien national d&#039;information\",\"publisher\":{\"@id\":\"https:\\\/\\\/lasentinelle.dz\\\/#organization\"},\"potentialAction\":[{\"@type\":\"SearchAction\",\"target\":{\"@type\":\"EntryPoint\",\"urlTemplate\":\"https:\\\/\\\/lasentinelle.dz\\\/?s={search_term_string}\"},\"query-input\":{\"@type\":\"PropertyValueSpecification\",\"valueRequired\":true,\"valueName\":\"search_term_string\"}}],\"inLanguage\":\"fr-FR\"},{\"@type\":\"Organization\",\"@id\":\"https:\\\/\\\/lasentinelle.dz\\\/#organization\",\"name\":\"Quotidien La Sentinelle\",\"url\":\"https:\\\/\\\/lasentinelle.dz\\\/\",\"logo\":{\"@type\":\"ImageObject\",\"inLanguage\":\"fr-FR\",\"@id\":\"https:\\\/\\\/lasentinelle.dz\\\/#\\\/schema\\\/logo\\\/image\\\/\",\"url\":\"https:\\\/\\\/lasentinelle.dz\\\/wp-content\\\/uploads\\\/2021\\\/09\\\/logo-sentinelleSLOGAN-1.png\",\"contentUrl\":\"https:\\\/\\\/lasentinelle.dz\\\/wp-content\\\/uploads\\\/2021\\\/09\\\/logo-sentinelleSLOGAN-1.png\",\"width\":615,\"height\":142,\"caption\":\"Quotidien La Sentinelle\"},\"image\":{\"@id\":\"https:\\\/\\\/lasentinelle.dz\\\/#\\\/schema\\\/logo\\\/image\\\/\"},\"sameAs\":[\"https:\\\/\\\/www.facebook.com\\\/La-Sentinelle-104059864394773\"]},{\"@type\":\"Person\",\"@id\":\"https:\\\/\\\/lasentinelle.dz\\\/#\\\/schema\\\/person\\\/729ee0024f24e0b8c5ec17232f8e8b41\",\"name\":\"admin\",\"image\":{\"@type\":\"ImageObject\",\"inLanguage\":\"fr-FR\",\"@id\":\"https:\\\/\\\/secure.gravatar.com\\\/avatar\\\/4c81fed838786e9b53f540bf46533e750f5d292099ae3b66cfc6fb1982e29df7?s=96&d=mm&r=g\",\"url\":\"https:\\\/\\\/secure.gravatar.com\\\/avatar\\\/4c81fed838786e9b53f540bf46533e750f5d292099ae3b66cfc6fb1982e29df7?s=96&d=mm&r=g\",\"contentUrl\":\"https:\\\/\\\/secure.gravatar.com\\\/avatar\\\/4c81fed838786e9b53f540bf46533e750f5d292099ae3b66cfc6fb1982e29df7?s=96&d=mm&r=g\",\"caption\":\"admin\"},\"description\":\"admin\",\"url\":\"https:\\\/\\\/lasentinelle.dz\\\/author\\\/admin\\\/\"}]}<\/script>\n<!-- \/ Yoast SEO plugin. -->","yoast_head_json":{"title":"Violence contre les femmes\u00a0: La plateforme \u00ab\u00a0Himayati\u00a0\u00bb lanc\u00e9e - La Sentinelle","robots":{"index":"index","follow":"follow","max-snippet":"max-snippet:-1","max-image-preview":"max-image-preview:large","max-video-preview":"max-video-preview:-1"},"canonical":"https:\/\/lasentinelle.dz\/index.php\/2025\/09\/03\/violence-contre-les-femmes-la-plateforme-himayati-lancee\/","og_locale":"fr_FR","og_type":"article","og_title":"Violence contre les femmes\u00a0: La plateforme \u00ab\u00a0Himayati\u00a0\u00bb lanc\u00e9e - La Sentinelle","og_description":"L&rsquo;Alg\u00e9rie franchit une nouvelle \u00e9tape dans la lutte contre les violences faites aux femmes avec le lancement de \u00ab\u00a0Himayati\u00a0\u00bb, premi\u00e8re","og_url":"https:\/\/lasentinelle.dz\/index.php\/2025\/09\/03\/violence-contre-les-femmes-la-plateforme-himayati-lancee\/","og_site_name":"La Sentinelle","article_publisher":"https:\/\/www.facebook.com\/La-Sentinelle-104059864394773","article_published_time":"2025-09-03T12:21:28+00:00","article_modified_time":"2025-09-03T12:21:30+00:00","og_image":[{"width":580,"height":350,"url":"https:\/\/lasentinelle.dz\/wp-content\/uploads\/2025\/09\/himayati.jpg","type":"image\/jpeg"}],"author":"admin","twitter_card":"summary_large_image","twitter_misc":{"\u00c9crit par":"admin","Dur\u00e9e de lecture estim\u00e9e":"3 minutes"},"schema":{"@context":"https:\/\/schema.org","@graph":[{"@type":"Article","@id":"https:\/\/lasentinelle.dz\/index.php\/2025\/09\/03\/violence-contre-les-femmes-la-plateforme-himayati-lancee\/#article","isPartOf":{"@id":"https:\/\/lasentinelle.dz\/index.php\/2025\/09\/03\/violence-contre-les-femmes-la-plateforme-himayati-lancee\/"},"author":{"name":"admin","@id":"https:\/\/lasentinelle.dz\/#\/schema\/person\/729ee0024f24e0b8c5ec17232f8e8b41"},"headline":"Violence contre les femmes\u00a0: La plateforme \u00ab\u00a0Himayati\u00a0\u00bb lanc\u00e9e","datePublished":"2025-09-03T12:21:28+00:00","dateModified":"2025-09-03T12:21:30+00:00","mainEntityOfPage":{"@id":"https:\/\/lasentinelle.dz\/index.php\/2025\/09\/03\/violence-contre-les-femmes-la-plateforme-himayati-lancee\/"},"wordCount":622,"commentCount":0,"publisher":{"@id":"https:\/\/lasentinelle.dz\/#organization"},"image":{"@id":"https:\/\/lasentinelle.dz\/index.php\/2025\/09\/03\/violence-contre-les-femmes-la-plateforme-himayati-lancee\/#primaryimage"},"thumbnailUrl":"https:\/\/lasentinelle.dz\/wp-content\/uploads\/2025\/09\/himayati.jpg","articleSection":["\u00c0 la Une","Actualit\u00e9"],"inLanguage":"fr-FR","potentialAction":[{"@type":"CommentAction","name":"Comment","target":["https:\/\/lasentinelle.dz\/index.php\/2025\/09\/03\/violence-contre-les-femmes-la-plateforme-himayati-lancee\/#respond"]}]},{"@type":"WebPage","@id":"https:\/\/lasentinelle.dz\/index.php\/2025\/09\/03\/violence-contre-les-femmes-la-plateforme-himayati-lancee\/","url":"https:\/\/lasentinelle.dz\/index.php\/2025\/09\/03\/violence-contre-les-femmes-la-plateforme-himayati-lancee\/","name":"Violence contre les femmes\u00a0: La plateforme \u00ab\u00a0Himayati\u00a0\u00bb lanc\u00e9e - La Sentinelle","isPartOf":{"@id":"https:\/\/lasentinelle.dz\/#website"},"primaryImageOfPage":{"@id":"https:\/\/lasentinelle.dz\/index.php\/2025\/09\/03\/violence-contre-les-femmes-la-plateforme-himayati-lancee\/#primaryimage"},"image":{"@id":"https:\/\/lasentinelle.dz\/index.php\/2025\/09\/03\/violence-contre-les-femmes-la-plateforme-himayati-lancee\/#primaryimage"},"thumbnailUrl":"https:\/\/lasentinelle.dz\/wp-content\/uploads\/2025\/09\/himayati.jpg","datePublished":"2025-09-03T12:21:28+00:00","dateModified":"2025-09-03T12:21:30+00:00","breadcrumb":{"@id":"https:\/\/lasentinelle.dz\/index.php\/2025\/09\/03\/violence-contre-les-femmes-la-plateforme-himayati-lancee\/#breadcrumb"},"inLanguage":"fr-FR","potentialAction":[{"@type":"ReadAction","target":["https:\/\/lasentinelle.dz\/index.php\/2025\/09\/03\/violence-contre-les-femmes-la-plateforme-himayati-lancee\/"]}]},{"@type":"ImageObject","inLanguage":"fr-FR","@id":"https:\/\/lasentinelle.dz\/index.php\/2025\/09\/03\/violence-contre-les-femmes-la-plateforme-himayati-lancee\/#primaryimage","url":"https:\/\/lasentinelle.dz\/wp-content\/uploads\/2025\/09\/himayati.jpg","contentUrl":"https:\/\/lasentinelle.dz\/wp-content\/uploads\/2025\/09\/himayati.jpg","width":580,"height":350},{"@type":"BreadcrumbList","@id":"https:\/\/lasentinelle.dz\/index.php\/2025\/09\/03\/violence-contre-les-femmes-la-plateforme-himayati-lancee\/#breadcrumb","itemListElement":[{"@type":"ListItem","position":1,"name":"Accueil","item":"https:\/\/lasentinelle.dz\/"},{"@type":"ListItem","position":2,"name":"Violence contre les femmes\u00a0: La plateforme \u00ab\u00a0Himayati\u00a0\u00bb lanc\u00e9e"}]},{"@type":"WebSite","@id":"https:\/\/lasentinelle.dz\/#website","url":"https:\/\/lasentinelle.dz\/","name":"La Sentinelle","description":"Quotidien national d&#039;information","publisher":{"@id":"https:\/\/lasentinelle.dz\/#organization"},"potentialAction":[{"@type":"SearchAction","target":{"@type":"EntryPoint","urlTemplate":"https:\/\/lasentinelle.dz\/?s={search_term_string}"},"query-input":{"@type":"PropertyValueSpecification","valueRequired":true,"valueName":"search_term_string"}}],"inLanguage":"fr-FR"},{"@type":"Organization","@id":"https:\/\/lasentinelle.dz\/#organization","name":"Quotidien La Sentinelle","url":"https:\/\/lasentinelle.dz\/","logo":{"@type":"ImageObject","inLanguage":"fr-FR","@id":"https:\/\/lasentinelle.dz\/#\/schema\/logo\/image\/","url":"https:\/\/lasentinelle.dz\/wp-content\/uploads\/2021\/09\/logo-sentinelleSLOGAN-1.png","contentUrl":"https:\/\/lasentinelle.dz\/wp-content\/uploads\/2021\/09\/logo-sentinelleSLOGAN-1.png","width":615,"height":142,"caption":"Quotidien La Sentinelle"},"image":{"@id":"https:\/\/lasentinelle.dz\/#\/schema\/logo\/image\/"},"sameAs":["https:\/\/www.facebook.com\/La-Sentinelle-104059864394773"]},{"@type":"Person","@id":"https:\/\/lasentinelle.dz\/#\/schema\/person\/729ee0024f24e0b8c5ec17232f8e8b41","name":"admin","image":{"@type":"ImageObject","inLanguage":"fr-FR","@id":"https:\/\/secure.gravatar.com\/avatar\/4c81fed838786e9b53f540bf46533e750f5d292099ae3b66cfc6fb1982e29df7?s=96&d=mm&r=g","url":"https:\/\/secure.gravatar.com\/avatar\/4c81fed838786e9b53f540bf46533e750f5d292099ae3b66cfc6fb1982e29df7?s=96&d=mm&r=g","contentUrl":"https:\/\/secure.gravatar.com\/avatar\/4c81fed838786e9b53f540bf46533e750f5d292099ae3b66cfc6fb1982e29df7?s=96&d=mm&r=g","caption":"admin"},"description":"admin","url":"https:\/\/lasentinelle.dz\/author\/admin\/"}]}},"_links":{"self":[{"href":"https:\/\/lasentinelle.dz\/index.php\/wp-json\/wp\/v2\/posts\/72850","targetHints":{"allow":["GET"]}}],"collection":[{"href":"https:\/\/lasentinelle.dz\/index.php\/wp-json\/wp\/v2\/posts"}],"about":[{"href":"https:\/\/lasentinelle.dz\/index.php\/wp-json\/wp\/v2\/types\/post"}],"author":[{"embeddable":true,"href":"https:\/\/lasentinelle.dz\/index.php\/wp-json\/wp\/v2\/users\/6"}],"replies":[{"embeddable":true,"href":"https:\/\/lasentinelle.dz\/index.php\/wp-json\/wp\/v2\/comments?post=72850"}],"version-history":[{"count":2,"href":"https:\/\/lasentinelle.dz\/index.php\/wp-json\/wp\/v2\/posts\/72850\/revisions"}],"predecessor-version":[{"id":72853,"href":"https:\/\/lasentinelle.dz\/index.php\/wp-json\/wp\/v2\/posts\/72850\/revisions\/72853"}],"wp:featuredmedia":[{"embeddable":true,"href":"https:\/\/lasentinelle.dz\/index.php\/wp-json\/wp\/v2\/media\/72851"}],"wp:attachment":[{"href":"https:\/\/lasentinelle.dz\/index.php\/wp-json\/wp\/v2\/media?parent=72850"}],"wp:term":[{"taxonomy":"category","embeddable":true,"href":"https:\/\/lasentinelle.dz\/index.php\/wp-json\/wp\/v2\/categories?post=72850"},{"taxonomy":"post_tag","embeddable":true,"href":"https:\/\/lasentinelle.dz\/index.php\/wp-json\/wp\/v2\/tags?post=72850"}],"curies":[{"name":"wp","href":"https:\/\/api.w.org\/{rel}","templated":true}]}}