{"id":72854,"date":"2025-09-03T13:23:27","date_gmt":"2025-09-03T12:23:27","guid":{"rendered":"https:\/\/lasentinelle.dz\/?p=72854"},"modified":"2025-09-03T13:23:28","modified_gmt":"2025-09-03T12:23:28","slug":"importation-de-10-000-bus-ghrieb-lance-le-processus","status":"publish","type":"post","link":"https:\/\/lasentinelle.dz\/index.php\/2025\/09\/03\/importation-de-10-000-bus-ghrieb-lance-le-processus\/","title":{"rendered":"Importation de 10.000 bus\u00a0: Ghrieb lance le processus"},"content":{"rendered":"\n<p>Le Premier ministre par int\u00e9rim Sifi Ghrieb a pr\u00e9sid\u00e9 mardi au Palais du Gouvernement une r\u00e9union pour finaliser les modalit\u00e9s d&rsquo;importation imm\u00e9diate de 10.000 nouveaux autobus de transport de voyageurs, donnant ainsi corps aux instructions pr\u00e9sidentielles du 25 ao\u00fbt dernier visant \u00e0 moderniser d&rsquo;urgence le parc national vieillissant. Cette rencontre interminist\u00e9rielle, qui a r\u00e9uni les repr\u00e9sentants des secteurs de la D\u00e9fense nationale, de l&rsquo;Industrie, des Transports et de l&rsquo;\u00c9conomie de la connaissance, des Start-up et des Micro-entreprises, s&rsquo;est concentr\u00e9e sur la d\u00e9finition des proc\u00e9dures op\u00e9rationnelles de cette vaste op\u00e9ration. Selon le communiqu\u00e9 des services du Premier ministre, la r\u00e9union \u00e9tait \u00ab\u00a0consacr\u00e9e \u00e0 la d\u00e9finition des proc\u00e9dures et des conditions d\u00e9finitives pour le lancement effectif de cette op\u00e9ration en termes d&rsquo;importation-fabrication, de commercialisation et de financement\u00a0\u00bb. Cette mobilisation gouvernementale fait suite aux d\u00e9cisions prises par le pr\u00e9sident Abdelmadjid Tebboune lors de sa r\u00e9union du 25 ao\u00fbt dernier qui avait act\u00e9 \u00ab\u00a0l&rsquo;importation imm\u00e9diate de 10.000 bus de transport de voyageurs neufs pour remplacer les anciens\u00a0\u00bb. Ces mesures d&rsquo;urgence s&rsquo;inscrivent dans le cadre de la mise en \u0153uvre d&rsquo;un plan d&rsquo;action pr\u00e9sidentiel visant \u00e0 r\u00e9former en profondeur le secteur des transports alg\u00e9rien, particuli\u00e8rement fragilis\u00e9 par l&rsquo;\u00e9tat d\u00e9faillant d&rsquo;une partie significative de sa flotte.<\/p>\n\n\n\n<p>L&rsquo;ampleur du d\u00e9fi se mesure aux chiffres officiels : sur les 84.000 bus que compte le parc national, 5.400 unit\u00e9s de plus de trente ans doivent imp\u00e9rativement \u00eatre retir\u00e9es de la circulation dans les six mois. Cette situation critique a \u00e9t\u00e9 r\u00e9v\u00e9l\u00e9e au grand jour par un r\u00e9cent accident tragique d&rsquo;autobus qui a mis en lumi\u00e8re les d\u00e9faillances structurelles du syst\u00e8me de transport public national, d\u00e9clenchant ainsi une prise de conscience des autorit\u00e9s sur l&rsquo;urgence d&rsquo;agir. La d\u00e9cision pr\u00e9sidentielle d\u00e9passe largement le simple renouvellement mat\u00e9riel pour s&rsquo;inscrire dans une d\u00e9marche de r\u00e9forme syst\u00e9mique du secteur. Le pr\u00e9sident Tebboune avait en effet donn\u00e9 des instructions fermes lors de sa r\u00e9union extraordinaire, pr\u00e9voyant notamment l&rsquo;\u00e9laboration de nouvelles l\u00e9gislations concernant l&rsquo;organisation de la circulation routi\u00e8re et les modalit\u00e9s de d\u00e9livrance du permis de conduire. Ces textes r\u00e9glementaires seront soumis d\u00e8s la prochaine r\u00e9union du Conseil des ministres, t\u00e9moignant de l&rsquo;urgence accord\u00e9e par le chef de l&rsquo;\u00c9tat \u00e0 cette transformation en profondeur.<\/p>\n\n\n\n<p>La philosophie de cette r\u00e9forme repose sur une responsabilisation accrue de tous les acteurs de la cha\u00eene de transport. Les instructions pr\u00e9sidentielles pr\u00e9voient ainsi l&rsquo;imp\u00e9ratif d&rsquo;imputer la responsabilit\u00e9 civile aux auteurs d&rsquo;accidents de la route, accompagn\u00e9 de la soumission des conducteurs \u00e0 un contr\u00f4le p\u00e9riodique renforc\u00e9 et du d\u00e9veloppement des centres de contr\u00f4le pour d\u00e9tecter une \u00e9ventuelle consommation de drogues ou de substances psychotropes. Innovation majeure de cette approche globale : l&rsquo;extension in\u00e9dite de la responsabilit\u00e9 en cas d&rsquo;accidents aux parties charg\u00e9es de la r\u00e9alisation et de l&rsquo;entretien des routes, aux auto-\u00e9coles et aux organismes de contr\u00f4le technique des v\u00e9hicules. Cette mesure r\u00e9volutionnaire place d\u00e9sormais tous les maillons de la cha\u00eene de transport face \u00e0 leurs obligations, depuis les gestionnaires d&rsquo;infrastructures jusqu&rsquo;aux centres de formation, cr\u00e9ant un \u00e9cosyst\u00e8me de responsabilit\u00e9 partag\u00e9e. Le volet r\u00e9pressif n&rsquo;est pas en reste puisque les forces de s\u00e9curit\u00e9 ont re\u00e7u des instructions fermes pour \u00ab\u00a0intensifier la surveillance sur l&rsquo;ensemble du territoire national, afin d&rsquo;imposer l&rsquo;application stricte du code de la route\u00a0\u00bb, traduisant la d\u00e9termination pr\u00e9sidentielle \u00e0 \u00e9radiquer d\u00e9finitivement l&rsquo;anarchie routi\u00e8re qui caract\u00e9rise le secteur des transports notamment urbains et interurbains.<\/p>\n\n\n\n<p>Samir Benisid<\/p>\n","protected":false},"excerpt":{"rendered":"<p>Le Premier ministre par int\u00e9rim Sifi Ghrieb a pr\u00e9sid\u00e9 mardi au Palais du Gouvernement une r\u00e9union pour finaliser les modalit\u00e9s<\/p>\n","protected":false},"author":6,"featured_media":72459,"comment_status":"open","ping_status":"closed","sticky":false,"template":"","format":"standard","meta":{"colormag_page_container_layout":"default_layout","colormag_page_sidebar_layout":"default_layout","om_disable_all_campaigns":false,"_monsterinsights_skip_tracking":false,"_monsterinsights_sitenote_active":false,"_monsterinsights_sitenote_note":"","_monsterinsights_sitenote_category":0,"footnotes":"","_wpscppro_dont_share_socialmedia":false,"_wpscppro_custom_social_share_image":0,"_facebook_share_type":"default","_twitter_share_type":"default","_linkedin_share_type":"default","_pinterest_share_type":"default","_linkedin_share_type_page":"","_instagram_share_type":"default","_medium_share_type":"default","_threads_share_type":"default","_google_business_share_type":"default","_selected_social_profile":[],"_wpsp_enable_custom_social_template":false,"_wpsp_social_scheduling":{"enabled":false,"datetime":null,"platforms":[],"status":"template_only","dateOption":"today","timeOption":"now","customDays":"","customHours":"","customDate":"","customTime":"","schedulingType":"absolute"},"_wpsp_active_default_template":true},"categories":[27],"tags":[],"class_list":["post-72854","post","type-post","status-publish","format-standard","has-post-thumbnail","hentry","category-actualite"],"aioseo_notices":[],"yoast_head":"<!-- This site is optimized with the Yoast SEO plugin v27.4 - https:\/\/yoast.com\/product\/yoast-seo-wordpress\/ -->\n<title>Importation de 10.000 bus\u00a0: Ghrieb lance le processus - La Sentinelle<\/title>\n<meta name=\"robots\" content=\"index, follow, max-snippet:-1, max-image-preview:large, max-video-preview:-1\" \/>\n<link rel=\"canonical\" href=\"https:\/\/lasentinelle.dz\/index.php\/2025\/09\/03\/importation-de-10-000-bus-ghrieb-lance-le-processus\/\" \/>\n<meta property=\"og:locale\" content=\"fr_FR\" \/>\n<meta property=\"og:type\" content=\"article\" \/>\n<meta property=\"og:title\" content=\"Importation de 10.000 bus\u00a0: Ghrieb lance le processus - La Sentinelle\" \/>\n<meta property=\"og:description\" content=\"Le Premier ministre par int\u00e9rim Sifi Ghrieb a pr\u00e9sid\u00e9 mardi au Palais du Gouvernement une r\u00e9union pour finaliser les modalit\u00e9s\" \/>\n<meta property=\"og:url\" content=\"https:\/\/lasentinelle.dz\/index.php\/2025\/09\/03\/importation-de-10-000-bus-ghrieb-lance-le-processus\/\" \/>\n<meta property=\"og:site_name\" content=\"La Sentinelle\" \/>\n<meta property=\"article:publisher\" content=\"https:\/\/www.facebook.com\/La-Sentinelle-104059864394773\" \/>\n<meta property=\"article:published_time\" content=\"2025-09-03T12:23:27+00:00\" \/>\n<meta property=\"article:modified_time\" content=\"2025-09-03T12:23:28+00:00\" \/>\n<meta property=\"og:image\" content=\"https:\/\/lasentinelle.dz\/wp-content\/uploads\/2025\/08\/bus.webp\" \/>\n\t<meta property=\"og:image:width\" content=\"1080\" \/>\n\t<meta property=\"og:image:height\" content=\"759\" \/>\n\t<meta property=\"og:image:type\" content=\"image\/webp\" \/>\n<meta name=\"author\" content=\"admin\" \/>\n<meta name=\"twitter:card\" content=\"summary_large_image\" \/>\n<meta name=\"twitter:label1\" content=\"\u00c9crit par\" \/>\n\t<meta name=\"twitter:data1\" content=\"admin\" \/>\n\t<meta name=\"twitter:label2\" content=\"Dur\u00e9e de lecture estim\u00e9e\" \/>\n\t<meta name=\"twitter:data2\" content=\"3 minutes\" \/>\n<script type=\"application\/ld+json\" class=\"yoast-schema-graph\">{\"@context\":\"https:\\\/\\\/schema.org\",\"@graph\":[{\"@type\":\"Article\",\"@id\":\"https:\\\/\\\/lasentinelle.dz\\\/index.php\\\/2025\\\/09\\\/03\\\/importation-de-10-000-bus-ghrieb-lance-le-processus\\\/#article\",\"isPartOf\":{\"@id\":\"https:\\\/\\\/lasentinelle.dz\\\/index.php\\\/2025\\\/09\\\/03\\\/importation-de-10-000-bus-ghrieb-lance-le-processus\\\/\"},\"author\":{\"name\":\"admin\",\"@id\":\"https:\\\/\\\/lasentinelle.dz\\\/#\\\/schema\\\/person\\\/729ee0024f24e0b8c5ec17232f8e8b41\"},\"headline\":\"Importation de 10.000 bus\u00a0: Ghrieb lance le processus\",\"datePublished\":\"2025-09-03T12:23:27+00:00\",\"dateModified\":\"2025-09-03T12:23:28+00:00\",\"mainEntityOfPage\":{\"@id\":\"https:\\\/\\\/lasentinelle.dz\\\/index.php\\\/2025\\\/09\\\/03\\\/importation-de-10-000-bus-ghrieb-lance-le-processus\\\/\"},\"wordCount\":666,\"commentCount\":0,\"publisher\":{\"@id\":\"https:\\\/\\\/lasentinelle.dz\\\/#organization\"},\"image\":{\"@id\":\"https:\\\/\\\/lasentinelle.dz\\\/index.php\\\/2025\\\/09\\\/03\\\/importation-de-10-000-bus-ghrieb-lance-le-processus\\\/#primaryimage\"},\"thumbnailUrl\":\"https:\\\/\\\/lasentinelle.dz\\\/wp-content\\\/uploads\\\/2025\\\/08\\\/bus.webp\",\"articleSection\":[\"Actualit\u00e9\"],\"inLanguage\":\"fr-FR\",\"potentialAction\":[{\"@type\":\"CommentAction\",\"name\":\"Comment\",\"target\":[\"https:\\\/\\\/lasentinelle.dz\\\/index.php\\\/2025\\\/09\\\/03\\\/importation-de-10-000-bus-ghrieb-lance-le-processus\\\/#respond\"]}]},{\"@type\":\"WebPage\",\"@id\":\"https:\\\/\\\/lasentinelle.dz\\\/index.php\\\/2025\\\/09\\\/03\\\/importation-de-10-000-bus-ghrieb-lance-le-processus\\\/\",\"url\":\"https:\\\/\\\/lasentinelle.dz\\\/index.php\\\/2025\\\/09\\\/03\\\/importation-de-10-000-bus-ghrieb-lance-le-processus\\\/\",\"name\":\"Importation de 10.000 bus\u00a0: Ghrieb lance le processus - La Sentinelle\",\"isPartOf\":{\"@id\":\"https:\\\/\\\/lasentinelle.dz\\\/#website\"},\"primaryImageOfPage\":{\"@id\":\"https:\\\/\\\/lasentinelle.dz\\\/index.php\\\/2025\\\/09\\\/03\\\/importation-de-10-000-bus-ghrieb-lance-le-processus\\\/#primaryimage\"},\"image\":{\"@id\":\"https:\\\/\\\/lasentinelle.dz\\\/index.php\\\/2025\\\/09\\\/03\\\/importation-de-10-000-bus-ghrieb-lance-le-processus\\\/#primaryimage\"},\"thumbnailUrl\":\"https:\\\/\\\/lasentinelle.dz\\\/wp-content\\\/uploads\\\/2025\\\/08\\\/bus.webp\",\"datePublished\":\"2025-09-03T12:23:27+00:00\",\"dateModified\":\"2025-09-03T12:23:28+00:00\",\"breadcrumb\":{\"@id\":\"https:\\\/\\\/lasentinelle.dz\\\/index.php\\\/2025\\\/09\\\/03\\\/importation-de-10-000-bus-ghrieb-lance-le-processus\\\/#breadcrumb\"},\"inLanguage\":\"fr-FR\",\"potentialAction\":[{\"@type\":\"ReadAction\",\"target\":[\"https:\\\/\\\/lasentinelle.dz\\\/index.php\\\/2025\\\/09\\\/03\\\/importation-de-10-000-bus-ghrieb-lance-le-processus\\\/\"]}]},{\"@type\":\"ImageObject\",\"inLanguage\":\"fr-FR\",\"@id\":\"https:\\\/\\\/lasentinelle.dz\\\/index.php\\\/2025\\\/09\\\/03\\\/importation-de-10-000-bus-ghrieb-lance-le-processus\\\/#primaryimage\",\"url\":\"https:\\\/\\\/lasentinelle.dz\\\/wp-content\\\/uploads\\\/2025\\\/08\\\/bus.webp\",\"contentUrl\":\"https:\\\/\\\/lasentinelle.dz\\\/wp-content\\\/uploads\\\/2025\\\/08\\\/bus.webp\",\"width\":1080,\"height\":759},{\"@type\":\"BreadcrumbList\",\"@id\":\"https:\\\/\\\/lasentinelle.dz\\\/index.php\\\/2025\\\/09\\\/03\\\/importation-de-10-000-bus-ghrieb-lance-le-processus\\\/#breadcrumb\",\"itemListElement\":[{\"@type\":\"ListItem\",\"position\":1,\"name\":\"Accueil\",\"item\":\"https:\\\/\\\/lasentinelle.dz\\\/\"},{\"@type\":\"ListItem\",\"position\":2,\"name\":\"Importation de 10.000 bus\u00a0: Ghrieb lance le processus\"}]},{\"@type\":\"WebSite\",\"@id\":\"https:\\\/\\\/lasentinelle.dz\\\/#website\",\"url\":\"https:\\\/\\\/lasentinelle.dz\\\/\",\"name\":\"La Sentinelle\",\"description\":\"Quotidien national d&#039;information\",\"publisher\":{\"@id\":\"https:\\\/\\\/lasentinelle.dz\\\/#organization\"},\"potentialAction\":[{\"@type\":\"SearchAction\",\"target\":{\"@type\":\"EntryPoint\",\"urlTemplate\":\"https:\\\/\\\/lasentinelle.dz\\\/?s={search_term_string}\"},\"query-input\":{\"@type\":\"PropertyValueSpecification\",\"valueRequired\":true,\"valueName\":\"search_term_string\"}}],\"inLanguage\":\"fr-FR\"},{\"@type\":\"Organization\",\"@id\":\"https:\\\/\\\/lasentinelle.dz\\\/#organization\",\"name\":\"Quotidien La Sentinelle\",\"url\":\"https:\\\/\\\/lasentinelle.dz\\\/\",\"logo\":{\"@type\":\"ImageObject\",\"inLanguage\":\"fr-FR\",\"@id\":\"https:\\\/\\\/lasentinelle.dz\\\/#\\\/schema\\\/logo\\\/image\\\/\",\"url\":\"https:\\\/\\\/lasentinelle.dz\\\/wp-content\\\/uploads\\\/2021\\\/09\\\/logo-sentinelleSLOGAN-1.png\",\"contentUrl\":\"https:\\\/\\\/lasentinelle.dz\\\/wp-content\\\/uploads\\\/2021\\\/09\\\/logo-sentinelleSLOGAN-1.png\",\"width\":615,\"height\":142,\"caption\":\"Quotidien La Sentinelle\"},\"image\":{\"@id\":\"https:\\\/\\\/lasentinelle.dz\\\/#\\\/schema\\\/logo\\\/image\\\/\"},\"sameAs\":[\"https:\\\/\\\/www.facebook.com\\\/La-Sentinelle-104059864394773\"]},{\"@type\":\"Person\",\"@id\":\"https:\\\/\\\/lasentinelle.dz\\\/#\\\/schema\\\/person\\\/729ee0024f24e0b8c5ec17232f8e8b41\",\"name\":\"admin\",\"image\":{\"@type\":\"ImageObject\",\"inLanguage\":\"fr-FR\",\"@id\":\"https:\\\/\\\/secure.gravatar.com\\\/avatar\\\/4c81fed838786e9b53f540bf46533e750f5d292099ae3b66cfc6fb1982e29df7?s=96&d=mm&r=g\",\"url\":\"https:\\\/\\\/secure.gravatar.com\\\/avatar\\\/4c81fed838786e9b53f540bf46533e750f5d292099ae3b66cfc6fb1982e29df7?s=96&d=mm&r=g\",\"contentUrl\":\"https:\\\/\\\/secure.gravatar.com\\\/avatar\\\/4c81fed838786e9b53f540bf46533e750f5d292099ae3b66cfc6fb1982e29df7?s=96&d=mm&r=g\",\"caption\":\"admin\"},\"description\":\"admin\",\"url\":\"https:\\\/\\\/lasentinelle.dz\\\/author\\\/admin\\\/\"}]}<\/script>\n<!-- \/ Yoast SEO plugin. -->","yoast_head_json":{"title":"Importation de 10.000 bus\u00a0: Ghrieb lance le processus - La Sentinelle","robots":{"index":"index","follow":"follow","max-snippet":"max-snippet:-1","max-image-preview":"max-image-preview:large","max-video-preview":"max-video-preview:-1"},"canonical":"https:\/\/lasentinelle.dz\/index.php\/2025\/09\/03\/importation-de-10-000-bus-ghrieb-lance-le-processus\/","og_locale":"fr_FR","og_type":"article","og_title":"Importation de 10.000 bus\u00a0: Ghrieb lance le processus - La Sentinelle","og_description":"Le Premier ministre par int\u00e9rim Sifi Ghrieb a pr\u00e9sid\u00e9 mardi au Palais du Gouvernement une r\u00e9union pour finaliser les modalit\u00e9s","og_url":"https:\/\/lasentinelle.dz\/index.php\/2025\/09\/03\/importation-de-10-000-bus-ghrieb-lance-le-processus\/","og_site_name":"La Sentinelle","article_publisher":"https:\/\/www.facebook.com\/La-Sentinelle-104059864394773","article_published_time":"2025-09-03T12:23:27+00:00","article_modified_time":"2025-09-03T12:23:28+00:00","og_image":[{"width":1080,"height":759,"url":"https:\/\/lasentinelle.dz\/wp-content\/uploads\/2025\/08\/bus.webp","type":"image\/webp"}],"author":"admin","twitter_card":"summary_large_image","twitter_misc":{"\u00c9crit par":"admin","Dur\u00e9e de lecture estim\u00e9e":"3 minutes"},"schema":{"@context":"https:\/\/schema.org","@graph":[{"@type":"Article","@id":"https:\/\/lasentinelle.dz\/index.php\/2025\/09\/03\/importation-de-10-000-bus-ghrieb-lance-le-processus\/#article","isPartOf":{"@id":"https:\/\/lasentinelle.dz\/index.php\/2025\/09\/03\/importation-de-10-000-bus-ghrieb-lance-le-processus\/"},"author":{"name":"admin","@id":"https:\/\/lasentinelle.dz\/#\/schema\/person\/729ee0024f24e0b8c5ec17232f8e8b41"},"headline":"Importation de 10.000 bus\u00a0: Ghrieb lance le processus","datePublished":"2025-09-03T12:23:27+00:00","dateModified":"2025-09-03T12:23:28+00:00","mainEntityOfPage":{"@id":"https:\/\/lasentinelle.dz\/index.php\/2025\/09\/03\/importation-de-10-000-bus-ghrieb-lance-le-processus\/"},"wordCount":666,"commentCount":0,"publisher":{"@id":"https:\/\/lasentinelle.dz\/#organization"},"image":{"@id":"https:\/\/lasentinelle.dz\/index.php\/2025\/09\/03\/importation-de-10-000-bus-ghrieb-lance-le-processus\/#primaryimage"},"thumbnailUrl":"https:\/\/lasentinelle.dz\/wp-content\/uploads\/2025\/08\/bus.webp","articleSection":["Actualit\u00e9"],"inLanguage":"fr-FR","potentialAction":[{"@type":"CommentAction","name":"Comment","target":["https:\/\/lasentinelle.dz\/index.php\/2025\/09\/03\/importation-de-10-000-bus-ghrieb-lance-le-processus\/#respond"]}]},{"@type":"WebPage","@id":"https:\/\/lasentinelle.dz\/index.php\/2025\/09\/03\/importation-de-10-000-bus-ghrieb-lance-le-processus\/","url":"https:\/\/lasentinelle.dz\/index.php\/2025\/09\/03\/importation-de-10-000-bus-ghrieb-lance-le-processus\/","name":"Importation de 10.000 bus\u00a0: Ghrieb lance le processus - La Sentinelle","isPartOf":{"@id":"https:\/\/lasentinelle.dz\/#website"},"primaryImageOfPage":{"@id":"https:\/\/lasentinelle.dz\/index.php\/2025\/09\/03\/importation-de-10-000-bus-ghrieb-lance-le-processus\/#primaryimage"},"image":{"@id":"https:\/\/lasentinelle.dz\/index.php\/2025\/09\/03\/importation-de-10-000-bus-ghrieb-lance-le-processus\/#primaryimage"},"thumbnailUrl":"https:\/\/lasentinelle.dz\/wp-content\/uploads\/2025\/08\/bus.webp","datePublished":"2025-09-03T12:23:27+00:00","dateModified":"2025-09-03T12:23:28+00:00","breadcrumb":{"@id":"https:\/\/lasentinelle.dz\/index.php\/2025\/09\/03\/importation-de-10-000-bus-ghrieb-lance-le-processus\/#breadcrumb"},"inLanguage":"fr-FR","potentialAction":[{"@type":"ReadAction","target":["https:\/\/lasentinelle.dz\/index.php\/2025\/09\/03\/importation-de-10-000-bus-ghrieb-lance-le-processus\/"]}]},{"@type":"ImageObject","inLanguage":"fr-FR","@id":"https:\/\/lasentinelle.dz\/index.php\/2025\/09\/03\/importation-de-10-000-bus-ghrieb-lance-le-processus\/#primaryimage","url":"https:\/\/lasentinelle.dz\/wp-content\/uploads\/2025\/08\/bus.webp","contentUrl":"https:\/\/lasentinelle.dz\/wp-content\/uploads\/2025\/08\/bus.webp","width":1080,"height":759},{"@type":"BreadcrumbList","@id":"https:\/\/lasentinelle.dz\/index.php\/2025\/09\/03\/importation-de-10-000-bus-ghrieb-lance-le-processus\/#breadcrumb","itemListElement":[{"@type":"ListItem","position":1,"name":"Accueil","item":"https:\/\/lasentinelle.dz\/"},{"@type":"ListItem","position":2,"name":"Importation de 10.000 bus\u00a0: Ghrieb lance le processus"}]},{"@type":"WebSite","@id":"https:\/\/lasentinelle.dz\/#website","url":"https:\/\/lasentinelle.dz\/","name":"La Sentinelle","description":"Quotidien national d&#039;information","publisher":{"@id":"https:\/\/lasentinelle.dz\/#organization"},"potentialAction":[{"@type":"SearchAction","target":{"@type":"EntryPoint","urlTemplate":"https:\/\/lasentinelle.dz\/?s={search_term_string}"},"query-input":{"@type":"PropertyValueSpecification","valueRequired":true,"valueName":"search_term_string"}}],"inLanguage":"fr-FR"},{"@type":"Organization","@id":"https:\/\/lasentinelle.dz\/#organization","name":"Quotidien La Sentinelle","url":"https:\/\/lasentinelle.dz\/","logo":{"@type":"ImageObject","inLanguage":"fr-FR","@id":"https:\/\/lasentinelle.dz\/#\/schema\/logo\/image\/","url":"https:\/\/lasentinelle.dz\/wp-content\/uploads\/2021\/09\/logo-sentinelleSLOGAN-1.png","contentUrl":"https:\/\/lasentinelle.dz\/wp-content\/uploads\/2021\/09\/logo-sentinelleSLOGAN-1.png","width":615,"height":142,"caption":"Quotidien La Sentinelle"},"image":{"@id":"https:\/\/lasentinelle.dz\/#\/schema\/logo\/image\/"},"sameAs":["https:\/\/www.facebook.com\/La-Sentinelle-104059864394773"]},{"@type":"Person","@id":"https:\/\/lasentinelle.dz\/#\/schema\/person\/729ee0024f24e0b8c5ec17232f8e8b41","name":"admin","image":{"@type":"ImageObject","inLanguage":"fr-FR","@id":"https:\/\/secure.gravatar.com\/avatar\/4c81fed838786e9b53f540bf46533e750f5d292099ae3b66cfc6fb1982e29df7?s=96&d=mm&r=g","url":"https:\/\/secure.gravatar.com\/avatar\/4c81fed838786e9b53f540bf46533e750f5d292099ae3b66cfc6fb1982e29df7?s=96&d=mm&r=g","contentUrl":"https:\/\/secure.gravatar.com\/avatar\/4c81fed838786e9b53f540bf46533e750f5d292099ae3b66cfc6fb1982e29df7?s=96&d=mm&r=g","caption":"admin"},"description":"admin","url":"https:\/\/lasentinelle.dz\/author\/admin\/"}]}},"_links":{"self":[{"href":"https:\/\/lasentinelle.dz\/index.php\/wp-json\/wp\/v2\/posts\/72854","targetHints":{"allow":["GET"]}}],"collection":[{"href":"https:\/\/lasentinelle.dz\/index.php\/wp-json\/wp\/v2\/posts"}],"about":[{"href":"https:\/\/lasentinelle.dz\/index.php\/wp-json\/wp\/v2\/types\/post"}],"author":[{"embeddable":true,"href":"https:\/\/lasentinelle.dz\/index.php\/wp-json\/wp\/v2\/users\/6"}],"replies":[{"embeddable":true,"href":"https:\/\/lasentinelle.dz\/index.php\/wp-json\/wp\/v2\/comments?post=72854"}],"version-history":[{"count":1,"href":"https:\/\/lasentinelle.dz\/index.php\/wp-json\/wp\/v2\/posts\/72854\/revisions"}],"predecessor-version":[{"id":72855,"href":"https:\/\/lasentinelle.dz\/index.php\/wp-json\/wp\/v2\/posts\/72854\/revisions\/72855"}],"wp:featuredmedia":[{"embeddable":true,"href":"https:\/\/lasentinelle.dz\/index.php\/wp-json\/wp\/v2\/media\/72459"}],"wp:attachment":[{"href":"https:\/\/lasentinelle.dz\/index.php\/wp-json\/wp\/v2\/media?parent=72854"}],"wp:term":[{"taxonomy":"category","embeddable":true,"href":"https:\/\/lasentinelle.dz\/index.php\/wp-json\/wp\/v2\/categories?post=72854"},{"taxonomy":"post_tag","embeddable":true,"href":"https:\/\/lasentinelle.dz\/index.php\/wp-json\/wp\/v2\/tags?post=72854"}],"curies":[{"name":"wp","href":"https:\/\/api.w.org\/{rel}","templated":true}]}}