{"id":72856,"date":"2025-09-03T13:24:38","date_gmt":"2025-09-03T12:24:38","guid":{"rendered":"https:\/\/lasentinelle.dz\/?p=72856"},"modified":"2025-09-03T13:24:39","modified_gmt":"2025-09-03T12:24:39","slug":"catalyseur-decisif-de-lintegration-economique-africaine","status":"publish","type":"post","link":"https:\/\/lasentinelle.dz\/index.php\/2025\/09\/03\/catalyseur-decisif-de-lintegration-economique-africaine\/","title":{"rendered":"Catalyseur d\u00e9cisif de l&rsquo;int\u00e9gration \u00e9conomique africaine"},"content":{"rendered":"\n<p>La Foire commerciale intra-africaine (IATF 2025), qui se d\u00e9roulera \u00e0 Alger du 4 au 10 septembre, s&rsquo;impose comme un \u00e9v\u00e9nement majeur pour l&rsquo;acc\u00e9l\u00e9ration de la Zone de libre-\u00e9change continentale africaine (ZLECAf), selon plusieurs organisations patronales panafricaines qui soulignent le r\u00f4le strat\u00e9gique de l&rsquo;Alg\u00e9rie dans cette dynamique d&rsquo;int\u00e9gration \u00e9conomique continentale. Pour Kebour Ghenna, directeur ex\u00e9cutif de la Chambre panafricaine de commerce et d&rsquo;industrie (PACCI), cette \u00e9dition alg\u00e9roise constitue \u00ab\u00a0une exp\u00e9rience unique\u00a0\u00bb offrant \u00ab\u00a0un espace concret o\u00f9 acheteurs et vendeurs africains peuvent conclure des affaires et contribuer ainsi au renforcement des \u00e9changes intra-continentaux\u00a0\u00bb. L&rsquo;expert, dont l&rsquo;organisation bas\u00e9e \u00e0 Addis-Abeba participera pour la premi\u00e8re fois avec son propre pavillon, estime que \u00ab\u00a0en accueillant l&rsquo;IATF 2025, l&rsquo;Alg\u00e9rie d\u00e9montre clairement sa volont\u00e9 d&rsquo;\u00eatre un acteur central\u00a0\u00bb et que \u00ab\u00a0l&rsquo;importance des moyens mobilis\u00e9s pour l&rsquo;organisation de l&rsquo;\u00e9v\u00e9nement refl\u00e8te une vision \u00e0 long terme: faire de l&rsquo;Alg\u00e9rie une plateforme r\u00e9gionale o\u00f9 l&rsquo;Afrique se rencontre pour commercer et investir\u00a0\u00bb. Ghenna reconna\u00eet que \u00ab\u00a0les obstacles qui freinent encore le commerce intra-africain\u00a0\u00bb demeurent nombreux, citant \u00ab\u00a0les barri\u00e8res tarifaires et non tarifaires, les difficult\u00e9s logistiques, l&rsquo;absence de financements adapt\u00e9s pour les PME, ainsi que la lenteur des r\u00e9formes administratives\u00a0\u00bb. Cependant, il mise sur l&rsquo;\u00e9volution g\u00e9n\u00e9rationnelle, affirmant qu'\u00a0\u00bbavec la nouvelle g\u00e9n\u00e9ration de citoyens africains, la confiance grandira et nous \u00e9voluerons vers un march\u00e9 continental ouvert aux \u00e9changes, aux investissements et \u00e0 la libre circulation\u00a0\u00bb. Jacinta Kiruthi, directrice ex\u00e9cutive de l&rsquo;Association panafricaine des petites et moyennes entreprises (AAASME), partage cette perspective ambitieuse en qualifiant l&rsquo;IATF 2025 d'\u00a0\u00bb\u00e9v\u00e9nement de r\u00e9f\u00e9rence, qui ne se contentera pas de capitaliser sur l&rsquo;\u00e9lan des \u00e9ditions pr\u00e9c\u00e9dentes, mais jouera \u00e9galement un r\u00f4le pivot dans l&rsquo;acc\u00e9l\u00e9ration de l&rsquo;int\u00e9gration \u00e9conomique du continent et l&rsquo;essor du commerce intra-africain dans le cadre de la ZLECAf\u00a0\u00bb. Selon la responsable de cette organisation bas\u00e9e \u00e0 Abuja, cette manifestation repr\u00e9sente \u00ab\u00a0bien plus qu&rsquo;un simple salon professionnel, il s&rsquo;agit d&rsquo;une v\u00e9ritable plateforme continentale de partenariats, destin\u00e9e \u00e0 valoriser l&rsquo;excellence africaine tout en ouvrant l&rsquo;acc\u00e8s \u00e0 de nouveaux march\u00e9s, \u00e0 des opportunit\u00e9s d&rsquo;investissement et \u00e0 des coentreprises\u00a0\u00bb.<\/p>\n\n\n\n<p>L&rsquo;accent mis sur l&rsquo;inclusion des petites et moyennes entreprises constitue un enjeu central de cette \u00e9dition. Kiruthi souligne que celle-ci mettra particuli\u00e8rement l&rsquo;accent sur \u00ab\u00a0l&rsquo;\u00e9largissement de la participation des PME, le renforcement de la visibilit\u00e9 de l&rsquo;entrepreneuriat des jeunes, ainsi que sur l&rsquo;exploitation des solutions num\u00e9riques afin de rendre le commerce transfrontalier plus fluide que jamais\u00a0\u00bb. Elle consid\u00e8re \u00e9galement que cette foire sera \u00ab\u00a0une plateforme id\u00e9ale pour relever, \u00e0 travers le dialogue, la conclusion d&rsquo;accords et le partage de solutions, les d\u00e9fis majeurs qui freinent l&rsquo;int\u00e9gration : insuffisances en mati\u00e8re d&rsquo;infrastructures, disparit\u00e9s r\u00e9glementaires, lenteurs aux fronti\u00e8res, acc\u00e8s limit\u00e9 au financement \u2013 en particulier pour les PME \u2013 ainsi que d\u00e9ficit de sensibilisation et d&rsquo;information entre march\u00e9s africains\u00a0\u00bb. La position g\u00e9ostrat\u00e9gique de l&rsquo;Alg\u00e9rie dans ce processus d&rsquo;int\u00e9gration est unanimement salu\u00e9e par les experts. Kiruthi affirme que \u00ab\u00a0l&rsquo;Alg\u00e9rie joue un r\u00f4le \u00e0 la fois strat\u00e9gique et symbolique en accueillant l&rsquo;IATF 2025. En tant que pont entre l&rsquo;Afrique du Nord et l&rsquo;Afrique subsaharienne, et gr\u00e2ce \u00e0 ses investissements croissants dans les infrastructures et la facilitation des \u00e9changes, elle est en passe de devenir un moteur essentiel pour la concr\u00e9tisation de la vision de la ZLECAf\u00a0\u00bb. L&rsquo;organisation de cette foire \u00e0 Alger constitue selon elle \u00ab\u00a0un signe clair de l&rsquo;engagement alg\u00e9rien en faveur de la solidarit\u00e9 continentale, de l&rsquo;int\u00e9gration \u00e9conomique et de la diversification des partenariats commerciaux\u00a0\u00bb.<\/p>\n\n\n\n<p>Cornelius Nartey, directeur de l&rsquo;Association africaine des entrepreneurs (AAE), inscrit cet \u00e9v\u00e9nement dans une perspective historique plus large, relevant que l&rsquo;IATF 2025 \u00ab\u00a0intervient \u00e0 un moment d\u00e9cisif, alors que la ZLECAf entre dans sa phase op\u00e9rationnelle\u00a0\u00bb et repr\u00e9sente \u00ab\u00a0un v\u00e9ritable catalyseur, en contribuant \u00e0 lever les barri\u00e8res commerciales entre les pays du continent\u00a0\u00bb. Dans un contexte de recomposition des cha\u00eenes d&rsquo;approvisionnement mondiales, il estime que cette \u00e9dition, qui devrait g\u00e9n\u00e9rer pr\u00e8s de 44 milliards de dollars d&rsquo;accords, \u00ab\u00a0envoie un signal fort de la volont\u00e9 africaine de b\u00e2tir un d\u00e9veloppement autonome\u00a0\u00bb. Pour Nartey, les enjeux d\u00e9passent la simple dimension commerciale puisque \u00ab\u00a0l&rsquo;IATF 2025 constitue un tremplin exceptionnel pour les PME, leur offrant l&rsquo;opportunit\u00e9 de rivaliser avec les grands acteurs. Elles peuvent y entrer en relation directe avec l&rsquo;ensemble des acheteurs potentiels, en un seul lieu et en un seul moment\u00a0\u00bb. Il conclut en qualifiant cette manifestation d'\u00a0\u00bbopportunit\u00e9 historique de r\u00e9\u00e9crire la logique \u00e9conomique de l&rsquo;Afrique\u00a0\u00bb. Avec Alger comme ville h\u00f4te, Kiruthi se dit convaincue que \u00ab\u00a0la dynamique en faveur d&rsquo;une Afrique plus connect\u00e9e, plus r\u00e9siliente et plus prosp\u00e8re ne fera que se renforcer\u00a0\u00bb, positionnant cette \u00e9dition comme un tournant d\u00e9cisif dans la construction d&rsquo;un espace \u00e9conomique africain int\u00e9gr\u00e9.<\/p>\n\n\n\n<p>Hocine Fadheli<\/p>\n","protected":false},"excerpt":{"rendered":"<p>La Foire commerciale intra-africaine (IATF 2025), qui se d\u00e9roulera \u00e0 Alger du 4 au 10 septembre, s&rsquo;impose comme un \u00e9v\u00e9nement<\/p>\n","protected":false},"author":6,"featured_media":72463,"comment_status":"open","ping_status":"closed","sticky":false,"template":"","format":"standard","meta":{"colormag_page_container_layout":"default_layout","colormag_page_sidebar_layout":"default_layout","om_disable_all_campaigns":false,"_monsterinsights_skip_tracking":false,"_monsterinsights_sitenote_active":false,"_monsterinsights_sitenote_note":"","_monsterinsights_sitenote_category":0,"footnotes":"","_wpscppro_dont_share_socialmedia":false,"_wpscppro_custom_social_share_image":0,"_facebook_share_type":"default","_twitter_share_type":"default","_linkedin_share_type":"default","_pinterest_share_type":"default","_linkedin_share_type_page":"","_instagram_share_type":"default","_medium_share_type":"default","_threads_share_type":"default","_google_business_share_type":"default","_selected_social_profile":[],"_wpsp_enable_custom_social_template":false,"_wpsp_social_scheduling":{"enabled":false,"datetime":null,"platforms":[],"status":"template_only","dateOption":"today","timeOption":"now","customDays":"","customHours":"","customDate":"","customTime":"","schedulingType":"absolute"},"_wpsp_active_default_template":true},"categories":[27],"tags":[],"class_list":["post-72856","post","type-post","status-publish","format-standard","has-post-thumbnail","hentry","category-actualite"],"aioseo_notices":[],"yoast_head":"<!-- This site is optimized with the Yoast SEO plugin v27.4 - https:\/\/yoast.com\/product\/yoast-seo-wordpress\/ -->\n<title>Catalyseur d\u00e9cisif de l&rsquo;int\u00e9gration \u00e9conomique africaine - La Sentinelle<\/title>\n<meta name=\"robots\" content=\"index, follow, max-snippet:-1, max-image-preview:large, max-video-preview:-1\" \/>\n<link rel=\"canonical\" href=\"https:\/\/lasentinelle.dz\/index.php\/2025\/09\/03\/catalyseur-decisif-de-lintegration-economique-africaine\/\" \/>\n<meta property=\"og:locale\" content=\"fr_FR\" \/>\n<meta property=\"og:type\" content=\"article\" \/>\n<meta property=\"og:title\" content=\"Catalyseur d\u00e9cisif de l&rsquo;int\u00e9gration \u00e9conomique africaine - La Sentinelle\" \/>\n<meta property=\"og:description\" content=\"La Foire commerciale intra-africaine (IATF 2025), qui se d\u00e9roulera \u00e0 Alger du 4 au 10 septembre, s&rsquo;impose comme un \u00e9v\u00e9nement\" \/>\n<meta property=\"og:url\" content=\"https:\/\/lasentinelle.dz\/index.php\/2025\/09\/03\/catalyseur-decisif-de-lintegration-economique-africaine\/\" \/>\n<meta property=\"og:site_name\" content=\"La Sentinelle\" \/>\n<meta property=\"article:publisher\" content=\"https:\/\/www.facebook.com\/La-Sentinelle-104059864394773\" \/>\n<meta property=\"article:published_time\" content=\"2025-09-03T12:24:38+00:00\" \/>\n<meta property=\"article:modified_time\" content=\"2025-09-03T12:24:39+00:00\" \/>\n<meta property=\"og:image\" content=\"https:\/\/lasentinelle.dz\/wp-content\/uploads\/2025\/08\/integration-afrique.png\" \/>\n\t<meta property=\"og:image:width\" content=\"1792\" \/>\n\t<meta property=\"og:image:height\" content=\"1024\" \/>\n\t<meta property=\"og:image:type\" content=\"image\/png\" \/>\n<meta name=\"author\" content=\"admin\" \/>\n<meta name=\"twitter:card\" content=\"summary_large_image\" \/>\n<meta name=\"twitter:label1\" content=\"\u00c9crit par\" \/>\n\t<meta name=\"twitter:data1\" content=\"admin\" \/>\n\t<meta name=\"twitter:label2\" content=\"Dur\u00e9e de lecture estim\u00e9e\" \/>\n\t<meta name=\"twitter:data2\" content=\"5 minutes\" \/>\n<script type=\"application\/ld+json\" class=\"yoast-schema-graph\">{\"@context\":\"https:\\\/\\\/schema.org\",\"@graph\":[{\"@type\":\"Article\",\"@id\":\"https:\\\/\\\/lasentinelle.dz\\\/index.php\\\/2025\\\/09\\\/03\\\/catalyseur-decisif-de-lintegration-economique-africaine\\\/#article\",\"isPartOf\":{\"@id\":\"https:\\\/\\\/lasentinelle.dz\\\/index.php\\\/2025\\\/09\\\/03\\\/catalyseur-decisif-de-lintegration-economique-africaine\\\/\"},\"author\":{\"name\":\"admin\",\"@id\":\"https:\\\/\\\/lasentinelle.dz\\\/#\\\/schema\\\/person\\\/729ee0024f24e0b8c5ec17232f8e8b41\"},\"headline\":\"Catalyseur d\u00e9cisif de l&rsquo;int\u00e9gration \u00e9conomique africaine\",\"datePublished\":\"2025-09-03T12:24:38+00:00\",\"dateModified\":\"2025-09-03T12:24:39+00:00\",\"mainEntityOfPage\":{\"@id\":\"https:\\\/\\\/lasentinelle.dz\\\/index.php\\\/2025\\\/09\\\/03\\\/catalyseur-decisif-de-lintegration-economique-africaine\\\/\"},\"wordCount\":887,\"commentCount\":0,\"publisher\":{\"@id\":\"https:\\\/\\\/lasentinelle.dz\\\/#organization\"},\"image\":{\"@id\":\"https:\\\/\\\/lasentinelle.dz\\\/index.php\\\/2025\\\/09\\\/03\\\/catalyseur-decisif-de-lintegration-economique-africaine\\\/#primaryimage\"},\"thumbnailUrl\":\"https:\\\/\\\/lasentinelle.dz\\\/wp-content\\\/uploads\\\/2025\\\/08\\\/integration-afrique.png\",\"articleSection\":[\"Actualit\u00e9\"],\"inLanguage\":\"fr-FR\",\"potentialAction\":[{\"@type\":\"CommentAction\",\"name\":\"Comment\",\"target\":[\"https:\\\/\\\/lasentinelle.dz\\\/index.php\\\/2025\\\/09\\\/03\\\/catalyseur-decisif-de-lintegration-economique-africaine\\\/#respond\"]}]},{\"@type\":\"WebPage\",\"@id\":\"https:\\\/\\\/lasentinelle.dz\\\/index.php\\\/2025\\\/09\\\/03\\\/catalyseur-decisif-de-lintegration-economique-africaine\\\/\",\"url\":\"https:\\\/\\\/lasentinelle.dz\\\/index.php\\\/2025\\\/09\\\/03\\\/catalyseur-decisif-de-lintegration-economique-africaine\\\/\",\"name\":\"Catalyseur d\u00e9cisif de l&rsquo;int\u00e9gration \u00e9conomique africaine - La Sentinelle\",\"isPartOf\":{\"@id\":\"https:\\\/\\\/lasentinelle.dz\\\/#website\"},\"primaryImageOfPage\":{\"@id\":\"https:\\\/\\\/lasentinelle.dz\\\/index.php\\\/2025\\\/09\\\/03\\\/catalyseur-decisif-de-lintegration-economique-africaine\\\/#primaryimage\"},\"image\":{\"@id\":\"https:\\\/\\\/lasentinelle.dz\\\/index.php\\\/2025\\\/09\\\/03\\\/catalyseur-decisif-de-lintegration-economique-africaine\\\/#primaryimage\"},\"thumbnailUrl\":\"https:\\\/\\\/lasentinelle.dz\\\/wp-content\\\/uploads\\\/2025\\\/08\\\/integration-afrique.png\",\"datePublished\":\"2025-09-03T12:24:38+00:00\",\"dateModified\":\"2025-09-03T12:24:39+00:00\",\"breadcrumb\":{\"@id\":\"https:\\\/\\\/lasentinelle.dz\\\/index.php\\\/2025\\\/09\\\/03\\\/catalyseur-decisif-de-lintegration-economique-africaine\\\/#breadcrumb\"},\"inLanguage\":\"fr-FR\",\"potentialAction\":[{\"@type\":\"ReadAction\",\"target\":[\"https:\\\/\\\/lasentinelle.dz\\\/index.php\\\/2025\\\/09\\\/03\\\/catalyseur-decisif-de-lintegration-economique-africaine\\\/\"]}]},{\"@type\":\"ImageObject\",\"inLanguage\":\"fr-FR\",\"@id\":\"https:\\\/\\\/lasentinelle.dz\\\/index.php\\\/2025\\\/09\\\/03\\\/catalyseur-decisif-de-lintegration-economique-africaine\\\/#primaryimage\",\"url\":\"https:\\\/\\\/lasentinelle.dz\\\/wp-content\\\/uploads\\\/2025\\\/08\\\/integration-afrique.png\",\"contentUrl\":\"https:\\\/\\\/lasentinelle.dz\\\/wp-content\\\/uploads\\\/2025\\\/08\\\/integration-afrique.png\",\"width\":1792,\"height\":1024},{\"@type\":\"BreadcrumbList\",\"@id\":\"https:\\\/\\\/lasentinelle.dz\\\/index.php\\\/2025\\\/09\\\/03\\\/catalyseur-decisif-de-lintegration-economique-africaine\\\/#breadcrumb\",\"itemListElement\":[{\"@type\":\"ListItem\",\"position\":1,\"name\":\"Accueil\",\"item\":\"https:\\\/\\\/lasentinelle.dz\\\/\"},{\"@type\":\"ListItem\",\"position\":2,\"name\":\"Catalyseur d\u00e9cisif de l&rsquo;int\u00e9gration \u00e9conomique africaine\"}]},{\"@type\":\"WebSite\",\"@id\":\"https:\\\/\\\/lasentinelle.dz\\\/#website\",\"url\":\"https:\\\/\\\/lasentinelle.dz\\\/\",\"name\":\"La Sentinelle\",\"description\":\"Quotidien national d&#039;information\",\"publisher\":{\"@id\":\"https:\\\/\\\/lasentinelle.dz\\\/#organization\"},\"potentialAction\":[{\"@type\":\"SearchAction\",\"target\":{\"@type\":\"EntryPoint\",\"urlTemplate\":\"https:\\\/\\\/lasentinelle.dz\\\/?s={search_term_string}\"},\"query-input\":{\"@type\":\"PropertyValueSpecification\",\"valueRequired\":true,\"valueName\":\"search_term_string\"}}],\"inLanguage\":\"fr-FR\"},{\"@type\":\"Organization\",\"@id\":\"https:\\\/\\\/lasentinelle.dz\\\/#organization\",\"name\":\"Quotidien La Sentinelle\",\"url\":\"https:\\\/\\\/lasentinelle.dz\\\/\",\"logo\":{\"@type\":\"ImageObject\",\"inLanguage\":\"fr-FR\",\"@id\":\"https:\\\/\\\/lasentinelle.dz\\\/#\\\/schema\\\/logo\\\/image\\\/\",\"url\":\"https:\\\/\\\/lasentinelle.dz\\\/wp-content\\\/uploads\\\/2021\\\/09\\\/logo-sentinelleSLOGAN-1.png\",\"contentUrl\":\"https:\\\/\\\/lasentinelle.dz\\\/wp-content\\\/uploads\\\/2021\\\/09\\\/logo-sentinelleSLOGAN-1.png\",\"width\":615,\"height\":142,\"caption\":\"Quotidien La Sentinelle\"},\"image\":{\"@id\":\"https:\\\/\\\/lasentinelle.dz\\\/#\\\/schema\\\/logo\\\/image\\\/\"},\"sameAs\":[\"https:\\\/\\\/www.facebook.com\\\/La-Sentinelle-104059864394773\"]},{\"@type\":\"Person\",\"@id\":\"https:\\\/\\\/lasentinelle.dz\\\/#\\\/schema\\\/person\\\/729ee0024f24e0b8c5ec17232f8e8b41\",\"name\":\"admin\",\"image\":{\"@type\":\"ImageObject\",\"inLanguage\":\"fr-FR\",\"@id\":\"https:\\\/\\\/secure.gravatar.com\\\/avatar\\\/4c81fed838786e9b53f540bf46533e750f5d292099ae3b66cfc6fb1982e29df7?s=96&d=mm&r=g\",\"url\":\"https:\\\/\\\/secure.gravatar.com\\\/avatar\\\/4c81fed838786e9b53f540bf46533e750f5d292099ae3b66cfc6fb1982e29df7?s=96&d=mm&r=g\",\"contentUrl\":\"https:\\\/\\\/secure.gravatar.com\\\/avatar\\\/4c81fed838786e9b53f540bf46533e750f5d292099ae3b66cfc6fb1982e29df7?s=96&d=mm&r=g\",\"caption\":\"admin\"},\"description\":\"admin\",\"url\":\"https:\\\/\\\/lasentinelle.dz\\\/author\\\/admin\\\/\"}]}<\/script>\n<!-- \/ Yoast SEO plugin. -->","yoast_head_json":{"title":"Catalyseur d\u00e9cisif de l&rsquo;int\u00e9gration \u00e9conomique africaine - La Sentinelle","robots":{"index":"index","follow":"follow","max-snippet":"max-snippet:-1","max-image-preview":"max-image-preview:large","max-video-preview":"max-video-preview:-1"},"canonical":"https:\/\/lasentinelle.dz\/index.php\/2025\/09\/03\/catalyseur-decisif-de-lintegration-economique-africaine\/","og_locale":"fr_FR","og_type":"article","og_title":"Catalyseur d\u00e9cisif de l&rsquo;int\u00e9gration \u00e9conomique africaine - La Sentinelle","og_description":"La Foire commerciale intra-africaine (IATF 2025), qui se d\u00e9roulera \u00e0 Alger du 4 au 10 septembre, s&rsquo;impose comme un \u00e9v\u00e9nement","og_url":"https:\/\/lasentinelle.dz\/index.php\/2025\/09\/03\/catalyseur-decisif-de-lintegration-economique-africaine\/","og_site_name":"La Sentinelle","article_publisher":"https:\/\/www.facebook.com\/La-Sentinelle-104059864394773","article_published_time":"2025-09-03T12:24:38+00:00","article_modified_time":"2025-09-03T12:24:39+00:00","og_image":[{"width":1792,"height":1024,"url":"https:\/\/lasentinelle.dz\/wp-content\/uploads\/2025\/08\/integration-afrique.png","type":"image\/png"}],"author":"admin","twitter_card":"summary_large_image","twitter_misc":{"\u00c9crit par":"admin","Dur\u00e9e de lecture estim\u00e9e":"5 minutes"},"schema":{"@context":"https:\/\/schema.org","@graph":[{"@type":"Article","@id":"https:\/\/lasentinelle.dz\/index.php\/2025\/09\/03\/catalyseur-decisif-de-lintegration-economique-africaine\/#article","isPartOf":{"@id":"https:\/\/lasentinelle.dz\/index.php\/2025\/09\/03\/catalyseur-decisif-de-lintegration-economique-africaine\/"},"author":{"name":"admin","@id":"https:\/\/lasentinelle.dz\/#\/schema\/person\/729ee0024f24e0b8c5ec17232f8e8b41"},"headline":"Catalyseur d\u00e9cisif de l&rsquo;int\u00e9gration \u00e9conomique africaine","datePublished":"2025-09-03T12:24:38+00:00","dateModified":"2025-09-03T12:24:39+00:00","mainEntityOfPage":{"@id":"https:\/\/lasentinelle.dz\/index.php\/2025\/09\/03\/catalyseur-decisif-de-lintegration-economique-africaine\/"},"wordCount":887,"commentCount":0,"publisher":{"@id":"https:\/\/lasentinelle.dz\/#organization"},"image":{"@id":"https:\/\/lasentinelle.dz\/index.php\/2025\/09\/03\/catalyseur-decisif-de-lintegration-economique-africaine\/#primaryimage"},"thumbnailUrl":"https:\/\/lasentinelle.dz\/wp-content\/uploads\/2025\/08\/integration-afrique.png","articleSection":["Actualit\u00e9"],"inLanguage":"fr-FR","potentialAction":[{"@type":"CommentAction","name":"Comment","target":["https:\/\/lasentinelle.dz\/index.php\/2025\/09\/03\/catalyseur-decisif-de-lintegration-economique-africaine\/#respond"]}]},{"@type":"WebPage","@id":"https:\/\/lasentinelle.dz\/index.php\/2025\/09\/03\/catalyseur-decisif-de-lintegration-economique-africaine\/","url":"https:\/\/lasentinelle.dz\/index.php\/2025\/09\/03\/catalyseur-decisif-de-lintegration-economique-africaine\/","name":"Catalyseur d\u00e9cisif de l&rsquo;int\u00e9gration \u00e9conomique africaine - La Sentinelle","isPartOf":{"@id":"https:\/\/lasentinelle.dz\/#website"},"primaryImageOfPage":{"@id":"https:\/\/lasentinelle.dz\/index.php\/2025\/09\/03\/catalyseur-decisif-de-lintegration-economique-africaine\/#primaryimage"},"image":{"@id":"https:\/\/lasentinelle.dz\/index.php\/2025\/09\/03\/catalyseur-decisif-de-lintegration-economique-africaine\/#primaryimage"},"thumbnailUrl":"https:\/\/lasentinelle.dz\/wp-content\/uploads\/2025\/08\/integration-afrique.png","datePublished":"2025-09-03T12:24:38+00:00","dateModified":"2025-09-03T12:24:39+00:00","breadcrumb":{"@id":"https:\/\/lasentinelle.dz\/index.php\/2025\/09\/03\/catalyseur-decisif-de-lintegration-economique-africaine\/#breadcrumb"},"inLanguage":"fr-FR","potentialAction":[{"@type":"ReadAction","target":["https:\/\/lasentinelle.dz\/index.php\/2025\/09\/03\/catalyseur-decisif-de-lintegration-economique-africaine\/"]}]},{"@type":"ImageObject","inLanguage":"fr-FR","@id":"https:\/\/lasentinelle.dz\/index.php\/2025\/09\/03\/catalyseur-decisif-de-lintegration-economique-africaine\/#primaryimage","url":"https:\/\/lasentinelle.dz\/wp-content\/uploads\/2025\/08\/integration-afrique.png","contentUrl":"https:\/\/lasentinelle.dz\/wp-content\/uploads\/2025\/08\/integration-afrique.png","width":1792,"height":1024},{"@type":"BreadcrumbList","@id":"https:\/\/lasentinelle.dz\/index.php\/2025\/09\/03\/catalyseur-decisif-de-lintegration-economique-africaine\/#breadcrumb","itemListElement":[{"@type":"ListItem","position":1,"name":"Accueil","item":"https:\/\/lasentinelle.dz\/"},{"@type":"ListItem","position":2,"name":"Catalyseur d\u00e9cisif de l&rsquo;int\u00e9gration \u00e9conomique africaine"}]},{"@type":"WebSite","@id":"https:\/\/lasentinelle.dz\/#website","url":"https:\/\/lasentinelle.dz\/","name":"La Sentinelle","description":"Quotidien national d&#039;information","publisher":{"@id":"https:\/\/lasentinelle.dz\/#organization"},"potentialAction":[{"@type":"SearchAction","target":{"@type":"EntryPoint","urlTemplate":"https:\/\/lasentinelle.dz\/?s={search_term_string}"},"query-input":{"@type":"PropertyValueSpecification","valueRequired":true,"valueName":"search_term_string"}}],"inLanguage":"fr-FR"},{"@type":"Organization","@id":"https:\/\/lasentinelle.dz\/#organization","name":"Quotidien La Sentinelle","url":"https:\/\/lasentinelle.dz\/","logo":{"@type":"ImageObject","inLanguage":"fr-FR","@id":"https:\/\/lasentinelle.dz\/#\/schema\/logo\/image\/","url":"https:\/\/lasentinelle.dz\/wp-content\/uploads\/2021\/09\/logo-sentinelleSLOGAN-1.png","contentUrl":"https:\/\/lasentinelle.dz\/wp-content\/uploads\/2021\/09\/logo-sentinelleSLOGAN-1.png","width":615,"height":142,"caption":"Quotidien La Sentinelle"},"image":{"@id":"https:\/\/lasentinelle.dz\/#\/schema\/logo\/image\/"},"sameAs":["https:\/\/www.facebook.com\/La-Sentinelle-104059864394773"]},{"@type":"Person","@id":"https:\/\/lasentinelle.dz\/#\/schema\/person\/729ee0024f24e0b8c5ec17232f8e8b41","name":"admin","image":{"@type":"ImageObject","inLanguage":"fr-FR","@id":"https:\/\/secure.gravatar.com\/avatar\/4c81fed838786e9b53f540bf46533e750f5d292099ae3b66cfc6fb1982e29df7?s=96&d=mm&r=g","url":"https:\/\/secure.gravatar.com\/avatar\/4c81fed838786e9b53f540bf46533e750f5d292099ae3b66cfc6fb1982e29df7?s=96&d=mm&r=g","contentUrl":"https:\/\/secure.gravatar.com\/avatar\/4c81fed838786e9b53f540bf46533e750f5d292099ae3b66cfc6fb1982e29df7?s=96&d=mm&r=g","caption":"admin"},"description":"admin","url":"https:\/\/lasentinelle.dz\/author\/admin\/"}]}},"_links":{"self":[{"href":"https:\/\/lasentinelle.dz\/index.php\/wp-json\/wp\/v2\/posts\/72856","targetHints":{"allow":["GET"]}}],"collection":[{"href":"https:\/\/lasentinelle.dz\/index.php\/wp-json\/wp\/v2\/posts"}],"about":[{"href":"https:\/\/lasentinelle.dz\/index.php\/wp-json\/wp\/v2\/types\/post"}],"author":[{"embeddable":true,"href":"https:\/\/lasentinelle.dz\/index.php\/wp-json\/wp\/v2\/users\/6"}],"replies":[{"embeddable":true,"href":"https:\/\/lasentinelle.dz\/index.php\/wp-json\/wp\/v2\/comments?post=72856"}],"version-history":[{"count":2,"href":"https:\/\/lasentinelle.dz\/index.php\/wp-json\/wp\/v2\/posts\/72856\/revisions"}],"predecessor-version":[{"id":72858,"href":"https:\/\/lasentinelle.dz\/index.php\/wp-json\/wp\/v2\/posts\/72856\/revisions\/72858"}],"wp:featuredmedia":[{"embeddable":true,"href":"https:\/\/lasentinelle.dz\/index.php\/wp-json\/wp\/v2\/media\/72463"}],"wp:attachment":[{"href":"https:\/\/lasentinelle.dz\/index.php\/wp-json\/wp\/v2\/media?parent=72856"}],"wp:term":[{"taxonomy":"category","embeddable":true,"href":"https:\/\/lasentinelle.dz\/index.php\/wp-json\/wp\/v2\/categories?post=72856"},{"taxonomy":"post_tag","embeddable":true,"href":"https:\/\/lasentinelle.dz\/index.php\/wp-json\/wp\/v2\/tags?post=72856"}],"curies":[{"name":"wp","href":"https:\/\/api.w.org\/{rel}","templated":true}]}}