{"id":7287,"date":"2021-09-11T00:01:00","date_gmt":"2021-09-10T23:01:00","guid":{"rendered":"https:\/\/lasentinelle.dz\/?p=7287"},"modified":"2021-09-10T17:29:25","modified_gmt":"2021-09-10T16:29:25","slug":"etat-major-de-lanp-changement-a-la-tete-de-la-direction-de-la-communication","status":"publish","type":"post","link":"https:\/\/lasentinelle.dz\/index.php\/2021\/09\/11\/etat-major-de-lanp-changement-a-la-tete-de-la-direction-de-la-communication\/","title":{"rendered":"\u00c9tat-major de l\u2019ANP : Changement \u00e0 la t\u00eate de la Direction de la communication"},"content":{"rendered":"\n<p>Le chef d\u2019\u00c9tat-Major de l\u2019Arm\u00e9e nationale populaire, le G\u00e9n\u00e9ral de corps d\u2019Arm\u00e9e Said Chengriha, a pr\u00e9sid\u00e9 jeudi la c\u00e9r\u00e9monie d\u2019installation officielle du G\u00e9n\u00e9ral-Major Saba Mabrouk, en remplacement du G\u00e9n\u00e9ral-Major Maddi Boualem, au poste de Directeur de la communication, de l\u2019information et de l\u2019orientation au niveau de l\u2019\u00c9tat-major de l\u2019ANP.<\/p>\n\n\n\n<p>Au cours de cette c\u00e9r\u00e9monie qui s\u2019est d\u00e9roul\u00e9e \u00e0 l\u2019\u00e9cole sup\u00e9rieure militaire de l\u2019information et de la communication en 1<sup>re<\/sup> R\u00e9gion militaire, le chef d\u2019\u00c9tat-Major de l\u2019ANP a prononc\u00e9 un discours \u00e0 travers lequel il a soulign\u00e9 que \u00ab cette d\u00e9signation s\u2019inscrit dans la d\u00e9marche du Haut commandement de l\u2019ANP, visant \u00e0 faire de&nbsp; l\u2019alternance des postes et des fonctions aux diff\u00e9rents niveaux, une tradition louable et consacr\u00e9e, qui impulse une nouvelle dynamique dans les rangs et qui r\u00e9pond aux ambitions et espoirs des personnels de faire en sorte que le travail d\u00e9vou\u00e9, l\u2019int\u00e9grit\u00e9, la loyaut\u00e9, la comp\u00e9tence et le patriotisme, soient les seuls et uniques crit\u00e8res permettant d\u2019acc\u00e9der aux postes et aux fonctions sup\u00e9rieurs, notamment au sein de cette direction sensible, au regard du caract\u00e8re important et vital que rev\u00eat aujourd\u2019hui le domaine de l\u2019information et de la communication \u00bb.&nbsp;<\/p>\n\n\n\n<p>\u00ab Au nom du pr\u00e9sident de la R\u00e9publique, chef supr\u00eame des forces arm\u00e9es, ministre de la D\u00e9fense nationale et conform\u00e9ment au d\u00e9cret pr\u00e9sidentiel du 7 septembre 2021, j\u2019installe officiellement le G\u00e9n\u00e9ral-Major Saba Mabrouk dans les fonctions de directeur de la communication, de l\u2019information et de l\u2019orientation de l\u2019\u00e9tat major de l\u2019ANP, en remplacement du G\u00e9n\u00e9ral-Major Maddi Boualem \u00bb, a indiqu\u00e9 Said Chengriha, qui a affirm\u00e9 que \u00ab le Haut commandement, pleinement conscient de l\u2019imp\u00e9ratif de relever les nouveaux d\u00e9fis, s\u2019att\u00e8le \u00e0 la mise en place d\u2019une strat\u00e9gie d\u2019information et de communication efficiente, inspir\u00e9e des valeurs de notre glorieuse r\u00e9volution de lib\u00e9ration et guid\u00e9e par notre patrimoine historique nationale, charg\u00e9 de gloire et de hauts faits \u00bb.<\/p>\n\n\n\n<p>\u00ab Au sein de l\u2019ANP, nous sommes pleinement&nbsp; conscients de l\u2019imp\u00e9ratif de relever ces r\u00e9els d\u00e9fis et nous \u0153uvrons \u00e0 la faveur du soutien et des orientations du pr\u00e9sident de la R\u00e9publique, chef supr\u00eame des Forces arm\u00e9es et ministre de la D\u00e9fense nationale, \u00e0 la mise en place d\u2019une nouvelle strat\u00e9gie d\u2019information et de communication efficiente, inspir\u00e9e des valeurs de notre glorieuse r\u00e9volution de lib\u00e9ration et guid\u00e9e par notre patrimoine historique national, charg\u00e9 de gloire et de hauts faits, une strat\u00e9gie adapt\u00e9e aux composantes de notre identit\u00e9 nationale et de nos propres sp\u00e9cificit\u00e9s, capable de contribuer \u00e0 la construction d\u2019un appareil de d\u00e9fense nationale performant, ou l\u2019information et la communication tiennent un r\u00f4le pivot \u00bb. Au terme de son intervention, le G\u00e9n\u00e9ral de corps d\u2019Arm\u00e9e SaidChanegriha a donn\u00e9 des orientations et des instructions&nbsp; aux cadres de directions, portant en substance sur la n\u00e9cessit\u00e9 de \u00ab la multiplication et de la coordination des efforts, pour faire face \u00e0 toutes les campagnes de propagandes hostiles, quelque soient leur nature et origine, \u00e0 travers la mise en \u0153uvre d\u2019une communication instantan\u00e9e et cr\u00e9dible qui expose la v\u00e9rit\u00e9 et qui entretient des relations constructives avec les m\u00e9dias \u00bb.<\/p>\n\n\n\n<p>\u00ab C\u2019est ainsi que l\u2019ANP, digne h\u00e9riti\u00e8re de l\u2019Arm\u00e9e de lib\u00e9ration nationale demeurera le symbole des victoires, de la disponibilit\u00e9 et de l\u2019\u00c9tat pr\u00eat permanent \u00e0 d\u00e9fendre les int\u00e9r\u00eats supr\u00eames de la Nation \u00bb, a pr\u00e9cis\u00e9 lechef d\u2019\u00c9tat-Major de l\u2019ANP.<\/p>\n\n\n\n<p><strong>Boubekeur Amrani<\/strong><\/p>\n","protected":false},"excerpt":{"rendered":"<p>Le chef d\u2019\u00c9tat-Major de l\u2019Arm\u00e9e nationale populaire, le G\u00e9n\u00e9ral de corps d\u2019Arm\u00e9e Said Chengriha, a pr\u00e9sid\u00e9 jeudi la c\u00e9r\u00e9monie d\u2019installation<\/p>\n","protected":false},"author":3,"featured_media":7290,"comment_status":"open","ping_status":"closed","sticky":false,"template":"","format":"standard","meta":{"colormag_page_container_layout":"default_layout","colormag_page_sidebar_layout":"default_layout","om_disable_all_campaigns":false,"_monsterinsights_skip_tracking":false,"_monsterinsights_sitenote_active":false,"_monsterinsights_sitenote_note":"","_monsterinsights_sitenote_category":0,"footnotes":"","_wpscppro_dont_share_socialmedia":false,"_wpscppro_custom_social_share_image":0,"_facebook_share_type":"","_twitter_share_type":"","_linkedin_share_type":"","_pinterest_share_type":"","_linkedin_share_type_page":"","_instagram_share_type":"","_medium_share_type":"","_threads_share_type":"","_google_business_share_type":"","_selected_social_profile":[],"_wpsp_enable_custom_social_template":false,"_wpsp_social_scheduling":{"enabled":false,"datetime":null,"platforms":[],"status":"template_only","dateOption":"today","timeOption":"now","customDays":"","customHours":"","customDate":"","customTime":"","schedulingType":"absolute"},"_wpsp_active_default_template":true},"categories":[27],"tags":[],"class_list":["post-7287","post","type-post","status-publish","format-standard","has-post-thumbnail","hentry","category-actualite"],"aioseo_notices":[],"yoast_head":"<!-- This site is optimized with the Yoast SEO plugin v27.5 - https:\/\/yoast.com\/product\/yoast-seo-wordpress\/ -->\n<title>\u00c9tat-major de l\u2019ANP : Changement \u00e0 la t\u00eate de la Direction de la communication - La Sentinelle<\/title>\n<meta name=\"robots\" content=\"index, follow, max-snippet:-1, max-image-preview:large, max-video-preview:-1\" \/>\n<link rel=\"canonical\" href=\"https:\/\/lasentinelle.dz\/index.php\/2021\/09\/11\/etat-major-de-lanp-changement-a-la-tete-de-la-direction-de-la-communication\/\" \/>\n<meta property=\"og:locale\" content=\"fr_FR\" \/>\n<meta property=\"og:type\" content=\"article\" \/>\n<meta property=\"og:title\" content=\"\u00c9tat-major de l\u2019ANP : Changement \u00e0 la t\u00eate de la Direction de la communication - La Sentinelle\" \/>\n<meta property=\"og:description\" content=\"Le chef d\u2019\u00c9tat-Major de l\u2019Arm\u00e9e nationale populaire, le G\u00e9n\u00e9ral de corps d\u2019Arm\u00e9e Said Chengriha, a pr\u00e9sid\u00e9 jeudi la c\u00e9r\u00e9monie d\u2019installation\" \/>\n<meta property=\"og:url\" content=\"https:\/\/lasentinelle.dz\/index.php\/2021\/09\/11\/etat-major-de-lanp-changement-a-la-tete-de-la-direction-de-la-communication\/\" \/>\n<meta property=\"og:site_name\" content=\"La Sentinelle\" \/>\n<meta property=\"article:publisher\" content=\"https:\/\/www.facebook.com\/La-Sentinelle-104059864394773\" \/>\n<meta property=\"article:published_time\" content=\"2021-09-10T23:01:00+00:00\" \/>\n<meta property=\"og:image\" content=\"https:\/\/lasentinelle.dz\/wp-content\/uploads\/2021\/09\/image_2021-09-10_172918.png\" \/>\n\t<meta property=\"og:image:width\" content=\"745\" \/>\n\t<meta property=\"og:image:height\" content=\"470\" \/>\n\t<meta property=\"og:image:type\" content=\"image\/png\" \/>\n<meta name=\"author\" content=\"La Sentinelle\" \/>\n<meta name=\"twitter:card\" content=\"summary_large_image\" \/>\n<meta name=\"twitter:label1\" content=\"\u00c9crit par\" \/>\n\t<meta name=\"twitter:data1\" content=\"La Sentinelle\" \/>\n\t<meta name=\"twitter:label2\" content=\"Dur\u00e9e de lecture estim\u00e9e\" \/>\n\t<meta name=\"twitter:data2\" content=\"3 minutes\" \/>\n<script type=\"application\/ld+json\" class=\"yoast-schema-graph\">{\"@context\":\"https:\\\/\\\/schema.org\",\"@graph\":[{\"@type\":\"Article\",\"@id\":\"https:\\\/\\\/lasentinelle.dz\\\/index.php\\\/2021\\\/09\\\/11\\\/etat-major-de-lanp-changement-a-la-tete-de-la-direction-de-la-communication\\\/#article\",\"isPartOf\":{\"@id\":\"https:\\\/\\\/lasentinelle.dz\\\/index.php\\\/2021\\\/09\\\/11\\\/etat-major-de-lanp-changement-a-la-tete-de-la-direction-de-la-communication\\\/\"},\"author\":{\"name\":\"La Sentinelle\",\"@id\":\"https:\\\/\\\/lasentinelle.dz\\\/#\\\/schema\\\/person\\\/d865044e22e70a75174ce8bcad3acfb3\"},\"headline\":\"\u00c9tat-major de l\u2019ANP : Changement \u00e0 la t\u00eate de la Direction de la communication\",\"datePublished\":\"2021-09-10T23:01:00+00:00\",\"mainEntityOfPage\":{\"@id\":\"https:\\\/\\\/lasentinelle.dz\\\/index.php\\\/2021\\\/09\\\/11\\\/etat-major-de-lanp-changement-a-la-tete-de-la-direction-de-la-communication\\\/\"},\"wordCount\":666,\"commentCount\":0,\"publisher\":{\"@id\":\"https:\\\/\\\/lasentinelle.dz\\\/#organization\"},\"image\":{\"@id\":\"https:\\\/\\\/lasentinelle.dz\\\/index.php\\\/2021\\\/09\\\/11\\\/etat-major-de-lanp-changement-a-la-tete-de-la-direction-de-la-communication\\\/#primaryimage\"},\"thumbnailUrl\":\"https:\\\/\\\/lasentinelle.dz\\\/wp-content\\\/uploads\\\/2021\\\/09\\\/image_2021-09-10_172918.png\",\"articleSection\":[\"Actualit\u00e9\"],\"inLanguage\":\"fr-FR\",\"potentialAction\":[{\"@type\":\"CommentAction\",\"name\":\"Comment\",\"target\":[\"https:\\\/\\\/lasentinelle.dz\\\/index.php\\\/2021\\\/09\\\/11\\\/etat-major-de-lanp-changement-a-la-tete-de-la-direction-de-la-communication\\\/#respond\"]}]},{\"@type\":\"WebPage\",\"@id\":\"https:\\\/\\\/lasentinelle.dz\\\/index.php\\\/2021\\\/09\\\/11\\\/etat-major-de-lanp-changement-a-la-tete-de-la-direction-de-la-communication\\\/\",\"url\":\"https:\\\/\\\/lasentinelle.dz\\\/index.php\\\/2021\\\/09\\\/11\\\/etat-major-de-lanp-changement-a-la-tete-de-la-direction-de-la-communication\\\/\",\"name\":\"\u00c9tat-major de l\u2019ANP : Changement \u00e0 la t\u00eate de la Direction de la communication - La Sentinelle\",\"isPartOf\":{\"@id\":\"https:\\\/\\\/lasentinelle.dz\\\/#website\"},\"primaryImageOfPage\":{\"@id\":\"https:\\\/\\\/lasentinelle.dz\\\/index.php\\\/2021\\\/09\\\/11\\\/etat-major-de-lanp-changement-a-la-tete-de-la-direction-de-la-communication\\\/#primaryimage\"},\"image\":{\"@id\":\"https:\\\/\\\/lasentinelle.dz\\\/index.php\\\/2021\\\/09\\\/11\\\/etat-major-de-lanp-changement-a-la-tete-de-la-direction-de-la-communication\\\/#primaryimage\"},\"thumbnailUrl\":\"https:\\\/\\\/lasentinelle.dz\\\/wp-content\\\/uploads\\\/2021\\\/09\\\/image_2021-09-10_172918.png\",\"datePublished\":\"2021-09-10T23:01:00+00:00\",\"breadcrumb\":{\"@id\":\"https:\\\/\\\/lasentinelle.dz\\\/index.php\\\/2021\\\/09\\\/11\\\/etat-major-de-lanp-changement-a-la-tete-de-la-direction-de-la-communication\\\/#breadcrumb\"},\"inLanguage\":\"fr-FR\",\"potentialAction\":[{\"@type\":\"ReadAction\",\"target\":[\"https:\\\/\\\/lasentinelle.dz\\\/index.php\\\/2021\\\/09\\\/11\\\/etat-major-de-lanp-changement-a-la-tete-de-la-direction-de-la-communication\\\/\"]}]},{\"@type\":\"ImageObject\",\"inLanguage\":\"fr-FR\",\"@id\":\"https:\\\/\\\/lasentinelle.dz\\\/index.php\\\/2021\\\/09\\\/11\\\/etat-major-de-lanp-changement-a-la-tete-de-la-direction-de-la-communication\\\/#primaryimage\",\"url\":\"https:\\\/\\\/lasentinelle.dz\\\/wp-content\\\/uploads\\\/2021\\\/09\\\/image_2021-09-10_172918.png\",\"contentUrl\":\"https:\\\/\\\/lasentinelle.dz\\\/wp-content\\\/uploads\\\/2021\\\/09\\\/image_2021-09-10_172918.png\",\"width\":745,\"height\":470},{\"@type\":\"BreadcrumbList\",\"@id\":\"https:\\\/\\\/lasentinelle.dz\\\/index.php\\\/2021\\\/09\\\/11\\\/etat-major-de-lanp-changement-a-la-tete-de-la-direction-de-la-communication\\\/#breadcrumb\",\"itemListElement\":[{\"@type\":\"ListItem\",\"position\":1,\"name\":\"Accueil\",\"item\":\"https:\\\/\\\/lasentinelle.dz\\\/\"},{\"@type\":\"ListItem\",\"position\":2,\"name\":\"\u00c9tat-major de l\u2019ANP : Changement \u00e0 la t\u00eate de la Direction de la communication\"}]},{\"@type\":\"WebSite\",\"@id\":\"https:\\\/\\\/lasentinelle.dz\\\/#website\",\"url\":\"https:\\\/\\\/lasentinelle.dz\\\/\",\"name\":\"La Sentinelle\",\"description\":\"Quotidien national d&#039;information\",\"publisher\":{\"@id\":\"https:\\\/\\\/lasentinelle.dz\\\/#organization\"},\"potentialAction\":[{\"@type\":\"SearchAction\",\"target\":{\"@type\":\"EntryPoint\",\"urlTemplate\":\"https:\\\/\\\/lasentinelle.dz\\\/?s={search_term_string}\"},\"query-input\":{\"@type\":\"PropertyValueSpecification\",\"valueRequired\":true,\"valueName\":\"search_term_string\"}}],\"inLanguage\":\"fr-FR\"},{\"@type\":\"Organization\",\"@id\":\"https:\\\/\\\/lasentinelle.dz\\\/#organization\",\"name\":\"Quotidien La Sentinelle\",\"url\":\"https:\\\/\\\/lasentinelle.dz\\\/\",\"logo\":{\"@type\":\"ImageObject\",\"inLanguage\":\"fr-FR\",\"@id\":\"https:\\\/\\\/lasentinelle.dz\\\/#\\\/schema\\\/logo\\\/image\\\/\",\"url\":\"https:\\\/\\\/lasentinelle.dz\\\/wp-content\\\/uploads\\\/2021\\\/09\\\/logo-sentinelleSLOGAN-1.png\",\"contentUrl\":\"https:\\\/\\\/lasentinelle.dz\\\/wp-content\\\/uploads\\\/2021\\\/09\\\/logo-sentinelleSLOGAN-1.png\",\"width\":615,\"height\":142,\"caption\":\"Quotidien La Sentinelle\"},\"image\":{\"@id\":\"https:\\\/\\\/lasentinelle.dz\\\/#\\\/schema\\\/logo\\\/image\\\/\"},\"sameAs\":[\"https:\\\/\\\/www.facebook.com\\\/La-Sentinelle-104059864394773\"]},{\"@type\":\"Person\",\"@id\":\"https:\\\/\\\/lasentinelle.dz\\\/#\\\/schema\\\/person\\\/d865044e22e70a75174ce8bcad3acfb3\",\"name\":\"La Sentinelle\",\"image\":{\"@type\":\"ImageObject\",\"inLanguage\":\"fr-FR\",\"@id\":\"https:\\\/\\\/secure.gravatar.com\\\/avatar\\\/57de8e5d4b15d43fb361a71fbb36338450fe67865b528a43dd10ef7c51a20392?s=96&d=mm&r=g\",\"url\":\"https:\\\/\\\/secure.gravatar.com\\\/avatar\\\/57de8e5d4b15d43fb361a71fbb36338450fe67865b528a43dd10ef7c51a20392?s=96&d=mm&r=g\",\"contentUrl\":\"https:\\\/\\\/secure.gravatar.com\\\/avatar\\\/57de8e5d4b15d43fb361a71fbb36338450fe67865b528a43dd10ef7c51a20392?s=96&d=mm&r=g\",\"caption\":\"La Sentinelle\"},\"sameAs\":[\"http:\\\/\\\/www.lasentinelle.dz\"],\"url\":\"https:\\\/\\\/lasentinelle.dz\\\/author\\\/redaction\\\/\"}]}<\/script>\n<!-- \/ Yoast SEO plugin. -->","yoast_head_json":{"title":"\u00c9tat-major de l\u2019ANP : Changement \u00e0 la t\u00eate de la Direction de la communication - La Sentinelle","robots":{"index":"index","follow":"follow","max-snippet":"max-snippet:-1","max-image-preview":"max-image-preview:large","max-video-preview":"max-video-preview:-1"},"canonical":"https:\/\/lasentinelle.dz\/index.php\/2021\/09\/11\/etat-major-de-lanp-changement-a-la-tete-de-la-direction-de-la-communication\/","og_locale":"fr_FR","og_type":"article","og_title":"\u00c9tat-major de l\u2019ANP : Changement \u00e0 la t\u00eate de la Direction de la communication - La Sentinelle","og_description":"Le chef d\u2019\u00c9tat-Major de l\u2019Arm\u00e9e nationale populaire, le G\u00e9n\u00e9ral de corps d\u2019Arm\u00e9e Said Chengriha, a pr\u00e9sid\u00e9 jeudi la c\u00e9r\u00e9monie d\u2019installation","og_url":"https:\/\/lasentinelle.dz\/index.php\/2021\/09\/11\/etat-major-de-lanp-changement-a-la-tete-de-la-direction-de-la-communication\/","og_site_name":"La Sentinelle","article_publisher":"https:\/\/www.facebook.com\/La-Sentinelle-104059864394773","article_published_time":"2021-09-10T23:01:00+00:00","og_image":[{"width":745,"height":470,"url":"https:\/\/lasentinelle.dz\/wp-content\/uploads\/2021\/09\/image_2021-09-10_172918.png","type":"image\/png"}],"author":"La Sentinelle","twitter_card":"summary_large_image","twitter_misc":{"\u00c9crit par":"La Sentinelle","Dur\u00e9e de lecture estim\u00e9e":"3 minutes"},"schema":{"@context":"https:\/\/schema.org","@graph":[{"@type":"Article","@id":"https:\/\/lasentinelle.dz\/index.php\/2021\/09\/11\/etat-major-de-lanp-changement-a-la-tete-de-la-direction-de-la-communication\/#article","isPartOf":{"@id":"https:\/\/lasentinelle.dz\/index.php\/2021\/09\/11\/etat-major-de-lanp-changement-a-la-tete-de-la-direction-de-la-communication\/"},"author":{"name":"La Sentinelle","@id":"https:\/\/lasentinelle.dz\/#\/schema\/person\/d865044e22e70a75174ce8bcad3acfb3"},"headline":"\u00c9tat-major de l\u2019ANP : Changement \u00e0 la t\u00eate de la Direction de la communication","datePublished":"2021-09-10T23:01:00+00:00","mainEntityOfPage":{"@id":"https:\/\/lasentinelle.dz\/index.php\/2021\/09\/11\/etat-major-de-lanp-changement-a-la-tete-de-la-direction-de-la-communication\/"},"wordCount":666,"commentCount":0,"publisher":{"@id":"https:\/\/lasentinelle.dz\/#organization"},"image":{"@id":"https:\/\/lasentinelle.dz\/index.php\/2021\/09\/11\/etat-major-de-lanp-changement-a-la-tete-de-la-direction-de-la-communication\/#primaryimage"},"thumbnailUrl":"https:\/\/lasentinelle.dz\/wp-content\/uploads\/2021\/09\/image_2021-09-10_172918.png","articleSection":["Actualit\u00e9"],"inLanguage":"fr-FR","potentialAction":[{"@type":"CommentAction","name":"Comment","target":["https:\/\/lasentinelle.dz\/index.php\/2021\/09\/11\/etat-major-de-lanp-changement-a-la-tete-de-la-direction-de-la-communication\/#respond"]}]},{"@type":"WebPage","@id":"https:\/\/lasentinelle.dz\/index.php\/2021\/09\/11\/etat-major-de-lanp-changement-a-la-tete-de-la-direction-de-la-communication\/","url":"https:\/\/lasentinelle.dz\/index.php\/2021\/09\/11\/etat-major-de-lanp-changement-a-la-tete-de-la-direction-de-la-communication\/","name":"\u00c9tat-major de l\u2019ANP : Changement \u00e0 la t\u00eate de la Direction de la communication - La Sentinelle","isPartOf":{"@id":"https:\/\/lasentinelle.dz\/#website"},"primaryImageOfPage":{"@id":"https:\/\/lasentinelle.dz\/index.php\/2021\/09\/11\/etat-major-de-lanp-changement-a-la-tete-de-la-direction-de-la-communication\/#primaryimage"},"image":{"@id":"https:\/\/lasentinelle.dz\/index.php\/2021\/09\/11\/etat-major-de-lanp-changement-a-la-tete-de-la-direction-de-la-communication\/#primaryimage"},"thumbnailUrl":"https:\/\/lasentinelle.dz\/wp-content\/uploads\/2021\/09\/image_2021-09-10_172918.png","datePublished":"2021-09-10T23:01:00+00:00","breadcrumb":{"@id":"https:\/\/lasentinelle.dz\/index.php\/2021\/09\/11\/etat-major-de-lanp-changement-a-la-tete-de-la-direction-de-la-communication\/#breadcrumb"},"inLanguage":"fr-FR","potentialAction":[{"@type":"ReadAction","target":["https:\/\/lasentinelle.dz\/index.php\/2021\/09\/11\/etat-major-de-lanp-changement-a-la-tete-de-la-direction-de-la-communication\/"]}]},{"@type":"ImageObject","inLanguage":"fr-FR","@id":"https:\/\/lasentinelle.dz\/index.php\/2021\/09\/11\/etat-major-de-lanp-changement-a-la-tete-de-la-direction-de-la-communication\/#primaryimage","url":"https:\/\/lasentinelle.dz\/wp-content\/uploads\/2021\/09\/image_2021-09-10_172918.png","contentUrl":"https:\/\/lasentinelle.dz\/wp-content\/uploads\/2021\/09\/image_2021-09-10_172918.png","width":745,"height":470},{"@type":"BreadcrumbList","@id":"https:\/\/lasentinelle.dz\/index.php\/2021\/09\/11\/etat-major-de-lanp-changement-a-la-tete-de-la-direction-de-la-communication\/#breadcrumb","itemListElement":[{"@type":"ListItem","position":1,"name":"Accueil","item":"https:\/\/lasentinelle.dz\/"},{"@type":"ListItem","position":2,"name":"\u00c9tat-major de l\u2019ANP : Changement \u00e0 la t\u00eate de la Direction de la communication"}]},{"@type":"WebSite","@id":"https:\/\/lasentinelle.dz\/#website","url":"https:\/\/lasentinelle.dz\/","name":"La Sentinelle","description":"Quotidien national d&#039;information","publisher":{"@id":"https:\/\/lasentinelle.dz\/#organization"},"potentialAction":[{"@type":"SearchAction","target":{"@type":"EntryPoint","urlTemplate":"https:\/\/lasentinelle.dz\/?s={search_term_string}"},"query-input":{"@type":"PropertyValueSpecification","valueRequired":true,"valueName":"search_term_string"}}],"inLanguage":"fr-FR"},{"@type":"Organization","@id":"https:\/\/lasentinelle.dz\/#organization","name":"Quotidien La Sentinelle","url":"https:\/\/lasentinelle.dz\/","logo":{"@type":"ImageObject","inLanguage":"fr-FR","@id":"https:\/\/lasentinelle.dz\/#\/schema\/logo\/image\/","url":"https:\/\/lasentinelle.dz\/wp-content\/uploads\/2021\/09\/logo-sentinelleSLOGAN-1.png","contentUrl":"https:\/\/lasentinelle.dz\/wp-content\/uploads\/2021\/09\/logo-sentinelleSLOGAN-1.png","width":615,"height":142,"caption":"Quotidien La Sentinelle"},"image":{"@id":"https:\/\/lasentinelle.dz\/#\/schema\/logo\/image\/"},"sameAs":["https:\/\/www.facebook.com\/La-Sentinelle-104059864394773"]},{"@type":"Person","@id":"https:\/\/lasentinelle.dz\/#\/schema\/person\/d865044e22e70a75174ce8bcad3acfb3","name":"La Sentinelle","image":{"@type":"ImageObject","inLanguage":"fr-FR","@id":"https:\/\/secure.gravatar.com\/avatar\/57de8e5d4b15d43fb361a71fbb36338450fe67865b528a43dd10ef7c51a20392?s=96&d=mm&r=g","url":"https:\/\/secure.gravatar.com\/avatar\/57de8e5d4b15d43fb361a71fbb36338450fe67865b528a43dd10ef7c51a20392?s=96&d=mm&r=g","contentUrl":"https:\/\/secure.gravatar.com\/avatar\/57de8e5d4b15d43fb361a71fbb36338450fe67865b528a43dd10ef7c51a20392?s=96&d=mm&r=g","caption":"La Sentinelle"},"sameAs":["http:\/\/www.lasentinelle.dz"],"url":"https:\/\/lasentinelle.dz\/author\/redaction\/"}]}},"_links":{"self":[{"href":"https:\/\/lasentinelle.dz\/index.php\/wp-json\/wp\/v2\/posts\/7287","targetHints":{"allow":["GET"]}}],"collection":[{"href":"https:\/\/lasentinelle.dz\/index.php\/wp-json\/wp\/v2\/posts"}],"about":[{"href":"https:\/\/lasentinelle.dz\/index.php\/wp-json\/wp\/v2\/types\/post"}],"author":[{"embeddable":true,"href":"https:\/\/lasentinelle.dz\/index.php\/wp-json\/wp\/v2\/users\/3"}],"replies":[{"embeddable":true,"href":"https:\/\/lasentinelle.dz\/index.php\/wp-json\/wp\/v2\/comments?post=7287"}],"version-history":[{"count":1,"href":"https:\/\/lasentinelle.dz\/index.php\/wp-json\/wp\/v2\/posts\/7287\/revisions"}],"predecessor-version":[{"id":7291,"href":"https:\/\/lasentinelle.dz\/index.php\/wp-json\/wp\/v2\/posts\/7287\/revisions\/7291"}],"wp:featuredmedia":[{"embeddable":true,"href":"https:\/\/lasentinelle.dz\/index.php\/wp-json\/wp\/v2\/media\/7290"}],"wp:attachment":[{"href":"https:\/\/lasentinelle.dz\/index.php\/wp-json\/wp\/v2\/media?parent=7287"}],"wp:term":[{"taxonomy":"category","embeddable":true,"href":"https:\/\/lasentinelle.dz\/index.php\/wp-json\/wp\/v2\/categories?post=7287"},{"taxonomy":"post_tag","embeddable":true,"href":"https:\/\/lasentinelle.dz\/index.php\/wp-json\/wp\/v2\/tags?post=7287"}],"curies":[{"name":"wp","href":"https:\/\/api.w.org\/{rel}","templated":true}]}}