{"id":7292,"date":"2021-09-11T00:01:00","date_gmt":"2021-09-10T23:01:00","guid":{"rendered":"https:\/\/lasentinelle.dz\/?p=7292"},"modified":"2021-09-10T18:17:02","modified_gmt":"2021-09-10T17:17:02","slug":"vaccin-chinois-anti-covid-19-la-fabrication-debutera-fin-septembre","status":"publish","type":"post","link":"https:\/\/lasentinelle.dz\/index.php\/2021\/09\/11\/vaccin-chinois-anti-covid-19-la-fabrication-debutera-fin-septembre\/","title":{"rendered":"Vaccin chinois anti-Covid-19 : La fabrication d\u00e9butera fin septembre"},"content":{"rendered":"\n<p>Le minist\u00e8re de l\u2019Industrie pharmaceutique a affirm\u00e9, hier, que \u00able projet de fabrication du vaccin coronavac, anti-Covid-19 par le groupe industriel public Saidal en partenariat avec la soci\u00e9t\u00e9 chinoise Sinovac sera r\u00e9alis\u00e9 conform\u00e9ment au calendrier fix\u00e9 et n\u2019a pas enregistr\u00e9 aucun retard\u00bb. Le d\u00e9partement de Lotfi Benbahmed a pr\u00e9cis\u00e9 dans un communiqu\u00e9 de presse que \u00able calendrier de fabrication n\u2019a pas enregistr\u00e9 de retard.Au contraire ce projet avance bien alors que ce vaccin a \u00e9t\u00e9 commercialis\u00e9 r\u00e9cemment soit moins d\u2019une ann\u00e9e\u00bb, ajoutant dans la foul\u00e9e que \u00abla mati\u00e8re premi\u00e8re a \u00e9t\u00e9 r\u00e9ceptionn\u00e9e le 27 ao\u00fbt dernier conform\u00e9ment aux clauses du contrat sign\u00e9 avec la soci\u00e9t\u00e9 chinoise Sinovac et nous avons entam\u00e9, d\u00e9j\u00e0, les analyses biologiques et microbiologiques qui vont s\u2019\u00e9taler sur trois semaines\u00bb. Selon la m\u00eame source, la fabrication de ce vaccin d\u00e9butera \u00e0 la fin du mois courant (septembre).<\/p>\n\n\n\n<p>Il faut dire que la fabrication locale des vaccins et des m\u00e9dicaments ainsi que des \u00e9quipements entrant dans le traitement du coronavirus est l\u2019une des priorit\u00e9s de la strat\u00e9gie initi\u00e9e par les autorit\u00e9s afin de garantir la s\u00e9curit\u00e9 sanitaire du pays.<\/p>\n\n\n\n<p>C\u2019est dans ce contexte aussi que le secr\u00e9taire g\u00e9n\u00e9ral des laboratoires pharmaceutiques Frater-Razes, Abderrahmane Boudiba a annonc\u00e9 dans une d\u00e9claration \u00e0 l\u2019APS que \u00abces laboratoires vont fabriquer en Alg\u00e9rie, d&rsquo;ici la fin de l&rsquo;ann\u00e9e en cours, 15 millions de seringues d&rsquo;anticoagulants utilis\u00e9s notamment dans le protocole th\u00e9rapeutique contre la Covid-19\u00bb, soulignant que \u00able laboratoire pharmaceutique a \u00e9galement produit durant le premier semestre 2021 un total de 10 millions de doses, ce qui devra porter la production sur l&rsquo;ensemble de l&rsquo;ann\u00e9e \u00e0 25 millions de doses\u00bb. Ce responsable a pr\u00e9cis\u00e9 que \u00abla demande d&rsquo;anticoagulants hors pand\u00e9mie de Covid-19 est de 8 millions de seringues\/an\u00bb, ajoutant que \u00abla production actuelle \u00ab\u00a0couvre toute la demande du march\u00e9 national \u00e0 travers l&rsquo;approvisionnement de la Pharmacie centrale des h\u00f4pitaux (PCH) et les officines priv\u00e9es via les grossistes\u00bb.<\/p>\n\n\n\n<p>S&rsquo;agissant du m\u00e9dicament produit par Frater-Razes, le Varenox, un biosimilaire de l&rsquo;Enoxaparine (Lovenox) injectable, M. Boudiba assure que la livraison s&rsquo;effectue de mani\u00e8re quotidienne aupr\u00e8s de la PCH et des grossistes, en saisissant l&rsquo;occasion pour appeler les prescripteurs \u00e0 favoriser la production nationale par rapport aux anticoagulants import\u00e9s. Aussi, la responsable de la communication au minist\u00e8re de l&rsquo;Industrie pharmaceutique, Madame Nesrine Charikhi, a d\u00e9clar\u00e9 : \u00able princeps Lovenox est limit\u00e9 alors que le (g\u00e9n\u00e9rique) Varenox produit en Alg\u00e9rie est largement disponible\u00bb, estimant au passage que \u00abcertains prescripteurs induisent les patients en erreur alors qu&rsquo;il s&rsquo;agit du m\u00eame principe actif, \u00e0 savoir l&rsquo;Enoxaparine\u00bb. Elle a r\u00e9v\u00e9l\u00e9, \u00e9galement, que \u00abdans le cadre du protocole th\u00e9rapeutique adopt\u00e9 par le minist\u00e8re de la Sant\u00e9, un autre anticoagulant a \u00e9t\u00e9 inscrit, l&rsquo;Innohep (Tinzaparine), disponible \u00e0 travers les diff\u00e9rentes structures de sant\u00e9\u00bb. Rappelons que la cha\u00eene de production du Varenox a \u00e9t\u00e9 inaugur\u00e9e en septembre 2020, avec une capacit\u00e9 de production pouvant atteindre 75.000 unit\u00e9s\/jour. Un projet qui permettra de renoncer \u00e0 l&rsquo;importation de ce m\u00e9dicament qui co\u00fbte plus de 60 millions de dollars\/an. Depuis fin d\u00e9cembre dernier, les anticoagulants, notamment le Lovenox, connaissent des ruptures au niveau des officines, selon des constats sur le terrain, ce qui a amen\u00e9 les citoyens \u00e0 se les procurer via les r\u00e9seaux sociaux, notamment les patients qui se sont vus prescrire ces m\u00e9dicaments au titre du traitement contre le Covid-19 qui entra\u00eene un dysfonctionnement de la coagulation.<\/p>\n\n\n\n<p><strong>Fai\u00e7al Bedjaoui<\/strong><\/p>\n","protected":false},"excerpt":{"rendered":"<p>Le minist\u00e8re de l\u2019Industrie pharmaceutique a affirm\u00e9, hier, que \u00able projet de fabrication du vaccin coronavac, anti-Covid-19 par le groupe<\/p>\n","protected":false},"author":3,"featured_media":7302,"comment_status":"open","ping_status":"closed","sticky":false,"template":"","format":"standard","meta":{"colormag_page_container_layout":"default_layout","colormag_page_sidebar_layout":"default_layout","om_disable_all_campaigns":false,"_monsterinsights_skip_tracking":false,"_monsterinsights_sitenote_active":false,"_monsterinsights_sitenote_note":"","_monsterinsights_sitenote_category":0,"footnotes":"","_wpscppro_dont_share_socialmedia":false,"_wpscppro_custom_social_share_image":0,"_facebook_share_type":"","_twitter_share_type":"","_linkedin_share_type":"","_pinterest_share_type":"","_linkedin_share_type_page":"","_instagram_share_type":"","_medium_share_type":"","_threads_share_type":"","_google_business_share_type":"","_selected_social_profile":[],"_wpsp_enable_custom_social_template":false,"_wpsp_social_scheduling":{"enabled":false,"datetime":null,"platforms":[],"status":"template_only","dateOption":"today","timeOption":"now","customDays":"","customHours":"","customDate":"","customTime":"","schedulingType":"absolute"},"_wpsp_active_default_template":true},"categories":[27],"tags":[],"class_list":["post-7292","post","type-post","status-publish","format-standard","has-post-thumbnail","hentry","category-actualite"],"aioseo_notices":[],"yoast_head":"<!-- This site is optimized with the Yoast SEO plugin v27.5 - https:\/\/yoast.com\/product\/yoast-seo-wordpress\/ -->\n<title>Vaccin chinois anti-Covid-19 : La fabrication d\u00e9butera fin septembre - La Sentinelle<\/title>\n<meta name=\"robots\" content=\"index, follow, max-snippet:-1, max-image-preview:large, max-video-preview:-1\" \/>\n<link rel=\"canonical\" href=\"https:\/\/lasentinelle.dz\/index.php\/2021\/09\/11\/vaccin-chinois-anti-covid-19-la-fabrication-debutera-fin-septembre\/\" \/>\n<meta property=\"og:locale\" content=\"fr_FR\" \/>\n<meta property=\"og:type\" content=\"article\" \/>\n<meta property=\"og:title\" content=\"Vaccin chinois anti-Covid-19 : La fabrication d\u00e9butera fin septembre - La Sentinelle\" \/>\n<meta property=\"og:description\" content=\"Le minist\u00e8re de l\u2019Industrie pharmaceutique a affirm\u00e9, hier, que \u00able projet de fabrication du vaccin coronavac, anti-Covid-19 par le groupe\" \/>\n<meta property=\"og:url\" content=\"https:\/\/lasentinelle.dz\/index.php\/2021\/09\/11\/vaccin-chinois-anti-covid-19-la-fabrication-debutera-fin-septembre\/\" \/>\n<meta property=\"og:site_name\" content=\"La Sentinelle\" \/>\n<meta property=\"article:publisher\" content=\"https:\/\/www.facebook.com\/La-Sentinelle-104059864394773\" \/>\n<meta property=\"article:published_time\" content=\"2021-09-10T23:01:00+00:00\" \/>\n<meta property=\"og:image\" content=\"https:\/\/lasentinelle.dz\/wp-content\/uploads\/2021\/09\/image_2021-09-10_181655.png\" \/>\n\t<meta property=\"og:image:width\" content=\"864\" \/>\n\t<meta property=\"og:image:height\" content=\"486\" \/>\n\t<meta property=\"og:image:type\" content=\"image\/png\" \/>\n<meta name=\"author\" content=\"La Sentinelle\" \/>\n<meta name=\"twitter:card\" content=\"summary_large_image\" \/>\n<meta name=\"twitter:label1\" content=\"\u00c9crit par\" \/>\n\t<meta name=\"twitter:data1\" content=\"La Sentinelle\" \/>\n\t<meta name=\"twitter:label2\" content=\"Dur\u00e9e de lecture estim\u00e9e\" \/>\n\t<meta name=\"twitter:data2\" content=\"3 minutes\" \/>\n<script type=\"application\/ld+json\" class=\"yoast-schema-graph\">{\"@context\":\"https:\\\/\\\/schema.org\",\"@graph\":[{\"@type\":\"Article\",\"@id\":\"https:\\\/\\\/lasentinelle.dz\\\/index.php\\\/2021\\\/09\\\/11\\\/vaccin-chinois-anti-covid-19-la-fabrication-debutera-fin-septembre\\\/#article\",\"isPartOf\":{\"@id\":\"https:\\\/\\\/lasentinelle.dz\\\/index.php\\\/2021\\\/09\\\/11\\\/vaccin-chinois-anti-covid-19-la-fabrication-debutera-fin-septembre\\\/\"},\"author\":{\"name\":\"La Sentinelle\",\"@id\":\"https:\\\/\\\/lasentinelle.dz\\\/#\\\/schema\\\/person\\\/d865044e22e70a75174ce8bcad3acfb3\"},\"headline\":\"Vaccin chinois anti-Covid-19 : La fabrication d\u00e9butera fin septembre\",\"datePublished\":\"2021-09-10T23:01:00+00:00\",\"mainEntityOfPage\":{\"@id\":\"https:\\\/\\\/lasentinelle.dz\\\/index.php\\\/2021\\\/09\\\/11\\\/vaccin-chinois-anti-covid-19-la-fabrication-debutera-fin-septembre\\\/\"},\"wordCount\":635,\"commentCount\":0,\"publisher\":{\"@id\":\"https:\\\/\\\/lasentinelle.dz\\\/#organization\"},\"image\":{\"@id\":\"https:\\\/\\\/lasentinelle.dz\\\/index.php\\\/2021\\\/09\\\/11\\\/vaccin-chinois-anti-covid-19-la-fabrication-debutera-fin-septembre\\\/#primaryimage\"},\"thumbnailUrl\":\"https:\\\/\\\/lasentinelle.dz\\\/wp-content\\\/uploads\\\/2021\\\/09\\\/image_2021-09-10_181655.png\",\"articleSection\":[\"Actualit\u00e9\"],\"inLanguage\":\"fr-FR\",\"potentialAction\":[{\"@type\":\"CommentAction\",\"name\":\"Comment\",\"target\":[\"https:\\\/\\\/lasentinelle.dz\\\/index.php\\\/2021\\\/09\\\/11\\\/vaccin-chinois-anti-covid-19-la-fabrication-debutera-fin-septembre\\\/#respond\"]}]},{\"@type\":\"WebPage\",\"@id\":\"https:\\\/\\\/lasentinelle.dz\\\/index.php\\\/2021\\\/09\\\/11\\\/vaccin-chinois-anti-covid-19-la-fabrication-debutera-fin-septembre\\\/\",\"url\":\"https:\\\/\\\/lasentinelle.dz\\\/index.php\\\/2021\\\/09\\\/11\\\/vaccin-chinois-anti-covid-19-la-fabrication-debutera-fin-septembre\\\/\",\"name\":\"Vaccin chinois anti-Covid-19 : La fabrication d\u00e9butera fin septembre - La Sentinelle\",\"isPartOf\":{\"@id\":\"https:\\\/\\\/lasentinelle.dz\\\/#website\"},\"primaryImageOfPage\":{\"@id\":\"https:\\\/\\\/lasentinelle.dz\\\/index.php\\\/2021\\\/09\\\/11\\\/vaccin-chinois-anti-covid-19-la-fabrication-debutera-fin-septembre\\\/#primaryimage\"},\"image\":{\"@id\":\"https:\\\/\\\/lasentinelle.dz\\\/index.php\\\/2021\\\/09\\\/11\\\/vaccin-chinois-anti-covid-19-la-fabrication-debutera-fin-septembre\\\/#primaryimage\"},\"thumbnailUrl\":\"https:\\\/\\\/lasentinelle.dz\\\/wp-content\\\/uploads\\\/2021\\\/09\\\/image_2021-09-10_181655.png\",\"datePublished\":\"2021-09-10T23:01:00+00:00\",\"breadcrumb\":{\"@id\":\"https:\\\/\\\/lasentinelle.dz\\\/index.php\\\/2021\\\/09\\\/11\\\/vaccin-chinois-anti-covid-19-la-fabrication-debutera-fin-septembre\\\/#breadcrumb\"},\"inLanguage\":\"fr-FR\",\"potentialAction\":[{\"@type\":\"ReadAction\",\"target\":[\"https:\\\/\\\/lasentinelle.dz\\\/index.php\\\/2021\\\/09\\\/11\\\/vaccin-chinois-anti-covid-19-la-fabrication-debutera-fin-septembre\\\/\"]}]},{\"@type\":\"ImageObject\",\"inLanguage\":\"fr-FR\",\"@id\":\"https:\\\/\\\/lasentinelle.dz\\\/index.php\\\/2021\\\/09\\\/11\\\/vaccin-chinois-anti-covid-19-la-fabrication-debutera-fin-septembre\\\/#primaryimage\",\"url\":\"https:\\\/\\\/lasentinelle.dz\\\/wp-content\\\/uploads\\\/2021\\\/09\\\/image_2021-09-10_181655.png\",\"contentUrl\":\"https:\\\/\\\/lasentinelle.dz\\\/wp-content\\\/uploads\\\/2021\\\/09\\\/image_2021-09-10_181655.png\",\"width\":864,\"height\":486},{\"@type\":\"BreadcrumbList\",\"@id\":\"https:\\\/\\\/lasentinelle.dz\\\/index.php\\\/2021\\\/09\\\/11\\\/vaccin-chinois-anti-covid-19-la-fabrication-debutera-fin-septembre\\\/#breadcrumb\",\"itemListElement\":[{\"@type\":\"ListItem\",\"position\":1,\"name\":\"Accueil\",\"item\":\"https:\\\/\\\/lasentinelle.dz\\\/\"},{\"@type\":\"ListItem\",\"position\":2,\"name\":\"Vaccin chinois anti-Covid-19 : La fabrication d\u00e9butera fin septembre\"}]},{\"@type\":\"WebSite\",\"@id\":\"https:\\\/\\\/lasentinelle.dz\\\/#website\",\"url\":\"https:\\\/\\\/lasentinelle.dz\\\/\",\"name\":\"La Sentinelle\",\"description\":\"Quotidien national d&#039;information\",\"publisher\":{\"@id\":\"https:\\\/\\\/lasentinelle.dz\\\/#organization\"},\"potentialAction\":[{\"@type\":\"SearchAction\",\"target\":{\"@type\":\"EntryPoint\",\"urlTemplate\":\"https:\\\/\\\/lasentinelle.dz\\\/?s={search_term_string}\"},\"query-input\":{\"@type\":\"PropertyValueSpecification\",\"valueRequired\":true,\"valueName\":\"search_term_string\"}}],\"inLanguage\":\"fr-FR\"},{\"@type\":\"Organization\",\"@id\":\"https:\\\/\\\/lasentinelle.dz\\\/#organization\",\"name\":\"Quotidien La Sentinelle\",\"url\":\"https:\\\/\\\/lasentinelle.dz\\\/\",\"logo\":{\"@type\":\"ImageObject\",\"inLanguage\":\"fr-FR\",\"@id\":\"https:\\\/\\\/lasentinelle.dz\\\/#\\\/schema\\\/logo\\\/image\\\/\",\"url\":\"https:\\\/\\\/lasentinelle.dz\\\/wp-content\\\/uploads\\\/2021\\\/09\\\/logo-sentinelleSLOGAN-1.png\",\"contentUrl\":\"https:\\\/\\\/lasentinelle.dz\\\/wp-content\\\/uploads\\\/2021\\\/09\\\/logo-sentinelleSLOGAN-1.png\",\"width\":615,\"height\":142,\"caption\":\"Quotidien La Sentinelle\"},\"image\":{\"@id\":\"https:\\\/\\\/lasentinelle.dz\\\/#\\\/schema\\\/logo\\\/image\\\/\"},\"sameAs\":[\"https:\\\/\\\/www.facebook.com\\\/La-Sentinelle-104059864394773\"]},{\"@type\":\"Person\",\"@id\":\"https:\\\/\\\/lasentinelle.dz\\\/#\\\/schema\\\/person\\\/d865044e22e70a75174ce8bcad3acfb3\",\"name\":\"La Sentinelle\",\"image\":{\"@type\":\"ImageObject\",\"inLanguage\":\"fr-FR\",\"@id\":\"https:\\\/\\\/secure.gravatar.com\\\/avatar\\\/57de8e5d4b15d43fb361a71fbb36338450fe67865b528a43dd10ef7c51a20392?s=96&d=mm&r=g\",\"url\":\"https:\\\/\\\/secure.gravatar.com\\\/avatar\\\/57de8e5d4b15d43fb361a71fbb36338450fe67865b528a43dd10ef7c51a20392?s=96&d=mm&r=g\",\"contentUrl\":\"https:\\\/\\\/secure.gravatar.com\\\/avatar\\\/57de8e5d4b15d43fb361a71fbb36338450fe67865b528a43dd10ef7c51a20392?s=96&d=mm&r=g\",\"caption\":\"La Sentinelle\"},\"sameAs\":[\"http:\\\/\\\/www.lasentinelle.dz\"],\"url\":\"https:\\\/\\\/lasentinelle.dz\\\/author\\\/redaction\\\/\"}]}<\/script>\n<!-- \/ Yoast SEO plugin. -->","yoast_head_json":{"title":"Vaccin chinois anti-Covid-19 : La fabrication d\u00e9butera fin septembre - La Sentinelle","robots":{"index":"index","follow":"follow","max-snippet":"max-snippet:-1","max-image-preview":"max-image-preview:large","max-video-preview":"max-video-preview:-1"},"canonical":"https:\/\/lasentinelle.dz\/index.php\/2021\/09\/11\/vaccin-chinois-anti-covid-19-la-fabrication-debutera-fin-septembre\/","og_locale":"fr_FR","og_type":"article","og_title":"Vaccin chinois anti-Covid-19 : La fabrication d\u00e9butera fin septembre - La Sentinelle","og_description":"Le minist\u00e8re de l\u2019Industrie pharmaceutique a affirm\u00e9, hier, que \u00able projet de fabrication du vaccin coronavac, anti-Covid-19 par le groupe","og_url":"https:\/\/lasentinelle.dz\/index.php\/2021\/09\/11\/vaccin-chinois-anti-covid-19-la-fabrication-debutera-fin-septembre\/","og_site_name":"La Sentinelle","article_publisher":"https:\/\/www.facebook.com\/La-Sentinelle-104059864394773","article_published_time":"2021-09-10T23:01:00+00:00","og_image":[{"width":864,"height":486,"url":"https:\/\/lasentinelle.dz\/wp-content\/uploads\/2021\/09\/image_2021-09-10_181655.png","type":"image\/png"}],"author":"La Sentinelle","twitter_card":"summary_large_image","twitter_misc":{"\u00c9crit par":"La Sentinelle","Dur\u00e9e de lecture estim\u00e9e":"3 minutes"},"schema":{"@context":"https:\/\/schema.org","@graph":[{"@type":"Article","@id":"https:\/\/lasentinelle.dz\/index.php\/2021\/09\/11\/vaccin-chinois-anti-covid-19-la-fabrication-debutera-fin-septembre\/#article","isPartOf":{"@id":"https:\/\/lasentinelle.dz\/index.php\/2021\/09\/11\/vaccin-chinois-anti-covid-19-la-fabrication-debutera-fin-septembre\/"},"author":{"name":"La Sentinelle","@id":"https:\/\/lasentinelle.dz\/#\/schema\/person\/d865044e22e70a75174ce8bcad3acfb3"},"headline":"Vaccin chinois anti-Covid-19 : La fabrication d\u00e9butera fin septembre","datePublished":"2021-09-10T23:01:00+00:00","mainEntityOfPage":{"@id":"https:\/\/lasentinelle.dz\/index.php\/2021\/09\/11\/vaccin-chinois-anti-covid-19-la-fabrication-debutera-fin-septembre\/"},"wordCount":635,"commentCount":0,"publisher":{"@id":"https:\/\/lasentinelle.dz\/#organization"},"image":{"@id":"https:\/\/lasentinelle.dz\/index.php\/2021\/09\/11\/vaccin-chinois-anti-covid-19-la-fabrication-debutera-fin-septembre\/#primaryimage"},"thumbnailUrl":"https:\/\/lasentinelle.dz\/wp-content\/uploads\/2021\/09\/image_2021-09-10_181655.png","articleSection":["Actualit\u00e9"],"inLanguage":"fr-FR","potentialAction":[{"@type":"CommentAction","name":"Comment","target":["https:\/\/lasentinelle.dz\/index.php\/2021\/09\/11\/vaccin-chinois-anti-covid-19-la-fabrication-debutera-fin-septembre\/#respond"]}]},{"@type":"WebPage","@id":"https:\/\/lasentinelle.dz\/index.php\/2021\/09\/11\/vaccin-chinois-anti-covid-19-la-fabrication-debutera-fin-septembre\/","url":"https:\/\/lasentinelle.dz\/index.php\/2021\/09\/11\/vaccin-chinois-anti-covid-19-la-fabrication-debutera-fin-septembre\/","name":"Vaccin chinois anti-Covid-19 : La fabrication d\u00e9butera fin septembre - La Sentinelle","isPartOf":{"@id":"https:\/\/lasentinelle.dz\/#website"},"primaryImageOfPage":{"@id":"https:\/\/lasentinelle.dz\/index.php\/2021\/09\/11\/vaccin-chinois-anti-covid-19-la-fabrication-debutera-fin-septembre\/#primaryimage"},"image":{"@id":"https:\/\/lasentinelle.dz\/index.php\/2021\/09\/11\/vaccin-chinois-anti-covid-19-la-fabrication-debutera-fin-septembre\/#primaryimage"},"thumbnailUrl":"https:\/\/lasentinelle.dz\/wp-content\/uploads\/2021\/09\/image_2021-09-10_181655.png","datePublished":"2021-09-10T23:01:00+00:00","breadcrumb":{"@id":"https:\/\/lasentinelle.dz\/index.php\/2021\/09\/11\/vaccin-chinois-anti-covid-19-la-fabrication-debutera-fin-septembre\/#breadcrumb"},"inLanguage":"fr-FR","potentialAction":[{"@type":"ReadAction","target":["https:\/\/lasentinelle.dz\/index.php\/2021\/09\/11\/vaccin-chinois-anti-covid-19-la-fabrication-debutera-fin-septembre\/"]}]},{"@type":"ImageObject","inLanguage":"fr-FR","@id":"https:\/\/lasentinelle.dz\/index.php\/2021\/09\/11\/vaccin-chinois-anti-covid-19-la-fabrication-debutera-fin-septembre\/#primaryimage","url":"https:\/\/lasentinelle.dz\/wp-content\/uploads\/2021\/09\/image_2021-09-10_181655.png","contentUrl":"https:\/\/lasentinelle.dz\/wp-content\/uploads\/2021\/09\/image_2021-09-10_181655.png","width":864,"height":486},{"@type":"BreadcrumbList","@id":"https:\/\/lasentinelle.dz\/index.php\/2021\/09\/11\/vaccin-chinois-anti-covid-19-la-fabrication-debutera-fin-septembre\/#breadcrumb","itemListElement":[{"@type":"ListItem","position":1,"name":"Accueil","item":"https:\/\/lasentinelle.dz\/"},{"@type":"ListItem","position":2,"name":"Vaccin chinois anti-Covid-19 : La fabrication d\u00e9butera fin septembre"}]},{"@type":"WebSite","@id":"https:\/\/lasentinelle.dz\/#website","url":"https:\/\/lasentinelle.dz\/","name":"La Sentinelle","description":"Quotidien national d&#039;information","publisher":{"@id":"https:\/\/lasentinelle.dz\/#organization"},"potentialAction":[{"@type":"SearchAction","target":{"@type":"EntryPoint","urlTemplate":"https:\/\/lasentinelle.dz\/?s={search_term_string}"},"query-input":{"@type":"PropertyValueSpecification","valueRequired":true,"valueName":"search_term_string"}}],"inLanguage":"fr-FR"},{"@type":"Organization","@id":"https:\/\/lasentinelle.dz\/#organization","name":"Quotidien La Sentinelle","url":"https:\/\/lasentinelle.dz\/","logo":{"@type":"ImageObject","inLanguage":"fr-FR","@id":"https:\/\/lasentinelle.dz\/#\/schema\/logo\/image\/","url":"https:\/\/lasentinelle.dz\/wp-content\/uploads\/2021\/09\/logo-sentinelleSLOGAN-1.png","contentUrl":"https:\/\/lasentinelle.dz\/wp-content\/uploads\/2021\/09\/logo-sentinelleSLOGAN-1.png","width":615,"height":142,"caption":"Quotidien La Sentinelle"},"image":{"@id":"https:\/\/lasentinelle.dz\/#\/schema\/logo\/image\/"},"sameAs":["https:\/\/www.facebook.com\/La-Sentinelle-104059864394773"]},{"@type":"Person","@id":"https:\/\/lasentinelle.dz\/#\/schema\/person\/d865044e22e70a75174ce8bcad3acfb3","name":"La Sentinelle","image":{"@type":"ImageObject","inLanguage":"fr-FR","@id":"https:\/\/secure.gravatar.com\/avatar\/57de8e5d4b15d43fb361a71fbb36338450fe67865b528a43dd10ef7c51a20392?s=96&d=mm&r=g","url":"https:\/\/secure.gravatar.com\/avatar\/57de8e5d4b15d43fb361a71fbb36338450fe67865b528a43dd10ef7c51a20392?s=96&d=mm&r=g","contentUrl":"https:\/\/secure.gravatar.com\/avatar\/57de8e5d4b15d43fb361a71fbb36338450fe67865b528a43dd10ef7c51a20392?s=96&d=mm&r=g","caption":"La Sentinelle"},"sameAs":["http:\/\/www.lasentinelle.dz"],"url":"https:\/\/lasentinelle.dz\/author\/redaction\/"}]}},"_links":{"self":[{"href":"https:\/\/lasentinelle.dz\/index.php\/wp-json\/wp\/v2\/posts\/7292","targetHints":{"allow":["GET"]}}],"collection":[{"href":"https:\/\/lasentinelle.dz\/index.php\/wp-json\/wp\/v2\/posts"}],"about":[{"href":"https:\/\/lasentinelle.dz\/index.php\/wp-json\/wp\/v2\/types\/post"}],"author":[{"embeddable":true,"href":"https:\/\/lasentinelle.dz\/index.php\/wp-json\/wp\/v2\/users\/3"}],"replies":[{"embeddable":true,"href":"https:\/\/lasentinelle.dz\/index.php\/wp-json\/wp\/v2\/comments?post=7292"}],"version-history":[{"count":1,"href":"https:\/\/lasentinelle.dz\/index.php\/wp-json\/wp\/v2\/posts\/7292\/revisions"}],"predecessor-version":[{"id":7303,"href":"https:\/\/lasentinelle.dz\/index.php\/wp-json\/wp\/v2\/posts\/7292\/revisions\/7303"}],"wp:featuredmedia":[{"embeddable":true,"href":"https:\/\/lasentinelle.dz\/index.php\/wp-json\/wp\/v2\/media\/7302"}],"wp:attachment":[{"href":"https:\/\/lasentinelle.dz\/index.php\/wp-json\/wp\/v2\/media?parent=7292"}],"wp:term":[{"taxonomy":"category","embeddable":true,"href":"https:\/\/lasentinelle.dz\/index.php\/wp-json\/wp\/v2\/categories?post=7292"},{"taxonomy":"post_tag","embeddable":true,"href":"https:\/\/lasentinelle.dz\/index.php\/wp-json\/wp\/v2\/tags?post=7292"}],"curies":[{"name":"wp","href":"https:\/\/api.w.org\/{rel}","templated":true}]}}