{"id":72968,"date":"2025-09-07T14:12:33","date_gmt":"2025-09-07T13:12:33","guid":{"rendered":"https:\/\/lasentinelle.dz\/?p=72968"},"modified":"2025-09-07T14:12:34","modified_gmt":"2025-09-07T13:12:34","slug":"opep-vers-une-nouvelle-hausse-de-la-production","status":"publish","type":"post","link":"https:\/\/lasentinelle.dz\/index.php\/2025\/09\/07\/opep-vers-une-nouvelle-hausse-de-la-production\/","title":{"rendered":"Opep+\u00a0: Vers une nouvelle hausse de la production\u00a0?"},"content":{"rendered":"\n<p>Huit membres de l&rsquo;Organisation des pays exportateurs de p\u00e9trole et ses alli\u00e9s (OPEP+) examineront dimanche l&rsquo;opportunit\u00e9 d&rsquo;augmenter davantage leur production p\u00e9troli\u00e8re, selon deux sources proches des discussions rapport\u00e9es par Reuters. Les huit pays qui conc\u00e8dent d\u00e9j\u00e0 des coupes volontaires de la production de p\u00e9trole ont d\u00e9j\u00e0 invers\u00e9 leur politique de r\u00e9duction depuis avril en r\u00e9introduisant 2,5 millions de barils par jour, soit 2,4% de la demande mondiale. Cette nouvelle hausse potentielle signifierait que l&rsquo;OPEP+ commencerait \u00e0 d\u00e9manteler une seconde couche de coupes volontaires de 1,65 million de barils quotidiens, repr\u00e9sentant 1,6% de la demande mondiale, avec plus d&rsquo;un an d&rsquo;avance sur le calendrier initial pr\u00e9vu jusqu&rsquo;\u00e0 fin 2026. Les huit pays membres concern\u00e9s tiendront une r\u00e9union virtuelle dimanche pour d\u00e9cider des niveaux de production d&rsquo;octobre, dans un contexte o\u00f9 les cours du Brent \u00e9voluent autour de 68 dollars le baril, soutenus par les sanctions occidentales contre la Russie et l&rsquo;Iran malgr\u00e9 les hausses de production d\u00e9j\u00e0 annonc\u00e9es. Cependant, une source de l&rsquo;OPEP+ et plusieurs analystes n&rsquo;excluent pas que le l\u2019alliance choisisse de suspendre temporairement ses augmentations pour octobre, aucune d\u00e9cision d\u00e9finitive n&rsquo;ayant encore \u00e9t\u00e9 prise selon les informations de Reuters. Lors de leur derni\u00e8re r\u00e9union en ao\u00fbt, les huit membres avaient d\u00e9j\u00e0 augment\u00e9 leur production de 547.000 barils par jour pour septembre, compl\u00e9tant ainsi une hausse totale de 2,5 millions de barils quotidiens pour l&rsquo;ann\u00e9e, incluant une allocation suppl\u00e9mentaire de 300.000 barils pour les \u00c9mirats arabes unis. Cette nouvelle couche de restrictions de 1,65 million de barils quotidiens reste en vigueur jusqu&rsquo;\u00e0 fin 2026, tout comme une autre r\u00e9duction de 2 millions de barils par l&rsquo;ensemble des membres de l\u2019Opep+. Les prix du p\u00e9trole ont recul\u00e9 vendredi, le Brent pour livraison novembre perdant 2,22% \u00e0 65,50 dollars et le West Texas Intermediate chutant de 2,54% \u00e0 61,87 dollars, les op\u00e9rateurs s&rsquo;inqui\u00e9tant d&rsquo;une surabondance potentielle du march\u00e9 en cas de nouvelle hausse de l&rsquo;offre. Les analystes soulignent que les hausses pr\u00e9c\u00e9dentes de l&rsquo;OPEP+ n&rsquo;ont pas atteint les niveaux promis, contribuant paradoxalement \u00e0 maintenir les cours, tandis que les sanctions contre les producteurs russes et iraniens continuent de soutenir les prix.<\/p>\n\n\n\n<p>Amar Malki<\/p>\n","protected":false},"excerpt":{"rendered":"<p>Huit membres de l&rsquo;Organisation des pays exportateurs de p\u00e9trole et ses alli\u00e9s (OPEP+) examineront dimanche l&rsquo;opportunit\u00e9 d&rsquo;augmenter davantage leur production<\/p>\n","protected":false},"author":6,"featured_media":63909,"comment_status":"open","ping_status":"closed","sticky":false,"template":"","format":"standard","meta":{"colormag_page_container_layout":"default_layout","colormag_page_sidebar_layout":"default_layout","om_disable_all_campaigns":false,"_monsterinsights_skip_tracking":false,"_monsterinsights_sitenote_active":false,"_monsterinsights_sitenote_note":"","_monsterinsights_sitenote_category":0,"footnotes":"","_wpscppro_dont_share_socialmedia":false,"_wpscppro_custom_social_share_image":0,"_facebook_share_type":"default","_twitter_share_type":"default","_linkedin_share_type":"default","_pinterest_share_type":"default","_linkedin_share_type_page":"","_instagram_share_type":"default","_medium_share_type":"default","_threads_share_type":"default","_google_business_share_type":"default","_selected_social_profile":[],"_wpsp_enable_custom_social_template":false,"_wpsp_social_scheduling":{"enabled":false,"datetime":null,"platforms":[],"status":"template_only","dateOption":"today","timeOption":"now","customDays":"","customHours":"","customDate":"","customTime":"","schedulingType":"absolute"},"_wpsp_active_default_template":true},"categories":[29],"tags":[],"class_list":["post-72968","post","type-post","status-publish","format-standard","has-post-thumbnail","hentry","category-economie"],"aioseo_notices":[],"yoast_head":"<!-- This site is optimized with the Yoast SEO plugin v27.4 - https:\/\/yoast.com\/product\/yoast-seo-wordpress\/ -->\n<title>Opep+\u00a0: Vers une nouvelle hausse de la production\u00a0? - La Sentinelle<\/title>\n<meta name=\"robots\" content=\"index, follow, max-snippet:-1, max-image-preview:large, max-video-preview:-1\" \/>\n<link rel=\"canonical\" href=\"https:\/\/lasentinelle.dz\/index.php\/2025\/09\/07\/opep-vers-une-nouvelle-hausse-de-la-production\/\" \/>\n<meta property=\"og:locale\" content=\"fr_FR\" \/>\n<meta property=\"og:type\" content=\"article\" \/>\n<meta property=\"og:title\" content=\"Opep+\u00a0: Vers une nouvelle hausse de la production\u00a0? - La Sentinelle\" \/>\n<meta property=\"og:description\" content=\"Huit membres de l&rsquo;Organisation des pays exportateurs de p\u00e9trole et ses alli\u00e9s (OPEP+) examineront dimanche l&rsquo;opportunit\u00e9 d&rsquo;augmenter davantage leur production\" \/>\n<meta property=\"og:url\" content=\"https:\/\/lasentinelle.dz\/index.php\/2025\/09\/07\/opep-vers-une-nouvelle-hausse-de-la-production\/\" \/>\n<meta property=\"og:site_name\" content=\"La Sentinelle\" \/>\n<meta property=\"article:publisher\" content=\"https:\/\/www.facebook.com\/La-Sentinelle-104059864394773\" \/>\n<meta property=\"article:published_time\" content=\"2025-09-07T13:12:33+00:00\" \/>\n<meta property=\"article:modified_time\" content=\"2025-09-07T13:12:34+00:00\" \/>\n<meta property=\"og:image\" content=\"https:\/\/lasentinelle.dz\/wp-content\/uploads\/2025\/03\/Opep.jpeg\" \/>\n\t<meta property=\"og:image:width\" content=\"620\" \/>\n\t<meta property=\"og:image:height\" content=\"413\" \/>\n\t<meta property=\"og:image:type\" content=\"image\/jpeg\" \/>\n<meta name=\"author\" content=\"admin\" \/>\n<meta name=\"twitter:card\" content=\"summary_large_image\" \/>\n<meta name=\"twitter:label1\" content=\"\u00c9crit par\" \/>\n\t<meta name=\"twitter:data1\" content=\"admin\" \/>\n\t<meta name=\"twitter:label2\" content=\"Dur\u00e9e de lecture estim\u00e9e\" \/>\n\t<meta name=\"twitter:data2\" content=\"2 minutes\" \/>\n<script type=\"application\/ld+json\" class=\"yoast-schema-graph\">{\"@context\":\"https:\\\/\\\/schema.org\",\"@graph\":[{\"@type\":\"Article\",\"@id\":\"https:\\\/\\\/lasentinelle.dz\\\/index.php\\\/2025\\\/09\\\/07\\\/opep-vers-une-nouvelle-hausse-de-la-production\\\/#article\",\"isPartOf\":{\"@id\":\"https:\\\/\\\/lasentinelle.dz\\\/index.php\\\/2025\\\/09\\\/07\\\/opep-vers-une-nouvelle-hausse-de-la-production\\\/\"},\"author\":{\"name\":\"admin\",\"@id\":\"https:\\\/\\\/lasentinelle.dz\\\/#\\\/schema\\\/person\\\/729ee0024f24e0b8c5ec17232f8e8b41\"},\"headline\":\"Opep+\u00a0: Vers une nouvelle hausse de la production\u00a0?\",\"datePublished\":\"2025-09-07T13:12:33+00:00\",\"dateModified\":\"2025-09-07T13:12:34+00:00\",\"mainEntityOfPage\":{\"@id\":\"https:\\\/\\\/lasentinelle.dz\\\/index.php\\\/2025\\\/09\\\/07\\\/opep-vers-une-nouvelle-hausse-de-la-production\\\/\"},\"wordCount\":393,\"commentCount\":0,\"publisher\":{\"@id\":\"https:\\\/\\\/lasentinelle.dz\\\/#organization\"},\"image\":{\"@id\":\"https:\\\/\\\/lasentinelle.dz\\\/index.php\\\/2025\\\/09\\\/07\\\/opep-vers-une-nouvelle-hausse-de-la-production\\\/#primaryimage\"},\"thumbnailUrl\":\"https:\\\/\\\/lasentinelle.dz\\\/wp-content\\\/uploads\\\/2025\\\/03\\\/Opep.jpeg\",\"articleSection\":[\"\u00c9conomie\"],\"inLanguage\":\"fr-FR\",\"potentialAction\":[{\"@type\":\"CommentAction\",\"name\":\"Comment\",\"target\":[\"https:\\\/\\\/lasentinelle.dz\\\/index.php\\\/2025\\\/09\\\/07\\\/opep-vers-une-nouvelle-hausse-de-la-production\\\/#respond\"]}]},{\"@type\":\"WebPage\",\"@id\":\"https:\\\/\\\/lasentinelle.dz\\\/index.php\\\/2025\\\/09\\\/07\\\/opep-vers-une-nouvelle-hausse-de-la-production\\\/\",\"url\":\"https:\\\/\\\/lasentinelle.dz\\\/index.php\\\/2025\\\/09\\\/07\\\/opep-vers-une-nouvelle-hausse-de-la-production\\\/\",\"name\":\"Opep+\u00a0: Vers une nouvelle hausse de la production\u00a0? - La Sentinelle\",\"isPartOf\":{\"@id\":\"https:\\\/\\\/lasentinelle.dz\\\/#website\"},\"primaryImageOfPage\":{\"@id\":\"https:\\\/\\\/lasentinelle.dz\\\/index.php\\\/2025\\\/09\\\/07\\\/opep-vers-une-nouvelle-hausse-de-la-production\\\/#primaryimage\"},\"image\":{\"@id\":\"https:\\\/\\\/lasentinelle.dz\\\/index.php\\\/2025\\\/09\\\/07\\\/opep-vers-une-nouvelle-hausse-de-la-production\\\/#primaryimage\"},\"thumbnailUrl\":\"https:\\\/\\\/lasentinelle.dz\\\/wp-content\\\/uploads\\\/2025\\\/03\\\/Opep.jpeg\",\"datePublished\":\"2025-09-07T13:12:33+00:00\",\"dateModified\":\"2025-09-07T13:12:34+00:00\",\"breadcrumb\":{\"@id\":\"https:\\\/\\\/lasentinelle.dz\\\/index.php\\\/2025\\\/09\\\/07\\\/opep-vers-une-nouvelle-hausse-de-la-production\\\/#breadcrumb\"},\"inLanguage\":\"fr-FR\",\"potentialAction\":[{\"@type\":\"ReadAction\",\"target\":[\"https:\\\/\\\/lasentinelle.dz\\\/index.php\\\/2025\\\/09\\\/07\\\/opep-vers-une-nouvelle-hausse-de-la-production\\\/\"]}]},{\"@type\":\"ImageObject\",\"inLanguage\":\"fr-FR\",\"@id\":\"https:\\\/\\\/lasentinelle.dz\\\/index.php\\\/2025\\\/09\\\/07\\\/opep-vers-une-nouvelle-hausse-de-la-production\\\/#primaryimage\",\"url\":\"https:\\\/\\\/lasentinelle.dz\\\/wp-content\\\/uploads\\\/2025\\\/03\\\/Opep.jpeg\",\"contentUrl\":\"https:\\\/\\\/lasentinelle.dz\\\/wp-content\\\/uploads\\\/2025\\\/03\\\/Opep.jpeg\",\"width\":620,\"height\":413},{\"@type\":\"BreadcrumbList\",\"@id\":\"https:\\\/\\\/lasentinelle.dz\\\/index.php\\\/2025\\\/09\\\/07\\\/opep-vers-une-nouvelle-hausse-de-la-production\\\/#breadcrumb\",\"itemListElement\":[{\"@type\":\"ListItem\",\"position\":1,\"name\":\"Accueil\",\"item\":\"https:\\\/\\\/lasentinelle.dz\\\/\"},{\"@type\":\"ListItem\",\"position\":2,\"name\":\"Opep+\u00a0: Vers une nouvelle hausse de la production\u00a0?\"}]},{\"@type\":\"WebSite\",\"@id\":\"https:\\\/\\\/lasentinelle.dz\\\/#website\",\"url\":\"https:\\\/\\\/lasentinelle.dz\\\/\",\"name\":\"La Sentinelle\",\"description\":\"Quotidien national d&#039;information\",\"publisher\":{\"@id\":\"https:\\\/\\\/lasentinelle.dz\\\/#organization\"},\"potentialAction\":[{\"@type\":\"SearchAction\",\"target\":{\"@type\":\"EntryPoint\",\"urlTemplate\":\"https:\\\/\\\/lasentinelle.dz\\\/?s={search_term_string}\"},\"query-input\":{\"@type\":\"PropertyValueSpecification\",\"valueRequired\":true,\"valueName\":\"search_term_string\"}}],\"inLanguage\":\"fr-FR\"},{\"@type\":\"Organization\",\"@id\":\"https:\\\/\\\/lasentinelle.dz\\\/#organization\",\"name\":\"Quotidien La Sentinelle\",\"url\":\"https:\\\/\\\/lasentinelle.dz\\\/\",\"logo\":{\"@type\":\"ImageObject\",\"inLanguage\":\"fr-FR\",\"@id\":\"https:\\\/\\\/lasentinelle.dz\\\/#\\\/schema\\\/logo\\\/image\\\/\",\"url\":\"https:\\\/\\\/lasentinelle.dz\\\/wp-content\\\/uploads\\\/2021\\\/09\\\/logo-sentinelleSLOGAN-1.png\",\"contentUrl\":\"https:\\\/\\\/lasentinelle.dz\\\/wp-content\\\/uploads\\\/2021\\\/09\\\/logo-sentinelleSLOGAN-1.png\",\"width\":615,\"height\":142,\"caption\":\"Quotidien La Sentinelle\"},\"image\":{\"@id\":\"https:\\\/\\\/lasentinelle.dz\\\/#\\\/schema\\\/logo\\\/image\\\/\"},\"sameAs\":[\"https:\\\/\\\/www.facebook.com\\\/La-Sentinelle-104059864394773\"]},{\"@type\":\"Person\",\"@id\":\"https:\\\/\\\/lasentinelle.dz\\\/#\\\/schema\\\/person\\\/729ee0024f24e0b8c5ec17232f8e8b41\",\"name\":\"admin\",\"image\":{\"@type\":\"ImageObject\",\"inLanguage\":\"fr-FR\",\"@id\":\"https:\\\/\\\/secure.gravatar.com\\\/avatar\\\/4c81fed838786e9b53f540bf46533e750f5d292099ae3b66cfc6fb1982e29df7?s=96&d=mm&r=g\",\"url\":\"https:\\\/\\\/secure.gravatar.com\\\/avatar\\\/4c81fed838786e9b53f540bf46533e750f5d292099ae3b66cfc6fb1982e29df7?s=96&d=mm&r=g\",\"contentUrl\":\"https:\\\/\\\/secure.gravatar.com\\\/avatar\\\/4c81fed838786e9b53f540bf46533e750f5d292099ae3b66cfc6fb1982e29df7?s=96&d=mm&r=g\",\"caption\":\"admin\"},\"description\":\"admin\",\"url\":\"https:\\\/\\\/lasentinelle.dz\\\/author\\\/admin\\\/\"}]}<\/script>\n<!-- \/ Yoast SEO plugin. -->","yoast_head_json":{"title":"Opep+\u00a0: Vers une nouvelle hausse de la production\u00a0? - La Sentinelle","robots":{"index":"index","follow":"follow","max-snippet":"max-snippet:-1","max-image-preview":"max-image-preview:large","max-video-preview":"max-video-preview:-1"},"canonical":"https:\/\/lasentinelle.dz\/index.php\/2025\/09\/07\/opep-vers-une-nouvelle-hausse-de-la-production\/","og_locale":"fr_FR","og_type":"article","og_title":"Opep+\u00a0: Vers une nouvelle hausse de la production\u00a0? - La Sentinelle","og_description":"Huit membres de l&rsquo;Organisation des pays exportateurs de p\u00e9trole et ses alli\u00e9s (OPEP+) examineront dimanche l&rsquo;opportunit\u00e9 d&rsquo;augmenter davantage leur production","og_url":"https:\/\/lasentinelle.dz\/index.php\/2025\/09\/07\/opep-vers-une-nouvelle-hausse-de-la-production\/","og_site_name":"La Sentinelle","article_publisher":"https:\/\/www.facebook.com\/La-Sentinelle-104059864394773","article_published_time":"2025-09-07T13:12:33+00:00","article_modified_time":"2025-09-07T13:12:34+00:00","og_image":[{"width":620,"height":413,"url":"https:\/\/lasentinelle.dz\/wp-content\/uploads\/2025\/03\/Opep.jpeg","type":"image\/jpeg"}],"author":"admin","twitter_card":"summary_large_image","twitter_misc":{"\u00c9crit par":"admin","Dur\u00e9e de lecture estim\u00e9e":"2 minutes"},"schema":{"@context":"https:\/\/schema.org","@graph":[{"@type":"Article","@id":"https:\/\/lasentinelle.dz\/index.php\/2025\/09\/07\/opep-vers-une-nouvelle-hausse-de-la-production\/#article","isPartOf":{"@id":"https:\/\/lasentinelle.dz\/index.php\/2025\/09\/07\/opep-vers-une-nouvelle-hausse-de-la-production\/"},"author":{"name":"admin","@id":"https:\/\/lasentinelle.dz\/#\/schema\/person\/729ee0024f24e0b8c5ec17232f8e8b41"},"headline":"Opep+\u00a0: Vers une nouvelle hausse de la production\u00a0?","datePublished":"2025-09-07T13:12:33+00:00","dateModified":"2025-09-07T13:12:34+00:00","mainEntityOfPage":{"@id":"https:\/\/lasentinelle.dz\/index.php\/2025\/09\/07\/opep-vers-une-nouvelle-hausse-de-la-production\/"},"wordCount":393,"commentCount":0,"publisher":{"@id":"https:\/\/lasentinelle.dz\/#organization"},"image":{"@id":"https:\/\/lasentinelle.dz\/index.php\/2025\/09\/07\/opep-vers-une-nouvelle-hausse-de-la-production\/#primaryimage"},"thumbnailUrl":"https:\/\/lasentinelle.dz\/wp-content\/uploads\/2025\/03\/Opep.jpeg","articleSection":["\u00c9conomie"],"inLanguage":"fr-FR","potentialAction":[{"@type":"CommentAction","name":"Comment","target":["https:\/\/lasentinelle.dz\/index.php\/2025\/09\/07\/opep-vers-une-nouvelle-hausse-de-la-production\/#respond"]}]},{"@type":"WebPage","@id":"https:\/\/lasentinelle.dz\/index.php\/2025\/09\/07\/opep-vers-une-nouvelle-hausse-de-la-production\/","url":"https:\/\/lasentinelle.dz\/index.php\/2025\/09\/07\/opep-vers-une-nouvelle-hausse-de-la-production\/","name":"Opep+\u00a0: Vers une nouvelle hausse de la production\u00a0? - La Sentinelle","isPartOf":{"@id":"https:\/\/lasentinelle.dz\/#website"},"primaryImageOfPage":{"@id":"https:\/\/lasentinelle.dz\/index.php\/2025\/09\/07\/opep-vers-une-nouvelle-hausse-de-la-production\/#primaryimage"},"image":{"@id":"https:\/\/lasentinelle.dz\/index.php\/2025\/09\/07\/opep-vers-une-nouvelle-hausse-de-la-production\/#primaryimage"},"thumbnailUrl":"https:\/\/lasentinelle.dz\/wp-content\/uploads\/2025\/03\/Opep.jpeg","datePublished":"2025-09-07T13:12:33+00:00","dateModified":"2025-09-07T13:12:34+00:00","breadcrumb":{"@id":"https:\/\/lasentinelle.dz\/index.php\/2025\/09\/07\/opep-vers-une-nouvelle-hausse-de-la-production\/#breadcrumb"},"inLanguage":"fr-FR","potentialAction":[{"@type":"ReadAction","target":["https:\/\/lasentinelle.dz\/index.php\/2025\/09\/07\/opep-vers-une-nouvelle-hausse-de-la-production\/"]}]},{"@type":"ImageObject","inLanguage":"fr-FR","@id":"https:\/\/lasentinelle.dz\/index.php\/2025\/09\/07\/opep-vers-une-nouvelle-hausse-de-la-production\/#primaryimage","url":"https:\/\/lasentinelle.dz\/wp-content\/uploads\/2025\/03\/Opep.jpeg","contentUrl":"https:\/\/lasentinelle.dz\/wp-content\/uploads\/2025\/03\/Opep.jpeg","width":620,"height":413},{"@type":"BreadcrumbList","@id":"https:\/\/lasentinelle.dz\/index.php\/2025\/09\/07\/opep-vers-une-nouvelle-hausse-de-la-production\/#breadcrumb","itemListElement":[{"@type":"ListItem","position":1,"name":"Accueil","item":"https:\/\/lasentinelle.dz\/"},{"@type":"ListItem","position":2,"name":"Opep+\u00a0: Vers une nouvelle hausse de la production\u00a0?"}]},{"@type":"WebSite","@id":"https:\/\/lasentinelle.dz\/#website","url":"https:\/\/lasentinelle.dz\/","name":"La Sentinelle","description":"Quotidien national d&#039;information","publisher":{"@id":"https:\/\/lasentinelle.dz\/#organization"},"potentialAction":[{"@type":"SearchAction","target":{"@type":"EntryPoint","urlTemplate":"https:\/\/lasentinelle.dz\/?s={search_term_string}"},"query-input":{"@type":"PropertyValueSpecification","valueRequired":true,"valueName":"search_term_string"}}],"inLanguage":"fr-FR"},{"@type":"Organization","@id":"https:\/\/lasentinelle.dz\/#organization","name":"Quotidien La Sentinelle","url":"https:\/\/lasentinelle.dz\/","logo":{"@type":"ImageObject","inLanguage":"fr-FR","@id":"https:\/\/lasentinelle.dz\/#\/schema\/logo\/image\/","url":"https:\/\/lasentinelle.dz\/wp-content\/uploads\/2021\/09\/logo-sentinelleSLOGAN-1.png","contentUrl":"https:\/\/lasentinelle.dz\/wp-content\/uploads\/2021\/09\/logo-sentinelleSLOGAN-1.png","width":615,"height":142,"caption":"Quotidien La Sentinelle"},"image":{"@id":"https:\/\/lasentinelle.dz\/#\/schema\/logo\/image\/"},"sameAs":["https:\/\/www.facebook.com\/La-Sentinelle-104059864394773"]},{"@type":"Person","@id":"https:\/\/lasentinelle.dz\/#\/schema\/person\/729ee0024f24e0b8c5ec17232f8e8b41","name":"admin","image":{"@type":"ImageObject","inLanguage":"fr-FR","@id":"https:\/\/secure.gravatar.com\/avatar\/4c81fed838786e9b53f540bf46533e750f5d292099ae3b66cfc6fb1982e29df7?s=96&d=mm&r=g","url":"https:\/\/secure.gravatar.com\/avatar\/4c81fed838786e9b53f540bf46533e750f5d292099ae3b66cfc6fb1982e29df7?s=96&d=mm&r=g","contentUrl":"https:\/\/secure.gravatar.com\/avatar\/4c81fed838786e9b53f540bf46533e750f5d292099ae3b66cfc6fb1982e29df7?s=96&d=mm&r=g","caption":"admin"},"description":"admin","url":"https:\/\/lasentinelle.dz\/author\/admin\/"}]}},"_links":{"self":[{"href":"https:\/\/lasentinelle.dz\/index.php\/wp-json\/wp\/v2\/posts\/72968","targetHints":{"allow":["GET"]}}],"collection":[{"href":"https:\/\/lasentinelle.dz\/index.php\/wp-json\/wp\/v2\/posts"}],"about":[{"href":"https:\/\/lasentinelle.dz\/index.php\/wp-json\/wp\/v2\/types\/post"}],"author":[{"embeddable":true,"href":"https:\/\/lasentinelle.dz\/index.php\/wp-json\/wp\/v2\/users\/6"}],"replies":[{"embeddable":true,"href":"https:\/\/lasentinelle.dz\/index.php\/wp-json\/wp\/v2\/comments?post=72968"}],"version-history":[{"count":1,"href":"https:\/\/lasentinelle.dz\/index.php\/wp-json\/wp\/v2\/posts\/72968\/revisions"}],"predecessor-version":[{"id":72969,"href":"https:\/\/lasentinelle.dz\/index.php\/wp-json\/wp\/v2\/posts\/72968\/revisions\/72969"}],"wp:featuredmedia":[{"embeddable":true,"href":"https:\/\/lasentinelle.dz\/index.php\/wp-json\/wp\/v2\/media\/63909"}],"wp:attachment":[{"href":"https:\/\/lasentinelle.dz\/index.php\/wp-json\/wp\/v2\/media?parent=72968"}],"wp:term":[{"taxonomy":"category","embeddable":true,"href":"https:\/\/lasentinelle.dz\/index.php\/wp-json\/wp\/v2\/categories?post=72968"},{"taxonomy":"post_tag","embeddable":true,"href":"https:\/\/lasentinelle.dz\/index.php\/wp-json\/wp\/v2\/tags?post=72968"}],"curies":[{"name":"wp","href":"https:\/\/api.w.org\/{rel}","templated":true}]}}