{"id":72977,"date":"2025-09-07T14:16:14","date_gmt":"2025-09-07T13:16:14","guid":{"rendered":"https:\/\/lasentinelle.dz\/?p=72977"},"modified":"2025-09-07T14:16:15","modified_gmt":"2025-09-07T13:16:15","slug":"premiere-annee-de-second-mandat-du-president-tebboune-sous-le-signe-de-la-transformation-economique","status":"publish","type":"post","link":"https:\/\/lasentinelle.dz\/index.php\/2025\/09\/07\/premiere-annee-de-second-mandat-du-president-tebboune-sous-le-signe-de-la-transformation-economique\/","title":{"rendered":"Premi\u00e8re ann\u00e9e de second mandat du Pr\u00e9sident Tebboune\u00a0: Sous le signe de la transformation \u00e9conomique"},"content":{"rendered":"\n<p>Un an apr\u00e8s sa r\u00e9\u00e9lection, le pr\u00e9sident de la R\u00e9publique Abdelmadjid Tebboune accumule les r\u00e9alisations structurantes et avec l\u2019ambition de positionner l&rsquo;Alg\u00e9rie parmi les \u00e9conomies \u00e9mergentes.<\/p>\n\n\n\n<p>Un an apr\u00e8s sa r\u00e9\u00e9lection en septembre 2024, Abdelmadjid Tebboune peut dresser un bilan positif de r\u00e9alisations concr\u00e8tes qui transforment en profondeur le visage \u00e9conomique et social de l&rsquo;Alg\u00e9rie. Loin des promesses \u00e9lectorales creuses, le pr\u00e9sident de la R\u00e9publique a su traduire sur le terrain ses ambitions de d\u00e9veloppement, faisant de cette premi\u00e8re ann\u00e9e de second mandat une p\u00e9riode charni\u00e8re dans la construction de \u00ab\u00a0l&rsquo;Alg\u00e9rie victorieuse\u00a0\u00bb qu&rsquo;il appelle de ses v\u0153ux. Les chiffres parlent d&rsquo;eux-m\u00eames et t\u00e9moignent d&rsquo;une dynamique \u00e9conomique retrouv\u00e9e dans un contexte international pourtant marqu\u00e9 par de fortes incertitudes. Avec un objectif de croissance fix\u00e9 \u00e0 4,5% pour 2025, dont 5% hors hydrocarbures, l&rsquo;Alg\u00e9rie affiche des indicateurs macro\u00e9conomiques positifs et qui tranchent avec la situation g\u00e9n\u00e9rale dans la r\u00e9gion m\u00e9diterran\u00e9enne. Le produit int\u00e9rieur brut devrait ainsi atteindre pr\u00e8s de 280 milliards de dollars, consolidant la position du pays comme puissance \u00e9conomique r\u00e9gionale majeure. Cette performance remarquable s&rsquo;appuie sur une strat\u00e9gie de diversification \u00e9conomique audacieuse, avec l\u2019objectif affich\u00e9 de rompre avec la d\u00e9pendance aux hydrocarbures. L&rsquo;ambition de porter les exportations hors hydrocarbures \u00e0 10 milliards de dollars t\u00e9moigne de cette volont\u00e9 de transformation structurelle de l&rsquo;\u00e9conomie alg\u00e9rienne, soutenue par des r\u00e9formes profondes et des investissements massifs dans les secteurs strat\u00e9giques.<\/p>\n\n\n\n<p><strong>Des infrastructures strat\u00e9giques pour s\u00e9curiser l&rsquo;avenir<\/strong><\/p>\n\n\n\n<p>Le secteur de l&rsquo;eau illustre parfaitement cette approche volontariste du d\u00e9veloppement. En l&rsquo;espace de quelques mois, quatre usines de dessalement d&rsquo;eau de mer ont \u00e9t\u00e9 inaugur\u00e9es par le Pr\u00e9sident Tebboune dans les wilayas d&rsquo;El Tarf, Boumerdes, Tipasa et Oran, chacune dot\u00e9e d&rsquo;une capacit\u00e9 de production de 300.000 m\u00e8tres cubes par jour. Ces infrastructures, r\u00e9alis\u00e9es en un temps record par des comp\u00e9tences nationales, constituent, souligne le chef de l&rsquo;\u00c9tat, une v\u00e9ritable \u00ab\u00a0fiert\u00e9 pour l&rsquo;Alg\u00e9rie victorieuse\u00a0\u00bb et repr\u00e9sentent une solution durable au stress hydrique qui menace la r\u00e9gion. Cette r\u00e9volution hydraulique s&rsquo;accompagne d&rsquo;une modernisation spectaculaire du r\u00e9seau ferroviaire national, particuli\u00e8rement dans les r\u00e9gions du Sud. La mise en service de la ligne B\u00e9char-Abadla sur 100 kilom\u00e8tres, inaugur\u00e9e en avril 2025, s&rsquo;inscrit dans le gigantesque projet de liaison ferroviaire vers la mine de fer de Gara Djebilet. Ce chantier titanesque de pr\u00e8s de 1.000 kilom\u00e8tres, dont l&rsquo;ach\u00e8vement est pr\u00e9vu en 2026, ouvrira l&rsquo;exploitation d&rsquo;un gisement exceptionnel de plus de 3,5 milliards de tonnes de minerai de fer, propulsant l&rsquo;Alg\u00e9rie parmi les grands exportateurs mondiaux de cette ressource strat\u00e9gique.<\/p>\n\n\n\n<p>Le lancement &nbsp;du complexe de production de concentr\u00e9 et de boulettes de minerai de fer \u00e0 Toumiat, int\u00e9gr\u00e9 au projet Gara Djebilet, confirme l&rsquo;ambition alg\u00e9rienne de d\u00e9velopper une industrie mini\u00e8re moderne et comp\u00e9titive. Ces investissements massifs dans les infrastructures ferroviaires et mini\u00e8res cr\u00e9ent de v\u00e9ritables corridors logistiques r\u00e9gionaux, renfor\u00e7ant la position g\u00e9ostrat\u00e9gique de l&rsquo;Alg\u00e9rie comme hub continental entre l&rsquo;Afrique subsaharienne et les march\u00e9s m\u00e9diterran\u00e9ens.<\/p>\n\n\n\n<p><strong>L&rsquo;innovation et l&rsquo;entrepreneuriat au c\u0153ur du nouveau mod\u00e8le \u00e9conomique<\/strong><\/p>\n\n\n\n<p>La transformation \u00e9conomique voulue par Tebboune ne se limite pas aux grands projets industriels. Elle s&rsquo;appuie \u00e9galement sur une r\u00e9volution silencieuse mais d\u00e9terminante : l&rsquo;\u00e9mergence d&rsquo;un \u00e9cosyst\u00e8me dynamique de startups et d&rsquo;entreprises innovantes. Avec pr\u00e8s de 8.000 entreprises recens\u00e9es cette ann\u00e9e, l&rsquo;objectif pr\u00e9sidentiel d&rsquo;atteindre 20.000 startups d&rsquo;ici 2029 n&rsquo;appara\u00eet plus comme un v\u0153u pieux mais comme une ambition r\u00e9aliste, soutenue par des mesures incitatives concr\u00e8tes en faveur de l&rsquo;innovation et de l&rsquo;entrepreneuriat des jeunes. Cette politique volontariste d&rsquo;accompagnement de la jeunesse alg\u00e9rienne s&rsquo;inscrit dans la vision pr\u00e9sidentielle d&rsquo;une \u00ab\u00a0Alg\u00e9rie victorieuse gr\u00e2ce \u00e0 son grand peuple et \u00e0 sa jeunesse\u00a0\u00bb. Les instances constitutionnelles nouvellement cr\u00e9\u00e9es et les r\u00e9formes prioritaires en faveur de la participation politique des jeunes t\u00e9moignent de cette volont\u00e9 d&rsquo;impliquer pleinement la nouvelle g\u00e9n\u00e9ration dans la gestion de la chose publique.<\/p>\n\n\n\n<p>Sur le plan social, les r\u00e9alisations de cette premi\u00e8re ann\u00e9e de second mandat d\u00e9montrent que croissance \u00e9conomique et progr\u00e8s social peuvent aller de pair. La mise en \u0153uvre d&rsquo;un vaste programme de logements, la revalorisation des salaires et l&rsquo;attention particuli\u00e8re accord\u00e9e \u00e0 la s\u00e9curit\u00e9 alimentaire illustrent cette approche \u00e9quilibr\u00e9e du d\u00e9veloppement. L&rsquo;autosuffisance totale en bl\u00e9 dur atteinte en 2025, une premi\u00e8re depuis des d\u00e9cennies, symbolise cette reconqu\u00eate de la souverainet\u00e9 alimentaire national.<\/p>\n\n\n\n<p>La diplomatie \u00e9conomique d\u00e9ploy\u00e9e par Tebboune compl\u00e8te harmonieusement cette strat\u00e9gie de d\u00e9veloppement. Ses visites officielles en Mauritanie, au Sultanat d&rsquo;Oman, en Slov\u00e9nie et en Italie, conjugu\u00e9es \u00e0 l&rsquo;accueil de nombreux chefs d&rsquo;\u00c9tat \u00e0 Alger, ont permis la conclusion d&rsquo;accords de partenariat strat\u00e9giques qui diversifient les relations \u00e9conomiques alg\u00e9riennes au-del\u00e0 des cercles traditionnels. Cette approche pragmatique, fond\u00e9e sur les int\u00e9r\u00eats mutuels, conforte la place de l&rsquo;Alg\u00e9rie comme acteur influent sur la sc\u00e8ne r\u00e9gionale et internationale.<\/p>\n\n\n\n<p>Les institutions internationales sp\u00e9cialis\u00e9es ne s&rsquo;y trompent pas et saluent unanimement les performances \u00e9conomiques alg\u00e9riennes. Cette reconnaissance ext\u00e9rieure valide la pertinence des choix strat\u00e9giques op\u00e9r\u00e9s par le pr\u00e9sident Tebboune et conforte l&rsquo;Alg\u00e9rie dans sa trajectoire vers le club des pays \u00e9mergents. En douze mois seulement, le pays a ainsi consolid\u00e9 son ind\u00e9pendance politique et \u00e9conomique tout en pr\u00e9servant sa dimension sociale, d\u00e9montrant qu&rsquo;une gouvernance rigoureuse peut concilier ambition de d\u00e9veloppement et pr\u00e9servation de la dignit\u00e9 des citoyens.<\/p>\n\n\n\n<p>Malik Ameziane<\/p>\n","protected":false},"excerpt":{"rendered":"<p>Un an apr\u00e8s sa r\u00e9\u00e9lection, le pr\u00e9sident de la R\u00e9publique Abdelmadjid Tebboune accumule les r\u00e9alisations structurantes et avec l\u2019ambition de<\/p>\n","protected":false},"author":6,"featured_media":72978,"comment_status":"open","ping_status":"closed","sticky":false,"template":"","format":"standard","meta":{"colormag_page_container_layout":"default_layout","colormag_page_sidebar_layout":"default_layout","om_disable_all_campaigns":false,"_monsterinsights_skip_tracking":false,"_monsterinsights_sitenote_active":false,"_monsterinsights_sitenote_note":"","_monsterinsights_sitenote_category":0,"footnotes":"","_wpscppro_dont_share_socialmedia":false,"_wpscppro_custom_social_share_image":0,"_facebook_share_type":"default","_twitter_share_type":"default","_linkedin_share_type":"default","_pinterest_share_type":"default","_linkedin_share_type_page":"","_instagram_share_type":"default","_medium_share_type":"default","_threads_share_type":"default","_google_business_share_type":"default","_selected_social_profile":[],"_wpsp_enable_custom_social_template":false,"_wpsp_social_scheduling":{"enabled":false,"datetime":null,"platforms":[],"status":"template_only","dateOption":"today","timeOption":"now","customDays":"","customHours":"","customDate":"","customTime":"","schedulingType":"absolute"},"_wpsp_active_default_template":true},"categories":[52,27],"tags":[],"class_list":["post-72977","post","type-post","status-publish","format-standard","has-post-thumbnail","hentry","category-a-la-une","category-actualite"],"aioseo_notices":[],"yoast_head":"<!-- This site is optimized with the Yoast SEO plugin v27.5 - https:\/\/yoast.com\/product\/yoast-seo-wordpress\/ -->\n<title>Premi\u00e8re ann\u00e9e de second mandat du Pr\u00e9sident Tebboune\u00a0: Sous le signe de la transformation \u00e9conomique - La Sentinelle<\/title>\n<meta name=\"robots\" content=\"index, follow, max-snippet:-1, max-image-preview:large, max-video-preview:-1\" \/>\n<link rel=\"canonical\" href=\"https:\/\/lasentinelle.dz\/index.php\/2025\/09\/07\/premiere-annee-de-second-mandat-du-president-tebboune-sous-le-signe-de-la-transformation-economique\/\" \/>\n<meta property=\"og:locale\" content=\"fr_FR\" \/>\n<meta property=\"og:type\" content=\"article\" \/>\n<meta property=\"og:title\" content=\"Premi\u00e8re ann\u00e9e de second mandat du Pr\u00e9sident Tebboune\u00a0: Sous le signe de la transformation \u00e9conomique - La Sentinelle\" \/>\n<meta property=\"og:description\" content=\"Un an apr\u00e8s sa r\u00e9\u00e9lection, le pr\u00e9sident de la R\u00e9publique Abdelmadjid Tebboune accumule les r\u00e9alisations structurantes et avec l\u2019ambition de\" \/>\n<meta property=\"og:url\" content=\"https:\/\/lasentinelle.dz\/index.php\/2025\/09\/07\/premiere-annee-de-second-mandat-du-president-tebboune-sous-le-signe-de-la-transformation-economique\/\" \/>\n<meta property=\"og:site_name\" content=\"La Sentinelle\" \/>\n<meta property=\"article:publisher\" content=\"https:\/\/www.facebook.com\/La-Sentinelle-104059864394773\" \/>\n<meta property=\"article:published_time\" content=\"2025-09-07T13:16:14+00:00\" \/>\n<meta property=\"article:modified_time\" content=\"2025-09-07T13:16:15+00:00\" \/>\n<meta property=\"og:image\" content=\"https:\/\/lasentinelle.dz\/wp-content\/uploads\/2025\/09\/Tebboune-inaugure.jpg\" \/>\n\t<meta property=\"og:image:width\" content=\"1280\" \/>\n\t<meta property=\"og:image:height\" content=\"949\" \/>\n\t<meta property=\"og:image:type\" content=\"image\/jpeg\" \/>\n<meta name=\"author\" content=\"admin\" \/>\n<meta name=\"twitter:card\" content=\"summary_large_image\" \/>\n<meta name=\"twitter:label1\" content=\"\u00c9crit par\" \/>\n\t<meta name=\"twitter:data1\" content=\"admin\" \/>\n\t<meta name=\"twitter:label2\" content=\"Dur\u00e9e de lecture estim\u00e9e\" \/>\n\t<meta name=\"twitter:data2\" content=\"5 minutes\" \/>\n<script type=\"application\/ld+json\" class=\"yoast-schema-graph\">{\"@context\":\"https:\\\/\\\/schema.org\",\"@graph\":[{\"@type\":\"Article\",\"@id\":\"https:\\\/\\\/lasentinelle.dz\\\/index.php\\\/2025\\\/09\\\/07\\\/premiere-annee-de-second-mandat-du-president-tebboune-sous-le-signe-de-la-transformation-economique\\\/#article\",\"isPartOf\":{\"@id\":\"https:\\\/\\\/lasentinelle.dz\\\/index.php\\\/2025\\\/09\\\/07\\\/premiere-annee-de-second-mandat-du-president-tebboune-sous-le-signe-de-la-transformation-economique\\\/\"},\"author\":{\"name\":\"admin\",\"@id\":\"https:\\\/\\\/lasentinelle.dz\\\/#\\\/schema\\\/person\\\/729ee0024f24e0b8c5ec17232f8e8b41\"},\"headline\":\"Premi\u00e8re ann\u00e9e de second mandat du Pr\u00e9sident Tebboune\u00a0: Sous le signe de la transformation \u00e9conomique\",\"datePublished\":\"2025-09-07T13:16:14+00:00\",\"dateModified\":\"2025-09-07T13:16:15+00:00\",\"mainEntityOfPage\":{\"@id\":\"https:\\\/\\\/lasentinelle.dz\\\/index.php\\\/2025\\\/09\\\/07\\\/premiere-annee-de-second-mandat-du-president-tebboune-sous-le-signe-de-la-transformation-economique\\\/\"},\"wordCount\":1035,\"commentCount\":0,\"publisher\":{\"@id\":\"https:\\\/\\\/lasentinelle.dz\\\/#organization\"},\"image\":{\"@id\":\"https:\\\/\\\/lasentinelle.dz\\\/index.php\\\/2025\\\/09\\\/07\\\/premiere-annee-de-second-mandat-du-president-tebboune-sous-le-signe-de-la-transformation-economique\\\/#primaryimage\"},\"thumbnailUrl\":\"https:\\\/\\\/lasentinelle.dz\\\/wp-content\\\/uploads\\\/2025\\\/09\\\/Tebboune-inaugure.jpg\",\"articleSection\":[\"\u00c0 la Une\",\"Actualit\u00e9\"],\"inLanguage\":\"fr-FR\",\"potentialAction\":[{\"@type\":\"CommentAction\",\"name\":\"Comment\",\"target\":[\"https:\\\/\\\/lasentinelle.dz\\\/index.php\\\/2025\\\/09\\\/07\\\/premiere-annee-de-second-mandat-du-president-tebboune-sous-le-signe-de-la-transformation-economique\\\/#respond\"]}]},{\"@type\":\"WebPage\",\"@id\":\"https:\\\/\\\/lasentinelle.dz\\\/index.php\\\/2025\\\/09\\\/07\\\/premiere-annee-de-second-mandat-du-president-tebboune-sous-le-signe-de-la-transformation-economique\\\/\",\"url\":\"https:\\\/\\\/lasentinelle.dz\\\/index.php\\\/2025\\\/09\\\/07\\\/premiere-annee-de-second-mandat-du-president-tebboune-sous-le-signe-de-la-transformation-economique\\\/\",\"name\":\"Premi\u00e8re ann\u00e9e de second mandat du Pr\u00e9sident Tebboune\u00a0: Sous le signe de la transformation \u00e9conomique - La Sentinelle\",\"isPartOf\":{\"@id\":\"https:\\\/\\\/lasentinelle.dz\\\/#website\"},\"primaryImageOfPage\":{\"@id\":\"https:\\\/\\\/lasentinelle.dz\\\/index.php\\\/2025\\\/09\\\/07\\\/premiere-annee-de-second-mandat-du-president-tebboune-sous-le-signe-de-la-transformation-economique\\\/#primaryimage\"},\"image\":{\"@id\":\"https:\\\/\\\/lasentinelle.dz\\\/index.php\\\/2025\\\/09\\\/07\\\/premiere-annee-de-second-mandat-du-president-tebboune-sous-le-signe-de-la-transformation-economique\\\/#primaryimage\"},\"thumbnailUrl\":\"https:\\\/\\\/lasentinelle.dz\\\/wp-content\\\/uploads\\\/2025\\\/09\\\/Tebboune-inaugure.jpg\",\"datePublished\":\"2025-09-07T13:16:14+00:00\",\"dateModified\":\"2025-09-07T13:16:15+00:00\",\"breadcrumb\":{\"@id\":\"https:\\\/\\\/lasentinelle.dz\\\/index.php\\\/2025\\\/09\\\/07\\\/premiere-annee-de-second-mandat-du-president-tebboune-sous-le-signe-de-la-transformation-economique\\\/#breadcrumb\"},\"inLanguage\":\"fr-FR\",\"potentialAction\":[{\"@type\":\"ReadAction\",\"target\":[\"https:\\\/\\\/lasentinelle.dz\\\/index.php\\\/2025\\\/09\\\/07\\\/premiere-annee-de-second-mandat-du-president-tebboune-sous-le-signe-de-la-transformation-economique\\\/\"]}]},{\"@type\":\"ImageObject\",\"inLanguage\":\"fr-FR\",\"@id\":\"https:\\\/\\\/lasentinelle.dz\\\/index.php\\\/2025\\\/09\\\/07\\\/premiere-annee-de-second-mandat-du-president-tebboune-sous-le-signe-de-la-transformation-economique\\\/#primaryimage\",\"url\":\"https:\\\/\\\/lasentinelle.dz\\\/wp-content\\\/uploads\\\/2025\\\/09\\\/Tebboune-inaugure.jpg\",\"contentUrl\":\"https:\\\/\\\/lasentinelle.dz\\\/wp-content\\\/uploads\\\/2025\\\/09\\\/Tebboune-inaugure.jpg\",\"width\":1280,\"height\":949},{\"@type\":\"BreadcrumbList\",\"@id\":\"https:\\\/\\\/lasentinelle.dz\\\/index.php\\\/2025\\\/09\\\/07\\\/premiere-annee-de-second-mandat-du-president-tebboune-sous-le-signe-de-la-transformation-economique\\\/#breadcrumb\",\"itemListElement\":[{\"@type\":\"ListItem\",\"position\":1,\"name\":\"Accueil\",\"item\":\"https:\\\/\\\/lasentinelle.dz\\\/\"},{\"@type\":\"ListItem\",\"position\":2,\"name\":\"Premi\u00e8re ann\u00e9e de second mandat du Pr\u00e9sident Tebboune\u00a0: Sous le signe de la transformation \u00e9conomique\"}]},{\"@type\":\"WebSite\",\"@id\":\"https:\\\/\\\/lasentinelle.dz\\\/#website\",\"url\":\"https:\\\/\\\/lasentinelle.dz\\\/\",\"name\":\"La Sentinelle\",\"description\":\"Quotidien national d&#039;information\",\"publisher\":{\"@id\":\"https:\\\/\\\/lasentinelle.dz\\\/#organization\"},\"potentialAction\":[{\"@type\":\"SearchAction\",\"target\":{\"@type\":\"EntryPoint\",\"urlTemplate\":\"https:\\\/\\\/lasentinelle.dz\\\/?s={search_term_string}\"},\"query-input\":{\"@type\":\"PropertyValueSpecification\",\"valueRequired\":true,\"valueName\":\"search_term_string\"}}],\"inLanguage\":\"fr-FR\"},{\"@type\":\"Organization\",\"@id\":\"https:\\\/\\\/lasentinelle.dz\\\/#organization\",\"name\":\"Quotidien La Sentinelle\",\"url\":\"https:\\\/\\\/lasentinelle.dz\\\/\",\"logo\":{\"@type\":\"ImageObject\",\"inLanguage\":\"fr-FR\",\"@id\":\"https:\\\/\\\/lasentinelle.dz\\\/#\\\/schema\\\/logo\\\/image\\\/\",\"url\":\"https:\\\/\\\/lasentinelle.dz\\\/wp-content\\\/uploads\\\/2021\\\/09\\\/logo-sentinelleSLOGAN-1.png\",\"contentUrl\":\"https:\\\/\\\/lasentinelle.dz\\\/wp-content\\\/uploads\\\/2021\\\/09\\\/logo-sentinelleSLOGAN-1.png\",\"width\":615,\"height\":142,\"caption\":\"Quotidien La Sentinelle\"},\"image\":{\"@id\":\"https:\\\/\\\/lasentinelle.dz\\\/#\\\/schema\\\/logo\\\/image\\\/\"},\"sameAs\":[\"https:\\\/\\\/www.facebook.com\\\/La-Sentinelle-104059864394773\"]},{\"@type\":\"Person\",\"@id\":\"https:\\\/\\\/lasentinelle.dz\\\/#\\\/schema\\\/person\\\/729ee0024f24e0b8c5ec17232f8e8b41\",\"name\":\"admin\",\"image\":{\"@type\":\"ImageObject\",\"inLanguage\":\"fr-FR\",\"@id\":\"https:\\\/\\\/secure.gravatar.com\\\/avatar\\\/4c81fed838786e9b53f540bf46533e750f5d292099ae3b66cfc6fb1982e29df7?s=96&d=mm&r=g\",\"url\":\"https:\\\/\\\/secure.gravatar.com\\\/avatar\\\/4c81fed838786e9b53f540bf46533e750f5d292099ae3b66cfc6fb1982e29df7?s=96&d=mm&r=g\",\"contentUrl\":\"https:\\\/\\\/secure.gravatar.com\\\/avatar\\\/4c81fed838786e9b53f540bf46533e750f5d292099ae3b66cfc6fb1982e29df7?s=96&d=mm&r=g\",\"caption\":\"admin\"},\"description\":\"admin\",\"url\":\"https:\\\/\\\/lasentinelle.dz\\\/author\\\/admin\\\/\"}]}<\/script>\n<!-- \/ Yoast SEO plugin. -->","yoast_head_json":{"title":"Premi\u00e8re ann\u00e9e de second mandat du Pr\u00e9sident Tebboune\u00a0: Sous le signe de la transformation \u00e9conomique - La Sentinelle","robots":{"index":"index","follow":"follow","max-snippet":"max-snippet:-1","max-image-preview":"max-image-preview:large","max-video-preview":"max-video-preview:-1"},"canonical":"https:\/\/lasentinelle.dz\/index.php\/2025\/09\/07\/premiere-annee-de-second-mandat-du-president-tebboune-sous-le-signe-de-la-transformation-economique\/","og_locale":"fr_FR","og_type":"article","og_title":"Premi\u00e8re ann\u00e9e de second mandat du Pr\u00e9sident Tebboune\u00a0: Sous le signe de la transformation \u00e9conomique - La Sentinelle","og_description":"Un an apr\u00e8s sa r\u00e9\u00e9lection, le pr\u00e9sident de la R\u00e9publique Abdelmadjid Tebboune accumule les r\u00e9alisations structurantes et avec l\u2019ambition de","og_url":"https:\/\/lasentinelle.dz\/index.php\/2025\/09\/07\/premiere-annee-de-second-mandat-du-president-tebboune-sous-le-signe-de-la-transformation-economique\/","og_site_name":"La Sentinelle","article_publisher":"https:\/\/www.facebook.com\/La-Sentinelle-104059864394773","article_published_time":"2025-09-07T13:16:14+00:00","article_modified_time":"2025-09-07T13:16:15+00:00","og_image":[{"width":1280,"height":949,"url":"https:\/\/lasentinelle.dz\/wp-content\/uploads\/2025\/09\/Tebboune-inaugure.jpg","type":"image\/jpeg"}],"author":"admin","twitter_card":"summary_large_image","twitter_misc":{"\u00c9crit par":"admin","Dur\u00e9e de lecture estim\u00e9e":"5 minutes"},"schema":{"@context":"https:\/\/schema.org","@graph":[{"@type":"Article","@id":"https:\/\/lasentinelle.dz\/index.php\/2025\/09\/07\/premiere-annee-de-second-mandat-du-president-tebboune-sous-le-signe-de-la-transformation-economique\/#article","isPartOf":{"@id":"https:\/\/lasentinelle.dz\/index.php\/2025\/09\/07\/premiere-annee-de-second-mandat-du-president-tebboune-sous-le-signe-de-la-transformation-economique\/"},"author":{"name":"admin","@id":"https:\/\/lasentinelle.dz\/#\/schema\/person\/729ee0024f24e0b8c5ec17232f8e8b41"},"headline":"Premi\u00e8re ann\u00e9e de second mandat du Pr\u00e9sident Tebboune\u00a0: Sous le signe de la transformation \u00e9conomique","datePublished":"2025-09-07T13:16:14+00:00","dateModified":"2025-09-07T13:16:15+00:00","mainEntityOfPage":{"@id":"https:\/\/lasentinelle.dz\/index.php\/2025\/09\/07\/premiere-annee-de-second-mandat-du-president-tebboune-sous-le-signe-de-la-transformation-economique\/"},"wordCount":1035,"commentCount":0,"publisher":{"@id":"https:\/\/lasentinelle.dz\/#organization"},"image":{"@id":"https:\/\/lasentinelle.dz\/index.php\/2025\/09\/07\/premiere-annee-de-second-mandat-du-president-tebboune-sous-le-signe-de-la-transformation-economique\/#primaryimage"},"thumbnailUrl":"https:\/\/lasentinelle.dz\/wp-content\/uploads\/2025\/09\/Tebboune-inaugure.jpg","articleSection":["\u00c0 la Une","Actualit\u00e9"],"inLanguage":"fr-FR","potentialAction":[{"@type":"CommentAction","name":"Comment","target":["https:\/\/lasentinelle.dz\/index.php\/2025\/09\/07\/premiere-annee-de-second-mandat-du-president-tebboune-sous-le-signe-de-la-transformation-economique\/#respond"]}]},{"@type":"WebPage","@id":"https:\/\/lasentinelle.dz\/index.php\/2025\/09\/07\/premiere-annee-de-second-mandat-du-president-tebboune-sous-le-signe-de-la-transformation-economique\/","url":"https:\/\/lasentinelle.dz\/index.php\/2025\/09\/07\/premiere-annee-de-second-mandat-du-president-tebboune-sous-le-signe-de-la-transformation-economique\/","name":"Premi\u00e8re ann\u00e9e de second mandat du Pr\u00e9sident Tebboune\u00a0: Sous le signe de la transformation \u00e9conomique - La Sentinelle","isPartOf":{"@id":"https:\/\/lasentinelle.dz\/#website"},"primaryImageOfPage":{"@id":"https:\/\/lasentinelle.dz\/index.php\/2025\/09\/07\/premiere-annee-de-second-mandat-du-president-tebboune-sous-le-signe-de-la-transformation-economique\/#primaryimage"},"image":{"@id":"https:\/\/lasentinelle.dz\/index.php\/2025\/09\/07\/premiere-annee-de-second-mandat-du-president-tebboune-sous-le-signe-de-la-transformation-economique\/#primaryimage"},"thumbnailUrl":"https:\/\/lasentinelle.dz\/wp-content\/uploads\/2025\/09\/Tebboune-inaugure.jpg","datePublished":"2025-09-07T13:16:14+00:00","dateModified":"2025-09-07T13:16:15+00:00","breadcrumb":{"@id":"https:\/\/lasentinelle.dz\/index.php\/2025\/09\/07\/premiere-annee-de-second-mandat-du-president-tebboune-sous-le-signe-de-la-transformation-economique\/#breadcrumb"},"inLanguage":"fr-FR","potentialAction":[{"@type":"ReadAction","target":["https:\/\/lasentinelle.dz\/index.php\/2025\/09\/07\/premiere-annee-de-second-mandat-du-president-tebboune-sous-le-signe-de-la-transformation-economique\/"]}]},{"@type":"ImageObject","inLanguage":"fr-FR","@id":"https:\/\/lasentinelle.dz\/index.php\/2025\/09\/07\/premiere-annee-de-second-mandat-du-president-tebboune-sous-le-signe-de-la-transformation-economique\/#primaryimage","url":"https:\/\/lasentinelle.dz\/wp-content\/uploads\/2025\/09\/Tebboune-inaugure.jpg","contentUrl":"https:\/\/lasentinelle.dz\/wp-content\/uploads\/2025\/09\/Tebboune-inaugure.jpg","width":1280,"height":949},{"@type":"BreadcrumbList","@id":"https:\/\/lasentinelle.dz\/index.php\/2025\/09\/07\/premiere-annee-de-second-mandat-du-president-tebboune-sous-le-signe-de-la-transformation-economique\/#breadcrumb","itemListElement":[{"@type":"ListItem","position":1,"name":"Accueil","item":"https:\/\/lasentinelle.dz\/"},{"@type":"ListItem","position":2,"name":"Premi\u00e8re ann\u00e9e de second mandat du Pr\u00e9sident Tebboune\u00a0: Sous le signe de la transformation \u00e9conomique"}]},{"@type":"WebSite","@id":"https:\/\/lasentinelle.dz\/#website","url":"https:\/\/lasentinelle.dz\/","name":"La Sentinelle","description":"Quotidien national d&#039;information","publisher":{"@id":"https:\/\/lasentinelle.dz\/#organization"},"potentialAction":[{"@type":"SearchAction","target":{"@type":"EntryPoint","urlTemplate":"https:\/\/lasentinelle.dz\/?s={search_term_string}"},"query-input":{"@type":"PropertyValueSpecification","valueRequired":true,"valueName":"search_term_string"}}],"inLanguage":"fr-FR"},{"@type":"Organization","@id":"https:\/\/lasentinelle.dz\/#organization","name":"Quotidien La Sentinelle","url":"https:\/\/lasentinelle.dz\/","logo":{"@type":"ImageObject","inLanguage":"fr-FR","@id":"https:\/\/lasentinelle.dz\/#\/schema\/logo\/image\/","url":"https:\/\/lasentinelle.dz\/wp-content\/uploads\/2021\/09\/logo-sentinelleSLOGAN-1.png","contentUrl":"https:\/\/lasentinelle.dz\/wp-content\/uploads\/2021\/09\/logo-sentinelleSLOGAN-1.png","width":615,"height":142,"caption":"Quotidien La Sentinelle"},"image":{"@id":"https:\/\/lasentinelle.dz\/#\/schema\/logo\/image\/"},"sameAs":["https:\/\/www.facebook.com\/La-Sentinelle-104059864394773"]},{"@type":"Person","@id":"https:\/\/lasentinelle.dz\/#\/schema\/person\/729ee0024f24e0b8c5ec17232f8e8b41","name":"admin","image":{"@type":"ImageObject","inLanguage":"fr-FR","@id":"https:\/\/secure.gravatar.com\/avatar\/4c81fed838786e9b53f540bf46533e750f5d292099ae3b66cfc6fb1982e29df7?s=96&d=mm&r=g","url":"https:\/\/secure.gravatar.com\/avatar\/4c81fed838786e9b53f540bf46533e750f5d292099ae3b66cfc6fb1982e29df7?s=96&d=mm&r=g","contentUrl":"https:\/\/secure.gravatar.com\/avatar\/4c81fed838786e9b53f540bf46533e750f5d292099ae3b66cfc6fb1982e29df7?s=96&d=mm&r=g","caption":"admin"},"description":"admin","url":"https:\/\/lasentinelle.dz\/author\/admin\/"}]}},"_links":{"self":[{"href":"https:\/\/lasentinelle.dz\/index.php\/wp-json\/wp\/v2\/posts\/72977","targetHints":{"allow":["GET"]}}],"collection":[{"href":"https:\/\/lasentinelle.dz\/index.php\/wp-json\/wp\/v2\/posts"}],"about":[{"href":"https:\/\/lasentinelle.dz\/index.php\/wp-json\/wp\/v2\/types\/post"}],"author":[{"embeddable":true,"href":"https:\/\/lasentinelle.dz\/index.php\/wp-json\/wp\/v2\/users\/6"}],"replies":[{"embeddable":true,"href":"https:\/\/lasentinelle.dz\/index.php\/wp-json\/wp\/v2\/comments?post=72977"}],"version-history":[{"count":1,"href":"https:\/\/lasentinelle.dz\/index.php\/wp-json\/wp\/v2\/posts\/72977\/revisions"}],"predecessor-version":[{"id":72979,"href":"https:\/\/lasentinelle.dz\/index.php\/wp-json\/wp\/v2\/posts\/72977\/revisions\/72979"}],"wp:featuredmedia":[{"embeddable":true,"href":"https:\/\/lasentinelle.dz\/index.php\/wp-json\/wp\/v2\/media\/72978"}],"wp:attachment":[{"href":"https:\/\/lasentinelle.dz\/index.php\/wp-json\/wp\/v2\/media?parent=72977"}],"wp:term":[{"taxonomy":"category","embeddable":true,"href":"https:\/\/lasentinelle.dz\/index.php\/wp-json\/wp\/v2\/categories?post=72977"},{"taxonomy":"post_tag","embeddable":true,"href":"https:\/\/lasentinelle.dz\/index.php\/wp-json\/wp\/v2\/tags?post=72977"}],"curies":[{"name":"wp","href":"https:\/\/api.w.org\/{rel}","templated":true}]}}