{"id":72980,"date":"2025-09-07T14:22:30","date_gmt":"2025-09-07T13:22:30","guid":{"rendered":"https:\/\/lasentinelle.dz\/?p=72980"},"modified":"2025-09-07T14:22:31","modified_gmt":"2025-09-07T13:22:31","slug":"des-echanges-intensifs-lexpertise-et-le-produit-algeriens-se-vendent-a-liatf","status":"publish","type":"post","link":"https:\/\/lasentinelle.dz\/index.php\/2025\/09\/07\/des-echanges-intensifs-lexpertise-et-le-produit-algeriens-se-vendent-a-liatf\/","title":{"rendered":"Des \u00e9changes intensifs\u00a0: L\u2019expertise et le produit alg\u00e9riens se vendent \u00e0 l\u2019IATF"},"content":{"rendered":"\n<p>La 4e \u00e9dition de la Foire commerciale intra-africaine qui se d\u00e9roule \u00e0 Alger jusqu&rsquo;au 10 septembre confirme la position strat\u00e9gique de l&rsquo;Alg\u00e9rie comme pivot \u00e9conomique continental. Chefs d\u2019\u00c9tats, ministres et responsables africains se succ\u00e8dent dans la capitale alg\u00e9rienne pour explorer de nouvelles opportunit\u00e9s de coop\u00e9ration, t\u00e9moignant d&rsquo;une dynamique Sud-Sud en pleine expansion sous l&rsquo;impulsion des orientations pr\u00e9sidentielles.<\/p>\n\n\n\n<p>Les rencontres bilat\u00e9rales se multiplient au rythme soutenu de cette grand-messe du commerce africain. Le ministre du Commerce ext\u00e9rieur et de la Promotion des exportations Kamel Rezig a ainsi re\u00e7u au Centre international de conf\u00e9rences Abdelatif-Rahal une s\u00e9rie de ministres africains du Commerce lors d&rsquo;une table ronde minist\u00e9rielle d\u00e9di\u00e9e au th\u00e8me \u00ab\u00a0Le commerce intra-africain : de la vision \u00e0 la r\u00e9alit\u00e9, vers la multiplication des \u00e9changes commerciaux \u00e0 l&rsquo;horizon 2030\u00a0\u00bb. Cette s\u00e9quence diplomatique intensive illustre la volont\u00e9 alg\u00e9rienne de concr\u00e9tiser les instructions du pr\u00e9sident Abdelmadjid Tebboune en faveur de l&rsquo;intensification de la coop\u00e9ration continentale. Les ministres du Commerce du Tchad, du Burundi, de l&rsquo;Ouganda et de la R\u00e9publique centrafricaine ont successivement \u00e9chang\u00e9 avec leur homologue alg\u00e9rien sur les moyens de promouvoir et renforcer les \u00e9changes commerciaux intra-africains. Ces consultations s&rsquo;inscrivent dans une approche globale visant \u00e0 exploiter le potentiel consid\u00e9rable du march\u00e9 continental, Kamel Rezig soulignant que \u00ab\u00a0le produit alg\u00e9rien est r\u00e9put\u00e9 pour sa qualit\u00e9\u00a0\u00bb et constitue un atout majeur dans cette strat\u00e9gie d&rsquo;expansion \u00e9conomique r\u00e9gionale.<\/p>\n\n\n\n<p>La coop\u00e9ration maghr\u00e9bine occupe \u00e9galement une place centrale dans cette offensive diplomatique commerciale. Le ministre du Commerce int\u00e9rieur et de la R\u00e9gulation du march\u00e9 national Tayeb Zitouni a re\u00e7u son homologue tunisien Samir Abid pour examiner les moyens de renforcer la coop\u00e9ration bilat\u00e9rale dans le domaine du commerce int\u00e9rieur. Cette rencontre a d\u00e9bouch\u00e9 sur la d\u00e9cision d&rsquo;ouvrir des ateliers de travail conjoints et d&rsquo;\u00e9changer expertises et exp\u00e9riences, notamment dans les domaines cruciaux de la num\u00e9risation, du registre du commerce et de la r\u00e9gulation des march\u00e9s.<\/p>\n\n\n\n<p>Les deux ministres maghr\u00e9bins ont particuli\u00e8rement insist\u00e9 sur l&rsquo;importance d&rsquo;encourager les partenariats entre op\u00e9rateurs \u00e9conomiques des deux pays, consid\u00e9rant cette approche comme susceptible d&rsquo;ouvrir de nouvelles opportunit\u00e9s de coop\u00e9ration et de renforcer le processus d&rsquo;int\u00e9gration \u00e9conomique alg\u00e9ro-tunisienne sur des bases pratiques et durables. Cette d\u00e9marche s&rsquo;inscrit dans une vision r\u00e9gionale coh\u00e9rente privil\u00e9giant les compl\u00e9mentarit\u00e9s \u00e9conomiques naturelles.<\/p>\n\n\n\n<p>Le Nigeria, g\u00e9ant \u00e9conomique africain, manifeste \u00e9galement un int\u00e9r\u00eat marqu\u00e9 pour diversifier son partenariat avec l&rsquo;Alg\u00e9rie. La ministre nig\u00e9riane de l&rsquo;Industrie, du Commerce et de l&rsquo;Investissement Jumoke Aduwole a soulign\u00e9 les aspirations de son pays \u00e0 \u00e9largir la coop\u00e9ration \u00e9conomique bilat\u00e9rale au regard des opportunit\u00e9s disponibles dans les deux nations. Ses entretiens avec Kamel Rezig ont port\u00e9 sur la coop\u00e9ration \u00e9nerg\u00e9tique dans ses diff\u00e9rentes branches, ainsi que sur les produits manufactur\u00e9s demand\u00e9s sur le march\u00e9 nig\u00e9rian susceptibles d&rsquo;\u00eatre import\u00e9s depuis l&rsquo;Alg\u00e9rie.<\/p>\n\n\n\n<p>Cette rencontre alg\u00e9ro-nig\u00e9riane a \u00e9galement explor\u00e9 les possibilit\u00e9s de coop\u00e9ration dans les secteurs agricole et infrastructurel, ouvrant la voie \u00e0 des \u00e9changes diversifi\u00e9s de biens de consommation. La ministre nig\u00e9riane a exprim\u00e9 la volont\u00e9 de son pays de nouer des \u00ab\u00a0relations plus \u00e9troites\u00a0\u00bb avec l&rsquo;Alg\u00e9rie, se f\u00e9licitant de l&rsquo;ouverture par Air Alg\u00e9rie en avril dernier d&rsquo;une ligne a\u00e9rienne directe Alger-Abuja, facilitant ainsi les \u00e9changes humains et commerciaux entre les deux capitales.<\/p>\n\n\n\n<p>Kamel Rezig a soulign\u00e9 que le niveau de participation enregistr\u00e9 et la qualit\u00e9 organisationnelle de cette 4e \u00e9dition promettent d&rsquo;en faire \u00ab\u00a0un franc succ\u00e8s\u00a0\u00bb, confirmant l&rsquo;attractivit\u00e9 croissante de l&rsquo;Alg\u00e9rie comme plateforme d&rsquo;\u00e9changes continentaux. Cette dynamique s&rsquo;inscrit dans la strat\u00e9gie nationale de diversification \u00e9conomique et de positionnement r\u00e9gional, l&rsquo;Alg\u00e9rie capitalisant sur ses atouts g\u00e9ographiques, \u00e9nerg\u00e9tiques et industriels pour s&rsquo;affirmer comme un acteur incontournable du commerce intra-africain en pleine structuration.<\/p>\n\n\n\n<p>Malik Ameziane<\/p>\n","protected":false},"excerpt":{"rendered":"<p>La 4e \u00e9dition de la Foire commerciale intra-africaine qui se d\u00e9roule \u00e0 Alger jusqu&rsquo;au 10 septembre confirme la position strat\u00e9gique<\/p>\n","protected":false},"author":6,"featured_media":72981,"comment_status":"open","ping_status":"closed","sticky":false,"template":"","format":"standard","meta":{"colormag_page_container_layout":"default_layout","colormag_page_sidebar_layout":"default_layout","om_disable_all_campaigns":false,"_monsterinsights_skip_tracking":false,"_monsterinsights_sitenote_active":false,"_monsterinsights_sitenote_note":"","_monsterinsights_sitenote_category":0,"footnotes":"","_wpscppro_dont_share_socialmedia":false,"_wpscppro_custom_social_share_image":0,"_facebook_share_type":"default","_twitter_share_type":"default","_linkedin_share_type":"default","_pinterest_share_type":"default","_linkedin_share_type_page":"","_instagram_share_type":"default","_medium_share_type":"default","_threads_share_type":"default","_google_business_share_type":"default","_selected_social_profile":[],"_wpsp_enable_custom_social_template":false,"_wpsp_social_scheduling":{"enabled":false,"datetime":null,"platforms":[],"status":"template_only","dateOption":"today","timeOption":"now","customDays":"","customHours":"","customDate":"","customTime":"","schedulingType":"absolute"},"_wpsp_active_default_template":true},"categories":[27],"tags":[],"class_list":["post-72980","post","type-post","status-publish","format-standard","has-post-thumbnail","hentry","category-actualite"],"aioseo_notices":[],"yoast_head":"<!-- This site is optimized with the Yoast SEO plugin v27.5 - https:\/\/yoast.com\/product\/yoast-seo-wordpress\/ -->\n<title>Des \u00e9changes intensifs\u00a0: L\u2019expertise et le produit alg\u00e9riens se vendent \u00e0 l\u2019IATF - La Sentinelle<\/title>\n<meta name=\"robots\" content=\"index, follow, max-snippet:-1, max-image-preview:large, max-video-preview:-1\" \/>\n<link rel=\"canonical\" href=\"https:\/\/lasentinelle.dz\/index.php\/2025\/09\/07\/des-echanges-intensifs-lexpertise-et-le-produit-algeriens-se-vendent-a-liatf\/\" \/>\n<meta property=\"og:locale\" content=\"fr_FR\" \/>\n<meta property=\"og:type\" content=\"article\" \/>\n<meta property=\"og:title\" content=\"Des \u00e9changes intensifs\u00a0: L\u2019expertise et le produit alg\u00e9riens se vendent \u00e0 l\u2019IATF - La Sentinelle\" \/>\n<meta property=\"og:description\" content=\"La 4e \u00e9dition de la Foire commerciale intra-africaine qui se d\u00e9roule \u00e0 Alger jusqu&rsquo;au 10 septembre confirme la position strat\u00e9gique\" \/>\n<meta property=\"og:url\" content=\"https:\/\/lasentinelle.dz\/index.php\/2025\/09\/07\/des-echanges-intensifs-lexpertise-et-le-produit-algeriens-se-vendent-a-liatf\/\" \/>\n<meta property=\"og:site_name\" content=\"La Sentinelle\" \/>\n<meta property=\"article:publisher\" content=\"https:\/\/www.facebook.com\/La-Sentinelle-104059864394773\" \/>\n<meta property=\"article:published_time\" content=\"2025-09-07T13:22:30+00:00\" \/>\n<meta property=\"article:modified_time\" content=\"2025-09-07T13:22:31+00:00\" \/>\n<meta property=\"og:image\" content=\"https:\/\/lasentinelle.dz\/wp-content\/uploads\/2025\/09\/544809838_122142853706653955_225583757290010639_n.jpg\" \/>\n\t<meta property=\"og:image:width\" content=\"1080\" \/>\n\t<meta property=\"og:image:height\" content=\"810\" \/>\n\t<meta property=\"og:image:type\" content=\"image\/jpeg\" \/>\n<meta name=\"author\" content=\"admin\" \/>\n<meta name=\"twitter:card\" content=\"summary_large_image\" \/>\n<meta name=\"twitter:label1\" content=\"\u00c9crit par\" \/>\n\t<meta name=\"twitter:data1\" content=\"admin\" \/>\n\t<meta name=\"twitter:label2\" content=\"Dur\u00e9e de lecture estim\u00e9e\" \/>\n\t<meta name=\"twitter:data2\" content=\"4 minutes\" \/>\n<script type=\"application\/ld+json\" class=\"yoast-schema-graph\">{\"@context\":\"https:\\\/\\\/schema.org\",\"@graph\":[{\"@type\":\"Article\",\"@id\":\"https:\\\/\\\/lasentinelle.dz\\\/index.php\\\/2025\\\/09\\\/07\\\/des-echanges-intensifs-lexpertise-et-le-produit-algeriens-se-vendent-a-liatf\\\/#article\",\"isPartOf\":{\"@id\":\"https:\\\/\\\/lasentinelle.dz\\\/index.php\\\/2025\\\/09\\\/07\\\/des-echanges-intensifs-lexpertise-et-le-produit-algeriens-se-vendent-a-liatf\\\/\"},\"author\":{\"name\":\"admin\",\"@id\":\"https:\\\/\\\/lasentinelle.dz\\\/#\\\/schema\\\/person\\\/729ee0024f24e0b8c5ec17232f8e8b41\"},\"headline\":\"Des \u00e9changes intensifs\u00a0: L\u2019expertise et le produit alg\u00e9riens se vendent \u00e0 l\u2019IATF\",\"datePublished\":\"2025-09-07T13:22:30+00:00\",\"dateModified\":\"2025-09-07T13:22:31+00:00\",\"mainEntityOfPage\":{\"@id\":\"https:\\\/\\\/lasentinelle.dz\\\/index.php\\\/2025\\\/09\\\/07\\\/des-echanges-intensifs-lexpertise-et-le-produit-algeriens-se-vendent-a-liatf\\\/\"},\"wordCount\":716,\"commentCount\":0,\"publisher\":{\"@id\":\"https:\\\/\\\/lasentinelle.dz\\\/#organization\"},\"image\":{\"@id\":\"https:\\\/\\\/lasentinelle.dz\\\/index.php\\\/2025\\\/09\\\/07\\\/des-echanges-intensifs-lexpertise-et-le-produit-algeriens-se-vendent-a-liatf\\\/#primaryimage\"},\"thumbnailUrl\":\"https:\\\/\\\/lasentinelle.dz\\\/wp-content\\\/uploads\\\/2025\\\/09\\\/544809838_122142853706653955_225583757290010639_n.jpg\",\"articleSection\":[\"Actualit\u00e9\"],\"inLanguage\":\"fr-FR\",\"potentialAction\":[{\"@type\":\"CommentAction\",\"name\":\"Comment\",\"target\":[\"https:\\\/\\\/lasentinelle.dz\\\/index.php\\\/2025\\\/09\\\/07\\\/des-echanges-intensifs-lexpertise-et-le-produit-algeriens-se-vendent-a-liatf\\\/#respond\"]}]},{\"@type\":\"WebPage\",\"@id\":\"https:\\\/\\\/lasentinelle.dz\\\/index.php\\\/2025\\\/09\\\/07\\\/des-echanges-intensifs-lexpertise-et-le-produit-algeriens-se-vendent-a-liatf\\\/\",\"url\":\"https:\\\/\\\/lasentinelle.dz\\\/index.php\\\/2025\\\/09\\\/07\\\/des-echanges-intensifs-lexpertise-et-le-produit-algeriens-se-vendent-a-liatf\\\/\",\"name\":\"Des \u00e9changes intensifs\u00a0: L\u2019expertise et le produit alg\u00e9riens se vendent \u00e0 l\u2019IATF - La Sentinelle\",\"isPartOf\":{\"@id\":\"https:\\\/\\\/lasentinelle.dz\\\/#website\"},\"primaryImageOfPage\":{\"@id\":\"https:\\\/\\\/lasentinelle.dz\\\/index.php\\\/2025\\\/09\\\/07\\\/des-echanges-intensifs-lexpertise-et-le-produit-algeriens-se-vendent-a-liatf\\\/#primaryimage\"},\"image\":{\"@id\":\"https:\\\/\\\/lasentinelle.dz\\\/index.php\\\/2025\\\/09\\\/07\\\/des-echanges-intensifs-lexpertise-et-le-produit-algeriens-se-vendent-a-liatf\\\/#primaryimage\"},\"thumbnailUrl\":\"https:\\\/\\\/lasentinelle.dz\\\/wp-content\\\/uploads\\\/2025\\\/09\\\/544809838_122142853706653955_225583757290010639_n.jpg\",\"datePublished\":\"2025-09-07T13:22:30+00:00\",\"dateModified\":\"2025-09-07T13:22:31+00:00\",\"breadcrumb\":{\"@id\":\"https:\\\/\\\/lasentinelle.dz\\\/index.php\\\/2025\\\/09\\\/07\\\/des-echanges-intensifs-lexpertise-et-le-produit-algeriens-se-vendent-a-liatf\\\/#breadcrumb\"},\"inLanguage\":\"fr-FR\",\"potentialAction\":[{\"@type\":\"ReadAction\",\"target\":[\"https:\\\/\\\/lasentinelle.dz\\\/index.php\\\/2025\\\/09\\\/07\\\/des-echanges-intensifs-lexpertise-et-le-produit-algeriens-se-vendent-a-liatf\\\/\"]}]},{\"@type\":\"ImageObject\",\"inLanguage\":\"fr-FR\",\"@id\":\"https:\\\/\\\/lasentinelle.dz\\\/index.php\\\/2025\\\/09\\\/07\\\/des-echanges-intensifs-lexpertise-et-le-produit-algeriens-se-vendent-a-liatf\\\/#primaryimage\",\"url\":\"https:\\\/\\\/lasentinelle.dz\\\/wp-content\\\/uploads\\\/2025\\\/09\\\/544809838_122142853706653955_225583757290010639_n.jpg\",\"contentUrl\":\"https:\\\/\\\/lasentinelle.dz\\\/wp-content\\\/uploads\\\/2025\\\/09\\\/544809838_122142853706653955_225583757290010639_n.jpg\",\"width\":1080,\"height\":810},{\"@type\":\"BreadcrumbList\",\"@id\":\"https:\\\/\\\/lasentinelle.dz\\\/index.php\\\/2025\\\/09\\\/07\\\/des-echanges-intensifs-lexpertise-et-le-produit-algeriens-se-vendent-a-liatf\\\/#breadcrumb\",\"itemListElement\":[{\"@type\":\"ListItem\",\"position\":1,\"name\":\"Accueil\",\"item\":\"https:\\\/\\\/lasentinelle.dz\\\/\"},{\"@type\":\"ListItem\",\"position\":2,\"name\":\"Des \u00e9changes intensifs\u00a0: L\u2019expertise et le produit alg\u00e9riens se vendent \u00e0 l\u2019IATF\"}]},{\"@type\":\"WebSite\",\"@id\":\"https:\\\/\\\/lasentinelle.dz\\\/#website\",\"url\":\"https:\\\/\\\/lasentinelle.dz\\\/\",\"name\":\"La Sentinelle\",\"description\":\"Quotidien national d&#039;information\",\"publisher\":{\"@id\":\"https:\\\/\\\/lasentinelle.dz\\\/#organization\"},\"potentialAction\":[{\"@type\":\"SearchAction\",\"target\":{\"@type\":\"EntryPoint\",\"urlTemplate\":\"https:\\\/\\\/lasentinelle.dz\\\/?s={search_term_string}\"},\"query-input\":{\"@type\":\"PropertyValueSpecification\",\"valueRequired\":true,\"valueName\":\"search_term_string\"}}],\"inLanguage\":\"fr-FR\"},{\"@type\":\"Organization\",\"@id\":\"https:\\\/\\\/lasentinelle.dz\\\/#organization\",\"name\":\"Quotidien La Sentinelle\",\"url\":\"https:\\\/\\\/lasentinelle.dz\\\/\",\"logo\":{\"@type\":\"ImageObject\",\"inLanguage\":\"fr-FR\",\"@id\":\"https:\\\/\\\/lasentinelle.dz\\\/#\\\/schema\\\/logo\\\/image\\\/\",\"url\":\"https:\\\/\\\/lasentinelle.dz\\\/wp-content\\\/uploads\\\/2021\\\/09\\\/logo-sentinelleSLOGAN-1.png\",\"contentUrl\":\"https:\\\/\\\/lasentinelle.dz\\\/wp-content\\\/uploads\\\/2021\\\/09\\\/logo-sentinelleSLOGAN-1.png\",\"width\":615,\"height\":142,\"caption\":\"Quotidien La Sentinelle\"},\"image\":{\"@id\":\"https:\\\/\\\/lasentinelle.dz\\\/#\\\/schema\\\/logo\\\/image\\\/\"},\"sameAs\":[\"https:\\\/\\\/www.facebook.com\\\/La-Sentinelle-104059864394773\"]},{\"@type\":\"Person\",\"@id\":\"https:\\\/\\\/lasentinelle.dz\\\/#\\\/schema\\\/person\\\/729ee0024f24e0b8c5ec17232f8e8b41\",\"name\":\"admin\",\"image\":{\"@type\":\"ImageObject\",\"inLanguage\":\"fr-FR\",\"@id\":\"https:\\\/\\\/secure.gravatar.com\\\/avatar\\\/4c81fed838786e9b53f540bf46533e750f5d292099ae3b66cfc6fb1982e29df7?s=96&d=mm&r=g\",\"url\":\"https:\\\/\\\/secure.gravatar.com\\\/avatar\\\/4c81fed838786e9b53f540bf46533e750f5d292099ae3b66cfc6fb1982e29df7?s=96&d=mm&r=g\",\"contentUrl\":\"https:\\\/\\\/secure.gravatar.com\\\/avatar\\\/4c81fed838786e9b53f540bf46533e750f5d292099ae3b66cfc6fb1982e29df7?s=96&d=mm&r=g\",\"caption\":\"admin\"},\"description\":\"admin\",\"url\":\"https:\\\/\\\/lasentinelle.dz\\\/author\\\/admin\\\/\"}]}<\/script>\n<!-- \/ Yoast SEO plugin. -->","yoast_head_json":{"title":"Des \u00e9changes intensifs\u00a0: L\u2019expertise et le produit alg\u00e9riens se vendent \u00e0 l\u2019IATF - La Sentinelle","robots":{"index":"index","follow":"follow","max-snippet":"max-snippet:-1","max-image-preview":"max-image-preview:large","max-video-preview":"max-video-preview:-1"},"canonical":"https:\/\/lasentinelle.dz\/index.php\/2025\/09\/07\/des-echanges-intensifs-lexpertise-et-le-produit-algeriens-se-vendent-a-liatf\/","og_locale":"fr_FR","og_type":"article","og_title":"Des \u00e9changes intensifs\u00a0: L\u2019expertise et le produit alg\u00e9riens se vendent \u00e0 l\u2019IATF - La Sentinelle","og_description":"La 4e \u00e9dition de la Foire commerciale intra-africaine qui se d\u00e9roule \u00e0 Alger jusqu&rsquo;au 10 septembre confirme la position strat\u00e9gique","og_url":"https:\/\/lasentinelle.dz\/index.php\/2025\/09\/07\/des-echanges-intensifs-lexpertise-et-le-produit-algeriens-se-vendent-a-liatf\/","og_site_name":"La Sentinelle","article_publisher":"https:\/\/www.facebook.com\/La-Sentinelle-104059864394773","article_published_time":"2025-09-07T13:22:30+00:00","article_modified_time":"2025-09-07T13:22:31+00:00","og_image":[{"width":1080,"height":810,"url":"https:\/\/lasentinelle.dz\/wp-content\/uploads\/2025\/09\/544809838_122142853706653955_225583757290010639_n.jpg","type":"image\/jpeg"}],"author":"admin","twitter_card":"summary_large_image","twitter_misc":{"\u00c9crit par":"admin","Dur\u00e9e de lecture estim\u00e9e":"4 minutes"},"schema":{"@context":"https:\/\/schema.org","@graph":[{"@type":"Article","@id":"https:\/\/lasentinelle.dz\/index.php\/2025\/09\/07\/des-echanges-intensifs-lexpertise-et-le-produit-algeriens-se-vendent-a-liatf\/#article","isPartOf":{"@id":"https:\/\/lasentinelle.dz\/index.php\/2025\/09\/07\/des-echanges-intensifs-lexpertise-et-le-produit-algeriens-se-vendent-a-liatf\/"},"author":{"name":"admin","@id":"https:\/\/lasentinelle.dz\/#\/schema\/person\/729ee0024f24e0b8c5ec17232f8e8b41"},"headline":"Des \u00e9changes intensifs\u00a0: L\u2019expertise et le produit alg\u00e9riens se vendent \u00e0 l\u2019IATF","datePublished":"2025-09-07T13:22:30+00:00","dateModified":"2025-09-07T13:22:31+00:00","mainEntityOfPage":{"@id":"https:\/\/lasentinelle.dz\/index.php\/2025\/09\/07\/des-echanges-intensifs-lexpertise-et-le-produit-algeriens-se-vendent-a-liatf\/"},"wordCount":716,"commentCount":0,"publisher":{"@id":"https:\/\/lasentinelle.dz\/#organization"},"image":{"@id":"https:\/\/lasentinelle.dz\/index.php\/2025\/09\/07\/des-echanges-intensifs-lexpertise-et-le-produit-algeriens-se-vendent-a-liatf\/#primaryimage"},"thumbnailUrl":"https:\/\/lasentinelle.dz\/wp-content\/uploads\/2025\/09\/544809838_122142853706653955_225583757290010639_n.jpg","articleSection":["Actualit\u00e9"],"inLanguage":"fr-FR","potentialAction":[{"@type":"CommentAction","name":"Comment","target":["https:\/\/lasentinelle.dz\/index.php\/2025\/09\/07\/des-echanges-intensifs-lexpertise-et-le-produit-algeriens-se-vendent-a-liatf\/#respond"]}]},{"@type":"WebPage","@id":"https:\/\/lasentinelle.dz\/index.php\/2025\/09\/07\/des-echanges-intensifs-lexpertise-et-le-produit-algeriens-se-vendent-a-liatf\/","url":"https:\/\/lasentinelle.dz\/index.php\/2025\/09\/07\/des-echanges-intensifs-lexpertise-et-le-produit-algeriens-se-vendent-a-liatf\/","name":"Des \u00e9changes intensifs\u00a0: L\u2019expertise et le produit alg\u00e9riens se vendent \u00e0 l\u2019IATF - La Sentinelle","isPartOf":{"@id":"https:\/\/lasentinelle.dz\/#website"},"primaryImageOfPage":{"@id":"https:\/\/lasentinelle.dz\/index.php\/2025\/09\/07\/des-echanges-intensifs-lexpertise-et-le-produit-algeriens-se-vendent-a-liatf\/#primaryimage"},"image":{"@id":"https:\/\/lasentinelle.dz\/index.php\/2025\/09\/07\/des-echanges-intensifs-lexpertise-et-le-produit-algeriens-se-vendent-a-liatf\/#primaryimage"},"thumbnailUrl":"https:\/\/lasentinelle.dz\/wp-content\/uploads\/2025\/09\/544809838_122142853706653955_225583757290010639_n.jpg","datePublished":"2025-09-07T13:22:30+00:00","dateModified":"2025-09-07T13:22:31+00:00","breadcrumb":{"@id":"https:\/\/lasentinelle.dz\/index.php\/2025\/09\/07\/des-echanges-intensifs-lexpertise-et-le-produit-algeriens-se-vendent-a-liatf\/#breadcrumb"},"inLanguage":"fr-FR","potentialAction":[{"@type":"ReadAction","target":["https:\/\/lasentinelle.dz\/index.php\/2025\/09\/07\/des-echanges-intensifs-lexpertise-et-le-produit-algeriens-se-vendent-a-liatf\/"]}]},{"@type":"ImageObject","inLanguage":"fr-FR","@id":"https:\/\/lasentinelle.dz\/index.php\/2025\/09\/07\/des-echanges-intensifs-lexpertise-et-le-produit-algeriens-se-vendent-a-liatf\/#primaryimage","url":"https:\/\/lasentinelle.dz\/wp-content\/uploads\/2025\/09\/544809838_122142853706653955_225583757290010639_n.jpg","contentUrl":"https:\/\/lasentinelle.dz\/wp-content\/uploads\/2025\/09\/544809838_122142853706653955_225583757290010639_n.jpg","width":1080,"height":810},{"@type":"BreadcrumbList","@id":"https:\/\/lasentinelle.dz\/index.php\/2025\/09\/07\/des-echanges-intensifs-lexpertise-et-le-produit-algeriens-se-vendent-a-liatf\/#breadcrumb","itemListElement":[{"@type":"ListItem","position":1,"name":"Accueil","item":"https:\/\/lasentinelle.dz\/"},{"@type":"ListItem","position":2,"name":"Des \u00e9changes intensifs\u00a0: L\u2019expertise et le produit alg\u00e9riens se vendent \u00e0 l\u2019IATF"}]},{"@type":"WebSite","@id":"https:\/\/lasentinelle.dz\/#website","url":"https:\/\/lasentinelle.dz\/","name":"La Sentinelle","description":"Quotidien national d&#039;information","publisher":{"@id":"https:\/\/lasentinelle.dz\/#organization"},"potentialAction":[{"@type":"SearchAction","target":{"@type":"EntryPoint","urlTemplate":"https:\/\/lasentinelle.dz\/?s={search_term_string}"},"query-input":{"@type":"PropertyValueSpecification","valueRequired":true,"valueName":"search_term_string"}}],"inLanguage":"fr-FR"},{"@type":"Organization","@id":"https:\/\/lasentinelle.dz\/#organization","name":"Quotidien La Sentinelle","url":"https:\/\/lasentinelle.dz\/","logo":{"@type":"ImageObject","inLanguage":"fr-FR","@id":"https:\/\/lasentinelle.dz\/#\/schema\/logo\/image\/","url":"https:\/\/lasentinelle.dz\/wp-content\/uploads\/2021\/09\/logo-sentinelleSLOGAN-1.png","contentUrl":"https:\/\/lasentinelle.dz\/wp-content\/uploads\/2021\/09\/logo-sentinelleSLOGAN-1.png","width":615,"height":142,"caption":"Quotidien La Sentinelle"},"image":{"@id":"https:\/\/lasentinelle.dz\/#\/schema\/logo\/image\/"},"sameAs":["https:\/\/www.facebook.com\/La-Sentinelle-104059864394773"]},{"@type":"Person","@id":"https:\/\/lasentinelle.dz\/#\/schema\/person\/729ee0024f24e0b8c5ec17232f8e8b41","name":"admin","image":{"@type":"ImageObject","inLanguage":"fr-FR","@id":"https:\/\/secure.gravatar.com\/avatar\/4c81fed838786e9b53f540bf46533e750f5d292099ae3b66cfc6fb1982e29df7?s=96&d=mm&r=g","url":"https:\/\/secure.gravatar.com\/avatar\/4c81fed838786e9b53f540bf46533e750f5d292099ae3b66cfc6fb1982e29df7?s=96&d=mm&r=g","contentUrl":"https:\/\/secure.gravatar.com\/avatar\/4c81fed838786e9b53f540bf46533e750f5d292099ae3b66cfc6fb1982e29df7?s=96&d=mm&r=g","caption":"admin"},"description":"admin","url":"https:\/\/lasentinelle.dz\/author\/admin\/"}]}},"_links":{"self":[{"href":"https:\/\/lasentinelle.dz\/index.php\/wp-json\/wp\/v2\/posts\/72980","targetHints":{"allow":["GET"]}}],"collection":[{"href":"https:\/\/lasentinelle.dz\/index.php\/wp-json\/wp\/v2\/posts"}],"about":[{"href":"https:\/\/lasentinelle.dz\/index.php\/wp-json\/wp\/v2\/types\/post"}],"author":[{"embeddable":true,"href":"https:\/\/lasentinelle.dz\/index.php\/wp-json\/wp\/v2\/users\/6"}],"replies":[{"embeddable":true,"href":"https:\/\/lasentinelle.dz\/index.php\/wp-json\/wp\/v2\/comments?post=72980"}],"version-history":[{"count":1,"href":"https:\/\/lasentinelle.dz\/index.php\/wp-json\/wp\/v2\/posts\/72980\/revisions"}],"predecessor-version":[{"id":72982,"href":"https:\/\/lasentinelle.dz\/index.php\/wp-json\/wp\/v2\/posts\/72980\/revisions\/72982"}],"wp:featuredmedia":[{"embeddable":true,"href":"https:\/\/lasentinelle.dz\/index.php\/wp-json\/wp\/v2\/media\/72981"}],"wp:attachment":[{"href":"https:\/\/lasentinelle.dz\/index.php\/wp-json\/wp\/v2\/media?parent=72980"}],"wp:term":[{"taxonomy":"category","embeddable":true,"href":"https:\/\/lasentinelle.dz\/index.php\/wp-json\/wp\/v2\/categories?post=72980"},{"taxonomy":"post_tag","embeddable":true,"href":"https:\/\/lasentinelle.dz\/index.php\/wp-json\/wp\/v2\/tags?post=72980"}],"curies":[{"name":"wp","href":"https:\/\/api.w.org\/{rel}","templated":true}]}}