{"id":72983,"date":"2025-09-07T14:23:14","date_gmt":"2025-09-07T13:23:14","guid":{"rendered":"https:\/\/lasentinelle.dz\/?p=72983"},"modified":"2025-09-07T14:23:16","modified_gmt":"2025-09-07T13:23:16","slug":"lalgerie-approfondit-ses-partenariats-avec-le-mozambique-et-la-cote-divoire-plusieurs-accords-signes","status":"publish","type":"post","link":"https:\/\/lasentinelle.dz\/index.php\/2025\/09\/07\/lalgerie-approfondit-ses-partenariats-avec-le-mozambique-et-la-cote-divoire-plusieurs-accords-signes\/","title":{"rendered":"L&rsquo;Alg\u00e9rie approfondit ses partenariats avec le Mozambique et la C\u00f4te d&rsquo;Ivoire\u00a0: Plusieurs accords sign\u00e9s"},"content":{"rendered":"\n<p>Le pr\u00e9sident de la R\u00e9publique Abdelmadjid Tebboune et son homologue mozambicain Daniel Francisco Chapo ont copr\u00e9sid\u00e9 au Palais d\u2019El-Mouradia une c\u00e9r\u00e9monie marquant la signature de six accords et m\u00e9morandums d&rsquo;entente couvrant des secteurs strat\u00e9giques de la coop\u00e9ration bilat\u00e9rale.<\/p>\n\n\n\n<p>La 4<sup>e<\/sup> \u00e9dition de la Foire du commerce intra-africain est particuli\u00e8rement ambitieuse avec la signature attendue de 44 milliards de dollars de contrats et d\u2019accords. L\u2019Alg\u00e9rie entend d\u2019ailleurs mettre \u00e0 profit cette \u00e9dition de l\u2019IATF pour approfondir son ancrage \u00e9conomique continental. Un objectif qui prend d\u00e9j\u00e0 corps aux premiers jours de l\u2019\u00e9v\u00e8nement avec la signature ce samedi de plusieurs accords de partenariat strat\u00e9gique avec six accords de coop\u00e9ration avec le Mozambique et un partenariat commercial d&rsquo;envergure avec la C\u00f4te d&rsquo;Ivoire d&rsquo;une valeur de 100 millions d&rsquo;euros.<\/p>\n\n\n\n<p>Le pr\u00e9sident de la R\u00e9publique Abdelmadjid Tebboune et son homologue mozambicain Daniel Francisco Chapo ont copr\u00e9sid\u00e9 au si\u00e8ge de la Pr\u00e9sidence une c\u00e9r\u00e9monie marquant la signature de six accords et m\u00e9morandums d&rsquo;entente couvrant des secteurs strat\u00e9giques de la coop\u00e9ration bilat\u00e9rale, et ce apr\u00e8s des entretiens bilat\u00e9raux qui ont permis de passer en revue les relations bilat\u00e9rales. Cette rencontre au sommet t\u00e9moigne de la volont\u00e9 commune des deux pays d&rsquo;approfondir leurs liens dans une approche Sud-Sud renforc\u00e9e.<\/p>\n\n\n\n<p>Les accords conclus embrassent un large spectre de domaines prioritaires. Le programme ex\u00e9cutif de coop\u00e9ration culturelle et artistique pour la p\u00e9riode 2025-2028, sign\u00e9 entre le ministre de la Culture et des Arts Zouhir Ballalou et la ministre mozambicaine de l&rsquo;Education et de la Culture Samaria Filemon Tovela, pose les jalons d&rsquo;\u00e9changes culturels durables entre les deux nations. Parall\u00e8lement, un protocole de coop\u00e9ration m\u00e9diatique unit d\u00e9sormais la Radio alg\u00e9rienne \u00e0 son homologue mozambicaine, ouvrant la voie \u00e0 des synergies dans le secteur de l&rsquo;information. L&rsquo;accord de coop\u00e9ration dans l&rsquo;information et la communication, paraph\u00e9 par le ministre de la Communication Mohamed Meziane et la cheffe de la diplomatie mozambicaine Maria Manuela dos Santos Lucas, compl\u00e8te ce volet strat\u00e9gique. L&rsquo;enseignement sup\u00e9rieur et la recherche scientifique ne sont pas en reste avec la signature d&rsquo;un accord sp\u00e9cifique par le ministre Kamel Baddari, tandis que la coop\u00e9ration s\u00e9curitaire trouve sa concr\u00e9tisation dans l&rsquo;accord sign\u00e9 par le ministre de l&rsquo;Int\u00e9rieur Brahim Merad portant sur la s\u00fbret\u00e9 et l&rsquo;ordre public. Le volet diplomatique est consolid\u00e9 par un m\u00e9morandum d&rsquo;entente sur les consultations politiques entre les ministres des Affaires \u00e9trang\u00e8res Ahmed Attaf et Maria Manuela dos Santos Lucas, institutionnalisant ainsi le dialogue politique bilat\u00e9ral. Cette visite de travail du pr\u00e9sident Chapo s&rsquo;inscrit dans sa participation \u00e0 l&rsquo;IATF 2025, d\u00e9montrant l&rsquo;attractivit\u00e9 croissante de l&rsquo;Alg\u00e9rie comme hub \u00e9conomique africain.<\/p>\n\n\n\n<p><strong>Un contrat d\u2019export avec la C\u00f4te d\u2019Ivoire<\/strong><\/p>\n\n\n\n<p>Le dynamisme \u00e9conomique de cette foire continentale s&rsquo;est \u00e9galement manifest\u00e9 par la signature d&rsquo;un accord commercial substantiel entre l&rsquo;Alg\u00e9rie et la C\u00f4te d&rsquo;Ivoire. Au Palais des expositions des Pins maritimes, les entreprises Elsewedy Electric Algeria et Sogelux ont scell\u00e9 un partenariat quinquennal pour l&rsquo;exportation d&rsquo;\u00e9quipements \u00e9lectriques alg\u00e9riens vers le march\u00e9 ivoirien, repr\u00e9sentant une valeur globale de 100 millions d&rsquo;euros. Cette coop\u00e9ration pr\u00e9voit des exportations annuelles de 20 millions d&rsquo;euros sur cinq ans, s&rsquo;appuyant sur le succ\u00e8s d&rsquo;un projet pilote de 4 millions d&rsquo;euros d\u00e9j\u00e0 r\u00e9alis\u00e9. Le PDG d&rsquo;Elsewedy Electric Algeria, Mostafa Elhalwani, et le Directeur g\u00e9n\u00e9ral de Sogelux, Ahmed Ali Ghandour, ont proc\u00e9d\u00e9 \u00e0 cette signature sous la supervision d&rsquo;Omar Rekkache, Directeur g\u00e9n\u00e9ral de l&rsquo;Agence alg\u00e9rienne de promotion de l&rsquo;investissement, et en pr\u00e9sence de Kamel Moula, pr\u00e9sident du Conseil du renouveau \u00e9conomique alg\u00e9rien. Omar Rekkache a soulign\u00e9 la d\u00e9termination alg\u00e9rienne \u00e0 capitaliser sur cet \u00e9v\u00e9nement continental pour multiplier les contrats d&rsquo;investissement et commerciaux, exhortant les op\u00e9rateurs \u00e9conomiques \u00e0 saisir cette opportunit\u00e9 unique. Kamel Moula a mis en exergue l&rsquo;accompagnement du CREA pour faciliter l&rsquo;\u00e9tablissement de partenariats fructueux, notant l&rsquo;int\u00e9r\u00eat marqu\u00e9 des exposants pour les produits alg\u00e9riens reconnus pour leur qualit\u00e9 et leur comp\u00e9titivit\u00e9.<\/p>\n\n\n\n<p>Mostafa Elhalwani a salu\u00e9 le potentiel du produit alg\u00e9rien sur le march\u00e9 africain, capable de concurrencer les produits europ\u00e9ens gr\u00e2ce \u00e0 la qualit\u00e9 et \u00e0 l&rsquo;expertise de la main-d&rsquo;\u0153uvre nationale. Il a rappel\u00e9 les succ\u00e8s internationaux de son entreprise, d\u00e9j\u00e0 pr\u00e9sente sur les march\u00e9s am\u00e9ricain, italien, latino-am\u00e9ricain et du Golfe, consolidant ainsi la r\u00e9putation industrielle alg\u00e9rienne \u00e0 l&rsquo;\u00e9chelle mondiale.<\/p>\n\n\n\n<p>Samir Benisid<\/p>\n","protected":false},"excerpt":{"rendered":"<p>Le pr\u00e9sident de la R\u00e9publique Abdelmadjid Tebboune et son homologue mozambicain Daniel Francisco Chapo ont copr\u00e9sid\u00e9 au Palais d\u2019El-Mouradia une<\/p>\n","protected":false},"author":6,"featured_media":72984,"comment_status":"open","ping_status":"closed","sticky":false,"template":"","format":"standard","meta":{"colormag_page_container_layout":"default_layout","colormag_page_sidebar_layout":"default_layout","om_disable_all_campaigns":false,"_monsterinsights_skip_tracking":false,"_monsterinsights_sitenote_active":false,"_monsterinsights_sitenote_note":"","_monsterinsights_sitenote_category":0,"footnotes":"","_wpscppro_dont_share_socialmedia":false,"_wpscppro_custom_social_share_image":0,"_facebook_share_type":"default","_twitter_share_type":"default","_linkedin_share_type":"default","_pinterest_share_type":"default","_linkedin_share_type_page":"","_instagram_share_type":"default","_medium_share_type":"default","_threads_share_type":"default","_google_business_share_type":"default","_selected_social_profile":[],"_wpsp_enable_custom_social_template":false,"_wpsp_social_scheduling":{"enabled":false,"datetime":null,"platforms":[],"status":"template_only","dateOption":"today","timeOption":"now","customDays":"","customHours":"","customDate":"","customTime":"","schedulingType":"absolute"},"_wpsp_active_default_template":true},"categories":[52,27],"tags":[],"class_list":["post-72983","post","type-post","status-publish","format-standard","has-post-thumbnail","hentry","category-a-la-une","category-actualite"],"aioseo_notices":[],"yoast_head":"<!-- This site is optimized with the Yoast SEO plugin v27.5 - https:\/\/yoast.com\/product\/yoast-seo-wordpress\/ -->\n<title>L&rsquo;Alg\u00e9rie approfondit ses partenariats avec le Mozambique et la C\u00f4te d&rsquo;Ivoire\u00a0: Plusieurs accords sign\u00e9s - La Sentinelle<\/title>\n<meta name=\"robots\" content=\"index, follow, max-snippet:-1, max-image-preview:large, max-video-preview:-1\" \/>\n<link rel=\"canonical\" href=\"https:\/\/lasentinelle.dz\/index.php\/2025\/09\/07\/lalgerie-approfondit-ses-partenariats-avec-le-mozambique-et-la-cote-divoire-plusieurs-accords-signes\/\" \/>\n<meta property=\"og:locale\" content=\"fr_FR\" \/>\n<meta property=\"og:type\" content=\"article\" \/>\n<meta property=\"og:title\" content=\"L&rsquo;Alg\u00e9rie approfondit ses partenariats avec le Mozambique et la C\u00f4te d&rsquo;Ivoire\u00a0: Plusieurs accords sign\u00e9s - La Sentinelle\" \/>\n<meta property=\"og:description\" content=\"Le pr\u00e9sident de la R\u00e9publique Abdelmadjid Tebboune et son homologue mozambicain Daniel Francisco Chapo ont copr\u00e9sid\u00e9 au Palais d\u2019El-Mouradia une\" \/>\n<meta property=\"og:url\" content=\"https:\/\/lasentinelle.dz\/index.php\/2025\/09\/07\/lalgerie-approfondit-ses-partenariats-avec-le-mozambique-et-la-cote-divoire-plusieurs-accords-signes\/\" \/>\n<meta property=\"og:site_name\" content=\"La Sentinelle\" \/>\n<meta property=\"article:publisher\" content=\"https:\/\/www.facebook.com\/La-Sentinelle-104059864394773\" \/>\n<meta property=\"article:published_time\" content=\"2025-09-07T13:23:14+00:00\" \/>\n<meta property=\"article:modified_time\" content=\"2025-09-07T13:23:16+00:00\" \/>\n<meta property=\"og:image\" content=\"https:\/\/lasentinelle.dz\/wp-content\/uploads\/2025\/09\/accords.webp\" \/>\n\t<meta property=\"og:image:width\" content=\"900\" \/>\n\t<meta property=\"og:image:height\" content=\"675\" \/>\n\t<meta property=\"og:image:type\" content=\"image\/webp\" \/>\n<meta name=\"author\" content=\"admin\" \/>\n<meta name=\"twitter:card\" content=\"summary_large_image\" \/>\n<meta name=\"twitter:label1\" content=\"\u00c9crit par\" \/>\n\t<meta name=\"twitter:data1\" content=\"admin\" \/>\n\t<meta name=\"twitter:label2\" content=\"Dur\u00e9e de lecture estim\u00e9e\" \/>\n\t<meta name=\"twitter:data2\" content=\"4 minutes\" \/>\n<script type=\"application\/ld+json\" class=\"yoast-schema-graph\">{\"@context\":\"https:\\\/\\\/schema.org\",\"@graph\":[{\"@type\":\"Article\",\"@id\":\"https:\\\/\\\/lasentinelle.dz\\\/index.php\\\/2025\\\/09\\\/07\\\/lalgerie-approfondit-ses-partenariats-avec-le-mozambique-et-la-cote-divoire-plusieurs-accords-signes\\\/#article\",\"isPartOf\":{\"@id\":\"https:\\\/\\\/lasentinelle.dz\\\/index.php\\\/2025\\\/09\\\/07\\\/lalgerie-approfondit-ses-partenariats-avec-le-mozambique-et-la-cote-divoire-plusieurs-accords-signes\\\/\"},\"author\":{\"name\":\"admin\",\"@id\":\"https:\\\/\\\/lasentinelle.dz\\\/#\\\/schema\\\/person\\\/729ee0024f24e0b8c5ec17232f8e8b41\"},\"headline\":\"L&rsquo;Alg\u00e9rie approfondit ses partenariats avec le Mozambique et la C\u00f4te d&rsquo;Ivoire\u00a0: Plusieurs accords sign\u00e9s\",\"datePublished\":\"2025-09-07T13:23:14+00:00\",\"dateModified\":\"2025-09-07T13:23:16+00:00\",\"mainEntityOfPage\":{\"@id\":\"https:\\\/\\\/lasentinelle.dz\\\/index.php\\\/2025\\\/09\\\/07\\\/lalgerie-approfondit-ses-partenariats-avec-le-mozambique-et-la-cote-divoire-plusieurs-accords-signes\\\/\"},\"wordCount\":831,\"commentCount\":0,\"publisher\":{\"@id\":\"https:\\\/\\\/lasentinelle.dz\\\/#organization\"},\"image\":{\"@id\":\"https:\\\/\\\/lasentinelle.dz\\\/index.php\\\/2025\\\/09\\\/07\\\/lalgerie-approfondit-ses-partenariats-avec-le-mozambique-et-la-cote-divoire-plusieurs-accords-signes\\\/#primaryimage\"},\"thumbnailUrl\":\"https:\\\/\\\/lasentinelle.dz\\\/wp-content\\\/uploads\\\/2025\\\/09\\\/accords.webp\",\"articleSection\":[\"\u00c0 la Une\",\"Actualit\u00e9\"],\"inLanguage\":\"fr-FR\",\"potentialAction\":[{\"@type\":\"CommentAction\",\"name\":\"Comment\",\"target\":[\"https:\\\/\\\/lasentinelle.dz\\\/index.php\\\/2025\\\/09\\\/07\\\/lalgerie-approfondit-ses-partenariats-avec-le-mozambique-et-la-cote-divoire-plusieurs-accords-signes\\\/#respond\"]}]},{\"@type\":\"WebPage\",\"@id\":\"https:\\\/\\\/lasentinelle.dz\\\/index.php\\\/2025\\\/09\\\/07\\\/lalgerie-approfondit-ses-partenariats-avec-le-mozambique-et-la-cote-divoire-plusieurs-accords-signes\\\/\",\"url\":\"https:\\\/\\\/lasentinelle.dz\\\/index.php\\\/2025\\\/09\\\/07\\\/lalgerie-approfondit-ses-partenariats-avec-le-mozambique-et-la-cote-divoire-plusieurs-accords-signes\\\/\",\"name\":\"L&rsquo;Alg\u00e9rie approfondit ses partenariats avec le Mozambique et la C\u00f4te d&rsquo;Ivoire\u00a0: Plusieurs accords sign\u00e9s - La Sentinelle\",\"isPartOf\":{\"@id\":\"https:\\\/\\\/lasentinelle.dz\\\/#website\"},\"primaryImageOfPage\":{\"@id\":\"https:\\\/\\\/lasentinelle.dz\\\/index.php\\\/2025\\\/09\\\/07\\\/lalgerie-approfondit-ses-partenariats-avec-le-mozambique-et-la-cote-divoire-plusieurs-accords-signes\\\/#primaryimage\"},\"image\":{\"@id\":\"https:\\\/\\\/lasentinelle.dz\\\/index.php\\\/2025\\\/09\\\/07\\\/lalgerie-approfondit-ses-partenariats-avec-le-mozambique-et-la-cote-divoire-plusieurs-accords-signes\\\/#primaryimage\"},\"thumbnailUrl\":\"https:\\\/\\\/lasentinelle.dz\\\/wp-content\\\/uploads\\\/2025\\\/09\\\/accords.webp\",\"datePublished\":\"2025-09-07T13:23:14+00:00\",\"dateModified\":\"2025-09-07T13:23:16+00:00\",\"breadcrumb\":{\"@id\":\"https:\\\/\\\/lasentinelle.dz\\\/index.php\\\/2025\\\/09\\\/07\\\/lalgerie-approfondit-ses-partenariats-avec-le-mozambique-et-la-cote-divoire-plusieurs-accords-signes\\\/#breadcrumb\"},\"inLanguage\":\"fr-FR\",\"potentialAction\":[{\"@type\":\"ReadAction\",\"target\":[\"https:\\\/\\\/lasentinelle.dz\\\/index.php\\\/2025\\\/09\\\/07\\\/lalgerie-approfondit-ses-partenariats-avec-le-mozambique-et-la-cote-divoire-plusieurs-accords-signes\\\/\"]}]},{\"@type\":\"ImageObject\",\"inLanguage\":\"fr-FR\",\"@id\":\"https:\\\/\\\/lasentinelle.dz\\\/index.php\\\/2025\\\/09\\\/07\\\/lalgerie-approfondit-ses-partenariats-avec-le-mozambique-et-la-cote-divoire-plusieurs-accords-signes\\\/#primaryimage\",\"url\":\"https:\\\/\\\/lasentinelle.dz\\\/wp-content\\\/uploads\\\/2025\\\/09\\\/accords.webp\",\"contentUrl\":\"https:\\\/\\\/lasentinelle.dz\\\/wp-content\\\/uploads\\\/2025\\\/09\\\/accords.webp\",\"width\":900,\"height\":675},{\"@type\":\"BreadcrumbList\",\"@id\":\"https:\\\/\\\/lasentinelle.dz\\\/index.php\\\/2025\\\/09\\\/07\\\/lalgerie-approfondit-ses-partenariats-avec-le-mozambique-et-la-cote-divoire-plusieurs-accords-signes\\\/#breadcrumb\",\"itemListElement\":[{\"@type\":\"ListItem\",\"position\":1,\"name\":\"Accueil\",\"item\":\"https:\\\/\\\/lasentinelle.dz\\\/\"},{\"@type\":\"ListItem\",\"position\":2,\"name\":\"L&rsquo;Alg\u00e9rie approfondit ses partenariats avec le Mozambique et la C\u00f4te d&rsquo;Ivoire\u00a0: Plusieurs accords sign\u00e9s\"}]},{\"@type\":\"WebSite\",\"@id\":\"https:\\\/\\\/lasentinelle.dz\\\/#website\",\"url\":\"https:\\\/\\\/lasentinelle.dz\\\/\",\"name\":\"La Sentinelle\",\"description\":\"Quotidien national d&#039;information\",\"publisher\":{\"@id\":\"https:\\\/\\\/lasentinelle.dz\\\/#organization\"},\"potentialAction\":[{\"@type\":\"SearchAction\",\"target\":{\"@type\":\"EntryPoint\",\"urlTemplate\":\"https:\\\/\\\/lasentinelle.dz\\\/?s={search_term_string}\"},\"query-input\":{\"@type\":\"PropertyValueSpecification\",\"valueRequired\":true,\"valueName\":\"search_term_string\"}}],\"inLanguage\":\"fr-FR\"},{\"@type\":\"Organization\",\"@id\":\"https:\\\/\\\/lasentinelle.dz\\\/#organization\",\"name\":\"Quotidien La Sentinelle\",\"url\":\"https:\\\/\\\/lasentinelle.dz\\\/\",\"logo\":{\"@type\":\"ImageObject\",\"inLanguage\":\"fr-FR\",\"@id\":\"https:\\\/\\\/lasentinelle.dz\\\/#\\\/schema\\\/logo\\\/image\\\/\",\"url\":\"https:\\\/\\\/lasentinelle.dz\\\/wp-content\\\/uploads\\\/2021\\\/09\\\/logo-sentinelleSLOGAN-1.png\",\"contentUrl\":\"https:\\\/\\\/lasentinelle.dz\\\/wp-content\\\/uploads\\\/2021\\\/09\\\/logo-sentinelleSLOGAN-1.png\",\"width\":615,\"height\":142,\"caption\":\"Quotidien La Sentinelle\"},\"image\":{\"@id\":\"https:\\\/\\\/lasentinelle.dz\\\/#\\\/schema\\\/logo\\\/image\\\/\"},\"sameAs\":[\"https:\\\/\\\/www.facebook.com\\\/La-Sentinelle-104059864394773\"]},{\"@type\":\"Person\",\"@id\":\"https:\\\/\\\/lasentinelle.dz\\\/#\\\/schema\\\/person\\\/729ee0024f24e0b8c5ec17232f8e8b41\",\"name\":\"admin\",\"image\":{\"@type\":\"ImageObject\",\"inLanguage\":\"fr-FR\",\"@id\":\"https:\\\/\\\/secure.gravatar.com\\\/avatar\\\/4c81fed838786e9b53f540bf46533e750f5d292099ae3b66cfc6fb1982e29df7?s=96&d=mm&r=g\",\"url\":\"https:\\\/\\\/secure.gravatar.com\\\/avatar\\\/4c81fed838786e9b53f540bf46533e750f5d292099ae3b66cfc6fb1982e29df7?s=96&d=mm&r=g\",\"contentUrl\":\"https:\\\/\\\/secure.gravatar.com\\\/avatar\\\/4c81fed838786e9b53f540bf46533e750f5d292099ae3b66cfc6fb1982e29df7?s=96&d=mm&r=g\",\"caption\":\"admin\"},\"description\":\"admin\",\"url\":\"https:\\\/\\\/lasentinelle.dz\\\/author\\\/admin\\\/\"}]}<\/script>\n<!-- \/ Yoast SEO plugin. -->","yoast_head_json":{"title":"L&rsquo;Alg\u00e9rie approfondit ses partenariats avec le Mozambique et la C\u00f4te d&rsquo;Ivoire\u00a0: Plusieurs accords sign\u00e9s - La Sentinelle","robots":{"index":"index","follow":"follow","max-snippet":"max-snippet:-1","max-image-preview":"max-image-preview:large","max-video-preview":"max-video-preview:-1"},"canonical":"https:\/\/lasentinelle.dz\/index.php\/2025\/09\/07\/lalgerie-approfondit-ses-partenariats-avec-le-mozambique-et-la-cote-divoire-plusieurs-accords-signes\/","og_locale":"fr_FR","og_type":"article","og_title":"L&rsquo;Alg\u00e9rie approfondit ses partenariats avec le Mozambique et la C\u00f4te d&rsquo;Ivoire\u00a0: Plusieurs accords sign\u00e9s - La Sentinelle","og_description":"Le pr\u00e9sident de la R\u00e9publique Abdelmadjid Tebboune et son homologue mozambicain Daniel Francisco Chapo ont copr\u00e9sid\u00e9 au Palais d\u2019El-Mouradia une","og_url":"https:\/\/lasentinelle.dz\/index.php\/2025\/09\/07\/lalgerie-approfondit-ses-partenariats-avec-le-mozambique-et-la-cote-divoire-plusieurs-accords-signes\/","og_site_name":"La Sentinelle","article_publisher":"https:\/\/www.facebook.com\/La-Sentinelle-104059864394773","article_published_time":"2025-09-07T13:23:14+00:00","article_modified_time":"2025-09-07T13:23:16+00:00","og_image":[{"width":900,"height":675,"url":"https:\/\/lasentinelle.dz\/wp-content\/uploads\/2025\/09\/accords.webp","type":"image\/webp"}],"author":"admin","twitter_card":"summary_large_image","twitter_misc":{"\u00c9crit par":"admin","Dur\u00e9e de lecture estim\u00e9e":"4 minutes"},"schema":{"@context":"https:\/\/schema.org","@graph":[{"@type":"Article","@id":"https:\/\/lasentinelle.dz\/index.php\/2025\/09\/07\/lalgerie-approfondit-ses-partenariats-avec-le-mozambique-et-la-cote-divoire-plusieurs-accords-signes\/#article","isPartOf":{"@id":"https:\/\/lasentinelle.dz\/index.php\/2025\/09\/07\/lalgerie-approfondit-ses-partenariats-avec-le-mozambique-et-la-cote-divoire-plusieurs-accords-signes\/"},"author":{"name":"admin","@id":"https:\/\/lasentinelle.dz\/#\/schema\/person\/729ee0024f24e0b8c5ec17232f8e8b41"},"headline":"L&rsquo;Alg\u00e9rie approfondit ses partenariats avec le Mozambique et la C\u00f4te d&rsquo;Ivoire\u00a0: Plusieurs accords sign\u00e9s","datePublished":"2025-09-07T13:23:14+00:00","dateModified":"2025-09-07T13:23:16+00:00","mainEntityOfPage":{"@id":"https:\/\/lasentinelle.dz\/index.php\/2025\/09\/07\/lalgerie-approfondit-ses-partenariats-avec-le-mozambique-et-la-cote-divoire-plusieurs-accords-signes\/"},"wordCount":831,"commentCount":0,"publisher":{"@id":"https:\/\/lasentinelle.dz\/#organization"},"image":{"@id":"https:\/\/lasentinelle.dz\/index.php\/2025\/09\/07\/lalgerie-approfondit-ses-partenariats-avec-le-mozambique-et-la-cote-divoire-plusieurs-accords-signes\/#primaryimage"},"thumbnailUrl":"https:\/\/lasentinelle.dz\/wp-content\/uploads\/2025\/09\/accords.webp","articleSection":["\u00c0 la Une","Actualit\u00e9"],"inLanguage":"fr-FR","potentialAction":[{"@type":"CommentAction","name":"Comment","target":["https:\/\/lasentinelle.dz\/index.php\/2025\/09\/07\/lalgerie-approfondit-ses-partenariats-avec-le-mozambique-et-la-cote-divoire-plusieurs-accords-signes\/#respond"]}]},{"@type":"WebPage","@id":"https:\/\/lasentinelle.dz\/index.php\/2025\/09\/07\/lalgerie-approfondit-ses-partenariats-avec-le-mozambique-et-la-cote-divoire-plusieurs-accords-signes\/","url":"https:\/\/lasentinelle.dz\/index.php\/2025\/09\/07\/lalgerie-approfondit-ses-partenariats-avec-le-mozambique-et-la-cote-divoire-plusieurs-accords-signes\/","name":"L&rsquo;Alg\u00e9rie approfondit ses partenariats avec le Mozambique et la C\u00f4te d&rsquo;Ivoire\u00a0: Plusieurs accords sign\u00e9s - La Sentinelle","isPartOf":{"@id":"https:\/\/lasentinelle.dz\/#website"},"primaryImageOfPage":{"@id":"https:\/\/lasentinelle.dz\/index.php\/2025\/09\/07\/lalgerie-approfondit-ses-partenariats-avec-le-mozambique-et-la-cote-divoire-plusieurs-accords-signes\/#primaryimage"},"image":{"@id":"https:\/\/lasentinelle.dz\/index.php\/2025\/09\/07\/lalgerie-approfondit-ses-partenariats-avec-le-mozambique-et-la-cote-divoire-plusieurs-accords-signes\/#primaryimage"},"thumbnailUrl":"https:\/\/lasentinelle.dz\/wp-content\/uploads\/2025\/09\/accords.webp","datePublished":"2025-09-07T13:23:14+00:00","dateModified":"2025-09-07T13:23:16+00:00","breadcrumb":{"@id":"https:\/\/lasentinelle.dz\/index.php\/2025\/09\/07\/lalgerie-approfondit-ses-partenariats-avec-le-mozambique-et-la-cote-divoire-plusieurs-accords-signes\/#breadcrumb"},"inLanguage":"fr-FR","potentialAction":[{"@type":"ReadAction","target":["https:\/\/lasentinelle.dz\/index.php\/2025\/09\/07\/lalgerie-approfondit-ses-partenariats-avec-le-mozambique-et-la-cote-divoire-plusieurs-accords-signes\/"]}]},{"@type":"ImageObject","inLanguage":"fr-FR","@id":"https:\/\/lasentinelle.dz\/index.php\/2025\/09\/07\/lalgerie-approfondit-ses-partenariats-avec-le-mozambique-et-la-cote-divoire-plusieurs-accords-signes\/#primaryimage","url":"https:\/\/lasentinelle.dz\/wp-content\/uploads\/2025\/09\/accords.webp","contentUrl":"https:\/\/lasentinelle.dz\/wp-content\/uploads\/2025\/09\/accords.webp","width":900,"height":675},{"@type":"BreadcrumbList","@id":"https:\/\/lasentinelle.dz\/index.php\/2025\/09\/07\/lalgerie-approfondit-ses-partenariats-avec-le-mozambique-et-la-cote-divoire-plusieurs-accords-signes\/#breadcrumb","itemListElement":[{"@type":"ListItem","position":1,"name":"Accueil","item":"https:\/\/lasentinelle.dz\/"},{"@type":"ListItem","position":2,"name":"L&rsquo;Alg\u00e9rie approfondit ses partenariats avec le Mozambique et la C\u00f4te d&rsquo;Ivoire\u00a0: Plusieurs accords sign\u00e9s"}]},{"@type":"WebSite","@id":"https:\/\/lasentinelle.dz\/#website","url":"https:\/\/lasentinelle.dz\/","name":"La Sentinelle","description":"Quotidien national d&#039;information","publisher":{"@id":"https:\/\/lasentinelle.dz\/#organization"},"potentialAction":[{"@type":"SearchAction","target":{"@type":"EntryPoint","urlTemplate":"https:\/\/lasentinelle.dz\/?s={search_term_string}"},"query-input":{"@type":"PropertyValueSpecification","valueRequired":true,"valueName":"search_term_string"}}],"inLanguage":"fr-FR"},{"@type":"Organization","@id":"https:\/\/lasentinelle.dz\/#organization","name":"Quotidien La Sentinelle","url":"https:\/\/lasentinelle.dz\/","logo":{"@type":"ImageObject","inLanguage":"fr-FR","@id":"https:\/\/lasentinelle.dz\/#\/schema\/logo\/image\/","url":"https:\/\/lasentinelle.dz\/wp-content\/uploads\/2021\/09\/logo-sentinelleSLOGAN-1.png","contentUrl":"https:\/\/lasentinelle.dz\/wp-content\/uploads\/2021\/09\/logo-sentinelleSLOGAN-1.png","width":615,"height":142,"caption":"Quotidien La Sentinelle"},"image":{"@id":"https:\/\/lasentinelle.dz\/#\/schema\/logo\/image\/"},"sameAs":["https:\/\/www.facebook.com\/La-Sentinelle-104059864394773"]},{"@type":"Person","@id":"https:\/\/lasentinelle.dz\/#\/schema\/person\/729ee0024f24e0b8c5ec17232f8e8b41","name":"admin","image":{"@type":"ImageObject","inLanguage":"fr-FR","@id":"https:\/\/secure.gravatar.com\/avatar\/4c81fed838786e9b53f540bf46533e750f5d292099ae3b66cfc6fb1982e29df7?s=96&d=mm&r=g","url":"https:\/\/secure.gravatar.com\/avatar\/4c81fed838786e9b53f540bf46533e750f5d292099ae3b66cfc6fb1982e29df7?s=96&d=mm&r=g","contentUrl":"https:\/\/secure.gravatar.com\/avatar\/4c81fed838786e9b53f540bf46533e750f5d292099ae3b66cfc6fb1982e29df7?s=96&d=mm&r=g","caption":"admin"},"description":"admin","url":"https:\/\/lasentinelle.dz\/author\/admin\/"}]}},"_links":{"self":[{"href":"https:\/\/lasentinelle.dz\/index.php\/wp-json\/wp\/v2\/posts\/72983","targetHints":{"allow":["GET"]}}],"collection":[{"href":"https:\/\/lasentinelle.dz\/index.php\/wp-json\/wp\/v2\/posts"}],"about":[{"href":"https:\/\/lasentinelle.dz\/index.php\/wp-json\/wp\/v2\/types\/post"}],"author":[{"embeddable":true,"href":"https:\/\/lasentinelle.dz\/index.php\/wp-json\/wp\/v2\/users\/6"}],"replies":[{"embeddable":true,"href":"https:\/\/lasentinelle.dz\/index.php\/wp-json\/wp\/v2\/comments?post=72983"}],"version-history":[{"count":2,"href":"https:\/\/lasentinelle.dz\/index.php\/wp-json\/wp\/v2\/posts\/72983\/revisions"}],"predecessor-version":[{"id":72986,"href":"https:\/\/lasentinelle.dz\/index.php\/wp-json\/wp\/v2\/posts\/72983\/revisions\/72986"}],"wp:featuredmedia":[{"embeddable":true,"href":"https:\/\/lasentinelle.dz\/index.php\/wp-json\/wp\/v2\/media\/72984"}],"wp:attachment":[{"href":"https:\/\/lasentinelle.dz\/index.php\/wp-json\/wp\/v2\/media?parent=72983"}],"wp:term":[{"taxonomy":"category","embeddable":true,"href":"https:\/\/lasentinelle.dz\/index.php\/wp-json\/wp\/v2\/categories?post=72983"},{"taxonomy":"post_tag","embeddable":true,"href":"https:\/\/lasentinelle.dz\/index.php\/wp-json\/wp\/v2\/tags?post=72983"}],"curies":[{"name":"wp","href":"https:\/\/api.w.org\/{rel}","templated":true}]}}