{"id":72991,"date":"2025-09-07T14:25:49","date_gmt":"2025-09-07T13:25:49","guid":{"rendered":"https:\/\/lasentinelle.dz\/?p=72991"},"modified":"2025-09-07T14:25:50","modified_gmt":"2025-09-07T13:25:50","slug":"cmda-une-centaine-dinvestisseurs-de-la-diaspora-mobilises","status":"publish","type":"post","link":"https:\/\/lasentinelle.dz\/index.php\/2025\/09\/07\/cmda-une-centaine-dinvestisseurs-de-la-diaspora-mobilises\/","title":{"rendered":"CMDA\u00a0: Une centaine d&rsquo;investisseurs de la diaspora mobilis\u00e9s"},"content":{"rendered":"\n<p>Une centaine d&rsquo;investisseurs de la diaspora alg\u00e9rienne se sont r\u00e9unis vendredi soir \u00e0 Alger \u00e0 l&rsquo;initiative du Conseil mondial de la diaspora alg\u00e9rienne dans le cadre de la Journ\u00e9e africaine de la diaspora organis\u00e9e lors de l&rsquo;IATF 2025. Le CMDA, repr\u00e9sent\u00e9 par son fondateur Karim Zeribi et sa pr\u00e9sidente Farida Ghezali, a marqu\u00e9 sa pr\u00e9sence symbolique dans la capitale avec des membres d\u00e9termin\u00e9s \u00e0 apporter leur contribution au d\u00e9veloppement national. Cette initiative survient \u00e0 un moment opportun alors que les Alg\u00e9riens de l&rsquo;\u00e9tranger font face \u00e0 des d\u00e9fis sans pr\u00e9c\u00e9dent dans leurs pays d&rsquo;accueil. Le Secr\u00e9taire d&rsquo;\u00c9tat charg\u00e9 de la Communaut\u00e9 nationale \u00e0 l&rsquo;\u00e9tranger Sofiane Cha\u00efb a d&rsquo;ailleurs salu\u00e9 cette initiative lanc\u00e9e au moment o\u00f9 \u00ab\u00a0nos compatriotes font l&rsquo;objet d&rsquo;attaques sans pr\u00e9c\u00e9dent nourries par les discours extr\u00e9mistes et x\u00e9nophobes\u00a0\u00bb. Le secr\u00e9taire d&rsquo;\u00c9tat a soulign\u00e9 que le lancement du CMDA intervenait \u00ab\u00a0\u00e0 un moment crucial marqu\u00e9 par l&rsquo;aspiration profonde des membres de notre communaut\u00e9 partout dans le monde \u00e0 se structurer et \u00e0 s&rsquo;organiser sous diff\u00e9rentes formes afin de jouer pleinement leur r\u00f4le de dignes repr\u00e9sentants de l&rsquo;Alg\u00e9rie dans le pays d&rsquo;accueil\u00a0\u00bb. Cette d\u00e9marche s&rsquo;inscrit parfaitement dans la vision du pr\u00e9sident Abdelmadjid Tebboune qui \u00ab\u00a0accorde une grande importance \u00e0 la communaut\u00e9 nationale \u00e0 l&rsquo;\u00e9tranger et qui a \u0153uvr\u00e9 pour la constitutionnaliser comme une partie indissociable de la Nation\u00a0\u00bb.<\/p>\n\n\n\n<p>Karim Zeribi a mis en avant l&rsquo;engouement des Alg\u00e9riens pr\u00e9sents dans tous les domaines \u00e0 travers le monde, estim\u00e9s \u00e0 pr\u00e8s de 7 millions dont 5 millions en France, pour contribuer au d\u00e9veloppement de leur pays. Le fondateur du CMDA a annonc\u00e9 la cr\u00e9ation prochaine d&rsquo;une structure d\u00e9di\u00e9e \u00e0 Alger dont l&rsquo;objectif sera de faciliter et d&rsquo;acc\u00e9l\u00e9rer la r\u00e9alisation des projets pour g\u00e9n\u00e9rer ensuite des \u00ab\u00a0Success Stories\u00a0\u00bb et mieux communiquer sur les r\u00e9ussites alg\u00e9riennes. Cette future structure aura pour missions d&rsquo;accompagner tous les porteurs de projets issus de la diaspora, de leur faciliter l&rsquo;accueil, l&rsquo;orientation et l&rsquo;aide \u00e0 la concr\u00e9tisation des projets en aidant \u00e0 affiner les business plans et \u00e0 prendre des rendez-vous avec les organismes bancaires ou l&rsquo;Agence alg\u00e9rienne de promotion de l&rsquo;investissement. \u00c9voquant la n\u00e9cessit\u00e9 de ne plus laisser les autres d\u00e9nigrer l&rsquo;Alg\u00e9rie et ses grandes r\u00e9alisations, Zeribi a affirm\u00e9 qu&rsquo;il \u00e9tait crucial que le r\u00e9cit de l&rsquo;Alg\u00e9rie soit racont\u00e9 par ses propres enfants, d&rsquo;o\u00f9 la pertinence des Success Stories qui mettent en avant les r\u00e9ussites et adoptent des perspectives positives. Le CMDA pr\u00e9voit la cr\u00e9ation imminente de plusieurs antennes \u00e0 Montr\u00e9al, aux \u00c9tats-Unis, \u00e0 Londres, \u00e0 Doha, une cinquantaine en France et une au Parlement europ\u00e9en pour structurer la communaut\u00e9 alg\u00e9rienne et cr\u00e9er un \u00ab\u00a0lobby alg\u00e9rien\u00a0\u00bb capable d&rsquo;exercer une \u00ab\u00a0diplomatie d&rsquo;influence\u00a0\u00bb. La diaspora est \u00e9galement appel\u00e9e \u00e0 faciliter l&rsquo;exportation de produits alg\u00e9riens de qualit\u00e9 partout dans le monde, se positionnant comme une force organis\u00e9e et structur\u00e9e port\u00e9e par la comp\u00e9tence de ses membres et le soutien des autorit\u00e9s.<\/p>\n\n\n\n<p>Hocine Fadheli<\/p>\n","protected":false},"excerpt":{"rendered":"<p>Une centaine d&rsquo;investisseurs de la diaspora alg\u00e9rienne se sont r\u00e9unis vendredi soir \u00e0 Alger \u00e0 l&rsquo;initiative du Conseil mondial de<\/p>\n","protected":false},"author":6,"featured_media":72992,"comment_status":"open","ping_status":"closed","sticky":false,"template":"","format":"standard","meta":{"colormag_page_container_layout":"default_layout","colormag_page_sidebar_layout":"default_layout","om_disable_all_campaigns":false,"_monsterinsights_skip_tracking":false,"_monsterinsights_sitenote_active":false,"_monsterinsights_sitenote_note":"","_monsterinsights_sitenote_category":0,"footnotes":"","_wpscppro_dont_share_socialmedia":false,"_wpscppro_custom_social_share_image":0,"_facebook_share_type":"default","_twitter_share_type":"default","_linkedin_share_type":"default","_pinterest_share_type":"default","_linkedin_share_type_page":"","_instagram_share_type":"default","_medium_share_type":"default","_threads_share_type":"default","_google_business_share_type":"default","_selected_social_profile":[],"_wpsp_enable_custom_social_template":false,"_wpsp_social_scheduling":{"enabled":false,"datetime":null,"platforms":[],"status":"template_only","dateOption":"today","timeOption":"now","customDays":"","customHours":"","customDate":"","customTime":"","schedulingType":"absolute"},"_wpsp_active_default_template":true},"categories":[27],"tags":[],"class_list":["post-72991","post","type-post","status-publish","format-standard","has-post-thumbnail","hentry","category-actualite"],"aioseo_notices":[],"yoast_head":"<!-- This site is optimized with the Yoast SEO plugin v27.5 - https:\/\/yoast.com\/product\/yoast-seo-wordpress\/ -->\n<title>CMDA\u00a0: Une centaine d&rsquo;investisseurs de la diaspora mobilis\u00e9s - La Sentinelle<\/title>\n<meta name=\"robots\" content=\"index, follow, max-snippet:-1, max-image-preview:large, max-video-preview:-1\" \/>\n<link rel=\"canonical\" href=\"https:\/\/lasentinelle.dz\/index.php\/2025\/09\/07\/cmda-une-centaine-dinvestisseurs-de-la-diaspora-mobilises\/\" \/>\n<meta property=\"og:locale\" content=\"fr_FR\" \/>\n<meta property=\"og:type\" content=\"article\" \/>\n<meta property=\"og:title\" content=\"CMDA\u00a0: Une centaine d&rsquo;investisseurs de la diaspora mobilis\u00e9s - La Sentinelle\" \/>\n<meta property=\"og:description\" content=\"Une centaine d&rsquo;investisseurs de la diaspora alg\u00e9rienne se sont r\u00e9unis vendredi soir \u00e0 Alger \u00e0 l&rsquo;initiative du Conseil mondial de\" \/>\n<meta property=\"og:url\" content=\"https:\/\/lasentinelle.dz\/index.php\/2025\/09\/07\/cmda-une-centaine-dinvestisseurs-de-la-diaspora-mobilises\/\" \/>\n<meta property=\"og:site_name\" content=\"La Sentinelle\" \/>\n<meta property=\"article:publisher\" content=\"https:\/\/www.facebook.com\/La-Sentinelle-104059864394773\" \/>\n<meta property=\"article:published_time\" content=\"2025-09-07T13:25:49+00:00\" \/>\n<meta property=\"article:modified_time\" content=\"2025-09-07T13:25:50+00:00\" \/>\n<meta property=\"og:image\" content=\"https:\/\/lasentinelle.dz\/wp-content\/uploads\/2025\/09\/CMDA.webp\" \/>\n\t<meta property=\"og:image:width\" content=\"813\" \/>\n\t<meta property=\"og:image:height\" content=\"512\" \/>\n\t<meta property=\"og:image:type\" content=\"image\/webp\" \/>\n<meta name=\"author\" content=\"admin\" \/>\n<meta name=\"twitter:card\" content=\"summary_large_image\" \/>\n<meta name=\"twitter:label1\" content=\"\u00c9crit par\" \/>\n\t<meta name=\"twitter:data1\" content=\"admin\" \/>\n\t<meta name=\"twitter:label2\" content=\"Dur\u00e9e de lecture estim\u00e9e\" \/>\n\t<meta name=\"twitter:data2\" content=\"3 minutes\" \/>\n<script type=\"application\/ld+json\" class=\"yoast-schema-graph\">{\"@context\":\"https:\\\/\\\/schema.org\",\"@graph\":[{\"@type\":\"Article\",\"@id\":\"https:\\\/\\\/lasentinelle.dz\\\/index.php\\\/2025\\\/09\\\/07\\\/cmda-une-centaine-dinvestisseurs-de-la-diaspora-mobilises\\\/#article\",\"isPartOf\":{\"@id\":\"https:\\\/\\\/lasentinelle.dz\\\/index.php\\\/2025\\\/09\\\/07\\\/cmda-une-centaine-dinvestisseurs-de-la-diaspora-mobilises\\\/\"},\"author\":{\"name\":\"admin\",\"@id\":\"https:\\\/\\\/lasentinelle.dz\\\/#\\\/schema\\\/person\\\/729ee0024f24e0b8c5ec17232f8e8b41\"},\"headline\":\"CMDA\u00a0: Une centaine d&rsquo;investisseurs de la diaspora mobilis\u00e9s\",\"datePublished\":\"2025-09-07T13:25:49+00:00\",\"dateModified\":\"2025-09-07T13:25:50+00:00\",\"mainEntityOfPage\":{\"@id\":\"https:\\\/\\\/lasentinelle.dz\\\/index.php\\\/2025\\\/09\\\/07\\\/cmda-une-centaine-dinvestisseurs-de-la-diaspora-mobilises\\\/\"},\"wordCount\":559,\"commentCount\":0,\"publisher\":{\"@id\":\"https:\\\/\\\/lasentinelle.dz\\\/#organization\"},\"image\":{\"@id\":\"https:\\\/\\\/lasentinelle.dz\\\/index.php\\\/2025\\\/09\\\/07\\\/cmda-une-centaine-dinvestisseurs-de-la-diaspora-mobilises\\\/#primaryimage\"},\"thumbnailUrl\":\"https:\\\/\\\/lasentinelle.dz\\\/wp-content\\\/uploads\\\/2025\\\/09\\\/CMDA.webp\",\"articleSection\":[\"Actualit\u00e9\"],\"inLanguage\":\"fr-FR\",\"potentialAction\":[{\"@type\":\"CommentAction\",\"name\":\"Comment\",\"target\":[\"https:\\\/\\\/lasentinelle.dz\\\/index.php\\\/2025\\\/09\\\/07\\\/cmda-une-centaine-dinvestisseurs-de-la-diaspora-mobilises\\\/#respond\"]}]},{\"@type\":\"WebPage\",\"@id\":\"https:\\\/\\\/lasentinelle.dz\\\/index.php\\\/2025\\\/09\\\/07\\\/cmda-une-centaine-dinvestisseurs-de-la-diaspora-mobilises\\\/\",\"url\":\"https:\\\/\\\/lasentinelle.dz\\\/index.php\\\/2025\\\/09\\\/07\\\/cmda-une-centaine-dinvestisseurs-de-la-diaspora-mobilises\\\/\",\"name\":\"CMDA\u00a0: Une centaine d&rsquo;investisseurs de la diaspora mobilis\u00e9s - La Sentinelle\",\"isPartOf\":{\"@id\":\"https:\\\/\\\/lasentinelle.dz\\\/#website\"},\"primaryImageOfPage\":{\"@id\":\"https:\\\/\\\/lasentinelle.dz\\\/index.php\\\/2025\\\/09\\\/07\\\/cmda-une-centaine-dinvestisseurs-de-la-diaspora-mobilises\\\/#primaryimage\"},\"image\":{\"@id\":\"https:\\\/\\\/lasentinelle.dz\\\/index.php\\\/2025\\\/09\\\/07\\\/cmda-une-centaine-dinvestisseurs-de-la-diaspora-mobilises\\\/#primaryimage\"},\"thumbnailUrl\":\"https:\\\/\\\/lasentinelle.dz\\\/wp-content\\\/uploads\\\/2025\\\/09\\\/CMDA.webp\",\"datePublished\":\"2025-09-07T13:25:49+00:00\",\"dateModified\":\"2025-09-07T13:25:50+00:00\",\"breadcrumb\":{\"@id\":\"https:\\\/\\\/lasentinelle.dz\\\/index.php\\\/2025\\\/09\\\/07\\\/cmda-une-centaine-dinvestisseurs-de-la-diaspora-mobilises\\\/#breadcrumb\"},\"inLanguage\":\"fr-FR\",\"potentialAction\":[{\"@type\":\"ReadAction\",\"target\":[\"https:\\\/\\\/lasentinelle.dz\\\/index.php\\\/2025\\\/09\\\/07\\\/cmda-une-centaine-dinvestisseurs-de-la-diaspora-mobilises\\\/\"]}]},{\"@type\":\"ImageObject\",\"inLanguage\":\"fr-FR\",\"@id\":\"https:\\\/\\\/lasentinelle.dz\\\/index.php\\\/2025\\\/09\\\/07\\\/cmda-une-centaine-dinvestisseurs-de-la-diaspora-mobilises\\\/#primaryimage\",\"url\":\"https:\\\/\\\/lasentinelle.dz\\\/wp-content\\\/uploads\\\/2025\\\/09\\\/CMDA.webp\",\"contentUrl\":\"https:\\\/\\\/lasentinelle.dz\\\/wp-content\\\/uploads\\\/2025\\\/09\\\/CMDA.webp\",\"width\":813,\"height\":512},{\"@type\":\"BreadcrumbList\",\"@id\":\"https:\\\/\\\/lasentinelle.dz\\\/index.php\\\/2025\\\/09\\\/07\\\/cmda-une-centaine-dinvestisseurs-de-la-diaspora-mobilises\\\/#breadcrumb\",\"itemListElement\":[{\"@type\":\"ListItem\",\"position\":1,\"name\":\"Accueil\",\"item\":\"https:\\\/\\\/lasentinelle.dz\\\/\"},{\"@type\":\"ListItem\",\"position\":2,\"name\":\"CMDA\u00a0: Une centaine d&rsquo;investisseurs de la diaspora mobilis\u00e9s\"}]},{\"@type\":\"WebSite\",\"@id\":\"https:\\\/\\\/lasentinelle.dz\\\/#website\",\"url\":\"https:\\\/\\\/lasentinelle.dz\\\/\",\"name\":\"La Sentinelle\",\"description\":\"Quotidien national d&#039;information\",\"publisher\":{\"@id\":\"https:\\\/\\\/lasentinelle.dz\\\/#organization\"},\"potentialAction\":[{\"@type\":\"SearchAction\",\"target\":{\"@type\":\"EntryPoint\",\"urlTemplate\":\"https:\\\/\\\/lasentinelle.dz\\\/?s={search_term_string}\"},\"query-input\":{\"@type\":\"PropertyValueSpecification\",\"valueRequired\":true,\"valueName\":\"search_term_string\"}}],\"inLanguage\":\"fr-FR\"},{\"@type\":\"Organization\",\"@id\":\"https:\\\/\\\/lasentinelle.dz\\\/#organization\",\"name\":\"Quotidien La Sentinelle\",\"url\":\"https:\\\/\\\/lasentinelle.dz\\\/\",\"logo\":{\"@type\":\"ImageObject\",\"inLanguage\":\"fr-FR\",\"@id\":\"https:\\\/\\\/lasentinelle.dz\\\/#\\\/schema\\\/logo\\\/image\\\/\",\"url\":\"https:\\\/\\\/lasentinelle.dz\\\/wp-content\\\/uploads\\\/2021\\\/09\\\/logo-sentinelleSLOGAN-1.png\",\"contentUrl\":\"https:\\\/\\\/lasentinelle.dz\\\/wp-content\\\/uploads\\\/2021\\\/09\\\/logo-sentinelleSLOGAN-1.png\",\"width\":615,\"height\":142,\"caption\":\"Quotidien La Sentinelle\"},\"image\":{\"@id\":\"https:\\\/\\\/lasentinelle.dz\\\/#\\\/schema\\\/logo\\\/image\\\/\"},\"sameAs\":[\"https:\\\/\\\/www.facebook.com\\\/La-Sentinelle-104059864394773\"]},{\"@type\":\"Person\",\"@id\":\"https:\\\/\\\/lasentinelle.dz\\\/#\\\/schema\\\/person\\\/729ee0024f24e0b8c5ec17232f8e8b41\",\"name\":\"admin\",\"image\":{\"@type\":\"ImageObject\",\"inLanguage\":\"fr-FR\",\"@id\":\"https:\\\/\\\/secure.gravatar.com\\\/avatar\\\/4c81fed838786e9b53f540bf46533e750f5d292099ae3b66cfc6fb1982e29df7?s=96&d=mm&r=g\",\"url\":\"https:\\\/\\\/secure.gravatar.com\\\/avatar\\\/4c81fed838786e9b53f540bf46533e750f5d292099ae3b66cfc6fb1982e29df7?s=96&d=mm&r=g\",\"contentUrl\":\"https:\\\/\\\/secure.gravatar.com\\\/avatar\\\/4c81fed838786e9b53f540bf46533e750f5d292099ae3b66cfc6fb1982e29df7?s=96&d=mm&r=g\",\"caption\":\"admin\"},\"description\":\"admin\",\"url\":\"https:\\\/\\\/lasentinelle.dz\\\/author\\\/admin\\\/\"}]}<\/script>\n<!-- \/ Yoast SEO plugin. -->","yoast_head_json":{"title":"CMDA\u00a0: Une centaine d&rsquo;investisseurs de la diaspora mobilis\u00e9s - La Sentinelle","robots":{"index":"index","follow":"follow","max-snippet":"max-snippet:-1","max-image-preview":"max-image-preview:large","max-video-preview":"max-video-preview:-1"},"canonical":"https:\/\/lasentinelle.dz\/index.php\/2025\/09\/07\/cmda-une-centaine-dinvestisseurs-de-la-diaspora-mobilises\/","og_locale":"fr_FR","og_type":"article","og_title":"CMDA\u00a0: Une centaine d&rsquo;investisseurs de la diaspora mobilis\u00e9s - La Sentinelle","og_description":"Une centaine d&rsquo;investisseurs de la diaspora alg\u00e9rienne se sont r\u00e9unis vendredi soir \u00e0 Alger \u00e0 l&rsquo;initiative du Conseil mondial de","og_url":"https:\/\/lasentinelle.dz\/index.php\/2025\/09\/07\/cmda-une-centaine-dinvestisseurs-de-la-diaspora-mobilises\/","og_site_name":"La Sentinelle","article_publisher":"https:\/\/www.facebook.com\/La-Sentinelle-104059864394773","article_published_time":"2025-09-07T13:25:49+00:00","article_modified_time":"2025-09-07T13:25:50+00:00","og_image":[{"width":813,"height":512,"url":"https:\/\/lasentinelle.dz\/wp-content\/uploads\/2025\/09\/CMDA.webp","type":"image\/webp"}],"author":"admin","twitter_card":"summary_large_image","twitter_misc":{"\u00c9crit par":"admin","Dur\u00e9e de lecture estim\u00e9e":"3 minutes"},"schema":{"@context":"https:\/\/schema.org","@graph":[{"@type":"Article","@id":"https:\/\/lasentinelle.dz\/index.php\/2025\/09\/07\/cmda-une-centaine-dinvestisseurs-de-la-diaspora-mobilises\/#article","isPartOf":{"@id":"https:\/\/lasentinelle.dz\/index.php\/2025\/09\/07\/cmda-une-centaine-dinvestisseurs-de-la-diaspora-mobilises\/"},"author":{"name":"admin","@id":"https:\/\/lasentinelle.dz\/#\/schema\/person\/729ee0024f24e0b8c5ec17232f8e8b41"},"headline":"CMDA\u00a0: Une centaine d&rsquo;investisseurs de la diaspora mobilis\u00e9s","datePublished":"2025-09-07T13:25:49+00:00","dateModified":"2025-09-07T13:25:50+00:00","mainEntityOfPage":{"@id":"https:\/\/lasentinelle.dz\/index.php\/2025\/09\/07\/cmda-une-centaine-dinvestisseurs-de-la-diaspora-mobilises\/"},"wordCount":559,"commentCount":0,"publisher":{"@id":"https:\/\/lasentinelle.dz\/#organization"},"image":{"@id":"https:\/\/lasentinelle.dz\/index.php\/2025\/09\/07\/cmda-une-centaine-dinvestisseurs-de-la-diaspora-mobilises\/#primaryimage"},"thumbnailUrl":"https:\/\/lasentinelle.dz\/wp-content\/uploads\/2025\/09\/CMDA.webp","articleSection":["Actualit\u00e9"],"inLanguage":"fr-FR","potentialAction":[{"@type":"CommentAction","name":"Comment","target":["https:\/\/lasentinelle.dz\/index.php\/2025\/09\/07\/cmda-une-centaine-dinvestisseurs-de-la-diaspora-mobilises\/#respond"]}]},{"@type":"WebPage","@id":"https:\/\/lasentinelle.dz\/index.php\/2025\/09\/07\/cmda-une-centaine-dinvestisseurs-de-la-diaspora-mobilises\/","url":"https:\/\/lasentinelle.dz\/index.php\/2025\/09\/07\/cmda-une-centaine-dinvestisseurs-de-la-diaspora-mobilises\/","name":"CMDA\u00a0: Une centaine d&rsquo;investisseurs de la diaspora mobilis\u00e9s - La Sentinelle","isPartOf":{"@id":"https:\/\/lasentinelle.dz\/#website"},"primaryImageOfPage":{"@id":"https:\/\/lasentinelle.dz\/index.php\/2025\/09\/07\/cmda-une-centaine-dinvestisseurs-de-la-diaspora-mobilises\/#primaryimage"},"image":{"@id":"https:\/\/lasentinelle.dz\/index.php\/2025\/09\/07\/cmda-une-centaine-dinvestisseurs-de-la-diaspora-mobilises\/#primaryimage"},"thumbnailUrl":"https:\/\/lasentinelle.dz\/wp-content\/uploads\/2025\/09\/CMDA.webp","datePublished":"2025-09-07T13:25:49+00:00","dateModified":"2025-09-07T13:25:50+00:00","breadcrumb":{"@id":"https:\/\/lasentinelle.dz\/index.php\/2025\/09\/07\/cmda-une-centaine-dinvestisseurs-de-la-diaspora-mobilises\/#breadcrumb"},"inLanguage":"fr-FR","potentialAction":[{"@type":"ReadAction","target":["https:\/\/lasentinelle.dz\/index.php\/2025\/09\/07\/cmda-une-centaine-dinvestisseurs-de-la-diaspora-mobilises\/"]}]},{"@type":"ImageObject","inLanguage":"fr-FR","@id":"https:\/\/lasentinelle.dz\/index.php\/2025\/09\/07\/cmda-une-centaine-dinvestisseurs-de-la-diaspora-mobilises\/#primaryimage","url":"https:\/\/lasentinelle.dz\/wp-content\/uploads\/2025\/09\/CMDA.webp","contentUrl":"https:\/\/lasentinelle.dz\/wp-content\/uploads\/2025\/09\/CMDA.webp","width":813,"height":512},{"@type":"BreadcrumbList","@id":"https:\/\/lasentinelle.dz\/index.php\/2025\/09\/07\/cmda-une-centaine-dinvestisseurs-de-la-diaspora-mobilises\/#breadcrumb","itemListElement":[{"@type":"ListItem","position":1,"name":"Accueil","item":"https:\/\/lasentinelle.dz\/"},{"@type":"ListItem","position":2,"name":"CMDA\u00a0: Une centaine d&rsquo;investisseurs de la diaspora mobilis\u00e9s"}]},{"@type":"WebSite","@id":"https:\/\/lasentinelle.dz\/#website","url":"https:\/\/lasentinelle.dz\/","name":"La Sentinelle","description":"Quotidien national d&#039;information","publisher":{"@id":"https:\/\/lasentinelle.dz\/#organization"},"potentialAction":[{"@type":"SearchAction","target":{"@type":"EntryPoint","urlTemplate":"https:\/\/lasentinelle.dz\/?s={search_term_string}"},"query-input":{"@type":"PropertyValueSpecification","valueRequired":true,"valueName":"search_term_string"}}],"inLanguage":"fr-FR"},{"@type":"Organization","@id":"https:\/\/lasentinelle.dz\/#organization","name":"Quotidien La Sentinelle","url":"https:\/\/lasentinelle.dz\/","logo":{"@type":"ImageObject","inLanguage":"fr-FR","@id":"https:\/\/lasentinelle.dz\/#\/schema\/logo\/image\/","url":"https:\/\/lasentinelle.dz\/wp-content\/uploads\/2021\/09\/logo-sentinelleSLOGAN-1.png","contentUrl":"https:\/\/lasentinelle.dz\/wp-content\/uploads\/2021\/09\/logo-sentinelleSLOGAN-1.png","width":615,"height":142,"caption":"Quotidien La Sentinelle"},"image":{"@id":"https:\/\/lasentinelle.dz\/#\/schema\/logo\/image\/"},"sameAs":["https:\/\/www.facebook.com\/La-Sentinelle-104059864394773"]},{"@type":"Person","@id":"https:\/\/lasentinelle.dz\/#\/schema\/person\/729ee0024f24e0b8c5ec17232f8e8b41","name":"admin","image":{"@type":"ImageObject","inLanguage":"fr-FR","@id":"https:\/\/secure.gravatar.com\/avatar\/4c81fed838786e9b53f540bf46533e750f5d292099ae3b66cfc6fb1982e29df7?s=96&d=mm&r=g","url":"https:\/\/secure.gravatar.com\/avatar\/4c81fed838786e9b53f540bf46533e750f5d292099ae3b66cfc6fb1982e29df7?s=96&d=mm&r=g","contentUrl":"https:\/\/secure.gravatar.com\/avatar\/4c81fed838786e9b53f540bf46533e750f5d292099ae3b66cfc6fb1982e29df7?s=96&d=mm&r=g","caption":"admin"},"description":"admin","url":"https:\/\/lasentinelle.dz\/author\/admin\/"}]}},"_links":{"self":[{"href":"https:\/\/lasentinelle.dz\/index.php\/wp-json\/wp\/v2\/posts\/72991","targetHints":{"allow":["GET"]}}],"collection":[{"href":"https:\/\/lasentinelle.dz\/index.php\/wp-json\/wp\/v2\/posts"}],"about":[{"href":"https:\/\/lasentinelle.dz\/index.php\/wp-json\/wp\/v2\/types\/post"}],"author":[{"embeddable":true,"href":"https:\/\/lasentinelle.dz\/index.php\/wp-json\/wp\/v2\/users\/6"}],"replies":[{"embeddable":true,"href":"https:\/\/lasentinelle.dz\/index.php\/wp-json\/wp\/v2\/comments?post=72991"}],"version-history":[{"count":2,"href":"https:\/\/lasentinelle.dz\/index.php\/wp-json\/wp\/v2\/posts\/72991\/revisions"}],"predecessor-version":[{"id":72994,"href":"https:\/\/lasentinelle.dz\/index.php\/wp-json\/wp\/v2\/posts\/72991\/revisions\/72994"}],"wp:featuredmedia":[{"embeddable":true,"href":"https:\/\/lasentinelle.dz\/index.php\/wp-json\/wp\/v2\/media\/72992"}],"wp:attachment":[{"href":"https:\/\/lasentinelle.dz\/index.php\/wp-json\/wp\/v2\/media?parent=72991"}],"wp:term":[{"taxonomy":"category","embeddable":true,"href":"https:\/\/lasentinelle.dz\/index.php\/wp-json\/wp\/v2\/categories?post=72991"},{"taxonomy":"post_tag","embeddable":true,"href":"https:\/\/lasentinelle.dz\/index.php\/wp-json\/wp\/v2\/tags?post=72991"}],"curies":[{"name":"wp","href":"https:\/\/api.w.org\/{rel}","templated":true}]}}