{"id":72995,"date":"2025-09-07T14:26:55","date_gmt":"2025-09-07T13:26:55","guid":{"rendered":"https:\/\/lasentinelle.dz\/?p=72995"},"modified":"2025-09-07T14:26:57","modified_gmt":"2025-09-07T13:26:57","slug":"la-diaspora-au-service-du-developpement-national","status":"publish","type":"post","link":"https:\/\/lasentinelle.dz\/index.php\/2025\/09\/07\/la-diaspora-au-service-du-developpement-national\/","title":{"rendered":"La diaspora au service du d\u00e9veloppement national"},"content":{"rendered":"\n<p>Plus de 2.500 candidatures dont 500 issues de la diaspora pour cr\u00e9er un Conseil d&rsquo;expertises nationales dans l&rsquo;industrie automobile : ce chiffre r\u00e9v\u00e9l\u00e9 samedi par le Premier ministre par int\u00e9rim Sifi Ghrieb t\u00e9moigne de l&rsquo;engouement des comp\u00e9tences alg\u00e9riennes \u00e9tablies \u00e0 l&rsquo;\u00e9tranger pour contribuer au d\u00e9veloppement \u00e9conomique national.<\/p>\n\n\n\n<p>\u00ab\u00a0Dans le cadre des fonctions que j&rsquo;occupais \u00e0 la t\u00eate du minist\u00e8re de l&rsquo;Industrie, nous avons lanc\u00e9, en ao\u00fbt dernier, un avis d&rsquo;appel \u00e0 manifestation d&rsquo;int\u00e9r\u00eat pour la mise en place d&rsquo;un Conseil des experts s\u00e9niors dans la construction des v\u00e9hicules et la fabrication de pi\u00e8ces de rechange. Le recensement des diff\u00e9rentes candidatures que nous avons re\u00e7u est d&rsquo;environ 2.500, dont 500 candidats issus de la diaspora alg\u00e9rienne\u00a0\u00bb, a d\u00e9clar\u00e9 Sifi Ghrieb lors d&rsquo;une c\u00e9r\u00e9monie organis\u00e9e en l&rsquo;honneur des repr\u00e9sentants de la communaut\u00e9 nationale participant \u00e0 l&rsquo;IATF 2025. Ce Conseil aura pour mission de \u00ab\u00a0tracer et de proposer la feuille de route et la strat\u00e9gie de l&rsquo;\u00c9tat alg\u00e9rien en mati\u00e8re de construction des v\u00e9hicules et la fabrication de pi\u00e8ces de rechange\u00a0\u00bb. Un premier travail pr\u00e9paratoire a d\u00e9j\u00e0 \u00e9t\u00e9 men\u00e9 en collaboration avec les institutions \u00e9tatiques, les op\u00e9rateurs \u00e9conomiques et les constructeurs d\u00e9sireux d&rsquo;instaurer une v\u00e9ritable industrie automobile en Alg\u00e9rie. Cette d\u00e9marche collaborative a abouti \u00e0 \u00ab\u00a0l&rsquo;\u00e9laboration d&rsquo;un projet de r\u00e9f\u00e9rentiel national de l&rsquo;int\u00e9gration dans ce domaine\u00a0\u00bb, compos\u00e9 de sept livrables strat\u00e9giques. Le r\u00e9f\u00e9rentiel englobe notamment \u00ab\u00a0les grandes lignes directrices de l&rsquo;int\u00e9gration\u00a0\u00bb, \u00ab\u00a0la cartographie nationale qui comporte toutes les comp\u00e9tences humaines et mat\u00e9riels au niveau local\u00a0\u00bb et \u00ab\u00a0les normes et les m\u00e9thodes d&rsquo;homologation exig\u00e9es par les constructeurs\u00a0\u00bb. La recherche et le d\u00e9veloppement des comp\u00e9tences humaines, consid\u00e9r\u00e9es comme la partie \u00ab\u00a0soft\u00a0\u00bb de cette int\u00e9gration, figurent \u00e9galement parmi les finalit\u00e9s trac\u00e9es, Ghrieb insistant sur le r\u00f4le central de la diaspora alg\u00e9rienne dans cette dynamique. \u00ab\u00a0Nous avons lanc\u00e9 un premier appel \u00e0 manifestation d&rsquo;int\u00e9r\u00eat et nous avons eu un premier recensement, mais je relance, \u00e0 travers vous, un deuxi\u00e8me appel pour toute comp\u00e9tence alg\u00e9rienne\u00a0\u00bb capable de participer \u00e0 cette r\u00e9volution industrielle, a-t-il soulign\u00e9. L&rsquo;industrie automobile constitue un projet pilote destin\u00e9 \u00e0 servir de mod\u00e8le pour d&rsquo;autres secteurs strat\u00e9giques tels que la t\u00e9l\u00e9phonie, l&rsquo;\u00e9lectrom\u00e9nager et toute activit\u00e9 industrielle susceptible de r\u00e9duire la d\u00e9pendance aux importations. Apr\u00e8s avoir soulign\u00e9 la n\u00e9cessit\u00e9 de \u00ab\u00a0concentrer les efforts nationaux sur les m\u00e9tiers sensibles et \u00e0 forte valeur ajout\u00e9e, l\u00e0 o\u00f9 l&rsquo;Alg\u00e9rie d\u00e9pense, actuellement, le plus de devises\u00a0\u00bb, le Premier ministre par int\u00e9rim a annonc\u00e9 la cr\u00e9ation d&rsquo;un r\u00e9seau national d&rsquo;appropriation et de transfert technologique, r\u00e9it\u00e9rant l&rsquo;appel \u00e0 la diaspora pour y adh\u00e9rer pleinement.<\/p>\n\n\n\n<p>Cette mobilisation des comp\u00e9tences s&rsquo;appuie sur une participation remarquable de la diaspora aux diff\u00e9rents panels de discussion organis\u00e9s dans le cadre de cette journ\u00e9e sp\u00e9ciale. \u00ab\u00a0L&rsquo;apport de la communaut\u00e9 alg\u00e9rienne \u00e0 travers le partage de pr\u00e9cieuses informations avec leurs fr\u00e8res africains sur les exp\u00e9riences r\u00e9ussies men\u00e9es par des membres de la diaspora dans divers domaines, notamment \u00e9conomique\u00a0\u00bb a particuli\u00e8rement enrichi les d\u00e9bats. Ces \u00e9changes ont mis en lumi\u00e8re de nombreux projets initi\u00e9s par des comp\u00e9tences alg\u00e9riennes, notamment dans le domaine des start-up, dont \u00ab\u00a0plus de 15% ont \u00e9t\u00e9 cr\u00e9\u00e9es gr\u00e2ce au savoir-faire de nos compatriotes \u00e9tablis \u00e0 l&rsquo;\u00e9tranger\u00a0\u00bb.<\/p>\n\n\n\n<p>La \u00ab\u00a0pr\u00e9sence significative et diversifi\u00e9e\u00a0\u00bb de la diaspora alg\u00e9rienne \u00e0 cet \u00e9v\u00e9nement, rassemblant des repr\u00e9sentants de diff\u00e9rentes cat\u00e9gories socioprofessionnelles venus des quatre coins du monde, illustre \u00ab\u00a0l&rsquo;attention particuli\u00e8re que les hautes autorit\u00e9s du pays accordent \u00e0 leurs concitoyens \u00e9tablis \u00e0 l&rsquo;\u00e9tranger\u00a0\u00bb. Cette pr\u00e9sence t\u00e9moigne \u00e9galement de \u00ab\u00a0l&rsquo;attachement ind\u00e9fectible \u00e0 la m\u00e8re patrie, une sp\u00e9cificit\u00e9 transmise de g\u00e9n\u00e9ration en g\u00e9n\u00e9ration, traduisant la solidit\u00e9 de ce lien enracin\u00e9 dans l&rsquo;histoire\u00a0\u00bb.<\/p>\n\n\n\n<p><strong>Pr\u00e9server la dignit\u00e9 des Alg\u00e9riens de l&rsquo;\u00e9tranger<\/strong><\/p>\n\n\n\n<p>L&rsquo;organisation par l&rsquo;Alg\u00e9rie d&rsquo;une journ\u00e9e des diasporas africaines \u00ab\u00a0ne d\u00e9coule pas seulement de ses traditions ancestrales, qui placent la promotion de l&rsquo;action africaine commune et l&rsquo;int\u00e9gration continentale au c\u0153ur des priorit\u00e9s de sa diplomatie, mais proc\u00e8de aussi de l&rsquo;int\u00e9r\u00eat accord\u00e9 par l&rsquo;\u00c9tat \u00e0 la communaut\u00e9 nationale \u00e0 l&rsquo;\u00e9tranger\u00a0\u00bb, a expliqu\u00e9 Ghrieb. Cette attention particuli\u00e8re s&rsquo;inscrit dans la \u00ab\u00a0vision ambitieuse\u00a0\u00bb du pr\u00e9sident Abdelmadjid Tebboune, qui a consacr\u00e9 son 51e engagement \u00e0 la \u00ab\u00a0Protection de la communaut\u00e9 nationale \u00e0 l&rsquo;\u00e9tranger et promotion de la participation de la diaspora au renouveau national\u00a0\u00bb. La Constitution de 2020 a \u00ab\u00a0express\u00e9ment consacr\u00e9 la place de la diaspora dans le tissu social, historique et institutionnel de l&rsquo;\u00c9tat alg\u00e9rien\u00a0\u00bb, donnant lieu \u00e0 \u00ab\u00a0des d\u00e9cisions importantes et des mesures concr\u00e8tes visant \u00e0 am\u00e9liorer la qualit\u00e9 des services consulaires, \u00e0 assurer la protection n\u00e9cessaire \u00e0 nos concitoyens et \u00e0 mettre en place diff\u00e9rents m\u00e9canismes pour r\u00e9pondre \u00e0 leurs pr\u00e9occupations\u00a0\u00bb. \u00ab\u00a0Nos repr\u00e9sentations diplomatiques et consulaires sont mobilis\u00e9es au service de nos ressortissants, car la dignit\u00e9 des citoyens alg\u00e9riens \u00e0 l&rsquo;\u00e9tranger, qui fait partie int\u00e9grante de la dignit\u00e9 de l&rsquo;Alg\u00e9rie, doit toujours \u00eatre pr\u00e9serv\u00e9e et prot\u00e9g\u00e9e\u00a0\u00bb, avait soulign\u00e9 le pr\u00e9sident de la R\u00e9publique lors de ses rencontres avec la communaut\u00e9 \u00e0 l&rsquo;occasion de ses visites officielles \u00e0 l&rsquo;\u00e9tranger.<\/p>\n\n\n\n<p>Salim Amokrane<\/p>\n","protected":false},"excerpt":{"rendered":"<p>Plus de 2.500 candidatures dont 500 issues de la diaspora pour cr\u00e9er un Conseil d&rsquo;expertises nationales dans l&rsquo;industrie automobile :<\/p>\n","protected":false},"author":6,"featured_media":72996,"comment_status":"open","ping_status":"closed","sticky":false,"template":"","format":"standard","meta":{"colormag_page_container_layout":"default_layout","colormag_page_sidebar_layout":"default_layout","om_disable_all_campaigns":false,"_monsterinsights_skip_tracking":false,"_monsterinsights_sitenote_active":false,"_monsterinsights_sitenote_note":"","_monsterinsights_sitenote_category":0,"footnotes":"","_wpscppro_dont_share_socialmedia":false,"_wpscppro_custom_social_share_image":0,"_facebook_share_type":"default","_twitter_share_type":"default","_linkedin_share_type":"default","_pinterest_share_type":"default","_linkedin_share_type_page":"","_instagram_share_type":"default","_medium_share_type":"default","_threads_share_type":"default","_google_business_share_type":"default","_selected_social_profile":[],"_wpsp_enable_custom_social_template":false,"_wpsp_social_scheduling":{"enabled":false,"datetime":null,"platforms":[],"status":"template_only","dateOption":"today","timeOption":"now","customDays":"","customHours":"","customDate":"","customTime":"","schedulingType":"absolute"},"_wpsp_active_default_template":true},"categories":[52,27],"tags":[],"class_list":["post-72995","post","type-post","status-publish","format-standard","has-post-thumbnail","hentry","category-a-la-une","category-actualite"],"aioseo_notices":[],"yoast_head":"<!-- This site is optimized with the Yoast SEO plugin v27.5 - https:\/\/yoast.com\/product\/yoast-seo-wordpress\/ -->\n<title>La diaspora au service du d\u00e9veloppement national - La Sentinelle<\/title>\n<meta name=\"robots\" content=\"index, follow, max-snippet:-1, max-image-preview:large, max-video-preview:-1\" \/>\n<link rel=\"canonical\" href=\"https:\/\/lasentinelle.dz\/index.php\/2025\/09\/07\/la-diaspora-au-service-du-developpement-national\/\" \/>\n<meta property=\"og:locale\" content=\"fr_FR\" \/>\n<meta property=\"og:type\" content=\"article\" \/>\n<meta property=\"og:title\" content=\"La diaspora au service du d\u00e9veloppement national - La Sentinelle\" \/>\n<meta property=\"og:description\" content=\"Plus de 2.500 candidatures dont 500 issues de la diaspora pour cr\u00e9er un Conseil d&rsquo;expertises nationales dans l&rsquo;industrie automobile :\" \/>\n<meta property=\"og:url\" content=\"https:\/\/lasentinelle.dz\/index.php\/2025\/09\/07\/la-diaspora-au-service-du-developpement-national\/\" \/>\n<meta property=\"og:site_name\" content=\"La Sentinelle\" \/>\n<meta property=\"article:publisher\" content=\"https:\/\/www.facebook.com\/La-Sentinelle-104059864394773\" \/>\n<meta property=\"article:published_time\" content=\"2025-09-07T13:26:55+00:00\" \/>\n<meta property=\"article:modified_time\" content=\"2025-09-07T13:26:57+00:00\" \/>\n<meta property=\"og:image\" content=\"https:\/\/lasentinelle.dz\/wp-content\/uploads\/2025\/09\/ghrieb.webp\" \/>\n\t<meta property=\"og:image:width\" content=\"900\" \/>\n\t<meta property=\"og:image:height\" content=\"675\" \/>\n\t<meta property=\"og:image:type\" content=\"image\/webp\" \/>\n<meta name=\"author\" content=\"admin\" \/>\n<meta name=\"twitter:card\" content=\"summary_large_image\" \/>\n<meta name=\"twitter:label1\" content=\"\u00c9crit par\" \/>\n\t<meta name=\"twitter:data1\" content=\"admin\" \/>\n\t<meta name=\"twitter:label2\" content=\"Dur\u00e9e de lecture estim\u00e9e\" \/>\n\t<meta name=\"twitter:data2\" content=\"5 minutes\" \/>\n<script type=\"application\/ld+json\" class=\"yoast-schema-graph\">{\"@context\":\"https:\\\/\\\/schema.org\",\"@graph\":[{\"@type\":\"Article\",\"@id\":\"https:\\\/\\\/lasentinelle.dz\\\/index.php\\\/2025\\\/09\\\/07\\\/la-diaspora-au-service-du-developpement-national\\\/#article\",\"isPartOf\":{\"@id\":\"https:\\\/\\\/lasentinelle.dz\\\/index.php\\\/2025\\\/09\\\/07\\\/la-diaspora-au-service-du-developpement-national\\\/\"},\"author\":{\"name\":\"admin\",\"@id\":\"https:\\\/\\\/lasentinelle.dz\\\/#\\\/schema\\\/person\\\/729ee0024f24e0b8c5ec17232f8e8b41\"},\"headline\":\"La diaspora au service du d\u00e9veloppement national\",\"datePublished\":\"2025-09-07T13:26:55+00:00\",\"dateModified\":\"2025-09-07T13:26:57+00:00\",\"mainEntityOfPage\":{\"@id\":\"https:\\\/\\\/lasentinelle.dz\\\/index.php\\\/2025\\\/09\\\/07\\\/la-diaspora-au-service-du-developpement-national\\\/\"},\"wordCount\":965,\"commentCount\":0,\"publisher\":{\"@id\":\"https:\\\/\\\/lasentinelle.dz\\\/#organization\"},\"image\":{\"@id\":\"https:\\\/\\\/lasentinelle.dz\\\/index.php\\\/2025\\\/09\\\/07\\\/la-diaspora-au-service-du-developpement-national\\\/#primaryimage\"},\"thumbnailUrl\":\"https:\\\/\\\/lasentinelle.dz\\\/wp-content\\\/uploads\\\/2025\\\/09\\\/ghrieb.webp\",\"articleSection\":[\"\u00c0 la Une\",\"Actualit\u00e9\"],\"inLanguage\":\"fr-FR\",\"potentialAction\":[{\"@type\":\"CommentAction\",\"name\":\"Comment\",\"target\":[\"https:\\\/\\\/lasentinelle.dz\\\/index.php\\\/2025\\\/09\\\/07\\\/la-diaspora-au-service-du-developpement-national\\\/#respond\"]}]},{\"@type\":\"WebPage\",\"@id\":\"https:\\\/\\\/lasentinelle.dz\\\/index.php\\\/2025\\\/09\\\/07\\\/la-diaspora-au-service-du-developpement-national\\\/\",\"url\":\"https:\\\/\\\/lasentinelle.dz\\\/index.php\\\/2025\\\/09\\\/07\\\/la-diaspora-au-service-du-developpement-national\\\/\",\"name\":\"La diaspora au service du d\u00e9veloppement national - La Sentinelle\",\"isPartOf\":{\"@id\":\"https:\\\/\\\/lasentinelle.dz\\\/#website\"},\"primaryImageOfPage\":{\"@id\":\"https:\\\/\\\/lasentinelle.dz\\\/index.php\\\/2025\\\/09\\\/07\\\/la-diaspora-au-service-du-developpement-national\\\/#primaryimage\"},\"image\":{\"@id\":\"https:\\\/\\\/lasentinelle.dz\\\/index.php\\\/2025\\\/09\\\/07\\\/la-diaspora-au-service-du-developpement-national\\\/#primaryimage\"},\"thumbnailUrl\":\"https:\\\/\\\/lasentinelle.dz\\\/wp-content\\\/uploads\\\/2025\\\/09\\\/ghrieb.webp\",\"datePublished\":\"2025-09-07T13:26:55+00:00\",\"dateModified\":\"2025-09-07T13:26:57+00:00\",\"breadcrumb\":{\"@id\":\"https:\\\/\\\/lasentinelle.dz\\\/index.php\\\/2025\\\/09\\\/07\\\/la-diaspora-au-service-du-developpement-national\\\/#breadcrumb\"},\"inLanguage\":\"fr-FR\",\"potentialAction\":[{\"@type\":\"ReadAction\",\"target\":[\"https:\\\/\\\/lasentinelle.dz\\\/index.php\\\/2025\\\/09\\\/07\\\/la-diaspora-au-service-du-developpement-national\\\/\"]}]},{\"@type\":\"ImageObject\",\"inLanguage\":\"fr-FR\",\"@id\":\"https:\\\/\\\/lasentinelle.dz\\\/index.php\\\/2025\\\/09\\\/07\\\/la-diaspora-au-service-du-developpement-national\\\/#primaryimage\",\"url\":\"https:\\\/\\\/lasentinelle.dz\\\/wp-content\\\/uploads\\\/2025\\\/09\\\/ghrieb.webp\",\"contentUrl\":\"https:\\\/\\\/lasentinelle.dz\\\/wp-content\\\/uploads\\\/2025\\\/09\\\/ghrieb.webp\",\"width\":900,\"height\":675},{\"@type\":\"BreadcrumbList\",\"@id\":\"https:\\\/\\\/lasentinelle.dz\\\/index.php\\\/2025\\\/09\\\/07\\\/la-diaspora-au-service-du-developpement-national\\\/#breadcrumb\",\"itemListElement\":[{\"@type\":\"ListItem\",\"position\":1,\"name\":\"Accueil\",\"item\":\"https:\\\/\\\/lasentinelle.dz\\\/\"},{\"@type\":\"ListItem\",\"position\":2,\"name\":\"La diaspora au service du d\u00e9veloppement national\"}]},{\"@type\":\"WebSite\",\"@id\":\"https:\\\/\\\/lasentinelle.dz\\\/#website\",\"url\":\"https:\\\/\\\/lasentinelle.dz\\\/\",\"name\":\"La Sentinelle\",\"description\":\"Quotidien national d&#039;information\",\"publisher\":{\"@id\":\"https:\\\/\\\/lasentinelle.dz\\\/#organization\"},\"potentialAction\":[{\"@type\":\"SearchAction\",\"target\":{\"@type\":\"EntryPoint\",\"urlTemplate\":\"https:\\\/\\\/lasentinelle.dz\\\/?s={search_term_string}\"},\"query-input\":{\"@type\":\"PropertyValueSpecification\",\"valueRequired\":true,\"valueName\":\"search_term_string\"}}],\"inLanguage\":\"fr-FR\"},{\"@type\":\"Organization\",\"@id\":\"https:\\\/\\\/lasentinelle.dz\\\/#organization\",\"name\":\"Quotidien La Sentinelle\",\"url\":\"https:\\\/\\\/lasentinelle.dz\\\/\",\"logo\":{\"@type\":\"ImageObject\",\"inLanguage\":\"fr-FR\",\"@id\":\"https:\\\/\\\/lasentinelle.dz\\\/#\\\/schema\\\/logo\\\/image\\\/\",\"url\":\"https:\\\/\\\/lasentinelle.dz\\\/wp-content\\\/uploads\\\/2021\\\/09\\\/logo-sentinelleSLOGAN-1.png\",\"contentUrl\":\"https:\\\/\\\/lasentinelle.dz\\\/wp-content\\\/uploads\\\/2021\\\/09\\\/logo-sentinelleSLOGAN-1.png\",\"width\":615,\"height\":142,\"caption\":\"Quotidien La Sentinelle\"},\"image\":{\"@id\":\"https:\\\/\\\/lasentinelle.dz\\\/#\\\/schema\\\/logo\\\/image\\\/\"},\"sameAs\":[\"https:\\\/\\\/www.facebook.com\\\/La-Sentinelle-104059864394773\"]},{\"@type\":\"Person\",\"@id\":\"https:\\\/\\\/lasentinelle.dz\\\/#\\\/schema\\\/person\\\/729ee0024f24e0b8c5ec17232f8e8b41\",\"name\":\"admin\",\"image\":{\"@type\":\"ImageObject\",\"inLanguage\":\"fr-FR\",\"@id\":\"https:\\\/\\\/secure.gravatar.com\\\/avatar\\\/4c81fed838786e9b53f540bf46533e750f5d292099ae3b66cfc6fb1982e29df7?s=96&d=mm&r=g\",\"url\":\"https:\\\/\\\/secure.gravatar.com\\\/avatar\\\/4c81fed838786e9b53f540bf46533e750f5d292099ae3b66cfc6fb1982e29df7?s=96&d=mm&r=g\",\"contentUrl\":\"https:\\\/\\\/secure.gravatar.com\\\/avatar\\\/4c81fed838786e9b53f540bf46533e750f5d292099ae3b66cfc6fb1982e29df7?s=96&d=mm&r=g\",\"caption\":\"admin\"},\"description\":\"admin\",\"url\":\"https:\\\/\\\/lasentinelle.dz\\\/author\\\/admin\\\/\"}]}<\/script>\n<!-- \/ Yoast SEO plugin. -->","yoast_head_json":{"title":"La diaspora au service du d\u00e9veloppement national - La Sentinelle","robots":{"index":"index","follow":"follow","max-snippet":"max-snippet:-1","max-image-preview":"max-image-preview:large","max-video-preview":"max-video-preview:-1"},"canonical":"https:\/\/lasentinelle.dz\/index.php\/2025\/09\/07\/la-diaspora-au-service-du-developpement-national\/","og_locale":"fr_FR","og_type":"article","og_title":"La diaspora au service du d\u00e9veloppement national - La Sentinelle","og_description":"Plus de 2.500 candidatures dont 500 issues de la diaspora pour cr\u00e9er un Conseil d&rsquo;expertises nationales dans l&rsquo;industrie automobile :","og_url":"https:\/\/lasentinelle.dz\/index.php\/2025\/09\/07\/la-diaspora-au-service-du-developpement-national\/","og_site_name":"La Sentinelle","article_publisher":"https:\/\/www.facebook.com\/La-Sentinelle-104059864394773","article_published_time":"2025-09-07T13:26:55+00:00","article_modified_time":"2025-09-07T13:26:57+00:00","og_image":[{"width":900,"height":675,"url":"https:\/\/lasentinelle.dz\/wp-content\/uploads\/2025\/09\/ghrieb.webp","type":"image\/webp"}],"author":"admin","twitter_card":"summary_large_image","twitter_misc":{"\u00c9crit par":"admin","Dur\u00e9e de lecture estim\u00e9e":"5 minutes"},"schema":{"@context":"https:\/\/schema.org","@graph":[{"@type":"Article","@id":"https:\/\/lasentinelle.dz\/index.php\/2025\/09\/07\/la-diaspora-au-service-du-developpement-national\/#article","isPartOf":{"@id":"https:\/\/lasentinelle.dz\/index.php\/2025\/09\/07\/la-diaspora-au-service-du-developpement-national\/"},"author":{"name":"admin","@id":"https:\/\/lasentinelle.dz\/#\/schema\/person\/729ee0024f24e0b8c5ec17232f8e8b41"},"headline":"La diaspora au service du d\u00e9veloppement national","datePublished":"2025-09-07T13:26:55+00:00","dateModified":"2025-09-07T13:26:57+00:00","mainEntityOfPage":{"@id":"https:\/\/lasentinelle.dz\/index.php\/2025\/09\/07\/la-diaspora-au-service-du-developpement-national\/"},"wordCount":965,"commentCount":0,"publisher":{"@id":"https:\/\/lasentinelle.dz\/#organization"},"image":{"@id":"https:\/\/lasentinelle.dz\/index.php\/2025\/09\/07\/la-diaspora-au-service-du-developpement-national\/#primaryimage"},"thumbnailUrl":"https:\/\/lasentinelle.dz\/wp-content\/uploads\/2025\/09\/ghrieb.webp","articleSection":["\u00c0 la Une","Actualit\u00e9"],"inLanguage":"fr-FR","potentialAction":[{"@type":"CommentAction","name":"Comment","target":["https:\/\/lasentinelle.dz\/index.php\/2025\/09\/07\/la-diaspora-au-service-du-developpement-national\/#respond"]}]},{"@type":"WebPage","@id":"https:\/\/lasentinelle.dz\/index.php\/2025\/09\/07\/la-diaspora-au-service-du-developpement-national\/","url":"https:\/\/lasentinelle.dz\/index.php\/2025\/09\/07\/la-diaspora-au-service-du-developpement-national\/","name":"La diaspora au service du d\u00e9veloppement national - La Sentinelle","isPartOf":{"@id":"https:\/\/lasentinelle.dz\/#website"},"primaryImageOfPage":{"@id":"https:\/\/lasentinelle.dz\/index.php\/2025\/09\/07\/la-diaspora-au-service-du-developpement-national\/#primaryimage"},"image":{"@id":"https:\/\/lasentinelle.dz\/index.php\/2025\/09\/07\/la-diaspora-au-service-du-developpement-national\/#primaryimage"},"thumbnailUrl":"https:\/\/lasentinelle.dz\/wp-content\/uploads\/2025\/09\/ghrieb.webp","datePublished":"2025-09-07T13:26:55+00:00","dateModified":"2025-09-07T13:26:57+00:00","breadcrumb":{"@id":"https:\/\/lasentinelle.dz\/index.php\/2025\/09\/07\/la-diaspora-au-service-du-developpement-national\/#breadcrumb"},"inLanguage":"fr-FR","potentialAction":[{"@type":"ReadAction","target":["https:\/\/lasentinelle.dz\/index.php\/2025\/09\/07\/la-diaspora-au-service-du-developpement-national\/"]}]},{"@type":"ImageObject","inLanguage":"fr-FR","@id":"https:\/\/lasentinelle.dz\/index.php\/2025\/09\/07\/la-diaspora-au-service-du-developpement-national\/#primaryimage","url":"https:\/\/lasentinelle.dz\/wp-content\/uploads\/2025\/09\/ghrieb.webp","contentUrl":"https:\/\/lasentinelle.dz\/wp-content\/uploads\/2025\/09\/ghrieb.webp","width":900,"height":675},{"@type":"BreadcrumbList","@id":"https:\/\/lasentinelle.dz\/index.php\/2025\/09\/07\/la-diaspora-au-service-du-developpement-national\/#breadcrumb","itemListElement":[{"@type":"ListItem","position":1,"name":"Accueil","item":"https:\/\/lasentinelle.dz\/"},{"@type":"ListItem","position":2,"name":"La diaspora au service du d\u00e9veloppement national"}]},{"@type":"WebSite","@id":"https:\/\/lasentinelle.dz\/#website","url":"https:\/\/lasentinelle.dz\/","name":"La Sentinelle","description":"Quotidien national d&#039;information","publisher":{"@id":"https:\/\/lasentinelle.dz\/#organization"},"potentialAction":[{"@type":"SearchAction","target":{"@type":"EntryPoint","urlTemplate":"https:\/\/lasentinelle.dz\/?s={search_term_string}"},"query-input":{"@type":"PropertyValueSpecification","valueRequired":true,"valueName":"search_term_string"}}],"inLanguage":"fr-FR"},{"@type":"Organization","@id":"https:\/\/lasentinelle.dz\/#organization","name":"Quotidien La Sentinelle","url":"https:\/\/lasentinelle.dz\/","logo":{"@type":"ImageObject","inLanguage":"fr-FR","@id":"https:\/\/lasentinelle.dz\/#\/schema\/logo\/image\/","url":"https:\/\/lasentinelle.dz\/wp-content\/uploads\/2021\/09\/logo-sentinelleSLOGAN-1.png","contentUrl":"https:\/\/lasentinelle.dz\/wp-content\/uploads\/2021\/09\/logo-sentinelleSLOGAN-1.png","width":615,"height":142,"caption":"Quotidien La Sentinelle"},"image":{"@id":"https:\/\/lasentinelle.dz\/#\/schema\/logo\/image\/"},"sameAs":["https:\/\/www.facebook.com\/La-Sentinelle-104059864394773"]},{"@type":"Person","@id":"https:\/\/lasentinelle.dz\/#\/schema\/person\/729ee0024f24e0b8c5ec17232f8e8b41","name":"admin","image":{"@type":"ImageObject","inLanguage":"fr-FR","@id":"https:\/\/secure.gravatar.com\/avatar\/4c81fed838786e9b53f540bf46533e750f5d292099ae3b66cfc6fb1982e29df7?s=96&d=mm&r=g","url":"https:\/\/secure.gravatar.com\/avatar\/4c81fed838786e9b53f540bf46533e750f5d292099ae3b66cfc6fb1982e29df7?s=96&d=mm&r=g","contentUrl":"https:\/\/secure.gravatar.com\/avatar\/4c81fed838786e9b53f540bf46533e750f5d292099ae3b66cfc6fb1982e29df7?s=96&d=mm&r=g","caption":"admin"},"description":"admin","url":"https:\/\/lasentinelle.dz\/author\/admin\/"}]}},"_links":{"self":[{"href":"https:\/\/lasentinelle.dz\/index.php\/wp-json\/wp\/v2\/posts\/72995","targetHints":{"allow":["GET"]}}],"collection":[{"href":"https:\/\/lasentinelle.dz\/index.php\/wp-json\/wp\/v2\/posts"}],"about":[{"href":"https:\/\/lasentinelle.dz\/index.php\/wp-json\/wp\/v2\/types\/post"}],"author":[{"embeddable":true,"href":"https:\/\/lasentinelle.dz\/index.php\/wp-json\/wp\/v2\/users\/6"}],"replies":[{"embeddable":true,"href":"https:\/\/lasentinelle.dz\/index.php\/wp-json\/wp\/v2\/comments?post=72995"}],"version-history":[{"count":1,"href":"https:\/\/lasentinelle.dz\/index.php\/wp-json\/wp\/v2\/posts\/72995\/revisions"}],"predecessor-version":[{"id":72997,"href":"https:\/\/lasentinelle.dz\/index.php\/wp-json\/wp\/v2\/posts\/72995\/revisions\/72997"}],"wp:featuredmedia":[{"embeddable":true,"href":"https:\/\/lasentinelle.dz\/index.php\/wp-json\/wp\/v2\/media\/72996"}],"wp:attachment":[{"href":"https:\/\/lasentinelle.dz\/index.php\/wp-json\/wp\/v2\/media?parent=72995"}],"wp:term":[{"taxonomy":"category","embeddable":true,"href":"https:\/\/lasentinelle.dz\/index.php\/wp-json\/wp\/v2\/categories?post=72995"},{"taxonomy":"post_tag","embeddable":true,"href":"https:\/\/lasentinelle.dz\/index.php\/wp-json\/wp\/v2\/tags?post=72995"}],"curies":[{"name":"wp","href":"https:\/\/api.w.org\/{rel}","templated":true}]}}