{"id":73004,"date":"2025-09-08T12:07:15","date_gmt":"2025-09-08T11:07:15","guid":{"rendered":"https:\/\/lasentinelle.dz\/?p=73004"},"modified":"2025-09-08T12:07:15","modified_gmt":"2025-09-08T11:07:15","slug":"les-editeurs-africains-misent-sur-linnovation-pour-conquerir-le-marche-mondial","status":"publish","type":"post","link":"https:\/\/lasentinelle.dz\/index.php\/2025\/09\/08\/les-editeurs-africains-misent-sur-linnovation-pour-conquerir-le-marche-mondial\/","title":{"rendered":"Les \u00e9diteurs africains misent sur l&rsquo;innovation pour conqu\u00e9rir le march\u00e9 mondial"},"content":{"rendered":"\n<p>Le centre d&rsquo;expositions internationales \u00ab\u00a0Safex\u00a0\u00bb d&rsquo;Alger a accueilli vendredi le s\u00e9minaire des \u00e9diteurs organis\u00e9 dans le cadre de CANEX 2025, r\u00e9unissant les acteurs majeurs de l&rsquo;\u00e9dition continentale autour des d\u00e9fis de la r\u00e9volution num\u00e9rique. L&rsquo;industrie \u00e9ditoriale africaine affiche ses ambitions mondiales. Organis\u00e9 sous l&rsquo;\u00e9gide du minist\u00e8re de la Culture et des Arts en partenariat avec le R\u00e9seau africain des \u00e9diteurs, ce rendez-vous professionnel a rassembl\u00e9 une s\u00e9lection d&rsquo;acteurs influents du secteur \u00e9ditorial continental dans un contexte de mutations profondes du march\u00e9 du livre. Cette initiative s&rsquo;inscrit dans la dynamique de CANEX 2025, plateforme d\u00e9di\u00e9e \u00e0 la promotion des industries cr\u00e9atives africaines sur la sc\u00e8ne internationale. Les repr\u00e9sentants des f\u00e9d\u00e9rations d&rsquo;\u00e9dition et des salons internationaux de neuf pays africains et arabes ont particip\u00e9 \u00e0 ces \u00e9changes, notamment l&rsquo;Alg\u00e9rie, le Ghana, le Kenya, le Nigeria, le Cameroun, l&rsquo;Afrique du Sud, le Malawi, la C\u00f4te d&rsquo;Ivoire et le Zimbabwe. Cette diversit\u00e9 g\u00e9ographique et linguistique t\u00e9moigne de la volont\u00e9 continentale de cr\u00e9er un \u00e9cosyst\u00e8me \u00e9ditorial panafricain capable de rivaliser avec les grands p\u00f4les mondiaux de l&rsquo;\u00e9dition. Les interventions ont largement port\u00e9 sur les d\u00e9fis structurels que traverse le secteur, particuli\u00e8rement face \u00e0 la r\u00e9volution num\u00e9rique et aux nouvelles habitudes de lecture. Les participants ont soulign\u00e9 l&rsquo;urgence de s&rsquo;ouvrir \u00e0 de nouveaux march\u00e9s tout en adoptant des solutions innovantes pour la distribution du livre. Cette adaptation technologique repr\u00e9sente un enjeu crucial pour des \u00e9diteurs africains souvent confront\u00e9s \u00e0 des contraintes logistiques et financi\u00e8res importantes dans un continent aux infrastructures de distribution encore in\u00e9gales.<\/p>\n\n\n\n<p>La question linguistique a occup\u00e9 une place centrale dans les d\u00e9bats, les intervenants insistant sur l&rsquo;importance de d\u00e9velopper la traduction crois\u00e9e entre les langues africaines et les langues internationales. Cette pr\u00e9occupation refl\u00e8te la richesse linguistique du continent, qui compte plus de 2000 langues, mais aussi la n\u00e9cessit\u00e9 de pr\u00e9server cette diversit\u00e9 tout en favorisant la circulation des \u0153uvres au-del\u00e0 des fronti\u00e8res nationales et linguistiques. Les \u00e9diteurs plaident pour une politique volontariste de traduction qui permettrait aux auteurs africains d&rsquo;acc\u00e9der \u00e0 un lectorat \u00e9largi. L&rsquo;accompagnement de la nouvelle g\u00e9n\u00e9ration d&rsquo;\u00e9diteurs constitue un autre axe prioritaire identifi\u00e9 lors de ce s\u00e9minaire. Les discussions ont mis l&rsquo;accent sur l&rsquo;importance de soutenir les jeunes \u00e9diteurs et de leur faciliter l&rsquo;acc\u00e8s aux march\u00e9s internationaux, condition essentielle pour assurer la p\u00e9rennit\u00e9 de l&rsquo;industrie du livre africain. Les participants ont conclu leurs travaux en r\u00e9affirmant le potentiel consid\u00e9rable de l&rsquo;industrie \u00e9ditoriale africaine pour s&rsquo;imposer sur la sc\u00e8ne mondiale. Ils ont soulign\u00e9 que le continent dispose des talents et des capacit\u00e9s n\u00e9cessaires pour d\u00e9velopper une influence \u00e9ditoriale internationale, \u00e0 condition de mobiliser des partenariats strat\u00e9giques et de s&rsquo;appuyer sur des plateformes professionnelles sp\u00e9cialis\u00e9es comme CANEX. Cette plateforme permet de positionner le livre et les \u00e9diteurs au premier plan du paysage culturel mondial, offrant une visibilit\u00e9 in\u00e9dite aux productions \u00e9ditoriales africaines. Le s\u00e9minaire a ainsi d\u00e9montr\u00e9 que l&rsquo;Afrique entend d\u00e9sormais jouer un r\u00f4le de premier plan dans l&rsquo;\u00e9conomie mondiale du livre, forte de sa cr\u00e9ativit\u00e9 et de sa diversit\u00e9 culturelle exceptionnelle.<\/p>\n\n\n\n<p>M.S.<\/p>\n","protected":false},"excerpt":{"rendered":"<p>Le centre d&rsquo;expositions internationales \u00ab\u00a0Safex\u00a0\u00bb d&rsquo;Alger a accueilli vendredi le s\u00e9minaire des \u00e9diteurs organis\u00e9 dans le cadre de CANEX 2025,<\/p>\n","protected":false},"author":6,"featured_media":73005,"comment_status":"open","ping_status":"closed","sticky":false,"template":"","format":"standard","meta":{"colormag_page_container_layout":"default_layout","colormag_page_sidebar_layout":"default_layout","om_disable_all_campaigns":false,"_monsterinsights_skip_tracking":false,"_monsterinsights_sitenote_active":false,"_monsterinsights_sitenote_note":"","_monsterinsights_sitenote_category":0,"footnotes":"","_wpscppro_dont_share_socialmedia":false,"_wpscppro_custom_social_share_image":0,"_facebook_share_type":"default","_twitter_share_type":"default","_linkedin_share_type":"default","_pinterest_share_type":"default","_linkedin_share_type_page":"","_instagram_share_type":"default","_medium_share_type":"default","_threads_share_type":"default","_google_business_share_type":"default","_selected_social_profile":[],"_wpsp_enable_custom_social_template":false,"_wpsp_social_scheduling":{"enabled":false,"datetime":null,"platforms":[],"status":"template_only","dateOption":"today","timeOption":"now","customDays":"","customHours":"","customDate":"","customTime":"","schedulingType":"absolute"},"_wpsp_active_default_template":true},"categories":[36],"tags":[],"class_list":["post-73004","post","type-post","status-publish","format-standard","has-post-thumbnail","hentry","category-culture"],"aioseo_notices":[],"yoast_head":"<!-- This site is optimized with the Yoast SEO plugin v27.5 - https:\/\/yoast.com\/product\/yoast-seo-wordpress\/ -->\n<title>Les \u00e9diteurs africains misent sur l&rsquo;innovation pour conqu\u00e9rir le march\u00e9 mondial - La Sentinelle<\/title>\n<meta name=\"robots\" content=\"index, follow, max-snippet:-1, max-image-preview:large, max-video-preview:-1\" \/>\n<link rel=\"canonical\" href=\"https:\/\/lasentinelle.dz\/index.php\/2025\/09\/08\/les-editeurs-africains-misent-sur-linnovation-pour-conquerir-le-marche-mondial\/\" \/>\n<meta property=\"og:locale\" content=\"fr_FR\" \/>\n<meta property=\"og:type\" content=\"article\" \/>\n<meta property=\"og:title\" content=\"Les \u00e9diteurs africains misent sur l&rsquo;innovation pour conqu\u00e9rir le march\u00e9 mondial - La Sentinelle\" \/>\n<meta property=\"og:description\" content=\"Le centre d&rsquo;expositions internationales \u00ab\u00a0Safex\u00a0\u00bb d&rsquo;Alger a accueilli vendredi le s\u00e9minaire des \u00e9diteurs organis\u00e9 dans le cadre de CANEX 2025,\" \/>\n<meta property=\"og:url\" content=\"https:\/\/lasentinelle.dz\/index.php\/2025\/09\/08\/les-editeurs-africains-misent-sur-linnovation-pour-conquerir-le-marche-mondial\/\" \/>\n<meta property=\"og:site_name\" content=\"La Sentinelle\" \/>\n<meta property=\"article:publisher\" content=\"https:\/\/www.facebook.com\/La-Sentinelle-104059864394773\" \/>\n<meta property=\"article:published_time\" content=\"2025-09-08T11:07:15+00:00\" \/>\n<meta property=\"og:image\" content=\"https:\/\/lasentinelle.dz\/wp-content\/uploads\/2025\/09\/IMG-20250905-WA0008-1-2048x1400-1.jpg\" \/>\n\t<meta property=\"og:image:width\" content=\"2048\" \/>\n\t<meta property=\"og:image:height\" content=\"1400\" \/>\n\t<meta property=\"og:image:type\" content=\"image\/jpeg\" \/>\n<meta name=\"author\" content=\"admin\" \/>\n<meta name=\"twitter:card\" content=\"summary_large_image\" \/>\n<meta name=\"twitter:label1\" content=\"\u00c9crit par\" \/>\n\t<meta name=\"twitter:data1\" content=\"admin\" \/>\n\t<meta name=\"twitter:label2\" content=\"Dur\u00e9e de lecture estim\u00e9e\" \/>\n\t<meta name=\"twitter:data2\" content=\"3 minutes\" \/>\n<script type=\"application\/ld+json\" class=\"yoast-schema-graph\">{\"@context\":\"https:\\\/\\\/schema.org\",\"@graph\":[{\"@type\":\"Article\",\"@id\":\"https:\\\/\\\/lasentinelle.dz\\\/index.php\\\/2025\\\/09\\\/08\\\/les-editeurs-africains-misent-sur-linnovation-pour-conquerir-le-marche-mondial\\\/#article\",\"isPartOf\":{\"@id\":\"https:\\\/\\\/lasentinelle.dz\\\/index.php\\\/2025\\\/09\\\/08\\\/les-editeurs-africains-misent-sur-linnovation-pour-conquerir-le-marche-mondial\\\/\"},\"author\":{\"name\":\"admin\",\"@id\":\"https:\\\/\\\/lasentinelle.dz\\\/#\\\/schema\\\/person\\\/729ee0024f24e0b8c5ec17232f8e8b41\"},\"headline\":\"Les \u00e9diteurs africains misent sur l&rsquo;innovation pour conqu\u00e9rir le march\u00e9 mondial\",\"datePublished\":\"2025-09-08T11:07:15+00:00\",\"mainEntityOfPage\":{\"@id\":\"https:\\\/\\\/lasentinelle.dz\\\/index.php\\\/2025\\\/09\\\/08\\\/les-editeurs-africains-misent-sur-linnovation-pour-conquerir-le-marche-mondial\\\/\"},\"wordCount\":584,\"commentCount\":0,\"publisher\":{\"@id\":\"https:\\\/\\\/lasentinelle.dz\\\/#organization\"},\"image\":{\"@id\":\"https:\\\/\\\/lasentinelle.dz\\\/index.php\\\/2025\\\/09\\\/08\\\/les-editeurs-africains-misent-sur-linnovation-pour-conquerir-le-marche-mondial\\\/#primaryimage\"},\"thumbnailUrl\":\"https:\\\/\\\/lasentinelle.dz\\\/wp-content\\\/uploads\\\/2025\\\/09\\\/IMG-20250905-WA0008-1-2048x1400-1.jpg\",\"articleSection\":[\"Culture\"],\"inLanguage\":\"fr-FR\",\"potentialAction\":[{\"@type\":\"CommentAction\",\"name\":\"Comment\",\"target\":[\"https:\\\/\\\/lasentinelle.dz\\\/index.php\\\/2025\\\/09\\\/08\\\/les-editeurs-africains-misent-sur-linnovation-pour-conquerir-le-marche-mondial\\\/#respond\"]}]},{\"@type\":\"WebPage\",\"@id\":\"https:\\\/\\\/lasentinelle.dz\\\/index.php\\\/2025\\\/09\\\/08\\\/les-editeurs-africains-misent-sur-linnovation-pour-conquerir-le-marche-mondial\\\/\",\"url\":\"https:\\\/\\\/lasentinelle.dz\\\/index.php\\\/2025\\\/09\\\/08\\\/les-editeurs-africains-misent-sur-linnovation-pour-conquerir-le-marche-mondial\\\/\",\"name\":\"Les \u00e9diteurs africains misent sur l&rsquo;innovation pour conqu\u00e9rir le march\u00e9 mondial - La Sentinelle\",\"isPartOf\":{\"@id\":\"https:\\\/\\\/lasentinelle.dz\\\/#website\"},\"primaryImageOfPage\":{\"@id\":\"https:\\\/\\\/lasentinelle.dz\\\/index.php\\\/2025\\\/09\\\/08\\\/les-editeurs-africains-misent-sur-linnovation-pour-conquerir-le-marche-mondial\\\/#primaryimage\"},\"image\":{\"@id\":\"https:\\\/\\\/lasentinelle.dz\\\/index.php\\\/2025\\\/09\\\/08\\\/les-editeurs-africains-misent-sur-linnovation-pour-conquerir-le-marche-mondial\\\/#primaryimage\"},\"thumbnailUrl\":\"https:\\\/\\\/lasentinelle.dz\\\/wp-content\\\/uploads\\\/2025\\\/09\\\/IMG-20250905-WA0008-1-2048x1400-1.jpg\",\"datePublished\":\"2025-09-08T11:07:15+00:00\",\"breadcrumb\":{\"@id\":\"https:\\\/\\\/lasentinelle.dz\\\/index.php\\\/2025\\\/09\\\/08\\\/les-editeurs-africains-misent-sur-linnovation-pour-conquerir-le-marche-mondial\\\/#breadcrumb\"},\"inLanguage\":\"fr-FR\",\"potentialAction\":[{\"@type\":\"ReadAction\",\"target\":[\"https:\\\/\\\/lasentinelle.dz\\\/index.php\\\/2025\\\/09\\\/08\\\/les-editeurs-africains-misent-sur-linnovation-pour-conquerir-le-marche-mondial\\\/\"]}]},{\"@type\":\"ImageObject\",\"inLanguage\":\"fr-FR\",\"@id\":\"https:\\\/\\\/lasentinelle.dz\\\/index.php\\\/2025\\\/09\\\/08\\\/les-editeurs-africains-misent-sur-linnovation-pour-conquerir-le-marche-mondial\\\/#primaryimage\",\"url\":\"https:\\\/\\\/lasentinelle.dz\\\/wp-content\\\/uploads\\\/2025\\\/09\\\/IMG-20250905-WA0008-1-2048x1400-1.jpg\",\"contentUrl\":\"https:\\\/\\\/lasentinelle.dz\\\/wp-content\\\/uploads\\\/2025\\\/09\\\/IMG-20250905-WA0008-1-2048x1400-1.jpg\",\"width\":2048,\"height\":1400},{\"@type\":\"BreadcrumbList\",\"@id\":\"https:\\\/\\\/lasentinelle.dz\\\/index.php\\\/2025\\\/09\\\/08\\\/les-editeurs-africains-misent-sur-linnovation-pour-conquerir-le-marche-mondial\\\/#breadcrumb\",\"itemListElement\":[{\"@type\":\"ListItem\",\"position\":1,\"name\":\"Accueil\",\"item\":\"https:\\\/\\\/lasentinelle.dz\\\/\"},{\"@type\":\"ListItem\",\"position\":2,\"name\":\"Les \u00e9diteurs africains misent sur l&rsquo;innovation pour conqu\u00e9rir le march\u00e9 mondial\"}]},{\"@type\":\"WebSite\",\"@id\":\"https:\\\/\\\/lasentinelle.dz\\\/#website\",\"url\":\"https:\\\/\\\/lasentinelle.dz\\\/\",\"name\":\"La Sentinelle\",\"description\":\"Quotidien national d&#039;information\",\"publisher\":{\"@id\":\"https:\\\/\\\/lasentinelle.dz\\\/#organization\"},\"potentialAction\":[{\"@type\":\"SearchAction\",\"target\":{\"@type\":\"EntryPoint\",\"urlTemplate\":\"https:\\\/\\\/lasentinelle.dz\\\/?s={search_term_string}\"},\"query-input\":{\"@type\":\"PropertyValueSpecification\",\"valueRequired\":true,\"valueName\":\"search_term_string\"}}],\"inLanguage\":\"fr-FR\"},{\"@type\":\"Organization\",\"@id\":\"https:\\\/\\\/lasentinelle.dz\\\/#organization\",\"name\":\"Quotidien La Sentinelle\",\"url\":\"https:\\\/\\\/lasentinelle.dz\\\/\",\"logo\":{\"@type\":\"ImageObject\",\"inLanguage\":\"fr-FR\",\"@id\":\"https:\\\/\\\/lasentinelle.dz\\\/#\\\/schema\\\/logo\\\/image\\\/\",\"url\":\"https:\\\/\\\/lasentinelle.dz\\\/wp-content\\\/uploads\\\/2021\\\/09\\\/logo-sentinelleSLOGAN-1.png\",\"contentUrl\":\"https:\\\/\\\/lasentinelle.dz\\\/wp-content\\\/uploads\\\/2021\\\/09\\\/logo-sentinelleSLOGAN-1.png\",\"width\":615,\"height\":142,\"caption\":\"Quotidien La Sentinelle\"},\"image\":{\"@id\":\"https:\\\/\\\/lasentinelle.dz\\\/#\\\/schema\\\/logo\\\/image\\\/\"},\"sameAs\":[\"https:\\\/\\\/www.facebook.com\\\/La-Sentinelle-104059864394773\"]},{\"@type\":\"Person\",\"@id\":\"https:\\\/\\\/lasentinelle.dz\\\/#\\\/schema\\\/person\\\/729ee0024f24e0b8c5ec17232f8e8b41\",\"name\":\"admin\",\"image\":{\"@type\":\"ImageObject\",\"inLanguage\":\"fr-FR\",\"@id\":\"https:\\\/\\\/secure.gravatar.com\\\/avatar\\\/4c81fed838786e9b53f540bf46533e750f5d292099ae3b66cfc6fb1982e29df7?s=96&d=mm&r=g\",\"url\":\"https:\\\/\\\/secure.gravatar.com\\\/avatar\\\/4c81fed838786e9b53f540bf46533e750f5d292099ae3b66cfc6fb1982e29df7?s=96&d=mm&r=g\",\"contentUrl\":\"https:\\\/\\\/secure.gravatar.com\\\/avatar\\\/4c81fed838786e9b53f540bf46533e750f5d292099ae3b66cfc6fb1982e29df7?s=96&d=mm&r=g\",\"caption\":\"admin\"},\"description\":\"admin\",\"url\":\"https:\\\/\\\/lasentinelle.dz\\\/author\\\/admin\\\/\"}]}<\/script>\n<!-- \/ Yoast SEO plugin. -->","yoast_head_json":{"title":"Les \u00e9diteurs africains misent sur l&rsquo;innovation pour conqu\u00e9rir le march\u00e9 mondial - La Sentinelle","robots":{"index":"index","follow":"follow","max-snippet":"max-snippet:-1","max-image-preview":"max-image-preview:large","max-video-preview":"max-video-preview:-1"},"canonical":"https:\/\/lasentinelle.dz\/index.php\/2025\/09\/08\/les-editeurs-africains-misent-sur-linnovation-pour-conquerir-le-marche-mondial\/","og_locale":"fr_FR","og_type":"article","og_title":"Les \u00e9diteurs africains misent sur l&rsquo;innovation pour conqu\u00e9rir le march\u00e9 mondial - La Sentinelle","og_description":"Le centre d&rsquo;expositions internationales \u00ab\u00a0Safex\u00a0\u00bb d&rsquo;Alger a accueilli vendredi le s\u00e9minaire des \u00e9diteurs organis\u00e9 dans le cadre de CANEX 2025,","og_url":"https:\/\/lasentinelle.dz\/index.php\/2025\/09\/08\/les-editeurs-africains-misent-sur-linnovation-pour-conquerir-le-marche-mondial\/","og_site_name":"La Sentinelle","article_publisher":"https:\/\/www.facebook.com\/La-Sentinelle-104059864394773","article_published_time":"2025-09-08T11:07:15+00:00","og_image":[{"width":2048,"height":1400,"url":"https:\/\/lasentinelle.dz\/wp-content\/uploads\/2025\/09\/IMG-20250905-WA0008-1-2048x1400-1.jpg","type":"image\/jpeg"}],"author":"admin","twitter_card":"summary_large_image","twitter_misc":{"\u00c9crit par":"admin","Dur\u00e9e de lecture estim\u00e9e":"3 minutes"},"schema":{"@context":"https:\/\/schema.org","@graph":[{"@type":"Article","@id":"https:\/\/lasentinelle.dz\/index.php\/2025\/09\/08\/les-editeurs-africains-misent-sur-linnovation-pour-conquerir-le-marche-mondial\/#article","isPartOf":{"@id":"https:\/\/lasentinelle.dz\/index.php\/2025\/09\/08\/les-editeurs-africains-misent-sur-linnovation-pour-conquerir-le-marche-mondial\/"},"author":{"name":"admin","@id":"https:\/\/lasentinelle.dz\/#\/schema\/person\/729ee0024f24e0b8c5ec17232f8e8b41"},"headline":"Les \u00e9diteurs africains misent sur l&rsquo;innovation pour conqu\u00e9rir le march\u00e9 mondial","datePublished":"2025-09-08T11:07:15+00:00","mainEntityOfPage":{"@id":"https:\/\/lasentinelle.dz\/index.php\/2025\/09\/08\/les-editeurs-africains-misent-sur-linnovation-pour-conquerir-le-marche-mondial\/"},"wordCount":584,"commentCount":0,"publisher":{"@id":"https:\/\/lasentinelle.dz\/#organization"},"image":{"@id":"https:\/\/lasentinelle.dz\/index.php\/2025\/09\/08\/les-editeurs-africains-misent-sur-linnovation-pour-conquerir-le-marche-mondial\/#primaryimage"},"thumbnailUrl":"https:\/\/lasentinelle.dz\/wp-content\/uploads\/2025\/09\/IMG-20250905-WA0008-1-2048x1400-1.jpg","articleSection":["Culture"],"inLanguage":"fr-FR","potentialAction":[{"@type":"CommentAction","name":"Comment","target":["https:\/\/lasentinelle.dz\/index.php\/2025\/09\/08\/les-editeurs-africains-misent-sur-linnovation-pour-conquerir-le-marche-mondial\/#respond"]}]},{"@type":"WebPage","@id":"https:\/\/lasentinelle.dz\/index.php\/2025\/09\/08\/les-editeurs-africains-misent-sur-linnovation-pour-conquerir-le-marche-mondial\/","url":"https:\/\/lasentinelle.dz\/index.php\/2025\/09\/08\/les-editeurs-africains-misent-sur-linnovation-pour-conquerir-le-marche-mondial\/","name":"Les \u00e9diteurs africains misent sur l&rsquo;innovation pour conqu\u00e9rir le march\u00e9 mondial - La Sentinelle","isPartOf":{"@id":"https:\/\/lasentinelle.dz\/#website"},"primaryImageOfPage":{"@id":"https:\/\/lasentinelle.dz\/index.php\/2025\/09\/08\/les-editeurs-africains-misent-sur-linnovation-pour-conquerir-le-marche-mondial\/#primaryimage"},"image":{"@id":"https:\/\/lasentinelle.dz\/index.php\/2025\/09\/08\/les-editeurs-africains-misent-sur-linnovation-pour-conquerir-le-marche-mondial\/#primaryimage"},"thumbnailUrl":"https:\/\/lasentinelle.dz\/wp-content\/uploads\/2025\/09\/IMG-20250905-WA0008-1-2048x1400-1.jpg","datePublished":"2025-09-08T11:07:15+00:00","breadcrumb":{"@id":"https:\/\/lasentinelle.dz\/index.php\/2025\/09\/08\/les-editeurs-africains-misent-sur-linnovation-pour-conquerir-le-marche-mondial\/#breadcrumb"},"inLanguage":"fr-FR","potentialAction":[{"@type":"ReadAction","target":["https:\/\/lasentinelle.dz\/index.php\/2025\/09\/08\/les-editeurs-africains-misent-sur-linnovation-pour-conquerir-le-marche-mondial\/"]}]},{"@type":"ImageObject","inLanguage":"fr-FR","@id":"https:\/\/lasentinelle.dz\/index.php\/2025\/09\/08\/les-editeurs-africains-misent-sur-linnovation-pour-conquerir-le-marche-mondial\/#primaryimage","url":"https:\/\/lasentinelle.dz\/wp-content\/uploads\/2025\/09\/IMG-20250905-WA0008-1-2048x1400-1.jpg","contentUrl":"https:\/\/lasentinelle.dz\/wp-content\/uploads\/2025\/09\/IMG-20250905-WA0008-1-2048x1400-1.jpg","width":2048,"height":1400},{"@type":"BreadcrumbList","@id":"https:\/\/lasentinelle.dz\/index.php\/2025\/09\/08\/les-editeurs-africains-misent-sur-linnovation-pour-conquerir-le-marche-mondial\/#breadcrumb","itemListElement":[{"@type":"ListItem","position":1,"name":"Accueil","item":"https:\/\/lasentinelle.dz\/"},{"@type":"ListItem","position":2,"name":"Les \u00e9diteurs africains misent sur l&rsquo;innovation pour conqu\u00e9rir le march\u00e9 mondial"}]},{"@type":"WebSite","@id":"https:\/\/lasentinelle.dz\/#website","url":"https:\/\/lasentinelle.dz\/","name":"La Sentinelle","description":"Quotidien national d&#039;information","publisher":{"@id":"https:\/\/lasentinelle.dz\/#organization"},"potentialAction":[{"@type":"SearchAction","target":{"@type":"EntryPoint","urlTemplate":"https:\/\/lasentinelle.dz\/?s={search_term_string}"},"query-input":{"@type":"PropertyValueSpecification","valueRequired":true,"valueName":"search_term_string"}}],"inLanguage":"fr-FR"},{"@type":"Organization","@id":"https:\/\/lasentinelle.dz\/#organization","name":"Quotidien La Sentinelle","url":"https:\/\/lasentinelle.dz\/","logo":{"@type":"ImageObject","inLanguage":"fr-FR","@id":"https:\/\/lasentinelle.dz\/#\/schema\/logo\/image\/","url":"https:\/\/lasentinelle.dz\/wp-content\/uploads\/2021\/09\/logo-sentinelleSLOGAN-1.png","contentUrl":"https:\/\/lasentinelle.dz\/wp-content\/uploads\/2021\/09\/logo-sentinelleSLOGAN-1.png","width":615,"height":142,"caption":"Quotidien La Sentinelle"},"image":{"@id":"https:\/\/lasentinelle.dz\/#\/schema\/logo\/image\/"},"sameAs":["https:\/\/www.facebook.com\/La-Sentinelle-104059864394773"]},{"@type":"Person","@id":"https:\/\/lasentinelle.dz\/#\/schema\/person\/729ee0024f24e0b8c5ec17232f8e8b41","name":"admin","image":{"@type":"ImageObject","inLanguage":"fr-FR","@id":"https:\/\/secure.gravatar.com\/avatar\/4c81fed838786e9b53f540bf46533e750f5d292099ae3b66cfc6fb1982e29df7?s=96&d=mm&r=g","url":"https:\/\/secure.gravatar.com\/avatar\/4c81fed838786e9b53f540bf46533e750f5d292099ae3b66cfc6fb1982e29df7?s=96&d=mm&r=g","contentUrl":"https:\/\/secure.gravatar.com\/avatar\/4c81fed838786e9b53f540bf46533e750f5d292099ae3b66cfc6fb1982e29df7?s=96&d=mm&r=g","caption":"admin"},"description":"admin","url":"https:\/\/lasentinelle.dz\/author\/admin\/"}]}},"_links":{"self":[{"href":"https:\/\/lasentinelle.dz\/index.php\/wp-json\/wp\/v2\/posts\/73004","targetHints":{"allow":["GET"]}}],"collection":[{"href":"https:\/\/lasentinelle.dz\/index.php\/wp-json\/wp\/v2\/posts"}],"about":[{"href":"https:\/\/lasentinelle.dz\/index.php\/wp-json\/wp\/v2\/types\/post"}],"author":[{"embeddable":true,"href":"https:\/\/lasentinelle.dz\/index.php\/wp-json\/wp\/v2\/users\/6"}],"replies":[{"embeddable":true,"href":"https:\/\/lasentinelle.dz\/index.php\/wp-json\/wp\/v2\/comments?post=73004"}],"version-history":[{"count":2,"href":"https:\/\/lasentinelle.dz\/index.php\/wp-json\/wp\/v2\/posts\/73004\/revisions"}],"predecessor-version":[{"id":73007,"href":"https:\/\/lasentinelle.dz\/index.php\/wp-json\/wp\/v2\/posts\/73004\/revisions\/73007"}],"wp:featuredmedia":[{"embeddable":true,"href":"https:\/\/lasentinelle.dz\/index.php\/wp-json\/wp\/v2\/media\/73005"}],"wp:attachment":[{"href":"https:\/\/lasentinelle.dz\/index.php\/wp-json\/wp\/v2\/media?parent=73004"}],"wp:term":[{"taxonomy":"category","embeddable":true,"href":"https:\/\/lasentinelle.dz\/index.php\/wp-json\/wp\/v2\/categories?post=73004"},{"taxonomy":"post_tag","embeddable":true,"href":"https:\/\/lasentinelle.dz\/index.php\/wp-json\/wp\/v2\/tags?post=73004"}],"curies":[{"name":"wp","href":"https:\/\/api.w.org\/{rel}","templated":true}]}}