{"id":73008,"date":"2025-09-08T12:08:02","date_gmt":"2025-09-08T11:08:02","guid":{"rendered":"https:\/\/lasentinelle.dz\/?p=73008"},"modified":"2025-09-08T12:08:03","modified_gmt":"2025-09-08T11:08:03","slug":"canex-2025-les-industries-creatives-nouveau-moteur-economique-de-lafrique","status":"publish","type":"post","link":"https:\/\/lasentinelle.dz\/index.php\/2025\/09\/08\/canex-2025-les-industries-creatives-nouveau-moteur-economique-de-lafrique\/","title":{"rendered":"CANEX 2025\u00a0: Les industries cr\u00e9atives, nouveau moteur \u00e9conomique de l&rsquo;Afrique"},"content":{"rendered":"\n<p>Le ministre de la Culture et des Arts, Zouhir Ballalou, place les secteurs cr\u00e9atifs au c\u0153ur du d\u00e9veloppement continental.<\/p>\n\n\n\n<p>L&rsquo;Alg\u00e9rie mise sur la culture comme levier \u00e9conomique. En marge de la Foire commerciale intra-africaine (IATF 2025) qui rassemble depuis le 4 septembre les acteurs \u00e9conomiques du continent au Palais des expositions d&rsquo;Alger et \u00e0 l\u2019occasion du CANEX 2025 qui accompagne la manifestation \u00e9conomique, le ministre de la Culture et des Arts, Zouhir Ballalou, a r\u00e9affirm\u00e9 samedi l&rsquo;urgence d&rsquo;int\u00e9grer les industries cr\u00e9atives dans les strat\u00e9gies de d\u00e9veloppement africaines. Lors de sa visite au stand du minist\u00e8re de la Culture install\u00e9 aux Pins maritimes, Zouhir Ballalou a d\u00e9fendu une vision ambitieuse du secteur culturel continental. \u00ab\u00a0La culture est un facteur de promotion de la paix et une locomotive du d\u00e9veloppement \u00e9conomique en Afrique\u00a0\u00bb, a d\u00e9clar\u00e9 le ministre, insistant sur sa contribution au \u00ab\u00a0renforcement des \u00e9changes commerciaux intra-africains\u00a0\u00bb. Cette approche s&rsquo;inscrit dans une d\u00e9marche plus large visant \u00e0 faire reconna\u00eetre la culture non plus comme un simple ornement social, mais comme un v\u00e9ritable secteur productif g\u00e9n\u00e9rateur de richesses et d&#8217;emplois. Le ministre a particuli\u00e8rement insist\u00e9 sur la n\u00e9cessit\u00e9 d'\u00a0\u00bbint\u00e9grer la culture au processus du d\u00e9veloppement \u00e9conomique\u00a0\u00bb, pointant les opportunit\u00e9s consid\u00e9rables offertes par les industries cr\u00e9atives dans des domaines aussi vari\u00e9s que le cin\u00e9ma, le th\u00e9\u00e2tre, l&rsquo;art culinaire et les arts visuels. Cette diversification r\u00e9pond aux recommandations des organisations internationales qui estiment que les secteurs cr\u00e9atifs repr\u00e9sentent un potentiel \u00e9conomique largement sous-exploit\u00e9 sur le continent africain, capable de g\u00e9n\u00e9rer des millions d&#8217;emplois, notamment pour les jeunes. L&rsquo;IATF 2025, qui r\u00e9unit cette ann\u00e9e \u00e0 Alger les repr\u00e9sentants de 54 pays africains et de nombreux partenaires internationaux, constitue selon Ballalou un laboratoire id\u00e9al pour exp\u00e9rimenter cette nouvelle approche \u00e9conomico-culturelle. \u00ab\u00a0Les diff\u00e9rentes manifestations culturelles, notamment celles organis\u00e9es dans le cadre de l&rsquo;IATF, et des festivals artistiques, jouent un r\u00f4le crucial dans la promotion des industries cr\u00e9atives en tant que partie essentielle de l&rsquo;\u00e9conomie\u00a0\u00bb, a-t-il soulign\u00e9, \u00e9tablissant un lien direct entre \u00e9v\u00e9nements culturels et dynamisme \u00e9conomique.<\/p>\n\n\n\n<p>L&rsquo;Alg\u00e9rie, pays h\u00f4te de cette \u00e9dition, entend donner l&rsquo;exemple en mobilisant l&rsquo;ensemble de son \u00e9cosyst\u00e8me culturel. \u00ab\u00a0Les \u00e9tablissements culturels relevant du secteur de la Culture et des Arts \u0153uvrent, sans rel\u00e2che, \u00e0 cr\u00e9er une dynamique \u00e0 Alger\u00a0\u00bb, a pr\u00e9cis\u00e9 le ministre, \u00e9voquant la participation active des mus\u00e9es, centres d&rsquo;arts et monuments historiques \u00e0 travers \u00ab\u00a0un programme culturel et artistique vari\u00e9\u00a0\u00bb con\u00e7u pour \u00ab\u00a0accompagner cet important \u00e9v\u00e9nement \u00e9conomique africain\u00a0\u00bb. &nbsp;Le stand du minist\u00e8re, supervis\u00e9 par l&rsquo;Office national de la culture et de l&rsquo;information (ONCI), illustre parfaitement cette philosophie en pr\u00e9sentant \u00ab\u00a0une vision alliant authenticit\u00e9 et modernit\u00e9, reliant le riche patrimoine culturel aux supports technologiques modernes\u00a0\u00bb. Cette synth\u00e8se entre tradition et innovation constitue l&rsquo;un des d\u00e9fis majeurs des industries cr\u00e9atives africaines, contraintes de pr\u00e9server leur identit\u00e9 tout en s&rsquo;adaptant aux exigences du march\u00e9 mondial. Les Journ\u00e9es cr\u00e9atives africaines \u00ab\u00a0CANEX 2025\u00a0\u00bb, organis\u00e9es parall\u00e8lement \u00e0 la foire commerciale, offrent une vitrine privil\u00e9gi\u00e9e \u00e0 cette nouvelle \u00e9conomie culturelle. L&rsquo;exposition artistique \u00ab\u00a0Empreintes Africaines\u00a0\u00bb, visit\u00e9e par le ministre, symbolise cette volont\u00e9 de faire rayonner la cr\u00e9ativit\u00e9 continentale au-del\u00e0 des fronti\u00e8res traditionnelles. Ces initiatives s&rsquo;accompagnent d&rsquo;actions concr\u00e8tes comme la remise des prix \u00ab\u00a0CANEX Book Factory\u00a0\u00bb consacr\u00e9e \u00e0 l&rsquo;\u00e9dition africaine, pr\u00e9sid\u00e9e par Ballalou en pr\u00e9sence d&rsquo;un jury international r\u00e9unissant des experts d&rsquo;Alg\u00e9rie, du Kenya et des \u00c9tats-Unis. Cette reconnaissance internationale de l&rsquo;expertise africaine dans le domaine \u00e9ditorial illustre le potentiel d&rsquo;exportation des industries cr\u00e9atives continentales. Elle d\u00e9montre \u00e9galement que l&rsquo;Afrique ne se contente plus d&rsquo;\u00eatre consommatrice de contenus culturels produits ailleurs, mais ambitionne de devenir un acteur majeur de la cr\u00e9ation mondiale, forte de sa diversit\u00e9 linguistique, artistique et culturelle exceptionnelle.<\/p>\n\n\n\n<p>L&rsquo;initiative alg\u00e9rienne s&rsquo;inscrit dans une dynamique continentale port\u00e9e par l&rsquo;Union africaine et ses partenaires, qui ont identifi\u00e9 les industries cr\u00e9atives comme un secteur prioritaire pour la r\u00e9alisation des objectifs de l&rsquo;Agenda 2063.<\/p>\n\n\n\n<p>Mohand Seghir<\/p>\n","protected":false},"excerpt":{"rendered":"<p>Le ministre de la Culture et des Arts, Zouhir Ballalou, place les secteurs cr\u00e9atifs au c\u0153ur du d\u00e9veloppement continental. L&rsquo;Alg\u00e9rie<\/p>\n","protected":false},"author":6,"featured_media":73009,"comment_status":"open","ping_status":"closed","sticky":false,"template":"","format":"standard","meta":{"colormag_page_container_layout":"default_layout","colormag_page_sidebar_layout":"default_layout","om_disable_all_campaigns":false,"_monsterinsights_skip_tracking":false,"_monsterinsights_sitenote_active":false,"_monsterinsights_sitenote_note":"","_monsterinsights_sitenote_category":0,"footnotes":"","_wpscppro_dont_share_socialmedia":false,"_wpscppro_custom_social_share_image":0,"_facebook_share_type":"default","_twitter_share_type":"default","_linkedin_share_type":"default","_pinterest_share_type":"default","_linkedin_share_type_page":"","_instagram_share_type":"default","_medium_share_type":"default","_threads_share_type":"default","_google_business_share_type":"default","_selected_social_profile":[],"_wpsp_enable_custom_social_template":false,"_wpsp_social_scheduling":{"enabled":false,"datetime":null,"platforms":[],"status":"template_only","dateOption":"today","timeOption":"now","customDays":"","customHours":"","customDate":"","customTime":"","schedulingType":"absolute"},"_wpsp_active_default_template":true},"categories":[36],"tags":[],"class_list":["post-73008","post","type-post","status-publish","format-standard","has-post-thumbnail","hentry","category-culture"],"aioseo_notices":[],"yoast_head":"<!-- This site is optimized with the Yoast SEO plugin v27.5 - https:\/\/yoast.com\/product\/yoast-seo-wordpress\/ -->\n<title>CANEX 2025\u00a0: Les industries cr\u00e9atives, nouveau moteur \u00e9conomique de l&rsquo;Afrique - La Sentinelle<\/title>\n<meta name=\"robots\" content=\"index, follow, max-snippet:-1, max-image-preview:large, max-video-preview:-1\" \/>\n<link rel=\"canonical\" href=\"https:\/\/lasentinelle.dz\/index.php\/2025\/09\/08\/canex-2025-les-industries-creatives-nouveau-moteur-economique-de-lafrique\/\" \/>\n<meta property=\"og:locale\" content=\"fr_FR\" \/>\n<meta property=\"og:type\" content=\"article\" \/>\n<meta property=\"og:title\" content=\"CANEX 2025\u00a0: Les industries cr\u00e9atives, nouveau moteur \u00e9conomique de l&rsquo;Afrique - La Sentinelle\" \/>\n<meta property=\"og:description\" content=\"Le ministre de la Culture et des Arts, Zouhir Ballalou, place les secteurs cr\u00e9atifs au c\u0153ur du d\u00e9veloppement continental. L&rsquo;Alg\u00e9rie\" \/>\n<meta property=\"og:url\" content=\"https:\/\/lasentinelle.dz\/index.php\/2025\/09\/08\/canex-2025-les-industries-creatives-nouveau-moteur-economique-de-lafrique\/\" \/>\n<meta property=\"og:site_name\" content=\"La Sentinelle\" \/>\n<meta property=\"article:publisher\" content=\"https:\/\/www.facebook.com\/La-Sentinelle-104059864394773\" \/>\n<meta property=\"article:published_time\" content=\"2025-09-08T11:08:02+00:00\" \/>\n<meta property=\"article:modified_time\" content=\"2025-09-08T11:08:03+00:00\" \/>\n<meta property=\"og:image\" content=\"https:\/\/lasentinelle.dz\/wp-content\/uploads\/2025\/09\/Canex.jpg\" \/>\n\t<meta property=\"og:image:width\" content=\"1080\" \/>\n\t<meta property=\"og:image:height\" content=\"667\" \/>\n\t<meta property=\"og:image:type\" content=\"image\/jpeg\" \/>\n<meta name=\"author\" content=\"admin\" \/>\n<meta name=\"twitter:card\" content=\"summary_large_image\" \/>\n<meta name=\"twitter:label1\" content=\"\u00c9crit par\" \/>\n\t<meta name=\"twitter:data1\" content=\"admin\" \/>\n\t<meta name=\"twitter:label2\" content=\"Dur\u00e9e de lecture estim\u00e9e\" \/>\n\t<meta name=\"twitter:data2\" content=\"4 minutes\" \/>\n<script type=\"application\/ld+json\" class=\"yoast-schema-graph\">{\"@context\":\"https:\\\/\\\/schema.org\",\"@graph\":[{\"@type\":\"Article\",\"@id\":\"https:\\\/\\\/lasentinelle.dz\\\/index.php\\\/2025\\\/09\\\/08\\\/canex-2025-les-industries-creatives-nouveau-moteur-economique-de-lafrique\\\/#article\",\"isPartOf\":{\"@id\":\"https:\\\/\\\/lasentinelle.dz\\\/index.php\\\/2025\\\/09\\\/08\\\/canex-2025-les-industries-creatives-nouveau-moteur-economique-de-lafrique\\\/\"},\"author\":{\"name\":\"admin\",\"@id\":\"https:\\\/\\\/lasentinelle.dz\\\/#\\\/schema\\\/person\\\/729ee0024f24e0b8c5ec17232f8e8b41\"},\"headline\":\"CANEX 2025\u00a0: Les industries cr\u00e9atives, nouveau moteur \u00e9conomique de l&rsquo;Afrique\",\"datePublished\":\"2025-09-08T11:08:02+00:00\",\"dateModified\":\"2025-09-08T11:08:03+00:00\",\"mainEntityOfPage\":{\"@id\":\"https:\\\/\\\/lasentinelle.dz\\\/index.php\\\/2025\\\/09\\\/08\\\/canex-2025-les-industries-creatives-nouveau-moteur-economique-de-lafrique\\\/\"},\"wordCount\":737,\"commentCount\":0,\"publisher\":{\"@id\":\"https:\\\/\\\/lasentinelle.dz\\\/#organization\"},\"image\":{\"@id\":\"https:\\\/\\\/lasentinelle.dz\\\/index.php\\\/2025\\\/09\\\/08\\\/canex-2025-les-industries-creatives-nouveau-moteur-economique-de-lafrique\\\/#primaryimage\"},\"thumbnailUrl\":\"https:\\\/\\\/lasentinelle.dz\\\/wp-content\\\/uploads\\\/2025\\\/09\\\/Canex.jpg\",\"articleSection\":[\"Culture\"],\"inLanguage\":\"fr-FR\",\"potentialAction\":[{\"@type\":\"CommentAction\",\"name\":\"Comment\",\"target\":[\"https:\\\/\\\/lasentinelle.dz\\\/index.php\\\/2025\\\/09\\\/08\\\/canex-2025-les-industries-creatives-nouveau-moteur-economique-de-lafrique\\\/#respond\"]}]},{\"@type\":\"WebPage\",\"@id\":\"https:\\\/\\\/lasentinelle.dz\\\/index.php\\\/2025\\\/09\\\/08\\\/canex-2025-les-industries-creatives-nouveau-moteur-economique-de-lafrique\\\/\",\"url\":\"https:\\\/\\\/lasentinelle.dz\\\/index.php\\\/2025\\\/09\\\/08\\\/canex-2025-les-industries-creatives-nouveau-moteur-economique-de-lafrique\\\/\",\"name\":\"CANEX 2025\u00a0: Les industries cr\u00e9atives, nouveau moteur \u00e9conomique de l&rsquo;Afrique - La Sentinelle\",\"isPartOf\":{\"@id\":\"https:\\\/\\\/lasentinelle.dz\\\/#website\"},\"primaryImageOfPage\":{\"@id\":\"https:\\\/\\\/lasentinelle.dz\\\/index.php\\\/2025\\\/09\\\/08\\\/canex-2025-les-industries-creatives-nouveau-moteur-economique-de-lafrique\\\/#primaryimage\"},\"image\":{\"@id\":\"https:\\\/\\\/lasentinelle.dz\\\/index.php\\\/2025\\\/09\\\/08\\\/canex-2025-les-industries-creatives-nouveau-moteur-economique-de-lafrique\\\/#primaryimage\"},\"thumbnailUrl\":\"https:\\\/\\\/lasentinelle.dz\\\/wp-content\\\/uploads\\\/2025\\\/09\\\/Canex.jpg\",\"datePublished\":\"2025-09-08T11:08:02+00:00\",\"dateModified\":\"2025-09-08T11:08:03+00:00\",\"breadcrumb\":{\"@id\":\"https:\\\/\\\/lasentinelle.dz\\\/index.php\\\/2025\\\/09\\\/08\\\/canex-2025-les-industries-creatives-nouveau-moteur-economique-de-lafrique\\\/#breadcrumb\"},\"inLanguage\":\"fr-FR\",\"potentialAction\":[{\"@type\":\"ReadAction\",\"target\":[\"https:\\\/\\\/lasentinelle.dz\\\/index.php\\\/2025\\\/09\\\/08\\\/canex-2025-les-industries-creatives-nouveau-moteur-economique-de-lafrique\\\/\"]}]},{\"@type\":\"ImageObject\",\"inLanguage\":\"fr-FR\",\"@id\":\"https:\\\/\\\/lasentinelle.dz\\\/index.php\\\/2025\\\/09\\\/08\\\/canex-2025-les-industries-creatives-nouveau-moteur-economique-de-lafrique\\\/#primaryimage\",\"url\":\"https:\\\/\\\/lasentinelle.dz\\\/wp-content\\\/uploads\\\/2025\\\/09\\\/Canex.jpg\",\"contentUrl\":\"https:\\\/\\\/lasentinelle.dz\\\/wp-content\\\/uploads\\\/2025\\\/09\\\/Canex.jpg\",\"width\":1080,\"height\":667},{\"@type\":\"BreadcrumbList\",\"@id\":\"https:\\\/\\\/lasentinelle.dz\\\/index.php\\\/2025\\\/09\\\/08\\\/canex-2025-les-industries-creatives-nouveau-moteur-economique-de-lafrique\\\/#breadcrumb\",\"itemListElement\":[{\"@type\":\"ListItem\",\"position\":1,\"name\":\"Accueil\",\"item\":\"https:\\\/\\\/lasentinelle.dz\\\/\"},{\"@type\":\"ListItem\",\"position\":2,\"name\":\"CANEX 2025\u00a0: Les industries cr\u00e9atives, nouveau moteur \u00e9conomique de l&rsquo;Afrique\"}]},{\"@type\":\"WebSite\",\"@id\":\"https:\\\/\\\/lasentinelle.dz\\\/#website\",\"url\":\"https:\\\/\\\/lasentinelle.dz\\\/\",\"name\":\"La Sentinelle\",\"description\":\"Quotidien national d&#039;information\",\"publisher\":{\"@id\":\"https:\\\/\\\/lasentinelle.dz\\\/#organization\"},\"potentialAction\":[{\"@type\":\"SearchAction\",\"target\":{\"@type\":\"EntryPoint\",\"urlTemplate\":\"https:\\\/\\\/lasentinelle.dz\\\/?s={search_term_string}\"},\"query-input\":{\"@type\":\"PropertyValueSpecification\",\"valueRequired\":true,\"valueName\":\"search_term_string\"}}],\"inLanguage\":\"fr-FR\"},{\"@type\":\"Organization\",\"@id\":\"https:\\\/\\\/lasentinelle.dz\\\/#organization\",\"name\":\"Quotidien La Sentinelle\",\"url\":\"https:\\\/\\\/lasentinelle.dz\\\/\",\"logo\":{\"@type\":\"ImageObject\",\"inLanguage\":\"fr-FR\",\"@id\":\"https:\\\/\\\/lasentinelle.dz\\\/#\\\/schema\\\/logo\\\/image\\\/\",\"url\":\"https:\\\/\\\/lasentinelle.dz\\\/wp-content\\\/uploads\\\/2021\\\/09\\\/logo-sentinelleSLOGAN-1.png\",\"contentUrl\":\"https:\\\/\\\/lasentinelle.dz\\\/wp-content\\\/uploads\\\/2021\\\/09\\\/logo-sentinelleSLOGAN-1.png\",\"width\":615,\"height\":142,\"caption\":\"Quotidien La Sentinelle\"},\"image\":{\"@id\":\"https:\\\/\\\/lasentinelle.dz\\\/#\\\/schema\\\/logo\\\/image\\\/\"},\"sameAs\":[\"https:\\\/\\\/www.facebook.com\\\/La-Sentinelle-104059864394773\"]},{\"@type\":\"Person\",\"@id\":\"https:\\\/\\\/lasentinelle.dz\\\/#\\\/schema\\\/person\\\/729ee0024f24e0b8c5ec17232f8e8b41\",\"name\":\"admin\",\"image\":{\"@type\":\"ImageObject\",\"inLanguage\":\"fr-FR\",\"@id\":\"https:\\\/\\\/secure.gravatar.com\\\/avatar\\\/4c81fed838786e9b53f540bf46533e750f5d292099ae3b66cfc6fb1982e29df7?s=96&d=mm&r=g\",\"url\":\"https:\\\/\\\/secure.gravatar.com\\\/avatar\\\/4c81fed838786e9b53f540bf46533e750f5d292099ae3b66cfc6fb1982e29df7?s=96&d=mm&r=g\",\"contentUrl\":\"https:\\\/\\\/secure.gravatar.com\\\/avatar\\\/4c81fed838786e9b53f540bf46533e750f5d292099ae3b66cfc6fb1982e29df7?s=96&d=mm&r=g\",\"caption\":\"admin\"},\"description\":\"admin\",\"url\":\"https:\\\/\\\/lasentinelle.dz\\\/author\\\/admin\\\/\"}]}<\/script>\n<!-- \/ Yoast SEO plugin. -->","yoast_head_json":{"title":"CANEX 2025\u00a0: Les industries cr\u00e9atives, nouveau moteur \u00e9conomique de l&rsquo;Afrique - La Sentinelle","robots":{"index":"index","follow":"follow","max-snippet":"max-snippet:-1","max-image-preview":"max-image-preview:large","max-video-preview":"max-video-preview:-1"},"canonical":"https:\/\/lasentinelle.dz\/index.php\/2025\/09\/08\/canex-2025-les-industries-creatives-nouveau-moteur-economique-de-lafrique\/","og_locale":"fr_FR","og_type":"article","og_title":"CANEX 2025\u00a0: Les industries cr\u00e9atives, nouveau moteur \u00e9conomique de l&rsquo;Afrique - La Sentinelle","og_description":"Le ministre de la Culture et des Arts, Zouhir Ballalou, place les secteurs cr\u00e9atifs au c\u0153ur du d\u00e9veloppement continental. L&rsquo;Alg\u00e9rie","og_url":"https:\/\/lasentinelle.dz\/index.php\/2025\/09\/08\/canex-2025-les-industries-creatives-nouveau-moteur-economique-de-lafrique\/","og_site_name":"La Sentinelle","article_publisher":"https:\/\/www.facebook.com\/La-Sentinelle-104059864394773","article_published_time":"2025-09-08T11:08:02+00:00","article_modified_time":"2025-09-08T11:08:03+00:00","og_image":[{"width":1080,"height":667,"url":"https:\/\/lasentinelle.dz\/wp-content\/uploads\/2025\/09\/Canex.jpg","type":"image\/jpeg"}],"author":"admin","twitter_card":"summary_large_image","twitter_misc":{"\u00c9crit par":"admin","Dur\u00e9e de lecture estim\u00e9e":"4 minutes"},"schema":{"@context":"https:\/\/schema.org","@graph":[{"@type":"Article","@id":"https:\/\/lasentinelle.dz\/index.php\/2025\/09\/08\/canex-2025-les-industries-creatives-nouveau-moteur-economique-de-lafrique\/#article","isPartOf":{"@id":"https:\/\/lasentinelle.dz\/index.php\/2025\/09\/08\/canex-2025-les-industries-creatives-nouveau-moteur-economique-de-lafrique\/"},"author":{"name":"admin","@id":"https:\/\/lasentinelle.dz\/#\/schema\/person\/729ee0024f24e0b8c5ec17232f8e8b41"},"headline":"CANEX 2025\u00a0: Les industries cr\u00e9atives, nouveau moteur \u00e9conomique de l&rsquo;Afrique","datePublished":"2025-09-08T11:08:02+00:00","dateModified":"2025-09-08T11:08:03+00:00","mainEntityOfPage":{"@id":"https:\/\/lasentinelle.dz\/index.php\/2025\/09\/08\/canex-2025-les-industries-creatives-nouveau-moteur-economique-de-lafrique\/"},"wordCount":737,"commentCount":0,"publisher":{"@id":"https:\/\/lasentinelle.dz\/#organization"},"image":{"@id":"https:\/\/lasentinelle.dz\/index.php\/2025\/09\/08\/canex-2025-les-industries-creatives-nouveau-moteur-economique-de-lafrique\/#primaryimage"},"thumbnailUrl":"https:\/\/lasentinelle.dz\/wp-content\/uploads\/2025\/09\/Canex.jpg","articleSection":["Culture"],"inLanguage":"fr-FR","potentialAction":[{"@type":"CommentAction","name":"Comment","target":["https:\/\/lasentinelle.dz\/index.php\/2025\/09\/08\/canex-2025-les-industries-creatives-nouveau-moteur-economique-de-lafrique\/#respond"]}]},{"@type":"WebPage","@id":"https:\/\/lasentinelle.dz\/index.php\/2025\/09\/08\/canex-2025-les-industries-creatives-nouveau-moteur-economique-de-lafrique\/","url":"https:\/\/lasentinelle.dz\/index.php\/2025\/09\/08\/canex-2025-les-industries-creatives-nouveau-moteur-economique-de-lafrique\/","name":"CANEX 2025\u00a0: Les industries cr\u00e9atives, nouveau moteur \u00e9conomique de l&rsquo;Afrique - La Sentinelle","isPartOf":{"@id":"https:\/\/lasentinelle.dz\/#website"},"primaryImageOfPage":{"@id":"https:\/\/lasentinelle.dz\/index.php\/2025\/09\/08\/canex-2025-les-industries-creatives-nouveau-moteur-economique-de-lafrique\/#primaryimage"},"image":{"@id":"https:\/\/lasentinelle.dz\/index.php\/2025\/09\/08\/canex-2025-les-industries-creatives-nouveau-moteur-economique-de-lafrique\/#primaryimage"},"thumbnailUrl":"https:\/\/lasentinelle.dz\/wp-content\/uploads\/2025\/09\/Canex.jpg","datePublished":"2025-09-08T11:08:02+00:00","dateModified":"2025-09-08T11:08:03+00:00","breadcrumb":{"@id":"https:\/\/lasentinelle.dz\/index.php\/2025\/09\/08\/canex-2025-les-industries-creatives-nouveau-moteur-economique-de-lafrique\/#breadcrumb"},"inLanguage":"fr-FR","potentialAction":[{"@type":"ReadAction","target":["https:\/\/lasentinelle.dz\/index.php\/2025\/09\/08\/canex-2025-les-industries-creatives-nouveau-moteur-economique-de-lafrique\/"]}]},{"@type":"ImageObject","inLanguage":"fr-FR","@id":"https:\/\/lasentinelle.dz\/index.php\/2025\/09\/08\/canex-2025-les-industries-creatives-nouveau-moteur-economique-de-lafrique\/#primaryimage","url":"https:\/\/lasentinelle.dz\/wp-content\/uploads\/2025\/09\/Canex.jpg","contentUrl":"https:\/\/lasentinelle.dz\/wp-content\/uploads\/2025\/09\/Canex.jpg","width":1080,"height":667},{"@type":"BreadcrumbList","@id":"https:\/\/lasentinelle.dz\/index.php\/2025\/09\/08\/canex-2025-les-industries-creatives-nouveau-moteur-economique-de-lafrique\/#breadcrumb","itemListElement":[{"@type":"ListItem","position":1,"name":"Accueil","item":"https:\/\/lasentinelle.dz\/"},{"@type":"ListItem","position":2,"name":"CANEX 2025\u00a0: Les industries cr\u00e9atives, nouveau moteur \u00e9conomique de l&rsquo;Afrique"}]},{"@type":"WebSite","@id":"https:\/\/lasentinelle.dz\/#website","url":"https:\/\/lasentinelle.dz\/","name":"La Sentinelle","description":"Quotidien national d&#039;information","publisher":{"@id":"https:\/\/lasentinelle.dz\/#organization"},"potentialAction":[{"@type":"SearchAction","target":{"@type":"EntryPoint","urlTemplate":"https:\/\/lasentinelle.dz\/?s={search_term_string}"},"query-input":{"@type":"PropertyValueSpecification","valueRequired":true,"valueName":"search_term_string"}}],"inLanguage":"fr-FR"},{"@type":"Organization","@id":"https:\/\/lasentinelle.dz\/#organization","name":"Quotidien La Sentinelle","url":"https:\/\/lasentinelle.dz\/","logo":{"@type":"ImageObject","inLanguage":"fr-FR","@id":"https:\/\/lasentinelle.dz\/#\/schema\/logo\/image\/","url":"https:\/\/lasentinelle.dz\/wp-content\/uploads\/2021\/09\/logo-sentinelleSLOGAN-1.png","contentUrl":"https:\/\/lasentinelle.dz\/wp-content\/uploads\/2021\/09\/logo-sentinelleSLOGAN-1.png","width":615,"height":142,"caption":"Quotidien La Sentinelle"},"image":{"@id":"https:\/\/lasentinelle.dz\/#\/schema\/logo\/image\/"},"sameAs":["https:\/\/www.facebook.com\/La-Sentinelle-104059864394773"]},{"@type":"Person","@id":"https:\/\/lasentinelle.dz\/#\/schema\/person\/729ee0024f24e0b8c5ec17232f8e8b41","name":"admin","image":{"@type":"ImageObject","inLanguage":"fr-FR","@id":"https:\/\/secure.gravatar.com\/avatar\/4c81fed838786e9b53f540bf46533e750f5d292099ae3b66cfc6fb1982e29df7?s=96&d=mm&r=g","url":"https:\/\/secure.gravatar.com\/avatar\/4c81fed838786e9b53f540bf46533e750f5d292099ae3b66cfc6fb1982e29df7?s=96&d=mm&r=g","contentUrl":"https:\/\/secure.gravatar.com\/avatar\/4c81fed838786e9b53f540bf46533e750f5d292099ae3b66cfc6fb1982e29df7?s=96&d=mm&r=g","caption":"admin"},"description":"admin","url":"https:\/\/lasentinelle.dz\/author\/admin\/"}]}},"_links":{"self":[{"href":"https:\/\/lasentinelle.dz\/index.php\/wp-json\/wp\/v2\/posts\/73008","targetHints":{"allow":["GET"]}}],"collection":[{"href":"https:\/\/lasentinelle.dz\/index.php\/wp-json\/wp\/v2\/posts"}],"about":[{"href":"https:\/\/lasentinelle.dz\/index.php\/wp-json\/wp\/v2\/types\/post"}],"author":[{"embeddable":true,"href":"https:\/\/lasentinelle.dz\/index.php\/wp-json\/wp\/v2\/users\/6"}],"replies":[{"embeddable":true,"href":"https:\/\/lasentinelle.dz\/index.php\/wp-json\/wp\/v2\/comments?post=73008"}],"version-history":[{"count":2,"href":"https:\/\/lasentinelle.dz\/index.php\/wp-json\/wp\/v2\/posts\/73008\/revisions"}],"predecessor-version":[{"id":73011,"href":"https:\/\/lasentinelle.dz\/index.php\/wp-json\/wp\/v2\/posts\/73008\/revisions\/73011"}],"wp:featuredmedia":[{"embeddable":true,"href":"https:\/\/lasentinelle.dz\/index.php\/wp-json\/wp\/v2\/media\/73009"}],"wp:attachment":[{"href":"https:\/\/lasentinelle.dz\/index.php\/wp-json\/wp\/v2\/media?parent=73008"}],"wp:term":[{"taxonomy":"category","embeddable":true,"href":"https:\/\/lasentinelle.dz\/index.php\/wp-json\/wp\/v2\/categories?post=73008"},{"taxonomy":"post_tag","embeddable":true,"href":"https:\/\/lasentinelle.dz\/index.php\/wp-json\/wp\/v2\/tags?post=73008"}],"curies":[{"name":"wp","href":"https:\/\/api.w.org\/{rel}","templated":true}]}}