{"id":73016,"date":"2025-09-08T12:10:55","date_gmt":"2025-09-08T11:10:55","guid":{"rendered":"https:\/\/lasentinelle.dz\/?p=73016"},"modified":"2025-09-08T12:10:56","modified_gmt":"2025-09-08T11:10:56","slug":"championnat-dafrique-de-handball-u19-les-vertes-lancent-parfaitement-leur-campagne","status":"publish","type":"post","link":"https:\/\/lasentinelle.dz\/index.php\/2025\/09\/08\/championnat-dafrique-de-handball-u19-les-vertes-lancent-parfaitement-leur-campagne\/","title":{"rendered":"Championnat d\u2019Afrique de handball U19\u00a0: Les Vertes lancent parfaitement leur campagne"},"content":{"rendered":"\n<p>L&rsquo;Alg\u00e9rie a parfaitement entam\u00e9 son parcours dans la 32e \u00e9dition du Championnat d&rsquo;Afrique des nations U19 f\u00e9minin de handball en s&rsquo;imposant largement face au Kenya sur le score sans appel de 37-26, samedi soir \u00e0 la salle omnisports du Complexe olympique Miloud Hadefi d&rsquo;Oran.<\/p>\n\n\n\n<p>Cette victoire convaincante lors de la premi\u00e8re journ\u00e9e du groupe B place d&#8217;embl\u00e9e les handballeuses alg\u00e9riennes en position de force dans cette comp\u00e9tition continentale qu&rsquo;elles disputent \u00e0 domicile. D\u00e8s l&rsquo;entame de la rencontre, les Vertes ont impos\u00e9 leur rythme et leur sup\u00e9riorit\u00e9 technique face \u00e0 des Kenyanes rapidement d\u00e9pass\u00e9es par l&rsquo;intensit\u00e9 du jeu alg\u00e9rien. Men\u00e9es par une Racha Yelles \u00e9tincelante, \u00e9lue meilleure joueuse du match, les sept Alg\u00e9riennes ont pris le contr\u00f4le des op\u00e9rations pour virer en t\u00eate 17-11 \u00e0 la mi-temps. Cette avance substantielle acquise d\u00e8s la premi\u00e8re p\u00e9riode t\u00e9moignait d\u00e9j\u00e0 de la diff\u00e9rence de niveau entre les deux formations et laissait pr\u00e9sager une seconde mi-temps \u00e0 sens unique. La reprise n&rsquo;a fait que confirmer cette tendance, l&rsquo;Alg\u00e9rie g\u00e9rant parfaitement son avance tout en continuant \u00e0 creuser l&rsquo;\u00e9cart face \u00e0 une \u00e9quipe kenyane qui n&rsquo;a jamais trouv\u00e9 les ressources n\u00e9cessaires pour inverser la vapeur. La ma\u00eetrise collective affich\u00e9e par les joueuses alg\u00e9riennes, combin\u00e9e \u00e0 une efficacit\u00e9 remarquable en attaque et une solidit\u00e9 d\u00e9fensive exemplaire, a permis de porter le score final \u00e0 37-26, soit onze buts d&rsquo;\u00e9cart qui refl\u00e8tent fid\u00e8lement la physionomie de cette rencontre.<\/p>\n\n\n\n<p>Pour rappel, les Championnats d&rsquo;Afrique des nations de handball f\u00e9minin U17 et U19, se sont ouverts samedi \u00e0 Oran en pr\u00e9sence de personnalit\u00e9s de premier plan. Hakim Chelfi, repr\u00e9sentant du ministre des Sports Walid Sadi, le vice-pr\u00e9sident de la Conf\u00e9d\u00e9ration africaine de handball Medhat El Beltagy, ainsi que le pr\u00e9sident de la F\u00e9d\u00e9ration alg\u00e9rienne de handball Mourad Boussebt assistaient \u00e0 cette c\u00e9r\u00e9monie marqu\u00e9e par l&rsquo;ex\u00e9cution de l&rsquo;hymne national, le d\u00e9fil\u00e9 des 22 s\u00e9lections participantes et la pr\u00e9sentation de spectacles folkloriques. Dans l&rsquo;autre rencontre de cette journ\u00e9e inaugurale du groupe B, la Guin\u00e9e a cr\u00e9\u00e9 la surprise en dominant l&rsquo;Angola 26-21 au Palais des sports Hamou-Boutl\u00e9lis d&rsquo;Oran, confirmant l&rsquo;\u00e9quilibre qui r\u00e8gne dans cette poule o\u00f9 le Mali \u00e9tait exempt lors de cette premi\u00e8re journ\u00e9e. Ce r\u00e9sultat place temporairement l&rsquo;Alg\u00e9rie et la Guin\u00e9e \u00e0 \u00e9galit\u00e9 en t\u00eate du classement avec deux points chacune, devant l&rsquo;Angola et le Kenya qui comptent z\u00e9ro point, le Mali n&rsquo;ayant pas encore disput\u00e9 de match. La formule de la comp\u00e9tition pr\u00e9voit que les deux premiers de chaque groupe acc\u00e8dent directement aux demi-finales, tandis que les \u00e9quipes class\u00e9es au-del\u00e0 disputeront les matchs de classement. Cet objectif de qualification en demi-finales semble d\u00e9sormais \u00e0 la port\u00e9e d&rsquo;une s\u00e9lection alg\u00e9rienne qui a montr\u00e9 samedi soir qu&rsquo;elle poss\u00e9dait les arguments n\u00e9cessaires pour rivaliser avec les meilleures \u00e9quipes du continent. L&rsquo;enjeu d\u00e9passe cependant le simple cadre continental puisque les quatre premi\u00e8res s\u00e9lections de chaque cat\u00e9gorie obtiendront leur ticket pour le Championnat du monde 2026, offrant ainsi une perspective internationale suppl\u00e9mentaire \u00e0 ces jeunes handballeuses. Pour l&rsquo;Alg\u00e9rie, pays organisateur de cette manifestation qui se d\u00e9roule jusqu&rsquo;au 13 septembre pour la cat\u00e9gorie U19 et du 14 au 21 septembre pour les U17, l&rsquo;objectif est clairement d\u00e9fini : profiter de l&rsquo;avantage du terrain et du soutien du public oranais pour d\u00e9crocher une qualification mondiale.<\/p>\n\n\n\n<p>Moncef D.<\/p>\n","protected":false},"excerpt":{"rendered":"<p>L&rsquo;Alg\u00e9rie a parfaitement entam\u00e9 son parcours dans la 32e \u00e9dition du Championnat d&rsquo;Afrique des nations U19 f\u00e9minin de handball en<\/p>\n","protected":false},"author":6,"featured_media":73017,"comment_status":"open","ping_status":"closed","sticky":false,"template":"","format":"standard","meta":{"colormag_page_container_layout":"default_layout","colormag_page_sidebar_layout":"default_layout","om_disable_all_campaigns":false,"_monsterinsights_skip_tracking":false,"_monsterinsights_sitenote_active":false,"_monsterinsights_sitenote_note":"","_monsterinsights_sitenote_category":0,"footnotes":"","_wpscppro_dont_share_socialmedia":false,"_wpscppro_custom_social_share_image":0,"_facebook_share_type":"default","_twitter_share_type":"default","_linkedin_share_type":"default","_pinterest_share_type":"default","_linkedin_share_type_page":"","_instagram_share_type":"default","_medium_share_type":"default","_threads_share_type":"default","_google_business_share_type":"default","_selected_social_profile":[],"_wpsp_enable_custom_social_template":false,"_wpsp_social_scheduling":{"enabled":false,"datetime":null,"platforms":[],"status":"template_only","dateOption":"today","timeOption":"now","customDays":"","customHours":"","customDate":"","customTime":"","schedulingType":"absolute"},"_wpsp_active_default_template":true},"categories":[33],"tags":[],"class_list":["post-73016","post","type-post","status-publish","format-standard","has-post-thumbnail","hentry","category-sports"],"aioseo_notices":[],"yoast_head":"<!-- This site is optimized with the Yoast SEO plugin v27.5 - https:\/\/yoast.com\/product\/yoast-seo-wordpress\/ -->\n<title>Championnat d\u2019Afrique de handball U19\u00a0: Les Vertes lancent parfaitement leur campagne - La Sentinelle<\/title>\n<meta name=\"robots\" content=\"index, follow, max-snippet:-1, max-image-preview:large, max-video-preview:-1\" \/>\n<link rel=\"canonical\" href=\"https:\/\/lasentinelle.dz\/index.php\/2025\/09\/08\/championnat-dafrique-de-handball-u19-les-vertes-lancent-parfaitement-leur-campagne\/\" \/>\n<meta property=\"og:locale\" content=\"fr_FR\" \/>\n<meta property=\"og:type\" content=\"article\" \/>\n<meta property=\"og:title\" content=\"Championnat d\u2019Afrique de handball U19\u00a0: Les Vertes lancent parfaitement leur campagne - La Sentinelle\" \/>\n<meta property=\"og:description\" content=\"L&rsquo;Alg\u00e9rie a parfaitement entam\u00e9 son parcours dans la 32e \u00e9dition du Championnat d&rsquo;Afrique des nations U19 f\u00e9minin de handball en\" \/>\n<meta property=\"og:url\" content=\"https:\/\/lasentinelle.dz\/index.php\/2025\/09\/08\/championnat-dafrique-de-handball-u19-les-vertes-lancent-parfaitement-leur-campagne\/\" \/>\n<meta property=\"og:site_name\" content=\"La Sentinelle\" \/>\n<meta property=\"article:publisher\" content=\"https:\/\/www.facebook.com\/La-Sentinelle-104059864394773\" \/>\n<meta property=\"article:published_time\" content=\"2025-09-08T11:10:55+00:00\" \/>\n<meta property=\"article:modified_time\" content=\"2025-09-08T11:10:56+00:00\" \/>\n<meta property=\"og:image\" content=\"https:\/\/lasentinelle.dz\/wp-content\/uploads\/2025\/09\/hand-e1757329839829.jpg\" \/>\n\t<meta property=\"og:image:width\" content=\"1900\" \/>\n\t<meta property=\"og:image:height\" content=\"1068\" \/>\n\t<meta property=\"og:image:type\" content=\"image\/jpeg\" \/>\n<meta name=\"author\" content=\"admin\" \/>\n<meta name=\"twitter:card\" content=\"summary_large_image\" \/>\n<meta name=\"twitter:label1\" content=\"\u00c9crit par\" \/>\n\t<meta name=\"twitter:data1\" content=\"admin\" \/>\n\t<meta name=\"twitter:label2\" content=\"Dur\u00e9e de lecture estim\u00e9e\" \/>\n\t<meta name=\"twitter:data2\" content=\"3 minutes\" \/>\n<script type=\"application\/ld+json\" class=\"yoast-schema-graph\">{\"@context\":\"https:\\\/\\\/schema.org\",\"@graph\":[{\"@type\":\"Article\",\"@id\":\"https:\\\/\\\/lasentinelle.dz\\\/index.php\\\/2025\\\/09\\\/08\\\/championnat-dafrique-de-handball-u19-les-vertes-lancent-parfaitement-leur-campagne\\\/#article\",\"isPartOf\":{\"@id\":\"https:\\\/\\\/lasentinelle.dz\\\/index.php\\\/2025\\\/09\\\/08\\\/championnat-dafrique-de-handball-u19-les-vertes-lancent-parfaitement-leur-campagne\\\/\"},\"author\":{\"name\":\"admin\",\"@id\":\"https:\\\/\\\/lasentinelle.dz\\\/#\\\/schema\\\/person\\\/729ee0024f24e0b8c5ec17232f8e8b41\"},\"headline\":\"Championnat d\u2019Afrique de handball U19\u00a0: Les Vertes lancent parfaitement leur campagne\",\"datePublished\":\"2025-09-08T11:10:55+00:00\",\"dateModified\":\"2025-09-08T11:10:56+00:00\",\"mainEntityOfPage\":{\"@id\":\"https:\\\/\\\/lasentinelle.dz\\\/index.php\\\/2025\\\/09\\\/08\\\/championnat-dafrique-de-handball-u19-les-vertes-lancent-parfaitement-leur-campagne\\\/\"},\"wordCount\":636,\"commentCount\":0,\"publisher\":{\"@id\":\"https:\\\/\\\/lasentinelle.dz\\\/#organization\"},\"image\":{\"@id\":\"https:\\\/\\\/lasentinelle.dz\\\/index.php\\\/2025\\\/09\\\/08\\\/championnat-dafrique-de-handball-u19-les-vertes-lancent-parfaitement-leur-campagne\\\/#primaryimage\"},\"thumbnailUrl\":\"https:\\\/\\\/lasentinelle.dz\\\/wp-content\\\/uploads\\\/2025\\\/09\\\/hand-e1757329839829.jpg\",\"articleSection\":[\"Sports\"],\"inLanguage\":\"fr-FR\",\"potentialAction\":[{\"@type\":\"CommentAction\",\"name\":\"Comment\",\"target\":[\"https:\\\/\\\/lasentinelle.dz\\\/index.php\\\/2025\\\/09\\\/08\\\/championnat-dafrique-de-handball-u19-les-vertes-lancent-parfaitement-leur-campagne\\\/#respond\"]}]},{\"@type\":\"WebPage\",\"@id\":\"https:\\\/\\\/lasentinelle.dz\\\/index.php\\\/2025\\\/09\\\/08\\\/championnat-dafrique-de-handball-u19-les-vertes-lancent-parfaitement-leur-campagne\\\/\",\"url\":\"https:\\\/\\\/lasentinelle.dz\\\/index.php\\\/2025\\\/09\\\/08\\\/championnat-dafrique-de-handball-u19-les-vertes-lancent-parfaitement-leur-campagne\\\/\",\"name\":\"Championnat d\u2019Afrique de handball U19\u00a0: Les Vertes lancent parfaitement leur campagne - La Sentinelle\",\"isPartOf\":{\"@id\":\"https:\\\/\\\/lasentinelle.dz\\\/#website\"},\"primaryImageOfPage\":{\"@id\":\"https:\\\/\\\/lasentinelle.dz\\\/index.php\\\/2025\\\/09\\\/08\\\/championnat-dafrique-de-handball-u19-les-vertes-lancent-parfaitement-leur-campagne\\\/#primaryimage\"},\"image\":{\"@id\":\"https:\\\/\\\/lasentinelle.dz\\\/index.php\\\/2025\\\/09\\\/08\\\/championnat-dafrique-de-handball-u19-les-vertes-lancent-parfaitement-leur-campagne\\\/#primaryimage\"},\"thumbnailUrl\":\"https:\\\/\\\/lasentinelle.dz\\\/wp-content\\\/uploads\\\/2025\\\/09\\\/hand-e1757329839829.jpg\",\"datePublished\":\"2025-09-08T11:10:55+00:00\",\"dateModified\":\"2025-09-08T11:10:56+00:00\",\"breadcrumb\":{\"@id\":\"https:\\\/\\\/lasentinelle.dz\\\/index.php\\\/2025\\\/09\\\/08\\\/championnat-dafrique-de-handball-u19-les-vertes-lancent-parfaitement-leur-campagne\\\/#breadcrumb\"},\"inLanguage\":\"fr-FR\",\"potentialAction\":[{\"@type\":\"ReadAction\",\"target\":[\"https:\\\/\\\/lasentinelle.dz\\\/index.php\\\/2025\\\/09\\\/08\\\/championnat-dafrique-de-handball-u19-les-vertes-lancent-parfaitement-leur-campagne\\\/\"]}]},{\"@type\":\"ImageObject\",\"inLanguage\":\"fr-FR\",\"@id\":\"https:\\\/\\\/lasentinelle.dz\\\/index.php\\\/2025\\\/09\\\/08\\\/championnat-dafrique-de-handball-u19-les-vertes-lancent-parfaitement-leur-campagne\\\/#primaryimage\",\"url\":\"https:\\\/\\\/lasentinelle.dz\\\/wp-content\\\/uploads\\\/2025\\\/09\\\/hand-e1757329839829.jpg\",\"contentUrl\":\"https:\\\/\\\/lasentinelle.dz\\\/wp-content\\\/uploads\\\/2025\\\/09\\\/hand-e1757329839829.jpg\",\"width\":1900,\"height\":1068},{\"@type\":\"BreadcrumbList\",\"@id\":\"https:\\\/\\\/lasentinelle.dz\\\/index.php\\\/2025\\\/09\\\/08\\\/championnat-dafrique-de-handball-u19-les-vertes-lancent-parfaitement-leur-campagne\\\/#breadcrumb\",\"itemListElement\":[{\"@type\":\"ListItem\",\"position\":1,\"name\":\"Accueil\",\"item\":\"https:\\\/\\\/lasentinelle.dz\\\/\"},{\"@type\":\"ListItem\",\"position\":2,\"name\":\"Championnat d\u2019Afrique de handball U19\u00a0: Les Vertes lancent parfaitement leur campagne\"}]},{\"@type\":\"WebSite\",\"@id\":\"https:\\\/\\\/lasentinelle.dz\\\/#website\",\"url\":\"https:\\\/\\\/lasentinelle.dz\\\/\",\"name\":\"La Sentinelle\",\"description\":\"Quotidien national d&#039;information\",\"publisher\":{\"@id\":\"https:\\\/\\\/lasentinelle.dz\\\/#organization\"},\"potentialAction\":[{\"@type\":\"SearchAction\",\"target\":{\"@type\":\"EntryPoint\",\"urlTemplate\":\"https:\\\/\\\/lasentinelle.dz\\\/?s={search_term_string}\"},\"query-input\":{\"@type\":\"PropertyValueSpecification\",\"valueRequired\":true,\"valueName\":\"search_term_string\"}}],\"inLanguage\":\"fr-FR\"},{\"@type\":\"Organization\",\"@id\":\"https:\\\/\\\/lasentinelle.dz\\\/#organization\",\"name\":\"Quotidien La Sentinelle\",\"url\":\"https:\\\/\\\/lasentinelle.dz\\\/\",\"logo\":{\"@type\":\"ImageObject\",\"inLanguage\":\"fr-FR\",\"@id\":\"https:\\\/\\\/lasentinelle.dz\\\/#\\\/schema\\\/logo\\\/image\\\/\",\"url\":\"https:\\\/\\\/lasentinelle.dz\\\/wp-content\\\/uploads\\\/2021\\\/09\\\/logo-sentinelleSLOGAN-1.png\",\"contentUrl\":\"https:\\\/\\\/lasentinelle.dz\\\/wp-content\\\/uploads\\\/2021\\\/09\\\/logo-sentinelleSLOGAN-1.png\",\"width\":615,\"height\":142,\"caption\":\"Quotidien La Sentinelle\"},\"image\":{\"@id\":\"https:\\\/\\\/lasentinelle.dz\\\/#\\\/schema\\\/logo\\\/image\\\/\"},\"sameAs\":[\"https:\\\/\\\/www.facebook.com\\\/La-Sentinelle-104059864394773\"]},{\"@type\":\"Person\",\"@id\":\"https:\\\/\\\/lasentinelle.dz\\\/#\\\/schema\\\/person\\\/729ee0024f24e0b8c5ec17232f8e8b41\",\"name\":\"admin\",\"image\":{\"@type\":\"ImageObject\",\"inLanguage\":\"fr-FR\",\"@id\":\"https:\\\/\\\/secure.gravatar.com\\\/avatar\\\/4c81fed838786e9b53f540bf46533e750f5d292099ae3b66cfc6fb1982e29df7?s=96&d=mm&r=g\",\"url\":\"https:\\\/\\\/secure.gravatar.com\\\/avatar\\\/4c81fed838786e9b53f540bf46533e750f5d292099ae3b66cfc6fb1982e29df7?s=96&d=mm&r=g\",\"contentUrl\":\"https:\\\/\\\/secure.gravatar.com\\\/avatar\\\/4c81fed838786e9b53f540bf46533e750f5d292099ae3b66cfc6fb1982e29df7?s=96&d=mm&r=g\",\"caption\":\"admin\"},\"description\":\"admin\",\"url\":\"https:\\\/\\\/lasentinelle.dz\\\/author\\\/admin\\\/\"}]}<\/script>\n<!-- \/ Yoast SEO plugin. -->","yoast_head_json":{"title":"Championnat d\u2019Afrique de handball U19\u00a0: Les Vertes lancent parfaitement leur campagne - La Sentinelle","robots":{"index":"index","follow":"follow","max-snippet":"max-snippet:-1","max-image-preview":"max-image-preview:large","max-video-preview":"max-video-preview:-1"},"canonical":"https:\/\/lasentinelle.dz\/index.php\/2025\/09\/08\/championnat-dafrique-de-handball-u19-les-vertes-lancent-parfaitement-leur-campagne\/","og_locale":"fr_FR","og_type":"article","og_title":"Championnat d\u2019Afrique de handball U19\u00a0: Les Vertes lancent parfaitement leur campagne - La Sentinelle","og_description":"L&rsquo;Alg\u00e9rie a parfaitement entam\u00e9 son parcours dans la 32e \u00e9dition du Championnat d&rsquo;Afrique des nations U19 f\u00e9minin de handball en","og_url":"https:\/\/lasentinelle.dz\/index.php\/2025\/09\/08\/championnat-dafrique-de-handball-u19-les-vertes-lancent-parfaitement-leur-campagne\/","og_site_name":"La Sentinelle","article_publisher":"https:\/\/www.facebook.com\/La-Sentinelle-104059864394773","article_published_time":"2025-09-08T11:10:55+00:00","article_modified_time":"2025-09-08T11:10:56+00:00","og_image":[{"width":1900,"height":1068,"url":"https:\/\/lasentinelle.dz\/wp-content\/uploads\/2025\/09\/hand-e1757329839829.jpg","type":"image\/jpeg"}],"author":"admin","twitter_card":"summary_large_image","twitter_misc":{"\u00c9crit par":"admin","Dur\u00e9e de lecture estim\u00e9e":"3 minutes"},"schema":{"@context":"https:\/\/schema.org","@graph":[{"@type":"Article","@id":"https:\/\/lasentinelle.dz\/index.php\/2025\/09\/08\/championnat-dafrique-de-handball-u19-les-vertes-lancent-parfaitement-leur-campagne\/#article","isPartOf":{"@id":"https:\/\/lasentinelle.dz\/index.php\/2025\/09\/08\/championnat-dafrique-de-handball-u19-les-vertes-lancent-parfaitement-leur-campagne\/"},"author":{"name":"admin","@id":"https:\/\/lasentinelle.dz\/#\/schema\/person\/729ee0024f24e0b8c5ec17232f8e8b41"},"headline":"Championnat d\u2019Afrique de handball U19\u00a0: Les Vertes lancent parfaitement leur campagne","datePublished":"2025-09-08T11:10:55+00:00","dateModified":"2025-09-08T11:10:56+00:00","mainEntityOfPage":{"@id":"https:\/\/lasentinelle.dz\/index.php\/2025\/09\/08\/championnat-dafrique-de-handball-u19-les-vertes-lancent-parfaitement-leur-campagne\/"},"wordCount":636,"commentCount":0,"publisher":{"@id":"https:\/\/lasentinelle.dz\/#organization"},"image":{"@id":"https:\/\/lasentinelle.dz\/index.php\/2025\/09\/08\/championnat-dafrique-de-handball-u19-les-vertes-lancent-parfaitement-leur-campagne\/#primaryimage"},"thumbnailUrl":"https:\/\/lasentinelle.dz\/wp-content\/uploads\/2025\/09\/hand-e1757329839829.jpg","articleSection":["Sports"],"inLanguage":"fr-FR","potentialAction":[{"@type":"CommentAction","name":"Comment","target":["https:\/\/lasentinelle.dz\/index.php\/2025\/09\/08\/championnat-dafrique-de-handball-u19-les-vertes-lancent-parfaitement-leur-campagne\/#respond"]}]},{"@type":"WebPage","@id":"https:\/\/lasentinelle.dz\/index.php\/2025\/09\/08\/championnat-dafrique-de-handball-u19-les-vertes-lancent-parfaitement-leur-campagne\/","url":"https:\/\/lasentinelle.dz\/index.php\/2025\/09\/08\/championnat-dafrique-de-handball-u19-les-vertes-lancent-parfaitement-leur-campagne\/","name":"Championnat d\u2019Afrique de handball U19\u00a0: Les Vertes lancent parfaitement leur campagne - La Sentinelle","isPartOf":{"@id":"https:\/\/lasentinelle.dz\/#website"},"primaryImageOfPage":{"@id":"https:\/\/lasentinelle.dz\/index.php\/2025\/09\/08\/championnat-dafrique-de-handball-u19-les-vertes-lancent-parfaitement-leur-campagne\/#primaryimage"},"image":{"@id":"https:\/\/lasentinelle.dz\/index.php\/2025\/09\/08\/championnat-dafrique-de-handball-u19-les-vertes-lancent-parfaitement-leur-campagne\/#primaryimage"},"thumbnailUrl":"https:\/\/lasentinelle.dz\/wp-content\/uploads\/2025\/09\/hand-e1757329839829.jpg","datePublished":"2025-09-08T11:10:55+00:00","dateModified":"2025-09-08T11:10:56+00:00","breadcrumb":{"@id":"https:\/\/lasentinelle.dz\/index.php\/2025\/09\/08\/championnat-dafrique-de-handball-u19-les-vertes-lancent-parfaitement-leur-campagne\/#breadcrumb"},"inLanguage":"fr-FR","potentialAction":[{"@type":"ReadAction","target":["https:\/\/lasentinelle.dz\/index.php\/2025\/09\/08\/championnat-dafrique-de-handball-u19-les-vertes-lancent-parfaitement-leur-campagne\/"]}]},{"@type":"ImageObject","inLanguage":"fr-FR","@id":"https:\/\/lasentinelle.dz\/index.php\/2025\/09\/08\/championnat-dafrique-de-handball-u19-les-vertes-lancent-parfaitement-leur-campagne\/#primaryimage","url":"https:\/\/lasentinelle.dz\/wp-content\/uploads\/2025\/09\/hand-e1757329839829.jpg","contentUrl":"https:\/\/lasentinelle.dz\/wp-content\/uploads\/2025\/09\/hand-e1757329839829.jpg","width":1900,"height":1068},{"@type":"BreadcrumbList","@id":"https:\/\/lasentinelle.dz\/index.php\/2025\/09\/08\/championnat-dafrique-de-handball-u19-les-vertes-lancent-parfaitement-leur-campagne\/#breadcrumb","itemListElement":[{"@type":"ListItem","position":1,"name":"Accueil","item":"https:\/\/lasentinelle.dz\/"},{"@type":"ListItem","position":2,"name":"Championnat d\u2019Afrique de handball U19\u00a0: Les Vertes lancent parfaitement leur campagne"}]},{"@type":"WebSite","@id":"https:\/\/lasentinelle.dz\/#website","url":"https:\/\/lasentinelle.dz\/","name":"La Sentinelle","description":"Quotidien national d&#039;information","publisher":{"@id":"https:\/\/lasentinelle.dz\/#organization"},"potentialAction":[{"@type":"SearchAction","target":{"@type":"EntryPoint","urlTemplate":"https:\/\/lasentinelle.dz\/?s={search_term_string}"},"query-input":{"@type":"PropertyValueSpecification","valueRequired":true,"valueName":"search_term_string"}}],"inLanguage":"fr-FR"},{"@type":"Organization","@id":"https:\/\/lasentinelle.dz\/#organization","name":"Quotidien La Sentinelle","url":"https:\/\/lasentinelle.dz\/","logo":{"@type":"ImageObject","inLanguage":"fr-FR","@id":"https:\/\/lasentinelle.dz\/#\/schema\/logo\/image\/","url":"https:\/\/lasentinelle.dz\/wp-content\/uploads\/2021\/09\/logo-sentinelleSLOGAN-1.png","contentUrl":"https:\/\/lasentinelle.dz\/wp-content\/uploads\/2021\/09\/logo-sentinelleSLOGAN-1.png","width":615,"height":142,"caption":"Quotidien La Sentinelle"},"image":{"@id":"https:\/\/lasentinelle.dz\/#\/schema\/logo\/image\/"},"sameAs":["https:\/\/www.facebook.com\/La-Sentinelle-104059864394773"]},{"@type":"Person","@id":"https:\/\/lasentinelle.dz\/#\/schema\/person\/729ee0024f24e0b8c5ec17232f8e8b41","name":"admin","image":{"@type":"ImageObject","inLanguage":"fr-FR","@id":"https:\/\/secure.gravatar.com\/avatar\/4c81fed838786e9b53f540bf46533e750f5d292099ae3b66cfc6fb1982e29df7?s=96&d=mm&r=g","url":"https:\/\/secure.gravatar.com\/avatar\/4c81fed838786e9b53f540bf46533e750f5d292099ae3b66cfc6fb1982e29df7?s=96&d=mm&r=g","contentUrl":"https:\/\/secure.gravatar.com\/avatar\/4c81fed838786e9b53f540bf46533e750f5d292099ae3b66cfc6fb1982e29df7?s=96&d=mm&r=g","caption":"admin"},"description":"admin","url":"https:\/\/lasentinelle.dz\/author\/admin\/"}]}},"_links":{"self":[{"href":"https:\/\/lasentinelle.dz\/index.php\/wp-json\/wp\/v2\/posts\/73016","targetHints":{"allow":["GET"]}}],"collection":[{"href":"https:\/\/lasentinelle.dz\/index.php\/wp-json\/wp\/v2\/posts"}],"about":[{"href":"https:\/\/lasentinelle.dz\/index.php\/wp-json\/wp\/v2\/types\/post"}],"author":[{"embeddable":true,"href":"https:\/\/lasentinelle.dz\/index.php\/wp-json\/wp\/v2\/users\/6"}],"replies":[{"embeddable":true,"href":"https:\/\/lasentinelle.dz\/index.php\/wp-json\/wp\/v2\/comments?post=73016"}],"version-history":[{"count":1,"href":"https:\/\/lasentinelle.dz\/index.php\/wp-json\/wp\/v2\/posts\/73016\/revisions"}],"predecessor-version":[{"id":73018,"href":"https:\/\/lasentinelle.dz\/index.php\/wp-json\/wp\/v2\/posts\/73016\/revisions\/73018"}],"wp:featuredmedia":[{"embeddable":true,"href":"https:\/\/lasentinelle.dz\/index.php\/wp-json\/wp\/v2\/media\/73017"}],"wp:attachment":[{"href":"https:\/\/lasentinelle.dz\/index.php\/wp-json\/wp\/v2\/media?parent=73016"}],"wp:term":[{"taxonomy":"category","embeddable":true,"href":"https:\/\/lasentinelle.dz\/index.php\/wp-json\/wp\/v2\/categories?post=73016"},{"taxonomy":"post_tag","embeddable":true,"href":"https:\/\/lasentinelle.dz\/index.php\/wp-json\/wp\/v2\/tags?post=73016"}],"curies":[{"name":"wp","href":"https:\/\/api.w.org\/{rel}","templated":true}]}}