{"id":73019,"date":"2025-09-08T12:11:47","date_gmt":"2025-09-08T11:11:47","guid":{"rendered":"https:\/\/lasentinelle.dz\/?p=73019"},"modified":"2025-09-08T12:11:48","modified_gmt":"2025-09-08T11:11:48","slug":"ligue-1-mobilis-lo-akbou-se-hisse-au-sommet","status":"publish","type":"post","link":"https:\/\/lasentinelle.dz\/index.php\/2025\/09\/08\/ligue-1-mobilis-lo-akbou-se-hisse-au-sommet\/","title":{"rendered":"Ligue 1 Mobilis\u00a0: L\u2019O. Akbou se hisse au sommet"},"content":{"rendered":"\n<p>La troisi\u00e8me journ\u00e9e de Ligue 1 Mobilis a offert un spectacle riche en rebondissements.<\/p>\n\n\n\n<p>L&rsquo;Olympique Akbou, modeste formation de la vall\u00e9e de la Soummam, s&rsquo;est hiss\u00e9 au sommet de la hi\u00e9rarchie nationale en tenant t\u00eate \u00e0 la prestigieuse JS Kabylie sur ses terres de Tizi-Ouzou, imposant un nul blanc. &nbsp;L&rsquo;exploit r\u00e9alis\u00e9 par les joueurs d&rsquo;Akbou au stade Hocine A\u00eft Ahmed rev\u00eat une dimension particuli\u00e8re tant la physionomie de la rencontre aurait pu sourire aux visiteurs, qui ont montr\u00e9 une maitrise collective impressionnante face \u00e0 des Canaris en difficult\u00e9 offensive. Parall\u00e8lement, l&rsquo;USM Alger a retrouv\u00e9 le sourire en s&rsquo;imposant dans le derby de la capitale face au Paradou AC gr\u00e2ce \u00e0 une r\u00e9alisation de Khaldi juste apr\u00e8s la reprise. Cette premi\u00e8re victoire de la saison pour les Rouge et Noir constitue un tournant psychologique important pour une \u00e9quipe qui cherchait sa voie depuis l&rsquo;entame de l&rsquo;exercice. L&rsquo;USMA a g\u00e9r\u00e9 cette rencontre, en pr\u00e9servant son avantage acquis en d\u00e9but de seconde p\u00e9riode. Le CR Belouizdad a \u00e9galement montr\u00e9 son caract\u00e8re en arrachant l&rsquo;\u00e9galisation face \u00e0 l&rsquo;USM Khenchela par l&rsquo;interm\u00e9diaire de Ben Hammouda, apr\u00e8s avoir \u00e9t\u00e9 men\u00e9 au score suite \u00e0 l&rsquo;ouverture de Chekkel. &nbsp;La confrontation entre le CS Constantine et le MB Rouisset a tenu toutes ses promesses avec la victoire des Sanafir gr\u00e2ce aux buts de Berkane et Dib, stoppant net la belle s\u00e9rie du MBR qui restait sur deux succ\u00e8s cons\u00e9cutifs. Cette rencontre a offert un spectacle de qualit\u00e9, r\u00e9v\u00e9lant le niveau technique \u00e9lev\u00e9 de deux formations qui nourrissent de l\u00e9gitimes ambitions pour la suite de la comp\u00e9tition. Le CSC confirme ainsi son retour parmi les pr\u00e9tendants au titre apr\u00e8s plusieurs saisons difficiles.<\/p>\n\n\n\n<p>Les autres rencontres de cette journ\u00e9e ont confirm\u00e9 l&rsquo;\u00e9quilibre g\u00e9n\u00e9ral qui caract\u00e9rise ce d\u00e9but de championnat, avec notamment le match nul vierge entre le MC Oran et l&rsquo;ES Mostaganem, r\u00e9sultat qui n&rsquo;arrange finalement aucune des deux \u00e9quipes dans leur qu\u00eate de points. Cette \u00e9galisation maintient les deux formations dans un groupe compact au milieu du classement, t\u00e9moignant de la densit\u00e9 de ce championnat o\u00f9 chaque point compte.<\/p>\n\n\n\n<p>La JS Saoura a r\u00e9ussi l&rsquo;essentiel en s&rsquo;imposant face \u00e0 l&rsquo;ASO Chlef gr\u00e2ce \u00e0 une r\u00e9alisation pr\u00e9coce de Hamia, confirmant ainsi sa bonne entame de saison. Cette victoire acquise \u00e0 B\u00e9char propulse la formation locale dans la premi\u00e8re moiti\u00e9 de tableau et confirme les progr\u00e8s r\u00e9alis\u00e9s par une \u00e9quipe qui ambitionne de jouer les premiers r\u00f4les cette saison.<\/p>\n\n\n\n<p>Enfin, l&rsquo;ES S\u00e9tif a conc\u00e9d\u00e9 l&rsquo;\u00e9galisation face au MC El Bayadh apr\u00e8s avoir ouvert le score par Zerrouki, permettant aux locaux de d\u00e9crocher leur premier point de la saison gr\u00e2ce \u00e0 El Orfi. Ce r\u00e9sultat maintient l&rsquo;Entente dans une position interm\u00e9diaire au classement, en attendant de trouver la r\u00e9gularit\u00e9 n\u00e9cessaire pour retrouver les hauteurs du championnat.<\/p>\n\n\n\n<p>Cette troisi\u00e8me journ\u00e9e dessine un paysage footballistique \u00e9quilibr\u00e9 o\u00f9 plusieurs formations peuvent nourrir des espoirs l\u00e9gitimes, l&rsquo;Olympique Akbou ayant pris les commandes avec sept points, suivi par un groupe compact d&rsquo;\u00e9quipes s\u00e9par\u00e9es par seulement quelques unit\u00e9s. Le report du derby MC Alger &#8211; ES Ben Aknoun laisse en suspens un classement qui promet encore de nombreux rebondissements au fil des journ\u00e9es \u00e0 venir.<\/p>\n\n\n\n<p>M. Dahleb<\/p>\n","protected":false},"excerpt":{"rendered":"<p>La troisi\u00e8me journ\u00e9e de Ligue 1 Mobilis a offert un spectacle riche en rebondissements. L&rsquo;Olympique Akbou, modeste formation de la<\/p>\n","protected":false},"author":6,"featured_media":73020,"comment_status":"open","ping_status":"closed","sticky":false,"template":"","format":"standard","meta":{"colormag_page_container_layout":"default_layout","colormag_page_sidebar_layout":"default_layout","om_disable_all_campaigns":false,"_monsterinsights_skip_tracking":false,"_monsterinsights_sitenote_active":false,"_monsterinsights_sitenote_note":"","_monsterinsights_sitenote_category":0,"footnotes":"","_wpscppro_dont_share_socialmedia":false,"_wpscppro_custom_social_share_image":0,"_facebook_share_type":"default","_twitter_share_type":"default","_linkedin_share_type":"default","_pinterest_share_type":"default","_linkedin_share_type_page":"","_instagram_share_type":"default","_medium_share_type":"default","_threads_share_type":"default","_google_business_share_type":"default","_selected_social_profile":[],"_wpsp_enable_custom_social_template":false,"_wpsp_social_scheduling":{"enabled":false,"datetime":null,"platforms":[],"status":"template_only","dateOption":"today","timeOption":"now","customDays":"","customHours":"","customDate":"","customTime":"","schedulingType":"absolute"},"_wpsp_active_default_template":true},"categories":[33],"tags":[],"class_list":["post-73019","post","type-post","status-publish","format-standard","has-post-thumbnail","hentry","category-sports"],"aioseo_notices":[],"yoast_head":"<!-- This site is optimized with the Yoast SEO plugin v27.5 - https:\/\/yoast.com\/product\/yoast-seo-wordpress\/ -->\n<title>Ligue 1 Mobilis\u00a0: L\u2019O. Akbou se hisse au sommet - La Sentinelle<\/title>\n<meta name=\"robots\" content=\"index, follow, max-snippet:-1, max-image-preview:large, max-video-preview:-1\" \/>\n<link rel=\"canonical\" href=\"https:\/\/lasentinelle.dz\/index.php\/2025\/09\/08\/ligue-1-mobilis-lo-akbou-se-hisse-au-sommet\/\" \/>\n<meta property=\"og:locale\" content=\"fr_FR\" \/>\n<meta property=\"og:type\" content=\"article\" \/>\n<meta property=\"og:title\" content=\"Ligue 1 Mobilis\u00a0: L\u2019O. Akbou se hisse au sommet - La Sentinelle\" \/>\n<meta property=\"og:description\" content=\"La troisi\u00e8me journ\u00e9e de Ligue 1 Mobilis a offert un spectacle riche en rebondissements. L&rsquo;Olympique Akbou, modeste formation de la\" \/>\n<meta property=\"og:url\" content=\"https:\/\/lasentinelle.dz\/index.php\/2025\/09\/08\/ligue-1-mobilis-lo-akbou-se-hisse-au-sommet\/\" \/>\n<meta property=\"og:site_name\" content=\"La Sentinelle\" \/>\n<meta property=\"article:publisher\" content=\"https:\/\/www.facebook.com\/La-Sentinelle-104059864394773\" \/>\n<meta property=\"article:published_time\" content=\"2025-09-08T11:11:47+00:00\" \/>\n<meta property=\"article:modified_time\" content=\"2025-09-08T11:11:48+00:00\" \/>\n<meta property=\"og:image\" content=\"https:\/\/lasentinelle.dz\/wp-content\/uploads\/2025\/09\/JSK-Akbou.jpg\" \/>\n\t<meta property=\"og:image:width\" content=\"1993\" \/>\n\t<meta property=\"og:image:height\" content=\"1993\" \/>\n\t<meta property=\"og:image:type\" content=\"image\/jpeg\" \/>\n<meta name=\"author\" content=\"admin\" \/>\n<meta name=\"twitter:card\" content=\"summary_large_image\" \/>\n<meta name=\"twitter:label1\" content=\"\u00c9crit par\" \/>\n\t<meta name=\"twitter:data1\" content=\"admin\" \/>\n\t<meta name=\"twitter:label2\" content=\"Dur\u00e9e de lecture estim\u00e9e\" \/>\n\t<meta name=\"twitter:data2\" content=\"3 minutes\" \/>\n<script type=\"application\/ld+json\" class=\"yoast-schema-graph\">{\"@context\":\"https:\\\/\\\/schema.org\",\"@graph\":[{\"@type\":\"Article\",\"@id\":\"https:\\\/\\\/lasentinelle.dz\\\/index.php\\\/2025\\\/09\\\/08\\\/ligue-1-mobilis-lo-akbou-se-hisse-au-sommet\\\/#article\",\"isPartOf\":{\"@id\":\"https:\\\/\\\/lasentinelle.dz\\\/index.php\\\/2025\\\/09\\\/08\\\/ligue-1-mobilis-lo-akbou-se-hisse-au-sommet\\\/\"},\"author\":{\"name\":\"admin\",\"@id\":\"https:\\\/\\\/lasentinelle.dz\\\/#\\\/schema\\\/person\\\/729ee0024f24e0b8c5ec17232f8e8b41\"},\"headline\":\"Ligue 1 Mobilis\u00a0: L\u2019O. Akbou se hisse au sommet\",\"datePublished\":\"2025-09-08T11:11:47+00:00\",\"dateModified\":\"2025-09-08T11:11:48+00:00\",\"mainEntityOfPage\":{\"@id\":\"https:\\\/\\\/lasentinelle.dz\\\/index.php\\\/2025\\\/09\\\/08\\\/ligue-1-mobilis-lo-akbou-se-hisse-au-sommet\\\/\"},\"wordCount\":608,\"commentCount\":0,\"publisher\":{\"@id\":\"https:\\\/\\\/lasentinelle.dz\\\/#organization\"},\"image\":{\"@id\":\"https:\\\/\\\/lasentinelle.dz\\\/index.php\\\/2025\\\/09\\\/08\\\/ligue-1-mobilis-lo-akbou-se-hisse-au-sommet\\\/#primaryimage\"},\"thumbnailUrl\":\"https:\\\/\\\/lasentinelle.dz\\\/wp-content\\\/uploads\\\/2025\\\/09\\\/JSK-Akbou.jpg\",\"articleSection\":[\"Sports\"],\"inLanguage\":\"fr-FR\",\"potentialAction\":[{\"@type\":\"CommentAction\",\"name\":\"Comment\",\"target\":[\"https:\\\/\\\/lasentinelle.dz\\\/index.php\\\/2025\\\/09\\\/08\\\/ligue-1-mobilis-lo-akbou-se-hisse-au-sommet\\\/#respond\"]}]},{\"@type\":\"WebPage\",\"@id\":\"https:\\\/\\\/lasentinelle.dz\\\/index.php\\\/2025\\\/09\\\/08\\\/ligue-1-mobilis-lo-akbou-se-hisse-au-sommet\\\/\",\"url\":\"https:\\\/\\\/lasentinelle.dz\\\/index.php\\\/2025\\\/09\\\/08\\\/ligue-1-mobilis-lo-akbou-se-hisse-au-sommet\\\/\",\"name\":\"Ligue 1 Mobilis\u00a0: L\u2019O. Akbou se hisse au sommet - La Sentinelle\",\"isPartOf\":{\"@id\":\"https:\\\/\\\/lasentinelle.dz\\\/#website\"},\"primaryImageOfPage\":{\"@id\":\"https:\\\/\\\/lasentinelle.dz\\\/index.php\\\/2025\\\/09\\\/08\\\/ligue-1-mobilis-lo-akbou-se-hisse-au-sommet\\\/#primaryimage\"},\"image\":{\"@id\":\"https:\\\/\\\/lasentinelle.dz\\\/index.php\\\/2025\\\/09\\\/08\\\/ligue-1-mobilis-lo-akbou-se-hisse-au-sommet\\\/#primaryimage\"},\"thumbnailUrl\":\"https:\\\/\\\/lasentinelle.dz\\\/wp-content\\\/uploads\\\/2025\\\/09\\\/JSK-Akbou.jpg\",\"datePublished\":\"2025-09-08T11:11:47+00:00\",\"dateModified\":\"2025-09-08T11:11:48+00:00\",\"breadcrumb\":{\"@id\":\"https:\\\/\\\/lasentinelle.dz\\\/index.php\\\/2025\\\/09\\\/08\\\/ligue-1-mobilis-lo-akbou-se-hisse-au-sommet\\\/#breadcrumb\"},\"inLanguage\":\"fr-FR\",\"potentialAction\":[{\"@type\":\"ReadAction\",\"target\":[\"https:\\\/\\\/lasentinelle.dz\\\/index.php\\\/2025\\\/09\\\/08\\\/ligue-1-mobilis-lo-akbou-se-hisse-au-sommet\\\/\"]}]},{\"@type\":\"ImageObject\",\"inLanguage\":\"fr-FR\",\"@id\":\"https:\\\/\\\/lasentinelle.dz\\\/index.php\\\/2025\\\/09\\\/08\\\/ligue-1-mobilis-lo-akbou-se-hisse-au-sommet\\\/#primaryimage\",\"url\":\"https:\\\/\\\/lasentinelle.dz\\\/wp-content\\\/uploads\\\/2025\\\/09\\\/JSK-Akbou.jpg\",\"contentUrl\":\"https:\\\/\\\/lasentinelle.dz\\\/wp-content\\\/uploads\\\/2025\\\/09\\\/JSK-Akbou.jpg\",\"width\":1993,\"height\":1993},{\"@type\":\"BreadcrumbList\",\"@id\":\"https:\\\/\\\/lasentinelle.dz\\\/index.php\\\/2025\\\/09\\\/08\\\/ligue-1-mobilis-lo-akbou-se-hisse-au-sommet\\\/#breadcrumb\",\"itemListElement\":[{\"@type\":\"ListItem\",\"position\":1,\"name\":\"Accueil\",\"item\":\"https:\\\/\\\/lasentinelle.dz\\\/\"},{\"@type\":\"ListItem\",\"position\":2,\"name\":\"Ligue 1 Mobilis\u00a0: L\u2019O. Akbou se hisse au sommet\"}]},{\"@type\":\"WebSite\",\"@id\":\"https:\\\/\\\/lasentinelle.dz\\\/#website\",\"url\":\"https:\\\/\\\/lasentinelle.dz\\\/\",\"name\":\"La Sentinelle\",\"description\":\"Quotidien national d&#039;information\",\"publisher\":{\"@id\":\"https:\\\/\\\/lasentinelle.dz\\\/#organization\"},\"potentialAction\":[{\"@type\":\"SearchAction\",\"target\":{\"@type\":\"EntryPoint\",\"urlTemplate\":\"https:\\\/\\\/lasentinelle.dz\\\/?s={search_term_string}\"},\"query-input\":{\"@type\":\"PropertyValueSpecification\",\"valueRequired\":true,\"valueName\":\"search_term_string\"}}],\"inLanguage\":\"fr-FR\"},{\"@type\":\"Organization\",\"@id\":\"https:\\\/\\\/lasentinelle.dz\\\/#organization\",\"name\":\"Quotidien La Sentinelle\",\"url\":\"https:\\\/\\\/lasentinelle.dz\\\/\",\"logo\":{\"@type\":\"ImageObject\",\"inLanguage\":\"fr-FR\",\"@id\":\"https:\\\/\\\/lasentinelle.dz\\\/#\\\/schema\\\/logo\\\/image\\\/\",\"url\":\"https:\\\/\\\/lasentinelle.dz\\\/wp-content\\\/uploads\\\/2021\\\/09\\\/logo-sentinelleSLOGAN-1.png\",\"contentUrl\":\"https:\\\/\\\/lasentinelle.dz\\\/wp-content\\\/uploads\\\/2021\\\/09\\\/logo-sentinelleSLOGAN-1.png\",\"width\":615,\"height\":142,\"caption\":\"Quotidien La Sentinelle\"},\"image\":{\"@id\":\"https:\\\/\\\/lasentinelle.dz\\\/#\\\/schema\\\/logo\\\/image\\\/\"},\"sameAs\":[\"https:\\\/\\\/www.facebook.com\\\/La-Sentinelle-104059864394773\"]},{\"@type\":\"Person\",\"@id\":\"https:\\\/\\\/lasentinelle.dz\\\/#\\\/schema\\\/person\\\/729ee0024f24e0b8c5ec17232f8e8b41\",\"name\":\"admin\",\"image\":{\"@type\":\"ImageObject\",\"inLanguage\":\"fr-FR\",\"@id\":\"https:\\\/\\\/secure.gravatar.com\\\/avatar\\\/4c81fed838786e9b53f540bf46533e750f5d292099ae3b66cfc6fb1982e29df7?s=96&d=mm&r=g\",\"url\":\"https:\\\/\\\/secure.gravatar.com\\\/avatar\\\/4c81fed838786e9b53f540bf46533e750f5d292099ae3b66cfc6fb1982e29df7?s=96&d=mm&r=g\",\"contentUrl\":\"https:\\\/\\\/secure.gravatar.com\\\/avatar\\\/4c81fed838786e9b53f540bf46533e750f5d292099ae3b66cfc6fb1982e29df7?s=96&d=mm&r=g\",\"caption\":\"admin\"},\"description\":\"admin\",\"url\":\"https:\\\/\\\/lasentinelle.dz\\\/author\\\/admin\\\/\"}]}<\/script>\n<!-- \/ Yoast SEO plugin. -->","yoast_head_json":{"title":"Ligue 1 Mobilis\u00a0: L\u2019O. Akbou se hisse au sommet - La Sentinelle","robots":{"index":"index","follow":"follow","max-snippet":"max-snippet:-1","max-image-preview":"max-image-preview:large","max-video-preview":"max-video-preview:-1"},"canonical":"https:\/\/lasentinelle.dz\/index.php\/2025\/09\/08\/ligue-1-mobilis-lo-akbou-se-hisse-au-sommet\/","og_locale":"fr_FR","og_type":"article","og_title":"Ligue 1 Mobilis\u00a0: L\u2019O. Akbou se hisse au sommet - La Sentinelle","og_description":"La troisi\u00e8me journ\u00e9e de Ligue 1 Mobilis a offert un spectacle riche en rebondissements. L&rsquo;Olympique Akbou, modeste formation de la","og_url":"https:\/\/lasentinelle.dz\/index.php\/2025\/09\/08\/ligue-1-mobilis-lo-akbou-se-hisse-au-sommet\/","og_site_name":"La Sentinelle","article_publisher":"https:\/\/www.facebook.com\/La-Sentinelle-104059864394773","article_published_time":"2025-09-08T11:11:47+00:00","article_modified_time":"2025-09-08T11:11:48+00:00","og_image":[{"width":1993,"height":1993,"url":"https:\/\/lasentinelle.dz\/wp-content\/uploads\/2025\/09\/JSK-Akbou.jpg","type":"image\/jpeg"}],"author":"admin","twitter_card":"summary_large_image","twitter_misc":{"\u00c9crit par":"admin","Dur\u00e9e de lecture estim\u00e9e":"3 minutes"},"schema":{"@context":"https:\/\/schema.org","@graph":[{"@type":"Article","@id":"https:\/\/lasentinelle.dz\/index.php\/2025\/09\/08\/ligue-1-mobilis-lo-akbou-se-hisse-au-sommet\/#article","isPartOf":{"@id":"https:\/\/lasentinelle.dz\/index.php\/2025\/09\/08\/ligue-1-mobilis-lo-akbou-se-hisse-au-sommet\/"},"author":{"name":"admin","@id":"https:\/\/lasentinelle.dz\/#\/schema\/person\/729ee0024f24e0b8c5ec17232f8e8b41"},"headline":"Ligue 1 Mobilis\u00a0: L\u2019O. Akbou se hisse au sommet","datePublished":"2025-09-08T11:11:47+00:00","dateModified":"2025-09-08T11:11:48+00:00","mainEntityOfPage":{"@id":"https:\/\/lasentinelle.dz\/index.php\/2025\/09\/08\/ligue-1-mobilis-lo-akbou-se-hisse-au-sommet\/"},"wordCount":608,"commentCount":0,"publisher":{"@id":"https:\/\/lasentinelle.dz\/#organization"},"image":{"@id":"https:\/\/lasentinelle.dz\/index.php\/2025\/09\/08\/ligue-1-mobilis-lo-akbou-se-hisse-au-sommet\/#primaryimage"},"thumbnailUrl":"https:\/\/lasentinelle.dz\/wp-content\/uploads\/2025\/09\/JSK-Akbou.jpg","articleSection":["Sports"],"inLanguage":"fr-FR","potentialAction":[{"@type":"CommentAction","name":"Comment","target":["https:\/\/lasentinelle.dz\/index.php\/2025\/09\/08\/ligue-1-mobilis-lo-akbou-se-hisse-au-sommet\/#respond"]}]},{"@type":"WebPage","@id":"https:\/\/lasentinelle.dz\/index.php\/2025\/09\/08\/ligue-1-mobilis-lo-akbou-se-hisse-au-sommet\/","url":"https:\/\/lasentinelle.dz\/index.php\/2025\/09\/08\/ligue-1-mobilis-lo-akbou-se-hisse-au-sommet\/","name":"Ligue 1 Mobilis\u00a0: L\u2019O. Akbou se hisse au sommet - La Sentinelle","isPartOf":{"@id":"https:\/\/lasentinelle.dz\/#website"},"primaryImageOfPage":{"@id":"https:\/\/lasentinelle.dz\/index.php\/2025\/09\/08\/ligue-1-mobilis-lo-akbou-se-hisse-au-sommet\/#primaryimage"},"image":{"@id":"https:\/\/lasentinelle.dz\/index.php\/2025\/09\/08\/ligue-1-mobilis-lo-akbou-se-hisse-au-sommet\/#primaryimage"},"thumbnailUrl":"https:\/\/lasentinelle.dz\/wp-content\/uploads\/2025\/09\/JSK-Akbou.jpg","datePublished":"2025-09-08T11:11:47+00:00","dateModified":"2025-09-08T11:11:48+00:00","breadcrumb":{"@id":"https:\/\/lasentinelle.dz\/index.php\/2025\/09\/08\/ligue-1-mobilis-lo-akbou-se-hisse-au-sommet\/#breadcrumb"},"inLanguage":"fr-FR","potentialAction":[{"@type":"ReadAction","target":["https:\/\/lasentinelle.dz\/index.php\/2025\/09\/08\/ligue-1-mobilis-lo-akbou-se-hisse-au-sommet\/"]}]},{"@type":"ImageObject","inLanguage":"fr-FR","@id":"https:\/\/lasentinelle.dz\/index.php\/2025\/09\/08\/ligue-1-mobilis-lo-akbou-se-hisse-au-sommet\/#primaryimage","url":"https:\/\/lasentinelle.dz\/wp-content\/uploads\/2025\/09\/JSK-Akbou.jpg","contentUrl":"https:\/\/lasentinelle.dz\/wp-content\/uploads\/2025\/09\/JSK-Akbou.jpg","width":1993,"height":1993},{"@type":"BreadcrumbList","@id":"https:\/\/lasentinelle.dz\/index.php\/2025\/09\/08\/ligue-1-mobilis-lo-akbou-se-hisse-au-sommet\/#breadcrumb","itemListElement":[{"@type":"ListItem","position":1,"name":"Accueil","item":"https:\/\/lasentinelle.dz\/"},{"@type":"ListItem","position":2,"name":"Ligue 1 Mobilis\u00a0: L\u2019O. Akbou se hisse au sommet"}]},{"@type":"WebSite","@id":"https:\/\/lasentinelle.dz\/#website","url":"https:\/\/lasentinelle.dz\/","name":"La Sentinelle","description":"Quotidien national d&#039;information","publisher":{"@id":"https:\/\/lasentinelle.dz\/#organization"},"potentialAction":[{"@type":"SearchAction","target":{"@type":"EntryPoint","urlTemplate":"https:\/\/lasentinelle.dz\/?s={search_term_string}"},"query-input":{"@type":"PropertyValueSpecification","valueRequired":true,"valueName":"search_term_string"}}],"inLanguage":"fr-FR"},{"@type":"Organization","@id":"https:\/\/lasentinelle.dz\/#organization","name":"Quotidien La Sentinelle","url":"https:\/\/lasentinelle.dz\/","logo":{"@type":"ImageObject","inLanguage":"fr-FR","@id":"https:\/\/lasentinelle.dz\/#\/schema\/logo\/image\/","url":"https:\/\/lasentinelle.dz\/wp-content\/uploads\/2021\/09\/logo-sentinelleSLOGAN-1.png","contentUrl":"https:\/\/lasentinelle.dz\/wp-content\/uploads\/2021\/09\/logo-sentinelleSLOGAN-1.png","width":615,"height":142,"caption":"Quotidien La Sentinelle"},"image":{"@id":"https:\/\/lasentinelle.dz\/#\/schema\/logo\/image\/"},"sameAs":["https:\/\/www.facebook.com\/La-Sentinelle-104059864394773"]},{"@type":"Person","@id":"https:\/\/lasentinelle.dz\/#\/schema\/person\/729ee0024f24e0b8c5ec17232f8e8b41","name":"admin","image":{"@type":"ImageObject","inLanguage":"fr-FR","@id":"https:\/\/secure.gravatar.com\/avatar\/4c81fed838786e9b53f540bf46533e750f5d292099ae3b66cfc6fb1982e29df7?s=96&d=mm&r=g","url":"https:\/\/secure.gravatar.com\/avatar\/4c81fed838786e9b53f540bf46533e750f5d292099ae3b66cfc6fb1982e29df7?s=96&d=mm&r=g","contentUrl":"https:\/\/secure.gravatar.com\/avatar\/4c81fed838786e9b53f540bf46533e750f5d292099ae3b66cfc6fb1982e29df7?s=96&d=mm&r=g","caption":"admin"},"description":"admin","url":"https:\/\/lasentinelle.dz\/author\/admin\/"}]}},"_links":{"self":[{"href":"https:\/\/lasentinelle.dz\/index.php\/wp-json\/wp\/v2\/posts\/73019","targetHints":{"allow":["GET"]}}],"collection":[{"href":"https:\/\/lasentinelle.dz\/index.php\/wp-json\/wp\/v2\/posts"}],"about":[{"href":"https:\/\/lasentinelle.dz\/index.php\/wp-json\/wp\/v2\/types\/post"}],"author":[{"embeddable":true,"href":"https:\/\/lasentinelle.dz\/index.php\/wp-json\/wp\/v2\/users\/6"}],"replies":[{"embeddable":true,"href":"https:\/\/lasentinelle.dz\/index.php\/wp-json\/wp\/v2\/comments?post=73019"}],"version-history":[{"count":1,"href":"https:\/\/lasentinelle.dz\/index.php\/wp-json\/wp\/v2\/posts\/73019\/revisions"}],"predecessor-version":[{"id":73021,"href":"https:\/\/lasentinelle.dz\/index.php\/wp-json\/wp\/v2\/posts\/73019\/revisions\/73021"}],"wp:featuredmedia":[{"embeddable":true,"href":"https:\/\/lasentinelle.dz\/index.php\/wp-json\/wp\/v2\/media\/73020"}],"wp:attachment":[{"href":"https:\/\/lasentinelle.dz\/index.php\/wp-json\/wp\/v2\/media?parent=73019"}],"wp:term":[{"taxonomy":"category","embeddable":true,"href":"https:\/\/lasentinelle.dz\/index.php\/wp-json\/wp\/v2\/categories?post=73019"},{"taxonomy":"post_tag","embeddable":true,"href":"https:\/\/lasentinelle.dz\/index.php\/wp-json\/wp\/v2\/tags?post=73019"}],"curies":[{"name":"wp","href":"https:\/\/api.w.org\/{rel}","templated":true}]}}