{"id":73022,"date":"2025-09-08T12:12:47","date_gmt":"2025-09-08T11:12:47","guid":{"rendered":"https:\/\/lasentinelle.dz\/?p=73022"},"modified":"2025-09-08T12:12:48","modified_gmt":"2025-09-08T11:12:48","slug":"qualifications-mondial-2026-les-verts-pour-sceller-sa-qualification","status":"publish","type":"post","link":"https:\/\/lasentinelle.dz\/index.php\/2025\/09\/08\/qualifications-mondial-2026-les-verts-pour-sceller-sa-qualification\/","title":{"rendered":"Qualifications Mondial 2026\u00a0: Les Verts pour sceller sa qualification"},"content":{"rendered":"\n<p>L&rsquo;\u00e9quipe nationale de football s&rsquo;appr\u00eate \u00e0 franchir un cap d\u00e9cisif dans sa qu\u00eate de qualification pour la Coupe du monde 2026.<\/p>\n\n\n\n<p>Ce lundi \u00e0 17h00 \u00e0 Casablanca, les Verts affronteront la Guin\u00e9e dans le cadre de la 8e journ\u00e9e du groupe G des \u00e9liminatoires africaines, avec la possibilit\u00e9 d&rsquo;assurer math\u00e9matiquement leur billet pour le Mondial organis\u00e9 aux \u00c9tats-Unis, au Canada et au Mexique. Solidement install\u00e9e en t\u00eate de son groupe avec 18 points apr\u00e8s sept journ\u00e9es, l&rsquo;Alg\u00e9rie poss\u00e8de une avance confortable sur ses poursuivants. Le Mozambique et l&rsquo;Ouganda se partagent la deuxi\u00e8me place avec 12 points chacun, tandis que la Guin\u00e9e, adversaire du jour, occupe la quatri\u00e8me position avec 10 unit\u00e9s. Cette configuration permet aux hommes de Vladimir Petkovic d&rsquo;envisager sereinement cette rencontre, tout en gardant \u00e0 l&rsquo;esprit qu&rsquo;une victoire leur garantirait d\u00e9finitivement la premi\u00e8re place du groupe, synonyme de qualification directe. Le s\u00e9lectionneur national ne cache cependant pas ses pr\u00e9occupations concernant le niveau de performance de son \u00e9quipe lors des derni\u00e8res sorties. La victoire acquise jeudi dernier contre le Botswana sur le score de 3-1 a laiss\u00e9 un go\u00fbt mitig\u00e9 au staff technique. \u00ab\u00a0Nous avons quelque peu souffert face au Botswana, notamment sur le plan d\u00e9fensif. Des erreurs individuelles et un manque de coordination dans le repli\u00a0\u00bb, a reconnu Petkovic, qui attend une r\u00e9action collective imm\u00e9diate de ses joueurs. \u00ab\u00a0Il faudra aborder cette rencontre avec le plus grand s\u00e9rieux. La Guin\u00e9e reste une \u00e9quipe assez bonne et tr\u00e8s motiv\u00e9e par l&rsquo;enjeu\u00a0\u00bb, a pr\u00e9venu l&rsquo;entra\u00eeneur suisse, conscient que l&rsquo;adversaire guin\u00e9en arrive en confiance apr\u00e8s sa large victoire 3-0 contre la Somalie vendredi dernier \u00e0 Kampala.<\/p>\n\n\n\n<p>L&rsquo;effectif alg\u00e9rien devra composer avec l&rsquo;absence de deux cadres importants pour cette rencontre cruciale. L&rsquo;avant-centre Baghdad Bounedjah, fort de ses 79 s\u00e9lections et 34 buts, ainsi que le d\u00e9fenseur Rami Bensebaini, 74 capes et 9 r\u00e9alisations, sont tous deux suspendus. Ces forfaits contraindront Petkovic \u00e0 revoir ses plans tactiques, m\u00eame si le retour attendu de Jaouen Hadjam, laiss\u00e9 au repos face au Botswana, pourrait apporter des solutions sur le flanc gauche de la d\u00e9fense.<\/p>\n\n\n\n<p>Lors de la derni\u00e8re s\u00e9ance d&rsquo;entra\u00eenement effectu\u00e9e samedi soir au Centre technique national de Sidi Moussa, le s\u00e9lectionneur a mis l&rsquo;accent sur les aspects technico-tactiques, peaufinant les sch\u00e9mas de jeu pr\u00e9vus pour cette confrontation. Cette s\u00e9ance de plus de 75 minutes, men\u00e9e en pr\u00e9sence de l&rsquo;ensemble des joueurs convoqu\u00e9s, visait \u00e0 corriger les d\u00e9faillances observ\u00e9es lors du match pr\u00e9c\u00e9dent et \u00e0 pr\u00e9parer mentalement le groupe \u00e0 l&rsquo;intensit\u00e9 de la rencontre \u00e0 venir. Pour les joueurs, l\u2019enjeu est clair. \u00ab\u00a0Nous voulons assurer cette qualification d\u00e8s maintenant. Ca nous permettrait de mieux pr\u00e9parer la suite, et d\u2019aborder la CAN avec plus de s\u00e9r\u00e9nit\u00e9\u00a0\u00bb, a confi\u00e9 un cadre de l\u2019\u00e9quipe. L&rsquo;enjeu d\u00e9passe largement le simple cadre de cette qualification. Pour l&rsquo;Alg\u00e9rie, ce rendez-vous s&rsquo;inscrit dans un projet global de relance du football national, avec comme priorit\u00e9 absolue un retour en Coupe du monde apr\u00e8s l&rsquo;\u00e9chec cuisant de 2022 face au Cameroun en barrages. &nbsp;Cette 8e journ\u00e9e verra \u00e9galement se d\u00e9rouler les autres rencontres du groupe G, avec notamment le face-\u00e0-face entre le Mozambique et le Botswana \u00e0 14h00, ainsi que la confrontation Ouganda-Somalie \u00e0 17h00. Ces r\u00e9sultats parall\u00e8les pourraient influencer la configuration finale du classement, m\u00eame si l&rsquo;Alg\u00e9rie semble d\u00e9sormais hors d&rsquo;atteinte pour ses concurrents directs.<\/p>\n\n\n\n<p>En cas de succ\u00e8s lundi, l&rsquo;Alg\u00e9rie porterait son total \u00e0 21 points, un capital qui lui permettrait de s\u00e9curiser d\u00e9finitivement sa premi\u00e8re place du groupe et d&rsquo;aborder les deux derni\u00e8res journ\u00e9es d&rsquo;octobre sans la pression du r\u00e9sultat. Cette perspective r\u00e9jouissante permettrait \u00e9galement au staff de Vladimir Petkovic d&rsquo;exp\u00e9rimenter et de pr\u00e9parer l&rsquo;avenir dans les meilleures conditions possibles, tout en gardant un \u0153il sur la Coupe d&rsquo;Afrique des Nations 2025 qui se profile \u00e0 l&rsquo;horizon.<\/p>\n\n\n\n<p>Moncef Dahleb<\/p>\n","protected":false},"excerpt":{"rendered":"<p>L&rsquo;\u00e9quipe nationale de football s&rsquo;appr\u00eate \u00e0 franchir un cap d\u00e9cisif dans sa qu\u00eate de qualification pour la Coupe du monde<\/p>\n","protected":false},"author":6,"featured_media":73023,"comment_status":"open","ping_status":"closed","sticky":false,"template":"","format":"standard","meta":{"colormag_page_container_layout":"default_layout","colormag_page_sidebar_layout":"default_layout","om_disable_all_campaigns":false,"_monsterinsights_skip_tracking":false,"_monsterinsights_sitenote_active":false,"_monsterinsights_sitenote_note":"","_monsterinsights_sitenote_category":0,"footnotes":"","_wpscppro_dont_share_socialmedia":false,"_wpscppro_custom_social_share_image":0,"_facebook_share_type":"default","_twitter_share_type":"default","_linkedin_share_type":"default","_pinterest_share_type":"default","_linkedin_share_type_page":"","_instagram_share_type":"default","_medium_share_type":"default","_threads_share_type":"default","_google_business_share_type":"default","_selected_social_profile":[],"_wpsp_enable_custom_social_template":false,"_wpsp_social_scheduling":{"enabled":false,"datetime":null,"platforms":[],"status":"template_only","dateOption":"today","timeOption":"now","customDays":"","customHours":"","customDate":"","customTime":"","schedulingType":"absolute"},"_wpsp_active_default_template":true},"categories":[52,33],"tags":[],"class_list":["post-73022","post","type-post","status-publish","format-standard","has-post-thumbnail","hentry","category-a-la-une","category-sports"],"aioseo_notices":[],"yoast_head":"<!-- This site is optimized with the Yoast SEO plugin v27.5 - https:\/\/yoast.com\/product\/yoast-seo-wordpress\/ -->\n<title>Qualifications Mondial 2026\u00a0: Les Verts pour sceller sa qualification - La Sentinelle<\/title>\n<meta name=\"robots\" content=\"index, follow, max-snippet:-1, max-image-preview:large, max-video-preview:-1\" \/>\n<link rel=\"canonical\" href=\"https:\/\/lasentinelle.dz\/index.php\/2025\/09\/08\/qualifications-mondial-2026-les-verts-pour-sceller-sa-qualification\/\" \/>\n<meta property=\"og:locale\" content=\"fr_FR\" \/>\n<meta property=\"og:type\" content=\"article\" \/>\n<meta property=\"og:title\" content=\"Qualifications Mondial 2026\u00a0: Les Verts pour sceller sa qualification - La Sentinelle\" \/>\n<meta property=\"og:description\" content=\"L&rsquo;\u00e9quipe nationale de football s&rsquo;appr\u00eate \u00e0 franchir un cap d\u00e9cisif dans sa qu\u00eate de qualification pour la Coupe du monde\" \/>\n<meta property=\"og:url\" content=\"https:\/\/lasentinelle.dz\/index.php\/2025\/09\/08\/qualifications-mondial-2026-les-verts-pour-sceller-sa-qualification\/\" \/>\n<meta property=\"og:site_name\" content=\"La Sentinelle\" \/>\n<meta property=\"article:publisher\" content=\"https:\/\/www.facebook.com\/La-Sentinelle-104059864394773\" \/>\n<meta property=\"article:published_time\" content=\"2025-09-08T11:12:47+00:00\" \/>\n<meta property=\"article:modified_time\" content=\"2025-09-08T11:12:48+00:00\" \/>\n<meta property=\"og:image\" content=\"https:\/\/lasentinelle.dz\/wp-content\/uploads\/2025\/09\/Verts-1.jpg\" \/>\n\t<meta property=\"og:image:width\" content=\"1716\" \/>\n\t<meta property=\"og:image:height\" content=\"1205\" \/>\n\t<meta property=\"og:image:type\" content=\"image\/jpeg\" \/>\n<meta name=\"author\" content=\"admin\" \/>\n<meta name=\"twitter:card\" content=\"summary_large_image\" \/>\n<meta name=\"twitter:label1\" content=\"\u00c9crit par\" \/>\n\t<meta name=\"twitter:data1\" content=\"admin\" \/>\n\t<meta name=\"twitter:label2\" content=\"Dur\u00e9e de lecture estim\u00e9e\" \/>\n\t<meta name=\"twitter:data2\" content=\"4 minutes\" \/>\n<script type=\"application\/ld+json\" class=\"yoast-schema-graph\">{\"@context\":\"https:\\\/\\\/schema.org\",\"@graph\":[{\"@type\":\"Article\",\"@id\":\"https:\\\/\\\/lasentinelle.dz\\\/index.php\\\/2025\\\/09\\\/08\\\/qualifications-mondial-2026-les-verts-pour-sceller-sa-qualification\\\/#article\",\"isPartOf\":{\"@id\":\"https:\\\/\\\/lasentinelle.dz\\\/index.php\\\/2025\\\/09\\\/08\\\/qualifications-mondial-2026-les-verts-pour-sceller-sa-qualification\\\/\"},\"author\":{\"name\":\"admin\",\"@id\":\"https:\\\/\\\/lasentinelle.dz\\\/#\\\/schema\\\/person\\\/729ee0024f24e0b8c5ec17232f8e8b41\"},\"headline\":\"Qualifications Mondial 2026\u00a0: Les Verts pour sceller sa qualification\",\"datePublished\":\"2025-09-08T11:12:47+00:00\",\"dateModified\":\"2025-09-08T11:12:48+00:00\",\"mainEntityOfPage\":{\"@id\":\"https:\\\/\\\/lasentinelle.dz\\\/index.php\\\/2025\\\/09\\\/08\\\/qualifications-mondial-2026-les-verts-pour-sceller-sa-qualification\\\/\"},\"wordCount\":716,\"commentCount\":0,\"publisher\":{\"@id\":\"https:\\\/\\\/lasentinelle.dz\\\/#organization\"},\"image\":{\"@id\":\"https:\\\/\\\/lasentinelle.dz\\\/index.php\\\/2025\\\/09\\\/08\\\/qualifications-mondial-2026-les-verts-pour-sceller-sa-qualification\\\/#primaryimage\"},\"thumbnailUrl\":\"https:\\\/\\\/lasentinelle.dz\\\/wp-content\\\/uploads\\\/2025\\\/09\\\/Verts-1.jpg\",\"articleSection\":[\"\u00c0 la Une\",\"Sports\"],\"inLanguage\":\"fr-FR\",\"potentialAction\":[{\"@type\":\"CommentAction\",\"name\":\"Comment\",\"target\":[\"https:\\\/\\\/lasentinelle.dz\\\/index.php\\\/2025\\\/09\\\/08\\\/qualifications-mondial-2026-les-verts-pour-sceller-sa-qualification\\\/#respond\"]}]},{\"@type\":\"WebPage\",\"@id\":\"https:\\\/\\\/lasentinelle.dz\\\/index.php\\\/2025\\\/09\\\/08\\\/qualifications-mondial-2026-les-verts-pour-sceller-sa-qualification\\\/\",\"url\":\"https:\\\/\\\/lasentinelle.dz\\\/index.php\\\/2025\\\/09\\\/08\\\/qualifications-mondial-2026-les-verts-pour-sceller-sa-qualification\\\/\",\"name\":\"Qualifications Mondial 2026\u00a0: Les Verts pour sceller sa qualification - La Sentinelle\",\"isPartOf\":{\"@id\":\"https:\\\/\\\/lasentinelle.dz\\\/#website\"},\"primaryImageOfPage\":{\"@id\":\"https:\\\/\\\/lasentinelle.dz\\\/index.php\\\/2025\\\/09\\\/08\\\/qualifications-mondial-2026-les-verts-pour-sceller-sa-qualification\\\/#primaryimage\"},\"image\":{\"@id\":\"https:\\\/\\\/lasentinelle.dz\\\/index.php\\\/2025\\\/09\\\/08\\\/qualifications-mondial-2026-les-verts-pour-sceller-sa-qualification\\\/#primaryimage\"},\"thumbnailUrl\":\"https:\\\/\\\/lasentinelle.dz\\\/wp-content\\\/uploads\\\/2025\\\/09\\\/Verts-1.jpg\",\"datePublished\":\"2025-09-08T11:12:47+00:00\",\"dateModified\":\"2025-09-08T11:12:48+00:00\",\"breadcrumb\":{\"@id\":\"https:\\\/\\\/lasentinelle.dz\\\/index.php\\\/2025\\\/09\\\/08\\\/qualifications-mondial-2026-les-verts-pour-sceller-sa-qualification\\\/#breadcrumb\"},\"inLanguage\":\"fr-FR\",\"potentialAction\":[{\"@type\":\"ReadAction\",\"target\":[\"https:\\\/\\\/lasentinelle.dz\\\/index.php\\\/2025\\\/09\\\/08\\\/qualifications-mondial-2026-les-verts-pour-sceller-sa-qualification\\\/\"]}]},{\"@type\":\"ImageObject\",\"inLanguage\":\"fr-FR\",\"@id\":\"https:\\\/\\\/lasentinelle.dz\\\/index.php\\\/2025\\\/09\\\/08\\\/qualifications-mondial-2026-les-verts-pour-sceller-sa-qualification\\\/#primaryimage\",\"url\":\"https:\\\/\\\/lasentinelle.dz\\\/wp-content\\\/uploads\\\/2025\\\/09\\\/Verts-1.jpg\",\"contentUrl\":\"https:\\\/\\\/lasentinelle.dz\\\/wp-content\\\/uploads\\\/2025\\\/09\\\/Verts-1.jpg\",\"width\":1716,\"height\":1205},{\"@type\":\"BreadcrumbList\",\"@id\":\"https:\\\/\\\/lasentinelle.dz\\\/index.php\\\/2025\\\/09\\\/08\\\/qualifications-mondial-2026-les-verts-pour-sceller-sa-qualification\\\/#breadcrumb\",\"itemListElement\":[{\"@type\":\"ListItem\",\"position\":1,\"name\":\"Accueil\",\"item\":\"https:\\\/\\\/lasentinelle.dz\\\/\"},{\"@type\":\"ListItem\",\"position\":2,\"name\":\"Qualifications Mondial 2026\u00a0: Les Verts pour sceller sa qualification\"}]},{\"@type\":\"WebSite\",\"@id\":\"https:\\\/\\\/lasentinelle.dz\\\/#website\",\"url\":\"https:\\\/\\\/lasentinelle.dz\\\/\",\"name\":\"La Sentinelle\",\"description\":\"Quotidien national d&#039;information\",\"publisher\":{\"@id\":\"https:\\\/\\\/lasentinelle.dz\\\/#organization\"},\"potentialAction\":[{\"@type\":\"SearchAction\",\"target\":{\"@type\":\"EntryPoint\",\"urlTemplate\":\"https:\\\/\\\/lasentinelle.dz\\\/?s={search_term_string}\"},\"query-input\":{\"@type\":\"PropertyValueSpecification\",\"valueRequired\":true,\"valueName\":\"search_term_string\"}}],\"inLanguage\":\"fr-FR\"},{\"@type\":\"Organization\",\"@id\":\"https:\\\/\\\/lasentinelle.dz\\\/#organization\",\"name\":\"Quotidien La Sentinelle\",\"url\":\"https:\\\/\\\/lasentinelle.dz\\\/\",\"logo\":{\"@type\":\"ImageObject\",\"inLanguage\":\"fr-FR\",\"@id\":\"https:\\\/\\\/lasentinelle.dz\\\/#\\\/schema\\\/logo\\\/image\\\/\",\"url\":\"https:\\\/\\\/lasentinelle.dz\\\/wp-content\\\/uploads\\\/2021\\\/09\\\/logo-sentinelleSLOGAN-1.png\",\"contentUrl\":\"https:\\\/\\\/lasentinelle.dz\\\/wp-content\\\/uploads\\\/2021\\\/09\\\/logo-sentinelleSLOGAN-1.png\",\"width\":615,\"height\":142,\"caption\":\"Quotidien La Sentinelle\"},\"image\":{\"@id\":\"https:\\\/\\\/lasentinelle.dz\\\/#\\\/schema\\\/logo\\\/image\\\/\"},\"sameAs\":[\"https:\\\/\\\/www.facebook.com\\\/La-Sentinelle-104059864394773\"]},{\"@type\":\"Person\",\"@id\":\"https:\\\/\\\/lasentinelle.dz\\\/#\\\/schema\\\/person\\\/729ee0024f24e0b8c5ec17232f8e8b41\",\"name\":\"admin\",\"image\":{\"@type\":\"ImageObject\",\"inLanguage\":\"fr-FR\",\"@id\":\"https:\\\/\\\/secure.gravatar.com\\\/avatar\\\/4c81fed838786e9b53f540bf46533e750f5d292099ae3b66cfc6fb1982e29df7?s=96&d=mm&r=g\",\"url\":\"https:\\\/\\\/secure.gravatar.com\\\/avatar\\\/4c81fed838786e9b53f540bf46533e750f5d292099ae3b66cfc6fb1982e29df7?s=96&d=mm&r=g\",\"contentUrl\":\"https:\\\/\\\/secure.gravatar.com\\\/avatar\\\/4c81fed838786e9b53f540bf46533e750f5d292099ae3b66cfc6fb1982e29df7?s=96&d=mm&r=g\",\"caption\":\"admin\"},\"description\":\"admin\",\"url\":\"https:\\\/\\\/lasentinelle.dz\\\/author\\\/admin\\\/\"}]}<\/script>\n<!-- \/ Yoast SEO plugin. -->","yoast_head_json":{"title":"Qualifications Mondial 2026\u00a0: Les Verts pour sceller sa qualification - La Sentinelle","robots":{"index":"index","follow":"follow","max-snippet":"max-snippet:-1","max-image-preview":"max-image-preview:large","max-video-preview":"max-video-preview:-1"},"canonical":"https:\/\/lasentinelle.dz\/index.php\/2025\/09\/08\/qualifications-mondial-2026-les-verts-pour-sceller-sa-qualification\/","og_locale":"fr_FR","og_type":"article","og_title":"Qualifications Mondial 2026\u00a0: Les Verts pour sceller sa qualification - La Sentinelle","og_description":"L&rsquo;\u00e9quipe nationale de football s&rsquo;appr\u00eate \u00e0 franchir un cap d\u00e9cisif dans sa qu\u00eate de qualification pour la Coupe du monde","og_url":"https:\/\/lasentinelle.dz\/index.php\/2025\/09\/08\/qualifications-mondial-2026-les-verts-pour-sceller-sa-qualification\/","og_site_name":"La Sentinelle","article_publisher":"https:\/\/www.facebook.com\/La-Sentinelle-104059864394773","article_published_time":"2025-09-08T11:12:47+00:00","article_modified_time":"2025-09-08T11:12:48+00:00","og_image":[{"width":1716,"height":1205,"url":"https:\/\/lasentinelle.dz\/wp-content\/uploads\/2025\/09\/Verts-1.jpg","type":"image\/jpeg"}],"author":"admin","twitter_card":"summary_large_image","twitter_misc":{"\u00c9crit par":"admin","Dur\u00e9e de lecture estim\u00e9e":"4 minutes"},"schema":{"@context":"https:\/\/schema.org","@graph":[{"@type":"Article","@id":"https:\/\/lasentinelle.dz\/index.php\/2025\/09\/08\/qualifications-mondial-2026-les-verts-pour-sceller-sa-qualification\/#article","isPartOf":{"@id":"https:\/\/lasentinelle.dz\/index.php\/2025\/09\/08\/qualifications-mondial-2026-les-verts-pour-sceller-sa-qualification\/"},"author":{"name":"admin","@id":"https:\/\/lasentinelle.dz\/#\/schema\/person\/729ee0024f24e0b8c5ec17232f8e8b41"},"headline":"Qualifications Mondial 2026\u00a0: Les Verts pour sceller sa qualification","datePublished":"2025-09-08T11:12:47+00:00","dateModified":"2025-09-08T11:12:48+00:00","mainEntityOfPage":{"@id":"https:\/\/lasentinelle.dz\/index.php\/2025\/09\/08\/qualifications-mondial-2026-les-verts-pour-sceller-sa-qualification\/"},"wordCount":716,"commentCount":0,"publisher":{"@id":"https:\/\/lasentinelle.dz\/#organization"},"image":{"@id":"https:\/\/lasentinelle.dz\/index.php\/2025\/09\/08\/qualifications-mondial-2026-les-verts-pour-sceller-sa-qualification\/#primaryimage"},"thumbnailUrl":"https:\/\/lasentinelle.dz\/wp-content\/uploads\/2025\/09\/Verts-1.jpg","articleSection":["\u00c0 la Une","Sports"],"inLanguage":"fr-FR","potentialAction":[{"@type":"CommentAction","name":"Comment","target":["https:\/\/lasentinelle.dz\/index.php\/2025\/09\/08\/qualifications-mondial-2026-les-verts-pour-sceller-sa-qualification\/#respond"]}]},{"@type":"WebPage","@id":"https:\/\/lasentinelle.dz\/index.php\/2025\/09\/08\/qualifications-mondial-2026-les-verts-pour-sceller-sa-qualification\/","url":"https:\/\/lasentinelle.dz\/index.php\/2025\/09\/08\/qualifications-mondial-2026-les-verts-pour-sceller-sa-qualification\/","name":"Qualifications Mondial 2026\u00a0: Les Verts pour sceller sa qualification - La Sentinelle","isPartOf":{"@id":"https:\/\/lasentinelle.dz\/#website"},"primaryImageOfPage":{"@id":"https:\/\/lasentinelle.dz\/index.php\/2025\/09\/08\/qualifications-mondial-2026-les-verts-pour-sceller-sa-qualification\/#primaryimage"},"image":{"@id":"https:\/\/lasentinelle.dz\/index.php\/2025\/09\/08\/qualifications-mondial-2026-les-verts-pour-sceller-sa-qualification\/#primaryimage"},"thumbnailUrl":"https:\/\/lasentinelle.dz\/wp-content\/uploads\/2025\/09\/Verts-1.jpg","datePublished":"2025-09-08T11:12:47+00:00","dateModified":"2025-09-08T11:12:48+00:00","breadcrumb":{"@id":"https:\/\/lasentinelle.dz\/index.php\/2025\/09\/08\/qualifications-mondial-2026-les-verts-pour-sceller-sa-qualification\/#breadcrumb"},"inLanguage":"fr-FR","potentialAction":[{"@type":"ReadAction","target":["https:\/\/lasentinelle.dz\/index.php\/2025\/09\/08\/qualifications-mondial-2026-les-verts-pour-sceller-sa-qualification\/"]}]},{"@type":"ImageObject","inLanguage":"fr-FR","@id":"https:\/\/lasentinelle.dz\/index.php\/2025\/09\/08\/qualifications-mondial-2026-les-verts-pour-sceller-sa-qualification\/#primaryimage","url":"https:\/\/lasentinelle.dz\/wp-content\/uploads\/2025\/09\/Verts-1.jpg","contentUrl":"https:\/\/lasentinelle.dz\/wp-content\/uploads\/2025\/09\/Verts-1.jpg","width":1716,"height":1205},{"@type":"BreadcrumbList","@id":"https:\/\/lasentinelle.dz\/index.php\/2025\/09\/08\/qualifications-mondial-2026-les-verts-pour-sceller-sa-qualification\/#breadcrumb","itemListElement":[{"@type":"ListItem","position":1,"name":"Accueil","item":"https:\/\/lasentinelle.dz\/"},{"@type":"ListItem","position":2,"name":"Qualifications Mondial 2026\u00a0: Les Verts pour sceller sa qualification"}]},{"@type":"WebSite","@id":"https:\/\/lasentinelle.dz\/#website","url":"https:\/\/lasentinelle.dz\/","name":"La Sentinelle","description":"Quotidien national d&#039;information","publisher":{"@id":"https:\/\/lasentinelle.dz\/#organization"},"potentialAction":[{"@type":"SearchAction","target":{"@type":"EntryPoint","urlTemplate":"https:\/\/lasentinelle.dz\/?s={search_term_string}"},"query-input":{"@type":"PropertyValueSpecification","valueRequired":true,"valueName":"search_term_string"}}],"inLanguage":"fr-FR"},{"@type":"Organization","@id":"https:\/\/lasentinelle.dz\/#organization","name":"Quotidien La Sentinelle","url":"https:\/\/lasentinelle.dz\/","logo":{"@type":"ImageObject","inLanguage":"fr-FR","@id":"https:\/\/lasentinelle.dz\/#\/schema\/logo\/image\/","url":"https:\/\/lasentinelle.dz\/wp-content\/uploads\/2021\/09\/logo-sentinelleSLOGAN-1.png","contentUrl":"https:\/\/lasentinelle.dz\/wp-content\/uploads\/2021\/09\/logo-sentinelleSLOGAN-1.png","width":615,"height":142,"caption":"Quotidien La Sentinelle"},"image":{"@id":"https:\/\/lasentinelle.dz\/#\/schema\/logo\/image\/"},"sameAs":["https:\/\/www.facebook.com\/La-Sentinelle-104059864394773"]},{"@type":"Person","@id":"https:\/\/lasentinelle.dz\/#\/schema\/person\/729ee0024f24e0b8c5ec17232f8e8b41","name":"admin","image":{"@type":"ImageObject","inLanguage":"fr-FR","@id":"https:\/\/secure.gravatar.com\/avatar\/4c81fed838786e9b53f540bf46533e750f5d292099ae3b66cfc6fb1982e29df7?s=96&d=mm&r=g","url":"https:\/\/secure.gravatar.com\/avatar\/4c81fed838786e9b53f540bf46533e750f5d292099ae3b66cfc6fb1982e29df7?s=96&d=mm&r=g","contentUrl":"https:\/\/secure.gravatar.com\/avatar\/4c81fed838786e9b53f540bf46533e750f5d292099ae3b66cfc6fb1982e29df7?s=96&d=mm&r=g","caption":"admin"},"description":"admin","url":"https:\/\/lasentinelle.dz\/author\/admin\/"}]}},"_links":{"self":[{"href":"https:\/\/lasentinelle.dz\/index.php\/wp-json\/wp\/v2\/posts\/73022","targetHints":{"allow":["GET"]}}],"collection":[{"href":"https:\/\/lasentinelle.dz\/index.php\/wp-json\/wp\/v2\/posts"}],"about":[{"href":"https:\/\/lasentinelle.dz\/index.php\/wp-json\/wp\/v2\/types\/post"}],"author":[{"embeddable":true,"href":"https:\/\/lasentinelle.dz\/index.php\/wp-json\/wp\/v2\/users\/6"}],"replies":[{"embeddable":true,"href":"https:\/\/lasentinelle.dz\/index.php\/wp-json\/wp\/v2\/comments?post=73022"}],"version-history":[{"count":1,"href":"https:\/\/lasentinelle.dz\/index.php\/wp-json\/wp\/v2\/posts\/73022\/revisions"}],"predecessor-version":[{"id":73024,"href":"https:\/\/lasentinelle.dz\/index.php\/wp-json\/wp\/v2\/posts\/73022\/revisions\/73024"}],"wp:featuredmedia":[{"embeddable":true,"href":"https:\/\/lasentinelle.dz\/index.php\/wp-json\/wp\/v2\/media\/73023"}],"wp:attachment":[{"href":"https:\/\/lasentinelle.dz\/index.php\/wp-json\/wp\/v2\/media?parent=73022"}],"wp:term":[{"taxonomy":"category","embeddable":true,"href":"https:\/\/lasentinelle.dz\/index.php\/wp-json\/wp\/v2\/categories?post=73022"},{"taxonomy":"post_tag","embeddable":true,"href":"https:\/\/lasentinelle.dz\/index.php\/wp-json\/wp\/v2\/tags?post=73022"}],"curies":[{"name":"wp","href":"https:\/\/api.w.org\/{rel}","templated":true}]}}