{"id":73025,"date":"2025-09-08T12:14:04","date_gmt":"2025-09-08T11:14:04","guid":{"rendered":"https:\/\/lasentinelle.dz\/?p=73025"},"modified":"2025-09-08T12:14:05","modified_gmt":"2025-09-08T11:14:05","slug":"nouveau-chu-dannaba-une-aile-de-16-lits-pour-les-petits-patients-cardiaques","status":"publish","type":"post","link":"https:\/\/lasentinelle.dz\/index.php\/2025\/09\/08\/nouveau-chu-dannaba-une-aile-de-16-lits-pour-les-petits-patients-cardiaques\/","title":{"rendered":"Nouveau CHU d\u2019Annaba\u00a0: Une aile de 16 lits pour les petits patients cardiaques"},"content":{"rendered":"\n<p>Le service de chirurgie cardiaque p\u00e9diatrique sera int\u00e9gr\u00e9 et pris en charge dans le cadre du futur centre hospitalo-universitaire (CHU) d&rsquo;Annaba, a annonc\u00e9 Abdelhak Saihi, ministre de la Sant\u00e9, en r\u00e9ponse \u00e0 une question du d\u00e9put\u00e9 du Parti El Adala Ali Mouilhi, repr\u00e9sentant de la wilaya d&rsquo;El Tarf. Les d\u00e9tails apport\u00e9s par le ministre concernant cette question font \u00e9tat de la cr\u00e9ation d&rsquo;un service sp\u00e9cialis\u00e9 en chirurgie cardiaque infantile \u00e0 Annaba. M. Abdelhak Saihi a pr\u00e9cis\u00e9 que ce service, actuellement \u00e0 l&rsquo;\u00e9tape d&rsquo;\u00e9tude, sera dot\u00e9 de 16 lits et de deux blocs op\u00e9ratoires d\u00e9di\u00e9s sp\u00e9cialement \u00e0 la prise en charge de la cardio-chirurgie p\u00e9diatrique. Cette aile sera int\u00e9gr\u00e9e au nouveau CHU d&rsquo;Annaba, en cours de conception au sein du p\u00f4le sanitaire d&rsquo;El Bouni, un complexe hospitalier appel\u00e9 \u00e0 r\u00e9pondre aux standards internationaux.<\/p>\n\n\n\n<p>Le nouveau CHU, actuellement en phase d&rsquo;\u00e9tudes acc\u00e9l\u00e9r\u00e9es, offrira une capacit\u00e9 globale de 500 lits, dont 16 sp\u00e9cialement r\u00e9serv\u00e9s \u00e0 la chirurgie cardiaque et vasculaire infantile. Implant\u00e9 au sein du p\u00f4le sanitaire de la commune d&rsquo;El Bouni, le centre r\u00e9pondra aux normes internationales et sera plac\u00e9 sous la responsabilit\u00e9 de la direction des \u00e9quipements de la wilaya. Il aura pour mission de couvrir les besoins de la wilaya d&rsquo;Annaba ainsi que ceux des wilayas limitrophes. Selon le ministre, ce nouvel \u00e9tablissement disposera d&rsquo;\u00e9quipements m\u00e9dicaux de pointe permettant d&rsquo;optimiser cette pratique sp\u00e9cialis\u00e9e sensible. En attendant la mise en \u0153uvre de ce projet, les efforts seront intensifi\u00e9s pour coordonner avec les h\u00f4pitaux du secteur public sp\u00e9cialis\u00e9s en chirurgie cardiaque existant \u00e0 Constantine, Tizi Ouzou (Dhraa Ben Khedda), Tipaza (Bous Ismail) et Alger (Maalma), dans le but d&rsquo;assurer la prise en charge chirurgicale des enfants atteints de maladies cardiaques. Leur nombre ne d\u00e9passe pas 60 enfants par an dans la wilaya d&rsquo;Annaba. Cette annonce d\u00e9taill\u00e9e constitue une r\u00e9ponse \u00e0 un appel de d\u00e9tresse lanc\u00e9 par le d\u00e9put\u00e9 concernant l&rsquo;imp\u00e9ratif et la n\u00e9cessit\u00e9 de cr\u00e9er un h\u00f4pital sp\u00e9cialis\u00e9 pour enfants \u00e0 Annaba. Le d\u00e9put\u00e9 avait, dans sa question adress\u00e9e au ministre de la sant\u00e9, rappel\u00e9 que l&rsquo;h\u00f4pital d&rsquo;El Bouni, qui devait initialement \u00eatre d\u00e9di\u00e9 \u00e0 la chirurgie cardiaque des enfants, avait vu sa vocation transform\u00e9e en \u00e9tablissement d&rsquo;urgences m\u00e9dicales. Cette r\u00e9orientation a, selon le d\u00e9put\u00e9, impact\u00e9 la prise en charge des enfants n\u00e9cessitant une intervention cardio-chirurgicale urgente.<\/p>\n\n\n\n<p>Le parlementaire avait mis en avant dans sa correspondance la souffrance des familles contraintes de parcourir de longues distances pour soigner leurs enfants atteints de maladies cardiaques, avec des cons\u00e9quences sanitaires graves et des r\u00e9percussions mat\u00e9rielles, psychologiques et sociales. Avec la cr\u00e9ation de cette aile sp\u00e9cialis\u00e9e dans la chirurgie cardiaque infantile int\u00e9gr\u00e9e au nouveau centre hospitalier universitaire d&rsquo;El Bouni, la wilaya d&rsquo;Annaba deviendra un p\u00f4le sanitaire d&rsquo;excellence. Les autorit\u00e9s locales ainsi que les responsables du domaine veillent \u00e0 ce que le secteur soit dot\u00e9 des moyens et \u00e9quipements sanitaires de pointe afin de favoriser et d&rsquo;optimiser la prise en charge des patients qui, apr\u00e8s la concr\u00e9tisation de ce projet d&rsquo;envergure, convergeront de toutes les wilayas de l&rsquo;est du pays.<\/p>\n\n\n\n<p>SOFIA CHAHINE<\/p>\n","protected":false},"excerpt":{"rendered":"<p>Le service de chirurgie cardiaque p\u00e9diatrique sera int\u00e9gr\u00e9 et pris en charge dans le cadre du futur centre hospitalo-universitaire (CHU)<\/p>\n","protected":false},"author":6,"featured_media":41010,"comment_status":"open","ping_status":"closed","sticky":false,"template":"","format":"standard","meta":{"colormag_page_container_layout":"default_layout","colormag_page_sidebar_layout":"default_layout","om_disable_all_campaigns":false,"_monsterinsights_skip_tracking":false,"_monsterinsights_sitenote_active":false,"_monsterinsights_sitenote_note":"","_monsterinsights_sitenote_category":0,"footnotes":"","_wpscppro_dont_share_socialmedia":false,"_wpscppro_custom_social_share_image":0,"_facebook_share_type":"default","_twitter_share_type":"default","_linkedin_share_type":"default","_pinterest_share_type":"default","_linkedin_share_type_page":"","_instagram_share_type":"default","_medium_share_type":"default","_threads_share_type":"default","_google_business_share_type":"default","_selected_social_profile":[],"_wpsp_enable_custom_social_template":false,"_wpsp_social_scheduling":{"enabled":false,"datetime":null,"platforms":[],"status":"template_only","dateOption":"today","timeOption":"now","customDays":"","customHours":"","customDate":"","customTime":"","schedulingType":"absolute"},"_wpsp_active_default_template":true},"categories":[31],"tags":[],"class_list":["post-73025","post","type-post","status-publish","format-standard","has-post-thumbnail","hentry","category-regions"],"aioseo_notices":[],"yoast_head":"<!-- This site is optimized with the Yoast SEO plugin v27.5 - https:\/\/yoast.com\/product\/yoast-seo-wordpress\/ -->\n<title>Nouveau CHU d\u2019Annaba\u00a0: Une aile de 16 lits pour les petits patients cardiaques - La Sentinelle<\/title>\n<meta name=\"robots\" content=\"index, follow, max-snippet:-1, max-image-preview:large, max-video-preview:-1\" \/>\n<link rel=\"canonical\" href=\"https:\/\/lasentinelle.dz\/index.php\/2025\/09\/08\/nouveau-chu-dannaba-une-aile-de-16-lits-pour-les-petits-patients-cardiaques\/\" \/>\n<meta property=\"og:locale\" content=\"fr_FR\" \/>\n<meta property=\"og:type\" content=\"article\" \/>\n<meta property=\"og:title\" content=\"Nouveau CHU d\u2019Annaba\u00a0: Une aile de 16 lits pour les petits patients cardiaques - La Sentinelle\" \/>\n<meta property=\"og:description\" content=\"Le service de chirurgie cardiaque p\u00e9diatrique sera int\u00e9gr\u00e9 et pris en charge dans le cadre du futur centre hospitalo-universitaire (CHU)\" \/>\n<meta property=\"og:url\" content=\"https:\/\/lasentinelle.dz\/index.php\/2025\/09\/08\/nouveau-chu-dannaba-une-aile-de-16-lits-pour-les-petits-patients-cardiaques\/\" \/>\n<meta property=\"og:site_name\" content=\"La Sentinelle\" \/>\n<meta property=\"article:publisher\" content=\"https:\/\/www.facebook.com\/La-Sentinelle-104059864394773\" \/>\n<meta property=\"article:published_time\" content=\"2025-09-08T11:14:04+00:00\" \/>\n<meta property=\"article:modified_time\" content=\"2025-09-08T11:14:05+00:00\" \/>\n<meta property=\"og:image\" content=\"https:\/\/lasentinelle.dz\/wp-content\/uploads\/2023\/05\/hopital.png\" \/>\n\t<meta property=\"og:image:width\" content=\"1602\" \/>\n\t<meta property=\"og:image:height\" content=\"900\" \/>\n\t<meta property=\"og:image:type\" content=\"image\/png\" \/>\n<meta name=\"author\" content=\"admin\" \/>\n<meta name=\"twitter:card\" content=\"summary_large_image\" \/>\n<meta name=\"twitter:label1\" content=\"\u00c9crit par\" \/>\n\t<meta name=\"twitter:data1\" content=\"admin\" \/>\n\t<meta name=\"twitter:label2\" content=\"Dur\u00e9e de lecture estim\u00e9e\" \/>\n\t<meta name=\"twitter:data2\" content=\"3 minutes\" \/>\n<script type=\"application\/ld+json\" class=\"yoast-schema-graph\">{\"@context\":\"https:\\\/\\\/schema.org\",\"@graph\":[{\"@type\":\"Article\",\"@id\":\"https:\\\/\\\/lasentinelle.dz\\\/index.php\\\/2025\\\/09\\\/08\\\/nouveau-chu-dannaba-une-aile-de-16-lits-pour-les-petits-patients-cardiaques\\\/#article\",\"isPartOf\":{\"@id\":\"https:\\\/\\\/lasentinelle.dz\\\/index.php\\\/2025\\\/09\\\/08\\\/nouveau-chu-dannaba-une-aile-de-16-lits-pour-les-petits-patients-cardiaques\\\/\"},\"author\":{\"name\":\"admin\",\"@id\":\"https:\\\/\\\/lasentinelle.dz\\\/#\\\/schema\\\/person\\\/729ee0024f24e0b8c5ec17232f8e8b41\"},\"headline\":\"Nouveau CHU d\u2019Annaba\u00a0: Une aile de 16 lits pour les petits patients cardiaques\",\"datePublished\":\"2025-09-08T11:14:04+00:00\",\"dateModified\":\"2025-09-08T11:14:05+00:00\",\"mainEntityOfPage\":{\"@id\":\"https:\\\/\\\/lasentinelle.dz\\\/index.php\\\/2025\\\/09\\\/08\\\/nouveau-chu-dannaba-une-aile-de-16-lits-pour-les-petits-patients-cardiaques\\\/\"},\"wordCount\":584,\"commentCount\":0,\"publisher\":{\"@id\":\"https:\\\/\\\/lasentinelle.dz\\\/#organization\"},\"image\":{\"@id\":\"https:\\\/\\\/lasentinelle.dz\\\/index.php\\\/2025\\\/09\\\/08\\\/nouveau-chu-dannaba-une-aile-de-16-lits-pour-les-petits-patients-cardiaques\\\/#primaryimage\"},\"thumbnailUrl\":\"https:\\\/\\\/lasentinelle.dz\\\/wp-content\\\/uploads\\\/2023\\\/05\\\/hopital.png\",\"articleSection\":[\"R\u00e9gions\"],\"inLanguage\":\"fr-FR\",\"potentialAction\":[{\"@type\":\"CommentAction\",\"name\":\"Comment\",\"target\":[\"https:\\\/\\\/lasentinelle.dz\\\/index.php\\\/2025\\\/09\\\/08\\\/nouveau-chu-dannaba-une-aile-de-16-lits-pour-les-petits-patients-cardiaques\\\/#respond\"]}]},{\"@type\":\"WebPage\",\"@id\":\"https:\\\/\\\/lasentinelle.dz\\\/index.php\\\/2025\\\/09\\\/08\\\/nouveau-chu-dannaba-une-aile-de-16-lits-pour-les-petits-patients-cardiaques\\\/\",\"url\":\"https:\\\/\\\/lasentinelle.dz\\\/index.php\\\/2025\\\/09\\\/08\\\/nouveau-chu-dannaba-une-aile-de-16-lits-pour-les-petits-patients-cardiaques\\\/\",\"name\":\"Nouveau CHU d\u2019Annaba\u00a0: Une aile de 16 lits pour les petits patients cardiaques - La Sentinelle\",\"isPartOf\":{\"@id\":\"https:\\\/\\\/lasentinelle.dz\\\/#website\"},\"primaryImageOfPage\":{\"@id\":\"https:\\\/\\\/lasentinelle.dz\\\/index.php\\\/2025\\\/09\\\/08\\\/nouveau-chu-dannaba-une-aile-de-16-lits-pour-les-petits-patients-cardiaques\\\/#primaryimage\"},\"image\":{\"@id\":\"https:\\\/\\\/lasentinelle.dz\\\/index.php\\\/2025\\\/09\\\/08\\\/nouveau-chu-dannaba-une-aile-de-16-lits-pour-les-petits-patients-cardiaques\\\/#primaryimage\"},\"thumbnailUrl\":\"https:\\\/\\\/lasentinelle.dz\\\/wp-content\\\/uploads\\\/2023\\\/05\\\/hopital.png\",\"datePublished\":\"2025-09-08T11:14:04+00:00\",\"dateModified\":\"2025-09-08T11:14:05+00:00\",\"breadcrumb\":{\"@id\":\"https:\\\/\\\/lasentinelle.dz\\\/index.php\\\/2025\\\/09\\\/08\\\/nouveau-chu-dannaba-une-aile-de-16-lits-pour-les-petits-patients-cardiaques\\\/#breadcrumb\"},\"inLanguage\":\"fr-FR\",\"potentialAction\":[{\"@type\":\"ReadAction\",\"target\":[\"https:\\\/\\\/lasentinelle.dz\\\/index.php\\\/2025\\\/09\\\/08\\\/nouveau-chu-dannaba-une-aile-de-16-lits-pour-les-petits-patients-cardiaques\\\/\"]}]},{\"@type\":\"ImageObject\",\"inLanguage\":\"fr-FR\",\"@id\":\"https:\\\/\\\/lasentinelle.dz\\\/index.php\\\/2025\\\/09\\\/08\\\/nouveau-chu-dannaba-une-aile-de-16-lits-pour-les-petits-patients-cardiaques\\\/#primaryimage\",\"url\":\"https:\\\/\\\/lasentinelle.dz\\\/wp-content\\\/uploads\\\/2023\\\/05\\\/hopital.png\",\"contentUrl\":\"https:\\\/\\\/lasentinelle.dz\\\/wp-content\\\/uploads\\\/2023\\\/05\\\/hopital.png\",\"width\":1602,\"height\":900},{\"@type\":\"BreadcrumbList\",\"@id\":\"https:\\\/\\\/lasentinelle.dz\\\/index.php\\\/2025\\\/09\\\/08\\\/nouveau-chu-dannaba-une-aile-de-16-lits-pour-les-petits-patients-cardiaques\\\/#breadcrumb\",\"itemListElement\":[{\"@type\":\"ListItem\",\"position\":1,\"name\":\"Accueil\",\"item\":\"https:\\\/\\\/lasentinelle.dz\\\/\"},{\"@type\":\"ListItem\",\"position\":2,\"name\":\"Nouveau CHU d\u2019Annaba\u00a0: Une aile de 16 lits pour les petits patients cardiaques\"}]},{\"@type\":\"WebSite\",\"@id\":\"https:\\\/\\\/lasentinelle.dz\\\/#website\",\"url\":\"https:\\\/\\\/lasentinelle.dz\\\/\",\"name\":\"La Sentinelle\",\"description\":\"Quotidien national d&#039;information\",\"publisher\":{\"@id\":\"https:\\\/\\\/lasentinelle.dz\\\/#organization\"},\"potentialAction\":[{\"@type\":\"SearchAction\",\"target\":{\"@type\":\"EntryPoint\",\"urlTemplate\":\"https:\\\/\\\/lasentinelle.dz\\\/?s={search_term_string}\"},\"query-input\":{\"@type\":\"PropertyValueSpecification\",\"valueRequired\":true,\"valueName\":\"search_term_string\"}}],\"inLanguage\":\"fr-FR\"},{\"@type\":\"Organization\",\"@id\":\"https:\\\/\\\/lasentinelle.dz\\\/#organization\",\"name\":\"Quotidien La Sentinelle\",\"url\":\"https:\\\/\\\/lasentinelle.dz\\\/\",\"logo\":{\"@type\":\"ImageObject\",\"inLanguage\":\"fr-FR\",\"@id\":\"https:\\\/\\\/lasentinelle.dz\\\/#\\\/schema\\\/logo\\\/image\\\/\",\"url\":\"https:\\\/\\\/lasentinelle.dz\\\/wp-content\\\/uploads\\\/2021\\\/09\\\/logo-sentinelleSLOGAN-1.png\",\"contentUrl\":\"https:\\\/\\\/lasentinelle.dz\\\/wp-content\\\/uploads\\\/2021\\\/09\\\/logo-sentinelleSLOGAN-1.png\",\"width\":615,\"height\":142,\"caption\":\"Quotidien La Sentinelle\"},\"image\":{\"@id\":\"https:\\\/\\\/lasentinelle.dz\\\/#\\\/schema\\\/logo\\\/image\\\/\"},\"sameAs\":[\"https:\\\/\\\/www.facebook.com\\\/La-Sentinelle-104059864394773\"]},{\"@type\":\"Person\",\"@id\":\"https:\\\/\\\/lasentinelle.dz\\\/#\\\/schema\\\/person\\\/729ee0024f24e0b8c5ec17232f8e8b41\",\"name\":\"admin\",\"image\":{\"@type\":\"ImageObject\",\"inLanguage\":\"fr-FR\",\"@id\":\"https:\\\/\\\/secure.gravatar.com\\\/avatar\\\/4c81fed838786e9b53f540bf46533e750f5d292099ae3b66cfc6fb1982e29df7?s=96&d=mm&r=g\",\"url\":\"https:\\\/\\\/secure.gravatar.com\\\/avatar\\\/4c81fed838786e9b53f540bf46533e750f5d292099ae3b66cfc6fb1982e29df7?s=96&d=mm&r=g\",\"contentUrl\":\"https:\\\/\\\/secure.gravatar.com\\\/avatar\\\/4c81fed838786e9b53f540bf46533e750f5d292099ae3b66cfc6fb1982e29df7?s=96&d=mm&r=g\",\"caption\":\"admin\"},\"description\":\"admin\",\"url\":\"https:\\\/\\\/lasentinelle.dz\\\/author\\\/admin\\\/\"}]}<\/script>\n<!-- \/ Yoast SEO plugin. -->","yoast_head_json":{"title":"Nouveau CHU d\u2019Annaba\u00a0: Une aile de 16 lits pour les petits patients cardiaques - La Sentinelle","robots":{"index":"index","follow":"follow","max-snippet":"max-snippet:-1","max-image-preview":"max-image-preview:large","max-video-preview":"max-video-preview:-1"},"canonical":"https:\/\/lasentinelle.dz\/index.php\/2025\/09\/08\/nouveau-chu-dannaba-une-aile-de-16-lits-pour-les-petits-patients-cardiaques\/","og_locale":"fr_FR","og_type":"article","og_title":"Nouveau CHU d\u2019Annaba\u00a0: Une aile de 16 lits pour les petits patients cardiaques - La Sentinelle","og_description":"Le service de chirurgie cardiaque p\u00e9diatrique sera int\u00e9gr\u00e9 et pris en charge dans le cadre du futur centre hospitalo-universitaire (CHU)","og_url":"https:\/\/lasentinelle.dz\/index.php\/2025\/09\/08\/nouveau-chu-dannaba-une-aile-de-16-lits-pour-les-petits-patients-cardiaques\/","og_site_name":"La Sentinelle","article_publisher":"https:\/\/www.facebook.com\/La-Sentinelle-104059864394773","article_published_time":"2025-09-08T11:14:04+00:00","article_modified_time":"2025-09-08T11:14:05+00:00","og_image":[{"width":1602,"height":900,"url":"https:\/\/lasentinelle.dz\/wp-content\/uploads\/2023\/05\/hopital.png","type":"image\/png"}],"author":"admin","twitter_card":"summary_large_image","twitter_misc":{"\u00c9crit par":"admin","Dur\u00e9e de lecture estim\u00e9e":"3 minutes"},"schema":{"@context":"https:\/\/schema.org","@graph":[{"@type":"Article","@id":"https:\/\/lasentinelle.dz\/index.php\/2025\/09\/08\/nouveau-chu-dannaba-une-aile-de-16-lits-pour-les-petits-patients-cardiaques\/#article","isPartOf":{"@id":"https:\/\/lasentinelle.dz\/index.php\/2025\/09\/08\/nouveau-chu-dannaba-une-aile-de-16-lits-pour-les-petits-patients-cardiaques\/"},"author":{"name":"admin","@id":"https:\/\/lasentinelle.dz\/#\/schema\/person\/729ee0024f24e0b8c5ec17232f8e8b41"},"headline":"Nouveau CHU d\u2019Annaba\u00a0: Une aile de 16 lits pour les petits patients cardiaques","datePublished":"2025-09-08T11:14:04+00:00","dateModified":"2025-09-08T11:14:05+00:00","mainEntityOfPage":{"@id":"https:\/\/lasentinelle.dz\/index.php\/2025\/09\/08\/nouveau-chu-dannaba-une-aile-de-16-lits-pour-les-petits-patients-cardiaques\/"},"wordCount":584,"commentCount":0,"publisher":{"@id":"https:\/\/lasentinelle.dz\/#organization"},"image":{"@id":"https:\/\/lasentinelle.dz\/index.php\/2025\/09\/08\/nouveau-chu-dannaba-une-aile-de-16-lits-pour-les-petits-patients-cardiaques\/#primaryimage"},"thumbnailUrl":"https:\/\/lasentinelle.dz\/wp-content\/uploads\/2023\/05\/hopital.png","articleSection":["R\u00e9gions"],"inLanguage":"fr-FR","potentialAction":[{"@type":"CommentAction","name":"Comment","target":["https:\/\/lasentinelle.dz\/index.php\/2025\/09\/08\/nouveau-chu-dannaba-une-aile-de-16-lits-pour-les-petits-patients-cardiaques\/#respond"]}]},{"@type":"WebPage","@id":"https:\/\/lasentinelle.dz\/index.php\/2025\/09\/08\/nouveau-chu-dannaba-une-aile-de-16-lits-pour-les-petits-patients-cardiaques\/","url":"https:\/\/lasentinelle.dz\/index.php\/2025\/09\/08\/nouveau-chu-dannaba-une-aile-de-16-lits-pour-les-petits-patients-cardiaques\/","name":"Nouveau CHU d\u2019Annaba\u00a0: Une aile de 16 lits pour les petits patients cardiaques - La Sentinelle","isPartOf":{"@id":"https:\/\/lasentinelle.dz\/#website"},"primaryImageOfPage":{"@id":"https:\/\/lasentinelle.dz\/index.php\/2025\/09\/08\/nouveau-chu-dannaba-une-aile-de-16-lits-pour-les-petits-patients-cardiaques\/#primaryimage"},"image":{"@id":"https:\/\/lasentinelle.dz\/index.php\/2025\/09\/08\/nouveau-chu-dannaba-une-aile-de-16-lits-pour-les-petits-patients-cardiaques\/#primaryimage"},"thumbnailUrl":"https:\/\/lasentinelle.dz\/wp-content\/uploads\/2023\/05\/hopital.png","datePublished":"2025-09-08T11:14:04+00:00","dateModified":"2025-09-08T11:14:05+00:00","breadcrumb":{"@id":"https:\/\/lasentinelle.dz\/index.php\/2025\/09\/08\/nouveau-chu-dannaba-une-aile-de-16-lits-pour-les-petits-patients-cardiaques\/#breadcrumb"},"inLanguage":"fr-FR","potentialAction":[{"@type":"ReadAction","target":["https:\/\/lasentinelle.dz\/index.php\/2025\/09\/08\/nouveau-chu-dannaba-une-aile-de-16-lits-pour-les-petits-patients-cardiaques\/"]}]},{"@type":"ImageObject","inLanguage":"fr-FR","@id":"https:\/\/lasentinelle.dz\/index.php\/2025\/09\/08\/nouveau-chu-dannaba-une-aile-de-16-lits-pour-les-petits-patients-cardiaques\/#primaryimage","url":"https:\/\/lasentinelle.dz\/wp-content\/uploads\/2023\/05\/hopital.png","contentUrl":"https:\/\/lasentinelle.dz\/wp-content\/uploads\/2023\/05\/hopital.png","width":1602,"height":900},{"@type":"BreadcrumbList","@id":"https:\/\/lasentinelle.dz\/index.php\/2025\/09\/08\/nouveau-chu-dannaba-une-aile-de-16-lits-pour-les-petits-patients-cardiaques\/#breadcrumb","itemListElement":[{"@type":"ListItem","position":1,"name":"Accueil","item":"https:\/\/lasentinelle.dz\/"},{"@type":"ListItem","position":2,"name":"Nouveau CHU d\u2019Annaba\u00a0: Une aile de 16 lits pour les petits patients cardiaques"}]},{"@type":"WebSite","@id":"https:\/\/lasentinelle.dz\/#website","url":"https:\/\/lasentinelle.dz\/","name":"La Sentinelle","description":"Quotidien national d&#039;information","publisher":{"@id":"https:\/\/lasentinelle.dz\/#organization"},"potentialAction":[{"@type":"SearchAction","target":{"@type":"EntryPoint","urlTemplate":"https:\/\/lasentinelle.dz\/?s={search_term_string}"},"query-input":{"@type":"PropertyValueSpecification","valueRequired":true,"valueName":"search_term_string"}}],"inLanguage":"fr-FR"},{"@type":"Organization","@id":"https:\/\/lasentinelle.dz\/#organization","name":"Quotidien La Sentinelle","url":"https:\/\/lasentinelle.dz\/","logo":{"@type":"ImageObject","inLanguage":"fr-FR","@id":"https:\/\/lasentinelle.dz\/#\/schema\/logo\/image\/","url":"https:\/\/lasentinelle.dz\/wp-content\/uploads\/2021\/09\/logo-sentinelleSLOGAN-1.png","contentUrl":"https:\/\/lasentinelle.dz\/wp-content\/uploads\/2021\/09\/logo-sentinelleSLOGAN-1.png","width":615,"height":142,"caption":"Quotidien La Sentinelle"},"image":{"@id":"https:\/\/lasentinelle.dz\/#\/schema\/logo\/image\/"},"sameAs":["https:\/\/www.facebook.com\/La-Sentinelle-104059864394773"]},{"@type":"Person","@id":"https:\/\/lasentinelle.dz\/#\/schema\/person\/729ee0024f24e0b8c5ec17232f8e8b41","name":"admin","image":{"@type":"ImageObject","inLanguage":"fr-FR","@id":"https:\/\/secure.gravatar.com\/avatar\/4c81fed838786e9b53f540bf46533e750f5d292099ae3b66cfc6fb1982e29df7?s=96&d=mm&r=g","url":"https:\/\/secure.gravatar.com\/avatar\/4c81fed838786e9b53f540bf46533e750f5d292099ae3b66cfc6fb1982e29df7?s=96&d=mm&r=g","contentUrl":"https:\/\/secure.gravatar.com\/avatar\/4c81fed838786e9b53f540bf46533e750f5d292099ae3b66cfc6fb1982e29df7?s=96&d=mm&r=g","caption":"admin"},"description":"admin","url":"https:\/\/lasentinelle.dz\/author\/admin\/"}]}},"_links":{"self":[{"href":"https:\/\/lasentinelle.dz\/index.php\/wp-json\/wp\/v2\/posts\/73025","targetHints":{"allow":["GET"]}}],"collection":[{"href":"https:\/\/lasentinelle.dz\/index.php\/wp-json\/wp\/v2\/posts"}],"about":[{"href":"https:\/\/lasentinelle.dz\/index.php\/wp-json\/wp\/v2\/types\/post"}],"author":[{"embeddable":true,"href":"https:\/\/lasentinelle.dz\/index.php\/wp-json\/wp\/v2\/users\/6"}],"replies":[{"embeddable":true,"href":"https:\/\/lasentinelle.dz\/index.php\/wp-json\/wp\/v2\/comments?post=73025"}],"version-history":[{"count":1,"href":"https:\/\/lasentinelle.dz\/index.php\/wp-json\/wp\/v2\/posts\/73025\/revisions"}],"predecessor-version":[{"id":73026,"href":"https:\/\/lasentinelle.dz\/index.php\/wp-json\/wp\/v2\/posts\/73025\/revisions\/73026"}],"wp:featuredmedia":[{"embeddable":true,"href":"https:\/\/lasentinelle.dz\/index.php\/wp-json\/wp\/v2\/media\/41010"}],"wp:attachment":[{"href":"https:\/\/lasentinelle.dz\/index.php\/wp-json\/wp\/v2\/media?parent=73025"}],"wp:term":[{"taxonomy":"category","embeddable":true,"href":"https:\/\/lasentinelle.dz\/index.php\/wp-json\/wp\/v2\/categories?post=73025"},{"taxonomy":"post_tag","embeddable":true,"href":"https:\/\/lasentinelle.dz\/index.php\/wp-json\/wp\/v2\/tags?post=73025"}],"curies":[{"name":"wp","href":"https:\/\/api.w.org\/{rel}","templated":true}]}}