{"id":73027,"date":"2025-09-08T12:15:04","date_gmt":"2025-09-08T11:15:04","guid":{"rendered":"https:\/\/lasentinelle.dz\/?p=73027"},"modified":"2025-09-08T12:15:05","modified_gmt":"2025-09-08T11:15:05","slug":"constantine-cap-sur-la-culture-du-safran","status":"publish","type":"post","link":"https:\/\/lasentinelle.dz\/index.php\/2025\/09\/08\/constantine-cap-sur-la-culture-du-safran\/","title":{"rendered":"Constantine\u00a0: Cap sur la culture du safran"},"content":{"rendered":"\n<p>Cette \u00e9pice tr\u00e8s demand\u00e9e s&rsquo;enracine progressivement dans les terres constantinoises gr\u00e2ce \u00e0 une s\u00e9rie d&rsquo;exp\u00e9rimentations prometteuses. Le Centre de Recherche en Biotechnologie (CRBt) a lanc\u00e9 mercredi les premi\u00e8res exp\u00e9rimentations de culture du safran sur la station exp\u00e9rimentale d&rsquo;El Karia El Hamra, situ\u00e9e dans la commune d&rsquo;El Khroub. Plus d&rsquo;un millier de m\u00e8tres carr\u00e9s ont \u00e9t\u00e9 plant\u00e9s lors de cette journ\u00e9e inaugurale, marquant l&rsquo;extension g\u00e9ographique d&rsquo;un programme d\u00e9j\u00e0 exp\u00e9riment\u00e9 avec succ\u00e8s dans d&rsquo;autres wilayas du pays. Cette initiative s&rsquo;inscrit dans la strat\u00e9gie nationale initi\u00e9e par le pr\u00e9sident de la R\u00e9publique visant \u00e0 encourager et soutenir la culture de cette \u00e9pice rare et pr\u00e9cieuse dont la r\u00e9putation d\u00e9passe les fronti\u00e8res. L&rsquo;\u00e9tape constantinoise prolonge les travaux d\u00e9j\u00e0 entrepris \u00e0 l&rsquo;\u00c9cole Nationale Sup\u00e9rieure Agronomique (ENSA) d&rsquo;Alger. Le programme pr\u00e9voit une nouvelle implantation en octobre prochain dans la wilaya de Gharda\u00efa. Les chercheurs soulignent que ces exp\u00e9rimentations rev\u00eatent une double port\u00e9e \u00e9conomique et scientifique avec des perspectives prometteuses pour l&rsquo;Alg\u00e9rie. Ils consid\u00e8rent que le safran, au-del\u00e0 de sa valeur marchande, peut devenir un levier d&rsquo;innovation agricole et un vecteur de modernisation pour certaines exploitations. Les r\u00e9sultats pr\u00e9liminaires permettront d&rsquo;\u00e9valuer la capacit\u00e9 de production et la qualit\u00e9 du safran alg\u00e9rien. Cette d\u00e9marche s&rsquo;appuie sur les conclusions encourageantes d&rsquo;un projet pilote men\u00e9 \u00e0 Biskra, o\u00f9 le safran local avait \u00e9t\u00e9 class\u00e9 en qualit\u00e9 grade \u00ab\u00a0A\u00a0\u00bb. Cette distinction a renforc\u00e9 la conviction des acteurs impliqu\u00e9s que le pays dispose de conditions favorables pour d\u00e9velopper cette culture de haut niveau. Ces succ\u00e8s ont incit\u00e9 le minist\u00e8re de tutelle, avec l&rsquo;appui de la pr\u00e9sidence de la R\u00e9publique, \u00e0 \u00e9largir le projet \u00e0 l&rsquo;\u00e9chelle nationale, ouvrant de nouvelles perspectives pour la diversification agricole du pays et permettant de faire de cette culture une fili\u00e8re lucrative procurant une valeur ajout\u00e9e au secteur agricole en particulier et \u00e0 l&rsquo;\u00e9conomie nationale en g\u00e9n\u00e9ral, avec un safran \u00ab\u00a0Made In Algeria\u00a0\u00bb.<\/p>\n\n\n\n<p>Il convient de souligner que les exp\u00e9riences de culture du safran ont \u00e9t\u00e9 un franc succ\u00e8s. Ainsi, dans la wilaya d&rsquo;Oran, des experts agricoles ont affirm\u00e9 lors du 2\u00e8me salon national du safran que les exp\u00e9riences men\u00e9es sur la culture du safran ont r\u00e9ussi dans les zones montagneuses du pays, ces espaces \u00e9tant particuli\u00e8rement adapt\u00e9s \u00e0 ce type de plantes aux avantages \u00e9conomiques consid\u00e9rables. Cette plante pr\u00e9f\u00e8re se d\u00e9velopper dans les zones situ\u00e9es entre 600 et 1200 m\u00e8tres d&rsquo;altitude, comme Constantine et Souk Ahras. L&rsquo;Alg\u00e9rie disposant de reliefs moyens, elle constitue un p\u00f4le privil\u00e9gi\u00e9 pour ce type d&rsquo;agriculture aux perspectives \u00e9conomiques prometteuses qui profitent aux habitants de ces zones.<\/p>\n\n\n\n<p>Les conditions climatiques de ces zones montagneuses sont particuli\u00e8rement adapt\u00e9es \u00e0 la culture du safran. Cette plante n&rsquo;exige pas de grandes quantit\u00e9s d&rsquo;eau et n\u00e9cessite des m\u00e9thodes traditionnelles reposant uniquement sur le travail manuel lors des op\u00e9rations de cueillette, de tri et de s\u00e9chage, ce qui rend sa culture facile et peu co\u00fbteuse. La culture du safran peut s&rsquo;av\u00e9rer tr\u00e8s rentable pour les habitants des zones montagneuses car elle ne constitue pas une simple activit\u00e9 agricole de subsistance. La r\u00e9ussite de cette culture dans ces zones n\u00e9cessite toutefois un accompagnement et une structuration sous forme de coop\u00e9ratives, notamment en mati\u00e8re d&rsquo;\u00e9change de main-d&rsquo;\u0153uvre et de commercialisation.<\/p>\n\n\n\n<p>SOFIA CHAHINE<\/p>\n","protected":false},"excerpt":{"rendered":"<p>Cette \u00e9pice tr\u00e8s demand\u00e9e s&rsquo;enracine progressivement dans les terres constantinoises gr\u00e2ce \u00e0 une s\u00e9rie d&rsquo;exp\u00e9rimentations prometteuses. Le Centre de Recherche<\/p>\n","protected":false},"author":6,"featured_media":73028,"comment_status":"open","ping_status":"closed","sticky":false,"template":"","format":"standard","meta":{"colormag_page_container_layout":"default_layout","colormag_page_sidebar_layout":"default_layout","om_disable_all_campaigns":false,"_monsterinsights_skip_tracking":false,"_monsterinsights_sitenote_active":false,"_monsterinsights_sitenote_note":"","_monsterinsights_sitenote_category":0,"footnotes":"","_wpscppro_dont_share_socialmedia":false,"_wpscppro_custom_social_share_image":0,"_facebook_share_type":"default","_twitter_share_type":"default","_linkedin_share_type":"default","_pinterest_share_type":"default","_linkedin_share_type_page":"","_instagram_share_type":"default","_medium_share_type":"default","_threads_share_type":"default","_google_business_share_type":"default","_selected_social_profile":[],"_wpsp_enable_custom_social_template":false,"_wpsp_social_scheduling":{"enabled":false,"datetime":null,"platforms":[],"status":"template_only","dateOption":"today","timeOption":"now","customDays":"","customHours":"","customDate":"","customTime":"","schedulingType":"absolute"},"_wpsp_active_default_template":true},"categories":[31],"tags":[],"class_list":["post-73027","post","type-post","status-publish","format-standard","has-post-thumbnail","hentry","category-regions"],"aioseo_notices":[],"yoast_head":"<!-- This site is optimized with the Yoast SEO plugin v27.5 - https:\/\/yoast.com\/product\/yoast-seo-wordpress\/ -->\n<title>Constantine\u00a0: Cap sur la culture du safran - La Sentinelle<\/title>\n<meta name=\"robots\" content=\"index, follow, max-snippet:-1, max-image-preview:large, max-video-preview:-1\" \/>\n<link rel=\"canonical\" href=\"https:\/\/lasentinelle.dz\/index.php\/2025\/09\/08\/constantine-cap-sur-la-culture-du-safran\/\" \/>\n<meta property=\"og:locale\" content=\"fr_FR\" \/>\n<meta property=\"og:type\" content=\"article\" \/>\n<meta property=\"og:title\" content=\"Constantine\u00a0: Cap sur la culture du safran - La Sentinelle\" \/>\n<meta property=\"og:description\" content=\"Cette \u00e9pice tr\u00e8s demand\u00e9e s&rsquo;enracine progressivement dans les terres constantinoises gr\u00e2ce \u00e0 une s\u00e9rie d&rsquo;exp\u00e9rimentations prometteuses. Le Centre de Recherche\" \/>\n<meta property=\"og:url\" content=\"https:\/\/lasentinelle.dz\/index.php\/2025\/09\/08\/constantine-cap-sur-la-culture-du-safran\/\" \/>\n<meta property=\"og:site_name\" content=\"La Sentinelle\" \/>\n<meta property=\"article:publisher\" content=\"https:\/\/www.facebook.com\/La-Sentinelle-104059864394773\" \/>\n<meta property=\"article:published_time\" content=\"2025-09-08T11:15:04+00:00\" \/>\n<meta property=\"article:modified_time\" content=\"2025-09-08T11:15:05+00:00\" \/>\n<meta property=\"og:image\" content=\"https:\/\/lasentinelle.dz\/wp-content\/uploads\/2025\/09\/safran-1.jpg\" \/>\n\t<meta property=\"og:image:width\" content=\"600\" \/>\n\t<meta property=\"og:image:height\" content=\"409\" \/>\n\t<meta property=\"og:image:type\" content=\"image\/jpeg\" \/>\n<meta name=\"author\" content=\"admin\" \/>\n<meta name=\"twitter:card\" content=\"summary_large_image\" \/>\n<meta name=\"twitter:label1\" content=\"\u00c9crit par\" \/>\n\t<meta name=\"twitter:data1\" content=\"admin\" \/>\n\t<meta name=\"twitter:label2\" content=\"Dur\u00e9e de lecture estim\u00e9e\" \/>\n\t<meta name=\"twitter:data2\" content=\"3 minutes\" \/>\n<script type=\"application\/ld+json\" class=\"yoast-schema-graph\">{\"@context\":\"https:\\\/\\\/schema.org\",\"@graph\":[{\"@type\":\"Article\",\"@id\":\"https:\\\/\\\/lasentinelle.dz\\\/index.php\\\/2025\\\/09\\\/08\\\/constantine-cap-sur-la-culture-du-safran\\\/#article\",\"isPartOf\":{\"@id\":\"https:\\\/\\\/lasentinelle.dz\\\/index.php\\\/2025\\\/09\\\/08\\\/constantine-cap-sur-la-culture-du-safran\\\/\"},\"author\":{\"name\":\"admin\",\"@id\":\"https:\\\/\\\/lasentinelle.dz\\\/#\\\/schema\\\/person\\\/729ee0024f24e0b8c5ec17232f8e8b41\"},\"headline\":\"Constantine\u00a0: Cap sur la culture du safran\",\"datePublished\":\"2025-09-08T11:15:04+00:00\",\"dateModified\":\"2025-09-08T11:15:05+00:00\",\"mainEntityOfPage\":{\"@id\":\"https:\\\/\\\/lasentinelle.dz\\\/index.php\\\/2025\\\/09\\\/08\\\/constantine-cap-sur-la-culture-du-safran\\\/\"},\"wordCount\":625,\"commentCount\":0,\"publisher\":{\"@id\":\"https:\\\/\\\/lasentinelle.dz\\\/#organization\"},\"image\":{\"@id\":\"https:\\\/\\\/lasentinelle.dz\\\/index.php\\\/2025\\\/09\\\/08\\\/constantine-cap-sur-la-culture-du-safran\\\/#primaryimage\"},\"thumbnailUrl\":\"https:\\\/\\\/lasentinelle.dz\\\/wp-content\\\/uploads\\\/2025\\\/09\\\/safran-1.jpg\",\"articleSection\":[\"R\u00e9gions\"],\"inLanguage\":\"fr-FR\",\"potentialAction\":[{\"@type\":\"CommentAction\",\"name\":\"Comment\",\"target\":[\"https:\\\/\\\/lasentinelle.dz\\\/index.php\\\/2025\\\/09\\\/08\\\/constantine-cap-sur-la-culture-du-safran\\\/#respond\"]}]},{\"@type\":\"WebPage\",\"@id\":\"https:\\\/\\\/lasentinelle.dz\\\/index.php\\\/2025\\\/09\\\/08\\\/constantine-cap-sur-la-culture-du-safran\\\/\",\"url\":\"https:\\\/\\\/lasentinelle.dz\\\/index.php\\\/2025\\\/09\\\/08\\\/constantine-cap-sur-la-culture-du-safran\\\/\",\"name\":\"Constantine\u00a0: Cap sur la culture du safran - La Sentinelle\",\"isPartOf\":{\"@id\":\"https:\\\/\\\/lasentinelle.dz\\\/#website\"},\"primaryImageOfPage\":{\"@id\":\"https:\\\/\\\/lasentinelle.dz\\\/index.php\\\/2025\\\/09\\\/08\\\/constantine-cap-sur-la-culture-du-safran\\\/#primaryimage\"},\"image\":{\"@id\":\"https:\\\/\\\/lasentinelle.dz\\\/index.php\\\/2025\\\/09\\\/08\\\/constantine-cap-sur-la-culture-du-safran\\\/#primaryimage\"},\"thumbnailUrl\":\"https:\\\/\\\/lasentinelle.dz\\\/wp-content\\\/uploads\\\/2025\\\/09\\\/safran-1.jpg\",\"datePublished\":\"2025-09-08T11:15:04+00:00\",\"dateModified\":\"2025-09-08T11:15:05+00:00\",\"breadcrumb\":{\"@id\":\"https:\\\/\\\/lasentinelle.dz\\\/index.php\\\/2025\\\/09\\\/08\\\/constantine-cap-sur-la-culture-du-safran\\\/#breadcrumb\"},\"inLanguage\":\"fr-FR\",\"potentialAction\":[{\"@type\":\"ReadAction\",\"target\":[\"https:\\\/\\\/lasentinelle.dz\\\/index.php\\\/2025\\\/09\\\/08\\\/constantine-cap-sur-la-culture-du-safran\\\/\"]}]},{\"@type\":\"ImageObject\",\"inLanguage\":\"fr-FR\",\"@id\":\"https:\\\/\\\/lasentinelle.dz\\\/index.php\\\/2025\\\/09\\\/08\\\/constantine-cap-sur-la-culture-du-safran\\\/#primaryimage\",\"url\":\"https:\\\/\\\/lasentinelle.dz\\\/wp-content\\\/uploads\\\/2025\\\/09\\\/safran-1.jpg\",\"contentUrl\":\"https:\\\/\\\/lasentinelle.dz\\\/wp-content\\\/uploads\\\/2025\\\/09\\\/safran-1.jpg\",\"width\":600,\"height\":409},{\"@type\":\"BreadcrumbList\",\"@id\":\"https:\\\/\\\/lasentinelle.dz\\\/index.php\\\/2025\\\/09\\\/08\\\/constantine-cap-sur-la-culture-du-safran\\\/#breadcrumb\",\"itemListElement\":[{\"@type\":\"ListItem\",\"position\":1,\"name\":\"Accueil\",\"item\":\"https:\\\/\\\/lasentinelle.dz\\\/\"},{\"@type\":\"ListItem\",\"position\":2,\"name\":\"Constantine\u00a0: Cap sur la culture du safran\"}]},{\"@type\":\"WebSite\",\"@id\":\"https:\\\/\\\/lasentinelle.dz\\\/#website\",\"url\":\"https:\\\/\\\/lasentinelle.dz\\\/\",\"name\":\"La Sentinelle\",\"description\":\"Quotidien national d&#039;information\",\"publisher\":{\"@id\":\"https:\\\/\\\/lasentinelle.dz\\\/#organization\"},\"potentialAction\":[{\"@type\":\"SearchAction\",\"target\":{\"@type\":\"EntryPoint\",\"urlTemplate\":\"https:\\\/\\\/lasentinelle.dz\\\/?s={search_term_string}\"},\"query-input\":{\"@type\":\"PropertyValueSpecification\",\"valueRequired\":true,\"valueName\":\"search_term_string\"}}],\"inLanguage\":\"fr-FR\"},{\"@type\":\"Organization\",\"@id\":\"https:\\\/\\\/lasentinelle.dz\\\/#organization\",\"name\":\"Quotidien La Sentinelle\",\"url\":\"https:\\\/\\\/lasentinelle.dz\\\/\",\"logo\":{\"@type\":\"ImageObject\",\"inLanguage\":\"fr-FR\",\"@id\":\"https:\\\/\\\/lasentinelle.dz\\\/#\\\/schema\\\/logo\\\/image\\\/\",\"url\":\"https:\\\/\\\/lasentinelle.dz\\\/wp-content\\\/uploads\\\/2021\\\/09\\\/logo-sentinelleSLOGAN-1.png\",\"contentUrl\":\"https:\\\/\\\/lasentinelle.dz\\\/wp-content\\\/uploads\\\/2021\\\/09\\\/logo-sentinelleSLOGAN-1.png\",\"width\":615,\"height\":142,\"caption\":\"Quotidien La Sentinelle\"},\"image\":{\"@id\":\"https:\\\/\\\/lasentinelle.dz\\\/#\\\/schema\\\/logo\\\/image\\\/\"},\"sameAs\":[\"https:\\\/\\\/www.facebook.com\\\/La-Sentinelle-104059864394773\"]},{\"@type\":\"Person\",\"@id\":\"https:\\\/\\\/lasentinelle.dz\\\/#\\\/schema\\\/person\\\/729ee0024f24e0b8c5ec17232f8e8b41\",\"name\":\"admin\",\"image\":{\"@type\":\"ImageObject\",\"inLanguage\":\"fr-FR\",\"@id\":\"https:\\\/\\\/secure.gravatar.com\\\/avatar\\\/4c81fed838786e9b53f540bf46533e750f5d292099ae3b66cfc6fb1982e29df7?s=96&d=mm&r=g\",\"url\":\"https:\\\/\\\/secure.gravatar.com\\\/avatar\\\/4c81fed838786e9b53f540bf46533e750f5d292099ae3b66cfc6fb1982e29df7?s=96&d=mm&r=g\",\"contentUrl\":\"https:\\\/\\\/secure.gravatar.com\\\/avatar\\\/4c81fed838786e9b53f540bf46533e750f5d292099ae3b66cfc6fb1982e29df7?s=96&d=mm&r=g\",\"caption\":\"admin\"},\"description\":\"admin\",\"url\":\"https:\\\/\\\/lasentinelle.dz\\\/author\\\/admin\\\/\"}]}<\/script>\n<!-- \/ Yoast SEO plugin. -->","yoast_head_json":{"title":"Constantine\u00a0: Cap sur la culture du safran - La Sentinelle","robots":{"index":"index","follow":"follow","max-snippet":"max-snippet:-1","max-image-preview":"max-image-preview:large","max-video-preview":"max-video-preview:-1"},"canonical":"https:\/\/lasentinelle.dz\/index.php\/2025\/09\/08\/constantine-cap-sur-la-culture-du-safran\/","og_locale":"fr_FR","og_type":"article","og_title":"Constantine\u00a0: Cap sur la culture du safran - La Sentinelle","og_description":"Cette \u00e9pice tr\u00e8s demand\u00e9e s&rsquo;enracine progressivement dans les terres constantinoises gr\u00e2ce \u00e0 une s\u00e9rie d&rsquo;exp\u00e9rimentations prometteuses. Le Centre de Recherche","og_url":"https:\/\/lasentinelle.dz\/index.php\/2025\/09\/08\/constantine-cap-sur-la-culture-du-safran\/","og_site_name":"La Sentinelle","article_publisher":"https:\/\/www.facebook.com\/La-Sentinelle-104059864394773","article_published_time":"2025-09-08T11:15:04+00:00","article_modified_time":"2025-09-08T11:15:05+00:00","og_image":[{"width":600,"height":409,"url":"https:\/\/lasentinelle.dz\/wp-content\/uploads\/2025\/09\/safran-1.jpg","type":"image\/jpeg"}],"author":"admin","twitter_card":"summary_large_image","twitter_misc":{"\u00c9crit par":"admin","Dur\u00e9e de lecture estim\u00e9e":"3 minutes"},"schema":{"@context":"https:\/\/schema.org","@graph":[{"@type":"Article","@id":"https:\/\/lasentinelle.dz\/index.php\/2025\/09\/08\/constantine-cap-sur-la-culture-du-safran\/#article","isPartOf":{"@id":"https:\/\/lasentinelle.dz\/index.php\/2025\/09\/08\/constantine-cap-sur-la-culture-du-safran\/"},"author":{"name":"admin","@id":"https:\/\/lasentinelle.dz\/#\/schema\/person\/729ee0024f24e0b8c5ec17232f8e8b41"},"headline":"Constantine\u00a0: Cap sur la culture du safran","datePublished":"2025-09-08T11:15:04+00:00","dateModified":"2025-09-08T11:15:05+00:00","mainEntityOfPage":{"@id":"https:\/\/lasentinelle.dz\/index.php\/2025\/09\/08\/constantine-cap-sur-la-culture-du-safran\/"},"wordCount":625,"commentCount":0,"publisher":{"@id":"https:\/\/lasentinelle.dz\/#organization"},"image":{"@id":"https:\/\/lasentinelle.dz\/index.php\/2025\/09\/08\/constantine-cap-sur-la-culture-du-safran\/#primaryimage"},"thumbnailUrl":"https:\/\/lasentinelle.dz\/wp-content\/uploads\/2025\/09\/safran-1.jpg","articleSection":["R\u00e9gions"],"inLanguage":"fr-FR","potentialAction":[{"@type":"CommentAction","name":"Comment","target":["https:\/\/lasentinelle.dz\/index.php\/2025\/09\/08\/constantine-cap-sur-la-culture-du-safran\/#respond"]}]},{"@type":"WebPage","@id":"https:\/\/lasentinelle.dz\/index.php\/2025\/09\/08\/constantine-cap-sur-la-culture-du-safran\/","url":"https:\/\/lasentinelle.dz\/index.php\/2025\/09\/08\/constantine-cap-sur-la-culture-du-safran\/","name":"Constantine\u00a0: Cap sur la culture du safran - La Sentinelle","isPartOf":{"@id":"https:\/\/lasentinelle.dz\/#website"},"primaryImageOfPage":{"@id":"https:\/\/lasentinelle.dz\/index.php\/2025\/09\/08\/constantine-cap-sur-la-culture-du-safran\/#primaryimage"},"image":{"@id":"https:\/\/lasentinelle.dz\/index.php\/2025\/09\/08\/constantine-cap-sur-la-culture-du-safran\/#primaryimage"},"thumbnailUrl":"https:\/\/lasentinelle.dz\/wp-content\/uploads\/2025\/09\/safran-1.jpg","datePublished":"2025-09-08T11:15:04+00:00","dateModified":"2025-09-08T11:15:05+00:00","breadcrumb":{"@id":"https:\/\/lasentinelle.dz\/index.php\/2025\/09\/08\/constantine-cap-sur-la-culture-du-safran\/#breadcrumb"},"inLanguage":"fr-FR","potentialAction":[{"@type":"ReadAction","target":["https:\/\/lasentinelle.dz\/index.php\/2025\/09\/08\/constantine-cap-sur-la-culture-du-safran\/"]}]},{"@type":"ImageObject","inLanguage":"fr-FR","@id":"https:\/\/lasentinelle.dz\/index.php\/2025\/09\/08\/constantine-cap-sur-la-culture-du-safran\/#primaryimage","url":"https:\/\/lasentinelle.dz\/wp-content\/uploads\/2025\/09\/safran-1.jpg","contentUrl":"https:\/\/lasentinelle.dz\/wp-content\/uploads\/2025\/09\/safran-1.jpg","width":600,"height":409},{"@type":"BreadcrumbList","@id":"https:\/\/lasentinelle.dz\/index.php\/2025\/09\/08\/constantine-cap-sur-la-culture-du-safran\/#breadcrumb","itemListElement":[{"@type":"ListItem","position":1,"name":"Accueil","item":"https:\/\/lasentinelle.dz\/"},{"@type":"ListItem","position":2,"name":"Constantine\u00a0: Cap sur la culture du safran"}]},{"@type":"WebSite","@id":"https:\/\/lasentinelle.dz\/#website","url":"https:\/\/lasentinelle.dz\/","name":"La Sentinelle","description":"Quotidien national d&#039;information","publisher":{"@id":"https:\/\/lasentinelle.dz\/#organization"},"potentialAction":[{"@type":"SearchAction","target":{"@type":"EntryPoint","urlTemplate":"https:\/\/lasentinelle.dz\/?s={search_term_string}"},"query-input":{"@type":"PropertyValueSpecification","valueRequired":true,"valueName":"search_term_string"}}],"inLanguage":"fr-FR"},{"@type":"Organization","@id":"https:\/\/lasentinelle.dz\/#organization","name":"Quotidien La Sentinelle","url":"https:\/\/lasentinelle.dz\/","logo":{"@type":"ImageObject","inLanguage":"fr-FR","@id":"https:\/\/lasentinelle.dz\/#\/schema\/logo\/image\/","url":"https:\/\/lasentinelle.dz\/wp-content\/uploads\/2021\/09\/logo-sentinelleSLOGAN-1.png","contentUrl":"https:\/\/lasentinelle.dz\/wp-content\/uploads\/2021\/09\/logo-sentinelleSLOGAN-1.png","width":615,"height":142,"caption":"Quotidien La Sentinelle"},"image":{"@id":"https:\/\/lasentinelle.dz\/#\/schema\/logo\/image\/"},"sameAs":["https:\/\/www.facebook.com\/La-Sentinelle-104059864394773"]},{"@type":"Person","@id":"https:\/\/lasentinelle.dz\/#\/schema\/person\/729ee0024f24e0b8c5ec17232f8e8b41","name":"admin","image":{"@type":"ImageObject","inLanguage":"fr-FR","@id":"https:\/\/secure.gravatar.com\/avatar\/4c81fed838786e9b53f540bf46533e750f5d292099ae3b66cfc6fb1982e29df7?s=96&d=mm&r=g","url":"https:\/\/secure.gravatar.com\/avatar\/4c81fed838786e9b53f540bf46533e750f5d292099ae3b66cfc6fb1982e29df7?s=96&d=mm&r=g","contentUrl":"https:\/\/secure.gravatar.com\/avatar\/4c81fed838786e9b53f540bf46533e750f5d292099ae3b66cfc6fb1982e29df7?s=96&d=mm&r=g","caption":"admin"},"description":"admin","url":"https:\/\/lasentinelle.dz\/author\/admin\/"}]}},"_links":{"self":[{"href":"https:\/\/lasentinelle.dz\/index.php\/wp-json\/wp\/v2\/posts\/73027","targetHints":{"allow":["GET"]}}],"collection":[{"href":"https:\/\/lasentinelle.dz\/index.php\/wp-json\/wp\/v2\/posts"}],"about":[{"href":"https:\/\/lasentinelle.dz\/index.php\/wp-json\/wp\/v2\/types\/post"}],"author":[{"embeddable":true,"href":"https:\/\/lasentinelle.dz\/index.php\/wp-json\/wp\/v2\/users\/6"}],"replies":[{"embeddable":true,"href":"https:\/\/lasentinelle.dz\/index.php\/wp-json\/wp\/v2\/comments?post=73027"}],"version-history":[{"count":1,"href":"https:\/\/lasentinelle.dz\/index.php\/wp-json\/wp\/v2\/posts\/73027\/revisions"}],"predecessor-version":[{"id":73029,"href":"https:\/\/lasentinelle.dz\/index.php\/wp-json\/wp\/v2\/posts\/73027\/revisions\/73029"}],"wp:featuredmedia":[{"embeddable":true,"href":"https:\/\/lasentinelle.dz\/index.php\/wp-json\/wp\/v2\/media\/73028"}],"wp:attachment":[{"href":"https:\/\/lasentinelle.dz\/index.php\/wp-json\/wp\/v2\/media?parent=73027"}],"wp:term":[{"taxonomy":"category","embeddable":true,"href":"https:\/\/lasentinelle.dz\/index.php\/wp-json\/wp\/v2\/categories?post=73027"},{"taxonomy":"post_tag","embeddable":true,"href":"https:\/\/lasentinelle.dz\/index.php\/wp-json\/wp\/v2\/tags?post=73027"}],"curies":[{"name":"wp","href":"https:\/\/api.w.org\/{rel}","templated":true}]}}