{"id":73030,"date":"2025-09-08T12:17:05","date_gmt":"2025-09-08T11:17:05","guid":{"rendered":"https:\/\/lasentinelle.dz\/?p=73030"},"modified":"2025-09-08T12:17:06","modified_gmt":"2025-09-08T11:17:06","slug":"fao-lindice-des-prix-alimentaires-stagne-en-aout","status":"publish","type":"post","link":"https:\/\/lasentinelle.dz\/index.php\/2025\/09\/08\/fao-lindice-des-prix-alimentaires-stagne-en-aout\/","title":{"rendered":"FAO\u00a0: L&rsquo;indice des prix alimentaires stagne en ao\u00fbt"},"content":{"rendered":"\n<p>Les prix mondiaux des denr\u00e9es alimentaires ont affich\u00e9 de la stabilit\u00e9 en ao\u00fbt 2025, l&rsquo;indice de r\u00e9f\u00e9rence de l&rsquo;Organisation des Nations Unies pour l&rsquo;alimentation et l&rsquo;agriculture (FAO) se maintenant \u00e0 130,1 points, soit un niveau quasi identique aux 130,0 points enregistr\u00e9s en juillet. Cette stabilit\u00e9 apparente masque toutefois des mouvements contrast\u00e9s selon les cat\u00e9gories de produits, t\u00e9moignant des tensions persistantes qui traversent les march\u00e9s agricoles mondiaux. D&rsquo;un c\u00f4t\u00e9, les c\u00e9r\u00e9ales et les produits laitiers ont exerc\u00e9 une pression baissi\u00e8re sur l&rsquo;indice g\u00e9n\u00e9ral, tandis que la viande, le sucre et les huiles v\u00e9g\u00e9tales ont tir\u00e9 les prix vers le haut. Sur un an, l&rsquo;\u00e9volution reste n\u00e9anmoins positive avec une progression de 8,4 points, soit 6,9 %, par rapport \u00e0 ao\u00fbt 2024. Cette hausse annuelle, bien que mod\u00e9r\u00e9e, contraste avec la chute spectaculaire de 30,1 points, repr\u00e9sentant 18,8 % de recul, par rapport au pic historique de mars 2022 qui avait marqu\u00e9 l&rsquo;apog\u00e9e de la crise alimentaire mondiale d\u00e9clench\u00e9e par le conflit russo-ukrainien.<\/p>\n\n\n\n<p>Les c\u00e9r\u00e9ales, pilier de l&rsquo;alimentation mondiale, ont connu une d\u00e9tente avec un indice en baisse de 0,8 point \u00e0 105,6 points. Cette diminution de 0,8 % par rapport \u00e0 juillet s&rsquo;accompagne d&rsquo;un recul plus marqu\u00e9 de 4,1 % sur un an. Le bl\u00e9, en particulier, a subi les effets d&rsquo;une offre mondiale abondante conjugu\u00e9e \u00e0 une demande d&rsquo;importation atone, notamment de la part des grands acheteurs asiatiques et nord-africains. Les r\u00e9coltes importantes en Russie et dans l&rsquo;Union europ\u00e9enne ont accentu\u00e9 cette pression baissi\u00e8re. \u00c0 l&rsquo;inverse, le ma\u00efs a progress\u00e9 pour le troisi\u00e8me mois cons\u00e9cutif, soutenu par les inqui\u00e9tudes li\u00e9es aux vagues de chaleur europ\u00e9ennes et \u00e0 la demande croissante pour l&rsquo;alimentation animale et la production d&rsquo;\u00e9thanol am\u00e9ricaine.<\/p>\n\n\n\n<p>L&rsquo;indice des huiles v\u00e9g\u00e9tales a enregistr\u00e9 la performance la plus remarquable du mois avec une progression de 2,3 points \u00e0 169,1 points, soit une hausse de 1,4 % qui porte cet indice \u00e0 son niveau le plus \u00e9lev\u00e9 depuis juillet 2022. Cette envol\u00e9e s&rsquo;explique principalement par la forte demande mondiale d&rsquo;huile de palme et l&rsquo;annonce de l&rsquo;Indon\u00e9sie d&rsquo;augmenter le taux d&rsquo;incorporation de biodiesel en 2026. Les huiles de tournesol et de colza ont \u00e9galement progress\u00e9 en raison du resserrement de l&rsquo;offre dans la r\u00e9gion de la mer Noire et en Europe, compensant largement le l\u00e9ger recul de l&rsquo;huile de soja face \u00e0 l&rsquo;abondance attendue de la r\u00e9colte 2025-2026. Le secteur de la viande a franchi un nouveau record historique avec un indice atteignant 128,0 points, soit une progression de 0,7 point par rapport \u00e0 juillet et de 5,9 points sur un an, repr\u00e9sentant une hausse de 4,9 %. Cette performance exceptionnelle r\u00e9sulte principalement de l&rsquo;envol\u00e9e continue des prix de la viande bovine et ovine. Les cours du b\u0153uf ont atteint des sommets in\u00e9dits, port\u00e9s par la forte demande am\u00e9ricaine qui a dynamis\u00e9 les exportations australiennes et par l&rsquo;app\u00e9tit chinois qui maintient les prix br\u00e9siliens \u00e0 des niveaux \u00e9lev\u00e9s malgr\u00e9 les droits de douane suppl\u00e9mentaires impos\u00e9s par Washington. La viande ovine poursuit sa mont\u00e9e pour le cinqui\u00e8me mois cons\u00e9cutif, p\u00e9nalis\u00e9e par la faiblesse des disponibilit\u00e9s oc\u00e9aniennes dont les volumes s&rsquo;orientent vers des march\u00e9s plus r\u00e9mun\u00e9rateurs comme les \u00c9tats-Unis et le Royaume-Uni. Les produits laitiers ont connu leur deuxi\u00e8me baisse mensuelle cons\u00e9cutive avec un indice reculant de 1,3 % \u00e0 152,6 points, tout en conservant une avance confortable de 16,2 points sur l&rsquo;ann\u00e9e pr\u00e9c\u00e9dente. Cette diminution refl\u00e8te le repli des prix du beurre, du fromage et du lait entier en poudre, seul le lait \u00e9cr\u00e9m\u00e9 en poudre r\u00e9sistant gr\u00e2ce \u00e0 la demande asiatique du Sud-Est et aux quantit\u00e9s limit\u00e9es d&rsquo;exc\u00e9dents n\u00e9o-z\u00e9landais. La forte production n\u00e9o-z\u00e9landaise et les approvisionnements r\u00e9guliers europ\u00e9ens ont accru les disponibilit\u00e9s mondiales de beurre, tandis que la demande asiatique reste mod\u00e9r\u00e9e. Enfin, le sucre a interrompu une s\u00e9rie de cinq baisses mensuelles avec une l\u00e9g\u00e8re progression de 0,2 % \u00e0 103,6 points, bien qu&rsquo;il demeure inf\u00e9rieur de 9,0 % \u00e0 son niveau d&rsquo;ao\u00fbt 2024. Cette reprise modeste s&rsquo;explique par les inqui\u00e9tudes concernant la production br\u00e9silienne, affect\u00e9e par des rendements r\u00e9duits de la canne \u00e0 sucre et de faibles taux de r\u00e9cup\u00e9ration dans les principales r\u00e9gions du Sud. La demande chinoise croissante soutient \u00e9galement les cours, m\u00eame si les perspectives de r\u00e9coltes plus abondantes en Inde et en Tha\u00eflande limitent la hausse globale.<\/p>\n\n\n\n<p>R.E.<\/p>\n","protected":false},"excerpt":{"rendered":"<p>Les prix mondiaux des denr\u00e9es alimentaires ont affich\u00e9 de la stabilit\u00e9 en ao\u00fbt 2025, l&rsquo;indice de r\u00e9f\u00e9rence de l&rsquo;Organisation des<\/p>\n","protected":false},"author":6,"featured_media":73031,"comment_status":"open","ping_status":"closed","sticky":false,"template":"","format":"standard","meta":{"colormag_page_container_layout":"default_layout","colormag_page_sidebar_layout":"default_layout","om_disable_all_campaigns":false,"_monsterinsights_skip_tracking":false,"_monsterinsights_sitenote_active":false,"_monsterinsights_sitenote_note":"","_monsterinsights_sitenote_category":0,"footnotes":"","_wpscppro_dont_share_socialmedia":false,"_wpscppro_custom_social_share_image":0,"_facebook_share_type":"default","_twitter_share_type":"default","_linkedin_share_type":"default","_pinterest_share_type":"default","_linkedin_share_type_page":"","_instagram_share_type":"default","_medium_share_type":"default","_threads_share_type":"default","_google_business_share_type":"default","_selected_social_profile":[],"_wpsp_enable_custom_social_template":false,"_wpsp_social_scheduling":{"enabled":false,"datetime":null,"platforms":[],"status":"template_only","dateOption":"today","timeOption":"now","customDays":"","customHours":"","customDate":"","customTime":"","schedulingType":"absolute"},"_wpsp_active_default_template":true},"categories":[29],"tags":[],"class_list":["post-73030","post","type-post","status-publish","format-standard","has-post-thumbnail","hentry","category-economie"],"aioseo_notices":[],"yoast_head":"<!-- This site is optimized with the Yoast SEO plugin v27.5 - https:\/\/yoast.com\/product\/yoast-seo-wordpress\/ -->\n<title>FAO\u00a0: L&rsquo;indice des prix alimentaires stagne en ao\u00fbt - La Sentinelle<\/title>\n<meta name=\"robots\" content=\"index, follow, max-snippet:-1, max-image-preview:large, max-video-preview:-1\" \/>\n<link rel=\"canonical\" href=\"https:\/\/lasentinelle.dz\/index.php\/2025\/09\/08\/fao-lindice-des-prix-alimentaires-stagne-en-aout\/\" \/>\n<meta property=\"og:locale\" content=\"fr_FR\" \/>\n<meta property=\"og:type\" content=\"article\" \/>\n<meta property=\"og:title\" content=\"FAO\u00a0: L&rsquo;indice des prix alimentaires stagne en ao\u00fbt - La Sentinelle\" \/>\n<meta property=\"og:description\" content=\"Les prix mondiaux des denr\u00e9es alimentaires ont affich\u00e9 de la stabilit\u00e9 en ao\u00fbt 2025, l&rsquo;indice de r\u00e9f\u00e9rence de l&rsquo;Organisation des\" \/>\n<meta property=\"og:url\" content=\"https:\/\/lasentinelle.dz\/index.php\/2025\/09\/08\/fao-lindice-des-prix-alimentaires-stagne-en-aout\/\" \/>\n<meta property=\"og:site_name\" content=\"La Sentinelle\" \/>\n<meta property=\"article:publisher\" content=\"https:\/\/www.facebook.com\/La-Sentinelle-104059864394773\" \/>\n<meta property=\"article:published_time\" content=\"2025-09-08T11:17:05+00:00\" \/>\n<meta property=\"article:modified_time\" content=\"2025-09-08T11:17:06+00:00\" \/>\n<meta property=\"og:image\" content=\"https:\/\/lasentinelle.dz\/wp-content\/uploads\/2025\/09\/fao-prix-produits.jpeg\" \/>\n\t<meta property=\"og:image:width\" content=\"400\" \/>\n\t<meta property=\"og:image:height\" content=\"300\" \/>\n\t<meta property=\"og:image:type\" content=\"image\/jpeg\" \/>\n<meta name=\"author\" content=\"admin\" \/>\n<meta name=\"twitter:card\" content=\"summary_large_image\" \/>\n<meta name=\"twitter:label1\" content=\"\u00c9crit par\" \/>\n\t<meta name=\"twitter:data1\" content=\"admin\" \/>\n\t<meta name=\"twitter:label2\" content=\"Dur\u00e9e de lecture estim\u00e9e\" \/>\n\t<meta name=\"twitter:data2\" content=\"4 minutes\" \/>\n<script type=\"application\/ld+json\" class=\"yoast-schema-graph\">{\"@context\":\"https:\\\/\\\/schema.org\",\"@graph\":[{\"@type\":\"Article\",\"@id\":\"https:\\\/\\\/lasentinelle.dz\\\/index.php\\\/2025\\\/09\\\/08\\\/fao-lindice-des-prix-alimentaires-stagne-en-aout\\\/#article\",\"isPartOf\":{\"@id\":\"https:\\\/\\\/lasentinelle.dz\\\/index.php\\\/2025\\\/09\\\/08\\\/fao-lindice-des-prix-alimentaires-stagne-en-aout\\\/\"},\"author\":{\"name\":\"admin\",\"@id\":\"https:\\\/\\\/lasentinelle.dz\\\/#\\\/schema\\\/person\\\/729ee0024f24e0b8c5ec17232f8e8b41\"},\"headline\":\"FAO\u00a0: L&rsquo;indice des prix alimentaires stagne en ao\u00fbt\",\"datePublished\":\"2025-09-08T11:17:05+00:00\",\"dateModified\":\"2025-09-08T11:17:06+00:00\",\"mainEntityOfPage\":{\"@id\":\"https:\\\/\\\/lasentinelle.dz\\\/index.php\\\/2025\\\/09\\\/08\\\/fao-lindice-des-prix-alimentaires-stagne-en-aout\\\/\"},\"wordCount\":798,\"commentCount\":0,\"publisher\":{\"@id\":\"https:\\\/\\\/lasentinelle.dz\\\/#organization\"},\"image\":{\"@id\":\"https:\\\/\\\/lasentinelle.dz\\\/index.php\\\/2025\\\/09\\\/08\\\/fao-lindice-des-prix-alimentaires-stagne-en-aout\\\/#primaryimage\"},\"thumbnailUrl\":\"https:\\\/\\\/lasentinelle.dz\\\/wp-content\\\/uploads\\\/2025\\\/09\\\/fao-prix-produits.jpeg\",\"articleSection\":[\"\u00c9conomie\"],\"inLanguage\":\"fr-FR\",\"potentialAction\":[{\"@type\":\"CommentAction\",\"name\":\"Comment\",\"target\":[\"https:\\\/\\\/lasentinelle.dz\\\/index.php\\\/2025\\\/09\\\/08\\\/fao-lindice-des-prix-alimentaires-stagne-en-aout\\\/#respond\"]}]},{\"@type\":\"WebPage\",\"@id\":\"https:\\\/\\\/lasentinelle.dz\\\/index.php\\\/2025\\\/09\\\/08\\\/fao-lindice-des-prix-alimentaires-stagne-en-aout\\\/\",\"url\":\"https:\\\/\\\/lasentinelle.dz\\\/index.php\\\/2025\\\/09\\\/08\\\/fao-lindice-des-prix-alimentaires-stagne-en-aout\\\/\",\"name\":\"FAO\u00a0: L&rsquo;indice des prix alimentaires stagne en ao\u00fbt - La Sentinelle\",\"isPartOf\":{\"@id\":\"https:\\\/\\\/lasentinelle.dz\\\/#website\"},\"primaryImageOfPage\":{\"@id\":\"https:\\\/\\\/lasentinelle.dz\\\/index.php\\\/2025\\\/09\\\/08\\\/fao-lindice-des-prix-alimentaires-stagne-en-aout\\\/#primaryimage\"},\"image\":{\"@id\":\"https:\\\/\\\/lasentinelle.dz\\\/index.php\\\/2025\\\/09\\\/08\\\/fao-lindice-des-prix-alimentaires-stagne-en-aout\\\/#primaryimage\"},\"thumbnailUrl\":\"https:\\\/\\\/lasentinelle.dz\\\/wp-content\\\/uploads\\\/2025\\\/09\\\/fao-prix-produits.jpeg\",\"datePublished\":\"2025-09-08T11:17:05+00:00\",\"dateModified\":\"2025-09-08T11:17:06+00:00\",\"breadcrumb\":{\"@id\":\"https:\\\/\\\/lasentinelle.dz\\\/index.php\\\/2025\\\/09\\\/08\\\/fao-lindice-des-prix-alimentaires-stagne-en-aout\\\/#breadcrumb\"},\"inLanguage\":\"fr-FR\",\"potentialAction\":[{\"@type\":\"ReadAction\",\"target\":[\"https:\\\/\\\/lasentinelle.dz\\\/index.php\\\/2025\\\/09\\\/08\\\/fao-lindice-des-prix-alimentaires-stagne-en-aout\\\/\"]}]},{\"@type\":\"ImageObject\",\"inLanguage\":\"fr-FR\",\"@id\":\"https:\\\/\\\/lasentinelle.dz\\\/index.php\\\/2025\\\/09\\\/08\\\/fao-lindice-des-prix-alimentaires-stagne-en-aout\\\/#primaryimage\",\"url\":\"https:\\\/\\\/lasentinelle.dz\\\/wp-content\\\/uploads\\\/2025\\\/09\\\/fao-prix-produits.jpeg\",\"contentUrl\":\"https:\\\/\\\/lasentinelle.dz\\\/wp-content\\\/uploads\\\/2025\\\/09\\\/fao-prix-produits.jpeg\",\"width\":400,\"height\":300},{\"@type\":\"BreadcrumbList\",\"@id\":\"https:\\\/\\\/lasentinelle.dz\\\/index.php\\\/2025\\\/09\\\/08\\\/fao-lindice-des-prix-alimentaires-stagne-en-aout\\\/#breadcrumb\",\"itemListElement\":[{\"@type\":\"ListItem\",\"position\":1,\"name\":\"Accueil\",\"item\":\"https:\\\/\\\/lasentinelle.dz\\\/\"},{\"@type\":\"ListItem\",\"position\":2,\"name\":\"FAO\u00a0: L&rsquo;indice des prix alimentaires stagne en ao\u00fbt\"}]},{\"@type\":\"WebSite\",\"@id\":\"https:\\\/\\\/lasentinelle.dz\\\/#website\",\"url\":\"https:\\\/\\\/lasentinelle.dz\\\/\",\"name\":\"La Sentinelle\",\"description\":\"Quotidien national d&#039;information\",\"publisher\":{\"@id\":\"https:\\\/\\\/lasentinelle.dz\\\/#organization\"},\"potentialAction\":[{\"@type\":\"SearchAction\",\"target\":{\"@type\":\"EntryPoint\",\"urlTemplate\":\"https:\\\/\\\/lasentinelle.dz\\\/?s={search_term_string}\"},\"query-input\":{\"@type\":\"PropertyValueSpecification\",\"valueRequired\":true,\"valueName\":\"search_term_string\"}}],\"inLanguage\":\"fr-FR\"},{\"@type\":\"Organization\",\"@id\":\"https:\\\/\\\/lasentinelle.dz\\\/#organization\",\"name\":\"Quotidien La Sentinelle\",\"url\":\"https:\\\/\\\/lasentinelle.dz\\\/\",\"logo\":{\"@type\":\"ImageObject\",\"inLanguage\":\"fr-FR\",\"@id\":\"https:\\\/\\\/lasentinelle.dz\\\/#\\\/schema\\\/logo\\\/image\\\/\",\"url\":\"https:\\\/\\\/lasentinelle.dz\\\/wp-content\\\/uploads\\\/2021\\\/09\\\/logo-sentinelleSLOGAN-1.png\",\"contentUrl\":\"https:\\\/\\\/lasentinelle.dz\\\/wp-content\\\/uploads\\\/2021\\\/09\\\/logo-sentinelleSLOGAN-1.png\",\"width\":615,\"height\":142,\"caption\":\"Quotidien La Sentinelle\"},\"image\":{\"@id\":\"https:\\\/\\\/lasentinelle.dz\\\/#\\\/schema\\\/logo\\\/image\\\/\"},\"sameAs\":[\"https:\\\/\\\/www.facebook.com\\\/La-Sentinelle-104059864394773\"]},{\"@type\":\"Person\",\"@id\":\"https:\\\/\\\/lasentinelle.dz\\\/#\\\/schema\\\/person\\\/729ee0024f24e0b8c5ec17232f8e8b41\",\"name\":\"admin\",\"image\":{\"@type\":\"ImageObject\",\"inLanguage\":\"fr-FR\",\"@id\":\"https:\\\/\\\/secure.gravatar.com\\\/avatar\\\/4c81fed838786e9b53f540bf46533e750f5d292099ae3b66cfc6fb1982e29df7?s=96&d=mm&r=g\",\"url\":\"https:\\\/\\\/secure.gravatar.com\\\/avatar\\\/4c81fed838786e9b53f540bf46533e750f5d292099ae3b66cfc6fb1982e29df7?s=96&d=mm&r=g\",\"contentUrl\":\"https:\\\/\\\/secure.gravatar.com\\\/avatar\\\/4c81fed838786e9b53f540bf46533e750f5d292099ae3b66cfc6fb1982e29df7?s=96&d=mm&r=g\",\"caption\":\"admin\"},\"description\":\"admin\",\"url\":\"https:\\\/\\\/lasentinelle.dz\\\/author\\\/admin\\\/\"}]}<\/script>\n<!-- \/ Yoast SEO plugin. -->","yoast_head_json":{"title":"FAO\u00a0: L&rsquo;indice des prix alimentaires stagne en ao\u00fbt - La Sentinelle","robots":{"index":"index","follow":"follow","max-snippet":"max-snippet:-1","max-image-preview":"max-image-preview:large","max-video-preview":"max-video-preview:-1"},"canonical":"https:\/\/lasentinelle.dz\/index.php\/2025\/09\/08\/fao-lindice-des-prix-alimentaires-stagne-en-aout\/","og_locale":"fr_FR","og_type":"article","og_title":"FAO\u00a0: L&rsquo;indice des prix alimentaires stagne en ao\u00fbt - La Sentinelle","og_description":"Les prix mondiaux des denr\u00e9es alimentaires ont affich\u00e9 de la stabilit\u00e9 en ao\u00fbt 2025, l&rsquo;indice de r\u00e9f\u00e9rence de l&rsquo;Organisation des","og_url":"https:\/\/lasentinelle.dz\/index.php\/2025\/09\/08\/fao-lindice-des-prix-alimentaires-stagne-en-aout\/","og_site_name":"La Sentinelle","article_publisher":"https:\/\/www.facebook.com\/La-Sentinelle-104059864394773","article_published_time":"2025-09-08T11:17:05+00:00","article_modified_time":"2025-09-08T11:17:06+00:00","og_image":[{"width":400,"height":300,"url":"https:\/\/lasentinelle.dz\/wp-content\/uploads\/2025\/09\/fao-prix-produits.jpeg","type":"image\/jpeg"}],"author":"admin","twitter_card":"summary_large_image","twitter_misc":{"\u00c9crit par":"admin","Dur\u00e9e de lecture estim\u00e9e":"4 minutes"},"schema":{"@context":"https:\/\/schema.org","@graph":[{"@type":"Article","@id":"https:\/\/lasentinelle.dz\/index.php\/2025\/09\/08\/fao-lindice-des-prix-alimentaires-stagne-en-aout\/#article","isPartOf":{"@id":"https:\/\/lasentinelle.dz\/index.php\/2025\/09\/08\/fao-lindice-des-prix-alimentaires-stagne-en-aout\/"},"author":{"name":"admin","@id":"https:\/\/lasentinelle.dz\/#\/schema\/person\/729ee0024f24e0b8c5ec17232f8e8b41"},"headline":"FAO\u00a0: L&rsquo;indice des prix alimentaires stagne en ao\u00fbt","datePublished":"2025-09-08T11:17:05+00:00","dateModified":"2025-09-08T11:17:06+00:00","mainEntityOfPage":{"@id":"https:\/\/lasentinelle.dz\/index.php\/2025\/09\/08\/fao-lindice-des-prix-alimentaires-stagne-en-aout\/"},"wordCount":798,"commentCount":0,"publisher":{"@id":"https:\/\/lasentinelle.dz\/#organization"},"image":{"@id":"https:\/\/lasentinelle.dz\/index.php\/2025\/09\/08\/fao-lindice-des-prix-alimentaires-stagne-en-aout\/#primaryimage"},"thumbnailUrl":"https:\/\/lasentinelle.dz\/wp-content\/uploads\/2025\/09\/fao-prix-produits.jpeg","articleSection":["\u00c9conomie"],"inLanguage":"fr-FR","potentialAction":[{"@type":"CommentAction","name":"Comment","target":["https:\/\/lasentinelle.dz\/index.php\/2025\/09\/08\/fao-lindice-des-prix-alimentaires-stagne-en-aout\/#respond"]}]},{"@type":"WebPage","@id":"https:\/\/lasentinelle.dz\/index.php\/2025\/09\/08\/fao-lindice-des-prix-alimentaires-stagne-en-aout\/","url":"https:\/\/lasentinelle.dz\/index.php\/2025\/09\/08\/fao-lindice-des-prix-alimentaires-stagne-en-aout\/","name":"FAO\u00a0: L&rsquo;indice des prix alimentaires stagne en ao\u00fbt - La Sentinelle","isPartOf":{"@id":"https:\/\/lasentinelle.dz\/#website"},"primaryImageOfPage":{"@id":"https:\/\/lasentinelle.dz\/index.php\/2025\/09\/08\/fao-lindice-des-prix-alimentaires-stagne-en-aout\/#primaryimage"},"image":{"@id":"https:\/\/lasentinelle.dz\/index.php\/2025\/09\/08\/fao-lindice-des-prix-alimentaires-stagne-en-aout\/#primaryimage"},"thumbnailUrl":"https:\/\/lasentinelle.dz\/wp-content\/uploads\/2025\/09\/fao-prix-produits.jpeg","datePublished":"2025-09-08T11:17:05+00:00","dateModified":"2025-09-08T11:17:06+00:00","breadcrumb":{"@id":"https:\/\/lasentinelle.dz\/index.php\/2025\/09\/08\/fao-lindice-des-prix-alimentaires-stagne-en-aout\/#breadcrumb"},"inLanguage":"fr-FR","potentialAction":[{"@type":"ReadAction","target":["https:\/\/lasentinelle.dz\/index.php\/2025\/09\/08\/fao-lindice-des-prix-alimentaires-stagne-en-aout\/"]}]},{"@type":"ImageObject","inLanguage":"fr-FR","@id":"https:\/\/lasentinelle.dz\/index.php\/2025\/09\/08\/fao-lindice-des-prix-alimentaires-stagne-en-aout\/#primaryimage","url":"https:\/\/lasentinelle.dz\/wp-content\/uploads\/2025\/09\/fao-prix-produits.jpeg","contentUrl":"https:\/\/lasentinelle.dz\/wp-content\/uploads\/2025\/09\/fao-prix-produits.jpeg","width":400,"height":300},{"@type":"BreadcrumbList","@id":"https:\/\/lasentinelle.dz\/index.php\/2025\/09\/08\/fao-lindice-des-prix-alimentaires-stagne-en-aout\/#breadcrumb","itemListElement":[{"@type":"ListItem","position":1,"name":"Accueil","item":"https:\/\/lasentinelle.dz\/"},{"@type":"ListItem","position":2,"name":"FAO\u00a0: L&rsquo;indice des prix alimentaires stagne en ao\u00fbt"}]},{"@type":"WebSite","@id":"https:\/\/lasentinelle.dz\/#website","url":"https:\/\/lasentinelle.dz\/","name":"La Sentinelle","description":"Quotidien national d&#039;information","publisher":{"@id":"https:\/\/lasentinelle.dz\/#organization"},"potentialAction":[{"@type":"SearchAction","target":{"@type":"EntryPoint","urlTemplate":"https:\/\/lasentinelle.dz\/?s={search_term_string}"},"query-input":{"@type":"PropertyValueSpecification","valueRequired":true,"valueName":"search_term_string"}}],"inLanguage":"fr-FR"},{"@type":"Organization","@id":"https:\/\/lasentinelle.dz\/#organization","name":"Quotidien La Sentinelle","url":"https:\/\/lasentinelle.dz\/","logo":{"@type":"ImageObject","inLanguage":"fr-FR","@id":"https:\/\/lasentinelle.dz\/#\/schema\/logo\/image\/","url":"https:\/\/lasentinelle.dz\/wp-content\/uploads\/2021\/09\/logo-sentinelleSLOGAN-1.png","contentUrl":"https:\/\/lasentinelle.dz\/wp-content\/uploads\/2021\/09\/logo-sentinelleSLOGAN-1.png","width":615,"height":142,"caption":"Quotidien La Sentinelle"},"image":{"@id":"https:\/\/lasentinelle.dz\/#\/schema\/logo\/image\/"},"sameAs":["https:\/\/www.facebook.com\/La-Sentinelle-104059864394773"]},{"@type":"Person","@id":"https:\/\/lasentinelle.dz\/#\/schema\/person\/729ee0024f24e0b8c5ec17232f8e8b41","name":"admin","image":{"@type":"ImageObject","inLanguage":"fr-FR","@id":"https:\/\/secure.gravatar.com\/avatar\/4c81fed838786e9b53f540bf46533e750f5d292099ae3b66cfc6fb1982e29df7?s=96&d=mm&r=g","url":"https:\/\/secure.gravatar.com\/avatar\/4c81fed838786e9b53f540bf46533e750f5d292099ae3b66cfc6fb1982e29df7?s=96&d=mm&r=g","contentUrl":"https:\/\/secure.gravatar.com\/avatar\/4c81fed838786e9b53f540bf46533e750f5d292099ae3b66cfc6fb1982e29df7?s=96&d=mm&r=g","caption":"admin"},"description":"admin","url":"https:\/\/lasentinelle.dz\/author\/admin\/"}]}},"_links":{"self":[{"href":"https:\/\/lasentinelle.dz\/index.php\/wp-json\/wp\/v2\/posts\/73030","targetHints":{"allow":["GET"]}}],"collection":[{"href":"https:\/\/lasentinelle.dz\/index.php\/wp-json\/wp\/v2\/posts"}],"about":[{"href":"https:\/\/lasentinelle.dz\/index.php\/wp-json\/wp\/v2\/types\/post"}],"author":[{"embeddable":true,"href":"https:\/\/lasentinelle.dz\/index.php\/wp-json\/wp\/v2\/users\/6"}],"replies":[{"embeddable":true,"href":"https:\/\/lasentinelle.dz\/index.php\/wp-json\/wp\/v2\/comments?post=73030"}],"version-history":[{"count":2,"href":"https:\/\/lasentinelle.dz\/index.php\/wp-json\/wp\/v2\/posts\/73030\/revisions"}],"predecessor-version":[{"id":73033,"href":"https:\/\/lasentinelle.dz\/index.php\/wp-json\/wp\/v2\/posts\/73030\/revisions\/73033"}],"wp:featuredmedia":[{"embeddable":true,"href":"https:\/\/lasentinelle.dz\/index.php\/wp-json\/wp\/v2\/media\/73031"}],"wp:attachment":[{"href":"https:\/\/lasentinelle.dz\/index.php\/wp-json\/wp\/v2\/media?parent=73030"}],"wp:term":[{"taxonomy":"category","embeddable":true,"href":"https:\/\/lasentinelle.dz\/index.php\/wp-json\/wp\/v2\/categories?post=73030"},{"taxonomy":"post_tag","embeddable":true,"href":"https:\/\/lasentinelle.dz\/index.php\/wp-json\/wp\/v2\/tags?post=73030"}],"curies":[{"name":"wp","href":"https:\/\/api.w.org\/{rel}","templated":true}]}}