{"id":73034,"date":"2025-09-08T12:17:45","date_gmt":"2025-09-08T11:17:45","guid":{"rendered":"https:\/\/lasentinelle.dz\/?p=73034"},"modified":"2025-09-08T12:17:46","modified_gmt":"2025-09-08T11:17:46","slug":"offre-de-petrole-lopep-engage-un-nouveau-cycle-de-hausse","status":"publish","type":"post","link":"https:\/\/lasentinelle.dz\/index.php\/2025\/09\/08\/offre-de-petrole-lopep-engage-un-nouveau-cycle-de-hausse\/","title":{"rendered":"Offre de p\u00e9trole\u00a0: L&rsquo;Opep+ engage un nouveau cycle de hausse"},"content":{"rendered":"\n<p>L\u2019Alg\u00e9rie et sept autres pays de l\u2019alliance Opep+ engagent un nouveau cycle de r\u00e9duction de leurs coupes volontaires de la production.<\/p>\n\n\n\n<p>L&rsquo;Organisation des pays exportateurs de p\u00e9trole et ses alli\u00e9s (Opep+) a d\u00e9cid\u00e9 dimanche d&rsquo;augmenter une nouvelle fois sa production de 137.000 barils par jour d\u00e8s le mois d&rsquo;octobre, marquant une nouvelle \u00e9tape dans l&rsquo;assouplissement progressif des restrictions mises en place depuis avril 2023. Cette d\u00e9cision, prise lors d&rsquo;une r\u00e9union virtuelle des huit pays membres ayant appliqu\u00e9 des r\u00e9ductions volontaires, t\u00e9moigne d&rsquo;une confiance retrouv\u00e9e dans la stabilit\u00e9 du march\u00e9 p\u00e9trolier mondial. L&rsquo;Alg\u00e9rie, l&rsquo;Arabie saoudite, les Emirats arabes unis, l&rsquo;Irak, le Kazakhstan, le Kowe\u00eft, Oman et la Russie ont ainsi convenu de ce nouvel ajustement \u00e0 la hausse, pr\u00e9lev\u00e9 sur les \u00ab 1,65 million de barils par jour d&rsquo;ajustements volontaires suppl\u00e9mentaires annonc\u00e9s en avril 2023 \u00bb. Pour l&rsquo;Alg\u00e9rie, cette hausse se traduira par une augmentation de 4.000 barils par jour de sa production nationale. Cette d\u00e9cision s&rsquo;inscrit dans une strat\u00e9gie d&rsquo;assouplissement calcul\u00e9 qui avait d\u00e9j\u00e0 vu ces huit pays entamer un retour progressif de leurs r\u00e9ductions volontaires depuis avril dernier. Initialement pr\u00e9vu pour s&rsquo;\u00e9taler jusqu&rsquo;\u00e0 fin 2026, ce plan de hausses mensuelles \u00e9chelonn\u00e9es a finalement \u00e9t\u00e9 acc\u00e9l\u00e9r\u00e9 et sera achev\u00e9 d\u00e8s septembre prochain. \u00ab Cette d\u00e9cision traduit une approche prudente et \u00e9quilibr\u00e9e \u00bb, a soulign\u00e9 le ministre de l\u2019Energie, des Mines et des Energies renouvelables Mohamed Arkab \u00e0 l\u2019issue de la r\u00e9union, mettant en avant une strat\u00e9gie de gestion fine des \u00e9quilibres du march\u00e9. Les motivations de cette nouvelle hausse reposent sur des \u00ab perspectives \u00e9conomiques mondiales stables et des fondamentaux sains actuels du march\u00e9 \u00bb, comme l&rsquo;indique le communiqu\u00e9 de l&rsquo;Opep. Les \u00ab faibles stocks de p\u00e9trole \u00bb mondiaux constituent un indicateur particuli\u00e8rement scrut\u00e9 par les pays producteurs, t\u00e9moignant d&rsquo;une demande soutenue qui justifie cette remont\u00e9e progressive de l&rsquo;offre. \u00ab Bien que le march\u00e9 p\u00e9trolier reste marqu\u00e9 par certaines incertitudes, la demande mondiale demeure globalement soutenue mais devrait cro\u00eetre \u00e0 un rythme plus mod\u00e9r\u00e9 au cours des prochains mois \u00bb, a pr\u00e9cis\u00e9 Arkab.<\/p>\n\n\n\n<p>L&rsquo;enjeu central de cette strat\u00e9gie r\u00e9side dans le maintien d&rsquo;un \u00e9quilibre d\u00e9licat entre la satisfaction de la demande croissante et la pr\u00e9servation de la stabilit\u00e9 des prix. \u00ab Cette d\u00e9cision refl\u00e8te la volont\u00e9 du groupe des huit pays de l&rsquo;Opep+ d&rsquo;agir avec responsabilit\u00e9 et de pr\u00e9server la stabilit\u00e9 du march\u00e9, tout en maintenant la flexibilit\u00e9 n\u00e9cessaire pour r\u00e9\u00e9valuer notre position si l&rsquo;\u00e9volution des conditions l&rsquo;exige \u00bb, a expliqu\u00e9 Mohamed Arkab.<\/p>\n\n\n\n<p>La flexibilit\u00e9 demeure le ma\u00eetre-mot de cette approche. Les huit pays ont r\u00e9affirm\u00e9 \u00ab l&rsquo;importance d&rsquo;adopter une approche prudente et de conserver une flexibilit\u00e9 totale pour suspendre ou inverser les ajustements volontaires suppl\u00e9mentaires de production \u00bb, gardant ainsi la main sur l&rsquo;\u00e9volution future de leur strat\u00e9gie. Cette marge de man\u0153uvre s&rsquo;av\u00e8re cruciale dans un contexte g\u00e9opolitique et \u00e9conomique mondial marqu\u00e9 par l&rsquo;incertitude.<\/p>\n\n\n\n<p>Au-del\u00e0 des consid\u00e9rations de march\u00e9, cette d\u00e9cision r\u00e9v\u00e8le \u00e9galement des pr\u00e9occupations de discipline interne. Les huit pays ont confirm\u00e9 \u00ab leur intention de compenser int\u00e9gralement tout volume surproduit depuis janvier 2024 \u00bb, t\u00e9moignant d&rsquo;une volont\u00e9 de renforcer le respect des quotas au sein de l&rsquo;alliance. Cette mesure \u00ab offrira une opportunit\u00e9 aux pays participants d&rsquo;acc\u00e9l\u00e9rer leur compensation \u00bb, permettant de r\u00e9gulariser les \u00e9ventuels d\u00e9passements de production constat\u00e9s ces derniers mois.<\/p>\n\n\n\n<p>L&rsquo;architecture de gouvernance de l&rsquo;Opep+ se renforce \u00e9galement avec la programmation de \u00ab r\u00e9unions mensuelles pour examiner les conditions du march\u00e9, la conformit\u00e9 et la compensation \u00bb. Cette cadence rapproch\u00e9e, dont la prochaine \u00e9ch\u00e9ance est fix\u00e9e au 5 octobre, illustre la volont\u00e9 de l&rsquo;organisation de maintenir un pilotage fin de sa strat\u00e9gie dans un environnement en perp\u00e9tuelle \u00e9volution.<\/p>\n\n\n\n<p>Avec cette nouvelle augmentation, l&rsquo;Arabie saoudite, la Russie, l&rsquo;Irak, les Emirats arabes unis, le Kowe\u00eft, le Kazakhstan, Oman et l&rsquo;Alg\u00e9rie, qui ont d\u00e9j\u00e0 rehauss\u00e9 leur production de 2,2 millions de barils par jour ces derniers mois, entament d\u00e9sormais un nouveau cycle qui pourrait voir jusqu&rsquo;\u00e0 1,65 million de barils par jour suppl\u00e9mentaires revenir progressivement sur le march\u00e9. Ils engagent un retour acc\u00e9l\u00e9r\u00e9 de cette production avec un processus qui devrait s\u2019achever en septembre 2026, au&nbsp;lieu de la fin de l\u2019ann\u00e9e prochaine comme pr\u00e9vu initialement.<\/p>\n\n\n\n<p>Samira Ghrib<\/p>\n","protected":false},"excerpt":{"rendered":"<p>L\u2019Alg\u00e9rie et sept autres pays de l\u2019alliance Opep+ engagent un nouveau cycle de r\u00e9duction de leurs coupes volontaires de la<\/p>\n","protected":false},"author":6,"featured_media":68081,"comment_status":"open","ping_status":"closed","sticky":false,"template":"","format":"standard","meta":{"colormag_page_container_layout":"default_layout","colormag_page_sidebar_layout":"default_layout","om_disable_all_campaigns":false,"_monsterinsights_skip_tracking":false,"_monsterinsights_sitenote_active":false,"_monsterinsights_sitenote_note":"","_monsterinsights_sitenote_category":0,"footnotes":"","_wpscppro_dont_share_socialmedia":false,"_wpscppro_custom_social_share_image":0,"_facebook_share_type":"default","_twitter_share_type":"default","_linkedin_share_type":"default","_pinterest_share_type":"default","_linkedin_share_type_page":"","_instagram_share_type":"default","_medium_share_type":"default","_threads_share_type":"default","_google_business_share_type":"default","_selected_social_profile":[],"_wpsp_enable_custom_social_template":false,"_wpsp_social_scheduling":{"enabled":false,"datetime":null,"platforms":[],"status":"template_only","dateOption":"today","timeOption":"now","customDays":"","customHours":"","customDate":"","customTime":"","schedulingType":"absolute"},"_wpsp_active_default_template":true},"categories":[52,29],"tags":[],"class_list":["post-73034","post","type-post","status-publish","format-standard","has-post-thumbnail","hentry","category-a-la-une","category-economie"],"aioseo_notices":[],"yoast_head":"<!-- This site is optimized with the Yoast SEO plugin v27.5 - https:\/\/yoast.com\/product\/yoast-seo-wordpress\/ -->\n<title>Offre de p\u00e9trole\u00a0: L&rsquo;Opep+ engage un nouveau cycle de hausse - La Sentinelle<\/title>\n<meta name=\"robots\" content=\"index, follow, max-snippet:-1, max-image-preview:large, max-video-preview:-1\" \/>\n<link rel=\"canonical\" href=\"https:\/\/lasentinelle.dz\/index.php\/2025\/09\/08\/offre-de-petrole-lopep-engage-un-nouveau-cycle-de-hausse\/\" \/>\n<meta property=\"og:locale\" content=\"fr_FR\" \/>\n<meta property=\"og:type\" content=\"article\" \/>\n<meta property=\"og:title\" content=\"Offre de p\u00e9trole\u00a0: L&rsquo;Opep+ engage un nouveau cycle de hausse - La Sentinelle\" \/>\n<meta property=\"og:description\" content=\"L\u2019Alg\u00e9rie et sept autres pays de l\u2019alliance Opep+ engagent un nouveau cycle de r\u00e9duction de leurs coupes volontaires de la\" \/>\n<meta property=\"og:url\" content=\"https:\/\/lasentinelle.dz\/index.php\/2025\/09\/08\/offre-de-petrole-lopep-engage-un-nouveau-cycle-de-hausse\/\" \/>\n<meta property=\"og:site_name\" content=\"La Sentinelle\" \/>\n<meta property=\"article:publisher\" content=\"https:\/\/www.facebook.com\/La-Sentinelle-104059864394773\" \/>\n<meta property=\"article:published_time\" content=\"2025-09-08T11:17:45+00:00\" \/>\n<meta property=\"article:modified_time\" content=\"2025-09-08T11:17:46+00:00\" \/>\n<meta property=\"og:image\" content=\"https:\/\/lasentinelle.dz\/wp-content\/uploads\/2025\/05\/Opep-1.jpeg\" \/>\n\t<meta property=\"og:image:width\" content=\"620\" \/>\n\t<meta property=\"og:image:height\" content=\"413\" \/>\n\t<meta property=\"og:image:type\" content=\"image\/jpeg\" \/>\n<meta name=\"author\" content=\"admin\" \/>\n<meta name=\"twitter:card\" content=\"summary_large_image\" \/>\n<meta name=\"twitter:label1\" content=\"\u00c9crit par\" \/>\n\t<meta name=\"twitter:data1\" content=\"admin\" \/>\n\t<meta name=\"twitter:label2\" content=\"Dur\u00e9e de lecture estim\u00e9e\" \/>\n\t<meta name=\"twitter:data2\" content=\"4 minutes\" \/>\n<script type=\"application\/ld+json\" class=\"yoast-schema-graph\">{\"@context\":\"https:\\\/\\\/schema.org\",\"@graph\":[{\"@type\":\"Article\",\"@id\":\"https:\\\/\\\/lasentinelle.dz\\\/index.php\\\/2025\\\/09\\\/08\\\/offre-de-petrole-lopep-engage-un-nouveau-cycle-de-hausse\\\/#article\",\"isPartOf\":{\"@id\":\"https:\\\/\\\/lasentinelle.dz\\\/index.php\\\/2025\\\/09\\\/08\\\/offre-de-petrole-lopep-engage-un-nouveau-cycle-de-hausse\\\/\"},\"author\":{\"name\":\"admin\",\"@id\":\"https:\\\/\\\/lasentinelle.dz\\\/#\\\/schema\\\/person\\\/729ee0024f24e0b8c5ec17232f8e8b41\"},\"headline\":\"Offre de p\u00e9trole\u00a0: L&rsquo;Opep+ engage un nouveau cycle de hausse\",\"datePublished\":\"2025-09-08T11:17:45+00:00\",\"dateModified\":\"2025-09-08T11:17:46+00:00\",\"mainEntityOfPage\":{\"@id\":\"https:\\\/\\\/lasentinelle.dz\\\/index.php\\\/2025\\\/09\\\/08\\\/offre-de-petrole-lopep-engage-un-nouveau-cycle-de-hausse\\\/\"},\"wordCount\":786,\"commentCount\":0,\"publisher\":{\"@id\":\"https:\\\/\\\/lasentinelle.dz\\\/#organization\"},\"image\":{\"@id\":\"https:\\\/\\\/lasentinelle.dz\\\/index.php\\\/2025\\\/09\\\/08\\\/offre-de-petrole-lopep-engage-un-nouveau-cycle-de-hausse\\\/#primaryimage\"},\"thumbnailUrl\":\"https:\\\/\\\/lasentinelle.dz\\\/wp-content\\\/uploads\\\/2025\\\/05\\\/Opep-1.jpeg\",\"articleSection\":[\"\u00c0 la Une\",\"\u00c9conomie\"],\"inLanguage\":\"fr-FR\",\"potentialAction\":[{\"@type\":\"CommentAction\",\"name\":\"Comment\",\"target\":[\"https:\\\/\\\/lasentinelle.dz\\\/index.php\\\/2025\\\/09\\\/08\\\/offre-de-petrole-lopep-engage-un-nouveau-cycle-de-hausse\\\/#respond\"]}]},{\"@type\":\"WebPage\",\"@id\":\"https:\\\/\\\/lasentinelle.dz\\\/index.php\\\/2025\\\/09\\\/08\\\/offre-de-petrole-lopep-engage-un-nouveau-cycle-de-hausse\\\/\",\"url\":\"https:\\\/\\\/lasentinelle.dz\\\/index.php\\\/2025\\\/09\\\/08\\\/offre-de-petrole-lopep-engage-un-nouveau-cycle-de-hausse\\\/\",\"name\":\"Offre de p\u00e9trole\u00a0: L&rsquo;Opep+ engage un nouveau cycle de hausse - La Sentinelle\",\"isPartOf\":{\"@id\":\"https:\\\/\\\/lasentinelle.dz\\\/#website\"},\"primaryImageOfPage\":{\"@id\":\"https:\\\/\\\/lasentinelle.dz\\\/index.php\\\/2025\\\/09\\\/08\\\/offre-de-petrole-lopep-engage-un-nouveau-cycle-de-hausse\\\/#primaryimage\"},\"image\":{\"@id\":\"https:\\\/\\\/lasentinelle.dz\\\/index.php\\\/2025\\\/09\\\/08\\\/offre-de-petrole-lopep-engage-un-nouveau-cycle-de-hausse\\\/#primaryimage\"},\"thumbnailUrl\":\"https:\\\/\\\/lasentinelle.dz\\\/wp-content\\\/uploads\\\/2025\\\/05\\\/Opep-1.jpeg\",\"datePublished\":\"2025-09-08T11:17:45+00:00\",\"dateModified\":\"2025-09-08T11:17:46+00:00\",\"breadcrumb\":{\"@id\":\"https:\\\/\\\/lasentinelle.dz\\\/index.php\\\/2025\\\/09\\\/08\\\/offre-de-petrole-lopep-engage-un-nouveau-cycle-de-hausse\\\/#breadcrumb\"},\"inLanguage\":\"fr-FR\",\"potentialAction\":[{\"@type\":\"ReadAction\",\"target\":[\"https:\\\/\\\/lasentinelle.dz\\\/index.php\\\/2025\\\/09\\\/08\\\/offre-de-petrole-lopep-engage-un-nouveau-cycle-de-hausse\\\/\"]}]},{\"@type\":\"ImageObject\",\"inLanguage\":\"fr-FR\",\"@id\":\"https:\\\/\\\/lasentinelle.dz\\\/index.php\\\/2025\\\/09\\\/08\\\/offre-de-petrole-lopep-engage-un-nouveau-cycle-de-hausse\\\/#primaryimage\",\"url\":\"https:\\\/\\\/lasentinelle.dz\\\/wp-content\\\/uploads\\\/2025\\\/05\\\/Opep-1.jpeg\",\"contentUrl\":\"https:\\\/\\\/lasentinelle.dz\\\/wp-content\\\/uploads\\\/2025\\\/05\\\/Opep-1.jpeg\",\"width\":620,\"height\":413},{\"@type\":\"BreadcrumbList\",\"@id\":\"https:\\\/\\\/lasentinelle.dz\\\/index.php\\\/2025\\\/09\\\/08\\\/offre-de-petrole-lopep-engage-un-nouveau-cycle-de-hausse\\\/#breadcrumb\",\"itemListElement\":[{\"@type\":\"ListItem\",\"position\":1,\"name\":\"Accueil\",\"item\":\"https:\\\/\\\/lasentinelle.dz\\\/\"},{\"@type\":\"ListItem\",\"position\":2,\"name\":\"Offre de p\u00e9trole\u00a0: L&rsquo;Opep+ engage un nouveau cycle de hausse\"}]},{\"@type\":\"WebSite\",\"@id\":\"https:\\\/\\\/lasentinelle.dz\\\/#website\",\"url\":\"https:\\\/\\\/lasentinelle.dz\\\/\",\"name\":\"La Sentinelle\",\"description\":\"Quotidien national d&#039;information\",\"publisher\":{\"@id\":\"https:\\\/\\\/lasentinelle.dz\\\/#organization\"},\"potentialAction\":[{\"@type\":\"SearchAction\",\"target\":{\"@type\":\"EntryPoint\",\"urlTemplate\":\"https:\\\/\\\/lasentinelle.dz\\\/?s={search_term_string}\"},\"query-input\":{\"@type\":\"PropertyValueSpecification\",\"valueRequired\":true,\"valueName\":\"search_term_string\"}}],\"inLanguage\":\"fr-FR\"},{\"@type\":\"Organization\",\"@id\":\"https:\\\/\\\/lasentinelle.dz\\\/#organization\",\"name\":\"Quotidien La Sentinelle\",\"url\":\"https:\\\/\\\/lasentinelle.dz\\\/\",\"logo\":{\"@type\":\"ImageObject\",\"inLanguage\":\"fr-FR\",\"@id\":\"https:\\\/\\\/lasentinelle.dz\\\/#\\\/schema\\\/logo\\\/image\\\/\",\"url\":\"https:\\\/\\\/lasentinelle.dz\\\/wp-content\\\/uploads\\\/2021\\\/09\\\/logo-sentinelleSLOGAN-1.png\",\"contentUrl\":\"https:\\\/\\\/lasentinelle.dz\\\/wp-content\\\/uploads\\\/2021\\\/09\\\/logo-sentinelleSLOGAN-1.png\",\"width\":615,\"height\":142,\"caption\":\"Quotidien La Sentinelle\"},\"image\":{\"@id\":\"https:\\\/\\\/lasentinelle.dz\\\/#\\\/schema\\\/logo\\\/image\\\/\"},\"sameAs\":[\"https:\\\/\\\/www.facebook.com\\\/La-Sentinelle-104059864394773\"]},{\"@type\":\"Person\",\"@id\":\"https:\\\/\\\/lasentinelle.dz\\\/#\\\/schema\\\/person\\\/729ee0024f24e0b8c5ec17232f8e8b41\",\"name\":\"admin\",\"image\":{\"@type\":\"ImageObject\",\"inLanguage\":\"fr-FR\",\"@id\":\"https:\\\/\\\/secure.gravatar.com\\\/avatar\\\/4c81fed838786e9b53f540bf46533e750f5d292099ae3b66cfc6fb1982e29df7?s=96&d=mm&r=g\",\"url\":\"https:\\\/\\\/secure.gravatar.com\\\/avatar\\\/4c81fed838786e9b53f540bf46533e750f5d292099ae3b66cfc6fb1982e29df7?s=96&d=mm&r=g\",\"contentUrl\":\"https:\\\/\\\/secure.gravatar.com\\\/avatar\\\/4c81fed838786e9b53f540bf46533e750f5d292099ae3b66cfc6fb1982e29df7?s=96&d=mm&r=g\",\"caption\":\"admin\"},\"description\":\"admin\",\"url\":\"https:\\\/\\\/lasentinelle.dz\\\/author\\\/admin\\\/\"}]}<\/script>\n<!-- \/ Yoast SEO plugin. -->","yoast_head_json":{"title":"Offre de p\u00e9trole\u00a0: L&rsquo;Opep+ engage un nouveau cycle de hausse - La Sentinelle","robots":{"index":"index","follow":"follow","max-snippet":"max-snippet:-1","max-image-preview":"max-image-preview:large","max-video-preview":"max-video-preview:-1"},"canonical":"https:\/\/lasentinelle.dz\/index.php\/2025\/09\/08\/offre-de-petrole-lopep-engage-un-nouveau-cycle-de-hausse\/","og_locale":"fr_FR","og_type":"article","og_title":"Offre de p\u00e9trole\u00a0: L&rsquo;Opep+ engage un nouveau cycle de hausse - La Sentinelle","og_description":"L\u2019Alg\u00e9rie et sept autres pays de l\u2019alliance Opep+ engagent un nouveau cycle de r\u00e9duction de leurs coupes volontaires de la","og_url":"https:\/\/lasentinelle.dz\/index.php\/2025\/09\/08\/offre-de-petrole-lopep-engage-un-nouveau-cycle-de-hausse\/","og_site_name":"La Sentinelle","article_publisher":"https:\/\/www.facebook.com\/La-Sentinelle-104059864394773","article_published_time":"2025-09-08T11:17:45+00:00","article_modified_time":"2025-09-08T11:17:46+00:00","og_image":[{"width":620,"height":413,"url":"https:\/\/lasentinelle.dz\/wp-content\/uploads\/2025\/05\/Opep-1.jpeg","type":"image\/jpeg"}],"author":"admin","twitter_card":"summary_large_image","twitter_misc":{"\u00c9crit par":"admin","Dur\u00e9e de lecture estim\u00e9e":"4 minutes"},"schema":{"@context":"https:\/\/schema.org","@graph":[{"@type":"Article","@id":"https:\/\/lasentinelle.dz\/index.php\/2025\/09\/08\/offre-de-petrole-lopep-engage-un-nouveau-cycle-de-hausse\/#article","isPartOf":{"@id":"https:\/\/lasentinelle.dz\/index.php\/2025\/09\/08\/offre-de-petrole-lopep-engage-un-nouveau-cycle-de-hausse\/"},"author":{"name":"admin","@id":"https:\/\/lasentinelle.dz\/#\/schema\/person\/729ee0024f24e0b8c5ec17232f8e8b41"},"headline":"Offre de p\u00e9trole\u00a0: L&rsquo;Opep+ engage un nouveau cycle de hausse","datePublished":"2025-09-08T11:17:45+00:00","dateModified":"2025-09-08T11:17:46+00:00","mainEntityOfPage":{"@id":"https:\/\/lasentinelle.dz\/index.php\/2025\/09\/08\/offre-de-petrole-lopep-engage-un-nouveau-cycle-de-hausse\/"},"wordCount":786,"commentCount":0,"publisher":{"@id":"https:\/\/lasentinelle.dz\/#organization"},"image":{"@id":"https:\/\/lasentinelle.dz\/index.php\/2025\/09\/08\/offre-de-petrole-lopep-engage-un-nouveau-cycle-de-hausse\/#primaryimage"},"thumbnailUrl":"https:\/\/lasentinelle.dz\/wp-content\/uploads\/2025\/05\/Opep-1.jpeg","articleSection":["\u00c0 la Une","\u00c9conomie"],"inLanguage":"fr-FR","potentialAction":[{"@type":"CommentAction","name":"Comment","target":["https:\/\/lasentinelle.dz\/index.php\/2025\/09\/08\/offre-de-petrole-lopep-engage-un-nouveau-cycle-de-hausse\/#respond"]}]},{"@type":"WebPage","@id":"https:\/\/lasentinelle.dz\/index.php\/2025\/09\/08\/offre-de-petrole-lopep-engage-un-nouveau-cycle-de-hausse\/","url":"https:\/\/lasentinelle.dz\/index.php\/2025\/09\/08\/offre-de-petrole-lopep-engage-un-nouveau-cycle-de-hausse\/","name":"Offre de p\u00e9trole\u00a0: L&rsquo;Opep+ engage un nouveau cycle de hausse - La Sentinelle","isPartOf":{"@id":"https:\/\/lasentinelle.dz\/#website"},"primaryImageOfPage":{"@id":"https:\/\/lasentinelle.dz\/index.php\/2025\/09\/08\/offre-de-petrole-lopep-engage-un-nouveau-cycle-de-hausse\/#primaryimage"},"image":{"@id":"https:\/\/lasentinelle.dz\/index.php\/2025\/09\/08\/offre-de-petrole-lopep-engage-un-nouveau-cycle-de-hausse\/#primaryimage"},"thumbnailUrl":"https:\/\/lasentinelle.dz\/wp-content\/uploads\/2025\/05\/Opep-1.jpeg","datePublished":"2025-09-08T11:17:45+00:00","dateModified":"2025-09-08T11:17:46+00:00","breadcrumb":{"@id":"https:\/\/lasentinelle.dz\/index.php\/2025\/09\/08\/offre-de-petrole-lopep-engage-un-nouveau-cycle-de-hausse\/#breadcrumb"},"inLanguage":"fr-FR","potentialAction":[{"@type":"ReadAction","target":["https:\/\/lasentinelle.dz\/index.php\/2025\/09\/08\/offre-de-petrole-lopep-engage-un-nouveau-cycle-de-hausse\/"]}]},{"@type":"ImageObject","inLanguage":"fr-FR","@id":"https:\/\/lasentinelle.dz\/index.php\/2025\/09\/08\/offre-de-petrole-lopep-engage-un-nouveau-cycle-de-hausse\/#primaryimage","url":"https:\/\/lasentinelle.dz\/wp-content\/uploads\/2025\/05\/Opep-1.jpeg","contentUrl":"https:\/\/lasentinelle.dz\/wp-content\/uploads\/2025\/05\/Opep-1.jpeg","width":620,"height":413},{"@type":"BreadcrumbList","@id":"https:\/\/lasentinelle.dz\/index.php\/2025\/09\/08\/offre-de-petrole-lopep-engage-un-nouveau-cycle-de-hausse\/#breadcrumb","itemListElement":[{"@type":"ListItem","position":1,"name":"Accueil","item":"https:\/\/lasentinelle.dz\/"},{"@type":"ListItem","position":2,"name":"Offre de p\u00e9trole\u00a0: L&rsquo;Opep+ engage un nouveau cycle de hausse"}]},{"@type":"WebSite","@id":"https:\/\/lasentinelle.dz\/#website","url":"https:\/\/lasentinelle.dz\/","name":"La Sentinelle","description":"Quotidien national d&#039;information","publisher":{"@id":"https:\/\/lasentinelle.dz\/#organization"},"potentialAction":[{"@type":"SearchAction","target":{"@type":"EntryPoint","urlTemplate":"https:\/\/lasentinelle.dz\/?s={search_term_string}"},"query-input":{"@type":"PropertyValueSpecification","valueRequired":true,"valueName":"search_term_string"}}],"inLanguage":"fr-FR"},{"@type":"Organization","@id":"https:\/\/lasentinelle.dz\/#organization","name":"Quotidien La Sentinelle","url":"https:\/\/lasentinelle.dz\/","logo":{"@type":"ImageObject","inLanguage":"fr-FR","@id":"https:\/\/lasentinelle.dz\/#\/schema\/logo\/image\/","url":"https:\/\/lasentinelle.dz\/wp-content\/uploads\/2021\/09\/logo-sentinelleSLOGAN-1.png","contentUrl":"https:\/\/lasentinelle.dz\/wp-content\/uploads\/2021\/09\/logo-sentinelleSLOGAN-1.png","width":615,"height":142,"caption":"Quotidien La Sentinelle"},"image":{"@id":"https:\/\/lasentinelle.dz\/#\/schema\/logo\/image\/"},"sameAs":["https:\/\/www.facebook.com\/La-Sentinelle-104059864394773"]},{"@type":"Person","@id":"https:\/\/lasentinelle.dz\/#\/schema\/person\/729ee0024f24e0b8c5ec17232f8e8b41","name":"admin","image":{"@type":"ImageObject","inLanguage":"fr-FR","@id":"https:\/\/secure.gravatar.com\/avatar\/4c81fed838786e9b53f540bf46533e750f5d292099ae3b66cfc6fb1982e29df7?s=96&d=mm&r=g","url":"https:\/\/secure.gravatar.com\/avatar\/4c81fed838786e9b53f540bf46533e750f5d292099ae3b66cfc6fb1982e29df7?s=96&d=mm&r=g","contentUrl":"https:\/\/secure.gravatar.com\/avatar\/4c81fed838786e9b53f540bf46533e750f5d292099ae3b66cfc6fb1982e29df7?s=96&d=mm&r=g","caption":"admin"},"description":"admin","url":"https:\/\/lasentinelle.dz\/author\/admin\/"}]}},"_links":{"self":[{"href":"https:\/\/lasentinelle.dz\/index.php\/wp-json\/wp\/v2\/posts\/73034","targetHints":{"allow":["GET"]}}],"collection":[{"href":"https:\/\/lasentinelle.dz\/index.php\/wp-json\/wp\/v2\/posts"}],"about":[{"href":"https:\/\/lasentinelle.dz\/index.php\/wp-json\/wp\/v2\/types\/post"}],"author":[{"embeddable":true,"href":"https:\/\/lasentinelle.dz\/index.php\/wp-json\/wp\/v2\/users\/6"}],"replies":[{"embeddable":true,"href":"https:\/\/lasentinelle.dz\/index.php\/wp-json\/wp\/v2\/comments?post=73034"}],"version-history":[{"count":2,"href":"https:\/\/lasentinelle.dz\/index.php\/wp-json\/wp\/v2\/posts\/73034\/revisions"}],"predecessor-version":[{"id":73036,"href":"https:\/\/lasentinelle.dz\/index.php\/wp-json\/wp\/v2\/posts\/73034\/revisions\/73036"}],"wp:featuredmedia":[{"embeddable":true,"href":"https:\/\/lasentinelle.dz\/index.php\/wp-json\/wp\/v2\/media\/68081"}],"wp:attachment":[{"href":"https:\/\/lasentinelle.dz\/index.php\/wp-json\/wp\/v2\/media?parent=73034"}],"wp:term":[{"taxonomy":"category","embeddable":true,"href":"https:\/\/lasentinelle.dz\/index.php\/wp-json\/wp\/v2\/categories?post=73034"},{"taxonomy":"post_tag","embeddable":true,"href":"https:\/\/lasentinelle.dz\/index.php\/wp-json\/wp\/v2\/tags?post=73034"}],"curies":[{"name":"wp","href":"https:\/\/api.w.org\/{rel}","templated":true}]}}