{"id":73037,"date":"2025-09-08T12:18:40","date_gmt":"2025-09-08T11:18:40","guid":{"rendered":"https:\/\/lasentinelle.dz\/?p=73037"},"modified":"2025-09-08T12:18:41","modified_gmt":"2025-09-08T11:18:41","slug":"32-000-enfants-y-ont-pris-part-cloture-de-la-saison-de-camps-dete-2025","status":"publish","type":"post","link":"https:\/\/lasentinelle.dz\/index.php\/2025\/09\/08\/32-000-enfants-y-ont-pris-part-cloture-de-la-saison-de-camps-dete-2025\/","title":{"rendered":"32 000 enfants y ont pris part\u00a0: Cl\u00f4ture de la saison de camps d&rsquo;\u00e9t\u00e9 2025"},"content":{"rendered":"\n<p>Le ministre de la Jeunesse, charg\u00e9 du Conseil sup\u00e9rieur de la jeunesse, Mustapha Hidaoui, a pr\u00e9sid\u00e9 samedi soir au Centre international de la jeunesse de Sidi Fredj \u00e0 Alger la c\u00e9r\u00e9monie de cl\u00f4ture du programme des camps d&rsquo;\u00e9t\u00e9 2025. La c\u00e9r\u00e9monie s&rsquo;est d\u00e9roul\u00e9e en pr\u00e9sence de plusieurs membres du gouvernement et de repr\u00e9sentants de secteurs et organismes nationaux. Dans son intervention lors de cette c\u00e9r\u00e9monie, M. Hidaoui a confirm\u00e9 le succ\u00e8s de cette \u00e9dition qui a accueilli \u00ab\u00a032 000 enfants de diff\u00e9rentes r\u00e9gions du pays, en plus d&rsquo;enfants issus de la communaut\u00e9 nationale r\u00e9sidant \u00e0 l&rsquo;\u00e9tranger\u00a0\u00bb \u00e0 travers \u00ab\u00a0plus de 40 camps d&rsquo;\u00e9t\u00e9\u00a0\u00bb proposant \u00ab\u00a0des programmes et activit\u00e9s diversifi\u00e9s\u00a0\u00bb. Le ministre a pr\u00e9cis\u00e9 que ces camps d&rsquo;\u00e9t\u00e9 ont propos\u00e9 \u00ab\u00a0des activit\u00e9s \u00e9ducatives, r\u00e9cr\u00e9atives et culturelles\u00a0\u00bb et se sont distingu\u00e9s par \u00ab\u00a0un encadrement qualitatif\u00a0\u00bb, constituant des espaces d\u00e9di\u00e9s \u00e0 \u00ab\u00a0renforcer les valeurs nationales et le sens civique et d\u00e9couvrir les talents des enfants et d\u00e9velopper leurs comp\u00e9tences\u00a0\u00bb. M. Hidaoui a \u00e9galement annonc\u00e9 qu&rsquo;dans le cadre de la strat\u00e9gie du minist\u00e8re de la Jeunesse pour l&rsquo;ann\u00e9e en cours, les pr\u00e9paratifs sont en cours pour lancer \u00ab\u00a0la saison d&rsquo;activit\u00e9 unifi\u00e9e\u00a0\u00bb au niveau des institutions de jeunesse \u00e0 partir d&rsquo;octobre prochain, visant \u00e0 \u00ab\u00a0appliquer le projet d&rsquo;attractivit\u00e9 de l&rsquo;institution de jeunesse\u00a0\u00bb. La c\u00e9r\u00e9monie de cl\u00f4ture a \u00e9t\u00e9 marqu\u00e9e par une pr\u00e9sentation du programme des camps d&rsquo;\u00e9t\u00e9 de cette ann\u00e9e avec un focus sur les principaux r\u00e9sultats et activit\u00e9s. L&rsquo;\u00e9v\u00e9nement a \u00e9galement inclus la distinction des ministres des secteurs ayant contribu\u00e9 au succ\u00e8s de ces camps d&rsquo;\u00e9t\u00e9, ainsi que la reconnaissance de plusieurs enfants participants s&rsquo;\u00e9tant distingu\u00e9s par leurs cr\u00e9ations et des responsables de ces camps d&rsquo;\u00e9t\u00e9. Cette initiative s&rsquo;inscrit dans la politique gouvernementale de d\u00e9veloppement des activit\u00e9s de jeunesse et de promotion de l&rsquo;\u00e9ducation non formelle, offrant aux enfants des opportunit\u00e9s d&rsquo;\u00e9panouissement pendant les vacances scolaires. Ces camps sont \u00e9galement marqu\u00e9s par la participation d\u2019enfants de la diaspora alg\u00e9rienne dans le cadre d\u2019un programme qui vise \u00e0 maintenir les liens avec la communaut\u00e9 nationale \u00e0 l&rsquo;\u00e9tranger et \u00e0 transmettre les valeurs culturelles et patriotiques aux nouvelles g\u00e9n\u00e9rations.<\/p>\n\n\n\n<p>R.N.<\/p>\n","protected":false},"excerpt":{"rendered":"<p>Le ministre de la Jeunesse, charg\u00e9 du Conseil sup\u00e9rieur de la jeunesse, Mustapha Hidaoui, a pr\u00e9sid\u00e9 samedi soir au Centre<\/p>\n","protected":false},"author":6,"featured_media":0,"comment_status":"open","ping_status":"closed","sticky":false,"template":"","format":"standard","meta":{"colormag_page_container_layout":"default_layout","colormag_page_sidebar_layout":"default_layout","om_disable_all_campaigns":false,"_monsterinsights_skip_tracking":false,"_monsterinsights_sitenote_active":false,"_monsterinsights_sitenote_note":"","_monsterinsights_sitenote_category":0,"footnotes":"","_wpscppro_dont_share_socialmedia":false,"_wpscppro_custom_social_share_image":0,"_facebook_share_type":"default","_twitter_share_type":"default","_linkedin_share_type":"default","_pinterest_share_type":"default","_linkedin_share_type_page":"","_instagram_share_type":"default","_medium_share_type":"default","_threads_share_type":"default","_google_business_share_type":"default","_selected_social_profile":[],"_wpsp_enable_custom_social_template":false,"_wpsp_social_scheduling":{"enabled":false,"datetime":null,"platforms":[],"status":"template_only","dateOption":"today","timeOption":"now","customDays":"","customHours":"","customDate":"","customTime":"","schedulingType":"absolute"},"_wpsp_active_default_template":true},"categories":[27],"tags":[],"class_list":["post-73037","post","type-post","status-publish","format-standard","hentry","category-actualite"],"aioseo_notices":[],"yoast_head":"<!-- This site is optimized with the Yoast SEO plugin v27.5 - https:\/\/yoast.com\/product\/yoast-seo-wordpress\/ -->\n<title>32 000 enfants y ont pris part\u00a0: Cl\u00f4ture de la saison de camps d&rsquo;\u00e9t\u00e9 2025 - La Sentinelle<\/title>\n<meta name=\"robots\" content=\"index, follow, max-snippet:-1, max-image-preview:large, max-video-preview:-1\" \/>\n<link rel=\"canonical\" href=\"https:\/\/lasentinelle.dz\/index.php\/2025\/09\/08\/32-000-enfants-y-ont-pris-part-cloture-de-la-saison-de-camps-dete-2025\/\" \/>\n<meta property=\"og:locale\" content=\"fr_FR\" \/>\n<meta property=\"og:type\" content=\"article\" \/>\n<meta property=\"og:title\" content=\"32 000 enfants y ont pris part\u00a0: Cl\u00f4ture de la saison de camps d&rsquo;\u00e9t\u00e9 2025 - La Sentinelle\" \/>\n<meta property=\"og:description\" content=\"Le ministre de la Jeunesse, charg\u00e9 du Conseil sup\u00e9rieur de la jeunesse, Mustapha Hidaoui, a pr\u00e9sid\u00e9 samedi soir au Centre\" \/>\n<meta property=\"og:url\" content=\"https:\/\/lasentinelle.dz\/index.php\/2025\/09\/08\/32-000-enfants-y-ont-pris-part-cloture-de-la-saison-de-camps-dete-2025\/\" \/>\n<meta property=\"og:site_name\" content=\"La Sentinelle\" \/>\n<meta property=\"article:publisher\" content=\"https:\/\/www.facebook.com\/La-Sentinelle-104059864394773\" \/>\n<meta property=\"article:published_time\" content=\"2025-09-08T11:18:40+00:00\" \/>\n<meta property=\"article:modified_time\" content=\"2025-09-08T11:18:41+00:00\" \/>\n<meta name=\"author\" content=\"admin\" \/>\n<meta name=\"twitter:card\" content=\"summary_large_image\" \/>\n<meta name=\"twitter:label1\" content=\"\u00c9crit par\" \/>\n\t<meta name=\"twitter:data1\" content=\"admin\" \/>\n\t<meta name=\"twitter:label2\" content=\"Dur\u00e9e de lecture estim\u00e9e\" \/>\n\t<meta name=\"twitter:data2\" content=\"2 minutes\" \/>\n<script type=\"application\/ld+json\" class=\"yoast-schema-graph\">{\"@context\":\"https:\\\/\\\/schema.org\",\"@graph\":[{\"@type\":\"Article\",\"@id\":\"https:\\\/\\\/lasentinelle.dz\\\/index.php\\\/2025\\\/09\\\/08\\\/32-000-enfants-y-ont-pris-part-cloture-de-la-saison-de-camps-dete-2025\\\/#article\",\"isPartOf\":{\"@id\":\"https:\\\/\\\/lasentinelle.dz\\\/index.php\\\/2025\\\/09\\\/08\\\/32-000-enfants-y-ont-pris-part-cloture-de-la-saison-de-camps-dete-2025\\\/\"},\"author\":{\"name\":\"admin\",\"@id\":\"https:\\\/\\\/lasentinelle.dz\\\/#\\\/schema\\\/person\\\/729ee0024f24e0b8c5ec17232f8e8b41\"},\"headline\":\"32 000 enfants y ont pris part\u00a0: Cl\u00f4ture de la saison de camps d&rsquo;\u00e9t\u00e9 2025\",\"datePublished\":\"2025-09-08T11:18:40+00:00\",\"dateModified\":\"2025-09-08T11:18:41+00:00\",\"mainEntityOfPage\":{\"@id\":\"https:\\\/\\\/lasentinelle.dz\\\/index.php\\\/2025\\\/09\\\/08\\\/32-000-enfants-y-ont-pris-part-cloture-de-la-saison-de-camps-dete-2025\\\/\"},\"wordCount\":423,\"commentCount\":0,\"publisher\":{\"@id\":\"https:\\\/\\\/lasentinelle.dz\\\/#organization\"},\"articleSection\":[\"Actualit\u00e9\"],\"inLanguage\":\"fr-FR\",\"potentialAction\":[{\"@type\":\"CommentAction\",\"name\":\"Comment\",\"target\":[\"https:\\\/\\\/lasentinelle.dz\\\/index.php\\\/2025\\\/09\\\/08\\\/32-000-enfants-y-ont-pris-part-cloture-de-la-saison-de-camps-dete-2025\\\/#respond\"]}]},{\"@type\":\"WebPage\",\"@id\":\"https:\\\/\\\/lasentinelle.dz\\\/index.php\\\/2025\\\/09\\\/08\\\/32-000-enfants-y-ont-pris-part-cloture-de-la-saison-de-camps-dete-2025\\\/\",\"url\":\"https:\\\/\\\/lasentinelle.dz\\\/index.php\\\/2025\\\/09\\\/08\\\/32-000-enfants-y-ont-pris-part-cloture-de-la-saison-de-camps-dete-2025\\\/\",\"name\":\"32 000 enfants y ont pris part\u00a0: Cl\u00f4ture de la saison de camps d&rsquo;\u00e9t\u00e9 2025 - La Sentinelle\",\"isPartOf\":{\"@id\":\"https:\\\/\\\/lasentinelle.dz\\\/#website\"},\"datePublished\":\"2025-09-08T11:18:40+00:00\",\"dateModified\":\"2025-09-08T11:18:41+00:00\",\"breadcrumb\":{\"@id\":\"https:\\\/\\\/lasentinelle.dz\\\/index.php\\\/2025\\\/09\\\/08\\\/32-000-enfants-y-ont-pris-part-cloture-de-la-saison-de-camps-dete-2025\\\/#breadcrumb\"},\"inLanguage\":\"fr-FR\",\"potentialAction\":[{\"@type\":\"ReadAction\",\"target\":[\"https:\\\/\\\/lasentinelle.dz\\\/index.php\\\/2025\\\/09\\\/08\\\/32-000-enfants-y-ont-pris-part-cloture-de-la-saison-de-camps-dete-2025\\\/\"]}]},{\"@type\":\"BreadcrumbList\",\"@id\":\"https:\\\/\\\/lasentinelle.dz\\\/index.php\\\/2025\\\/09\\\/08\\\/32-000-enfants-y-ont-pris-part-cloture-de-la-saison-de-camps-dete-2025\\\/#breadcrumb\",\"itemListElement\":[{\"@type\":\"ListItem\",\"position\":1,\"name\":\"Accueil\",\"item\":\"https:\\\/\\\/lasentinelle.dz\\\/\"},{\"@type\":\"ListItem\",\"position\":2,\"name\":\"32 000 enfants y ont pris part\u00a0: Cl\u00f4ture de la saison de camps d&rsquo;\u00e9t\u00e9 2025\"}]},{\"@type\":\"WebSite\",\"@id\":\"https:\\\/\\\/lasentinelle.dz\\\/#website\",\"url\":\"https:\\\/\\\/lasentinelle.dz\\\/\",\"name\":\"La Sentinelle\",\"description\":\"Quotidien national d&#039;information\",\"publisher\":{\"@id\":\"https:\\\/\\\/lasentinelle.dz\\\/#organization\"},\"potentialAction\":[{\"@type\":\"SearchAction\",\"target\":{\"@type\":\"EntryPoint\",\"urlTemplate\":\"https:\\\/\\\/lasentinelle.dz\\\/?s={search_term_string}\"},\"query-input\":{\"@type\":\"PropertyValueSpecification\",\"valueRequired\":true,\"valueName\":\"search_term_string\"}}],\"inLanguage\":\"fr-FR\"},{\"@type\":\"Organization\",\"@id\":\"https:\\\/\\\/lasentinelle.dz\\\/#organization\",\"name\":\"Quotidien La Sentinelle\",\"url\":\"https:\\\/\\\/lasentinelle.dz\\\/\",\"logo\":{\"@type\":\"ImageObject\",\"inLanguage\":\"fr-FR\",\"@id\":\"https:\\\/\\\/lasentinelle.dz\\\/#\\\/schema\\\/logo\\\/image\\\/\",\"url\":\"https:\\\/\\\/lasentinelle.dz\\\/wp-content\\\/uploads\\\/2021\\\/09\\\/logo-sentinelleSLOGAN-1.png\",\"contentUrl\":\"https:\\\/\\\/lasentinelle.dz\\\/wp-content\\\/uploads\\\/2021\\\/09\\\/logo-sentinelleSLOGAN-1.png\",\"width\":615,\"height\":142,\"caption\":\"Quotidien La Sentinelle\"},\"image\":{\"@id\":\"https:\\\/\\\/lasentinelle.dz\\\/#\\\/schema\\\/logo\\\/image\\\/\"},\"sameAs\":[\"https:\\\/\\\/www.facebook.com\\\/La-Sentinelle-104059864394773\"]},{\"@type\":\"Person\",\"@id\":\"https:\\\/\\\/lasentinelle.dz\\\/#\\\/schema\\\/person\\\/729ee0024f24e0b8c5ec17232f8e8b41\",\"name\":\"admin\",\"image\":{\"@type\":\"ImageObject\",\"inLanguage\":\"fr-FR\",\"@id\":\"https:\\\/\\\/secure.gravatar.com\\\/avatar\\\/4c81fed838786e9b53f540bf46533e750f5d292099ae3b66cfc6fb1982e29df7?s=96&d=mm&r=g\",\"url\":\"https:\\\/\\\/secure.gravatar.com\\\/avatar\\\/4c81fed838786e9b53f540bf46533e750f5d292099ae3b66cfc6fb1982e29df7?s=96&d=mm&r=g\",\"contentUrl\":\"https:\\\/\\\/secure.gravatar.com\\\/avatar\\\/4c81fed838786e9b53f540bf46533e750f5d292099ae3b66cfc6fb1982e29df7?s=96&d=mm&r=g\",\"caption\":\"admin\"},\"description\":\"admin\",\"url\":\"https:\\\/\\\/lasentinelle.dz\\\/author\\\/admin\\\/\"}]}<\/script>\n<!-- \/ Yoast SEO plugin. -->","yoast_head_json":{"title":"32 000 enfants y ont pris part\u00a0: Cl\u00f4ture de la saison de camps d&rsquo;\u00e9t\u00e9 2025 - La Sentinelle","robots":{"index":"index","follow":"follow","max-snippet":"max-snippet:-1","max-image-preview":"max-image-preview:large","max-video-preview":"max-video-preview:-1"},"canonical":"https:\/\/lasentinelle.dz\/index.php\/2025\/09\/08\/32-000-enfants-y-ont-pris-part-cloture-de-la-saison-de-camps-dete-2025\/","og_locale":"fr_FR","og_type":"article","og_title":"32 000 enfants y ont pris part\u00a0: Cl\u00f4ture de la saison de camps d&rsquo;\u00e9t\u00e9 2025 - La Sentinelle","og_description":"Le ministre de la Jeunesse, charg\u00e9 du Conseil sup\u00e9rieur de la jeunesse, Mustapha Hidaoui, a pr\u00e9sid\u00e9 samedi soir au Centre","og_url":"https:\/\/lasentinelle.dz\/index.php\/2025\/09\/08\/32-000-enfants-y-ont-pris-part-cloture-de-la-saison-de-camps-dete-2025\/","og_site_name":"La Sentinelle","article_publisher":"https:\/\/www.facebook.com\/La-Sentinelle-104059864394773","article_published_time":"2025-09-08T11:18:40+00:00","article_modified_time":"2025-09-08T11:18:41+00:00","author":"admin","twitter_card":"summary_large_image","twitter_misc":{"\u00c9crit par":"admin","Dur\u00e9e de lecture estim\u00e9e":"2 minutes"},"schema":{"@context":"https:\/\/schema.org","@graph":[{"@type":"Article","@id":"https:\/\/lasentinelle.dz\/index.php\/2025\/09\/08\/32-000-enfants-y-ont-pris-part-cloture-de-la-saison-de-camps-dete-2025\/#article","isPartOf":{"@id":"https:\/\/lasentinelle.dz\/index.php\/2025\/09\/08\/32-000-enfants-y-ont-pris-part-cloture-de-la-saison-de-camps-dete-2025\/"},"author":{"name":"admin","@id":"https:\/\/lasentinelle.dz\/#\/schema\/person\/729ee0024f24e0b8c5ec17232f8e8b41"},"headline":"32 000 enfants y ont pris part\u00a0: Cl\u00f4ture de la saison de camps d&rsquo;\u00e9t\u00e9 2025","datePublished":"2025-09-08T11:18:40+00:00","dateModified":"2025-09-08T11:18:41+00:00","mainEntityOfPage":{"@id":"https:\/\/lasentinelle.dz\/index.php\/2025\/09\/08\/32-000-enfants-y-ont-pris-part-cloture-de-la-saison-de-camps-dete-2025\/"},"wordCount":423,"commentCount":0,"publisher":{"@id":"https:\/\/lasentinelle.dz\/#organization"},"articleSection":["Actualit\u00e9"],"inLanguage":"fr-FR","potentialAction":[{"@type":"CommentAction","name":"Comment","target":["https:\/\/lasentinelle.dz\/index.php\/2025\/09\/08\/32-000-enfants-y-ont-pris-part-cloture-de-la-saison-de-camps-dete-2025\/#respond"]}]},{"@type":"WebPage","@id":"https:\/\/lasentinelle.dz\/index.php\/2025\/09\/08\/32-000-enfants-y-ont-pris-part-cloture-de-la-saison-de-camps-dete-2025\/","url":"https:\/\/lasentinelle.dz\/index.php\/2025\/09\/08\/32-000-enfants-y-ont-pris-part-cloture-de-la-saison-de-camps-dete-2025\/","name":"32 000 enfants y ont pris part\u00a0: Cl\u00f4ture de la saison de camps d&rsquo;\u00e9t\u00e9 2025 - La Sentinelle","isPartOf":{"@id":"https:\/\/lasentinelle.dz\/#website"},"datePublished":"2025-09-08T11:18:40+00:00","dateModified":"2025-09-08T11:18:41+00:00","breadcrumb":{"@id":"https:\/\/lasentinelle.dz\/index.php\/2025\/09\/08\/32-000-enfants-y-ont-pris-part-cloture-de-la-saison-de-camps-dete-2025\/#breadcrumb"},"inLanguage":"fr-FR","potentialAction":[{"@type":"ReadAction","target":["https:\/\/lasentinelle.dz\/index.php\/2025\/09\/08\/32-000-enfants-y-ont-pris-part-cloture-de-la-saison-de-camps-dete-2025\/"]}]},{"@type":"BreadcrumbList","@id":"https:\/\/lasentinelle.dz\/index.php\/2025\/09\/08\/32-000-enfants-y-ont-pris-part-cloture-de-la-saison-de-camps-dete-2025\/#breadcrumb","itemListElement":[{"@type":"ListItem","position":1,"name":"Accueil","item":"https:\/\/lasentinelle.dz\/"},{"@type":"ListItem","position":2,"name":"32 000 enfants y ont pris part\u00a0: Cl\u00f4ture de la saison de camps d&rsquo;\u00e9t\u00e9 2025"}]},{"@type":"WebSite","@id":"https:\/\/lasentinelle.dz\/#website","url":"https:\/\/lasentinelle.dz\/","name":"La Sentinelle","description":"Quotidien national d&#039;information","publisher":{"@id":"https:\/\/lasentinelle.dz\/#organization"},"potentialAction":[{"@type":"SearchAction","target":{"@type":"EntryPoint","urlTemplate":"https:\/\/lasentinelle.dz\/?s={search_term_string}"},"query-input":{"@type":"PropertyValueSpecification","valueRequired":true,"valueName":"search_term_string"}}],"inLanguage":"fr-FR"},{"@type":"Organization","@id":"https:\/\/lasentinelle.dz\/#organization","name":"Quotidien La Sentinelle","url":"https:\/\/lasentinelle.dz\/","logo":{"@type":"ImageObject","inLanguage":"fr-FR","@id":"https:\/\/lasentinelle.dz\/#\/schema\/logo\/image\/","url":"https:\/\/lasentinelle.dz\/wp-content\/uploads\/2021\/09\/logo-sentinelleSLOGAN-1.png","contentUrl":"https:\/\/lasentinelle.dz\/wp-content\/uploads\/2021\/09\/logo-sentinelleSLOGAN-1.png","width":615,"height":142,"caption":"Quotidien La Sentinelle"},"image":{"@id":"https:\/\/lasentinelle.dz\/#\/schema\/logo\/image\/"},"sameAs":["https:\/\/www.facebook.com\/La-Sentinelle-104059864394773"]},{"@type":"Person","@id":"https:\/\/lasentinelle.dz\/#\/schema\/person\/729ee0024f24e0b8c5ec17232f8e8b41","name":"admin","image":{"@type":"ImageObject","inLanguage":"fr-FR","@id":"https:\/\/secure.gravatar.com\/avatar\/4c81fed838786e9b53f540bf46533e750f5d292099ae3b66cfc6fb1982e29df7?s=96&d=mm&r=g","url":"https:\/\/secure.gravatar.com\/avatar\/4c81fed838786e9b53f540bf46533e750f5d292099ae3b66cfc6fb1982e29df7?s=96&d=mm&r=g","contentUrl":"https:\/\/secure.gravatar.com\/avatar\/4c81fed838786e9b53f540bf46533e750f5d292099ae3b66cfc6fb1982e29df7?s=96&d=mm&r=g","caption":"admin"},"description":"admin","url":"https:\/\/lasentinelle.dz\/author\/admin\/"}]}},"_links":{"self":[{"href":"https:\/\/lasentinelle.dz\/index.php\/wp-json\/wp\/v2\/posts\/73037","targetHints":{"allow":["GET"]}}],"collection":[{"href":"https:\/\/lasentinelle.dz\/index.php\/wp-json\/wp\/v2\/posts"}],"about":[{"href":"https:\/\/lasentinelle.dz\/index.php\/wp-json\/wp\/v2\/types\/post"}],"author":[{"embeddable":true,"href":"https:\/\/lasentinelle.dz\/index.php\/wp-json\/wp\/v2\/users\/6"}],"replies":[{"embeddable":true,"href":"https:\/\/lasentinelle.dz\/index.php\/wp-json\/wp\/v2\/comments?post=73037"}],"version-history":[{"count":2,"href":"https:\/\/lasentinelle.dz\/index.php\/wp-json\/wp\/v2\/posts\/73037\/revisions"}],"predecessor-version":[{"id":73039,"href":"https:\/\/lasentinelle.dz\/index.php\/wp-json\/wp\/v2\/posts\/73037\/revisions\/73039"}],"wp:attachment":[{"href":"https:\/\/lasentinelle.dz\/index.php\/wp-json\/wp\/v2\/media?parent=73037"}],"wp:term":[{"taxonomy":"category","embeddable":true,"href":"https:\/\/lasentinelle.dz\/index.php\/wp-json\/wp\/v2\/categories?post=73037"},{"taxonomy":"post_tag","embeddable":true,"href":"https:\/\/lasentinelle.dz\/index.php\/wp-json\/wp\/v2\/tags?post=73037"}],"curies":[{"name":"wp","href":"https:\/\/api.w.org\/{rel}","templated":true}]}}