{"id":73040,"date":"2025-09-08T12:34:30","date_gmt":"2025-09-08T11:34:30","guid":{"rendered":"https:\/\/lasentinelle.dz\/?p=73040"},"modified":"2025-09-08T12:34:31","modified_gmt":"2025-09-08T11:34:31","slug":"accueil-de-la-petite-enfance-avec-la-publication-publication-dun-guide-pedagogique-unifie","status":"publish","type":"post","link":"https:\/\/lasentinelle.dz\/index.php\/2025\/09\/08\/accueil-de-la-petite-enfance-avec-la-publication-publication-dun-guide-pedagogique-unifie\/","title":{"rendered":"Accueil de la petite enfance avec la publication\u00a0: Publication d\u2019un guide p\u00e9dagogique unifi\u00e9"},"content":{"rendered":"\n<p>Le minist\u00e8re de la Solidarit\u00e9 nationale, de la Famille et de la Condition de la femme d\u00e9cide de mettre de l\u2019ordre dans le secteur de la prise en charge de la petite enfance en Alg\u00e9rie. La publication d&rsquo;un guide p\u00e9dagogique unifi\u00e9 destin\u00e9 \u00e0 l&rsquo;ensemble des \u00e9tablissements d&rsquo;accueil marque ainsi une \u00e9tape importante dans la politique nationale de protection sociale de l&rsquo;enfance, t\u00e9moignant de la volont\u00e9 gouvernementale de standardiser et d&rsquo;am\u00e9liorer la qualit\u00e9 des services offerts aux plus jeunes citoyens du pays. Cette initiative ambitionne de r\u00e9former l&rsquo;approche \u00e9ducative destin\u00e9e \u00e0 la petite enfance sur l&rsquo;ensemble du territoire national. Selon le communiqu\u00e9 du d\u00e9partement de Soraya Mouloudji publi\u00e9 dimanche, \u00ab\u00a0le minist\u00e8re a publi\u00e9 un guide p\u00e9dagogique unifi\u00e9 destin\u00e9 \u00e0 l&rsquo;ensemble des \u00e9tablissements d&rsquo;accueil de la petite enfance en Alg\u00e9rie en vue de renforcer la strat\u00e9gie de la protection sociale de l&rsquo;enfance et de servir d&rsquo;outil r\u00e9f\u00e9rentiel pour unifier les approches et garantir l&rsquo;application des normes de qualit\u00e9 et d&rsquo;efficacit\u00e9 dans la gestion de ces \u00e9tablissements\u00a0\u00bb. Cette d\u00e9marche s&rsquo;inscrit dans une vision du d\u00e9veloppement de l&rsquo;enfant, reconnaissant l&rsquo;importance cruciale des premi\u00e8res ann\u00e9es dans la construction de la personnalit\u00e9 et des comp\u00e9tences fondamentales. L&rsquo;objectif principal de ce guide consiste \u00e0 \u00ab\u00a0unifier le programme p\u00e9dagogique des \u00e9tablissements d&rsquo;accueil de la petite enfance pour accompagner l&rsquo;enfant sur le plan psychologique et le pr\u00e9parer \u00e0 s&rsquo;adapter \u00e0 la scolarisation\u00a0\u00bb, tout en cherchant \u00e0 \u00ab\u00a0d\u00e9velopper ses capacit\u00e9s intellectuelles et physiques par des activit\u00e9s d&rsquo;\u00e9veil et d&rsquo;apprentissage pr\u00e9coce et \u00e0 promouvoir son savoir-faire, tout en valorisant les comp\u00e9tences qualifi\u00e9es en mati\u00e8re de prise en charge de la petite enfance\u00a0\u00bb, pr\u00e9cise la m\u00eame source. Comme le souligne le communiqu\u00e9, cette standardisation vise \u00e0 \u00ab\u00a0assurer un parcours \u00e9ducatif int\u00e9gr\u00e9 et coh\u00e9rent, d&rsquo;autant qu&rsquo;il met l&rsquo;accent sur le d\u00e9veloppement des aspects psychologiques, moteurs, sociaux et linguistiques de l&rsquo;enfant \u00e0 travers des activit\u00e9s \u00e9tudi\u00e9es adapt\u00e9es \u00e0 chaque tranche d&rsquo;\u00e2ge, ce qui constitue un pas vers un professionnalisme de ces \u00e9tablissements qui permettra d&rsquo;am\u00e9liorer la qualit\u00e9 des prestations assur\u00e9es aux enfants\u00a0\u00bb. La m\u00e9thodologie d&rsquo;\u00e9laboration de ce guide refl\u00e8te une approche participative et scientifiquement rigoureuse. Selon le minist\u00e8re, \u00ab\u00a0des sp\u00e9cialistes et des acad\u00e9miciens ont \u00e9labor\u00e9 ce guide, avec la participation des secteurs et organismes concern\u00e9s ainsi que les repr\u00e9sentants des parents dans le but de renforcer la communication et la compl\u00e9mentarit\u00e9 entre la famille et le cadre \u00e9ducatif\u00a0\u00bb. Le document \u00ab\u00a0propose des m\u00e9canismes clairs d&rsquo;\u00e9valuation et de suivi susceptibles de garantir la qualit\u00e9 et atteindre les objectifs \u00e9ducatifs escompt\u00e9s dans un environnement s\u00e9curis\u00e9 et propice \u00e0 la croissance et au d\u00e9veloppement des comp\u00e9tences de l&rsquo;enfant\u00a0\u00bb, selon les termes du communiqu\u00e9. Ces m\u00e9canismes de contr\u00f4le et d&rsquo;\u00e9valuation constituent un gage de s\u00e9rieux et d&rsquo;efficacit\u00e9, permettant une am\u00e9lioration continue des pratiques professionnelles et une adaptation permanente aux besoins \u00e9volutifs des enfants.<\/p>\n\n\n\n<p>Lyna Larbi<\/p>\n","protected":false},"excerpt":{"rendered":"<p>Le minist\u00e8re de la Solidarit\u00e9 nationale, de la Famille et de la Condition de la femme d\u00e9cide de mettre de<\/p>\n","protected":false},"author":6,"featured_media":73041,"comment_status":"open","ping_status":"closed","sticky":false,"template":"","format":"standard","meta":{"colormag_page_container_layout":"default_layout","colormag_page_sidebar_layout":"default_layout","om_disable_all_campaigns":false,"_monsterinsights_skip_tracking":false,"_monsterinsights_sitenote_active":false,"_monsterinsights_sitenote_note":"","_monsterinsights_sitenote_category":0,"footnotes":"","_wpscppro_dont_share_socialmedia":false,"_wpscppro_custom_social_share_image":0,"_facebook_share_type":"default","_twitter_share_type":"default","_linkedin_share_type":"default","_pinterest_share_type":"default","_linkedin_share_type_page":"","_instagram_share_type":"default","_medium_share_type":"default","_threads_share_type":"default","_google_business_share_type":"default","_selected_social_profile":[],"_wpsp_enable_custom_social_template":false,"_wpsp_social_scheduling":{"enabled":false,"datetime":null,"platforms":[],"status":"template_only","dateOption":"today","timeOption":"now","customDays":"","customHours":"","customDate":"","customTime":"","schedulingType":"absolute"},"_wpsp_active_default_template":true},"categories":[27],"tags":[],"class_list":["post-73040","post","type-post","status-publish","format-standard","has-post-thumbnail","hentry","category-actualite"],"aioseo_notices":[],"yoast_head":"<!-- This site is optimized with the Yoast SEO plugin v27.4 - https:\/\/yoast.com\/product\/yoast-seo-wordpress\/ -->\n<title>Accueil de la petite enfance avec la publication\u00a0: Publication d\u2019un guide p\u00e9dagogique unifi\u00e9 - La Sentinelle<\/title>\n<meta name=\"robots\" content=\"index, follow, max-snippet:-1, max-image-preview:large, max-video-preview:-1\" \/>\n<link rel=\"canonical\" href=\"https:\/\/lasentinelle.dz\/index.php\/2025\/09\/08\/accueil-de-la-petite-enfance-avec-la-publication-publication-dun-guide-pedagogique-unifie\/\" \/>\n<meta property=\"og:locale\" content=\"fr_FR\" \/>\n<meta property=\"og:type\" content=\"article\" \/>\n<meta property=\"og:title\" content=\"Accueil de la petite enfance avec la publication\u00a0: Publication d\u2019un guide p\u00e9dagogique unifi\u00e9 - La Sentinelle\" \/>\n<meta property=\"og:description\" content=\"Le minist\u00e8re de la Solidarit\u00e9 nationale, de la Famille et de la Condition de la femme d\u00e9cide de mettre de\" \/>\n<meta property=\"og:url\" content=\"https:\/\/lasentinelle.dz\/index.php\/2025\/09\/08\/accueil-de-la-petite-enfance-avec-la-publication-publication-dun-guide-pedagogique-unifie\/\" \/>\n<meta property=\"og:site_name\" content=\"La Sentinelle\" \/>\n<meta property=\"article:publisher\" content=\"https:\/\/www.facebook.com\/La-Sentinelle-104059864394773\" \/>\n<meta property=\"article:published_time\" content=\"2025-09-08T11:34:30+00:00\" \/>\n<meta property=\"article:modified_time\" content=\"2025-09-08T11:34:31+00:00\" \/>\n<meta property=\"og:image\" content=\"https:\/\/lasentinelle.dz\/wp-content\/uploads\/2025\/09\/guide.webp\" \/>\n\t<meta property=\"og:image:width\" content=\"900\" \/>\n\t<meta property=\"og:image:height\" content=\"675\" \/>\n\t<meta property=\"og:image:type\" content=\"image\/webp\" \/>\n<meta name=\"author\" content=\"admin\" \/>\n<meta name=\"twitter:card\" content=\"summary_large_image\" \/>\n<meta name=\"twitter:label1\" content=\"\u00c9crit par\" \/>\n\t<meta name=\"twitter:data1\" content=\"admin\" \/>\n\t<meta name=\"twitter:label2\" content=\"Dur\u00e9e de lecture estim\u00e9e\" \/>\n\t<meta name=\"twitter:data2\" content=\"3 minutes\" \/>\n<script type=\"application\/ld+json\" class=\"yoast-schema-graph\">{\"@context\":\"https:\\\/\\\/schema.org\",\"@graph\":[{\"@type\":\"Article\",\"@id\":\"https:\\\/\\\/lasentinelle.dz\\\/index.php\\\/2025\\\/09\\\/08\\\/accueil-de-la-petite-enfance-avec-la-publication-publication-dun-guide-pedagogique-unifie\\\/#article\",\"isPartOf\":{\"@id\":\"https:\\\/\\\/lasentinelle.dz\\\/index.php\\\/2025\\\/09\\\/08\\\/accueil-de-la-petite-enfance-avec-la-publication-publication-dun-guide-pedagogique-unifie\\\/\"},\"author\":{\"name\":\"admin\",\"@id\":\"https:\\\/\\\/lasentinelle.dz\\\/#\\\/schema\\\/person\\\/729ee0024f24e0b8c5ec17232f8e8b41\"},\"headline\":\"Accueil de la petite enfance avec la publication\u00a0: Publication d\u2019un guide p\u00e9dagogique unifi\u00e9\",\"datePublished\":\"2025-09-08T11:34:30+00:00\",\"dateModified\":\"2025-09-08T11:34:31+00:00\",\"mainEntityOfPage\":{\"@id\":\"https:\\\/\\\/lasentinelle.dz\\\/index.php\\\/2025\\\/09\\\/08\\\/accueil-de-la-petite-enfance-avec-la-publication-publication-dun-guide-pedagogique-unifie\\\/\"},\"wordCount\":550,\"commentCount\":0,\"publisher\":{\"@id\":\"https:\\\/\\\/lasentinelle.dz\\\/#organization\"},\"image\":{\"@id\":\"https:\\\/\\\/lasentinelle.dz\\\/index.php\\\/2025\\\/09\\\/08\\\/accueil-de-la-petite-enfance-avec-la-publication-publication-dun-guide-pedagogique-unifie\\\/#primaryimage\"},\"thumbnailUrl\":\"https:\\\/\\\/lasentinelle.dz\\\/wp-content\\\/uploads\\\/2025\\\/09\\\/guide.webp\",\"articleSection\":[\"Actualit\u00e9\"],\"inLanguage\":\"fr-FR\",\"potentialAction\":[{\"@type\":\"CommentAction\",\"name\":\"Comment\",\"target\":[\"https:\\\/\\\/lasentinelle.dz\\\/index.php\\\/2025\\\/09\\\/08\\\/accueil-de-la-petite-enfance-avec-la-publication-publication-dun-guide-pedagogique-unifie\\\/#respond\"]}]},{\"@type\":\"WebPage\",\"@id\":\"https:\\\/\\\/lasentinelle.dz\\\/index.php\\\/2025\\\/09\\\/08\\\/accueil-de-la-petite-enfance-avec-la-publication-publication-dun-guide-pedagogique-unifie\\\/\",\"url\":\"https:\\\/\\\/lasentinelle.dz\\\/index.php\\\/2025\\\/09\\\/08\\\/accueil-de-la-petite-enfance-avec-la-publication-publication-dun-guide-pedagogique-unifie\\\/\",\"name\":\"Accueil de la petite enfance avec la publication\u00a0: Publication d\u2019un guide p\u00e9dagogique unifi\u00e9 - La Sentinelle\",\"isPartOf\":{\"@id\":\"https:\\\/\\\/lasentinelle.dz\\\/#website\"},\"primaryImageOfPage\":{\"@id\":\"https:\\\/\\\/lasentinelle.dz\\\/index.php\\\/2025\\\/09\\\/08\\\/accueil-de-la-petite-enfance-avec-la-publication-publication-dun-guide-pedagogique-unifie\\\/#primaryimage\"},\"image\":{\"@id\":\"https:\\\/\\\/lasentinelle.dz\\\/index.php\\\/2025\\\/09\\\/08\\\/accueil-de-la-petite-enfance-avec-la-publication-publication-dun-guide-pedagogique-unifie\\\/#primaryimage\"},\"thumbnailUrl\":\"https:\\\/\\\/lasentinelle.dz\\\/wp-content\\\/uploads\\\/2025\\\/09\\\/guide.webp\",\"datePublished\":\"2025-09-08T11:34:30+00:00\",\"dateModified\":\"2025-09-08T11:34:31+00:00\",\"breadcrumb\":{\"@id\":\"https:\\\/\\\/lasentinelle.dz\\\/index.php\\\/2025\\\/09\\\/08\\\/accueil-de-la-petite-enfance-avec-la-publication-publication-dun-guide-pedagogique-unifie\\\/#breadcrumb\"},\"inLanguage\":\"fr-FR\",\"potentialAction\":[{\"@type\":\"ReadAction\",\"target\":[\"https:\\\/\\\/lasentinelle.dz\\\/index.php\\\/2025\\\/09\\\/08\\\/accueil-de-la-petite-enfance-avec-la-publication-publication-dun-guide-pedagogique-unifie\\\/\"]}]},{\"@type\":\"ImageObject\",\"inLanguage\":\"fr-FR\",\"@id\":\"https:\\\/\\\/lasentinelle.dz\\\/index.php\\\/2025\\\/09\\\/08\\\/accueil-de-la-petite-enfance-avec-la-publication-publication-dun-guide-pedagogique-unifie\\\/#primaryimage\",\"url\":\"https:\\\/\\\/lasentinelle.dz\\\/wp-content\\\/uploads\\\/2025\\\/09\\\/guide.webp\",\"contentUrl\":\"https:\\\/\\\/lasentinelle.dz\\\/wp-content\\\/uploads\\\/2025\\\/09\\\/guide.webp\",\"width\":900,\"height\":675},{\"@type\":\"BreadcrumbList\",\"@id\":\"https:\\\/\\\/lasentinelle.dz\\\/index.php\\\/2025\\\/09\\\/08\\\/accueil-de-la-petite-enfance-avec-la-publication-publication-dun-guide-pedagogique-unifie\\\/#breadcrumb\",\"itemListElement\":[{\"@type\":\"ListItem\",\"position\":1,\"name\":\"Accueil\",\"item\":\"https:\\\/\\\/lasentinelle.dz\\\/\"},{\"@type\":\"ListItem\",\"position\":2,\"name\":\"Accueil de la petite enfance avec la publication\u00a0: Publication d\u2019un guide p\u00e9dagogique unifi\u00e9\"}]},{\"@type\":\"WebSite\",\"@id\":\"https:\\\/\\\/lasentinelle.dz\\\/#website\",\"url\":\"https:\\\/\\\/lasentinelle.dz\\\/\",\"name\":\"La Sentinelle\",\"description\":\"Quotidien national d&#039;information\",\"publisher\":{\"@id\":\"https:\\\/\\\/lasentinelle.dz\\\/#organization\"},\"potentialAction\":[{\"@type\":\"SearchAction\",\"target\":{\"@type\":\"EntryPoint\",\"urlTemplate\":\"https:\\\/\\\/lasentinelle.dz\\\/?s={search_term_string}\"},\"query-input\":{\"@type\":\"PropertyValueSpecification\",\"valueRequired\":true,\"valueName\":\"search_term_string\"}}],\"inLanguage\":\"fr-FR\"},{\"@type\":\"Organization\",\"@id\":\"https:\\\/\\\/lasentinelle.dz\\\/#organization\",\"name\":\"Quotidien La Sentinelle\",\"url\":\"https:\\\/\\\/lasentinelle.dz\\\/\",\"logo\":{\"@type\":\"ImageObject\",\"inLanguage\":\"fr-FR\",\"@id\":\"https:\\\/\\\/lasentinelle.dz\\\/#\\\/schema\\\/logo\\\/image\\\/\",\"url\":\"https:\\\/\\\/lasentinelle.dz\\\/wp-content\\\/uploads\\\/2021\\\/09\\\/logo-sentinelleSLOGAN-1.png\",\"contentUrl\":\"https:\\\/\\\/lasentinelle.dz\\\/wp-content\\\/uploads\\\/2021\\\/09\\\/logo-sentinelleSLOGAN-1.png\",\"width\":615,\"height\":142,\"caption\":\"Quotidien La Sentinelle\"},\"image\":{\"@id\":\"https:\\\/\\\/lasentinelle.dz\\\/#\\\/schema\\\/logo\\\/image\\\/\"},\"sameAs\":[\"https:\\\/\\\/www.facebook.com\\\/La-Sentinelle-104059864394773\"]},{\"@type\":\"Person\",\"@id\":\"https:\\\/\\\/lasentinelle.dz\\\/#\\\/schema\\\/person\\\/729ee0024f24e0b8c5ec17232f8e8b41\",\"name\":\"admin\",\"image\":{\"@type\":\"ImageObject\",\"inLanguage\":\"fr-FR\",\"@id\":\"https:\\\/\\\/secure.gravatar.com\\\/avatar\\\/4c81fed838786e9b53f540bf46533e750f5d292099ae3b66cfc6fb1982e29df7?s=96&d=mm&r=g\",\"url\":\"https:\\\/\\\/secure.gravatar.com\\\/avatar\\\/4c81fed838786e9b53f540bf46533e750f5d292099ae3b66cfc6fb1982e29df7?s=96&d=mm&r=g\",\"contentUrl\":\"https:\\\/\\\/secure.gravatar.com\\\/avatar\\\/4c81fed838786e9b53f540bf46533e750f5d292099ae3b66cfc6fb1982e29df7?s=96&d=mm&r=g\",\"caption\":\"admin\"},\"description\":\"admin\",\"url\":\"https:\\\/\\\/lasentinelle.dz\\\/author\\\/admin\\\/\"}]}<\/script>\n<!-- \/ Yoast SEO plugin. -->","yoast_head_json":{"title":"Accueil de la petite enfance avec la publication\u00a0: Publication d\u2019un guide p\u00e9dagogique unifi\u00e9 - La Sentinelle","robots":{"index":"index","follow":"follow","max-snippet":"max-snippet:-1","max-image-preview":"max-image-preview:large","max-video-preview":"max-video-preview:-1"},"canonical":"https:\/\/lasentinelle.dz\/index.php\/2025\/09\/08\/accueil-de-la-petite-enfance-avec-la-publication-publication-dun-guide-pedagogique-unifie\/","og_locale":"fr_FR","og_type":"article","og_title":"Accueil de la petite enfance avec la publication\u00a0: Publication d\u2019un guide p\u00e9dagogique unifi\u00e9 - La Sentinelle","og_description":"Le minist\u00e8re de la Solidarit\u00e9 nationale, de la Famille et de la Condition de la femme d\u00e9cide de mettre de","og_url":"https:\/\/lasentinelle.dz\/index.php\/2025\/09\/08\/accueil-de-la-petite-enfance-avec-la-publication-publication-dun-guide-pedagogique-unifie\/","og_site_name":"La Sentinelle","article_publisher":"https:\/\/www.facebook.com\/La-Sentinelle-104059864394773","article_published_time":"2025-09-08T11:34:30+00:00","article_modified_time":"2025-09-08T11:34:31+00:00","og_image":[{"width":900,"height":675,"url":"https:\/\/lasentinelle.dz\/wp-content\/uploads\/2025\/09\/guide.webp","type":"image\/webp"}],"author":"admin","twitter_card":"summary_large_image","twitter_misc":{"\u00c9crit par":"admin","Dur\u00e9e de lecture estim\u00e9e":"3 minutes"},"schema":{"@context":"https:\/\/schema.org","@graph":[{"@type":"Article","@id":"https:\/\/lasentinelle.dz\/index.php\/2025\/09\/08\/accueil-de-la-petite-enfance-avec-la-publication-publication-dun-guide-pedagogique-unifie\/#article","isPartOf":{"@id":"https:\/\/lasentinelle.dz\/index.php\/2025\/09\/08\/accueil-de-la-petite-enfance-avec-la-publication-publication-dun-guide-pedagogique-unifie\/"},"author":{"name":"admin","@id":"https:\/\/lasentinelle.dz\/#\/schema\/person\/729ee0024f24e0b8c5ec17232f8e8b41"},"headline":"Accueil de la petite enfance avec la publication\u00a0: Publication d\u2019un guide p\u00e9dagogique unifi\u00e9","datePublished":"2025-09-08T11:34:30+00:00","dateModified":"2025-09-08T11:34:31+00:00","mainEntityOfPage":{"@id":"https:\/\/lasentinelle.dz\/index.php\/2025\/09\/08\/accueil-de-la-petite-enfance-avec-la-publication-publication-dun-guide-pedagogique-unifie\/"},"wordCount":550,"commentCount":0,"publisher":{"@id":"https:\/\/lasentinelle.dz\/#organization"},"image":{"@id":"https:\/\/lasentinelle.dz\/index.php\/2025\/09\/08\/accueil-de-la-petite-enfance-avec-la-publication-publication-dun-guide-pedagogique-unifie\/#primaryimage"},"thumbnailUrl":"https:\/\/lasentinelle.dz\/wp-content\/uploads\/2025\/09\/guide.webp","articleSection":["Actualit\u00e9"],"inLanguage":"fr-FR","potentialAction":[{"@type":"CommentAction","name":"Comment","target":["https:\/\/lasentinelle.dz\/index.php\/2025\/09\/08\/accueil-de-la-petite-enfance-avec-la-publication-publication-dun-guide-pedagogique-unifie\/#respond"]}]},{"@type":"WebPage","@id":"https:\/\/lasentinelle.dz\/index.php\/2025\/09\/08\/accueil-de-la-petite-enfance-avec-la-publication-publication-dun-guide-pedagogique-unifie\/","url":"https:\/\/lasentinelle.dz\/index.php\/2025\/09\/08\/accueil-de-la-petite-enfance-avec-la-publication-publication-dun-guide-pedagogique-unifie\/","name":"Accueil de la petite enfance avec la publication\u00a0: Publication d\u2019un guide p\u00e9dagogique unifi\u00e9 - La Sentinelle","isPartOf":{"@id":"https:\/\/lasentinelle.dz\/#website"},"primaryImageOfPage":{"@id":"https:\/\/lasentinelle.dz\/index.php\/2025\/09\/08\/accueil-de-la-petite-enfance-avec-la-publication-publication-dun-guide-pedagogique-unifie\/#primaryimage"},"image":{"@id":"https:\/\/lasentinelle.dz\/index.php\/2025\/09\/08\/accueil-de-la-petite-enfance-avec-la-publication-publication-dun-guide-pedagogique-unifie\/#primaryimage"},"thumbnailUrl":"https:\/\/lasentinelle.dz\/wp-content\/uploads\/2025\/09\/guide.webp","datePublished":"2025-09-08T11:34:30+00:00","dateModified":"2025-09-08T11:34:31+00:00","breadcrumb":{"@id":"https:\/\/lasentinelle.dz\/index.php\/2025\/09\/08\/accueil-de-la-petite-enfance-avec-la-publication-publication-dun-guide-pedagogique-unifie\/#breadcrumb"},"inLanguage":"fr-FR","potentialAction":[{"@type":"ReadAction","target":["https:\/\/lasentinelle.dz\/index.php\/2025\/09\/08\/accueil-de-la-petite-enfance-avec-la-publication-publication-dun-guide-pedagogique-unifie\/"]}]},{"@type":"ImageObject","inLanguage":"fr-FR","@id":"https:\/\/lasentinelle.dz\/index.php\/2025\/09\/08\/accueil-de-la-petite-enfance-avec-la-publication-publication-dun-guide-pedagogique-unifie\/#primaryimage","url":"https:\/\/lasentinelle.dz\/wp-content\/uploads\/2025\/09\/guide.webp","contentUrl":"https:\/\/lasentinelle.dz\/wp-content\/uploads\/2025\/09\/guide.webp","width":900,"height":675},{"@type":"BreadcrumbList","@id":"https:\/\/lasentinelle.dz\/index.php\/2025\/09\/08\/accueil-de-la-petite-enfance-avec-la-publication-publication-dun-guide-pedagogique-unifie\/#breadcrumb","itemListElement":[{"@type":"ListItem","position":1,"name":"Accueil","item":"https:\/\/lasentinelle.dz\/"},{"@type":"ListItem","position":2,"name":"Accueil de la petite enfance avec la publication\u00a0: Publication d\u2019un guide p\u00e9dagogique unifi\u00e9"}]},{"@type":"WebSite","@id":"https:\/\/lasentinelle.dz\/#website","url":"https:\/\/lasentinelle.dz\/","name":"La Sentinelle","description":"Quotidien national d&#039;information","publisher":{"@id":"https:\/\/lasentinelle.dz\/#organization"},"potentialAction":[{"@type":"SearchAction","target":{"@type":"EntryPoint","urlTemplate":"https:\/\/lasentinelle.dz\/?s={search_term_string}"},"query-input":{"@type":"PropertyValueSpecification","valueRequired":true,"valueName":"search_term_string"}}],"inLanguage":"fr-FR"},{"@type":"Organization","@id":"https:\/\/lasentinelle.dz\/#organization","name":"Quotidien La Sentinelle","url":"https:\/\/lasentinelle.dz\/","logo":{"@type":"ImageObject","inLanguage":"fr-FR","@id":"https:\/\/lasentinelle.dz\/#\/schema\/logo\/image\/","url":"https:\/\/lasentinelle.dz\/wp-content\/uploads\/2021\/09\/logo-sentinelleSLOGAN-1.png","contentUrl":"https:\/\/lasentinelle.dz\/wp-content\/uploads\/2021\/09\/logo-sentinelleSLOGAN-1.png","width":615,"height":142,"caption":"Quotidien La Sentinelle"},"image":{"@id":"https:\/\/lasentinelle.dz\/#\/schema\/logo\/image\/"},"sameAs":["https:\/\/www.facebook.com\/La-Sentinelle-104059864394773"]},{"@type":"Person","@id":"https:\/\/lasentinelle.dz\/#\/schema\/person\/729ee0024f24e0b8c5ec17232f8e8b41","name":"admin","image":{"@type":"ImageObject","inLanguage":"fr-FR","@id":"https:\/\/secure.gravatar.com\/avatar\/4c81fed838786e9b53f540bf46533e750f5d292099ae3b66cfc6fb1982e29df7?s=96&d=mm&r=g","url":"https:\/\/secure.gravatar.com\/avatar\/4c81fed838786e9b53f540bf46533e750f5d292099ae3b66cfc6fb1982e29df7?s=96&d=mm&r=g","contentUrl":"https:\/\/secure.gravatar.com\/avatar\/4c81fed838786e9b53f540bf46533e750f5d292099ae3b66cfc6fb1982e29df7?s=96&d=mm&r=g","caption":"admin"},"description":"admin","url":"https:\/\/lasentinelle.dz\/author\/admin\/"}]}},"_links":{"self":[{"href":"https:\/\/lasentinelle.dz\/index.php\/wp-json\/wp\/v2\/posts\/73040","targetHints":{"allow":["GET"]}}],"collection":[{"href":"https:\/\/lasentinelle.dz\/index.php\/wp-json\/wp\/v2\/posts"}],"about":[{"href":"https:\/\/lasentinelle.dz\/index.php\/wp-json\/wp\/v2\/types\/post"}],"author":[{"embeddable":true,"href":"https:\/\/lasentinelle.dz\/index.php\/wp-json\/wp\/v2\/users\/6"}],"replies":[{"embeddable":true,"href":"https:\/\/lasentinelle.dz\/index.php\/wp-json\/wp\/v2\/comments?post=73040"}],"version-history":[{"count":1,"href":"https:\/\/lasentinelle.dz\/index.php\/wp-json\/wp\/v2\/posts\/73040\/revisions"}],"predecessor-version":[{"id":73042,"href":"https:\/\/lasentinelle.dz\/index.php\/wp-json\/wp\/v2\/posts\/73040\/revisions\/73042"}],"wp:featuredmedia":[{"embeddable":true,"href":"https:\/\/lasentinelle.dz\/index.php\/wp-json\/wp\/v2\/media\/73041"}],"wp:attachment":[{"href":"https:\/\/lasentinelle.dz\/index.php\/wp-json\/wp\/v2\/media?parent=73040"}],"wp:term":[{"taxonomy":"category","embeddable":true,"href":"https:\/\/lasentinelle.dz\/index.php\/wp-json\/wp\/v2\/categories?post=73040"},{"taxonomy":"post_tag","embeddable":true,"href":"https:\/\/lasentinelle.dz\/index.php\/wp-json\/wp\/v2\/tags?post=73040"}],"curies":[{"name":"wp","href":"https:\/\/api.w.org\/{rel}","templated":true}]}}