{"id":73043,"date":"2025-09-08T12:36:06","date_gmt":"2025-09-08T11:36:06","guid":{"rendered":"https:\/\/lasentinelle.dz\/?p=73043"},"modified":"2025-09-08T12:36:07","modified_gmt":"2025-09-08T11:36:07","slug":"risques-dinondations-un-plan-preventif-mis-en-place","status":"publish","type":"post","link":"https:\/\/lasentinelle.dz\/index.php\/2025\/09\/08\/risques-dinondations-un-plan-preventif-mis-en-place\/","title":{"rendered":"Risques d\u2019inondations\u00a0: Un plan pr\u00e9ventif mis en place"},"content":{"rendered":"\n<p>Le minist\u00e8re de l\u2019Int\u00e9rieur, des Collectivit\u00e9s locales et de l&rsquo;Am\u00e9nagement du territoire lance un plan pr\u00e9ventif en pr\u00e9vision de la saison des pluies.<\/p>\n\n\n\n<p>Les autorit\u00e9s se pr\u00e9parent \u00e0 la saison automnale et aux perturbations climatiques qui l\u2019accompagnent \u00e0 travers un plan pr\u00e9ventif qui touchera l\u2019ensemble des collectivit\u00e9s locales. Une approche qui entre dans le cadre de la gestion des risques m\u00e9t\u00e9orologiques, privil\u00e9giant d\u00e9sormais l&rsquo;anticipation plut\u00f4t que la r\u00e9action face aux catastrophes naturelles marquant une prise de conscience collective de l&rsquo;importance cruciale de la pr\u00e9paration face aux al\u00e9as climatiques. Dans ce sens le minist\u00e8re de l&rsquo;Int\u00e9rieur, des Collectivit\u00e9s locales et de l&rsquo;Am\u00e9nagement du territoire, lanc\u00e9 une s\u00e9rie de r\u00e9unions de coordination avec les autorit\u00e9s locales et d&rsquo;\u00e9valuation dans l&rsquo;ensemble des wilayas du pays, \u00ab\u00a0en pr\u00e9vision de la saison automnale\u00a0\u00bb. Cette mobilisation g\u00e9n\u00e9rale vise, selon un communiqu\u00e9 du minist\u00e8re, \u00e0 \u00ab\u00a0renforcer les interventions pr\u00e9ventives, prot\u00e9ger les r\u00e9seaux d\u2019assainissement et r\u00e9duire les risques li\u00e9s aux pluies saisonni\u00e8res\u00a0\u00bb, s&rsquo;inscrivant dans une logique de protection des populations et des infrastructures particuli\u00e8rement sensibles aux effets d\u00e9vastateurs des pr\u00e9cipitations intenses caract\u00e9risant traditionnellement la p\u00e9riode automnale. Le plan d&rsquo;action d\u00e9ploy\u00e9 int\u00e8gre simultan\u00e9ment la maintenance pr\u00e9ventive des infrastructures urbaines, la coordination interinstitutionnelle et la sensibilisation citoyenne. Les mesures concr\u00e8tes incluent notamment \u00ab\u00a0la mise \u00e0 jour des donn\u00e9es du plan pr\u00e9ventif pour faire face aux risques d&rsquo;inondations et aux perturbations m\u00e9t\u00e9orologiques\u00a0\u00bb, permettant aux autorit\u00e9s locales d&rsquo;adapter leurs r\u00e9ponses aux sp\u00e9cificit\u00e9s g\u00e9ographiques et d\u00e9mographiques de chaque r\u00e9gion. L&rsquo;accent mis sur l&rsquo;entretien des syst\u00e8mes d&rsquo;\u00e9vacuation des eaux pluviales se traduit par \u00ab\u00a0le nettoyage des \u00e9gouts, des canaux d&rsquo;assainissement, des cours d&rsquo;eau en bordure de routes\u00a0\u00bb. Cette attention particuli\u00e8re port\u00e9e aux infrastructures de base s&rsquo;accompagne de \u00ab\u00a0l a collecte quotidienne des d\u00e9chets et l&rsquo;organisation de campagnes hebdomadaires\u00a0\u00bb, t\u00e9moignant de l&rsquo;importance strat\u00e9gique de la maintenance pr\u00e9ventive dans la r\u00e9duction des vuln\u00e9rabilit\u00e9s territoriales. La d\u00e9marche inclut \u00e9galement \u00ab\u00a0le recensement des zones expos\u00e9es aux risques d&rsquo;inondations et la prise des mesures n\u00e9cessaires\u00a0\u00bb, permettant une cartographie pr\u00e9cise des vuln\u00e9rabilit\u00e9s territoriales. Le dispositif est compl\u00e9t\u00e9 par l\u2019installation de \u00ab\u00a0commissions de wilaya d&rsquo;intervention en cas de catastrophes\u00a0\u00bb. Cette structure permet \u00ab\u00a0l&rsquo;\u00e9valuation du niveau de pr\u00e9paration et la mise \u00e0 jour du plan de secours de wilaya pour 2025\u00a0\u00bb, garantissant une coordination optimis\u00e9e des moyens disponibles. Le dispositif pr\u00e9voit pr\u00e9cis\u00e9ment \u00ab\u00a0l&rsquo;identification des types de catastrophes potentielles, la r\u00e9partition des t\u00e2ches, la mobilisation des moyens humains et mat\u00e9riels et la d\u00e9finition pr\u00e9cise des responsabilit\u00e9s pour garantir l&rsquo;efficacit\u00e9 des interventions en cas de besoin\u00a0\u00bb. Ces r\u00e9unions sont intervenues en application des recommandations du ministre de l&rsquo;Int\u00e9rieur lors de la r\u00e9union tenue par visioconf\u00e9rence sous la supervision du Premier ministre par int\u00e9rim, Sifi Ghrieb, concernant les mesures pr\u00e9ventives \u00e0 prendre pour se pr\u00e9munir contre les effets des perturbations m\u00e9t\u00e9orologiques en pr\u00e9vision de la saison automnale, conclut le communiqu\u00e9.<\/p>\n\n\n\n<p>Chokri Hafed<\/p>\n\n\n\n<p><strong>L\u2019Alg\u00e9rie prend part \u00e0 \u00ab&nbsp;la Semaine du climat en Afrique&nbsp;\u00bb<\/strong><\/p>\n\n\n\n<p>Une d\u00e9l\u00e9gation du minist\u00e8re de l&rsquo;Environnement et de la Qualit\u00e9 de la vie a pris part aux activit\u00e9s de \u00ab\u00a0la Semaine du climat en Afrique 2025, qui s&rsquo;est tenue dans la capitale \u00e9thiopienne Addis-Abeba du 1er au 6 septembre courant\u00a0\u00bb, selon un communiqu\u00e9 du minist\u00e8re. Cette participation \u00ab\u00a0a refl\u00e9t\u00e9 une pr\u00e9sence active dans les efforts continentaux pour faire face aux changements climatiques\u00a0\u00bb, t\u00e9moignant de l&rsquo;engagement alg\u00e9rien dans la coop\u00e9ration climatique r\u00e9gionale. La d\u00e9l\u00e9gation a concentr\u00e9 ses interventions sur \u00ab\u00a0le soutien \u00e0 la coop\u00e9ration r\u00e9gionale et l&rsquo;\u00e9change de solutions innovantes pour un d\u00e9veloppement durable et une transition juste\u00a0\u00bb. Cette approche s&rsquo;inscrit parfaitement \u00ab\u00a0en harmonie avec l&rsquo;agenda de l&rsquo;Afrique 2063 et l&rsquo;accord de Paris sur le climat\u00a0\u00bb, soulignant la coh\u00e9rence de la strat\u00e9gie alg\u00e9rienne avec les objectifs continentaux et internationaux. L&rsquo;\u00e9v\u00e9nement a notamment permis de pr\u00e9senter \u00ab\u00a0la loi 25-02 relative \u00e0 la gestion des d\u00e9chets et certaines exp\u00e9riences nationales dans le domaine de la lutte contre les changements climatiques\u00a0\u00bb, valorisant ainsi l&rsquo;expertise alg\u00e9rienne en mati\u00e8re environnementale. Cette participation s&rsquo;inscrit dans la continuit\u00e9 de l&rsquo;engagement du minist\u00e8re qui \u00ab\u00a0continue son engagement dans les discussions continentales et l&rsquo;\u00e9change d&rsquo;exp\u00e9riences au sein des espaces climatiques africains\u00a0\u00bb, confirmant la volont\u00e9 alg\u00e9rienne de jouer un r\u00f4le actif dans les initiatives climatiques r\u00e9gionales et de partager ses bonnes pratiques avec les partenaires africains.<\/p>\n\n\n\n<p>R.N.<\/p>\n","protected":false},"excerpt":{"rendered":"<p>Le minist\u00e8re de l\u2019Int\u00e9rieur, des Collectivit\u00e9s locales et de l&rsquo;Am\u00e9nagement du territoire lance un plan pr\u00e9ventif en pr\u00e9vision de la<\/p>\n","protected":false},"author":6,"featured_media":46255,"comment_status":"open","ping_status":"closed","sticky":false,"template":"","format":"standard","meta":{"colormag_page_container_layout":"default_layout","colormag_page_sidebar_layout":"default_layout","om_disable_all_campaigns":false,"_monsterinsights_skip_tracking":false,"_monsterinsights_sitenote_active":false,"_monsterinsights_sitenote_note":"","_monsterinsights_sitenote_category":0,"footnotes":"","_wpscppro_dont_share_socialmedia":false,"_wpscppro_custom_social_share_image":0,"_facebook_share_type":"default","_twitter_share_type":"default","_linkedin_share_type":"default","_pinterest_share_type":"default","_linkedin_share_type_page":"","_instagram_share_type":"default","_medium_share_type":"default","_threads_share_type":"default","_google_business_share_type":"default","_selected_social_profile":[],"_wpsp_enable_custom_social_template":false,"_wpsp_social_scheduling":{"enabled":false,"datetime":null,"platforms":[],"status":"template_only","dateOption":"today","timeOption":"now","customDays":"","customHours":"","customDate":"","customTime":"","schedulingType":"absolute"},"_wpsp_active_default_template":true},"categories":[52,27],"tags":[],"class_list":["post-73043","post","type-post","status-publish","format-standard","has-post-thumbnail","hentry","category-a-la-une","category-actualite"],"aioseo_notices":[],"yoast_head":"<!-- This site is optimized with the Yoast SEO plugin v27.5 - https:\/\/yoast.com\/product\/yoast-seo-wordpress\/ -->\n<title>Risques d\u2019inondations\u00a0: Un plan pr\u00e9ventif mis en place - La Sentinelle<\/title>\n<meta name=\"robots\" content=\"index, follow, max-snippet:-1, max-image-preview:large, max-video-preview:-1\" \/>\n<link rel=\"canonical\" href=\"https:\/\/lasentinelle.dz\/index.php\/2025\/09\/08\/risques-dinondations-un-plan-preventif-mis-en-place\/\" \/>\n<meta property=\"og:locale\" content=\"fr_FR\" \/>\n<meta property=\"og:type\" content=\"article\" \/>\n<meta property=\"og:title\" content=\"Risques d\u2019inondations\u00a0: Un plan pr\u00e9ventif mis en place - La Sentinelle\" \/>\n<meta property=\"og:description\" content=\"Le minist\u00e8re de l\u2019Int\u00e9rieur, des Collectivit\u00e9s locales et de l&rsquo;Am\u00e9nagement du territoire lance un plan pr\u00e9ventif en pr\u00e9vision de la\" \/>\n<meta property=\"og:url\" content=\"https:\/\/lasentinelle.dz\/index.php\/2025\/09\/08\/risques-dinondations-un-plan-preventif-mis-en-place\/\" \/>\n<meta property=\"og:site_name\" content=\"La Sentinelle\" \/>\n<meta property=\"article:publisher\" content=\"https:\/\/www.facebook.com\/La-Sentinelle-104059864394773\" \/>\n<meta property=\"article:published_time\" content=\"2025-09-08T11:36:06+00:00\" \/>\n<meta property=\"article:modified_time\" content=\"2025-09-08T11:36:07+00:00\" \/>\n<meta property=\"og:image\" content=\"https:\/\/lasentinelle.dz\/wp-content\/uploads\/2023\/10\/inondation-annaba.jpeg\" \/>\n\t<meta property=\"og:image:width\" content=\"600\" \/>\n\t<meta property=\"og:image:height\" content=\"400\" \/>\n\t<meta property=\"og:image:type\" content=\"image\/jpeg\" \/>\n<meta name=\"author\" content=\"admin\" \/>\n<meta name=\"twitter:card\" content=\"summary_large_image\" \/>\n<meta name=\"twitter:label1\" content=\"\u00c9crit par\" \/>\n\t<meta name=\"twitter:data1\" content=\"admin\" \/>\n\t<meta name=\"twitter:label2\" content=\"Dur\u00e9e de lecture estim\u00e9e\" \/>\n\t<meta name=\"twitter:data2\" content=\"4 minutes\" \/>\n<script type=\"application\/ld+json\" class=\"yoast-schema-graph\">{\"@context\":\"https:\\\/\\\/schema.org\",\"@graph\":[{\"@type\":\"Article\",\"@id\":\"https:\\\/\\\/lasentinelle.dz\\\/index.php\\\/2025\\\/09\\\/08\\\/risques-dinondations-un-plan-preventif-mis-en-place\\\/#article\",\"isPartOf\":{\"@id\":\"https:\\\/\\\/lasentinelle.dz\\\/index.php\\\/2025\\\/09\\\/08\\\/risques-dinondations-un-plan-preventif-mis-en-place\\\/\"},\"author\":{\"name\":\"admin\",\"@id\":\"https:\\\/\\\/lasentinelle.dz\\\/#\\\/schema\\\/person\\\/729ee0024f24e0b8c5ec17232f8e8b41\"},\"headline\":\"Risques d\u2019inondations\u00a0: Un plan pr\u00e9ventif mis en place\",\"datePublished\":\"2025-09-08T11:36:06+00:00\",\"dateModified\":\"2025-09-08T11:36:07+00:00\",\"mainEntityOfPage\":{\"@id\":\"https:\\\/\\\/lasentinelle.dz\\\/index.php\\\/2025\\\/09\\\/08\\\/risques-dinondations-un-plan-preventif-mis-en-place\\\/\"},\"wordCount\":853,\"commentCount\":0,\"publisher\":{\"@id\":\"https:\\\/\\\/lasentinelle.dz\\\/#organization\"},\"image\":{\"@id\":\"https:\\\/\\\/lasentinelle.dz\\\/index.php\\\/2025\\\/09\\\/08\\\/risques-dinondations-un-plan-preventif-mis-en-place\\\/#primaryimage\"},\"thumbnailUrl\":\"https:\\\/\\\/lasentinelle.dz\\\/wp-content\\\/uploads\\\/2023\\\/10\\\/inondation-annaba.jpeg\",\"articleSection\":[\"\u00c0 la Une\",\"Actualit\u00e9\"],\"inLanguage\":\"fr-FR\",\"potentialAction\":[{\"@type\":\"CommentAction\",\"name\":\"Comment\",\"target\":[\"https:\\\/\\\/lasentinelle.dz\\\/index.php\\\/2025\\\/09\\\/08\\\/risques-dinondations-un-plan-preventif-mis-en-place\\\/#respond\"]}]},{\"@type\":\"WebPage\",\"@id\":\"https:\\\/\\\/lasentinelle.dz\\\/index.php\\\/2025\\\/09\\\/08\\\/risques-dinondations-un-plan-preventif-mis-en-place\\\/\",\"url\":\"https:\\\/\\\/lasentinelle.dz\\\/index.php\\\/2025\\\/09\\\/08\\\/risques-dinondations-un-plan-preventif-mis-en-place\\\/\",\"name\":\"Risques d\u2019inondations\u00a0: Un plan pr\u00e9ventif mis en place - La Sentinelle\",\"isPartOf\":{\"@id\":\"https:\\\/\\\/lasentinelle.dz\\\/#website\"},\"primaryImageOfPage\":{\"@id\":\"https:\\\/\\\/lasentinelle.dz\\\/index.php\\\/2025\\\/09\\\/08\\\/risques-dinondations-un-plan-preventif-mis-en-place\\\/#primaryimage\"},\"image\":{\"@id\":\"https:\\\/\\\/lasentinelle.dz\\\/index.php\\\/2025\\\/09\\\/08\\\/risques-dinondations-un-plan-preventif-mis-en-place\\\/#primaryimage\"},\"thumbnailUrl\":\"https:\\\/\\\/lasentinelle.dz\\\/wp-content\\\/uploads\\\/2023\\\/10\\\/inondation-annaba.jpeg\",\"datePublished\":\"2025-09-08T11:36:06+00:00\",\"dateModified\":\"2025-09-08T11:36:07+00:00\",\"breadcrumb\":{\"@id\":\"https:\\\/\\\/lasentinelle.dz\\\/index.php\\\/2025\\\/09\\\/08\\\/risques-dinondations-un-plan-preventif-mis-en-place\\\/#breadcrumb\"},\"inLanguage\":\"fr-FR\",\"potentialAction\":[{\"@type\":\"ReadAction\",\"target\":[\"https:\\\/\\\/lasentinelle.dz\\\/index.php\\\/2025\\\/09\\\/08\\\/risques-dinondations-un-plan-preventif-mis-en-place\\\/\"]}]},{\"@type\":\"ImageObject\",\"inLanguage\":\"fr-FR\",\"@id\":\"https:\\\/\\\/lasentinelle.dz\\\/index.php\\\/2025\\\/09\\\/08\\\/risques-dinondations-un-plan-preventif-mis-en-place\\\/#primaryimage\",\"url\":\"https:\\\/\\\/lasentinelle.dz\\\/wp-content\\\/uploads\\\/2023\\\/10\\\/inondation-annaba.jpeg\",\"contentUrl\":\"https:\\\/\\\/lasentinelle.dz\\\/wp-content\\\/uploads\\\/2023\\\/10\\\/inondation-annaba.jpeg\",\"width\":600,\"height\":400},{\"@type\":\"BreadcrumbList\",\"@id\":\"https:\\\/\\\/lasentinelle.dz\\\/index.php\\\/2025\\\/09\\\/08\\\/risques-dinondations-un-plan-preventif-mis-en-place\\\/#breadcrumb\",\"itemListElement\":[{\"@type\":\"ListItem\",\"position\":1,\"name\":\"Accueil\",\"item\":\"https:\\\/\\\/lasentinelle.dz\\\/\"},{\"@type\":\"ListItem\",\"position\":2,\"name\":\"Risques d\u2019inondations\u00a0: Un plan pr\u00e9ventif mis en place\"}]},{\"@type\":\"WebSite\",\"@id\":\"https:\\\/\\\/lasentinelle.dz\\\/#website\",\"url\":\"https:\\\/\\\/lasentinelle.dz\\\/\",\"name\":\"La Sentinelle\",\"description\":\"Quotidien national d&#039;information\",\"publisher\":{\"@id\":\"https:\\\/\\\/lasentinelle.dz\\\/#organization\"},\"potentialAction\":[{\"@type\":\"SearchAction\",\"target\":{\"@type\":\"EntryPoint\",\"urlTemplate\":\"https:\\\/\\\/lasentinelle.dz\\\/?s={search_term_string}\"},\"query-input\":{\"@type\":\"PropertyValueSpecification\",\"valueRequired\":true,\"valueName\":\"search_term_string\"}}],\"inLanguage\":\"fr-FR\"},{\"@type\":\"Organization\",\"@id\":\"https:\\\/\\\/lasentinelle.dz\\\/#organization\",\"name\":\"Quotidien La Sentinelle\",\"url\":\"https:\\\/\\\/lasentinelle.dz\\\/\",\"logo\":{\"@type\":\"ImageObject\",\"inLanguage\":\"fr-FR\",\"@id\":\"https:\\\/\\\/lasentinelle.dz\\\/#\\\/schema\\\/logo\\\/image\\\/\",\"url\":\"https:\\\/\\\/lasentinelle.dz\\\/wp-content\\\/uploads\\\/2021\\\/09\\\/logo-sentinelleSLOGAN-1.png\",\"contentUrl\":\"https:\\\/\\\/lasentinelle.dz\\\/wp-content\\\/uploads\\\/2021\\\/09\\\/logo-sentinelleSLOGAN-1.png\",\"width\":615,\"height\":142,\"caption\":\"Quotidien La Sentinelle\"},\"image\":{\"@id\":\"https:\\\/\\\/lasentinelle.dz\\\/#\\\/schema\\\/logo\\\/image\\\/\"},\"sameAs\":[\"https:\\\/\\\/www.facebook.com\\\/La-Sentinelle-104059864394773\"]},{\"@type\":\"Person\",\"@id\":\"https:\\\/\\\/lasentinelle.dz\\\/#\\\/schema\\\/person\\\/729ee0024f24e0b8c5ec17232f8e8b41\",\"name\":\"admin\",\"image\":{\"@type\":\"ImageObject\",\"inLanguage\":\"fr-FR\",\"@id\":\"https:\\\/\\\/secure.gravatar.com\\\/avatar\\\/4c81fed838786e9b53f540bf46533e750f5d292099ae3b66cfc6fb1982e29df7?s=96&d=mm&r=g\",\"url\":\"https:\\\/\\\/secure.gravatar.com\\\/avatar\\\/4c81fed838786e9b53f540bf46533e750f5d292099ae3b66cfc6fb1982e29df7?s=96&d=mm&r=g\",\"contentUrl\":\"https:\\\/\\\/secure.gravatar.com\\\/avatar\\\/4c81fed838786e9b53f540bf46533e750f5d292099ae3b66cfc6fb1982e29df7?s=96&d=mm&r=g\",\"caption\":\"admin\"},\"description\":\"admin\",\"url\":\"https:\\\/\\\/lasentinelle.dz\\\/author\\\/admin\\\/\"}]}<\/script>\n<!-- \/ Yoast SEO plugin. -->","yoast_head_json":{"title":"Risques d\u2019inondations\u00a0: Un plan pr\u00e9ventif mis en place - La Sentinelle","robots":{"index":"index","follow":"follow","max-snippet":"max-snippet:-1","max-image-preview":"max-image-preview:large","max-video-preview":"max-video-preview:-1"},"canonical":"https:\/\/lasentinelle.dz\/index.php\/2025\/09\/08\/risques-dinondations-un-plan-preventif-mis-en-place\/","og_locale":"fr_FR","og_type":"article","og_title":"Risques d\u2019inondations\u00a0: Un plan pr\u00e9ventif mis en place - La Sentinelle","og_description":"Le minist\u00e8re de l\u2019Int\u00e9rieur, des Collectivit\u00e9s locales et de l&rsquo;Am\u00e9nagement du territoire lance un plan pr\u00e9ventif en pr\u00e9vision de la","og_url":"https:\/\/lasentinelle.dz\/index.php\/2025\/09\/08\/risques-dinondations-un-plan-preventif-mis-en-place\/","og_site_name":"La Sentinelle","article_publisher":"https:\/\/www.facebook.com\/La-Sentinelle-104059864394773","article_published_time":"2025-09-08T11:36:06+00:00","article_modified_time":"2025-09-08T11:36:07+00:00","og_image":[{"width":600,"height":400,"url":"https:\/\/lasentinelle.dz\/wp-content\/uploads\/2023\/10\/inondation-annaba.jpeg","type":"image\/jpeg"}],"author":"admin","twitter_card":"summary_large_image","twitter_misc":{"\u00c9crit par":"admin","Dur\u00e9e de lecture estim\u00e9e":"4 minutes"},"schema":{"@context":"https:\/\/schema.org","@graph":[{"@type":"Article","@id":"https:\/\/lasentinelle.dz\/index.php\/2025\/09\/08\/risques-dinondations-un-plan-preventif-mis-en-place\/#article","isPartOf":{"@id":"https:\/\/lasentinelle.dz\/index.php\/2025\/09\/08\/risques-dinondations-un-plan-preventif-mis-en-place\/"},"author":{"name":"admin","@id":"https:\/\/lasentinelle.dz\/#\/schema\/person\/729ee0024f24e0b8c5ec17232f8e8b41"},"headline":"Risques d\u2019inondations\u00a0: Un plan pr\u00e9ventif mis en place","datePublished":"2025-09-08T11:36:06+00:00","dateModified":"2025-09-08T11:36:07+00:00","mainEntityOfPage":{"@id":"https:\/\/lasentinelle.dz\/index.php\/2025\/09\/08\/risques-dinondations-un-plan-preventif-mis-en-place\/"},"wordCount":853,"commentCount":0,"publisher":{"@id":"https:\/\/lasentinelle.dz\/#organization"},"image":{"@id":"https:\/\/lasentinelle.dz\/index.php\/2025\/09\/08\/risques-dinondations-un-plan-preventif-mis-en-place\/#primaryimage"},"thumbnailUrl":"https:\/\/lasentinelle.dz\/wp-content\/uploads\/2023\/10\/inondation-annaba.jpeg","articleSection":["\u00c0 la Une","Actualit\u00e9"],"inLanguage":"fr-FR","potentialAction":[{"@type":"CommentAction","name":"Comment","target":["https:\/\/lasentinelle.dz\/index.php\/2025\/09\/08\/risques-dinondations-un-plan-preventif-mis-en-place\/#respond"]}]},{"@type":"WebPage","@id":"https:\/\/lasentinelle.dz\/index.php\/2025\/09\/08\/risques-dinondations-un-plan-preventif-mis-en-place\/","url":"https:\/\/lasentinelle.dz\/index.php\/2025\/09\/08\/risques-dinondations-un-plan-preventif-mis-en-place\/","name":"Risques d\u2019inondations\u00a0: Un plan pr\u00e9ventif mis en place - La Sentinelle","isPartOf":{"@id":"https:\/\/lasentinelle.dz\/#website"},"primaryImageOfPage":{"@id":"https:\/\/lasentinelle.dz\/index.php\/2025\/09\/08\/risques-dinondations-un-plan-preventif-mis-en-place\/#primaryimage"},"image":{"@id":"https:\/\/lasentinelle.dz\/index.php\/2025\/09\/08\/risques-dinondations-un-plan-preventif-mis-en-place\/#primaryimage"},"thumbnailUrl":"https:\/\/lasentinelle.dz\/wp-content\/uploads\/2023\/10\/inondation-annaba.jpeg","datePublished":"2025-09-08T11:36:06+00:00","dateModified":"2025-09-08T11:36:07+00:00","breadcrumb":{"@id":"https:\/\/lasentinelle.dz\/index.php\/2025\/09\/08\/risques-dinondations-un-plan-preventif-mis-en-place\/#breadcrumb"},"inLanguage":"fr-FR","potentialAction":[{"@type":"ReadAction","target":["https:\/\/lasentinelle.dz\/index.php\/2025\/09\/08\/risques-dinondations-un-plan-preventif-mis-en-place\/"]}]},{"@type":"ImageObject","inLanguage":"fr-FR","@id":"https:\/\/lasentinelle.dz\/index.php\/2025\/09\/08\/risques-dinondations-un-plan-preventif-mis-en-place\/#primaryimage","url":"https:\/\/lasentinelle.dz\/wp-content\/uploads\/2023\/10\/inondation-annaba.jpeg","contentUrl":"https:\/\/lasentinelle.dz\/wp-content\/uploads\/2023\/10\/inondation-annaba.jpeg","width":600,"height":400},{"@type":"BreadcrumbList","@id":"https:\/\/lasentinelle.dz\/index.php\/2025\/09\/08\/risques-dinondations-un-plan-preventif-mis-en-place\/#breadcrumb","itemListElement":[{"@type":"ListItem","position":1,"name":"Accueil","item":"https:\/\/lasentinelle.dz\/"},{"@type":"ListItem","position":2,"name":"Risques d\u2019inondations\u00a0: Un plan pr\u00e9ventif mis en place"}]},{"@type":"WebSite","@id":"https:\/\/lasentinelle.dz\/#website","url":"https:\/\/lasentinelle.dz\/","name":"La Sentinelle","description":"Quotidien national d&#039;information","publisher":{"@id":"https:\/\/lasentinelle.dz\/#organization"},"potentialAction":[{"@type":"SearchAction","target":{"@type":"EntryPoint","urlTemplate":"https:\/\/lasentinelle.dz\/?s={search_term_string}"},"query-input":{"@type":"PropertyValueSpecification","valueRequired":true,"valueName":"search_term_string"}}],"inLanguage":"fr-FR"},{"@type":"Organization","@id":"https:\/\/lasentinelle.dz\/#organization","name":"Quotidien La Sentinelle","url":"https:\/\/lasentinelle.dz\/","logo":{"@type":"ImageObject","inLanguage":"fr-FR","@id":"https:\/\/lasentinelle.dz\/#\/schema\/logo\/image\/","url":"https:\/\/lasentinelle.dz\/wp-content\/uploads\/2021\/09\/logo-sentinelleSLOGAN-1.png","contentUrl":"https:\/\/lasentinelle.dz\/wp-content\/uploads\/2021\/09\/logo-sentinelleSLOGAN-1.png","width":615,"height":142,"caption":"Quotidien La Sentinelle"},"image":{"@id":"https:\/\/lasentinelle.dz\/#\/schema\/logo\/image\/"},"sameAs":["https:\/\/www.facebook.com\/La-Sentinelle-104059864394773"]},{"@type":"Person","@id":"https:\/\/lasentinelle.dz\/#\/schema\/person\/729ee0024f24e0b8c5ec17232f8e8b41","name":"admin","image":{"@type":"ImageObject","inLanguage":"fr-FR","@id":"https:\/\/secure.gravatar.com\/avatar\/4c81fed838786e9b53f540bf46533e750f5d292099ae3b66cfc6fb1982e29df7?s=96&d=mm&r=g","url":"https:\/\/secure.gravatar.com\/avatar\/4c81fed838786e9b53f540bf46533e750f5d292099ae3b66cfc6fb1982e29df7?s=96&d=mm&r=g","contentUrl":"https:\/\/secure.gravatar.com\/avatar\/4c81fed838786e9b53f540bf46533e750f5d292099ae3b66cfc6fb1982e29df7?s=96&d=mm&r=g","caption":"admin"},"description":"admin","url":"https:\/\/lasentinelle.dz\/author\/admin\/"}]}},"_links":{"self":[{"href":"https:\/\/lasentinelle.dz\/index.php\/wp-json\/wp\/v2\/posts\/73043","targetHints":{"allow":["GET"]}}],"collection":[{"href":"https:\/\/lasentinelle.dz\/index.php\/wp-json\/wp\/v2\/posts"}],"about":[{"href":"https:\/\/lasentinelle.dz\/index.php\/wp-json\/wp\/v2\/types\/post"}],"author":[{"embeddable":true,"href":"https:\/\/lasentinelle.dz\/index.php\/wp-json\/wp\/v2\/users\/6"}],"replies":[{"embeddable":true,"href":"https:\/\/lasentinelle.dz\/index.php\/wp-json\/wp\/v2\/comments?post=73043"}],"version-history":[{"count":1,"href":"https:\/\/lasentinelle.dz\/index.php\/wp-json\/wp\/v2\/posts\/73043\/revisions"}],"predecessor-version":[{"id":73044,"href":"https:\/\/lasentinelle.dz\/index.php\/wp-json\/wp\/v2\/posts\/73043\/revisions\/73044"}],"wp:featuredmedia":[{"embeddable":true,"href":"https:\/\/lasentinelle.dz\/index.php\/wp-json\/wp\/v2\/media\/46255"}],"wp:attachment":[{"href":"https:\/\/lasentinelle.dz\/index.php\/wp-json\/wp\/v2\/media?parent=73043"}],"wp:term":[{"taxonomy":"category","embeddable":true,"href":"https:\/\/lasentinelle.dz\/index.php\/wp-json\/wp\/v2\/categories?post=73043"},{"taxonomy":"post_tag","embeddable":true,"href":"https:\/\/lasentinelle.dz\/index.php\/wp-json\/wp\/v2\/tags?post=73043"}],"curies":[{"name":"wp","href":"https:\/\/api.w.org\/{rel}","templated":true}]}}