{"id":73045,"date":"2025-09-08T12:37:39","date_gmt":"2025-09-08T11:37:39","guid":{"rendered":"https:\/\/lasentinelle.dz\/?p=73045"},"modified":"2025-09-08T12:37:40","modified_gmt":"2025-09-08T11:37:40","slug":"algerie-afrique-du-sud-consolider-le-partenariat-strategique","status":"publish","type":"post","link":"https:\/\/lasentinelle.dz\/index.php\/2025\/09\/08\/algerie-afrique-du-sud-consolider-le-partenariat-strategique\/","title":{"rendered":"Alg\u00e9rie-Afrique du Sud\u00a0: Consolider le partenariat strat\u00e9gique"},"content":{"rendered":"\n<p>En marge de la Foire commerciale intra-africaine (IATF 2025) qui se tient \u00e0 Alger du 4 au 10 septembre, les relations alg\u00e9ro-sud-africaines connaissent un nouvel \u00e9lan avec une s\u00e9rie de rencontres de haut niveau qui confirment la dimension strat\u00e9gique du partenariat entre les deux puissances africaines. Ces entretiens illustrent la volont\u00e9 commune de concr\u00e9tiser les engagements pris lors de la visite d&rsquo;\u00c9tat du pr\u00e9sident Cyril Ramaphosa en Alg\u00e9rie en d\u00e9cembre 2024. Le Premier ministre par int\u00e9rim Sifi Ghrieb a ainsi re\u00e7u dimanche au Palais du Gouvernement le ministre sud-africain du Commerce, de l&rsquo;Industrie et de la Concurrence, Parks Tau. Cette rencontre a \u00e9t\u00e9 \u00ab\u00a0l&rsquo;occasion de r\u00e9affirmer le caract\u00e8re strat\u00e9gique et privil\u00e9gi\u00e9 des relations d&rsquo;amiti\u00e9 et de coop\u00e9ration entre l&rsquo;Alg\u00e9rie et l&rsquo;Afrique du Sud\u00a0\u00bb, selon un communiqu\u00e9 des services du Premier ministre. Les deux responsables ont \u00e9galement \u00ab\u00a0examin\u00e9 les moyens de renforcer le partenariat bilat\u00e9ral dans divers domaines, conform\u00e9ment \u00e0 la vision commune des dirigeants des deux pays, le pr\u00e9sident de la R\u00e9publique, M. Abdelmadjid Tebboune, et son fr\u00e8re, le pr\u00e9sident de la R\u00e9publique d&rsquo;Afrique du Sud, M. Cyril Ramaphosa\u00a0\u00bb.<\/p>\n\n\n\n<p>L&rsquo;\u00e9nergie et les mines constituent aussi les secteurs prioritaires de cette coop\u00e9ration renforc\u00e9e. Le ministre d&rsquo;\u00c9tat Mohamed Arkab a re\u00e7u Parks Tau en pr\u00e9sence de l&rsquo;ambassadeur sud-africain en Alg\u00e9rie et du PDG de Sonatrach, Rachid Hachichi, marquant ainsi l&rsquo;importance accord\u00e9e \u00e0 ces discussions sectorielles. Les entretiens ont permis d&rsquo;examiner \u00ab\u00a0les moyens de renforcer la coop\u00e9ration entre l&rsquo;Alg\u00e9rie et l&rsquo;Afrique du Sud dans les domaines de l&rsquo;\u00e9nergie, des mines et des \u00e9nergies renouvelables, mettant en avant le caract\u00e8re historique et la solidit\u00e9 des relations bilat\u00e9rales\u00a0\u00bb pr\u00e9cise le communiqu\u00e9 du minist\u00e8re. La dimension prospective de cette coop\u00e9ration se dessine clairement \u00e0 travers l&rsquo;exploration de nouvelles fili\u00e8res \u00e9nerg\u00e9tiques. \u00ab\u00a0La rencontre a permis d&rsquo;examiner les perspectives de coop\u00e9ration dans le domaine des hydrocarbures sur toute la cha\u00eene de valeur, ainsi que dans le domaine de la recherche, de l&rsquo;exploration et de la transformation des ressources mini\u00e8res, notamment les m\u00e9taux critiques et strat\u00e9giques qui sont essentiels dans les industries li\u00e9es aux \u00e9nergies renouvelables\u00a0\u00bb souligne la m\u00eame source.<\/p>\n\n\n\n<p>L&rsquo;hydrog\u00e8ne vert repr\u00e9sente l&rsquo;axe le plus innovant de ce partenariat \u00e9nerg\u00e9tique. Les deux parties ont soulign\u00e9 \u00ab\u00a0la n\u00e9cessit\u00e9 de d\u00e9velopper des projets d&rsquo;\u00e9nergie solaire photovolta\u00efque, d&rsquo;\u00e9nergie \u00e9olienne, de stockage \u00e9nerg\u00e9tique et d&rsquo;hydrog\u00e8ne vert, dans le cadre de l&rsquo;initiative de l&rsquo;Alliance africaine de l&rsquo;hydrog\u00e8ne vert (AGHA) que pr\u00e9side l&rsquo;Afrique du Sud et qui vise \u00e0 f\u00e9d\u00e9rer les efforts africains pour d\u00e9velopper cette ressource \u00e9nerg\u00e9tique prometteuse\u00a0\u00bb. Cette convergence strat\u00e9gique positionne les deux pays en leaders continentaux de la transition \u00e9nerg\u00e9tique. Mohamed Arkab a mis l&rsquo;accent sur l&rsquo;attractivit\u00e9 du march\u00e9 alg\u00e9rien, soulignant \u00ab\u00a0l&rsquo;importance capitale du renforcement de la coop\u00e9ration avec l&rsquo;Afrique du Sud\u00a0\u00bb et mettant \u00ab\u00a0en avant les grandes potentialit\u00e9s qu&rsquo;offre le secteur de l&rsquo;\u00e9nergie, des mines et des \u00e9nergies renouvelables en Alg\u00e9rie, notamment \u00e0 la faveur des nouveaux cadres juridiques et r\u00e9glementaires qui assurent un climat d&rsquo;investissement attractif\u00a0\u00bb. Le ministre alg\u00e9rien a ainsi invit\u00e9 \u00ab\u00a0les soci\u00e9t\u00e9s sud-africaines \u00e0 saisir ces opportunit\u00e9s d&rsquo;investissement prioritaires\u00a0\u00bb. La r\u00e9ciprocit\u00e9 caract\u00e9rise cette approche partenariale. Parks Tau \u00ab\u00a0a r\u00e9it\u00e9r\u00e9 la volont\u00e9 de son pays d&rsquo;approfondir ses relations \u00e9conomiques avec l&rsquo;Alg\u00e9rie, particuli\u00e8rement dans le domaine des hydrocarbures et de la commercialisation du gaz naturel liqu\u00e9fi\u00e9\u00a0\u00bb. Le ministre sud-africain a \u00e9galement exprim\u00e9 \u00ab\u00a0la disposition de l&rsquo;Afrique du Sud \u00e0 partager son expertise dans les domaines des mines et des \u00e9nergies renouvelables et \u00e0 renforcer l&rsquo;\u00e9change de connaissances et le transfert de technologie, de mani\u00e8re \u00e0 appuyer les projets d&rsquo;exploration et de transformation des ressources mini\u00e8res et \u00e0 contribuer au d\u00e9veloppement de l&rsquo;industrie \u00e9nerg\u00e9tique en Alg\u00e9rie\u00a0\u00bb. Cette dynamique bilat\u00e9rale s&rsquo;inscrit dans une vision plus large de l&rsquo;int\u00e9gration africaine. L&rsquo;IATF 2025 offre le cadre id\u00e9al pour mat\u00e9rialiser ces ambitions communes et d\u00e9montrer que les partenariats Sud-Sud peuvent cr\u00e9er une v\u00e9ritable valeur ajout\u00e9e continentale. Les \u00ab\u00a0entretiens ont \u00e9galement port\u00e9 sur les opportunit\u00e9s d&rsquo;investissement, l&rsquo;\u00e9change d&rsquo;expertises entre les deux pays dans ce secteur et les moyens d&rsquo;\u00e9largir la coop\u00e9ration dans les domaines de l&rsquo;\u00e9lectricit\u00e9 et de la production d&rsquo;\u00e9quipements\u00a0\u00bb pr\u00e9cise le minist\u00e8re de l&rsquo;\u00c9nergie. Les conclusions de la visite pr\u00e9sidentielle de d\u00e9cembre 2024 trouvent ainsi leur traduction op\u00e9rationnelle. \u00ab\u00a0Les deux parties ont r\u00e9it\u00e9r\u00e9 leur engagement \u00e0 consolider le partenariat bilat\u00e9ral et \u00e0 le hisser \u00e0 des niveaux sup\u00e9rieurs, en concr\u00e9tisation des conclusions de la visite d&rsquo;\u00c9tat effectu\u00e9e, en d\u00e9cembre 2024 en Alg\u00e9rie, par le pr\u00e9sident de la R\u00e9publique d&rsquo;Afrique du Sud, M. Cyril Ramaphosa, \u00e0 l&rsquo;invitation du pr\u00e9sident de la R\u00e9publique, M. Abdelmadjid Tebboune\u00a0\u00bb.<\/p>\n\n\n\n<p>Samir Benisid<\/p>\n","protected":false},"excerpt":{"rendered":"<p>En marge de la Foire commerciale intra-africaine (IATF 2025) qui se tient \u00e0 Alger du 4 au 10 septembre, les<\/p>\n","protected":false},"author":6,"featured_media":73046,"comment_status":"open","ping_status":"closed","sticky":false,"template":"","format":"standard","meta":{"colormag_page_container_layout":"default_layout","colormag_page_sidebar_layout":"default_layout","om_disable_all_campaigns":false,"_monsterinsights_skip_tracking":false,"_monsterinsights_sitenote_active":false,"_monsterinsights_sitenote_note":"","_monsterinsights_sitenote_category":0,"footnotes":"","_wpscppro_dont_share_socialmedia":false,"_wpscppro_custom_social_share_image":0,"_facebook_share_type":"default","_twitter_share_type":"default","_linkedin_share_type":"default","_pinterest_share_type":"default","_linkedin_share_type_page":"","_instagram_share_type":"default","_medium_share_type":"default","_threads_share_type":"default","_google_business_share_type":"default","_selected_social_profile":[],"_wpsp_enable_custom_social_template":false,"_wpsp_social_scheduling":{"enabled":false,"datetime":null,"platforms":[],"status":"template_only","dateOption":"today","timeOption":"now","customDays":"","customHours":"","customDate":"","customTime":"","schedulingType":"absolute"},"_wpsp_active_default_template":true},"categories":[27],"tags":[],"class_list":["post-73045","post","type-post","status-publish","format-standard","has-post-thumbnail","hentry","category-actualite"],"aioseo_notices":[],"yoast_head":"<!-- This site is optimized with the Yoast SEO plugin v27.5 - https:\/\/yoast.com\/product\/yoast-seo-wordpress\/ -->\n<title>Alg\u00e9rie-Afrique du Sud\u00a0: Consolider le partenariat strat\u00e9gique - La Sentinelle<\/title>\n<meta name=\"robots\" content=\"index, follow, max-snippet:-1, max-image-preview:large, max-video-preview:-1\" \/>\n<link rel=\"canonical\" href=\"https:\/\/lasentinelle.dz\/index.php\/2025\/09\/08\/algerie-afrique-du-sud-consolider-le-partenariat-strategique\/\" \/>\n<meta property=\"og:locale\" content=\"fr_FR\" \/>\n<meta property=\"og:type\" content=\"article\" \/>\n<meta property=\"og:title\" content=\"Alg\u00e9rie-Afrique du Sud\u00a0: Consolider le partenariat strat\u00e9gique - La Sentinelle\" \/>\n<meta property=\"og:description\" content=\"En marge de la Foire commerciale intra-africaine (IATF 2025) qui se tient \u00e0 Alger du 4 au 10 septembre, les\" \/>\n<meta property=\"og:url\" content=\"https:\/\/lasentinelle.dz\/index.php\/2025\/09\/08\/algerie-afrique-du-sud-consolider-le-partenariat-strategique\/\" \/>\n<meta property=\"og:site_name\" content=\"La Sentinelle\" \/>\n<meta property=\"article:publisher\" content=\"https:\/\/www.facebook.com\/La-Sentinelle-104059864394773\" \/>\n<meta property=\"article:published_time\" content=\"2025-09-08T11:37:39+00:00\" \/>\n<meta property=\"article:modified_time\" content=\"2025-09-08T11:37:40+00:00\" \/>\n<meta property=\"og:image\" content=\"https:\/\/lasentinelle.dz\/wp-content\/uploads\/2025\/09\/spm-post-1757321549.jpg\" \/>\n\t<meta property=\"og:image:width\" content=\"740\" \/>\n\t<meta property=\"og:image:height\" content=\"360\" \/>\n\t<meta property=\"og:image:type\" content=\"image\/jpeg\" \/>\n<meta name=\"author\" content=\"admin\" \/>\n<meta name=\"twitter:card\" content=\"summary_large_image\" \/>\n<meta name=\"twitter:label1\" content=\"\u00c9crit par\" \/>\n\t<meta name=\"twitter:data1\" content=\"admin\" \/>\n\t<meta name=\"twitter:label2\" content=\"Dur\u00e9e de lecture estim\u00e9e\" \/>\n\t<meta name=\"twitter:data2\" content=\"4 minutes\" \/>\n<script type=\"application\/ld+json\" class=\"yoast-schema-graph\">{\"@context\":\"https:\\\/\\\/schema.org\",\"@graph\":[{\"@type\":\"Article\",\"@id\":\"https:\\\/\\\/lasentinelle.dz\\\/index.php\\\/2025\\\/09\\\/08\\\/algerie-afrique-du-sud-consolider-le-partenariat-strategique\\\/#article\",\"isPartOf\":{\"@id\":\"https:\\\/\\\/lasentinelle.dz\\\/index.php\\\/2025\\\/09\\\/08\\\/algerie-afrique-du-sud-consolider-le-partenariat-strategique\\\/\"},\"author\":{\"name\":\"admin\",\"@id\":\"https:\\\/\\\/lasentinelle.dz\\\/#\\\/schema\\\/person\\\/729ee0024f24e0b8c5ec17232f8e8b41\"},\"headline\":\"Alg\u00e9rie-Afrique du Sud\u00a0: Consolider le partenariat strat\u00e9gique\",\"datePublished\":\"2025-09-08T11:37:39+00:00\",\"dateModified\":\"2025-09-08T11:37:40+00:00\",\"mainEntityOfPage\":{\"@id\":\"https:\\\/\\\/lasentinelle.dz\\\/index.php\\\/2025\\\/09\\\/08\\\/algerie-afrique-du-sud-consolider-le-partenariat-strategique\\\/\"},\"wordCount\":882,\"commentCount\":0,\"publisher\":{\"@id\":\"https:\\\/\\\/lasentinelle.dz\\\/#organization\"},\"image\":{\"@id\":\"https:\\\/\\\/lasentinelle.dz\\\/index.php\\\/2025\\\/09\\\/08\\\/algerie-afrique-du-sud-consolider-le-partenariat-strategique\\\/#primaryimage\"},\"thumbnailUrl\":\"https:\\\/\\\/lasentinelle.dz\\\/wp-content\\\/uploads\\\/2025\\\/09\\\/spm-post-1757321549.jpg\",\"articleSection\":[\"Actualit\u00e9\"],\"inLanguage\":\"fr-FR\",\"potentialAction\":[{\"@type\":\"CommentAction\",\"name\":\"Comment\",\"target\":[\"https:\\\/\\\/lasentinelle.dz\\\/index.php\\\/2025\\\/09\\\/08\\\/algerie-afrique-du-sud-consolider-le-partenariat-strategique\\\/#respond\"]}]},{\"@type\":\"WebPage\",\"@id\":\"https:\\\/\\\/lasentinelle.dz\\\/index.php\\\/2025\\\/09\\\/08\\\/algerie-afrique-du-sud-consolider-le-partenariat-strategique\\\/\",\"url\":\"https:\\\/\\\/lasentinelle.dz\\\/index.php\\\/2025\\\/09\\\/08\\\/algerie-afrique-du-sud-consolider-le-partenariat-strategique\\\/\",\"name\":\"Alg\u00e9rie-Afrique du Sud\u00a0: Consolider le partenariat strat\u00e9gique - La Sentinelle\",\"isPartOf\":{\"@id\":\"https:\\\/\\\/lasentinelle.dz\\\/#website\"},\"primaryImageOfPage\":{\"@id\":\"https:\\\/\\\/lasentinelle.dz\\\/index.php\\\/2025\\\/09\\\/08\\\/algerie-afrique-du-sud-consolider-le-partenariat-strategique\\\/#primaryimage\"},\"image\":{\"@id\":\"https:\\\/\\\/lasentinelle.dz\\\/index.php\\\/2025\\\/09\\\/08\\\/algerie-afrique-du-sud-consolider-le-partenariat-strategique\\\/#primaryimage\"},\"thumbnailUrl\":\"https:\\\/\\\/lasentinelle.dz\\\/wp-content\\\/uploads\\\/2025\\\/09\\\/spm-post-1757321549.jpg\",\"datePublished\":\"2025-09-08T11:37:39+00:00\",\"dateModified\":\"2025-09-08T11:37:40+00:00\",\"breadcrumb\":{\"@id\":\"https:\\\/\\\/lasentinelle.dz\\\/index.php\\\/2025\\\/09\\\/08\\\/algerie-afrique-du-sud-consolider-le-partenariat-strategique\\\/#breadcrumb\"},\"inLanguage\":\"fr-FR\",\"potentialAction\":[{\"@type\":\"ReadAction\",\"target\":[\"https:\\\/\\\/lasentinelle.dz\\\/index.php\\\/2025\\\/09\\\/08\\\/algerie-afrique-du-sud-consolider-le-partenariat-strategique\\\/\"]}]},{\"@type\":\"ImageObject\",\"inLanguage\":\"fr-FR\",\"@id\":\"https:\\\/\\\/lasentinelle.dz\\\/index.php\\\/2025\\\/09\\\/08\\\/algerie-afrique-du-sud-consolider-le-partenariat-strategique\\\/#primaryimage\",\"url\":\"https:\\\/\\\/lasentinelle.dz\\\/wp-content\\\/uploads\\\/2025\\\/09\\\/spm-post-1757321549.jpg\",\"contentUrl\":\"https:\\\/\\\/lasentinelle.dz\\\/wp-content\\\/uploads\\\/2025\\\/09\\\/spm-post-1757321549.jpg\",\"width\":740,\"height\":360},{\"@type\":\"BreadcrumbList\",\"@id\":\"https:\\\/\\\/lasentinelle.dz\\\/index.php\\\/2025\\\/09\\\/08\\\/algerie-afrique-du-sud-consolider-le-partenariat-strategique\\\/#breadcrumb\",\"itemListElement\":[{\"@type\":\"ListItem\",\"position\":1,\"name\":\"Accueil\",\"item\":\"https:\\\/\\\/lasentinelle.dz\\\/\"},{\"@type\":\"ListItem\",\"position\":2,\"name\":\"Alg\u00e9rie-Afrique du Sud\u00a0: Consolider le partenariat strat\u00e9gique\"}]},{\"@type\":\"WebSite\",\"@id\":\"https:\\\/\\\/lasentinelle.dz\\\/#website\",\"url\":\"https:\\\/\\\/lasentinelle.dz\\\/\",\"name\":\"La Sentinelle\",\"description\":\"Quotidien national d&#039;information\",\"publisher\":{\"@id\":\"https:\\\/\\\/lasentinelle.dz\\\/#organization\"},\"potentialAction\":[{\"@type\":\"SearchAction\",\"target\":{\"@type\":\"EntryPoint\",\"urlTemplate\":\"https:\\\/\\\/lasentinelle.dz\\\/?s={search_term_string}\"},\"query-input\":{\"@type\":\"PropertyValueSpecification\",\"valueRequired\":true,\"valueName\":\"search_term_string\"}}],\"inLanguage\":\"fr-FR\"},{\"@type\":\"Organization\",\"@id\":\"https:\\\/\\\/lasentinelle.dz\\\/#organization\",\"name\":\"Quotidien La Sentinelle\",\"url\":\"https:\\\/\\\/lasentinelle.dz\\\/\",\"logo\":{\"@type\":\"ImageObject\",\"inLanguage\":\"fr-FR\",\"@id\":\"https:\\\/\\\/lasentinelle.dz\\\/#\\\/schema\\\/logo\\\/image\\\/\",\"url\":\"https:\\\/\\\/lasentinelle.dz\\\/wp-content\\\/uploads\\\/2021\\\/09\\\/logo-sentinelleSLOGAN-1.png\",\"contentUrl\":\"https:\\\/\\\/lasentinelle.dz\\\/wp-content\\\/uploads\\\/2021\\\/09\\\/logo-sentinelleSLOGAN-1.png\",\"width\":615,\"height\":142,\"caption\":\"Quotidien La Sentinelle\"},\"image\":{\"@id\":\"https:\\\/\\\/lasentinelle.dz\\\/#\\\/schema\\\/logo\\\/image\\\/\"},\"sameAs\":[\"https:\\\/\\\/www.facebook.com\\\/La-Sentinelle-104059864394773\"]},{\"@type\":\"Person\",\"@id\":\"https:\\\/\\\/lasentinelle.dz\\\/#\\\/schema\\\/person\\\/729ee0024f24e0b8c5ec17232f8e8b41\",\"name\":\"admin\",\"image\":{\"@type\":\"ImageObject\",\"inLanguage\":\"fr-FR\",\"@id\":\"https:\\\/\\\/secure.gravatar.com\\\/avatar\\\/4c81fed838786e9b53f540bf46533e750f5d292099ae3b66cfc6fb1982e29df7?s=96&d=mm&r=g\",\"url\":\"https:\\\/\\\/secure.gravatar.com\\\/avatar\\\/4c81fed838786e9b53f540bf46533e750f5d292099ae3b66cfc6fb1982e29df7?s=96&d=mm&r=g\",\"contentUrl\":\"https:\\\/\\\/secure.gravatar.com\\\/avatar\\\/4c81fed838786e9b53f540bf46533e750f5d292099ae3b66cfc6fb1982e29df7?s=96&d=mm&r=g\",\"caption\":\"admin\"},\"description\":\"admin\",\"url\":\"https:\\\/\\\/lasentinelle.dz\\\/author\\\/admin\\\/\"}]}<\/script>\n<!-- \/ Yoast SEO plugin. -->","yoast_head_json":{"title":"Alg\u00e9rie-Afrique du Sud\u00a0: Consolider le partenariat strat\u00e9gique - La Sentinelle","robots":{"index":"index","follow":"follow","max-snippet":"max-snippet:-1","max-image-preview":"max-image-preview:large","max-video-preview":"max-video-preview:-1"},"canonical":"https:\/\/lasentinelle.dz\/index.php\/2025\/09\/08\/algerie-afrique-du-sud-consolider-le-partenariat-strategique\/","og_locale":"fr_FR","og_type":"article","og_title":"Alg\u00e9rie-Afrique du Sud\u00a0: Consolider le partenariat strat\u00e9gique - La Sentinelle","og_description":"En marge de la Foire commerciale intra-africaine (IATF 2025) qui se tient \u00e0 Alger du 4 au 10 septembre, les","og_url":"https:\/\/lasentinelle.dz\/index.php\/2025\/09\/08\/algerie-afrique-du-sud-consolider-le-partenariat-strategique\/","og_site_name":"La Sentinelle","article_publisher":"https:\/\/www.facebook.com\/La-Sentinelle-104059864394773","article_published_time":"2025-09-08T11:37:39+00:00","article_modified_time":"2025-09-08T11:37:40+00:00","og_image":[{"width":740,"height":360,"url":"https:\/\/lasentinelle.dz\/wp-content\/uploads\/2025\/09\/spm-post-1757321549.jpg","type":"image\/jpeg"}],"author":"admin","twitter_card":"summary_large_image","twitter_misc":{"\u00c9crit par":"admin","Dur\u00e9e de lecture estim\u00e9e":"4 minutes"},"schema":{"@context":"https:\/\/schema.org","@graph":[{"@type":"Article","@id":"https:\/\/lasentinelle.dz\/index.php\/2025\/09\/08\/algerie-afrique-du-sud-consolider-le-partenariat-strategique\/#article","isPartOf":{"@id":"https:\/\/lasentinelle.dz\/index.php\/2025\/09\/08\/algerie-afrique-du-sud-consolider-le-partenariat-strategique\/"},"author":{"name":"admin","@id":"https:\/\/lasentinelle.dz\/#\/schema\/person\/729ee0024f24e0b8c5ec17232f8e8b41"},"headline":"Alg\u00e9rie-Afrique du Sud\u00a0: Consolider le partenariat strat\u00e9gique","datePublished":"2025-09-08T11:37:39+00:00","dateModified":"2025-09-08T11:37:40+00:00","mainEntityOfPage":{"@id":"https:\/\/lasentinelle.dz\/index.php\/2025\/09\/08\/algerie-afrique-du-sud-consolider-le-partenariat-strategique\/"},"wordCount":882,"commentCount":0,"publisher":{"@id":"https:\/\/lasentinelle.dz\/#organization"},"image":{"@id":"https:\/\/lasentinelle.dz\/index.php\/2025\/09\/08\/algerie-afrique-du-sud-consolider-le-partenariat-strategique\/#primaryimage"},"thumbnailUrl":"https:\/\/lasentinelle.dz\/wp-content\/uploads\/2025\/09\/spm-post-1757321549.jpg","articleSection":["Actualit\u00e9"],"inLanguage":"fr-FR","potentialAction":[{"@type":"CommentAction","name":"Comment","target":["https:\/\/lasentinelle.dz\/index.php\/2025\/09\/08\/algerie-afrique-du-sud-consolider-le-partenariat-strategique\/#respond"]}]},{"@type":"WebPage","@id":"https:\/\/lasentinelle.dz\/index.php\/2025\/09\/08\/algerie-afrique-du-sud-consolider-le-partenariat-strategique\/","url":"https:\/\/lasentinelle.dz\/index.php\/2025\/09\/08\/algerie-afrique-du-sud-consolider-le-partenariat-strategique\/","name":"Alg\u00e9rie-Afrique du Sud\u00a0: Consolider le partenariat strat\u00e9gique - La Sentinelle","isPartOf":{"@id":"https:\/\/lasentinelle.dz\/#website"},"primaryImageOfPage":{"@id":"https:\/\/lasentinelle.dz\/index.php\/2025\/09\/08\/algerie-afrique-du-sud-consolider-le-partenariat-strategique\/#primaryimage"},"image":{"@id":"https:\/\/lasentinelle.dz\/index.php\/2025\/09\/08\/algerie-afrique-du-sud-consolider-le-partenariat-strategique\/#primaryimage"},"thumbnailUrl":"https:\/\/lasentinelle.dz\/wp-content\/uploads\/2025\/09\/spm-post-1757321549.jpg","datePublished":"2025-09-08T11:37:39+00:00","dateModified":"2025-09-08T11:37:40+00:00","breadcrumb":{"@id":"https:\/\/lasentinelle.dz\/index.php\/2025\/09\/08\/algerie-afrique-du-sud-consolider-le-partenariat-strategique\/#breadcrumb"},"inLanguage":"fr-FR","potentialAction":[{"@type":"ReadAction","target":["https:\/\/lasentinelle.dz\/index.php\/2025\/09\/08\/algerie-afrique-du-sud-consolider-le-partenariat-strategique\/"]}]},{"@type":"ImageObject","inLanguage":"fr-FR","@id":"https:\/\/lasentinelle.dz\/index.php\/2025\/09\/08\/algerie-afrique-du-sud-consolider-le-partenariat-strategique\/#primaryimage","url":"https:\/\/lasentinelle.dz\/wp-content\/uploads\/2025\/09\/spm-post-1757321549.jpg","contentUrl":"https:\/\/lasentinelle.dz\/wp-content\/uploads\/2025\/09\/spm-post-1757321549.jpg","width":740,"height":360},{"@type":"BreadcrumbList","@id":"https:\/\/lasentinelle.dz\/index.php\/2025\/09\/08\/algerie-afrique-du-sud-consolider-le-partenariat-strategique\/#breadcrumb","itemListElement":[{"@type":"ListItem","position":1,"name":"Accueil","item":"https:\/\/lasentinelle.dz\/"},{"@type":"ListItem","position":2,"name":"Alg\u00e9rie-Afrique du Sud\u00a0: Consolider le partenariat strat\u00e9gique"}]},{"@type":"WebSite","@id":"https:\/\/lasentinelle.dz\/#website","url":"https:\/\/lasentinelle.dz\/","name":"La Sentinelle","description":"Quotidien national d&#039;information","publisher":{"@id":"https:\/\/lasentinelle.dz\/#organization"},"potentialAction":[{"@type":"SearchAction","target":{"@type":"EntryPoint","urlTemplate":"https:\/\/lasentinelle.dz\/?s={search_term_string}"},"query-input":{"@type":"PropertyValueSpecification","valueRequired":true,"valueName":"search_term_string"}}],"inLanguage":"fr-FR"},{"@type":"Organization","@id":"https:\/\/lasentinelle.dz\/#organization","name":"Quotidien La Sentinelle","url":"https:\/\/lasentinelle.dz\/","logo":{"@type":"ImageObject","inLanguage":"fr-FR","@id":"https:\/\/lasentinelle.dz\/#\/schema\/logo\/image\/","url":"https:\/\/lasentinelle.dz\/wp-content\/uploads\/2021\/09\/logo-sentinelleSLOGAN-1.png","contentUrl":"https:\/\/lasentinelle.dz\/wp-content\/uploads\/2021\/09\/logo-sentinelleSLOGAN-1.png","width":615,"height":142,"caption":"Quotidien La Sentinelle"},"image":{"@id":"https:\/\/lasentinelle.dz\/#\/schema\/logo\/image\/"},"sameAs":["https:\/\/www.facebook.com\/La-Sentinelle-104059864394773"]},{"@type":"Person","@id":"https:\/\/lasentinelle.dz\/#\/schema\/person\/729ee0024f24e0b8c5ec17232f8e8b41","name":"admin","image":{"@type":"ImageObject","inLanguage":"fr-FR","@id":"https:\/\/secure.gravatar.com\/avatar\/4c81fed838786e9b53f540bf46533e750f5d292099ae3b66cfc6fb1982e29df7?s=96&d=mm&r=g","url":"https:\/\/secure.gravatar.com\/avatar\/4c81fed838786e9b53f540bf46533e750f5d292099ae3b66cfc6fb1982e29df7?s=96&d=mm&r=g","contentUrl":"https:\/\/secure.gravatar.com\/avatar\/4c81fed838786e9b53f540bf46533e750f5d292099ae3b66cfc6fb1982e29df7?s=96&d=mm&r=g","caption":"admin"},"description":"admin","url":"https:\/\/lasentinelle.dz\/author\/admin\/"}]}},"_links":{"self":[{"href":"https:\/\/lasentinelle.dz\/index.php\/wp-json\/wp\/v2\/posts\/73045","targetHints":{"allow":["GET"]}}],"collection":[{"href":"https:\/\/lasentinelle.dz\/index.php\/wp-json\/wp\/v2\/posts"}],"about":[{"href":"https:\/\/lasentinelle.dz\/index.php\/wp-json\/wp\/v2\/types\/post"}],"author":[{"embeddable":true,"href":"https:\/\/lasentinelle.dz\/index.php\/wp-json\/wp\/v2\/users\/6"}],"replies":[{"embeddable":true,"href":"https:\/\/lasentinelle.dz\/index.php\/wp-json\/wp\/v2\/comments?post=73045"}],"version-history":[{"count":1,"href":"https:\/\/lasentinelle.dz\/index.php\/wp-json\/wp\/v2\/posts\/73045\/revisions"}],"predecessor-version":[{"id":73047,"href":"https:\/\/lasentinelle.dz\/index.php\/wp-json\/wp\/v2\/posts\/73045\/revisions\/73047"}],"wp:featuredmedia":[{"embeddable":true,"href":"https:\/\/lasentinelle.dz\/index.php\/wp-json\/wp\/v2\/media\/73046"}],"wp:attachment":[{"href":"https:\/\/lasentinelle.dz\/index.php\/wp-json\/wp\/v2\/media?parent=73045"}],"wp:term":[{"taxonomy":"category","embeddable":true,"href":"https:\/\/lasentinelle.dz\/index.php\/wp-json\/wp\/v2\/categories?post=73045"},{"taxonomy":"post_tag","embeddable":true,"href":"https:\/\/lasentinelle.dz\/index.php\/wp-json\/wp\/v2\/tags?post=73045"}],"curies":[{"name":"wp","href":"https:\/\/api.w.org\/{rel}","templated":true}]}}