{"id":73048,"date":"2025-09-08T12:38:47","date_gmt":"2025-09-08T11:38:47","guid":{"rendered":"https:\/\/lasentinelle.dz\/?p=73048"},"modified":"2025-09-08T12:38:48","modified_gmt":"2025-09-08T11:38:48","slug":"lalgerie-affiche-sa-disposition-a-partager-son-expertise-lenergie-au-coeur-de-lintegration-africaine","status":"publish","type":"post","link":"https:\/\/lasentinelle.dz\/index.php\/2025\/09\/08\/lalgerie-affiche-sa-disposition-a-partager-son-expertise-lenergie-au-coeur-de-lintegration-africaine\/","title":{"rendered":"L\u2019Alg\u00e9rie affiche sa disposition \u00e0 partager son expertise\u00a0: L&rsquo;\u00e9nergie au c\u0153ur de l&rsquo;int\u00e9gration africaine"},"content":{"rendered":"\n<p>Une dynamique nouvelle place l&rsquo;Alg\u00e9rie au centre des enjeux \u00e9nerg\u00e9tiques continentaux.<\/p>\n\n\n\n<p>La quatri\u00e8me \u00e9dition de la Foire commerciale intra-africaine qui se d\u00e9roule actuellement \u00e0 Alger r\u00e9v\u00e8le une r\u00e9alit\u00e9 strat\u00e9gique majeure : l&rsquo;\u00e9nergie constitue d\u00e9sormais le pilier central de l&rsquo;int\u00e9gration \u00e9conomique africaine. &nbsp;&nbsp;Au centre de cette transformation, l&rsquo;Alg\u00e9rie affirme son r\u00f4le de leader r\u00e9gional gr\u00e2ce \u00e0 ses champions industriels Sonatrach et Sonelgaz, v\u00e9ritables piliers d&rsquo;une strat\u00e9gie continentale d&rsquo;int\u00e9gration \u00e9nerg\u00e9tique ambitieuse. Cette vision strat\u00e9gique trouve sa concr\u00e9tisation dans les nombreuses rencontres bilat\u00e9rales initi\u00e9es par Rachid Hachichi, pr\u00e9sident directeur-g\u00e9n\u00e9ral de Sonatrach, qui a multipli\u00e9 les \u00e9changes avec des partenaires internationaux et africains. Sa rencontre avec Jamil Joseph, vice-pr\u00e9sident des ventes de l&rsquo;entreprise canadienne SpaceBridge, t\u00e9moigne de cette approche innovante o\u00f9 les communications par satellite et les solutions num\u00e9riques viennent soutenir le secteur \u00e9nerg\u00e9tique africain. Cette d\u00e9marche technologique r\u00e9v\u00e8le comment l&rsquo;Alg\u00e9rie entend moderniser l&rsquo;acc\u00e8s \u00e0 l&rsquo;\u00e9nergie sur le continent en s&rsquo;appuyant sur les derni\u00e8res innovations digitales. L&rsquo;axe Sud-Sud constitue le fondement de cette strat\u00e9gie, comme en t\u00e9moigne la rencontre fructueuse entre Hachichi et Ludovina Bernardo, pr\u00e9sidente du conseil d&rsquo;administration de l&rsquo;Entreprise nationale d&rsquo;hydrocarbures du Mozambique. Cette collaboration bilat\u00e9rale, ax\u00e9e sur l&rsquo;exploration et la production d&rsquo;hydrocarbures, d\u00e9montre comment l&rsquo;expertise alg\u00e9rienne peut catalyser le d\u00e9veloppement des ressources \u00e9nerg\u00e9tiques africaines. Les relations d\u00e9j\u00e0 solides entre Sonatrach et l&rsquo;ENH mozambicaine ouvrent de nouvelles perspectives de partenariat qui pourraient transformer l&rsquo;acc\u00e8s aux ressources \u00e9nerg\u00e9tiques en Afrique australe.<\/p>\n\n\n\n<p>L&rsquo;Agence nationale pour la valorisation des ressources en hydrocarbures Alnaft joue \u00e9galement un r\u00f4le crucial dans cette dynamique d&rsquo;int\u00e9gration. Les entretiens men\u00e9s avec une d\u00e9l\u00e9gation de l&rsquo;autorit\u00e9 tanzanienne de r\u00e9gulation du secteur p\u00e9trolier amont illustre parfaitement cette approche de transfert d&rsquo;expertise. L&rsquo;Alg\u00e9rie partage g\u00e9n\u00e9reusement son savoir-faire en mati\u00e8re d&rsquo;organisation d&rsquo;appels \u00e0 concurrence, mettant en avant les m\u00e9canismes de transparence et de comp\u00e9titivit\u00e9 qui ont fait le succ\u00e8s de l&rsquo;Algeria Bid Round 2024. Cette transmission d&rsquo;expertise r\u00e9glementaire constitue un atout majeur pour d\u00e9velopper l&rsquo;industrie p\u00e9troli\u00e8re et gazi\u00e8re tanzanienne selon les meilleures pratiques internationales. La dimension mini\u00e8re prend une importance particuli\u00e8re dans cette strat\u00e9gie d&rsquo;int\u00e9gration, notamment avec la rencontre entre Mohamed Arkab, ministre de l&rsquo;\u00c9nergie, des Mines et des \u00c9nergies renouvelables, et Parks Tau, ministre sud-africain du Commerce, de l&rsquo;Industrie et de la Concurrence. Cette collaboration bilat\u00e9rale met l&rsquo;accent sur la recherche, l&rsquo;exploration et la transformation des ressources mini\u00e8res, particuli\u00e8rement les m\u00e9taux critiques et strat\u00e9giques essentiels aux industries des \u00e9nergies renouvelables. Cette approche r\u00e9v\u00e8le comment l&rsquo;Alg\u00e9rie peut devenir un hub continental pour la valorisation des ressources mini\u00e8res n\u00e9cessaires \u00e0 la transition \u00e9nerg\u00e9tique africaine. Les discussions avec l&rsquo;Afrique du Sud portent notamment sur l&rsquo;\u00e9change d&rsquo;expertises dans le domaine \u00e9lectrique et la production d&rsquo;\u00e9quipements, ouvrant des perspectives prometteuses pour \u00e9tendre l&rsquo;acc\u00e8s \u00e0 l&rsquo;\u00e9lectricit\u00e9 dans les zones rurales africaines. Les \u00e9nergies renouvelables constituent l&rsquo;avenir de cette int\u00e9gration \u00e9nerg\u00e9tique africaine. Les projets d&rsquo;\u00e9nergie solaire photovolta\u00efque, d&rsquo;\u00e9nergie \u00e9olienne, de stockage \u00e9nerg\u00e9tique et d&rsquo;hydrog\u00e8ne vert discut\u00e9s lors de l&rsquo;IATF 2025 s&rsquo;inscrivent dans le cadre de l&rsquo;Alliance africaine de l&rsquo;hydrog\u00e8ne vert pr\u00e9sid\u00e9e par l&rsquo;Afrique du Sud. Cette initiative continentale vise \u00e0 f\u00e9d\u00e9rer les efforts africains pour d\u00e9velopper cette ressource \u00e9nerg\u00e9tique prometteuse, positionnant l&rsquo;Alg\u00e9rie comme un acteur incontournable de la transition \u00e9nerg\u00e9tique continentale.<\/p>\n\n\n\n<p>La participation active d&rsquo;Alnaft en tant que sponsor officiel de l&rsquo;IATF 2025 symbolise cet engagement alg\u00e9rien en faveur d&rsquo;une politique \u00e9nerg\u00e9tique bas\u00e9e sur les partenariats Sud-Sud. Cette approche pragmatique favorise l&rsquo;int\u00e9gration \u00e9conomique et promeut le d\u00e9veloppement durable en Afrique, cr\u00e9ant les conditions d&rsquo;une v\u00e9ritable souverainet\u00e9 \u00e9nerg\u00e9tique continentale. Les relations historiques et solides entre l&rsquo;Alg\u00e9rie et ses partenaires africains constituent le socle de cette transformation, permettant d&rsquo;envisager des partenariats fond\u00e9s sur des projets concrets et des programmes de travail conjoints.<\/p>\n\n\n\n<p>Cette dynamique \u00e9nerg\u00e9tique s&rsquo;inscrit dans une vision \u00e0 long terme o\u00f9 l&rsquo;Alg\u00e9rie, forte de ses g\u00e9ants industriels et de ses ressources, peut jouer un r\u00f4le d\u00e9terminant dans l&rsquo;am\u00e9lioration de l&rsquo;acc\u00e8s \u00e0 l&rsquo;\u00e9nergie sur le continent africain, contribuant ainsi \u00e0 une int\u00e9gration \u00e9conomique durable et inclusive.<\/p>\n\n\n\n<p>Salim Amokrane<\/p>\n","protected":false},"excerpt":{"rendered":"<p>Une dynamique nouvelle place l&rsquo;Alg\u00e9rie au centre des enjeux \u00e9nerg\u00e9tiques continentaux. La quatri\u00e8me \u00e9dition de la Foire commerciale intra-africaine qui<\/p>\n","protected":false},"author":6,"featured_media":73049,"comment_status":"open","ping_status":"closed","sticky":false,"template":"","format":"standard","meta":{"colormag_page_container_layout":"default_layout","colormag_page_sidebar_layout":"default_layout","om_disable_all_campaigns":false,"_monsterinsights_skip_tracking":false,"_monsterinsights_sitenote_active":false,"_monsterinsights_sitenote_note":"","_monsterinsights_sitenote_category":0,"footnotes":"","_wpscppro_dont_share_socialmedia":false,"_wpscppro_custom_social_share_image":0,"_facebook_share_type":"default","_twitter_share_type":"default","_linkedin_share_type":"default","_pinterest_share_type":"default","_linkedin_share_type_page":"","_instagram_share_type":"default","_medium_share_type":"default","_threads_share_type":"default","_google_business_share_type":"default","_selected_social_profile":[],"_wpsp_enable_custom_social_template":false,"_wpsp_social_scheduling":{"enabled":false,"datetime":null,"platforms":[],"status":"template_only","dateOption":"today","timeOption":"now","customDays":"","customHours":"","customDate":"","customTime":"","schedulingType":"absolute"},"_wpsp_active_default_template":true},"categories":[27],"tags":[],"class_list":["post-73048","post","type-post","status-publish","format-standard","has-post-thumbnail","hentry","category-actualite"],"aioseo_notices":[],"yoast_head":"<!-- This site is optimized with the Yoast SEO plugin v27.5 - https:\/\/yoast.com\/product\/yoast-seo-wordpress\/ -->\n<title>L\u2019Alg\u00e9rie affiche sa disposition \u00e0 partager son expertise\u00a0: L&rsquo;\u00e9nergie au c\u0153ur de l&rsquo;int\u00e9gration africaine - La Sentinelle<\/title>\n<meta name=\"robots\" content=\"index, follow, max-snippet:-1, max-image-preview:large, max-video-preview:-1\" \/>\n<link rel=\"canonical\" href=\"https:\/\/lasentinelle.dz\/index.php\/2025\/09\/08\/lalgerie-affiche-sa-disposition-a-partager-son-expertise-lenergie-au-coeur-de-lintegration-africaine\/\" \/>\n<meta property=\"og:locale\" content=\"fr_FR\" \/>\n<meta property=\"og:type\" content=\"article\" \/>\n<meta property=\"og:title\" content=\"L\u2019Alg\u00e9rie affiche sa disposition \u00e0 partager son expertise\u00a0: L&rsquo;\u00e9nergie au c\u0153ur de l&rsquo;int\u00e9gration africaine - La Sentinelle\" \/>\n<meta property=\"og:description\" content=\"Une dynamique nouvelle place l&rsquo;Alg\u00e9rie au centre des enjeux \u00e9nerg\u00e9tiques continentaux. La quatri\u00e8me \u00e9dition de la Foire commerciale intra-africaine qui\" \/>\n<meta property=\"og:url\" content=\"https:\/\/lasentinelle.dz\/index.php\/2025\/09\/08\/lalgerie-affiche-sa-disposition-a-partager-son-expertise-lenergie-au-coeur-de-lintegration-africaine\/\" \/>\n<meta property=\"og:site_name\" content=\"La Sentinelle\" \/>\n<meta property=\"article:publisher\" content=\"https:\/\/www.facebook.com\/La-Sentinelle-104059864394773\" \/>\n<meta property=\"article:published_time\" content=\"2025-09-08T11:38:47+00:00\" \/>\n<meta property=\"article:modified_time\" content=\"2025-09-08T11:38:48+00:00\" \/>\n<meta property=\"og:image\" content=\"https:\/\/lasentinelle.dz\/wp-content\/uploads\/2025\/09\/sonatrach.jpg\" \/>\n\t<meta property=\"og:image:width\" content=\"1600\" \/>\n\t<meta property=\"og:image:height\" content=\"898\" \/>\n\t<meta property=\"og:image:type\" content=\"image\/jpeg\" \/>\n<meta name=\"author\" content=\"admin\" \/>\n<meta name=\"twitter:card\" content=\"summary_large_image\" \/>\n<meta name=\"twitter:label1\" content=\"\u00c9crit par\" \/>\n\t<meta name=\"twitter:data1\" content=\"admin\" \/>\n\t<meta name=\"twitter:label2\" content=\"Dur\u00e9e de lecture estim\u00e9e\" \/>\n\t<meta name=\"twitter:data2\" content=\"4 minutes\" \/>\n<script type=\"application\/ld+json\" class=\"yoast-schema-graph\">{\"@context\":\"https:\\\/\\\/schema.org\",\"@graph\":[{\"@type\":\"Article\",\"@id\":\"https:\\\/\\\/lasentinelle.dz\\\/index.php\\\/2025\\\/09\\\/08\\\/lalgerie-affiche-sa-disposition-a-partager-son-expertise-lenergie-au-coeur-de-lintegration-africaine\\\/#article\",\"isPartOf\":{\"@id\":\"https:\\\/\\\/lasentinelle.dz\\\/index.php\\\/2025\\\/09\\\/08\\\/lalgerie-affiche-sa-disposition-a-partager-son-expertise-lenergie-au-coeur-de-lintegration-africaine\\\/\"},\"author\":{\"name\":\"admin\",\"@id\":\"https:\\\/\\\/lasentinelle.dz\\\/#\\\/schema\\\/person\\\/729ee0024f24e0b8c5ec17232f8e8b41\"},\"headline\":\"L\u2019Alg\u00e9rie affiche sa disposition \u00e0 partager son expertise\u00a0: L&rsquo;\u00e9nergie au c\u0153ur de l&rsquo;int\u00e9gration africaine\",\"datePublished\":\"2025-09-08T11:38:47+00:00\",\"dateModified\":\"2025-09-08T11:38:48+00:00\",\"mainEntityOfPage\":{\"@id\":\"https:\\\/\\\/lasentinelle.dz\\\/index.php\\\/2025\\\/09\\\/08\\\/lalgerie-affiche-sa-disposition-a-partager-son-expertise-lenergie-au-coeur-de-lintegration-africaine\\\/\"},\"wordCount\":825,\"commentCount\":0,\"publisher\":{\"@id\":\"https:\\\/\\\/lasentinelle.dz\\\/#organization\"},\"image\":{\"@id\":\"https:\\\/\\\/lasentinelle.dz\\\/index.php\\\/2025\\\/09\\\/08\\\/lalgerie-affiche-sa-disposition-a-partager-son-expertise-lenergie-au-coeur-de-lintegration-africaine\\\/#primaryimage\"},\"thumbnailUrl\":\"https:\\\/\\\/lasentinelle.dz\\\/wp-content\\\/uploads\\\/2025\\\/09\\\/sonatrach.jpg\",\"articleSection\":[\"Actualit\u00e9\"],\"inLanguage\":\"fr-FR\",\"potentialAction\":[{\"@type\":\"CommentAction\",\"name\":\"Comment\",\"target\":[\"https:\\\/\\\/lasentinelle.dz\\\/index.php\\\/2025\\\/09\\\/08\\\/lalgerie-affiche-sa-disposition-a-partager-son-expertise-lenergie-au-coeur-de-lintegration-africaine\\\/#respond\"]}]},{\"@type\":\"WebPage\",\"@id\":\"https:\\\/\\\/lasentinelle.dz\\\/index.php\\\/2025\\\/09\\\/08\\\/lalgerie-affiche-sa-disposition-a-partager-son-expertise-lenergie-au-coeur-de-lintegration-africaine\\\/\",\"url\":\"https:\\\/\\\/lasentinelle.dz\\\/index.php\\\/2025\\\/09\\\/08\\\/lalgerie-affiche-sa-disposition-a-partager-son-expertise-lenergie-au-coeur-de-lintegration-africaine\\\/\",\"name\":\"L\u2019Alg\u00e9rie affiche sa disposition \u00e0 partager son expertise\u00a0: L&rsquo;\u00e9nergie au c\u0153ur de l&rsquo;int\u00e9gration africaine - La Sentinelle\",\"isPartOf\":{\"@id\":\"https:\\\/\\\/lasentinelle.dz\\\/#website\"},\"primaryImageOfPage\":{\"@id\":\"https:\\\/\\\/lasentinelle.dz\\\/index.php\\\/2025\\\/09\\\/08\\\/lalgerie-affiche-sa-disposition-a-partager-son-expertise-lenergie-au-coeur-de-lintegration-africaine\\\/#primaryimage\"},\"image\":{\"@id\":\"https:\\\/\\\/lasentinelle.dz\\\/index.php\\\/2025\\\/09\\\/08\\\/lalgerie-affiche-sa-disposition-a-partager-son-expertise-lenergie-au-coeur-de-lintegration-africaine\\\/#primaryimage\"},\"thumbnailUrl\":\"https:\\\/\\\/lasentinelle.dz\\\/wp-content\\\/uploads\\\/2025\\\/09\\\/sonatrach.jpg\",\"datePublished\":\"2025-09-08T11:38:47+00:00\",\"dateModified\":\"2025-09-08T11:38:48+00:00\",\"breadcrumb\":{\"@id\":\"https:\\\/\\\/lasentinelle.dz\\\/index.php\\\/2025\\\/09\\\/08\\\/lalgerie-affiche-sa-disposition-a-partager-son-expertise-lenergie-au-coeur-de-lintegration-africaine\\\/#breadcrumb\"},\"inLanguage\":\"fr-FR\",\"potentialAction\":[{\"@type\":\"ReadAction\",\"target\":[\"https:\\\/\\\/lasentinelle.dz\\\/index.php\\\/2025\\\/09\\\/08\\\/lalgerie-affiche-sa-disposition-a-partager-son-expertise-lenergie-au-coeur-de-lintegration-africaine\\\/\"]}]},{\"@type\":\"ImageObject\",\"inLanguage\":\"fr-FR\",\"@id\":\"https:\\\/\\\/lasentinelle.dz\\\/index.php\\\/2025\\\/09\\\/08\\\/lalgerie-affiche-sa-disposition-a-partager-son-expertise-lenergie-au-coeur-de-lintegration-africaine\\\/#primaryimage\",\"url\":\"https:\\\/\\\/lasentinelle.dz\\\/wp-content\\\/uploads\\\/2025\\\/09\\\/sonatrach.jpg\",\"contentUrl\":\"https:\\\/\\\/lasentinelle.dz\\\/wp-content\\\/uploads\\\/2025\\\/09\\\/sonatrach.jpg\",\"width\":1600,\"height\":898},{\"@type\":\"BreadcrumbList\",\"@id\":\"https:\\\/\\\/lasentinelle.dz\\\/index.php\\\/2025\\\/09\\\/08\\\/lalgerie-affiche-sa-disposition-a-partager-son-expertise-lenergie-au-coeur-de-lintegration-africaine\\\/#breadcrumb\",\"itemListElement\":[{\"@type\":\"ListItem\",\"position\":1,\"name\":\"Accueil\",\"item\":\"https:\\\/\\\/lasentinelle.dz\\\/\"},{\"@type\":\"ListItem\",\"position\":2,\"name\":\"L\u2019Alg\u00e9rie affiche sa disposition \u00e0 partager son expertise\u00a0: L&rsquo;\u00e9nergie au c\u0153ur de l&rsquo;int\u00e9gration africaine\"}]},{\"@type\":\"WebSite\",\"@id\":\"https:\\\/\\\/lasentinelle.dz\\\/#website\",\"url\":\"https:\\\/\\\/lasentinelle.dz\\\/\",\"name\":\"La Sentinelle\",\"description\":\"Quotidien national d&#039;information\",\"publisher\":{\"@id\":\"https:\\\/\\\/lasentinelle.dz\\\/#organization\"},\"potentialAction\":[{\"@type\":\"SearchAction\",\"target\":{\"@type\":\"EntryPoint\",\"urlTemplate\":\"https:\\\/\\\/lasentinelle.dz\\\/?s={search_term_string}\"},\"query-input\":{\"@type\":\"PropertyValueSpecification\",\"valueRequired\":true,\"valueName\":\"search_term_string\"}}],\"inLanguage\":\"fr-FR\"},{\"@type\":\"Organization\",\"@id\":\"https:\\\/\\\/lasentinelle.dz\\\/#organization\",\"name\":\"Quotidien La Sentinelle\",\"url\":\"https:\\\/\\\/lasentinelle.dz\\\/\",\"logo\":{\"@type\":\"ImageObject\",\"inLanguage\":\"fr-FR\",\"@id\":\"https:\\\/\\\/lasentinelle.dz\\\/#\\\/schema\\\/logo\\\/image\\\/\",\"url\":\"https:\\\/\\\/lasentinelle.dz\\\/wp-content\\\/uploads\\\/2021\\\/09\\\/logo-sentinelleSLOGAN-1.png\",\"contentUrl\":\"https:\\\/\\\/lasentinelle.dz\\\/wp-content\\\/uploads\\\/2021\\\/09\\\/logo-sentinelleSLOGAN-1.png\",\"width\":615,\"height\":142,\"caption\":\"Quotidien La Sentinelle\"},\"image\":{\"@id\":\"https:\\\/\\\/lasentinelle.dz\\\/#\\\/schema\\\/logo\\\/image\\\/\"},\"sameAs\":[\"https:\\\/\\\/www.facebook.com\\\/La-Sentinelle-104059864394773\"]},{\"@type\":\"Person\",\"@id\":\"https:\\\/\\\/lasentinelle.dz\\\/#\\\/schema\\\/person\\\/729ee0024f24e0b8c5ec17232f8e8b41\",\"name\":\"admin\",\"image\":{\"@type\":\"ImageObject\",\"inLanguage\":\"fr-FR\",\"@id\":\"https:\\\/\\\/secure.gravatar.com\\\/avatar\\\/4c81fed838786e9b53f540bf46533e750f5d292099ae3b66cfc6fb1982e29df7?s=96&d=mm&r=g\",\"url\":\"https:\\\/\\\/secure.gravatar.com\\\/avatar\\\/4c81fed838786e9b53f540bf46533e750f5d292099ae3b66cfc6fb1982e29df7?s=96&d=mm&r=g\",\"contentUrl\":\"https:\\\/\\\/secure.gravatar.com\\\/avatar\\\/4c81fed838786e9b53f540bf46533e750f5d292099ae3b66cfc6fb1982e29df7?s=96&d=mm&r=g\",\"caption\":\"admin\"},\"description\":\"admin\",\"url\":\"https:\\\/\\\/lasentinelle.dz\\\/author\\\/admin\\\/\"}]}<\/script>\n<!-- \/ Yoast SEO plugin. -->","yoast_head_json":{"title":"L\u2019Alg\u00e9rie affiche sa disposition \u00e0 partager son expertise\u00a0: L&rsquo;\u00e9nergie au c\u0153ur de l&rsquo;int\u00e9gration africaine - La Sentinelle","robots":{"index":"index","follow":"follow","max-snippet":"max-snippet:-1","max-image-preview":"max-image-preview:large","max-video-preview":"max-video-preview:-1"},"canonical":"https:\/\/lasentinelle.dz\/index.php\/2025\/09\/08\/lalgerie-affiche-sa-disposition-a-partager-son-expertise-lenergie-au-coeur-de-lintegration-africaine\/","og_locale":"fr_FR","og_type":"article","og_title":"L\u2019Alg\u00e9rie affiche sa disposition \u00e0 partager son expertise\u00a0: L&rsquo;\u00e9nergie au c\u0153ur de l&rsquo;int\u00e9gration africaine - La Sentinelle","og_description":"Une dynamique nouvelle place l&rsquo;Alg\u00e9rie au centre des enjeux \u00e9nerg\u00e9tiques continentaux. La quatri\u00e8me \u00e9dition de la Foire commerciale intra-africaine qui","og_url":"https:\/\/lasentinelle.dz\/index.php\/2025\/09\/08\/lalgerie-affiche-sa-disposition-a-partager-son-expertise-lenergie-au-coeur-de-lintegration-africaine\/","og_site_name":"La Sentinelle","article_publisher":"https:\/\/www.facebook.com\/La-Sentinelle-104059864394773","article_published_time":"2025-09-08T11:38:47+00:00","article_modified_time":"2025-09-08T11:38:48+00:00","og_image":[{"width":1600,"height":898,"url":"https:\/\/lasentinelle.dz\/wp-content\/uploads\/2025\/09\/sonatrach.jpg","type":"image\/jpeg"}],"author":"admin","twitter_card":"summary_large_image","twitter_misc":{"\u00c9crit par":"admin","Dur\u00e9e de lecture estim\u00e9e":"4 minutes"},"schema":{"@context":"https:\/\/schema.org","@graph":[{"@type":"Article","@id":"https:\/\/lasentinelle.dz\/index.php\/2025\/09\/08\/lalgerie-affiche-sa-disposition-a-partager-son-expertise-lenergie-au-coeur-de-lintegration-africaine\/#article","isPartOf":{"@id":"https:\/\/lasentinelle.dz\/index.php\/2025\/09\/08\/lalgerie-affiche-sa-disposition-a-partager-son-expertise-lenergie-au-coeur-de-lintegration-africaine\/"},"author":{"name":"admin","@id":"https:\/\/lasentinelle.dz\/#\/schema\/person\/729ee0024f24e0b8c5ec17232f8e8b41"},"headline":"L\u2019Alg\u00e9rie affiche sa disposition \u00e0 partager son expertise\u00a0: L&rsquo;\u00e9nergie au c\u0153ur de l&rsquo;int\u00e9gration africaine","datePublished":"2025-09-08T11:38:47+00:00","dateModified":"2025-09-08T11:38:48+00:00","mainEntityOfPage":{"@id":"https:\/\/lasentinelle.dz\/index.php\/2025\/09\/08\/lalgerie-affiche-sa-disposition-a-partager-son-expertise-lenergie-au-coeur-de-lintegration-africaine\/"},"wordCount":825,"commentCount":0,"publisher":{"@id":"https:\/\/lasentinelle.dz\/#organization"},"image":{"@id":"https:\/\/lasentinelle.dz\/index.php\/2025\/09\/08\/lalgerie-affiche-sa-disposition-a-partager-son-expertise-lenergie-au-coeur-de-lintegration-africaine\/#primaryimage"},"thumbnailUrl":"https:\/\/lasentinelle.dz\/wp-content\/uploads\/2025\/09\/sonatrach.jpg","articleSection":["Actualit\u00e9"],"inLanguage":"fr-FR","potentialAction":[{"@type":"CommentAction","name":"Comment","target":["https:\/\/lasentinelle.dz\/index.php\/2025\/09\/08\/lalgerie-affiche-sa-disposition-a-partager-son-expertise-lenergie-au-coeur-de-lintegration-africaine\/#respond"]}]},{"@type":"WebPage","@id":"https:\/\/lasentinelle.dz\/index.php\/2025\/09\/08\/lalgerie-affiche-sa-disposition-a-partager-son-expertise-lenergie-au-coeur-de-lintegration-africaine\/","url":"https:\/\/lasentinelle.dz\/index.php\/2025\/09\/08\/lalgerie-affiche-sa-disposition-a-partager-son-expertise-lenergie-au-coeur-de-lintegration-africaine\/","name":"L\u2019Alg\u00e9rie affiche sa disposition \u00e0 partager son expertise\u00a0: L&rsquo;\u00e9nergie au c\u0153ur de l&rsquo;int\u00e9gration africaine - La Sentinelle","isPartOf":{"@id":"https:\/\/lasentinelle.dz\/#website"},"primaryImageOfPage":{"@id":"https:\/\/lasentinelle.dz\/index.php\/2025\/09\/08\/lalgerie-affiche-sa-disposition-a-partager-son-expertise-lenergie-au-coeur-de-lintegration-africaine\/#primaryimage"},"image":{"@id":"https:\/\/lasentinelle.dz\/index.php\/2025\/09\/08\/lalgerie-affiche-sa-disposition-a-partager-son-expertise-lenergie-au-coeur-de-lintegration-africaine\/#primaryimage"},"thumbnailUrl":"https:\/\/lasentinelle.dz\/wp-content\/uploads\/2025\/09\/sonatrach.jpg","datePublished":"2025-09-08T11:38:47+00:00","dateModified":"2025-09-08T11:38:48+00:00","breadcrumb":{"@id":"https:\/\/lasentinelle.dz\/index.php\/2025\/09\/08\/lalgerie-affiche-sa-disposition-a-partager-son-expertise-lenergie-au-coeur-de-lintegration-africaine\/#breadcrumb"},"inLanguage":"fr-FR","potentialAction":[{"@type":"ReadAction","target":["https:\/\/lasentinelle.dz\/index.php\/2025\/09\/08\/lalgerie-affiche-sa-disposition-a-partager-son-expertise-lenergie-au-coeur-de-lintegration-africaine\/"]}]},{"@type":"ImageObject","inLanguage":"fr-FR","@id":"https:\/\/lasentinelle.dz\/index.php\/2025\/09\/08\/lalgerie-affiche-sa-disposition-a-partager-son-expertise-lenergie-au-coeur-de-lintegration-africaine\/#primaryimage","url":"https:\/\/lasentinelle.dz\/wp-content\/uploads\/2025\/09\/sonatrach.jpg","contentUrl":"https:\/\/lasentinelle.dz\/wp-content\/uploads\/2025\/09\/sonatrach.jpg","width":1600,"height":898},{"@type":"BreadcrumbList","@id":"https:\/\/lasentinelle.dz\/index.php\/2025\/09\/08\/lalgerie-affiche-sa-disposition-a-partager-son-expertise-lenergie-au-coeur-de-lintegration-africaine\/#breadcrumb","itemListElement":[{"@type":"ListItem","position":1,"name":"Accueil","item":"https:\/\/lasentinelle.dz\/"},{"@type":"ListItem","position":2,"name":"L\u2019Alg\u00e9rie affiche sa disposition \u00e0 partager son expertise\u00a0: L&rsquo;\u00e9nergie au c\u0153ur de l&rsquo;int\u00e9gration africaine"}]},{"@type":"WebSite","@id":"https:\/\/lasentinelle.dz\/#website","url":"https:\/\/lasentinelle.dz\/","name":"La Sentinelle","description":"Quotidien national d&#039;information","publisher":{"@id":"https:\/\/lasentinelle.dz\/#organization"},"potentialAction":[{"@type":"SearchAction","target":{"@type":"EntryPoint","urlTemplate":"https:\/\/lasentinelle.dz\/?s={search_term_string}"},"query-input":{"@type":"PropertyValueSpecification","valueRequired":true,"valueName":"search_term_string"}}],"inLanguage":"fr-FR"},{"@type":"Organization","@id":"https:\/\/lasentinelle.dz\/#organization","name":"Quotidien La Sentinelle","url":"https:\/\/lasentinelle.dz\/","logo":{"@type":"ImageObject","inLanguage":"fr-FR","@id":"https:\/\/lasentinelle.dz\/#\/schema\/logo\/image\/","url":"https:\/\/lasentinelle.dz\/wp-content\/uploads\/2021\/09\/logo-sentinelleSLOGAN-1.png","contentUrl":"https:\/\/lasentinelle.dz\/wp-content\/uploads\/2021\/09\/logo-sentinelleSLOGAN-1.png","width":615,"height":142,"caption":"Quotidien La Sentinelle"},"image":{"@id":"https:\/\/lasentinelle.dz\/#\/schema\/logo\/image\/"},"sameAs":["https:\/\/www.facebook.com\/La-Sentinelle-104059864394773"]},{"@type":"Person","@id":"https:\/\/lasentinelle.dz\/#\/schema\/person\/729ee0024f24e0b8c5ec17232f8e8b41","name":"admin","image":{"@type":"ImageObject","inLanguage":"fr-FR","@id":"https:\/\/secure.gravatar.com\/avatar\/4c81fed838786e9b53f540bf46533e750f5d292099ae3b66cfc6fb1982e29df7?s=96&d=mm&r=g","url":"https:\/\/secure.gravatar.com\/avatar\/4c81fed838786e9b53f540bf46533e750f5d292099ae3b66cfc6fb1982e29df7?s=96&d=mm&r=g","contentUrl":"https:\/\/secure.gravatar.com\/avatar\/4c81fed838786e9b53f540bf46533e750f5d292099ae3b66cfc6fb1982e29df7?s=96&d=mm&r=g","caption":"admin"},"description":"admin","url":"https:\/\/lasentinelle.dz\/author\/admin\/"}]}},"_links":{"self":[{"href":"https:\/\/lasentinelle.dz\/index.php\/wp-json\/wp\/v2\/posts\/73048","targetHints":{"allow":["GET"]}}],"collection":[{"href":"https:\/\/lasentinelle.dz\/index.php\/wp-json\/wp\/v2\/posts"}],"about":[{"href":"https:\/\/lasentinelle.dz\/index.php\/wp-json\/wp\/v2\/types\/post"}],"author":[{"embeddable":true,"href":"https:\/\/lasentinelle.dz\/index.php\/wp-json\/wp\/v2\/users\/6"}],"replies":[{"embeddable":true,"href":"https:\/\/lasentinelle.dz\/index.php\/wp-json\/wp\/v2\/comments?post=73048"}],"version-history":[{"count":2,"href":"https:\/\/lasentinelle.dz\/index.php\/wp-json\/wp\/v2\/posts\/73048\/revisions"}],"predecessor-version":[{"id":73051,"href":"https:\/\/lasentinelle.dz\/index.php\/wp-json\/wp\/v2\/posts\/73048\/revisions\/73051"}],"wp:featuredmedia":[{"embeddable":true,"href":"https:\/\/lasentinelle.dz\/index.php\/wp-json\/wp\/v2\/media\/73049"}],"wp:attachment":[{"href":"https:\/\/lasentinelle.dz\/index.php\/wp-json\/wp\/v2\/media?parent=73048"}],"wp:term":[{"taxonomy":"category","embeddable":true,"href":"https:\/\/lasentinelle.dz\/index.php\/wp-json\/wp\/v2\/categories?post=73048"},{"taxonomy":"post_tag","embeddable":true,"href":"https:\/\/lasentinelle.dz\/index.php\/wp-json\/wp\/v2\/tags?post=73048"}],"curies":[{"name":"wp","href":"https:\/\/api.w.org\/{rel}","templated":true}]}}