{"id":7306,"date":"2021-09-11T00:05:00","date_gmt":"2021-09-10T23:05:00","guid":{"rendered":"https:\/\/lasentinelle.dz\/?p=7306"},"modified":"2021-09-10T18:32:15","modified_gmt":"2021-09-10T17:32:15","slug":"alors-quun-million-dalgeriens-ont-ete-vaccines-en-moins-dune-semaine-lancement-de-la-vaccination-des-enfants-des-octobre","status":"publish","type":"post","link":"https:\/\/lasentinelle.dz\/index.php\/2021\/09\/11\/alors-quun-million-dalgeriens-ont-ete-vaccines-en-moins-dune-semaine-lancement-de-la-vaccination-des-enfants-des-octobre\/","title":{"rendered":"Alors qu\u2019un million d\u2019Alg\u00e9riens ont \u00e9t\u00e9 vaccin\u00e9s en moins d\u2019une semaine : Lancement de la vaccination des enfants d\u00e8s octobre ?"},"content":{"rendered":"\n<p>Le minist\u00e8re de la Sant\u00e9 atteint les objectifs assign\u00e9s dans le cadre de la campagne de vaccination lanc\u00e9e samedi dernier, afin de garantir une rentr\u00e9e sociale sure. Un million d\u2019Alg\u00e9riens ont \u00e9t\u00e9 vaccin\u00e9s en six jours. des r\u00e9sultats encourageants qui poussent d\u2019ailleurs les autorit\u00e9s sanitaires \u00e0 se pencher s\u00e9rieusement sur la question de la vaccination des enfants de plus de 12 ans.<\/p>\n\n\n\n<p>Un million de personne viennent d\u2019\u00eatre vaccin\u00e9s depuis le 4 septembre dans le cadre de la grande campagne nationale de vaccination, a annonc\u00e9 hier, le porte-parole du comit\u00e9 &nbsp;scientifique de suivi de l\u2019\u00e9volution de la pand\u00e9mie du Covid 19, Dr Djamel Fourar qui a \u00e9galement fait savoir \u00e0 la m\u00eame occasion que cette campagne a \u00e9t\u00e9 prolong\u00e9e jusqu\u2019au 17 du mois de septembre en cours.<\/p>\n\n\n\n<p>Dans une d\u00e9claration \u00e0 l\u2019APS, Djamel Fourar a pr\u00e9cis\u00e9 qu\u2019afin de ` r\u00e9ussir cette op\u00e9ration, le minist\u00e8re de la Sant\u00e9 \u00ab&nbsp;a utilis\u00e9 tous les moyens disponibles en s&rsquo;appuyant sur les comp\u00e9tences et en coordination avec les unit\u00e9s de l&rsquo;Arm\u00e9e nationale populaire (ANP) et les \u00e9l\u00e9ments de la Protection Civile, ainsi les structures sanitaires habituelles ont \u00e9t\u00e9 mobilis\u00e9s et renforc\u00e9s avec des tentes et des cliniques mobiles, outre la cr\u00e9ation d&rsquo;espaces sp\u00e9ciaux, ainsi que des bus au niveau des quartiers dens\u00e9ment peupl\u00e9s&nbsp;\u00bb.Par ailleurs, il a soulign\u00e9 que depuis le lancement de cette vaste campagne le 4 de ce mois, pr\u00e8s d&rsquo;un million de personnes ont \u00e9t\u00e9 vaccin\u00e9es, appelant \u00e0 l&rsquo;occasion \u00e0 continuer le travail au m\u00eame rythme et \u00e0 respecter les r\u00e8gles de pr\u00e9vention pour s\u00e9curiser la soci\u00e9t\u00e9 et freiner la propagation du virus.<\/p>\n\n\n\n<p>Il est vrai aussi que les autorit\u00e9s sanitaires veulent passer un nouveau cap en mati\u00e8re de vaccination pour l\u2019\u00e9largir \u00e0 d\u2019autres cat\u00e9gories de la population. C\u2019est dans ce contexte qu\u2019une r\u00e9union du Comit\u00e9 scientifique de suivi de la pand\u00e9mie s\u2019est tenue jeudi sous la pr\u00e9sidence du ministre de la Sant\u00e9 pour d\u00e9battre de la vaccination des femmes enceintes et des enfants \u00e2g\u00e9s de plus de 12 ans. C\u2019est dans ce contexte que le<\/p>\n\n\n\n<p>Dr Elyas Akhamoukh, membre de ce m\u00eame comit\u00e9 a indiqu\u00e9 sur les ondes de la Radio alg\u00e9rienne qu\u2019apr\u00e8s avoir soumis le sujet \u00e0 d\u00e9bat durant plusieurs semaines, les autorit\u00e9s sanitaires devraient lancer la vaccination des enfants \u00e2g\u00e9s de 12 \u00e0 18 ans d\u00e8s le mois d\u2019octobre, en attendant la d\u00e9cision de vacciner les femmes enceintes.&nbsp;<\/p>\n\n\n\n<p>En fait, l\u2019acc\u00e9l\u00e9ration des op\u00e9rations de vaccination ne se limite pas uniquement \u00e0 la campagne lanc\u00e9e il y a quelques jours. Bien au contraire, elle a commenc\u00e9 au mois d\u2019ao\u00fbt avec la d\u00e9cision du gouvernement d\u2019impliquer tous les secteurs dans cet objectif de vacciner 80% de la population, seul moyen \u00e0 m\u00eame d\u2019atteindre l\u2019immunit\u00e9 collective contre le virus du Covid 19 et ses variants plus virulents les uns que les autres. Les op\u00e9rations de vaccinations des personnels de plusieurs secteurs avancent \u00e0 des pas appr\u00e9ciables \u00e0 l\u2019instar du secteur de l\u2019\u00e9ducation nationale qui effectue pr\u00e9sentement sa rentr\u00e9e parall\u00e8lement \u00e0 la campagne de vaccination qui le touche.<\/p>\n\n\n\n<p>Dans le cadre de cette campagne justement, \u00ab&nbsp;quelque 62.000 travailleurs, fonctionnaires et enseignants ont re\u00e7u, \u00e0 ce jour, le vaccin contre le Coronavirus parmi 740.000 personnels&nbsp;\u00bb, a fait savoir ce jeudi, le Directeur de soutien aux activit\u00e9s culturelles, et sportives et \u00e0 l&rsquo;action sociale au minist\u00e8re de l&rsquo;Education nationale, Abdelouahab Khoulalene qui a estim\u00e9 que le minist\u00e8re de tutelle est soulag\u00e9 par&nbsp; l&rsquo;adh\u00e9sion du personnel du secteur \u00e0 l&rsquo;op\u00e9ration de vaccination entam\u00e9e le 22 ao\u00fbt pass\u00e9 et qui a atteint un taux de 8,5%, d&rsquo;autant qu&rsquo;elle se poursuivra de fa\u00e7on sensible, avec la reprise des travailleurs, des fonctionnaires et des&nbsp; enseignants du secteur ces jours-ci, en pr\u00e9vision de la rentr\u00e9e scolaire pr\u00e9vue le 21 septembre courant\u00a0\u00bb.<\/p>\n\n\n\n<p><strong>Kamel Nait Ameur<\/strong><\/p>\n","protected":false},"excerpt":{"rendered":"<p>Le minist\u00e8re de la Sant\u00e9 atteint les objectifs assign\u00e9s dans le cadre de la campagne de vaccination lanc\u00e9e samedi dernier,<\/p>\n","protected":false},"author":3,"featured_media":7307,"comment_status":"open","ping_status":"closed","sticky":false,"template":"","format":"standard","meta":{"colormag_page_container_layout":"default_layout","colormag_page_sidebar_layout":"default_layout","om_disable_all_campaigns":false,"_monsterinsights_skip_tracking":false,"_monsterinsights_sitenote_active":false,"_monsterinsights_sitenote_note":"","_monsterinsights_sitenote_category":0,"footnotes":"","_wpscppro_dont_share_socialmedia":false,"_wpscppro_custom_social_share_image":0,"_facebook_share_type":"","_twitter_share_type":"","_linkedin_share_type":"","_pinterest_share_type":"","_linkedin_share_type_page":"","_instagram_share_type":"","_medium_share_type":"","_threads_share_type":"","_google_business_share_type":"","_selected_social_profile":[],"_wpsp_enable_custom_social_template":false,"_wpsp_social_scheduling":{"enabled":false,"datetime":null,"platforms":[],"status":"template_only","dateOption":"today","timeOption":"now","customDays":"","customHours":"","customDate":"","customTime":"","schedulingType":"absolute"},"_wpsp_active_default_template":true},"categories":[52,27],"tags":[],"class_list":["post-7306","post","type-post","status-publish","format-standard","has-post-thumbnail","hentry","category-a-la-une","category-actualite"],"aioseo_notices":[],"yoast_head":"<!-- This site is optimized with the Yoast SEO plugin v27.5 - https:\/\/yoast.com\/product\/yoast-seo-wordpress\/ -->\n<title>Alors qu\u2019un million d\u2019Alg\u00e9riens ont \u00e9t\u00e9 vaccin\u00e9s en moins d\u2019une semaine : Lancement de la vaccination des enfants d\u00e8s octobre ? - La Sentinelle<\/title>\n<meta name=\"robots\" content=\"index, follow, max-snippet:-1, max-image-preview:large, max-video-preview:-1\" \/>\n<link rel=\"canonical\" href=\"https:\/\/lasentinelle.dz\/index.php\/2021\/09\/11\/alors-quun-million-dalgeriens-ont-ete-vaccines-en-moins-dune-semaine-lancement-de-la-vaccination-des-enfants-des-octobre\/\" \/>\n<meta property=\"og:locale\" content=\"fr_FR\" \/>\n<meta property=\"og:type\" content=\"article\" \/>\n<meta property=\"og:title\" content=\"Alors qu\u2019un million d\u2019Alg\u00e9riens ont \u00e9t\u00e9 vaccin\u00e9s en moins d\u2019une semaine : Lancement de la vaccination des enfants d\u00e8s octobre ? - La Sentinelle\" \/>\n<meta property=\"og:description\" content=\"Le minist\u00e8re de la Sant\u00e9 atteint les objectifs assign\u00e9s dans le cadre de la campagne de vaccination lanc\u00e9e samedi dernier,\" \/>\n<meta property=\"og:url\" content=\"https:\/\/lasentinelle.dz\/index.php\/2021\/09\/11\/alors-quun-million-dalgeriens-ont-ete-vaccines-en-moins-dune-semaine-lancement-de-la-vaccination-des-enfants-des-octobre\/\" \/>\n<meta property=\"og:site_name\" content=\"La Sentinelle\" \/>\n<meta property=\"article:publisher\" content=\"https:\/\/www.facebook.com\/La-Sentinelle-104059864394773\" \/>\n<meta property=\"article:published_time\" content=\"2021-09-10T23:05:00+00:00\" \/>\n<meta property=\"og:image\" content=\"https:\/\/lasentinelle.dz\/wp-content\/uploads\/2021\/09\/vaccination-covid-enfants.jpeg\" \/>\n\t<meta property=\"og:image:width\" content=\"1200\" \/>\n\t<meta property=\"og:image:height\" content=\"675\" \/>\n\t<meta property=\"og:image:type\" content=\"image\/jpeg\" \/>\n<meta name=\"author\" content=\"La Sentinelle\" \/>\n<meta name=\"twitter:card\" content=\"summary_large_image\" \/>\n<meta name=\"twitter:label1\" content=\"\u00c9crit par\" \/>\n\t<meta name=\"twitter:data1\" content=\"La Sentinelle\" \/>\n\t<meta name=\"twitter:label2\" content=\"Dur\u00e9e de lecture estim\u00e9e\" \/>\n\t<meta name=\"twitter:data2\" content=\"3 minutes\" \/>\n<script type=\"application\/ld+json\" class=\"yoast-schema-graph\">{\"@context\":\"https:\\\/\\\/schema.org\",\"@graph\":[{\"@type\":\"Article\",\"@id\":\"https:\\\/\\\/lasentinelle.dz\\\/index.php\\\/2021\\\/09\\\/11\\\/alors-quun-million-dalgeriens-ont-ete-vaccines-en-moins-dune-semaine-lancement-de-la-vaccination-des-enfants-des-octobre\\\/#article\",\"isPartOf\":{\"@id\":\"https:\\\/\\\/lasentinelle.dz\\\/index.php\\\/2021\\\/09\\\/11\\\/alors-quun-million-dalgeriens-ont-ete-vaccines-en-moins-dune-semaine-lancement-de-la-vaccination-des-enfants-des-octobre\\\/\"},\"author\":{\"name\":\"La Sentinelle\",\"@id\":\"https:\\\/\\\/lasentinelle.dz\\\/#\\\/schema\\\/person\\\/d865044e22e70a75174ce8bcad3acfb3\"},\"headline\":\"Alors qu\u2019un million d\u2019Alg\u00e9riens ont \u00e9t\u00e9 vaccin\u00e9s en moins d\u2019une semaine : Lancement de la vaccination des enfants d\u00e8s octobre ?\",\"datePublished\":\"2021-09-10T23:05:00+00:00\",\"mainEntityOfPage\":{\"@id\":\"https:\\\/\\\/lasentinelle.dz\\\/index.php\\\/2021\\\/09\\\/11\\\/alors-quun-million-dalgeriens-ont-ete-vaccines-en-moins-dune-semaine-lancement-de-la-vaccination-des-enfants-des-octobre\\\/\"},\"wordCount\":722,\"commentCount\":0,\"publisher\":{\"@id\":\"https:\\\/\\\/lasentinelle.dz\\\/#organization\"},\"image\":{\"@id\":\"https:\\\/\\\/lasentinelle.dz\\\/index.php\\\/2021\\\/09\\\/11\\\/alors-quun-million-dalgeriens-ont-ete-vaccines-en-moins-dune-semaine-lancement-de-la-vaccination-des-enfants-des-octobre\\\/#primaryimage\"},\"thumbnailUrl\":\"https:\\\/\\\/lasentinelle.dz\\\/wp-content\\\/uploads\\\/2021\\\/09\\\/vaccination-covid-enfants.jpeg\",\"articleSection\":[\"\u00c0 la Une\",\"Actualit\u00e9\"],\"inLanguage\":\"fr-FR\",\"potentialAction\":[{\"@type\":\"CommentAction\",\"name\":\"Comment\",\"target\":[\"https:\\\/\\\/lasentinelle.dz\\\/index.php\\\/2021\\\/09\\\/11\\\/alors-quun-million-dalgeriens-ont-ete-vaccines-en-moins-dune-semaine-lancement-de-la-vaccination-des-enfants-des-octobre\\\/#respond\"]}]},{\"@type\":\"WebPage\",\"@id\":\"https:\\\/\\\/lasentinelle.dz\\\/index.php\\\/2021\\\/09\\\/11\\\/alors-quun-million-dalgeriens-ont-ete-vaccines-en-moins-dune-semaine-lancement-de-la-vaccination-des-enfants-des-octobre\\\/\",\"url\":\"https:\\\/\\\/lasentinelle.dz\\\/index.php\\\/2021\\\/09\\\/11\\\/alors-quun-million-dalgeriens-ont-ete-vaccines-en-moins-dune-semaine-lancement-de-la-vaccination-des-enfants-des-octobre\\\/\",\"name\":\"Alors qu\u2019un million d\u2019Alg\u00e9riens ont \u00e9t\u00e9 vaccin\u00e9s en moins d\u2019une semaine : Lancement de la vaccination des enfants d\u00e8s octobre ? - La Sentinelle\",\"isPartOf\":{\"@id\":\"https:\\\/\\\/lasentinelle.dz\\\/#website\"},\"primaryImageOfPage\":{\"@id\":\"https:\\\/\\\/lasentinelle.dz\\\/index.php\\\/2021\\\/09\\\/11\\\/alors-quun-million-dalgeriens-ont-ete-vaccines-en-moins-dune-semaine-lancement-de-la-vaccination-des-enfants-des-octobre\\\/#primaryimage\"},\"image\":{\"@id\":\"https:\\\/\\\/lasentinelle.dz\\\/index.php\\\/2021\\\/09\\\/11\\\/alors-quun-million-dalgeriens-ont-ete-vaccines-en-moins-dune-semaine-lancement-de-la-vaccination-des-enfants-des-octobre\\\/#primaryimage\"},\"thumbnailUrl\":\"https:\\\/\\\/lasentinelle.dz\\\/wp-content\\\/uploads\\\/2021\\\/09\\\/vaccination-covid-enfants.jpeg\",\"datePublished\":\"2021-09-10T23:05:00+00:00\",\"breadcrumb\":{\"@id\":\"https:\\\/\\\/lasentinelle.dz\\\/index.php\\\/2021\\\/09\\\/11\\\/alors-quun-million-dalgeriens-ont-ete-vaccines-en-moins-dune-semaine-lancement-de-la-vaccination-des-enfants-des-octobre\\\/#breadcrumb\"},\"inLanguage\":\"fr-FR\",\"potentialAction\":[{\"@type\":\"ReadAction\",\"target\":[\"https:\\\/\\\/lasentinelle.dz\\\/index.php\\\/2021\\\/09\\\/11\\\/alors-quun-million-dalgeriens-ont-ete-vaccines-en-moins-dune-semaine-lancement-de-la-vaccination-des-enfants-des-octobre\\\/\"]}]},{\"@type\":\"ImageObject\",\"inLanguage\":\"fr-FR\",\"@id\":\"https:\\\/\\\/lasentinelle.dz\\\/index.php\\\/2021\\\/09\\\/11\\\/alors-quun-million-dalgeriens-ont-ete-vaccines-en-moins-dune-semaine-lancement-de-la-vaccination-des-enfants-des-octobre\\\/#primaryimage\",\"url\":\"https:\\\/\\\/lasentinelle.dz\\\/wp-content\\\/uploads\\\/2021\\\/09\\\/vaccination-covid-enfants.jpeg\",\"contentUrl\":\"https:\\\/\\\/lasentinelle.dz\\\/wp-content\\\/uploads\\\/2021\\\/09\\\/vaccination-covid-enfants.jpeg\",\"width\":1200,\"height\":675},{\"@type\":\"BreadcrumbList\",\"@id\":\"https:\\\/\\\/lasentinelle.dz\\\/index.php\\\/2021\\\/09\\\/11\\\/alors-quun-million-dalgeriens-ont-ete-vaccines-en-moins-dune-semaine-lancement-de-la-vaccination-des-enfants-des-octobre\\\/#breadcrumb\",\"itemListElement\":[{\"@type\":\"ListItem\",\"position\":1,\"name\":\"Accueil\",\"item\":\"https:\\\/\\\/lasentinelle.dz\\\/\"},{\"@type\":\"ListItem\",\"position\":2,\"name\":\"Alors qu\u2019un million d\u2019Alg\u00e9riens ont \u00e9t\u00e9 vaccin\u00e9s en moins d\u2019une semaine : Lancement de la vaccination des enfants d\u00e8s octobre ?\"}]},{\"@type\":\"WebSite\",\"@id\":\"https:\\\/\\\/lasentinelle.dz\\\/#website\",\"url\":\"https:\\\/\\\/lasentinelle.dz\\\/\",\"name\":\"La Sentinelle\",\"description\":\"Quotidien national d&#039;information\",\"publisher\":{\"@id\":\"https:\\\/\\\/lasentinelle.dz\\\/#organization\"},\"potentialAction\":[{\"@type\":\"SearchAction\",\"target\":{\"@type\":\"EntryPoint\",\"urlTemplate\":\"https:\\\/\\\/lasentinelle.dz\\\/?s={search_term_string}\"},\"query-input\":{\"@type\":\"PropertyValueSpecification\",\"valueRequired\":true,\"valueName\":\"search_term_string\"}}],\"inLanguage\":\"fr-FR\"},{\"@type\":\"Organization\",\"@id\":\"https:\\\/\\\/lasentinelle.dz\\\/#organization\",\"name\":\"Quotidien La Sentinelle\",\"url\":\"https:\\\/\\\/lasentinelle.dz\\\/\",\"logo\":{\"@type\":\"ImageObject\",\"inLanguage\":\"fr-FR\",\"@id\":\"https:\\\/\\\/lasentinelle.dz\\\/#\\\/schema\\\/logo\\\/image\\\/\",\"url\":\"https:\\\/\\\/lasentinelle.dz\\\/wp-content\\\/uploads\\\/2021\\\/09\\\/logo-sentinelleSLOGAN-1.png\",\"contentUrl\":\"https:\\\/\\\/lasentinelle.dz\\\/wp-content\\\/uploads\\\/2021\\\/09\\\/logo-sentinelleSLOGAN-1.png\",\"width\":615,\"height\":142,\"caption\":\"Quotidien La Sentinelle\"},\"image\":{\"@id\":\"https:\\\/\\\/lasentinelle.dz\\\/#\\\/schema\\\/logo\\\/image\\\/\"},\"sameAs\":[\"https:\\\/\\\/www.facebook.com\\\/La-Sentinelle-104059864394773\"]},{\"@type\":\"Person\",\"@id\":\"https:\\\/\\\/lasentinelle.dz\\\/#\\\/schema\\\/person\\\/d865044e22e70a75174ce8bcad3acfb3\",\"name\":\"La Sentinelle\",\"image\":{\"@type\":\"ImageObject\",\"inLanguage\":\"fr-FR\",\"@id\":\"https:\\\/\\\/secure.gravatar.com\\\/avatar\\\/57de8e5d4b15d43fb361a71fbb36338450fe67865b528a43dd10ef7c51a20392?s=96&d=mm&r=g\",\"url\":\"https:\\\/\\\/secure.gravatar.com\\\/avatar\\\/57de8e5d4b15d43fb361a71fbb36338450fe67865b528a43dd10ef7c51a20392?s=96&d=mm&r=g\",\"contentUrl\":\"https:\\\/\\\/secure.gravatar.com\\\/avatar\\\/57de8e5d4b15d43fb361a71fbb36338450fe67865b528a43dd10ef7c51a20392?s=96&d=mm&r=g\",\"caption\":\"La Sentinelle\"},\"sameAs\":[\"http:\\\/\\\/www.lasentinelle.dz\"],\"url\":\"https:\\\/\\\/lasentinelle.dz\\\/author\\\/redaction\\\/\"}]}<\/script>\n<!-- \/ Yoast SEO plugin. -->","yoast_head_json":{"title":"Alors qu\u2019un million d\u2019Alg\u00e9riens ont \u00e9t\u00e9 vaccin\u00e9s en moins d\u2019une semaine : Lancement de la vaccination des enfants d\u00e8s octobre ? - La Sentinelle","robots":{"index":"index","follow":"follow","max-snippet":"max-snippet:-1","max-image-preview":"max-image-preview:large","max-video-preview":"max-video-preview:-1"},"canonical":"https:\/\/lasentinelle.dz\/index.php\/2021\/09\/11\/alors-quun-million-dalgeriens-ont-ete-vaccines-en-moins-dune-semaine-lancement-de-la-vaccination-des-enfants-des-octobre\/","og_locale":"fr_FR","og_type":"article","og_title":"Alors qu\u2019un million d\u2019Alg\u00e9riens ont \u00e9t\u00e9 vaccin\u00e9s en moins d\u2019une semaine : Lancement de la vaccination des enfants d\u00e8s octobre ? - La Sentinelle","og_description":"Le minist\u00e8re de la Sant\u00e9 atteint les objectifs assign\u00e9s dans le cadre de la campagne de vaccination lanc\u00e9e samedi dernier,","og_url":"https:\/\/lasentinelle.dz\/index.php\/2021\/09\/11\/alors-quun-million-dalgeriens-ont-ete-vaccines-en-moins-dune-semaine-lancement-de-la-vaccination-des-enfants-des-octobre\/","og_site_name":"La Sentinelle","article_publisher":"https:\/\/www.facebook.com\/La-Sentinelle-104059864394773","article_published_time":"2021-09-10T23:05:00+00:00","og_image":[{"width":1200,"height":675,"url":"https:\/\/lasentinelle.dz\/wp-content\/uploads\/2021\/09\/vaccination-covid-enfants.jpeg","type":"image\/jpeg"}],"author":"La Sentinelle","twitter_card":"summary_large_image","twitter_misc":{"\u00c9crit par":"La Sentinelle","Dur\u00e9e de lecture estim\u00e9e":"3 minutes"},"schema":{"@context":"https:\/\/schema.org","@graph":[{"@type":"Article","@id":"https:\/\/lasentinelle.dz\/index.php\/2021\/09\/11\/alors-quun-million-dalgeriens-ont-ete-vaccines-en-moins-dune-semaine-lancement-de-la-vaccination-des-enfants-des-octobre\/#article","isPartOf":{"@id":"https:\/\/lasentinelle.dz\/index.php\/2021\/09\/11\/alors-quun-million-dalgeriens-ont-ete-vaccines-en-moins-dune-semaine-lancement-de-la-vaccination-des-enfants-des-octobre\/"},"author":{"name":"La Sentinelle","@id":"https:\/\/lasentinelle.dz\/#\/schema\/person\/d865044e22e70a75174ce8bcad3acfb3"},"headline":"Alors qu\u2019un million d\u2019Alg\u00e9riens ont \u00e9t\u00e9 vaccin\u00e9s en moins d\u2019une semaine : Lancement de la vaccination des enfants d\u00e8s octobre ?","datePublished":"2021-09-10T23:05:00+00:00","mainEntityOfPage":{"@id":"https:\/\/lasentinelle.dz\/index.php\/2021\/09\/11\/alors-quun-million-dalgeriens-ont-ete-vaccines-en-moins-dune-semaine-lancement-de-la-vaccination-des-enfants-des-octobre\/"},"wordCount":722,"commentCount":0,"publisher":{"@id":"https:\/\/lasentinelle.dz\/#organization"},"image":{"@id":"https:\/\/lasentinelle.dz\/index.php\/2021\/09\/11\/alors-quun-million-dalgeriens-ont-ete-vaccines-en-moins-dune-semaine-lancement-de-la-vaccination-des-enfants-des-octobre\/#primaryimage"},"thumbnailUrl":"https:\/\/lasentinelle.dz\/wp-content\/uploads\/2021\/09\/vaccination-covid-enfants.jpeg","articleSection":["\u00c0 la Une","Actualit\u00e9"],"inLanguage":"fr-FR","potentialAction":[{"@type":"CommentAction","name":"Comment","target":["https:\/\/lasentinelle.dz\/index.php\/2021\/09\/11\/alors-quun-million-dalgeriens-ont-ete-vaccines-en-moins-dune-semaine-lancement-de-la-vaccination-des-enfants-des-octobre\/#respond"]}]},{"@type":"WebPage","@id":"https:\/\/lasentinelle.dz\/index.php\/2021\/09\/11\/alors-quun-million-dalgeriens-ont-ete-vaccines-en-moins-dune-semaine-lancement-de-la-vaccination-des-enfants-des-octobre\/","url":"https:\/\/lasentinelle.dz\/index.php\/2021\/09\/11\/alors-quun-million-dalgeriens-ont-ete-vaccines-en-moins-dune-semaine-lancement-de-la-vaccination-des-enfants-des-octobre\/","name":"Alors qu\u2019un million d\u2019Alg\u00e9riens ont \u00e9t\u00e9 vaccin\u00e9s en moins d\u2019une semaine : Lancement de la vaccination des enfants d\u00e8s octobre ? - La Sentinelle","isPartOf":{"@id":"https:\/\/lasentinelle.dz\/#website"},"primaryImageOfPage":{"@id":"https:\/\/lasentinelle.dz\/index.php\/2021\/09\/11\/alors-quun-million-dalgeriens-ont-ete-vaccines-en-moins-dune-semaine-lancement-de-la-vaccination-des-enfants-des-octobre\/#primaryimage"},"image":{"@id":"https:\/\/lasentinelle.dz\/index.php\/2021\/09\/11\/alors-quun-million-dalgeriens-ont-ete-vaccines-en-moins-dune-semaine-lancement-de-la-vaccination-des-enfants-des-octobre\/#primaryimage"},"thumbnailUrl":"https:\/\/lasentinelle.dz\/wp-content\/uploads\/2021\/09\/vaccination-covid-enfants.jpeg","datePublished":"2021-09-10T23:05:00+00:00","breadcrumb":{"@id":"https:\/\/lasentinelle.dz\/index.php\/2021\/09\/11\/alors-quun-million-dalgeriens-ont-ete-vaccines-en-moins-dune-semaine-lancement-de-la-vaccination-des-enfants-des-octobre\/#breadcrumb"},"inLanguage":"fr-FR","potentialAction":[{"@type":"ReadAction","target":["https:\/\/lasentinelle.dz\/index.php\/2021\/09\/11\/alors-quun-million-dalgeriens-ont-ete-vaccines-en-moins-dune-semaine-lancement-de-la-vaccination-des-enfants-des-octobre\/"]}]},{"@type":"ImageObject","inLanguage":"fr-FR","@id":"https:\/\/lasentinelle.dz\/index.php\/2021\/09\/11\/alors-quun-million-dalgeriens-ont-ete-vaccines-en-moins-dune-semaine-lancement-de-la-vaccination-des-enfants-des-octobre\/#primaryimage","url":"https:\/\/lasentinelle.dz\/wp-content\/uploads\/2021\/09\/vaccination-covid-enfants.jpeg","contentUrl":"https:\/\/lasentinelle.dz\/wp-content\/uploads\/2021\/09\/vaccination-covid-enfants.jpeg","width":1200,"height":675},{"@type":"BreadcrumbList","@id":"https:\/\/lasentinelle.dz\/index.php\/2021\/09\/11\/alors-quun-million-dalgeriens-ont-ete-vaccines-en-moins-dune-semaine-lancement-de-la-vaccination-des-enfants-des-octobre\/#breadcrumb","itemListElement":[{"@type":"ListItem","position":1,"name":"Accueil","item":"https:\/\/lasentinelle.dz\/"},{"@type":"ListItem","position":2,"name":"Alors qu\u2019un million d\u2019Alg\u00e9riens ont \u00e9t\u00e9 vaccin\u00e9s en moins d\u2019une semaine : Lancement de la vaccination des enfants d\u00e8s octobre ?"}]},{"@type":"WebSite","@id":"https:\/\/lasentinelle.dz\/#website","url":"https:\/\/lasentinelle.dz\/","name":"La Sentinelle","description":"Quotidien national d&#039;information","publisher":{"@id":"https:\/\/lasentinelle.dz\/#organization"},"potentialAction":[{"@type":"SearchAction","target":{"@type":"EntryPoint","urlTemplate":"https:\/\/lasentinelle.dz\/?s={search_term_string}"},"query-input":{"@type":"PropertyValueSpecification","valueRequired":true,"valueName":"search_term_string"}}],"inLanguage":"fr-FR"},{"@type":"Organization","@id":"https:\/\/lasentinelle.dz\/#organization","name":"Quotidien La Sentinelle","url":"https:\/\/lasentinelle.dz\/","logo":{"@type":"ImageObject","inLanguage":"fr-FR","@id":"https:\/\/lasentinelle.dz\/#\/schema\/logo\/image\/","url":"https:\/\/lasentinelle.dz\/wp-content\/uploads\/2021\/09\/logo-sentinelleSLOGAN-1.png","contentUrl":"https:\/\/lasentinelle.dz\/wp-content\/uploads\/2021\/09\/logo-sentinelleSLOGAN-1.png","width":615,"height":142,"caption":"Quotidien La Sentinelle"},"image":{"@id":"https:\/\/lasentinelle.dz\/#\/schema\/logo\/image\/"},"sameAs":["https:\/\/www.facebook.com\/La-Sentinelle-104059864394773"]},{"@type":"Person","@id":"https:\/\/lasentinelle.dz\/#\/schema\/person\/d865044e22e70a75174ce8bcad3acfb3","name":"La Sentinelle","image":{"@type":"ImageObject","inLanguage":"fr-FR","@id":"https:\/\/secure.gravatar.com\/avatar\/57de8e5d4b15d43fb361a71fbb36338450fe67865b528a43dd10ef7c51a20392?s=96&d=mm&r=g","url":"https:\/\/secure.gravatar.com\/avatar\/57de8e5d4b15d43fb361a71fbb36338450fe67865b528a43dd10ef7c51a20392?s=96&d=mm&r=g","contentUrl":"https:\/\/secure.gravatar.com\/avatar\/57de8e5d4b15d43fb361a71fbb36338450fe67865b528a43dd10ef7c51a20392?s=96&d=mm&r=g","caption":"La Sentinelle"},"sameAs":["http:\/\/www.lasentinelle.dz"],"url":"https:\/\/lasentinelle.dz\/author\/redaction\/"}]}},"_links":{"self":[{"href":"https:\/\/lasentinelle.dz\/index.php\/wp-json\/wp\/v2\/posts\/7306","targetHints":{"allow":["GET"]}}],"collection":[{"href":"https:\/\/lasentinelle.dz\/index.php\/wp-json\/wp\/v2\/posts"}],"about":[{"href":"https:\/\/lasentinelle.dz\/index.php\/wp-json\/wp\/v2\/types\/post"}],"author":[{"embeddable":true,"href":"https:\/\/lasentinelle.dz\/index.php\/wp-json\/wp\/v2\/users\/3"}],"replies":[{"embeddable":true,"href":"https:\/\/lasentinelle.dz\/index.php\/wp-json\/wp\/v2\/comments?post=7306"}],"version-history":[{"count":1,"href":"https:\/\/lasentinelle.dz\/index.php\/wp-json\/wp\/v2\/posts\/7306\/revisions"}],"predecessor-version":[{"id":7308,"href":"https:\/\/lasentinelle.dz\/index.php\/wp-json\/wp\/v2\/posts\/7306\/revisions\/7308"}],"wp:featuredmedia":[{"embeddable":true,"href":"https:\/\/lasentinelle.dz\/index.php\/wp-json\/wp\/v2\/media\/7307"}],"wp:attachment":[{"href":"https:\/\/lasentinelle.dz\/index.php\/wp-json\/wp\/v2\/media?parent=7306"}],"wp:term":[{"taxonomy":"category","embeddable":true,"href":"https:\/\/lasentinelle.dz\/index.php\/wp-json\/wp\/v2\/categories?post=7306"},{"taxonomy":"post_tag","embeddable":true,"href":"https:\/\/lasentinelle.dz\/index.php\/wp-json\/wp\/v2\/tags?post=7306"}],"curies":[{"name":"wp","href":"https:\/\/api.w.org\/{rel}","templated":true}]}}