{"id":73123,"date":"2025-09-09T12:24:55","date_gmt":"2025-09-09T11:24:55","guid":{"rendered":"https:\/\/lasentinelle.dz\/?p=73123"},"modified":"2025-09-09T12:24:56","modified_gmt":"2025-09-09T11:24:56","slug":"vers-la-specialisation-des-ports-commerciaux","status":"publish","type":"post","link":"https:\/\/lasentinelle.dz\/index.php\/2025\/09\/09\/vers-la-specialisation-des-ports-commerciaux\/","title":{"rendered":"Vers la sp\u00e9cialisation des ports commerciaux"},"content":{"rendered":"\n<p>L&rsquo;Alg\u00e9rie acc\u00e9l\u00e8re sa transformation portuaire avec la signature de plusieurs accords strat\u00e9giques dans le transport maritime lors de l&rsquo;IATF 2025. Le ministre des Transports, Sa\u00efd Sayoud, a annonc\u00e9 lundi des partenariats d\u00e9cisifs qui marquent un tournant dans la modernisation du secteur, quatre jours apr\u00e8s l&rsquo;ouverture officielle de la Foire commerciale intra-africaine par le pr\u00e9sident Abdelmadjid Tebboune au Palais des expositions des Pins maritimes d&rsquo;Alger. \u00ab\u00a0Les r\u00e9sultats enregistr\u00e9s jusqu&rsquo;\u00e0 pr\u00e9sent sont bons et positifs, notamment dans le secteur des transports, o\u00f9 des contrats relatifs au transport maritime ont \u00e9t\u00e9 sign\u00e9s avec plusieurs op\u00e9rateurs \u00e9conomiques\u00a0\u00bb, a d\u00e9clar\u00e9 M. Sayoud lors d&rsquo;une tourn\u00e9e aux diff\u00e9rents pavillons de la foire qui se d\u00e9roule du 4 au 10 septembre. Cette dynamique s&rsquo;inscrit dans une strat\u00e9gie plus large de repositionnement de l&rsquo;Alg\u00e9rie comme hub logistique r\u00e9gional, capitalisant sur l&rsquo;affluence remarquable d&rsquo;op\u00e9rateurs \u00e9conomiques alg\u00e9riens et africains venus conclure d&rsquo;importants accords de partenariat.<\/p>\n\n\n\n<p>Le ministre a \u00e9voqu\u00e9 dans ce sens l&rsquo;impl\u00e9mentation du syst\u00e8me de travail 24h\/24 et 7j\/7 dans les dix ports du pays. Une mesure qui a d\u00e9j\u00e0 port\u00e9 ses fruits, permettant de r\u00e9duire de mani\u00e8re significative les d\u00e9lais d&rsquo;attente des navires dans les ports strat\u00e9giques d&rsquo;Alger, Oran, B\u00e9ja\u00efa et Jijel. Le ministre a \u00e9galement d\u00e9voil\u00e9 un plan ambitieux de dotation des ports en \u00e9quipements modernes pour acc\u00e9l\u00e9rer les op\u00e9rations de chargement et de d\u00e9chargement, accompagn\u00e9 de n\u00e9gociations avec des sp\u00e9cialistes internationaux pour d\u00e9velopper l&rsquo;exploitation portuaire. L&rsquo;annonce la plus structurante concerne le processus de sp\u00e9cialisation des ports, conform\u00e9ment aux instructions pr\u00e9sidentielles. \u00ab\u00a0L&rsquo;entame du processus d&rsquo;affectation des ports \u00e0 des activit\u00e9s sp\u00e9cifiques\u00a0\u00bb marque une rupture avec la gestion traditionnelle, privil\u00e9giant d\u00e9sormais une approche cibl\u00e9e pour maximiser l&rsquo;efficacit\u00e9 de chaque infrastructure. Cette sp\u00e9cialisation vise \u00e0 cr\u00e9er des \u00ab\u00a0partenariats g\u00e9n\u00e9rateurs de valeur ajout\u00e9e pour les ports alg\u00e9riens\u00a0\u00bb, positionnant chaque terminal selon ses avantages comparatifs g\u00e9ographiques et techniques. Le ministre a promis que \u00ab\u00a0des d\u00e9cisions importantes en la mati\u00e8re seront pr\u00e9sent\u00e9es dans les prochains jours\u00a0\u00bb, laissant entrevoir une r\u00e9organisation majeure du paysage portuaire national.<\/p>\n\n\n\n<p>Un plan triennal d\u2019expansion pour Air Alg\u00e9rie<\/p>\n\n\n\n<p>Cette transformation s&rsquo;accompagne d&rsquo;une ouverture vers l&rsquo;international, avec l&rsquo;annonce que la compagnie Air Alg\u00e9rie s&#8217;emploie \u00e0 ouvrir prochainement de nouvelles lignes a\u00e9riennes, cr\u00e9ant une synergie air-mer favorable aux \u00e9changes commerciaux continentaux. De son c\u00f4t\u00e9, le PDG d&rsquo;Air Alg\u00e9rie, Hamza Benhamouda, a estim\u00e9 que l&rsquo;IATF 2025 constitue une opportunit\u00e9 pour renforcer le transport a\u00e9rien entre l&rsquo;Alg\u00e9rie et les pays africains. \u00ab\u00a0Les contrats sign\u00e9s cr\u00e9eront une dynamique dans le transport a\u00e9rien et permettront \u00e0 Air Alg\u00e9rie de programmer des vols r\u00e9guliers vers plusieurs destinations\u00a0\u00bb, a-t-il d\u00e9clar\u00e9. Le responsable a d\u00e9voil\u00e9 un plan triennal d&rsquo;expansion sur le continent, visant \u00e0 porter le nombre de destinations africaines de 10 capitales actuellement \u00e0 plus de 20 \u00e0 l&rsquo;horizon 2028. Concernant l&rsquo;ouverture d&rsquo;une ligne vers le Tchad, Benhamouda a soulign\u00e9 que \u00ab\u00a0les directives du Pr\u00e9sident Tebboune \u00e9taient claires sur la n\u00e9cessit\u00e9 d&rsquo;ouvrir une liaison vers N&rsquo;Djamena\u00a0\u00bb, pr\u00e9cisant que cette destination sera prioritaire. Des n\u00e9gociations bilat\u00e9rales sont en cours avec plusieurs compagnies a\u00e9riennes africaines, dont les r\u00e9sultats seront annonc\u00e9s d\u00e8s la finalisation des accords.<\/p>\n\n\n\n<p>Samir Benisid<\/p>\n","protected":false},"excerpt":{"rendered":"<p>L&rsquo;Alg\u00e9rie acc\u00e9l\u00e8re sa transformation portuaire avec la signature de plusieurs accords strat\u00e9giques dans le transport maritime lors de l&rsquo;IATF 2025.<\/p>\n","protected":false},"author":6,"featured_media":73124,"comment_status":"open","ping_status":"closed","sticky":false,"template":"","format":"standard","meta":{"colormag_page_container_layout":"default_layout","colormag_page_sidebar_layout":"default_layout","om_disable_all_campaigns":false,"_monsterinsights_skip_tracking":false,"_monsterinsights_sitenote_active":false,"_monsterinsights_sitenote_note":"","_monsterinsights_sitenote_category":0,"footnotes":"","_wpscppro_dont_share_socialmedia":false,"_wpscppro_custom_social_share_image":0,"_facebook_share_type":"default","_twitter_share_type":"default","_linkedin_share_type":"default","_pinterest_share_type":"default","_linkedin_share_type_page":"","_instagram_share_type":"default","_medium_share_type":"default","_threads_share_type":"default","_google_business_share_type":"default","_selected_social_profile":[],"_wpsp_enable_custom_social_template":false,"_wpsp_social_scheduling":{"enabled":false,"datetime":null,"platforms":[],"status":"template_only","dateOption":"today","timeOption":"now","customDays":"","customHours":"","customDate":"","customTime":"","schedulingType":"absolute"},"_wpsp_active_default_template":true},"categories":[52,27],"tags":[],"class_list":["post-73123","post","type-post","status-publish","format-standard","has-post-thumbnail","hentry","category-a-la-une","category-actualite"],"aioseo_notices":[],"yoast_head":"<!-- This site is optimized with the Yoast SEO plugin v27.5 - https:\/\/yoast.com\/product\/yoast-seo-wordpress\/ -->\n<title>Vers la sp\u00e9cialisation des ports commerciaux - La Sentinelle<\/title>\n<meta name=\"robots\" content=\"index, follow, max-snippet:-1, max-image-preview:large, max-video-preview:-1\" \/>\n<link rel=\"canonical\" href=\"https:\/\/lasentinelle.dz\/index.php\/2025\/09\/09\/vers-la-specialisation-des-ports-commerciaux\/\" \/>\n<meta property=\"og:locale\" content=\"fr_FR\" \/>\n<meta property=\"og:type\" content=\"article\" \/>\n<meta property=\"og:title\" content=\"Vers la sp\u00e9cialisation des ports commerciaux - La Sentinelle\" \/>\n<meta property=\"og:description\" content=\"L&rsquo;Alg\u00e9rie acc\u00e9l\u00e8re sa transformation portuaire avec la signature de plusieurs accords strat\u00e9giques dans le transport maritime lors de l&rsquo;IATF 2025.\" \/>\n<meta property=\"og:url\" content=\"https:\/\/lasentinelle.dz\/index.php\/2025\/09\/09\/vers-la-specialisation-des-ports-commerciaux\/\" \/>\n<meta property=\"og:site_name\" content=\"La Sentinelle\" \/>\n<meta property=\"article:publisher\" content=\"https:\/\/www.facebook.com\/La-Sentinelle-104059864394773\" \/>\n<meta property=\"article:published_time\" content=\"2025-09-09T11:24:55+00:00\" \/>\n<meta property=\"article:modified_time\" content=\"2025-09-09T11:24:56+00:00\" \/>\n<meta property=\"og:image\" content=\"https:\/\/lasentinelle.dz\/wp-content\/uploads\/2025\/09\/port_alger.jpg\" \/>\n\t<meta property=\"og:image:width\" content=\"1200\" \/>\n\t<meta property=\"og:image:height\" content=\"786\" \/>\n\t<meta property=\"og:image:type\" content=\"image\/jpeg\" \/>\n<meta name=\"author\" content=\"admin\" \/>\n<meta name=\"twitter:card\" content=\"summary_large_image\" \/>\n<meta name=\"twitter:label1\" content=\"\u00c9crit par\" \/>\n\t<meta name=\"twitter:data1\" content=\"admin\" \/>\n\t<meta name=\"twitter:label2\" content=\"Dur\u00e9e de lecture estim\u00e9e\" \/>\n\t<meta name=\"twitter:data2\" content=\"3 minutes\" \/>\n<script type=\"application\/ld+json\" class=\"yoast-schema-graph\">{\"@context\":\"https:\\\/\\\/schema.org\",\"@graph\":[{\"@type\":\"Article\",\"@id\":\"https:\\\/\\\/lasentinelle.dz\\\/index.php\\\/2025\\\/09\\\/09\\\/vers-la-specialisation-des-ports-commerciaux\\\/#article\",\"isPartOf\":{\"@id\":\"https:\\\/\\\/lasentinelle.dz\\\/index.php\\\/2025\\\/09\\\/09\\\/vers-la-specialisation-des-ports-commerciaux\\\/\"},\"author\":{\"name\":\"admin\",\"@id\":\"https:\\\/\\\/lasentinelle.dz\\\/#\\\/schema\\\/person\\\/729ee0024f24e0b8c5ec17232f8e8b41\"},\"headline\":\"Vers la sp\u00e9cialisation des ports commerciaux\",\"datePublished\":\"2025-09-09T11:24:55+00:00\",\"dateModified\":\"2025-09-09T11:24:56+00:00\",\"mainEntityOfPage\":{\"@id\":\"https:\\\/\\\/lasentinelle.dz\\\/index.php\\\/2025\\\/09\\\/09\\\/vers-la-specialisation-des-ports-commerciaux\\\/\"},\"wordCount\":608,\"commentCount\":0,\"publisher\":{\"@id\":\"https:\\\/\\\/lasentinelle.dz\\\/#organization\"},\"image\":{\"@id\":\"https:\\\/\\\/lasentinelle.dz\\\/index.php\\\/2025\\\/09\\\/09\\\/vers-la-specialisation-des-ports-commerciaux\\\/#primaryimage\"},\"thumbnailUrl\":\"https:\\\/\\\/lasentinelle.dz\\\/wp-content\\\/uploads\\\/2025\\\/09\\\/port_alger.jpg\",\"articleSection\":[\"\u00c0 la Une\",\"Actualit\u00e9\"],\"inLanguage\":\"fr-FR\",\"potentialAction\":[{\"@type\":\"CommentAction\",\"name\":\"Comment\",\"target\":[\"https:\\\/\\\/lasentinelle.dz\\\/index.php\\\/2025\\\/09\\\/09\\\/vers-la-specialisation-des-ports-commerciaux\\\/#respond\"]}]},{\"@type\":\"WebPage\",\"@id\":\"https:\\\/\\\/lasentinelle.dz\\\/index.php\\\/2025\\\/09\\\/09\\\/vers-la-specialisation-des-ports-commerciaux\\\/\",\"url\":\"https:\\\/\\\/lasentinelle.dz\\\/index.php\\\/2025\\\/09\\\/09\\\/vers-la-specialisation-des-ports-commerciaux\\\/\",\"name\":\"Vers la sp\u00e9cialisation des ports commerciaux - La Sentinelle\",\"isPartOf\":{\"@id\":\"https:\\\/\\\/lasentinelle.dz\\\/#website\"},\"primaryImageOfPage\":{\"@id\":\"https:\\\/\\\/lasentinelle.dz\\\/index.php\\\/2025\\\/09\\\/09\\\/vers-la-specialisation-des-ports-commerciaux\\\/#primaryimage\"},\"image\":{\"@id\":\"https:\\\/\\\/lasentinelle.dz\\\/index.php\\\/2025\\\/09\\\/09\\\/vers-la-specialisation-des-ports-commerciaux\\\/#primaryimage\"},\"thumbnailUrl\":\"https:\\\/\\\/lasentinelle.dz\\\/wp-content\\\/uploads\\\/2025\\\/09\\\/port_alger.jpg\",\"datePublished\":\"2025-09-09T11:24:55+00:00\",\"dateModified\":\"2025-09-09T11:24:56+00:00\",\"breadcrumb\":{\"@id\":\"https:\\\/\\\/lasentinelle.dz\\\/index.php\\\/2025\\\/09\\\/09\\\/vers-la-specialisation-des-ports-commerciaux\\\/#breadcrumb\"},\"inLanguage\":\"fr-FR\",\"potentialAction\":[{\"@type\":\"ReadAction\",\"target\":[\"https:\\\/\\\/lasentinelle.dz\\\/index.php\\\/2025\\\/09\\\/09\\\/vers-la-specialisation-des-ports-commerciaux\\\/\"]}]},{\"@type\":\"ImageObject\",\"inLanguage\":\"fr-FR\",\"@id\":\"https:\\\/\\\/lasentinelle.dz\\\/index.php\\\/2025\\\/09\\\/09\\\/vers-la-specialisation-des-ports-commerciaux\\\/#primaryimage\",\"url\":\"https:\\\/\\\/lasentinelle.dz\\\/wp-content\\\/uploads\\\/2025\\\/09\\\/port_alger.jpg\",\"contentUrl\":\"https:\\\/\\\/lasentinelle.dz\\\/wp-content\\\/uploads\\\/2025\\\/09\\\/port_alger.jpg\",\"width\":1200,\"height\":786},{\"@type\":\"BreadcrumbList\",\"@id\":\"https:\\\/\\\/lasentinelle.dz\\\/index.php\\\/2025\\\/09\\\/09\\\/vers-la-specialisation-des-ports-commerciaux\\\/#breadcrumb\",\"itemListElement\":[{\"@type\":\"ListItem\",\"position\":1,\"name\":\"Accueil\",\"item\":\"https:\\\/\\\/lasentinelle.dz\\\/\"},{\"@type\":\"ListItem\",\"position\":2,\"name\":\"Vers la sp\u00e9cialisation des ports commerciaux\"}]},{\"@type\":\"WebSite\",\"@id\":\"https:\\\/\\\/lasentinelle.dz\\\/#website\",\"url\":\"https:\\\/\\\/lasentinelle.dz\\\/\",\"name\":\"La Sentinelle\",\"description\":\"Quotidien national d&#039;information\",\"publisher\":{\"@id\":\"https:\\\/\\\/lasentinelle.dz\\\/#organization\"},\"potentialAction\":[{\"@type\":\"SearchAction\",\"target\":{\"@type\":\"EntryPoint\",\"urlTemplate\":\"https:\\\/\\\/lasentinelle.dz\\\/?s={search_term_string}\"},\"query-input\":{\"@type\":\"PropertyValueSpecification\",\"valueRequired\":true,\"valueName\":\"search_term_string\"}}],\"inLanguage\":\"fr-FR\"},{\"@type\":\"Organization\",\"@id\":\"https:\\\/\\\/lasentinelle.dz\\\/#organization\",\"name\":\"Quotidien La Sentinelle\",\"url\":\"https:\\\/\\\/lasentinelle.dz\\\/\",\"logo\":{\"@type\":\"ImageObject\",\"inLanguage\":\"fr-FR\",\"@id\":\"https:\\\/\\\/lasentinelle.dz\\\/#\\\/schema\\\/logo\\\/image\\\/\",\"url\":\"https:\\\/\\\/lasentinelle.dz\\\/wp-content\\\/uploads\\\/2021\\\/09\\\/logo-sentinelleSLOGAN-1.png\",\"contentUrl\":\"https:\\\/\\\/lasentinelle.dz\\\/wp-content\\\/uploads\\\/2021\\\/09\\\/logo-sentinelleSLOGAN-1.png\",\"width\":615,\"height\":142,\"caption\":\"Quotidien La Sentinelle\"},\"image\":{\"@id\":\"https:\\\/\\\/lasentinelle.dz\\\/#\\\/schema\\\/logo\\\/image\\\/\"},\"sameAs\":[\"https:\\\/\\\/www.facebook.com\\\/La-Sentinelle-104059864394773\"]},{\"@type\":\"Person\",\"@id\":\"https:\\\/\\\/lasentinelle.dz\\\/#\\\/schema\\\/person\\\/729ee0024f24e0b8c5ec17232f8e8b41\",\"name\":\"admin\",\"image\":{\"@type\":\"ImageObject\",\"inLanguage\":\"fr-FR\",\"@id\":\"https:\\\/\\\/secure.gravatar.com\\\/avatar\\\/4c81fed838786e9b53f540bf46533e750f5d292099ae3b66cfc6fb1982e29df7?s=96&d=mm&r=g\",\"url\":\"https:\\\/\\\/secure.gravatar.com\\\/avatar\\\/4c81fed838786e9b53f540bf46533e750f5d292099ae3b66cfc6fb1982e29df7?s=96&d=mm&r=g\",\"contentUrl\":\"https:\\\/\\\/secure.gravatar.com\\\/avatar\\\/4c81fed838786e9b53f540bf46533e750f5d292099ae3b66cfc6fb1982e29df7?s=96&d=mm&r=g\",\"caption\":\"admin\"},\"description\":\"admin\",\"url\":\"https:\\\/\\\/lasentinelle.dz\\\/author\\\/admin\\\/\"}]}<\/script>\n<!-- \/ Yoast SEO plugin. -->","yoast_head_json":{"title":"Vers la sp\u00e9cialisation des ports commerciaux - La Sentinelle","robots":{"index":"index","follow":"follow","max-snippet":"max-snippet:-1","max-image-preview":"max-image-preview:large","max-video-preview":"max-video-preview:-1"},"canonical":"https:\/\/lasentinelle.dz\/index.php\/2025\/09\/09\/vers-la-specialisation-des-ports-commerciaux\/","og_locale":"fr_FR","og_type":"article","og_title":"Vers la sp\u00e9cialisation des ports commerciaux - La Sentinelle","og_description":"L&rsquo;Alg\u00e9rie acc\u00e9l\u00e8re sa transformation portuaire avec la signature de plusieurs accords strat\u00e9giques dans le transport maritime lors de l&rsquo;IATF 2025.","og_url":"https:\/\/lasentinelle.dz\/index.php\/2025\/09\/09\/vers-la-specialisation-des-ports-commerciaux\/","og_site_name":"La Sentinelle","article_publisher":"https:\/\/www.facebook.com\/La-Sentinelle-104059864394773","article_published_time":"2025-09-09T11:24:55+00:00","article_modified_time":"2025-09-09T11:24:56+00:00","og_image":[{"width":1200,"height":786,"url":"https:\/\/lasentinelle.dz\/wp-content\/uploads\/2025\/09\/port_alger.jpg","type":"image\/jpeg"}],"author":"admin","twitter_card":"summary_large_image","twitter_misc":{"\u00c9crit par":"admin","Dur\u00e9e de lecture estim\u00e9e":"3 minutes"},"schema":{"@context":"https:\/\/schema.org","@graph":[{"@type":"Article","@id":"https:\/\/lasentinelle.dz\/index.php\/2025\/09\/09\/vers-la-specialisation-des-ports-commerciaux\/#article","isPartOf":{"@id":"https:\/\/lasentinelle.dz\/index.php\/2025\/09\/09\/vers-la-specialisation-des-ports-commerciaux\/"},"author":{"name":"admin","@id":"https:\/\/lasentinelle.dz\/#\/schema\/person\/729ee0024f24e0b8c5ec17232f8e8b41"},"headline":"Vers la sp\u00e9cialisation des ports commerciaux","datePublished":"2025-09-09T11:24:55+00:00","dateModified":"2025-09-09T11:24:56+00:00","mainEntityOfPage":{"@id":"https:\/\/lasentinelle.dz\/index.php\/2025\/09\/09\/vers-la-specialisation-des-ports-commerciaux\/"},"wordCount":608,"commentCount":0,"publisher":{"@id":"https:\/\/lasentinelle.dz\/#organization"},"image":{"@id":"https:\/\/lasentinelle.dz\/index.php\/2025\/09\/09\/vers-la-specialisation-des-ports-commerciaux\/#primaryimage"},"thumbnailUrl":"https:\/\/lasentinelle.dz\/wp-content\/uploads\/2025\/09\/port_alger.jpg","articleSection":["\u00c0 la Une","Actualit\u00e9"],"inLanguage":"fr-FR","potentialAction":[{"@type":"CommentAction","name":"Comment","target":["https:\/\/lasentinelle.dz\/index.php\/2025\/09\/09\/vers-la-specialisation-des-ports-commerciaux\/#respond"]}]},{"@type":"WebPage","@id":"https:\/\/lasentinelle.dz\/index.php\/2025\/09\/09\/vers-la-specialisation-des-ports-commerciaux\/","url":"https:\/\/lasentinelle.dz\/index.php\/2025\/09\/09\/vers-la-specialisation-des-ports-commerciaux\/","name":"Vers la sp\u00e9cialisation des ports commerciaux - La Sentinelle","isPartOf":{"@id":"https:\/\/lasentinelle.dz\/#website"},"primaryImageOfPage":{"@id":"https:\/\/lasentinelle.dz\/index.php\/2025\/09\/09\/vers-la-specialisation-des-ports-commerciaux\/#primaryimage"},"image":{"@id":"https:\/\/lasentinelle.dz\/index.php\/2025\/09\/09\/vers-la-specialisation-des-ports-commerciaux\/#primaryimage"},"thumbnailUrl":"https:\/\/lasentinelle.dz\/wp-content\/uploads\/2025\/09\/port_alger.jpg","datePublished":"2025-09-09T11:24:55+00:00","dateModified":"2025-09-09T11:24:56+00:00","breadcrumb":{"@id":"https:\/\/lasentinelle.dz\/index.php\/2025\/09\/09\/vers-la-specialisation-des-ports-commerciaux\/#breadcrumb"},"inLanguage":"fr-FR","potentialAction":[{"@type":"ReadAction","target":["https:\/\/lasentinelle.dz\/index.php\/2025\/09\/09\/vers-la-specialisation-des-ports-commerciaux\/"]}]},{"@type":"ImageObject","inLanguage":"fr-FR","@id":"https:\/\/lasentinelle.dz\/index.php\/2025\/09\/09\/vers-la-specialisation-des-ports-commerciaux\/#primaryimage","url":"https:\/\/lasentinelle.dz\/wp-content\/uploads\/2025\/09\/port_alger.jpg","contentUrl":"https:\/\/lasentinelle.dz\/wp-content\/uploads\/2025\/09\/port_alger.jpg","width":1200,"height":786},{"@type":"BreadcrumbList","@id":"https:\/\/lasentinelle.dz\/index.php\/2025\/09\/09\/vers-la-specialisation-des-ports-commerciaux\/#breadcrumb","itemListElement":[{"@type":"ListItem","position":1,"name":"Accueil","item":"https:\/\/lasentinelle.dz\/"},{"@type":"ListItem","position":2,"name":"Vers la sp\u00e9cialisation des ports commerciaux"}]},{"@type":"WebSite","@id":"https:\/\/lasentinelle.dz\/#website","url":"https:\/\/lasentinelle.dz\/","name":"La Sentinelle","description":"Quotidien national d&#039;information","publisher":{"@id":"https:\/\/lasentinelle.dz\/#organization"},"potentialAction":[{"@type":"SearchAction","target":{"@type":"EntryPoint","urlTemplate":"https:\/\/lasentinelle.dz\/?s={search_term_string}"},"query-input":{"@type":"PropertyValueSpecification","valueRequired":true,"valueName":"search_term_string"}}],"inLanguage":"fr-FR"},{"@type":"Organization","@id":"https:\/\/lasentinelle.dz\/#organization","name":"Quotidien La Sentinelle","url":"https:\/\/lasentinelle.dz\/","logo":{"@type":"ImageObject","inLanguage":"fr-FR","@id":"https:\/\/lasentinelle.dz\/#\/schema\/logo\/image\/","url":"https:\/\/lasentinelle.dz\/wp-content\/uploads\/2021\/09\/logo-sentinelleSLOGAN-1.png","contentUrl":"https:\/\/lasentinelle.dz\/wp-content\/uploads\/2021\/09\/logo-sentinelleSLOGAN-1.png","width":615,"height":142,"caption":"Quotidien La Sentinelle"},"image":{"@id":"https:\/\/lasentinelle.dz\/#\/schema\/logo\/image\/"},"sameAs":["https:\/\/www.facebook.com\/La-Sentinelle-104059864394773"]},{"@type":"Person","@id":"https:\/\/lasentinelle.dz\/#\/schema\/person\/729ee0024f24e0b8c5ec17232f8e8b41","name":"admin","image":{"@type":"ImageObject","inLanguage":"fr-FR","@id":"https:\/\/secure.gravatar.com\/avatar\/4c81fed838786e9b53f540bf46533e750f5d292099ae3b66cfc6fb1982e29df7?s=96&d=mm&r=g","url":"https:\/\/secure.gravatar.com\/avatar\/4c81fed838786e9b53f540bf46533e750f5d292099ae3b66cfc6fb1982e29df7?s=96&d=mm&r=g","contentUrl":"https:\/\/secure.gravatar.com\/avatar\/4c81fed838786e9b53f540bf46533e750f5d292099ae3b66cfc6fb1982e29df7?s=96&d=mm&r=g","caption":"admin"},"description":"admin","url":"https:\/\/lasentinelle.dz\/author\/admin\/"}]}},"_links":{"self":[{"href":"https:\/\/lasentinelle.dz\/index.php\/wp-json\/wp\/v2\/posts\/73123","targetHints":{"allow":["GET"]}}],"collection":[{"href":"https:\/\/lasentinelle.dz\/index.php\/wp-json\/wp\/v2\/posts"}],"about":[{"href":"https:\/\/lasentinelle.dz\/index.php\/wp-json\/wp\/v2\/types\/post"}],"author":[{"embeddable":true,"href":"https:\/\/lasentinelle.dz\/index.php\/wp-json\/wp\/v2\/users\/6"}],"replies":[{"embeddable":true,"href":"https:\/\/lasentinelle.dz\/index.php\/wp-json\/wp\/v2\/comments?post=73123"}],"version-history":[{"count":1,"href":"https:\/\/lasentinelle.dz\/index.php\/wp-json\/wp\/v2\/posts\/73123\/revisions"}],"predecessor-version":[{"id":73125,"href":"https:\/\/lasentinelle.dz\/index.php\/wp-json\/wp\/v2\/posts\/73123\/revisions\/73125"}],"wp:featuredmedia":[{"embeddable":true,"href":"https:\/\/lasentinelle.dz\/index.php\/wp-json\/wp\/v2\/media\/73124"}],"wp:attachment":[{"href":"https:\/\/lasentinelle.dz\/index.php\/wp-json\/wp\/v2\/media?parent=73123"}],"wp:term":[{"taxonomy":"category","embeddable":true,"href":"https:\/\/lasentinelle.dz\/index.php\/wp-json\/wp\/v2\/categories?post=73123"},{"taxonomy":"post_tag","embeddable":true,"href":"https:\/\/lasentinelle.dz\/index.php\/wp-json\/wp\/v2\/tags?post=73123"}],"curies":[{"name":"wp","href":"https:\/\/api.w.org\/{rel}","templated":true}]}}