{"id":73127,"date":"2025-09-10T12:42:12","date_gmt":"2025-09-10T11:42:12","guid":{"rendered":"https:\/\/lasentinelle.dz\/?p=73127"},"modified":"2025-09-10T12:42:12","modified_gmt":"2025-09-10T11:42:12","slug":"pays-pauvres-marche-carbone-et-subventions-fossiles-lequation-impossible-de-la-justice-climatique","status":"publish","type":"post","link":"https:\/\/lasentinelle.dz\/index.php\/2025\/09\/10\/pays-pauvres-marche-carbone-et-subventions-fossiles-lequation-impossible-de-la-justice-climatique\/","title":{"rendered":"Pays pauvres, march\u00e9 carbone, et subventions fossiles\u00a0: L\u2019\u00e9quation impossible de la justice climatique"},"content":{"rendered":"\n<p><\/p>\n\n\n\n<figure class=\"wp-block-image is-resized\"><img loading=\"lazy\" decoding=\"async\" width=\"446\" height=\"534\" src=\"https:\/\/lasentinelle.dz\/wp-content\/uploads\/2024\/09\/Mohamed-Rachid-Cheriti.jpg\" alt=\"\" class=\"wp-image-57329\" style=\"width:148px;height:auto\" srcset=\"https:\/\/lasentinelle.dz\/wp-content\/uploads\/2024\/09\/Mohamed-Rachid-Cheriti.jpg 446w, https:\/\/lasentinelle.dz\/wp-content\/uploads\/2024\/09\/Mohamed-Rachid-Cheriti-251x300.jpg 251w\" sizes=\"auto, (max-width: 446px) 100vw, 446px\" \/><\/figure>\n\n\n\n<p>Par Mohamed Rachid Cheriti<\/p>\n\n\n\n<p>Ing\u00e9nieur sp\u00e9cialis\u00e9 dans le domaine \u00e9nerg\u00e9tique et le d\u00e9veloppement durable.<\/p>\n\n\n\n<p>Un double pi\u00e8ge se referme sur les pays pauvres d\u00e9pendants des \u00e9nergies fossiles, dont les hydrocarbures repr\u00e9sentent plus de 80 % des recettes publiques : la transition \u00e9nerg\u00e9tique est un dilemme insoluble. D\u2019un c\u00f4t\u00e9, ils subissent de plein fouet la baisse programm\u00e9e de la demande mondiale en fossiles, risquant un effondrement \u00e9conomique. De l\u2019autre, ils manquent cruellement des capitaux et des technologies n\u00e9cessaires pour investir massivement dans les \u00e9nergies renouvelables, malgr\u00e9 un potentiel solaire et \u00e9olien souvent sous-exploit\u00e9.<\/p>\n\n\n\n<p>Dans un monde o\u00f9 les discours sur l&rsquo;urgence climatique dominent les tribunes internationales et o\u00f9 les engagements en faveur de la neutralit\u00e9 carbone se multiplient, un ph\u00e9nom\u00e8ne \u00e9conomique massif, et pourtant m\u00e9connu du grand public, continue de saper syst\u00e9matiquement les efforts de d\u00e9carbonation. Ce sont les subventions aux \u00e9nergies fossiles. Ces subventions repr\u00e9sentent aujourd&rsquo;hui l&rsquo;un des plus grands paradoxes de notre \u00e9poque en mati\u00e8re de politique \u00e9nerg\u00e9tique et environnementale. Elles constituent l&rsquo;un des principaux obstacles \u00e0 la transition \u00e9cologique.<\/p>\n\n\n\n<p>\u00c0 un moment critique de notre histoire, o\u00f9 la fen\u00eatre d\u2019action collective pour lutter contre le changement climatique se r\u00e9tr\u00e9cit, les entreprises du secteur des combustibles fossiles continuent de profiter de l&rsquo;exploitation de la Terre, alors m\u00eame que celle-ci exige une sortie progressive de ces \u00e9nergies polluantes. Cette approche sape le mod\u00e8le principal responsable d&rsquo;\u00e9limination des \u00e9missions des gaz \u00e0 effet de serre moteur de la d\u00e9gradation \u00e9cologique, car il est \u00e9vident que l&rsquo;\u00e9coblanchiment de la crise climatique d\u00e9pourvu d\u2019actions concr\u00e8tes ne fait que cr\u00e9er l&rsquo;illusion d&rsquo;une responsabilit\u00e9 environnementale sans s&rsquo;attaquer v\u00e9ritablement aux r\u00e9alit\u00e9s de l&rsquo;effondrement climatique. Par ailleurs, les investissements dans les \u00e9nergies propres restent insuffisants, et les mesures de r\u00e9duction des \u00e9missions progressent trop lentement pour inverser la tendance. Les subventions aux combustibles fossiles ont un effet dissuasif sur les investissements dans la transition \u00e9nerg\u00e9tique, car elles rendent la concurrence des \u00e9nergies renouvelables plus difficile, surtout lorsqu&rsquo;elles ne b\u00e9n\u00e9ficient pas du m\u00eame niveau de soutien. Bien que leur suppression progressive soit complexe, en particulier pour les pays en d\u00e9veloppement, elle contribuerait \u00e0 encourager les investissements dans les \u00e9nergies renouvelables. En r\u00e9alit\u00e9, la mal\u00e9diction concerne avec plus d&rsquo;acuit\u00e9 les pays d\u00e9velopp\u00e9s, mais d\u00e9passe le cadre des nations les plus d\u00e9munies, dont les revenus p\u00e9troliers constituent l&rsquo;unique source de financement des budgets publics.<\/p>\n\n\n\n<p>Les subventions aux fossiles et les investissements bas-carbone<\/p>\n\n\n\n<p>En 2023, selon le Fonds mon\u00e9taire international (FMI), les gouvernements du monde entier ont d\u00e9pens\u00e9 7 000 milliards de dollars pour soutenir le p\u00e9trole, le gaz et le charbon, soit l&rsquo;\u00e9quivalent de 7,1% du PIB mondial, et l\u2019\u00e9quivalent du PIB annuel de la France et de l\u2019Allemagne r\u00e9unies, 13 fois le budget annuel de la sant\u00e9 publique mondiale et 7 fois les investissements mondiaux dans les \u00e9nergies renouvelables. Ce montant pharaonique, difficilement concevable pour l&rsquo;esprit humain, d\u00e9passe de tr\u00e8s loin les budgets allou\u00e9s \u00e0 la sant\u00e9 publique mondiale ou \u00e0 l&rsquo;\u00e9ducation dans les pays en d\u00e9veloppement. La Chine arrive en t\u00eate avec 2 200 milliards de dollars annuels, principalement pour soutenir son industrie charbonni\u00e8re. Les \u00c9tats-Unis (700 milliards) et l&rsquo;UE (300 milliards) compl\u00e8tent ce trio controvers\u00e9. Par contre, le rapport World Energy Investment 2025 de l&rsquo;AIE montre que les flux de capitaux vers le secteur de l&rsquo;\u00e9nergie devraient augmenter en 2025 pour atteindre 3 300 milliards de dollars, soit une hausse de 2 % en termes r\u00e9els par rapport \u00e0 2024. Environ 2 200 milliards de dollars sont consacr\u00e9s aux \u00e9nergies renouvelables, au nucl\u00e9aire, aux r\u00e9seaux, au stockage, aux carburants \u00e0 faibles \u00e9missions, \u00e0 l&rsquo;efficacit\u00e9 \u00e9nerg\u00e9tique et \u00e0 l&rsquo;\u00e9lectrification, soit deux fois plus que les 1 100 milliards de dollars consacr\u00e9s au p\u00e9trole, au gaz naturel et au charbon.<\/p>\n\n\n\n<p>Selon le m\u00eame rapport, les investissements des compagnies p\u00e9troli\u00e8res et gazi\u00e8res dans les technologies \u00e0 faibles \u00e9missions devraient encore diminuer de 10 % en 2025. Environ 60 % des investissements de l&rsquo;industrie p\u00e9troli\u00e8re et gazi\u00e8re dans ces technologies ces derni\u00e8res ann\u00e9es proviennent de quatre entreprises : BP, Equinor, Shell et TotalEnergies (qui ont chacune consacr\u00e9 environ 15 \u00e0 25 % de leur budget total aux \u00e9nergies \u00e0 faibles \u00e9missions). \u00c0 l&rsquo;exception de TotalEnergies, ces entreprises ont annonc\u00e9 d&rsquo;importantes r\u00e9visions de leurs objectifs ant\u00e9rieurs en mati\u00e8re de d\u00e9penses li\u00e9es aux \u00e9nergies \u00e0 faibles \u00e9missions. Par exemple, BP a r\u00e9duit son objectif de part des technologies \u00e0 faibles \u00e9missions dans son budget d&rsquo;investissement total en 2030 de 50 % \u00e0 10-15 %, Shell a r\u00e9duit son objectif pour 2030 de 15-20 % \u00e0 10 %, et Equinor a r\u00e9duit sa part pr\u00e9vue de d\u00e9penses en technologies \u00e0 faibles \u00e9missions pour 2025 de 30 % \u00e0 13 %, et a abandonn\u00e9 son objectif pr\u00e9c\u00e9dent d&rsquo;investissement de 50 % d&rsquo;ici 2030. De nombreuses analyses ind\u00e9pendantes ont confirm\u00e9 qu&rsquo;aucune grande entreprise p\u00e9troli\u00e8re et gazi\u00e8re n&rsquo;a adopt\u00e9 de plan de transition pour abandonner son mod\u00e8le \u00e9conomique ax\u00e9 sur l&rsquo;expansion p\u00e9troli\u00e8re et gazi\u00e8re. Au cours des deux derni\u00e8res ann\u00e9es, plusieurs entreprises ont abandonn\u00e9 leurs engagements climatiques, redoublant d&rsquo;efforts pour d\u00e9velopper leurs activit\u00e9s p\u00e9troli\u00e8res et gazi\u00e8res face \u00e0 la hausse des rendements du secteur. Aucune grande entreprise p\u00e9troli\u00e8re et gazi\u00e8re ne s&rsquo;engage \u00e0 mettre fin \u00e0 toute nouvelle expansion au-del\u00e0 des gisements existants.<\/p>\n\n\n\n<p>Selon l\u2019IRENA, le secteur mondial des \u00e9nergies renouvelables a franchi une \u00e9tape historique en 2024, avec des ajouts de capacit\u00e9 atteignant 582 gigawatts (GW). Il s&rsquo;agit d&rsquo;une augmentation de 19,8 % par rapport aux ajouts de capacit\u00e9 r\u00e9alis\u00e9s en 2023 et de la plus forte expansion annuelle jamais enregistr\u00e9e. Le solaire photovolta\u00efque (PV) a domin\u00e9 cette augmentation de capacit\u00e9, contribuant \u00e0 hauteur de 452,1 GW, soit 77,8 % du total. Il est suivi par l&rsquo;\u00e9olien, avec 114,3 GW (19,6 %), puis par l&rsquo;hydraulique, avec 9,3 GW (1,6 %). Avec de faibles quantit\u00e9s de bio\u00e9nergie, de g\u00e9othermie et d&rsquo;\u00e9nergie marine, ces ajouts ont port\u00e9 la capacit\u00e9 mondiale d&rsquo;\u00e9nergie renouvelable \u00e0 4 443 GW.<\/p>\n\n\n\n<p>Le paradoxe est que l&rsquo;OPEP stipule que le p\u00e9trole restera indispensable jusqu&rsquo;en 2050, elle pr\u00e9voit une demande p\u00e9troli\u00e8re \u00e0 110 millions b\/j en 2045 (+15% vs 2024), tandis que l&rsquo;AIE \u00e9nonce que tout nouveau projet fossile est incompatible avec l\u2019objectif de +1.5\u00b0C, elle anticipe un pic d\u00e8s 2028 (sc\u00e9nario NZE).<\/p>\n\n\n\n<p>Un march\u00e9 carbone in\u00e9quitable<\/p>\n\n\n\n<p>Malgr\u00e9 l&rsquo;accord mondial visant \u00e0 limiter le r\u00e9chauffement climatique \u00e0 moins de 1,5 \u00b0C pr\u00e9vu par l&rsquo;accord de Paris, l&rsquo;article 6 de cet accord permet la coop\u00e9ration internationale pour lutter contre le changement climatique et d\u00e9bloquer des soutiens financiers pour les pays en d\u00e9veloppement. Masque davantage la perp\u00e9tuation des projets d&rsquo;\u00e9nergies fossiles qui d\u00e9truisent les peuples autochtones, les communaut\u00e9s et les territoires sous un vernis d&rsquo;\u00e9conomie verte.<\/p>\n\n\n\n<p>Le march\u00e9 carbone est un syst\u00e8me d&rsquo;\u00e9change de droits d&rsquo;\u00e9missions de CO\u2082, visant \u00e0 r\u00e9duire les \u00e9missions polluantes en fixant un prix sur la pollution. Les march\u00e9s du carbone sont des boucles de r\u00e9troaction financi\u00e8re permettant aux pollueurs de justifier davantage leur profanation de notre environnement. Les pollueurs du Nord ach\u00e8tent des compensations de pollution plut\u00f4t que de r\u00e9duire directement leurs \u00e9missions. Ces march\u00e9s du carbone ne sont qu&rsquo;un \u00e9cran de fum\u00e9e pour maintenir le statu quo, perp\u00e9tuant les cycles d&rsquo;extraction et de violence que nous devons rejeter r\u00e9solument. Si les march\u00e9s du carbone permettent bien de fixer une limite maximale aux \u00e9missions, encore faut-il que cet objectif soit ambitieux. Les pays riches utilisent souvent les cr\u00e9dits carbone pour \u00e9viter de r\u00e9duire leurs propres \u00e9missions, alors que les pays pauvres subissent d\u00e9j\u00e0 les pires impacts du changement climatique. C\u2019est une in\u00e9galit\u00e9 face \u00e0 l\u2019adaptation climatique.<\/p>\n\n\n\n<p>La m\u00e9thode d\u2019allocation de quotas, plut\u00f4t favorable aux entreprises, n\u2019est pas \u00e9trang\u00e8re \u00e0 ce ph\u00e9nom\u00e8ne. Lors des deux premi\u00e8res phases du march\u00e9 (2005-2012), les quotas distribu\u00e9s aux industriels \u00e9taient ainsi fond\u00e9s principalement sur leurs \u00e9missions pass\u00e9es et non sur des objectifs \u00e0 atteindre. Parfois m\u00eame, certains groupes recevaient plus de quotas que ce dont ils avaient besoin. Dans une telle situation, le march\u00e9 ne r\u00e9mun\u00e8re pas les bonnes pratiques mais l\u2019absence d\u2019action. Se voir attribuer plus de quotas que ses \u00e9missions est un probl\u00e8me majeur puisque le prix du carbone est m\u00e9caniquement tir\u00e9 \u00e0 la baisse, l\u2019offre \u00e9tant plus grande que la demande.<\/p>\n\n\n\n<p>Le march\u00e9 carbone pourrait \u00eatre une opportunit\u00e9 pour les pays pauvres s\u2019il est mieux encadr\u00e9. Mais sans r\u00e9gulation forte, il risque de reproduire des d\u00e9s\u00e9quilibres \u00e9conomiques et de servir d\u2019\u00e9chappatoire aux pays riches. La cl\u00e9 r\u00e9side dans une gouvernance plus \u00e9quitable, o\u00f9 les compensations ne remplacent pas les r\u00e9ductions d\u2019\u00e9missions \u00e0 la source.<\/p>\n\n\n\n<p>Un syst\u00e8me \u00e9nerg\u00e9tique en crise<\/p>\n\n\n\n<p>Notre \u00e9poque, marqu\u00e9e par l&rsquo;acc\u00e9l\u00e9ration du r\u00e9chauffement plan\u00e9taire, illustr\u00e9e par les temp\u00eates et la fonte des glaces, les s\u00e9cheresses et la faim, les troubles et les migrations, renforce de plus en plus le sentiment d&rsquo;urgence de mettre rapidement fin \u00e0 l&rsquo;\u00e8re des \u00e9nergies fossiles. Car derri\u00e8re les chiffres astronomiques se cache une r\u00e9alit\u00e9 bien concr\u00e8te : chaque dollar d\u00e9pens\u00e9 aujourd&rsquo;hui \u00e0 soutenir les \u00e9nergies fossiles est un dollar qui manquera demain pour financer la transition \u00e9nerg\u00e9tique, aggravant d&rsquo;autant la crise climatique dont nous commen\u00e7ons \u00e0 peine \u00e0 mesurer l&rsquo;ampleur des cons\u00e9quences. Chaque ann\u00e9e de maintien de ces substitutions nous \u00e9loigne un peu plus des objectifs climatiques et enfonce le monde dans une d\u00e9pendance mortif\u00e8re aux \u00e9nergies du pass\u00e9. Pourtant, cette situation n&rsquo;est en rien une fatalit\u00e9. Plusieurs pays ont d\u00e9j\u00e0 d\u00e9montr\u00e9 qu&rsquo;une sortie progressive et bien planifi\u00e9e des subventions fossiles \u00e9tait possible, \u00e0 condition d&rsquo;y mettre la volont\u00e9 politique n\u00e9cessaire et de mettre en place des m\u00e9canismes d&rsquo;accompagnement efficaces. Un consensus croissant consid\u00e8re d\u00e9sormais la transition vers les syst\u00e8mes d&rsquo;\u00e9nergies renouvelables, souvent comprise comme un processus de substitution des combustibles, comme une strat\u00e9gie cl\u00e9 pour faire face \u00e0 la crise climatique.<\/p>\n\n\n\n<p>La balle est d\u00e9sormais dans le camp des d\u00e9cideurs politiques, des institutions financi\u00e8res internationales et des citoyens, en particulier ceux des pays d\u00e9velopp\u00e9s, historiquement les plus pollueurs. En effet, les nations industrialis\u00e9es, responsables de plus de 60 % des \u00e9missions cumul\u00e9es de CO\u2082 depuis 1850, ne peuvent se contenter d\u2019une logique de compensation a posteriori, o\u00f9 polluer aujourd\u2019hui signifie indemniser demain les d\u00e9g\u00e2ts caus\u00e9s aux pays pauvres. Une telle approche non seulement ne constitue pas une solution durable, mais aggrave le fardeau \u00e9conomique, \u00e9cologique et social que devront supporter les g\u00e9n\u00e9rations futures.<\/p>\n\n\n\n<p>Les co\u00fbts de l\u2019inaction sont d\u00e9j\u00e0 exorbitants. Selon la Banque mondiale, les pertes \u00e9conomiques li\u00e9es aux catastrophes climatiques pourraient plonger plus de 130 millions de personnes dans l\u2019extr\u00eame pauvret\u00e9 d\u2019ici 2030, principalement dans les r\u00e9gions les moins responsables du r\u00e9chauffement. Pourtant, les m\u00e9canismes financiers actuels, comme les fonds climatiques internationaux, restent sous-dot\u00e9s et inefficaces, laissant les pays vuln\u00e9rables sans moyens suffisants pour s\u2019adapter. Le march\u00e9 carbone, souvent pr\u00e9sent\u00e9 comme une solution, aggrave paradoxalement les in\u00e9galit\u00e9s. Les m\u00e9canismes de compensation carbone, comme les cr\u00e9dits issus de projets de r\u00e9duction d\u2019\u00e9missions dans les pays du Sud, profitent davantage aux multinationales et aux \u00c9tats riches qu\u2019aux communaut\u00e9s locales. Par exemple, en Afrique (dont les \u00e9missions repr\u00e9sentent moins de 4% des \u00e9missions mondial en CO2), des projets de reforestation ou d\u2019\u00e9nergies renouvelables financ\u00e9s via ces cr\u00e9dits peuvent conduire \u00e0 l\u2019accaparement des terres ou \u00e0 une d\u00e9pendance technologique, sans transfert r\u00e9el de comp\u00e9tences ni de revenus durables. Pire, certains pays pauvres se retrouvent contraints de vendre \u00e0 bas prix leur droit \u00e0 polluer (via des quotas d\u2019\u00e9missions) pour des liquidit\u00e9s imm\u00e9diates, tandis que les entreprises des pays riches continuent d\u2019\u00e9mettre en toute impunit\u00e9.<\/p>\n\n\n\n<p>Pire encore, un double pi\u00e8ge se referme sur les pays pauvres d\u00e9pendants des \u00e9nergies fossiles, dont les hydrocarbures repr\u00e9sentent plus de 80 % des recettes publiques : la transition \u00e9nerg\u00e9tique est un dilemme insoluble. D\u2019un c\u00f4t\u00e9, ils subissent de plein fouet la baisse programm\u00e9e de la demande mondiale en fossiles, risquant un effondrement \u00e9conomique. De l\u2019autre, ils manquent cruellement des capitaux et des technologies n\u00e9cessaires pour investir massivement dans les \u00e9nergies renouvelables, malgr\u00e9 un potentiel solaire et \u00e9olien souvent sous-exploit\u00e9. Sans un soutien financier et technologique massif des pays riches, ces nations se retrouvent prises en \u00e9tau, incapables de renoncer aux fossiles \u00e0 court terme, elles sont pourtant les premi\u00e8res victimes des d\u00e9r\u00e8glements climatiques qu\u2019elles contribuent malgr\u00e9 elles \u00e0 aggraver. L\u2019\u00e9quation est tragique : aujourd\u2019hui, leur survie \u00e9conomique d\u00e9pend des \u00e9nergies du pass\u00e9, mais leur avenir est hypoth\u00e9qu\u00e9 par l\u2019absence de transition juste.<\/p>\n\n\n\n<p>In fine, le temps des demi-mesures et des doubles mesures est r\u00e9volu, chaque ann\u00e9e de retard accro\u00eet le risque d\u2019un sc\u00e9nario o\u00f9 les in\u00e9galit\u00e9s climatiques deviendront irr\u00e9versibles, avec des pays pauvres \u00e0 la fois s&rsquo;appauvrissant davantage par les effets carbones et des m\u00e9canismes de march\u00e9 carbone d\u00e9s\u00e9quilibr\u00e9s, et les pays riches s&rsquo;enrichissant encore en profitant de cette situation et gr\u00e2ce \u00e0 leurs pr\u00e9visions anticip\u00e9es envers les sc\u00e9narios possibles.<\/p>\n","protected":false},"excerpt":{"rendered":"<p>Par Mohamed Rachid Cheriti Ing\u00e9nieur sp\u00e9cialis\u00e9 dans le domaine \u00e9nerg\u00e9tique et le d\u00e9veloppement durable. Un double pi\u00e8ge se referme sur<\/p>\n","protected":false},"author":6,"featured_media":13067,"comment_status":"open","ping_status":"closed","sticky":false,"template":"","format":"standard","meta":{"colormag_page_container_layout":"default_layout","colormag_page_sidebar_layout":"default_layout","om_disable_all_campaigns":false,"_monsterinsights_skip_tracking":false,"_monsterinsights_sitenote_active":false,"_monsterinsights_sitenote_note":"","_monsterinsights_sitenote_category":0,"footnotes":"","_wpscppro_dont_share_socialmedia":false,"_wpscppro_custom_social_share_image":0,"_facebook_share_type":"default","_twitter_share_type":"default","_linkedin_share_type":"default","_pinterest_share_type":"default","_linkedin_share_type_page":"","_instagram_share_type":"default","_medium_share_type":"default","_threads_share_type":"default","_google_business_share_type":"default","_selected_social_profile":[],"_wpsp_enable_custom_social_template":false,"_wpsp_social_scheduling":{"enabled":false,"datetime":null,"platforms":[],"status":"template_only","dateOption":"today","timeOption":"now","customDays":"","customHours":"","customDate":"","customTime":"","schedulingType":"absolute"},"_wpsp_active_default_template":true},"categories":[56,38],"tags":[],"class_list":["post-73127","post","type-post","status-publish","format-standard","has-post-thumbnail","hentry","category-contribution","category-debats"],"aioseo_notices":[],"yoast_head":"<!-- This site is optimized with the Yoast SEO plugin v27.5 - https:\/\/yoast.com\/product\/yoast-seo-wordpress\/ -->\n<title>Pays pauvres, march\u00e9 carbone, et subventions fossiles\u00a0: L\u2019\u00e9quation impossible de la justice climatique - La Sentinelle<\/title>\n<meta name=\"robots\" content=\"index, follow, max-snippet:-1, max-image-preview:large, max-video-preview:-1\" \/>\n<link rel=\"canonical\" href=\"https:\/\/lasentinelle.dz\/index.php\/2025\/09\/10\/pays-pauvres-marche-carbone-et-subventions-fossiles-lequation-impossible-de-la-justice-climatique\/\" \/>\n<meta property=\"og:locale\" content=\"fr_FR\" \/>\n<meta property=\"og:type\" content=\"article\" \/>\n<meta property=\"og:title\" content=\"Pays pauvres, march\u00e9 carbone, et subventions fossiles\u00a0: L\u2019\u00e9quation impossible de la justice climatique - La Sentinelle\" \/>\n<meta property=\"og:description\" content=\"Par Mohamed Rachid Cheriti Ing\u00e9nieur sp\u00e9cialis\u00e9 dans le domaine \u00e9nerg\u00e9tique et le d\u00e9veloppement durable. Un double pi\u00e8ge se referme sur\" \/>\n<meta property=\"og:url\" content=\"https:\/\/lasentinelle.dz\/index.php\/2025\/09\/10\/pays-pauvres-marche-carbone-et-subventions-fossiles-lequation-impossible-de-la-justice-climatique\/\" \/>\n<meta property=\"og:site_name\" content=\"La Sentinelle\" \/>\n<meta property=\"article:publisher\" content=\"https:\/\/www.facebook.com\/La-Sentinelle-104059864394773\" \/>\n<meta property=\"article:published_time\" content=\"2025-09-10T11:42:12+00:00\" \/>\n<meta property=\"og:image\" content=\"https:\/\/lasentinelle.dz\/wp-content\/uploads\/2021\/11\/decarbonation.jpeg\" \/>\n\t<meta property=\"og:image:width\" content=\"750\" \/>\n\t<meta property=\"og:image:height\" content=\"430\" \/>\n\t<meta property=\"og:image:type\" content=\"image\/jpeg\" \/>\n<meta name=\"author\" content=\"admin\" \/>\n<meta name=\"twitter:card\" content=\"summary_large_image\" \/>\n<meta name=\"twitter:label1\" content=\"\u00c9crit par\" \/>\n\t<meta name=\"twitter:data1\" content=\"admin\" \/>\n\t<meta name=\"twitter:label2\" content=\"Dur\u00e9e de lecture estim\u00e9e\" \/>\n\t<meta name=\"twitter:data2\" content=\"12 minutes\" \/>\n<script type=\"application\/ld+json\" class=\"yoast-schema-graph\">{\"@context\":\"https:\\\/\\\/schema.org\",\"@graph\":[{\"@type\":\"Article\",\"@id\":\"https:\\\/\\\/lasentinelle.dz\\\/index.php\\\/2025\\\/09\\\/10\\\/pays-pauvres-marche-carbone-et-subventions-fossiles-lequation-impossible-de-la-justice-climatique\\\/#article\",\"isPartOf\":{\"@id\":\"https:\\\/\\\/lasentinelle.dz\\\/index.php\\\/2025\\\/09\\\/10\\\/pays-pauvres-marche-carbone-et-subventions-fossiles-lequation-impossible-de-la-justice-climatique\\\/\"},\"author\":{\"name\":\"admin\",\"@id\":\"https:\\\/\\\/lasentinelle.dz\\\/#\\\/schema\\\/person\\\/729ee0024f24e0b8c5ec17232f8e8b41\"},\"headline\":\"Pays pauvres, march\u00e9 carbone, et subventions fossiles\u00a0: L\u2019\u00e9quation impossible de la justice climatique\",\"datePublished\":\"2025-09-10T11:42:12+00:00\",\"mainEntityOfPage\":{\"@id\":\"https:\\\/\\\/lasentinelle.dz\\\/index.php\\\/2025\\\/09\\\/10\\\/pays-pauvres-marche-carbone-et-subventions-fossiles-lequation-impossible-de-la-justice-climatique\\\/\"},\"wordCount\":2312,\"commentCount\":0,\"publisher\":{\"@id\":\"https:\\\/\\\/lasentinelle.dz\\\/#organization\"},\"image\":{\"@id\":\"https:\\\/\\\/lasentinelle.dz\\\/index.php\\\/2025\\\/09\\\/10\\\/pays-pauvres-marche-carbone-et-subventions-fossiles-lequation-impossible-de-la-justice-climatique\\\/#primaryimage\"},\"thumbnailUrl\":\"https:\\\/\\\/lasentinelle.dz\\\/wp-content\\\/uploads\\\/2021\\\/11\\\/decarbonation.jpeg\",\"articleSection\":[\"Contribution\",\"D\u00e9bats\"],\"inLanguage\":\"fr-FR\",\"potentialAction\":[{\"@type\":\"CommentAction\",\"name\":\"Comment\",\"target\":[\"https:\\\/\\\/lasentinelle.dz\\\/index.php\\\/2025\\\/09\\\/10\\\/pays-pauvres-marche-carbone-et-subventions-fossiles-lequation-impossible-de-la-justice-climatique\\\/#respond\"]}]},{\"@type\":\"WebPage\",\"@id\":\"https:\\\/\\\/lasentinelle.dz\\\/index.php\\\/2025\\\/09\\\/10\\\/pays-pauvres-marche-carbone-et-subventions-fossiles-lequation-impossible-de-la-justice-climatique\\\/\",\"url\":\"https:\\\/\\\/lasentinelle.dz\\\/index.php\\\/2025\\\/09\\\/10\\\/pays-pauvres-marche-carbone-et-subventions-fossiles-lequation-impossible-de-la-justice-climatique\\\/\",\"name\":\"Pays pauvres, march\u00e9 carbone, et subventions fossiles\u00a0: L\u2019\u00e9quation impossible de la justice climatique - La Sentinelle\",\"isPartOf\":{\"@id\":\"https:\\\/\\\/lasentinelle.dz\\\/#website\"},\"primaryImageOfPage\":{\"@id\":\"https:\\\/\\\/lasentinelle.dz\\\/index.php\\\/2025\\\/09\\\/10\\\/pays-pauvres-marche-carbone-et-subventions-fossiles-lequation-impossible-de-la-justice-climatique\\\/#primaryimage\"},\"image\":{\"@id\":\"https:\\\/\\\/lasentinelle.dz\\\/index.php\\\/2025\\\/09\\\/10\\\/pays-pauvres-marche-carbone-et-subventions-fossiles-lequation-impossible-de-la-justice-climatique\\\/#primaryimage\"},\"thumbnailUrl\":\"https:\\\/\\\/lasentinelle.dz\\\/wp-content\\\/uploads\\\/2021\\\/11\\\/decarbonation.jpeg\",\"datePublished\":\"2025-09-10T11:42:12+00:00\",\"breadcrumb\":{\"@id\":\"https:\\\/\\\/lasentinelle.dz\\\/index.php\\\/2025\\\/09\\\/10\\\/pays-pauvres-marche-carbone-et-subventions-fossiles-lequation-impossible-de-la-justice-climatique\\\/#breadcrumb\"},\"inLanguage\":\"fr-FR\",\"potentialAction\":[{\"@type\":\"ReadAction\",\"target\":[\"https:\\\/\\\/lasentinelle.dz\\\/index.php\\\/2025\\\/09\\\/10\\\/pays-pauvres-marche-carbone-et-subventions-fossiles-lequation-impossible-de-la-justice-climatique\\\/\"]}]},{\"@type\":\"ImageObject\",\"inLanguage\":\"fr-FR\",\"@id\":\"https:\\\/\\\/lasentinelle.dz\\\/index.php\\\/2025\\\/09\\\/10\\\/pays-pauvres-marche-carbone-et-subventions-fossiles-lequation-impossible-de-la-justice-climatique\\\/#primaryimage\",\"url\":\"https:\\\/\\\/lasentinelle.dz\\\/wp-content\\\/uploads\\\/2021\\\/11\\\/decarbonation.jpeg\",\"contentUrl\":\"https:\\\/\\\/lasentinelle.dz\\\/wp-content\\\/uploads\\\/2021\\\/11\\\/decarbonation.jpeg\",\"width\":750,\"height\":430},{\"@type\":\"BreadcrumbList\",\"@id\":\"https:\\\/\\\/lasentinelle.dz\\\/index.php\\\/2025\\\/09\\\/10\\\/pays-pauvres-marche-carbone-et-subventions-fossiles-lequation-impossible-de-la-justice-climatique\\\/#breadcrumb\",\"itemListElement\":[{\"@type\":\"ListItem\",\"position\":1,\"name\":\"Accueil\",\"item\":\"https:\\\/\\\/lasentinelle.dz\\\/\"},{\"@type\":\"ListItem\",\"position\":2,\"name\":\"Pays pauvres, march\u00e9 carbone, et subventions fossiles\u00a0: L\u2019\u00e9quation impossible de la justice climatique\"}]},{\"@type\":\"WebSite\",\"@id\":\"https:\\\/\\\/lasentinelle.dz\\\/#website\",\"url\":\"https:\\\/\\\/lasentinelle.dz\\\/\",\"name\":\"La Sentinelle\",\"description\":\"Quotidien national d&#039;information\",\"publisher\":{\"@id\":\"https:\\\/\\\/lasentinelle.dz\\\/#organization\"},\"potentialAction\":[{\"@type\":\"SearchAction\",\"target\":{\"@type\":\"EntryPoint\",\"urlTemplate\":\"https:\\\/\\\/lasentinelle.dz\\\/?s={search_term_string}\"},\"query-input\":{\"@type\":\"PropertyValueSpecification\",\"valueRequired\":true,\"valueName\":\"search_term_string\"}}],\"inLanguage\":\"fr-FR\"},{\"@type\":\"Organization\",\"@id\":\"https:\\\/\\\/lasentinelle.dz\\\/#organization\",\"name\":\"Quotidien La Sentinelle\",\"url\":\"https:\\\/\\\/lasentinelle.dz\\\/\",\"logo\":{\"@type\":\"ImageObject\",\"inLanguage\":\"fr-FR\",\"@id\":\"https:\\\/\\\/lasentinelle.dz\\\/#\\\/schema\\\/logo\\\/image\\\/\",\"url\":\"https:\\\/\\\/lasentinelle.dz\\\/wp-content\\\/uploads\\\/2021\\\/09\\\/logo-sentinelleSLOGAN-1.png\",\"contentUrl\":\"https:\\\/\\\/lasentinelle.dz\\\/wp-content\\\/uploads\\\/2021\\\/09\\\/logo-sentinelleSLOGAN-1.png\",\"width\":615,\"height\":142,\"caption\":\"Quotidien La Sentinelle\"},\"image\":{\"@id\":\"https:\\\/\\\/lasentinelle.dz\\\/#\\\/schema\\\/logo\\\/image\\\/\"},\"sameAs\":[\"https:\\\/\\\/www.facebook.com\\\/La-Sentinelle-104059864394773\"]},{\"@type\":\"Person\",\"@id\":\"https:\\\/\\\/lasentinelle.dz\\\/#\\\/schema\\\/person\\\/729ee0024f24e0b8c5ec17232f8e8b41\",\"name\":\"admin\",\"image\":{\"@type\":\"ImageObject\",\"inLanguage\":\"fr-FR\",\"@id\":\"https:\\\/\\\/secure.gravatar.com\\\/avatar\\\/4c81fed838786e9b53f540bf46533e750f5d292099ae3b66cfc6fb1982e29df7?s=96&d=mm&r=g\",\"url\":\"https:\\\/\\\/secure.gravatar.com\\\/avatar\\\/4c81fed838786e9b53f540bf46533e750f5d292099ae3b66cfc6fb1982e29df7?s=96&d=mm&r=g\",\"contentUrl\":\"https:\\\/\\\/secure.gravatar.com\\\/avatar\\\/4c81fed838786e9b53f540bf46533e750f5d292099ae3b66cfc6fb1982e29df7?s=96&d=mm&r=g\",\"caption\":\"admin\"},\"description\":\"admin\",\"url\":\"https:\\\/\\\/lasentinelle.dz\\\/author\\\/admin\\\/\"}]}<\/script>\n<!-- \/ Yoast SEO plugin. -->","yoast_head_json":{"title":"Pays pauvres, march\u00e9 carbone, et subventions fossiles\u00a0: L\u2019\u00e9quation impossible de la justice climatique - La Sentinelle","robots":{"index":"index","follow":"follow","max-snippet":"max-snippet:-1","max-image-preview":"max-image-preview:large","max-video-preview":"max-video-preview:-1"},"canonical":"https:\/\/lasentinelle.dz\/index.php\/2025\/09\/10\/pays-pauvres-marche-carbone-et-subventions-fossiles-lequation-impossible-de-la-justice-climatique\/","og_locale":"fr_FR","og_type":"article","og_title":"Pays pauvres, march\u00e9 carbone, et subventions fossiles\u00a0: L\u2019\u00e9quation impossible de la justice climatique - La Sentinelle","og_description":"Par Mohamed Rachid Cheriti Ing\u00e9nieur sp\u00e9cialis\u00e9 dans le domaine \u00e9nerg\u00e9tique et le d\u00e9veloppement durable. Un double pi\u00e8ge se referme sur","og_url":"https:\/\/lasentinelle.dz\/index.php\/2025\/09\/10\/pays-pauvres-marche-carbone-et-subventions-fossiles-lequation-impossible-de-la-justice-climatique\/","og_site_name":"La Sentinelle","article_publisher":"https:\/\/www.facebook.com\/La-Sentinelle-104059864394773","article_published_time":"2025-09-10T11:42:12+00:00","og_image":[{"width":750,"height":430,"url":"https:\/\/lasentinelle.dz\/wp-content\/uploads\/2021\/11\/decarbonation.jpeg","type":"image\/jpeg"}],"author":"admin","twitter_card":"summary_large_image","twitter_misc":{"\u00c9crit par":"admin","Dur\u00e9e de lecture estim\u00e9e":"12 minutes"},"schema":{"@context":"https:\/\/schema.org","@graph":[{"@type":"Article","@id":"https:\/\/lasentinelle.dz\/index.php\/2025\/09\/10\/pays-pauvres-marche-carbone-et-subventions-fossiles-lequation-impossible-de-la-justice-climatique\/#article","isPartOf":{"@id":"https:\/\/lasentinelle.dz\/index.php\/2025\/09\/10\/pays-pauvres-marche-carbone-et-subventions-fossiles-lequation-impossible-de-la-justice-climatique\/"},"author":{"name":"admin","@id":"https:\/\/lasentinelle.dz\/#\/schema\/person\/729ee0024f24e0b8c5ec17232f8e8b41"},"headline":"Pays pauvres, march\u00e9 carbone, et subventions fossiles\u00a0: L\u2019\u00e9quation impossible de la justice climatique","datePublished":"2025-09-10T11:42:12+00:00","mainEntityOfPage":{"@id":"https:\/\/lasentinelle.dz\/index.php\/2025\/09\/10\/pays-pauvres-marche-carbone-et-subventions-fossiles-lequation-impossible-de-la-justice-climatique\/"},"wordCount":2312,"commentCount":0,"publisher":{"@id":"https:\/\/lasentinelle.dz\/#organization"},"image":{"@id":"https:\/\/lasentinelle.dz\/index.php\/2025\/09\/10\/pays-pauvres-marche-carbone-et-subventions-fossiles-lequation-impossible-de-la-justice-climatique\/#primaryimage"},"thumbnailUrl":"https:\/\/lasentinelle.dz\/wp-content\/uploads\/2021\/11\/decarbonation.jpeg","articleSection":["Contribution","D\u00e9bats"],"inLanguage":"fr-FR","potentialAction":[{"@type":"CommentAction","name":"Comment","target":["https:\/\/lasentinelle.dz\/index.php\/2025\/09\/10\/pays-pauvres-marche-carbone-et-subventions-fossiles-lequation-impossible-de-la-justice-climatique\/#respond"]}]},{"@type":"WebPage","@id":"https:\/\/lasentinelle.dz\/index.php\/2025\/09\/10\/pays-pauvres-marche-carbone-et-subventions-fossiles-lequation-impossible-de-la-justice-climatique\/","url":"https:\/\/lasentinelle.dz\/index.php\/2025\/09\/10\/pays-pauvres-marche-carbone-et-subventions-fossiles-lequation-impossible-de-la-justice-climatique\/","name":"Pays pauvres, march\u00e9 carbone, et subventions fossiles\u00a0: L\u2019\u00e9quation impossible de la justice climatique - La Sentinelle","isPartOf":{"@id":"https:\/\/lasentinelle.dz\/#website"},"primaryImageOfPage":{"@id":"https:\/\/lasentinelle.dz\/index.php\/2025\/09\/10\/pays-pauvres-marche-carbone-et-subventions-fossiles-lequation-impossible-de-la-justice-climatique\/#primaryimage"},"image":{"@id":"https:\/\/lasentinelle.dz\/index.php\/2025\/09\/10\/pays-pauvres-marche-carbone-et-subventions-fossiles-lequation-impossible-de-la-justice-climatique\/#primaryimage"},"thumbnailUrl":"https:\/\/lasentinelle.dz\/wp-content\/uploads\/2021\/11\/decarbonation.jpeg","datePublished":"2025-09-10T11:42:12+00:00","breadcrumb":{"@id":"https:\/\/lasentinelle.dz\/index.php\/2025\/09\/10\/pays-pauvres-marche-carbone-et-subventions-fossiles-lequation-impossible-de-la-justice-climatique\/#breadcrumb"},"inLanguage":"fr-FR","potentialAction":[{"@type":"ReadAction","target":["https:\/\/lasentinelle.dz\/index.php\/2025\/09\/10\/pays-pauvres-marche-carbone-et-subventions-fossiles-lequation-impossible-de-la-justice-climatique\/"]}]},{"@type":"ImageObject","inLanguage":"fr-FR","@id":"https:\/\/lasentinelle.dz\/index.php\/2025\/09\/10\/pays-pauvres-marche-carbone-et-subventions-fossiles-lequation-impossible-de-la-justice-climatique\/#primaryimage","url":"https:\/\/lasentinelle.dz\/wp-content\/uploads\/2021\/11\/decarbonation.jpeg","contentUrl":"https:\/\/lasentinelle.dz\/wp-content\/uploads\/2021\/11\/decarbonation.jpeg","width":750,"height":430},{"@type":"BreadcrumbList","@id":"https:\/\/lasentinelle.dz\/index.php\/2025\/09\/10\/pays-pauvres-marche-carbone-et-subventions-fossiles-lequation-impossible-de-la-justice-climatique\/#breadcrumb","itemListElement":[{"@type":"ListItem","position":1,"name":"Accueil","item":"https:\/\/lasentinelle.dz\/"},{"@type":"ListItem","position":2,"name":"Pays pauvres, march\u00e9 carbone, et subventions fossiles\u00a0: L\u2019\u00e9quation impossible de la justice climatique"}]},{"@type":"WebSite","@id":"https:\/\/lasentinelle.dz\/#website","url":"https:\/\/lasentinelle.dz\/","name":"La Sentinelle","description":"Quotidien national d&#039;information","publisher":{"@id":"https:\/\/lasentinelle.dz\/#organization"},"potentialAction":[{"@type":"SearchAction","target":{"@type":"EntryPoint","urlTemplate":"https:\/\/lasentinelle.dz\/?s={search_term_string}"},"query-input":{"@type":"PropertyValueSpecification","valueRequired":true,"valueName":"search_term_string"}}],"inLanguage":"fr-FR"},{"@type":"Organization","@id":"https:\/\/lasentinelle.dz\/#organization","name":"Quotidien La Sentinelle","url":"https:\/\/lasentinelle.dz\/","logo":{"@type":"ImageObject","inLanguage":"fr-FR","@id":"https:\/\/lasentinelle.dz\/#\/schema\/logo\/image\/","url":"https:\/\/lasentinelle.dz\/wp-content\/uploads\/2021\/09\/logo-sentinelleSLOGAN-1.png","contentUrl":"https:\/\/lasentinelle.dz\/wp-content\/uploads\/2021\/09\/logo-sentinelleSLOGAN-1.png","width":615,"height":142,"caption":"Quotidien La Sentinelle"},"image":{"@id":"https:\/\/lasentinelle.dz\/#\/schema\/logo\/image\/"},"sameAs":["https:\/\/www.facebook.com\/La-Sentinelle-104059864394773"]},{"@type":"Person","@id":"https:\/\/lasentinelle.dz\/#\/schema\/person\/729ee0024f24e0b8c5ec17232f8e8b41","name":"admin","image":{"@type":"ImageObject","inLanguage":"fr-FR","@id":"https:\/\/secure.gravatar.com\/avatar\/4c81fed838786e9b53f540bf46533e750f5d292099ae3b66cfc6fb1982e29df7?s=96&d=mm&r=g","url":"https:\/\/secure.gravatar.com\/avatar\/4c81fed838786e9b53f540bf46533e750f5d292099ae3b66cfc6fb1982e29df7?s=96&d=mm&r=g","contentUrl":"https:\/\/secure.gravatar.com\/avatar\/4c81fed838786e9b53f540bf46533e750f5d292099ae3b66cfc6fb1982e29df7?s=96&d=mm&r=g","caption":"admin"},"description":"admin","url":"https:\/\/lasentinelle.dz\/author\/admin\/"}]}},"_links":{"self":[{"href":"https:\/\/lasentinelle.dz\/index.php\/wp-json\/wp\/v2\/posts\/73127","targetHints":{"allow":["GET"]}}],"collection":[{"href":"https:\/\/lasentinelle.dz\/index.php\/wp-json\/wp\/v2\/posts"}],"about":[{"href":"https:\/\/lasentinelle.dz\/index.php\/wp-json\/wp\/v2\/types\/post"}],"author":[{"embeddable":true,"href":"https:\/\/lasentinelle.dz\/index.php\/wp-json\/wp\/v2\/users\/6"}],"replies":[{"embeddable":true,"href":"https:\/\/lasentinelle.dz\/index.php\/wp-json\/wp\/v2\/comments?post=73127"}],"version-history":[{"count":1,"href":"https:\/\/lasentinelle.dz\/index.php\/wp-json\/wp\/v2\/posts\/73127\/revisions"}],"predecessor-version":[{"id":73128,"href":"https:\/\/lasentinelle.dz\/index.php\/wp-json\/wp\/v2\/posts\/73127\/revisions\/73128"}],"wp:featuredmedia":[{"embeddable":true,"href":"https:\/\/lasentinelle.dz\/index.php\/wp-json\/wp\/v2\/media\/13067"}],"wp:attachment":[{"href":"https:\/\/lasentinelle.dz\/index.php\/wp-json\/wp\/v2\/media?parent=73127"}],"wp:term":[{"taxonomy":"category","embeddable":true,"href":"https:\/\/lasentinelle.dz\/index.php\/wp-json\/wp\/v2\/categories?post=73127"},{"taxonomy":"post_tag","embeddable":true,"href":"https:\/\/lasentinelle.dz\/index.php\/wp-json\/wp\/v2\/tags?post=73127"}],"curies":[{"name":"wp","href":"https:\/\/api.w.org\/{rel}","templated":true}]}}