{"id":73129,"date":"2025-09-10T12:47:48","date_gmt":"2025-09-10T11:47:48","guid":{"rendered":"https:\/\/lasentinelle.dz\/?p=73129"},"modified":"2025-09-10T12:47:49","modified_gmt":"2025-09-10T11:47:49","slug":"profanation-de-plusieurs-mosquees-en-region-parisienne-montee-inquietante-de-lislamophobie-en-france","status":"publish","type":"post","link":"https:\/\/lasentinelle.dz\/index.php\/2025\/09\/10\/profanation-de-plusieurs-mosquees-en-region-parisienne-montee-inquietante-de-lislamophobie-en-france\/","title":{"rendered":"Profanation de plusieurs mosqu\u00e9es en r\u00e9gion parisienne\u00a0: Mont\u00e9e inqui\u00e9tante de l\u2019islamophobie en France"},"content":{"rendered":"\n<p>Un nouvel acte de profanation de mosqu\u00e9es refl\u00e8te l\u2019intensification de l\u2019islamophobie en France encourag\u00e9e par le discours politique et les m\u00e9dias relayant la litanie d\u2019extr\u00eame-droite.&nbsp; Des t\u00eates de cochon ont \u00e9t\u00e9 d\u00e9couvertes dans la nuit de lundi \u00e0 mardi devant plusieurs mosqu\u00e9es de la r\u00e9gion parisienne. Ces actes de profanation, qui ont vis\u00e9 des lieux de culte \u00e0 Paris intra-muros ainsi qu&rsquo;\u00e0 Montreuil, Montrouge et Malakoff, s&rsquo;inscrivent dans une tendance alarmante de hausse des actes antimusulmans sur le territoire fran\u00e7ais. Le pr\u00e9fet de police de Paris, Laurent Nu\u00f1ez, a imm\u00e9diatement confirm\u00e9 l&rsquo;ouverture d&rsquo;une enqu\u00eate pour \u00ab\u00a0provocation \u00e0 la haine aggrav\u00e9e par la discrimination en raison de l&rsquo;appartenance \u00e0 une race ou religion\u00a0\u00bb, confi\u00e9e \u00e0 la brigade criminelle. Ces profanations, dont l&rsquo;une portait l&rsquo;inscription \u00ab\u00a0Macron\u00a0\u00bb \u00e0 l&rsquo;encre bleue selon une source polici\u00e8re, ont provoqu\u00e9 l&rsquo;\u00e9moi de la communaut\u00e9 musulmane et des autorit\u00e9s. Le recteur de la Grande mosqu\u00e9e de Paris, Chems-eddine Hafiz d\u00e9nonce \u00ab\u00a0une nouvelle et triste \u00e9tape dans la mont\u00e9e de la haine antimusulmane\u00a0\u00bb, appelant \u00e0 une prise de conscience collective. Ces profanations s&rsquo;inscrivent dans un contexte statistique particuli\u00e8rement pr\u00e9occupant. Selon le minist\u00e8re fran\u00e7ais de l&rsquo;Int\u00e9rieur, les actes antimusulmans ont bondi de 75% entre janvier et mai 2025, passant de 83 \u00e0 145 cas par rapport \u00e0 la m\u00eame p\u00e9riode de 2024. Plus alarmant encore, les atteintes aux personnes ont tripl\u00e9, passant de 32 \u00e0 99 faits enregistr\u00e9s. Cette tendance trouve un \u00e9cho dans les donn\u00e9es du Collectif contre l&rsquo;islamophobie en Europe, qui a recens\u00e9 1037 faits islamophobes en 2024 contre 828 en 2023, soit une progression de 25%. Cette hausse se d\u00e9compose principalement en discriminations (59%), propos haineux (17%), diffamations (11%), injures (7%) et violences physiques (6%). Face \u00e0 cette escalade, les responsables religieux et politiques appellent au renforcement de la protection des lieux de culte. Les communaut\u00e9s musulmanes r\u00e9clament d\u00e9sormais plus qu&rsquo;une vigilance renforc\u00e9e : elles exigent une r\u00e9ponse publique ferme, une protection concr\u00e8te de leurs lieux de culte et une mobilisation collective pour contrer cette d\u00e9rive.<\/p>\n\n\n\n<p>Lyes Sa\u00efdi<\/p>\n","protected":false},"excerpt":{"rendered":"<p>Un nouvel acte de profanation de mosqu\u00e9es refl\u00e8te l\u2019intensification de l\u2019islamophobie en France encourag\u00e9e par le discours politique et les<\/p>\n","protected":false},"author":6,"featured_media":73130,"comment_status":"open","ping_status":"closed","sticky":false,"template":"","format":"standard","meta":{"colormag_page_container_layout":"default_layout","colormag_page_sidebar_layout":"default_layout","om_disable_all_campaigns":false,"_monsterinsights_skip_tracking":false,"_monsterinsights_sitenote_active":false,"_monsterinsights_sitenote_note":"","_monsterinsights_sitenote_category":0,"footnotes":"","_wpscppro_dont_share_socialmedia":false,"_wpscppro_custom_social_share_image":0,"_facebook_share_type":"default","_twitter_share_type":"default","_linkedin_share_type":"default","_pinterest_share_type":"default","_linkedin_share_type_page":"","_instagram_share_type":"default","_medium_share_type":"default","_threads_share_type":"default","_google_business_share_type":"default","_selected_social_profile":[],"_wpsp_enable_custom_social_template":false,"_wpsp_social_scheduling":{"enabled":false,"datetime":null,"platforms":[],"status":"template_only","dateOption":"today","timeOption":"now","customDays":"","customHours":"","customDate":"","customTime":"","schedulingType":"absolute"},"_wpsp_active_default_template":true},"categories":[52,27],"tags":[],"class_list":["post-73129","post","type-post","status-publish","format-standard","has-post-thumbnail","hentry","category-a-la-une","category-actualite"],"aioseo_notices":[],"yoast_head":"<!-- This site is optimized with the Yoast SEO plugin v27.5 - https:\/\/yoast.com\/product\/yoast-seo-wordpress\/ -->\n<title>Profanation de plusieurs mosqu\u00e9es en r\u00e9gion parisienne\u00a0: Mont\u00e9e inqui\u00e9tante de l\u2019islamophobie en France - La Sentinelle<\/title>\n<meta name=\"robots\" content=\"index, follow, max-snippet:-1, max-image-preview:large, max-video-preview:-1\" \/>\n<link rel=\"canonical\" href=\"https:\/\/lasentinelle.dz\/index.php\/2025\/09\/10\/profanation-de-plusieurs-mosquees-en-region-parisienne-montee-inquietante-de-lislamophobie-en-france\/\" \/>\n<meta property=\"og:locale\" content=\"fr_FR\" \/>\n<meta property=\"og:type\" content=\"article\" \/>\n<meta property=\"og:title\" content=\"Profanation de plusieurs mosqu\u00e9es en r\u00e9gion parisienne\u00a0: Mont\u00e9e inqui\u00e9tante de l\u2019islamophobie en France - La Sentinelle\" \/>\n<meta property=\"og:description\" content=\"Un nouvel acte de profanation de mosqu\u00e9es refl\u00e8te l\u2019intensification de l\u2019islamophobie en France encourag\u00e9e par le discours politique et les\" \/>\n<meta property=\"og:url\" content=\"https:\/\/lasentinelle.dz\/index.php\/2025\/09\/10\/profanation-de-plusieurs-mosquees-en-region-parisienne-montee-inquietante-de-lislamophobie-en-france\/\" \/>\n<meta property=\"og:site_name\" content=\"La Sentinelle\" \/>\n<meta property=\"article:publisher\" content=\"https:\/\/www.facebook.com\/La-Sentinelle-104059864394773\" \/>\n<meta property=\"article:published_time\" content=\"2025-09-10T11:47:48+00:00\" \/>\n<meta property=\"article:modified_time\" content=\"2025-09-10T11:47:49+00:00\" \/>\n<meta property=\"og:image\" content=\"https:\/\/lasentinelle.dz\/wp-content\/uploads\/2025\/09\/islamophobie.jpeg\" \/>\n\t<meta property=\"og:image:width\" content=\"512\" \/>\n\t<meta property=\"og:image:height\" content=\"341\" \/>\n\t<meta property=\"og:image:type\" content=\"image\/jpeg\" \/>\n<meta name=\"author\" content=\"admin\" \/>\n<meta name=\"twitter:card\" content=\"summary_large_image\" \/>\n<meta name=\"twitter:label1\" content=\"\u00c9crit par\" \/>\n\t<meta name=\"twitter:data1\" content=\"admin\" \/>\n\t<meta name=\"twitter:label2\" content=\"Dur\u00e9e de lecture estim\u00e9e\" \/>\n\t<meta name=\"twitter:data2\" content=\"2 minutes\" \/>\n<script type=\"application\/ld+json\" class=\"yoast-schema-graph\">{\"@context\":\"https:\\\/\\\/schema.org\",\"@graph\":[{\"@type\":\"Article\",\"@id\":\"https:\\\/\\\/lasentinelle.dz\\\/index.php\\\/2025\\\/09\\\/10\\\/profanation-de-plusieurs-mosquees-en-region-parisienne-montee-inquietante-de-lislamophobie-en-france\\\/#article\",\"isPartOf\":{\"@id\":\"https:\\\/\\\/lasentinelle.dz\\\/index.php\\\/2025\\\/09\\\/10\\\/profanation-de-plusieurs-mosquees-en-region-parisienne-montee-inquietante-de-lislamophobie-en-france\\\/\"},\"author\":{\"name\":\"admin\",\"@id\":\"https:\\\/\\\/lasentinelle.dz\\\/#\\\/schema\\\/person\\\/729ee0024f24e0b8c5ec17232f8e8b41\"},\"headline\":\"Profanation de plusieurs mosqu\u00e9es en r\u00e9gion parisienne\u00a0: Mont\u00e9e inqui\u00e9tante de l\u2019islamophobie en France\",\"datePublished\":\"2025-09-10T11:47:48+00:00\",\"dateModified\":\"2025-09-10T11:47:49+00:00\",\"mainEntityOfPage\":{\"@id\":\"https:\\\/\\\/lasentinelle.dz\\\/index.php\\\/2025\\\/09\\\/10\\\/profanation-de-plusieurs-mosquees-en-region-parisienne-montee-inquietante-de-lislamophobie-en-france\\\/\"},\"wordCount\":375,\"commentCount\":0,\"publisher\":{\"@id\":\"https:\\\/\\\/lasentinelle.dz\\\/#organization\"},\"image\":{\"@id\":\"https:\\\/\\\/lasentinelle.dz\\\/index.php\\\/2025\\\/09\\\/10\\\/profanation-de-plusieurs-mosquees-en-region-parisienne-montee-inquietante-de-lislamophobie-en-france\\\/#primaryimage\"},\"thumbnailUrl\":\"https:\\\/\\\/lasentinelle.dz\\\/wp-content\\\/uploads\\\/2025\\\/09\\\/islamophobie.jpeg\",\"articleSection\":[\"\u00c0 la Une\",\"Actualit\u00e9\"],\"inLanguage\":\"fr-FR\",\"potentialAction\":[{\"@type\":\"CommentAction\",\"name\":\"Comment\",\"target\":[\"https:\\\/\\\/lasentinelle.dz\\\/index.php\\\/2025\\\/09\\\/10\\\/profanation-de-plusieurs-mosquees-en-region-parisienne-montee-inquietante-de-lislamophobie-en-france\\\/#respond\"]}]},{\"@type\":\"WebPage\",\"@id\":\"https:\\\/\\\/lasentinelle.dz\\\/index.php\\\/2025\\\/09\\\/10\\\/profanation-de-plusieurs-mosquees-en-region-parisienne-montee-inquietante-de-lislamophobie-en-france\\\/\",\"url\":\"https:\\\/\\\/lasentinelle.dz\\\/index.php\\\/2025\\\/09\\\/10\\\/profanation-de-plusieurs-mosquees-en-region-parisienne-montee-inquietante-de-lislamophobie-en-france\\\/\",\"name\":\"Profanation de plusieurs mosqu\u00e9es en r\u00e9gion parisienne\u00a0: Mont\u00e9e inqui\u00e9tante de l\u2019islamophobie en France - La Sentinelle\",\"isPartOf\":{\"@id\":\"https:\\\/\\\/lasentinelle.dz\\\/#website\"},\"primaryImageOfPage\":{\"@id\":\"https:\\\/\\\/lasentinelle.dz\\\/index.php\\\/2025\\\/09\\\/10\\\/profanation-de-plusieurs-mosquees-en-region-parisienne-montee-inquietante-de-lislamophobie-en-france\\\/#primaryimage\"},\"image\":{\"@id\":\"https:\\\/\\\/lasentinelle.dz\\\/index.php\\\/2025\\\/09\\\/10\\\/profanation-de-plusieurs-mosquees-en-region-parisienne-montee-inquietante-de-lislamophobie-en-france\\\/#primaryimage\"},\"thumbnailUrl\":\"https:\\\/\\\/lasentinelle.dz\\\/wp-content\\\/uploads\\\/2025\\\/09\\\/islamophobie.jpeg\",\"datePublished\":\"2025-09-10T11:47:48+00:00\",\"dateModified\":\"2025-09-10T11:47:49+00:00\",\"breadcrumb\":{\"@id\":\"https:\\\/\\\/lasentinelle.dz\\\/index.php\\\/2025\\\/09\\\/10\\\/profanation-de-plusieurs-mosquees-en-region-parisienne-montee-inquietante-de-lislamophobie-en-france\\\/#breadcrumb\"},\"inLanguage\":\"fr-FR\",\"potentialAction\":[{\"@type\":\"ReadAction\",\"target\":[\"https:\\\/\\\/lasentinelle.dz\\\/index.php\\\/2025\\\/09\\\/10\\\/profanation-de-plusieurs-mosquees-en-region-parisienne-montee-inquietante-de-lislamophobie-en-france\\\/\"]}]},{\"@type\":\"ImageObject\",\"inLanguage\":\"fr-FR\",\"@id\":\"https:\\\/\\\/lasentinelle.dz\\\/index.php\\\/2025\\\/09\\\/10\\\/profanation-de-plusieurs-mosquees-en-region-parisienne-montee-inquietante-de-lislamophobie-en-france\\\/#primaryimage\",\"url\":\"https:\\\/\\\/lasentinelle.dz\\\/wp-content\\\/uploads\\\/2025\\\/09\\\/islamophobie.jpeg\",\"contentUrl\":\"https:\\\/\\\/lasentinelle.dz\\\/wp-content\\\/uploads\\\/2025\\\/09\\\/islamophobie.jpeg\",\"width\":512,\"height\":341},{\"@type\":\"BreadcrumbList\",\"@id\":\"https:\\\/\\\/lasentinelle.dz\\\/index.php\\\/2025\\\/09\\\/10\\\/profanation-de-plusieurs-mosquees-en-region-parisienne-montee-inquietante-de-lislamophobie-en-france\\\/#breadcrumb\",\"itemListElement\":[{\"@type\":\"ListItem\",\"position\":1,\"name\":\"Accueil\",\"item\":\"https:\\\/\\\/lasentinelle.dz\\\/\"},{\"@type\":\"ListItem\",\"position\":2,\"name\":\"Profanation de plusieurs mosqu\u00e9es en r\u00e9gion parisienne\u00a0: Mont\u00e9e inqui\u00e9tante de l\u2019islamophobie en France\"}]},{\"@type\":\"WebSite\",\"@id\":\"https:\\\/\\\/lasentinelle.dz\\\/#website\",\"url\":\"https:\\\/\\\/lasentinelle.dz\\\/\",\"name\":\"La Sentinelle\",\"description\":\"Quotidien national d&#039;information\",\"publisher\":{\"@id\":\"https:\\\/\\\/lasentinelle.dz\\\/#organization\"},\"potentialAction\":[{\"@type\":\"SearchAction\",\"target\":{\"@type\":\"EntryPoint\",\"urlTemplate\":\"https:\\\/\\\/lasentinelle.dz\\\/?s={search_term_string}\"},\"query-input\":{\"@type\":\"PropertyValueSpecification\",\"valueRequired\":true,\"valueName\":\"search_term_string\"}}],\"inLanguage\":\"fr-FR\"},{\"@type\":\"Organization\",\"@id\":\"https:\\\/\\\/lasentinelle.dz\\\/#organization\",\"name\":\"Quotidien La Sentinelle\",\"url\":\"https:\\\/\\\/lasentinelle.dz\\\/\",\"logo\":{\"@type\":\"ImageObject\",\"inLanguage\":\"fr-FR\",\"@id\":\"https:\\\/\\\/lasentinelle.dz\\\/#\\\/schema\\\/logo\\\/image\\\/\",\"url\":\"https:\\\/\\\/lasentinelle.dz\\\/wp-content\\\/uploads\\\/2021\\\/09\\\/logo-sentinelleSLOGAN-1.png\",\"contentUrl\":\"https:\\\/\\\/lasentinelle.dz\\\/wp-content\\\/uploads\\\/2021\\\/09\\\/logo-sentinelleSLOGAN-1.png\",\"width\":615,\"height\":142,\"caption\":\"Quotidien La Sentinelle\"},\"image\":{\"@id\":\"https:\\\/\\\/lasentinelle.dz\\\/#\\\/schema\\\/logo\\\/image\\\/\"},\"sameAs\":[\"https:\\\/\\\/www.facebook.com\\\/La-Sentinelle-104059864394773\"]},{\"@type\":\"Person\",\"@id\":\"https:\\\/\\\/lasentinelle.dz\\\/#\\\/schema\\\/person\\\/729ee0024f24e0b8c5ec17232f8e8b41\",\"name\":\"admin\",\"image\":{\"@type\":\"ImageObject\",\"inLanguage\":\"fr-FR\",\"@id\":\"https:\\\/\\\/secure.gravatar.com\\\/avatar\\\/4c81fed838786e9b53f540bf46533e750f5d292099ae3b66cfc6fb1982e29df7?s=96&d=mm&r=g\",\"url\":\"https:\\\/\\\/secure.gravatar.com\\\/avatar\\\/4c81fed838786e9b53f540bf46533e750f5d292099ae3b66cfc6fb1982e29df7?s=96&d=mm&r=g\",\"contentUrl\":\"https:\\\/\\\/secure.gravatar.com\\\/avatar\\\/4c81fed838786e9b53f540bf46533e750f5d292099ae3b66cfc6fb1982e29df7?s=96&d=mm&r=g\",\"caption\":\"admin\"},\"description\":\"admin\",\"url\":\"https:\\\/\\\/lasentinelle.dz\\\/author\\\/admin\\\/\"}]}<\/script>\n<!-- \/ Yoast SEO plugin. -->","yoast_head_json":{"title":"Profanation de plusieurs mosqu\u00e9es en r\u00e9gion parisienne\u00a0: Mont\u00e9e inqui\u00e9tante de l\u2019islamophobie en France - La Sentinelle","robots":{"index":"index","follow":"follow","max-snippet":"max-snippet:-1","max-image-preview":"max-image-preview:large","max-video-preview":"max-video-preview:-1"},"canonical":"https:\/\/lasentinelle.dz\/index.php\/2025\/09\/10\/profanation-de-plusieurs-mosquees-en-region-parisienne-montee-inquietante-de-lislamophobie-en-france\/","og_locale":"fr_FR","og_type":"article","og_title":"Profanation de plusieurs mosqu\u00e9es en r\u00e9gion parisienne\u00a0: Mont\u00e9e inqui\u00e9tante de l\u2019islamophobie en France - La Sentinelle","og_description":"Un nouvel acte de profanation de mosqu\u00e9es refl\u00e8te l\u2019intensification de l\u2019islamophobie en France encourag\u00e9e par le discours politique et les","og_url":"https:\/\/lasentinelle.dz\/index.php\/2025\/09\/10\/profanation-de-plusieurs-mosquees-en-region-parisienne-montee-inquietante-de-lislamophobie-en-france\/","og_site_name":"La Sentinelle","article_publisher":"https:\/\/www.facebook.com\/La-Sentinelle-104059864394773","article_published_time":"2025-09-10T11:47:48+00:00","article_modified_time":"2025-09-10T11:47:49+00:00","og_image":[{"width":512,"height":341,"url":"https:\/\/lasentinelle.dz\/wp-content\/uploads\/2025\/09\/islamophobie.jpeg","type":"image\/jpeg"}],"author":"admin","twitter_card":"summary_large_image","twitter_misc":{"\u00c9crit par":"admin","Dur\u00e9e de lecture estim\u00e9e":"2 minutes"},"schema":{"@context":"https:\/\/schema.org","@graph":[{"@type":"Article","@id":"https:\/\/lasentinelle.dz\/index.php\/2025\/09\/10\/profanation-de-plusieurs-mosquees-en-region-parisienne-montee-inquietante-de-lislamophobie-en-france\/#article","isPartOf":{"@id":"https:\/\/lasentinelle.dz\/index.php\/2025\/09\/10\/profanation-de-plusieurs-mosquees-en-region-parisienne-montee-inquietante-de-lislamophobie-en-france\/"},"author":{"name":"admin","@id":"https:\/\/lasentinelle.dz\/#\/schema\/person\/729ee0024f24e0b8c5ec17232f8e8b41"},"headline":"Profanation de plusieurs mosqu\u00e9es en r\u00e9gion parisienne\u00a0: Mont\u00e9e inqui\u00e9tante de l\u2019islamophobie en France","datePublished":"2025-09-10T11:47:48+00:00","dateModified":"2025-09-10T11:47:49+00:00","mainEntityOfPage":{"@id":"https:\/\/lasentinelle.dz\/index.php\/2025\/09\/10\/profanation-de-plusieurs-mosquees-en-region-parisienne-montee-inquietante-de-lislamophobie-en-france\/"},"wordCount":375,"commentCount":0,"publisher":{"@id":"https:\/\/lasentinelle.dz\/#organization"},"image":{"@id":"https:\/\/lasentinelle.dz\/index.php\/2025\/09\/10\/profanation-de-plusieurs-mosquees-en-region-parisienne-montee-inquietante-de-lislamophobie-en-france\/#primaryimage"},"thumbnailUrl":"https:\/\/lasentinelle.dz\/wp-content\/uploads\/2025\/09\/islamophobie.jpeg","articleSection":["\u00c0 la Une","Actualit\u00e9"],"inLanguage":"fr-FR","potentialAction":[{"@type":"CommentAction","name":"Comment","target":["https:\/\/lasentinelle.dz\/index.php\/2025\/09\/10\/profanation-de-plusieurs-mosquees-en-region-parisienne-montee-inquietante-de-lislamophobie-en-france\/#respond"]}]},{"@type":"WebPage","@id":"https:\/\/lasentinelle.dz\/index.php\/2025\/09\/10\/profanation-de-plusieurs-mosquees-en-region-parisienne-montee-inquietante-de-lislamophobie-en-france\/","url":"https:\/\/lasentinelle.dz\/index.php\/2025\/09\/10\/profanation-de-plusieurs-mosquees-en-region-parisienne-montee-inquietante-de-lislamophobie-en-france\/","name":"Profanation de plusieurs mosqu\u00e9es en r\u00e9gion parisienne\u00a0: Mont\u00e9e inqui\u00e9tante de l\u2019islamophobie en France - La Sentinelle","isPartOf":{"@id":"https:\/\/lasentinelle.dz\/#website"},"primaryImageOfPage":{"@id":"https:\/\/lasentinelle.dz\/index.php\/2025\/09\/10\/profanation-de-plusieurs-mosquees-en-region-parisienne-montee-inquietante-de-lislamophobie-en-france\/#primaryimage"},"image":{"@id":"https:\/\/lasentinelle.dz\/index.php\/2025\/09\/10\/profanation-de-plusieurs-mosquees-en-region-parisienne-montee-inquietante-de-lislamophobie-en-france\/#primaryimage"},"thumbnailUrl":"https:\/\/lasentinelle.dz\/wp-content\/uploads\/2025\/09\/islamophobie.jpeg","datePublished":"2025-09-10T11:47:48+00:00","dateModified":"2025-09-10T11:47:49+00:00","breadcrumb":{"@id":"https:\/\/lasentinelle.dz\/index.php\/2025\/09\/10\/profanation-de-plusieurs-mosquees-en-region-parisienne-montee-inquietante-de-lislamophobie-en-france\/#breadcrumb"},"inLanguage":"fr-FR","potentialAction":[{"@type":"ReadAction","target":["https:\/\/lasentinelle.dz\/index.php\/2025\/09\/10\/profanation-de-plusieurs-mosquees-en-region-parisienne-montee-inquietante-de-lislamophobie-en-france\/"]}]},{"@type":"ImageObject","inLanguage":"fr-FR","@id":"https:\/\/lasentinelle.dz\/index.php\/2025\/09\/10\/profanation-de-plusieurs-mosquees-en-region-parisienne-montee-inquietante-de-lislamophobie-en-france\/#primaryimage","url":"https:\/\/lasentinelle.dz\/wp-content\/uploads\/2025\/09\/islamophobie.jpeg","contentUrl":"https:\/\/lasentinelle.dz\/wp-content\/uploads\/2025\/09\/islamophobie.jpeg","width":512,"height":341},{"@type":"BreadcrumbList","@id":"https:\/\/lasentinelle.dz\/index.php\/2025\/09\/10\/profanation-de-plusieurs-mosquees-en-region-parisienne-montee-inquietante-de-lislamophobie-en-france\/#breadcrumb","itemListElement":[{"@type":"ListItem","position":1,"name":"Accueil","item":"https:\/\/lasentinelle.dz\/"},{"@type":"ListItem","position":2,"name":"Profanation de plusieurs mosqu\u00e9es en r\u00e9gion parisienne\u00a0: Mont\u00e9e inqui\u00e9tante de l\u2019islamophobie en France"}]},{"@type":"WebSite","@id":"https:\/\/lasentinelle.dz\/#website","url":"https:\/\/lasentinelle.dz\/","name":"La Sentinelle","description":"Quotidien national d&#039;information","publisher":{"@id":"https:\/\/lasentinelle.dz\/#organization"},"potentialAction":[{"@type":"SearchAction","target":{"@type":"EntryPoint","urlTemplate":"https:\/\/lasentinelle.dz\/?s={search_term_string}"},"query-input":{"@type":"PropertyValueSpecification","valueRequired":true,"valueName":"search_term_string"}}],"inLanguage":"fr-FR"},{"@type":"Organization","@id":"https:\/\/lasentinelle.dz\/#organization","name":"Quotidien La Sentinelle","url":"https:\/\/lasentinelle.dz\/","logo":{"@type":"ImageObject","inLanguage":"fr-FR","@id":"https:\/\/lasentinelle.dz\/#\/schema\/logo\/image\/","url":"https:\/\/lasentinelle.dz\/wp-content\/uploads\/2021\/09\/logo-sentinelleSLOGAN-1.png","contentUrl":"https:\/\/lasentinelle.dz\/wp-content\/uploads\/2021\/09\/logo-sentinelleSLOGAN-1.png","width":615,"height":142,"caption":"Quotidien La Sentinelle"},"image":{"@id":"https:\/\/lasentinelle.dz\/#\/schema\/logo\/image\/"},"sameAs":["https:\/\/www.facebook.com\/La-Sentinelle-104059864394773"]},{"@type":"Person","@id":"https:\/\/lasentinelle.dz\/#\/schema\/person\/729ee0024f24e0b8c5ec17232f8e8b41","name":"admin","image":{"@type":"ImageObject","inLanguage":"fr-FR","@id":"https:\/\/secure.gravatar.com\/avatar\/4c81fed838786e9b53f540bf46533e750f5d292099ae3b66cfc6fb1982e29df7?s=96&d=mm&r=g","url":"https:\/\/secure.gravatar.com\/avatar\/4c81fed838786e9b53f540bf46533e750f5d292099ae3b66cfc6fb1982e29df7?s=96&d=mm&r=g","contentUrl":"https:\/\/secure.gravatar.com\/avatar\/4c81fed838786e9b53f540bf46533e750f5d292099ae3b66cfc6fb1982e29df7?s=96&d=mm&r=g","caption":"admin"},"description":"admin","url":"https:\/\/lasentinelle.dz\/author\/admin\/"}]}},"_links":{"self":[{"href":"https:\/\/lasentinelle.dz\/index.php\/wp-json\/wp\/v2\/posts\/73129","targetHints":{"allow":["GET"]}}],"collection":[{"href":"https:\/\/lasentinelle.dz\/index.php\/wp-json\/wp\/v2\/posts"}],"about":[{"href":"https:\/\/lasentinelle.dz\/index.php\/wp-json\/wp\/v2\/types\/post"}],"author":[{"embeddable":true,"href":"https:\/\/lasentinelle.dz\/index.php\/wp-json\/wp\/v2\/users\/6"}],"replies":[{"embeddable":true,"href":"https:\/\/lasentinelle.dz\/index.php\/wp-json\/wp\/v2\/comments?post=73129"}],"version-history":[{"count":1,"href":"https:\/\/lasentinelle.dz\/index.php\/wp-json\/wp\/v2\/posts\/73129\/revisions"}],"predecessor-version":[{"id":73131,"href":"https:\/\/lasentinelle.dz\/index.php\/wp-json\/wp\/v2\/posts\/73129\/revisions\/73131"}],"wp:featuredmedia":[{"embeddable":true,"href":"https:\/\/lasentinelle.dz\/index.php\/wp-json\/wp\/v2\/media\/73130"}],"wp:attachment":[{"href":"https:\/\/lasentinelle.dz\/index.php\/wp-json\/wp\/v2\/media?parent=73129"}],"wp:term":[{"taxonomy":"category","embeddable":true,"href":"https:\/\/lasentinelle.dz\/index.php\/wp-json\/wp\/v2\/categories?post=73129"},{"taxonomy":"post_tag","embeddable":true,"href":"https:\/\/lasentinelle.dz\/index.php\/wp-json\/wp\/v2\/tags?post=73129"}],"curies":[{"name":"wp","href":"https:\/\/api.w.org\/{rel}","templated":true}]}}