{"id":73134,"date":"2025-09-10T12:54:17","date_gmt":"2025-09-10T11:54:17","guid":{"rendered":"https:\/\/lasentinelle.dz\/?p=73134"},"modified":"2025-09-10T12:54:18","modified_gmt":"2025-09-10T11:54:18","slug":"france-une-crise-institutionnelle-majeure","status":"publish","type":"post","link":"https:\/\/lasentinelle.dz\/index.php\/2025\/09\/10\/france-une-crise-institutionnelle-majeure\/","title":{"rendered":"France\u00a0: Une crise institutionnelle majeure"},"content":{"rendered":"\n<p>La France traverse une crise politique sans pr\u00e9c\u00e9dent apr\u00e8s la d\u00e9mission du Premier ministre Fran\u00e7ois Bayrou, renvers\u00e9 par l&rsquo;Assembl\u00e9e nationale lors d&rsquo;un vote de confiance massivement rejet\u00e9. Cette chute gouvernementale, survenue apr\u00e8s seulement quelques mois d&rsquo;exercice, plonge le pays dans une instabilit\u00e9 institutionnelle profonde qui se conjugue d\u00e9sormais avec une mobilisation sociale d&rsquo;ampleur pr\u00e9vue pour ce mardi 10 septembre. Cette d\u00e9faite parlementaire intervient apr\u00e8s la pr\u00e9sentation de mesures d&rsquo;aust\u00e9rit\u00e9 tr\u00e8s impopulaires visant \u00e0 r\u00e9duire le d\u00e9ficit public fran\u00e7ais, dans un contexte d&rsquo;endettement croissant du pays. Conform\u00e9ment aux usages r\u00e9publicains, Fran\u00e7ois Bayrou a officiellement remis sa d\u00e9mission \u00e0 Emmanuel Macron ce mardi en d\u00e9but d&rsquo;apr\u00e8s-midi et exp\u00e9diera les affaires courantes jusqu&rsquo;\u00e0 la nomination d&rsquo;un nouveau gouvernement. Cette crise gouvernementale s&rsquo;accompagne d&rsquo;une mobilisation citoyenne majeure organis\u00e9e par le mouvement \u00ab\u00a0Bloquons tout\u00a0\u00bb, qui appelle \u00e0 des actions de blocage dans tout l&rsquo;Hexagone. Les autorit\u00e9s se pr\u00e9parent \u00e0 des perturbations massives, particuli\u00e8rement dans les transports franciliens o\u00f9 la SNCF a annonc\u00e9 que le r\u00e9seau ferroviaire. Au-del\u00e0 des transports, cette journ\u00e9e de mobilisation vise des points n\u00e9vralgiques de l&rsquo;\u00e9conomie fran\u00e7aise. Le p\u00e9riph\u00e9rique parisien, les d\u00e9p\u00f4ts de carburants, les plateformes logistiques et les principales gares pourraient faire l&rsquo;objet d&rsquo;actions de blocage. Des occupations symboliques de b\u00e2timents publics et la mise en place de p\u00e9ages gratuits sont \u00e9galement envisag\u00e9es par les manifestants. Les services de renseignement recensent pr\u00e8s d&rsquo;une centaine d&rsquo;actions pr\u00e9vues en r\u00e9gion parisienne et plus de six cents sur l&rsquo;ensemble du territoire national. L&rsquo;incertitude plane sur l&rsquo;ampleur r\u00e9elle de cette mobilisation. Les services de renseignement anticipent environ 100 000 participants, mais soulignent le caract\u00e8re particuli\u00e8rement impr\u00e9visible d&rsquo;un mouvement sans organisation centrale ni interlocuteurs clairement identifi\u00e9s, ce qui complique l&rsquo;\u00e9valuation des risques et la pr\u00e9paration des forces de s\u00e9curit\u00e9.<\/p>\n\n\n\n<p>Cette crise politique s&rsquo;aggrave avec le d\u00e9p\u00f4t par La France insoumise d&rsquo;une motion de destitution contre le pr\u00e9sident fran\u00e7ais Emmanuel Macron. Le texte, pr\u00e9sent\u00e9 par Mathilde Panot et cosign\u00e9 par 85 d\u00e9put\u00e9s insoumis, invoque l&rsquo;article 68 de la Constitution et appelle \u00e0 r\u00e9unir le Parlement en Haute Cour pour prononcer la destitution du chef de l&rsquo;\u00c9tat pour \u00ab\u00a0manquement manifestement incompatible avec l&rsquo;exercice de son mandat\u00a0\u00bb. Les \u00e9lus d&rsquo;extr\u00eame gauche accusent Emmanuel Macron d&rsquo;avoir plong\u00e9 la France dans une \u00ab\u00a0crise sociale, \u00e9conomique, \u00e9cologique et institutionnelle sans pr\u00e9c\u00e9dent\u00a0\u00bb, d\u00e9non\u00e7ant notamment la mont\u00e9e de la pauvret\u00e9, la d\u00e9sindustrialisation et l&rsquo;aggravation de la dette publique. Ils reprochent particuli\u00e8rement au pr\u00e9sident d&rsquo;avoir refus\u00e9 de nommer un Premier ministre issu du Nouveau Front populaire, arriv\u00e9 en t\u00eate des \u00e9lections l\u00e9gislatives de 2024, et d&rsquo;avoir maintenu au pouvoir un ex\u00e9cutif minoritaire.<\/p>\n\n\n\n<p>Lyes S.<\/p>\n","protected":false},"excerpt":{"rendered":"<p>La France traverse une crise politique sans pr\u00e9c\u00e9dent apr\u00e8s la d\u00e9mission du Premier ministre Fran\u00e7ois Bayrou, renvers\u00e9 par l&rsquo;Assembl\u00e9e nationale<\/p>\n","protected":false},"author":6,"featured_media":73135,"comment_status":"open","ping_status":"closed","sticky":false,"template":"","format":"standard","meta":{"colormag_page_container_layout":"default_layout","colormag_page_sidebar_layout":"default_layout","om_disable_all_campaigns":false,"_monsterinsights_skip_tracking":false,"_monsterinsights_sitenote_active":false,"_monsterinsights_sitenote_note":"","_monsterinsights_sitenote_category":0,"footnotes":"","_wpscppro_dont_share_socialmedia":false,"_wpscppro_custom_social_share_image":0,"_facebook_share_type":"default","_twitter_share_type":"default","_linkedin_share_type":"default","_pinterest_share_type":"default","_linkedin_share_type_page":"","_instagram_share_type":"default","_medium_share_type":"default","_threads_share_type":"default","_google_business_share_type":"default","_selected_social_profile":[],"_wpsp_enable_custom_social_template":false,"_wpsp_social_scheduling":{"enabled":false,"datetime":null,"platforms":[],"status":"template_only","dateOption":"today","timeOption":"now","customDays":"","customHours":"","customDate":"","customTime":"","schedulingType":"absolute"},"_wpsp_active_default_template":true},"categories":[37],"tags":[],"class_list":["post-73134","post","type-post","status-publish","format-standard","has-post-thumbnail","hentry","category-monde"],"aioseo_notices":[],"yoast_head":"<!-- This site is optimized with the Yoast SEO plugin v27.5 - https:\/\/yoast.com\/product\/yoast-seo-wordpress\/ -->\n<title>France\u00a0: Une crise institutionnelle majeure - La Sentinelle<\/title>\n<meta name=\"robots\" content=\"index, follow, max-snippet:-1, max-image-preview:large, max-video-preview:-1\" \/>\n<link rel=\"canonical\" href=\"https:\/\/lasentinelle.dz\/index.php\/2025\/09\/10\/france-une-crise-institutionnelle-majeure\/\" \/>\n<meta property=\"og:locale\" content=\"fr_FR\" \/>\n<meta property=\"og:type\" content=\"article\" \/>\n<meta property=\"og:title\" content=\"France\u00a0: Une crise institutionnelle majeure - La Sentinelle\" \/>\n<meta property=\"og:description\" content=\"La France traverse une crise politique sans pr\u00e9c\u00e9dent apr\u00e8s la d\u00e9mission du Premier ministre Fran\u00e7ois Bayrou, renvers\u00e9 par l&rsquo;Assembl\u00e9e nationale\" \/>\n<meta property=\"og:url\" content=\"https:\/\/lasentinelle.dz\/index.php\/2025\/09\/10\/france-une-crise-institutionnelle-majeure\/\" \/>\n<meta property=\"og:site_name\" content=\"La Sentinelle\" \/>\n<meta property=\"article:publisher\" content=\"https:\/\/www.facebook.com\/La-Sentinelle-104059864394773\" \/>\n<meta property=\"article:published_time\" content=\"2025-09-10T11:54:17+00:00\" \/>\n<meta property=\"article:modified_time\" content=\"2025-09-10T11:54:18+00:00\" \/>\n<meta property=\"og:image\" content=\"https:\/\/lasentinelle.dz\/wp-content\/uploads\/2025\/09\/fran-ce-crise.jpg\" \/>\n\t<meta property=\"og:image:width\" content=\"1200\" \/>\n\t<meta property=\"og:image:height\" content=\"707\" \/>\n\t<meta property=\"og:image:type\" content=\"image\/jpeg\" \/>\n<meta name=\"author\" content=\"admin\" \/>\n<meta name=\"twitter:card\" content=\"summary_large_image\" \/>\n<meta name=\"twitter:label1\" content=\"\u00c9crit par\" \/>\n\t<meta name=\"twitter:data1\" content=\"admin\" \/>\n\t<meta name=\"twitter:label2\" content=\"Dur\u00e9e de lecture estim\u00e9e\" \/>\n\t<meta name=\"twitter:data2\" content=\"3 minutes\" \/>\n<script type=\"application\/ld+json\" class=\"yoast-schema-graph\">{\"@context\":\"https:\\\/\\\/schema.org\",\"@graph\":[{\"@type\":\"Article\",\"@id\":\"https:\\\/\\\/lasentinelle.dz\\\/index.php\\\/2025\\\/09\\\/10\\\/france-une-crise-institutionnelle-majeure\\\/#article\",\"isPartOf\":{\"@id\":\"https:\\\/\\\/lasentinelle.dz\\\/index.php\\\/2025\\\/09\\\/10\\\/france-une-crise-institutionnelle-majeure\\\/\"},\"author\":{\"name\":\"admin\",\"@id\":\"https:\\\/\\\/lasentinelle.dz\\\/#\\\/schema\\\/person\\\/729ee0024f24e0b8c5ec17232f8e8b41\"},\"headline\":\"France\u00a0: Une crise institutionnelle majeure\",\"datePublished\":\"2025-09-10T11:54:17+00:00\",\"dateModified\":\"2025-09-10T11:54:18+00:00\",\"mainEntityOfPage\":{\"@id\":\"https:\\\/\\\/lasentinelle.dz\\\/index.php\\\/2025\\\/09\\\/10\\\/france-une-crise-institutionnelle-majeure\\\/\"},\"wordCount\":513,\"commentCount\":0,\"publisher\":{\"@id\":\"https:\\\/\\\/lasentinelle.dz\\\/#organization\"},\"image\":{\"@id\":\"https:\\\/\\\/lasentinelle.dz\\\/index.php\\\/2025\\\/09\\\/10\\\/france-une-crise-institutionnelle-majeure\\\/#primaryimage\"},\"thumbnailUrl\":\"https:\\\/\\\/lasentinelle.dz\\\/wp-content\\\/uploads\\\/2025\\\/09\\\/fran-ce-crise.jpg\",\"articleSection\":[\"Monde\"],\"inLanguage\":\"fr-FR\",\"potentialAction\":[{\"@type\":\"CommentAction\",\"name\":\"Comment\",\"target\":[\"https:\\\/\\\/lasentinelle.dz\\\/index.php\\\/2025\\\/09\\\/10\\\/france-une-crise-institutionnelle-majeure\\\/#respond\"]}]},{\"@type\":\"WebPage\",\"@id\":\"https:\\\/\\\/lasentinelle.dz\\\/index.php\\\/2025\\\/09\\\/10\\\/france-une-crise-institutionnelle-majeure\\\/\",\"url\":\"https:\\\/\\\/lasentinelle.dz\\\/index.php\\\/2025\\\/09\\\/10\\\/france-une-crise-institutionnelle-majeure\\\/\",\"name\":\"France\u00a0: Une crise institutionnelle majeure - La Sentinelle\",\"isPartOf\":{\"@id\":\"https:\\\/\\\/lasentinelle.dz\\\/#website\"},\"primaryImageOfPage\":{\"@id\":\"https:\\\/\\\/lasentinelle.dz\\\/index.php\\\/2025\\\/09\\\/10\\\/france-une-crise-institutionnelle-majeure\\\/#primaryimage\"},\"image\":{\"@id\":\"https:\\\/\\\/lasentinelle.dz\\\/index.php\\\/2025\\\/09\\\/10\\\/france-une-crise-institutionnelle-majeure\\\/#primaryimage\"},\"thumbnailUrl\":\"https:\\\/\\\/lasentinelle.dz\\\/wp-content\\\/uploads\\\/2025\\\/09\\\/fran-ce-crise.jpg\",\"datePublished\":\"2025-09-10T11:54:17+00:00\",\"dateModified\":\"2025-09-10T11:54:18+00:00\",\"breadcrumb\":{\"@id\":\"https:\\\/\\\/lasentinelle.dz\\\/index.php\\\/2025\\\/09\\\/10\\\/france-une-crise-institutionnelle-majeure\\\/#breadcrumb\"},\"inLanguage\":\"fr-FR\",\"potentialAction\":[{\"@type\":\"ReadAction\",\"target\":[\"https:\\\/\\\/lasentinelle.dz\\\/index.php\\\/2025\\\/09\\\/10\\\/france-une-crise-institutionnelle-majeure\\\/\"]}]},{\"@type\":\"ImageObject\",\"inLanguage\":\"fr-FR\",\"@id\":\"https:\\\/\\\/lasentinelle.dz\\\/index.php\\\/2025\\\/09\\\/10\\\/france-une-crise-institutionnelle-majeure\\\/#primaryimage\",\"url\":\"https:\\\/\\\/lasentinelle.dz\\\/wp-content\\\/uploads\\\/2025\\\/09\\\/fran-ce-crise.jpg\",\"contentUrl\":\"https:\\\/\\\/lasentinelle.dz\\\/wp-content\\\/uploads\\\/2025\\\/09\\\/fran-ce-crise.jpg\",\"width\":1200,\"height\":707,\"caption\":\"Bordeaux 05 Septembre 2025 . Sud Ouest Queyries. Photo Illustration Mouvement Appel \u00e0 la Journ\u00e9e du 10 Septembre: indignons nous.fr Bloquons Tout\"},{\"@type\":\"BreadcrumbList\",\"@id\":\"https:\\\/\\\/lasentinelle.dz\\\/index.php\\\/2025\\\/09\\\/10\\\/france-une-crise-institutionnelle-majeure\\\/#breadcrumb\",\"itemListElement\":[{\"@type\":\"ListItem\",\"position\":1,\"name\":\"Accueil\",\"item\":\"https:\\\/\\\/lasentinelle.dz\\\/\"},{\"@type\":\"ListItem\",\"position\":2,\"name\":\"France\u00a0: Une crise institutionnelle majeure\"}]},{\"@type\":\"WebSite\",\"@id\":\"https:\\\/\\\/lasentinelle.dz\\\/#website\",\"url\":\"https:\\\/\\\/lasentinelle.dz\\\/\",\"name\":\"La Sentinelle\",\"description\":\"Quotidien national d&#039;information\",\"publisher\":{\"@id\":\"https:\\\/\\\/lasentinelle.dz\\\/#organization\"},\"potentialAction\":[{\"@type\":\"SearchAction\",\"target\":{\"@type\":\"EntryPoint\",\"urlTemplate\":\"https:\\\/\\\/lasentinelle.dz\\\/?s={search_term_string}\"},\"query-input\":{\"@type\":\"PropertyValueSpecification\",\"valueRequired\":true,\"valueName\":\"search_term_string\"}}],\"inLanguage\":\"fr-FR\"},{\"@type\":\"Organization\",\"@id\":\"https:\\\/\\\/lasentinelle.dz\\\/#organization\",\"name\":\"Quotidien La Sentinelle\",\"url\":\"https:\\\/\\\/lasentinelle.dz\\\/\",\"logo\":{\"@type\":\"ImageObject\",\"inLanguage\":\"fr-FR\",\"@id\":\"https:\\\/\\\/lasentinelle.dz\\\/#\\\/schema\\\/logo\\\/image\\\/\",\"url\":\"https:\\\/\\\/lasentinelle.dz\\\/wp-content\\\/uploads\\\/2021\\\/09\\\/logo-sentinelleSLOGAN-1.png\",\"contentUrl\":\"https:\\\/\\\/lasentinelle.dz\\\/wp-content\\\/uploads\\\/2021\\\/09\\\/logo-sentinelleSLOGAN-1.png\",\"width\":615,\"height\":142,\"caption\":\"Quotidien La Sentinelle\"},\"image\":{\"@id\":\"https:\\\/\\\/lasentinelle.dz\\\/#\\\/schema\\\/logo\\\/image\\\/\"},\"sameAs\":[\"https:\\\/\\\/www.facebook.com\\\/La-Sentinelle-104059864394773\"]},{\"@type\":\"Person\",\"@id\":\"https:\\\/\\\/lasentinelle.dz\\\/#\\\/schema\\\/person\\\/729ee0024f24e0b8c5ec17232f8e8b41\",\"name\":\"admin\",\"image\":{\"@type\":\"ImageObject\",\"inLanguage\":\"fr-FR\",\"@id\":\"https:\\\/\\\/secure.gravatar.com\\\/avatar\\\/4c81fed838786e9b53f540bf46533e750f5d292099ae3b66cfc6fb1982e29df7?s=96&d=mm&r=g\",\"url\":\"https:\\\/\\\/secure.gravatar.com\\\/avatar\\\/4c81fed838786e9b53f540bf46533e750f5d292099ae3b66cfc6fb1982e29df7?s=96&d=mm&r=g\",\"contentUrl\":\"https:\\\/\\\/secure.gravatar.com\\\/avatar\\\/4c81fed838786e9b53f540bf46533e750f5d292099ae3b66cfc6fb1982e29df7?s=96&d=mm&r=g\",\"caption\":\"admin\"},\"description\":\"admin\",\"url\":\"https:\\\/\\\/lasentinelle.dz\\\/author\\\/admin\\\/\"}]}<\/script>\n<!-- \/ Yoast SEO plugin. -->","yoast_head_json":{"title":"France\u00a0: Une crise institutionnelle majeure - La Sentinelle","robots":{"index":"index","follow":"follow","max-snippet":"max-snippet:-1","max-image-preview":"max-image-preview:large","max-video-preview":"max-video-preview:-1"},"canonical":"https:\/\/lasentinelle.dz\/index.php\/2025\/09\/10\/france-une-crise-institutionnelle-majeure\/","og_locale":"fr_FR","og_type":"article","og_title":"France\u00a0: Une crise institutionnelle majeure - La Sentinelle","og_description":"La France traverse une crise politique sans pr\u00e9c\u00e9dent apr\u00e8s la d\u00e9mission du Premier ministre Fran\u00e7ois Bayrou, renvers\u00e9 par l&rsquo;Assembl\u00e9e nationale","og_url":"https:\/\/lasentinelle.dz\/index.php\/2025\/09\/10\/france-une-crise-institutionnelle-majeure\/","og_site_name":"La Sentinelle","article_publisher":"https:\/\/www.facebook.com\/La-Sentinelle-104059864394773","article_published_time":"2025-09-10T11:54:17+00:00","article_modified_time":"2025-09-10T11:54:18+00:00","og_image":[{"width":1200,"height":707,"url":"https:\/\/lasentinelle.dz\/wp-content\/uploads\/2025\/09\/fran-ce-crise.jpg","type":"image\/jpeg"}],"author":"admin","twitter_card":"summary_large_image","twitter_misc":{"\u00c9crit par":"admin","Dur\u00e9e de lecture estim\u00e9e":"3 minutes"},"schema":{"@context":"https:\/\/schema.org","@graph":[{"@type":"Article","@id":"https:\/\/lasentinelle.dz\/index.php\/2025\/09\/10\/france-une-crise-institutionnelle-majeure\/#article","isPartOf":{"@id":"https:\/\/lasentinelle.dz\/index.php\/2025\/09\/10\/france-une-crise-institutionnelle-majeure\/"},"author":{"name":"admin","@id":"https:\/\/lasentinelle.dz\/#\/schema\/person\/729ee0024f24e0b8c5ec17232f8e8b41"},"headline":"France\u00a0: Une crise institutionnelle majeure","datePublished":"2025-09-10T11:54:17+00:00","dateModified":"2025-09-10T11:54:18+00:00","mainEntityOfPage":{"@id":"https:\/\/lasentinelle.dz\/index.php\/2025\/09\/10\/france-une-crise-institutionnelle-majeure\/"},"wordCount":513,"commentCount":0,"publisher":{"@id":"https:\/\/lasentinelle.dz\/#organization"},"image":{"@id":"https:\/\/lasentinelle.dz\/index.php\/2025\/09\/10\/france-une-crise-institutionnelle-majeure\/#primaryimage"},"thumbnailUrl":"https:\/\/lasentinelle.dz\/wp-content\/uploads\/2025\/09\/fran-ce-crise.jpg","articleSection":["Monde"],"inLanguage":"fr-FR","potentialAction":[{"@type":"CommentAction","name":"Comment","target":["https:\/\/lasentinelle.dz\/index.php\/2025\/09\/10\/france-une-crise-institutionnelle-majeure\/#respond"]}]},{"@type":"WebPage","@id":"https:\/\/lasentinelle.dz\/index.php\/2025\/09\/10\/france-une-crise-institutionnelle-majeure\/","url":"https:\/\/lasentinelle.dz\/index.php\/2025\/09\/10\/france-une-crise-institutionnelle-majeure\/","name":"France\u00a0: Une crise institutionnelle majeure - La Sentinelle","isPartOf":{"@id":"https:\/\/lasentinelle.dz\/#website"},"primaryImageOfPage":{"@id":"https:\/\/lasentinelle.dz\/index.php\/2025\/09\/10\/france-une-crise-institutionnelle-majeure\/#primaryimage"},"image":{"@id":"https:\/\/lasentinelle.dz\/index.php\/2025\/09\/10\/france-une-crise-institutionnelle-majeure\/#primaryimage"},"thumbnailUrl":"https:\/\/lasentinelle.dz\/wp-content\/uploads\/2025\/09\/fran-ce-crise.jpg","datePublished":"2025-09-10T11:54:17+00:00","dateModified":"2025-09-10T11:54:18+00:00","breadcrumb":{"@id":"https:\/\/lasentinelle.dz\/index.php\/2025\/09\/10\/france-une-crise-institutionnelle-majeure\/#breadcrumb"},"inLanguage":"fr-FR","potentialAction":[{"@type":"ReadAction","target":["https:\/\/lasentinelle.dz\/index.php\/2025\/09\/10\/france-une-crise-institutionnelle-majeure\/"]}]},{"@type":"ImageObject","inLanguage":"fr-FR","@id":"https:\/\/lasentinelle.dz\/index.php\/2025\/09\/10\/france-une-crise-institutionnelle-majeure\/#primaryimage","url":"https:\/\/lasentinelle.dz\/wp-content\/uploads\/2025\/09\/fran-ce-crise.jpg","contentUrl":"https:\/\/lasentinelle.dz\/wp-content\/uploads\/2025\/09\/fran-ce-crise.jpg","width":1200,"height":707,"caption":"Bordeaux 05 Septembre 2025 . Sud Ouest Queyries. Photo Illustration Mouvement Appel \u00e0 la Journ\u00e9e du 10 Septembre: indignons nous.fr Bloquons Tout"},{"@type":"BreadcrumbList","@id":"https:\/\/lasentinelle.dz\/index.php\/2025\/09\/10\/france-une-crise-institutionnelle-majeure\/#breadcrumb","itemListElement":[{"@type":"ListItem","position":1,"name":"Accueil","item":"https:\/\/lasentinelle.dz\/"},{"@type":"ListItem","position":2,"name":"France\u00a0: Une crise institutionnelle majeure"}]},{"@type":"WebSite","@id":"https:\/\/lasentinelle.dz\/#website","url":"https:\/\/lasentinelle.dz\/","name":"La Sentinelle","description":"Quotidien national d&#039;information","publisher":{"@id":"https:\/\/lasentinelle.dz\/#organization"},"potentialAction":[{"@type":"SearchAction","target":{"@type":"EntryPoint","urlTemplate":"https:\/\/lasentinelle.dz\/?s={search_term_string}"},"query-input":{"@type":"PropertyValueSpecification","valueRequired":true,"valueName":"search_term_string"}}],"inLanguage":"fr-FR"},{"@type":"Organization","@id":"https:\/\/lasentinelle.dz\/#organization","name":"Quotidien La Sentinelle","url":"https:\/\/lasentinelle.dz\/","logo":{"@type":"ImageObject","inLanguage":"fr-FR","@id":"https:\/\/lasentinelle.dz\/#\/schema\/logo\/image\/","url":"https:\/\/lasentinelle.dz\/wp-content\/uploads\/2021\/09\/logo-sentinelleSLOGAN-1.png","contentUrl":"https:\/\/lasentinelle.dz\/wp-content\/uploads\/2021\/09\/logo-sentinelleSLOGAN-1.png","width":615,"height":142,"caption":"Quotidien La Sentinelle"},"image":{"@id":"https:\/\/lasentinelle.dz\/#\/schema\/logo\/image\/"},"sameAs":["https:\/\/www.facebook.com\/La-Sentinelle-104059864394773"]},{"@type":"Person","@id":"https:\/\/lasentinelle.dz\/#\/schema\/person\/729ee0024f24e0b8c5ec17232f8e8b41","name":"admin","image":{"@type":"ImageObject","inLanguage":"fr-FR","@id":"https:\/\/secure.gravatar.com\/avatar\/4c81fed838786e9b53f540bf46533e750f5d292099ae3b66cfc6fb1982e29df7?s=96&d=mm&r=g","url":"https:\/\/secure.gravatar.com\/avatar\/4c81fed838786e9b53f540bf46533e750f5d292099ae3b66cfc6fb1982e29df7?s=96&d=mm&r=g","contentUrl":"https:\/\/secure.gravatar.com\/avatar\/4c81fed838786e9b53f540bf46533e750f5d292099ae3b66cfc6fb1982e29df7?s=96&d=mm&r=g","caption":"admin"},"description":"admin","url":"https:\/\/lasentinelle.dz\/author\/admin\/"}]}},"_links":{"self":[{"href":"https:\/\/lasentinelle.dz\/index.php\/wp-json\/wp\/v2\/posts\/73134","targetHints":{"allow":["GET"]}}],"collection":[{"href":"https:\/\/lasentinelle.dz\/index.php\/wp-json\/wp\/v2\/posts"}],"about":[{"href":"https:\/\/lasentinelle.dz\/index.php\/wp-json\/wp\/v2\/types\/post"}],"author":[{"embeddable":true,"href":"https:\/\/lasentinelle.dz\/index.php\/wp-json\/wp\/v2\/users\/6"}],"replies":[{"embeddable":true,"href":"https:\/\/lasentinelle.dz\/index.php\/wp-json\/wp\/v2\/comments?post=73134"}],"version-history":[{"count":1,"href":"https:\/\/lasentinelle.dz\/index.php\/wp-json\/wp\/v2\/posts\/73134\/revisions"}],"predecessor-version":[{"id":73136,"href":"https:\/\/lasentinelle.dz\/index.php\/wp-json\/wp\/v2\/posts\/73134\/revisions\/73136"}],"wp:featuredmedia":[{"embeddable":true,"href":"https:\/\/lasentinelle.dz\/index.php\/wp-json\/wp\/v2\/media\/73135"}],"wp:attachment":[{"href":"https:\/\/lasentinelle.dz\/index.php\/wp-json\/wp\/v2\/media?parent=73134"}],"wp:term":[{"taxonomy":"category","embeddable":true,"href":"https:\/\/lasentinelle.dz\/index.php\/wp-json\/wp\/v2\/categories?post=73134"},{"taxonomy":"post_tag","embeddable":true,"href":"https:\/\/lasentinelle.dz\/index.php\/wp-json\/wp\/v2\/tags?post=73134"}],"curies":[{"name":"wp","href":"https:\/\/api.w.org\/{rel}","templated":true}]}}