{"id":73140,"date":"2025-09-10T12:56:25","date_gmt":"2025-09-10T11:56:25","guid":{"rendered":"https:\/\/lasentinelle.dz\/?p=73140"},"modified":"2025-09-10T12:56:26","modified_gmt":"2025-09-10T11:56:26","slug":"lentite-sioniste-frappe-le-qatar-une-menace-pour-la-stabilite-du-moyen-orient","status":"publish","type":"post","link":"https:\/\/lasentinelle.dz\/index.php\/2025\/09\/10\/lentite-sioniste-frappe-le-qatar-une-menace-pour-la-stabilite-du-moyen-orient\/","title":{"rendered":"L&rsquo;entit\u00e9 sioniste frappe le Qatar\u00a0: Une menace pour la stabilit\u00e9 du Moyen-Orient"},"content":{"rendered":"\n<p>Dans une escalade sans pr\u00e9c\u00e9dent qui confirme les craintes les plus vives concernant les ambitions expansionnistes de l&rsquo;entit\u00e9 sioniste, celle-ci a franchi mardi un nouveau palier dans sa strat\u00e9gie de d\u00e9stabilisation r\u00e9gionale en frappant directement le territoire qatari.<\/p>\n\n\n\n<p>Des explosions ont retenti dans la capitale Doha, visant une d\u00e9l\u00e9gation des m\u00e9diateurs du mouvement de r\u00e9sistance palestinien Hamas qui participe aux n\u00e9gociations pour un cessez-le-feu \u00e0 Ghaza, marquant ainsi une violation flagrante de la souverainet\u00e9 d&rsquo;un \u00c9tat souverain du Golfe. Cette agression contre le Qatar illustre parfaitement comment l&rsquo;impunit\u00e9 dont jouit l&rsquo;entit\u00e9 sioniste pour ses crimes g\u00e9nocidaires \u00e0 Ghaza l&rsquo;encourage d\u00e9sormais \u00e0 multiplier les violations du droit international sans la moindre retenue. Apr\u00e8s avoir ravag\u00e9 la bande de Ghaza, bombard\u00e9 le Liban, frapp\u00e9 la Syrie et l&rsquo;Iran, le r\u00e9gime sioniste s&rsquo;attaque aujourd&rsquo;hui \u00e0 un pays qui joue un r\u00f4le crucial dans les efforts de m\u00e9diation pour un cessez-le-feu. Cette strat\u00e9gie r\u00e9v\u00e8le une volont\u00e9 claire de sabotage syst\u00e9matique de toute initiative de paix, pr\u00e9f\u00e9rant l&rsquo;escalade militaire \u00e0 la r\u00e9solution diplomatique. La r\u00e9action qatarie a \u00e9t\u00e9 imm\u00e9diate et ferme. Le porte-parole du minist\u00e8re des Affaires \u00e9trang\u00e8res, Majid Al-Ansari, a exprim\u00e9 la condamnation la plus ferme de l&rsquo;\u00c9tat du Qatar, qualifiant cette attaque de menace s\u00e9rieuse pour la s\u00e9curit\u00e9 du peuple qatari. \u00ab\u00a0Aucune tol\u00e9rance ne sera accord\u00e9e au comportement irresponsable d&rsquo;Isra\u00ebl, \u00e0 ses interventions r\u00e9p\u00e9t\u00e9es contre la s\u00e9curit\u00e9 r\u00e9gionale ou \u00e0 toute action visant la souverainet\u00e9 du Qatar\u00a0\u00bb, a-t-il d\u00e9clar\u00e9.<\/p>\n\n\n\n<p>Cette agression s&rsquo;inscrit dans un contexte r\u00e9gional particuli\u00e8rement pr\u00e9occupant o\u00f9 l&rsquo;entit\u00e9 sioniste multiplie les violations territoriales. Au Liban, malgr\u00e9 un cessez-le-feu th\u00e9oriquement en vigueur depuis novembre 2024, les forces d&rsquo;occupation continuent leurs raids meurtriers. Lundi encore, cinq Libanais sont tomb\u00e9s en martyrs dans la r\u00e9gion du Hermel, t\u00e9moignant de la persistance des violations sionistes. Une frappe de drone a \u00e9galement vis\u00e9 mardi une voiture au sud de Beyrouth, confirmant que l&rsquo;entit\u00e9 sioniste consid\u00e8re le territoire libanais comme un terrain de jeu pour ses op\u00e9rations militaires.<\/p>\n\n\n\n<p>Parall\u00e8lement, l&rsquo;agonie de Ghaza se poursuit dans l&rsquo;indiff\u00e9rence compl\u00e8te des r\u00e8gles humanitaires les plus \u00e9l\u00e9mentaires. Les chiffres communiqu\u00e9s mardi par les autorit\u00e9s sanitaires palestiniennes dressent un tableau apocalyptique : 64 605 martyrs et 163 319 bless\u00e9s depuis le 7 octobre 2023. Au cours des seules derni\u00e8res 24 heures, 29 Palestiniens sont tomb\u00e9s en martyrs dans diverses zones de la bande de Ghaza, leurs corps \u00e9tant transf\u00e9r\u00e9s vers les h\u00f4pitaux Al-Shifa, Al-Ahly Al-Arabi, Al-Awda et Nasser. Les forces d&rsquo;occupation ont bombard\u00e9 quatre maisons au nord-ouest de la ville de Ghaza et une autre habitation \u00e0 l&rsquo;est de Deir al-Balah. Dans le quartier d&rsquo;Al-Tuffah, deux jeunes Palestiniens ont \u00e9t\u00e9 tu\u00e9s par l&rsquo;aviation sioniste, tandis qu&rsquo;un enfant palestinien est tomb\u00e9 en martyr sous les tirs pr\u00e8s des points de distribution d&rsquo;aide au sud de Khan Youn\u00e8s. Parall\u00e8lement, six autres Palestiniens ont succomb\u00e9 \u00e0 la malnutrition en 24 heures, portant le total des victimes de la famine \u00e0 399 morts, dont 140 enfants innocents. Ces statistiques r\u00e9v\u00e8lent l&rsquo;ampleur du g\u00e9nocide en cours, m\u00e9thodiquement organis\u00e9 par le blocus total impos\u00e9 depuis le 2 mars, emp\u00eachant l&rsquo;entr\u00e9e de la majorit\u00e9 des aides alimentaires et m\u00e9dicales.<\/p>\n\n\n\n<p>La destruction syst\u00e9matique de l&rsquo;habitat palestinien constitue un autre volet de cette guerre d&rsquo;extermination. En seulement 72 heures, l&rsquo;arm\u00e9e d&rsquo;occupation a bombard\u00e9 cinq immeubles r\u00e9sidentiels totalisant 209 appartements et d\u00e9truit 350 tentes de d\u00e9plac\u00e9s, privant ainsi pr\u00e8s de 7 600 personnes suppl\u00e9mentaires de tout abri. Cette strat\u00e9gie de destruction massive vise clairement \u00e0 rendre impossible le retour des Palestiniens sur leurs terres, s&rsquo;inscrivant dans une logique de nettoyage ethnique assum\u00e9e.<\/p>\n\n\n\n<p>La communaut\u00e9 internationale commence enfin \u00e0 r\u00e9agir face \u00e0 cette escalade. Le secr\u00e9taire g\u00e9n\u00e9ral de l&rsquo;ONU, Antonio Guterres, a condamn\u00e9 fermement la violation flagrante de la souverainet\u00e9 qatarie, soulignant que le Qatar joue un r\u00f4le positif pour parvenir \u00e0 un cessez-le-feu et \u00e0 la lib\u00e9ration des otages. Le prince h\u00e9ritier saoudien Mohammed Ben Salman a d\u00e9nonc\u00e9 un acte criminel et une violation manifeste des lois internationales, exprimant la pleine solidarit\u00e9 du Royaume avec le Qatar. L&rsquo;Espagne a \u00e9galement r\u00e9agi en interdisant l&rsquo;entr\u00e9e sur son territoire aux ministres d&rsquo;extr\u00eame droite Itamar Ben-Gvir et Bezalel Smotrich, une mesure symbolique mais significative. Cette escalade r\u00e9v\u00e8le une r\u00e9alit\u00e9 inqui\u00e9tante : encourag\u00e9e par des d\u00e9cennies d&rsquo;impunit\u00e9 et soutenue inconditionnellement par ses alli\u00e9s occidentaux, l&rsquo;entit\u00e9 sioniste ne conna\u00eet plus aucune limite dans ses ambitions r\u00e9gionales. Chaque crime commis \u00e0 Ghaza, chaque violation de la souverainet\u00e9 libanaise, chaque agression contre la Syrie ou l&rsquo;Iran, et d\u00e9sormais contre le Qatar, t\u00e9moigne d&rsquo;une strat\u00e9gie d\u00e9lib\u00e9r\u00e9e de chaos r\u00e9gional destin\u00e9e \u00e0 maintenir sa domination par la terreur.<\/p>\n\n\n\n<p>L&rsquo;agression contre le Qatar marque un tournant dangereux. En s&rsquo;attaquant \u00e0 un pays du Golfe, l&rsquo;entit\u00e9 sioniste teste la d\u00e9termination de la communaut\u00e9 internationale et des pays arabes. Si cette transgression reste impunie, elle ouvrira la voie \u00e0 de nouvelles escalades contre d&rsquo;autres \u00c9tats souverains de la r\u00e9gion. Le moment est venu pour la communaut\u00e9 internationale de briser le cycle de l&rsquo;impunit\u00e9 qui nourrit l&rsquo;arrogance sioniste et menace la stabilit\u00e9 de tout le Moyen-Orient.<\/p>\n\n\n\n<p>Lyes Sa\u00efdi<\/p>\n\n\n\n<p><strong>L&rsquo;Alg\u00e9rie condamne vigoureusement l&rsquo;agression sioniste ayant cibl\u00e9 Doha<\/strong><\/p>\n\n\n\n<p>L&rsquo;Alg\u00e9rie a condamn\u00e9 vigoureusement l&rsquo;agression sioniste ignoble ayant cibl\u00e9, mardi, la capitale qatarie Doha, exprimant sa pleine et enti\u00e8re solidarit\u00e9 avec l&rsquo;Etat du Qatar fr\u00e8re dans cette conjoncture exceptionnelle qu&rsquo;il traverse, a indiqu\u00e9 un communiqu\u00e9 du minist\u00e8re des Affaires \u00e9trang\u00e8res, de la Communaut\u00e9 nationale \u00e0 l&rsquo;\u00e9tranger et des Affaires africaines. \u00ab\u00a0L&rsquo;Alg\u00e9rie condamne et d\u00e9nonce vigoureusement l&rsquo;agression isra\u00e9lienne ignoble qui a cibl\u00e9, ce jour, la capitale qatarie Doha, et exprime sa pleine et enti\u00e8re solidarit\u00e9 avec l&rsquo;Etat du Qatar fr\u00e8re dans cette conjoncture exceptionnelle qu&rsquo;il traverse\u00a0\u00bb, lit-on dans le communiqu\u00e9. \u00ab\u00a0L&rsquo;extension, par l&rsquo;occupation isra\u00e9lienne, du champ de ses agressions multiformes et tous azimuts et le ciblage de l&rsquo;\u00e9quipe de n\u00e9gociateurs charg\u00e9s de mettre fin \u00e0 l&rsquo;agression contre Ghaza, prouvent au monde entier que l&rsquo;occupant n&rsquo;aspire pas \u00e0 la paix, qu&rsquo;il ne conna\u00eet pas de limites dans sa brutalit\u00e9 et son arrogance et qu&rsquo;il ne se soucie nullement des valeurs, r\u00e8gles et principes les plus \u00e9l\u00e9mentaires auxquels adh\u00e8rent les pays du monde \u00ab\u00a0, ajoute la m\u00eame source. \u00ab\u00a0Face \u00e0 cette situation extr\u00eamement grave, la communaut\u00e9 internationale doit prendre conscience de l&rsquo;imp\u00e9rieuse n\u00e9cessit\u00e9 d&rsquo;assumer toutes les responsabilit\u00e9s qui lui incombent pour dissuader l&rsquo;occupant isra\u00e9lien, mettre un terme \u00e0 ses crimes contre les Palestiniens et r\u00e9fr\u00e9ner son escalade qui entra\u00eene toute la r\u00e9gion dans une spirale d&rsquo;ins\u00e9curit\u00e9 et d&rsquo;instabilit\u00e9 sans fin\u00a0\u00bb, conclut le communiqu\u00e9.<\/p>\n\n\n\n<p>APS<\/p>\n","protected":false},"excerpt":{"rendered":"<p>Dans une escalade sans pr\u00e9c\u00e9dent qui confirme les craintes les plus vives concernant les ambitions expansionnistes de l&rsquo;entit\u00e9 sioniste, celle-ci<\/p>\n","protected":false},"author":6,"featured_media":73141,"comment_status":"open","ping_status":"closed","sticky":false,"template":"","format":"standard","meta":{"colormag_page_container_layout":"default_layout","colormag_page_sidebar_layout":"default_layout","om_disable_all_campaigns":false,"_monsterinsights_skip_tracking":false,"_monsterinsights_sitenote_active":false,"_monsterinsights_sitenote_note":"","_monsterinsights_sitenote_category":0,"footnotes":"","_wpscppro_dont_share_socialmedia":false,"_wpscppro_custom_social_share_image":0,"_facebook_share_type":"default","_twitter_share_type":"default","_linkedin_share_type":"default","_pinterest_share_type":"default","_linkedin_share_type_page":"","_instagram_share_type":"default","_medium_share_type":"default","_threads_share_type":"default","_google_business_share_type":"default","_selected_social_profile":[],"_wpsp_enable_custom_social_template":false,"_wpsp_social_scheduling":{"enabled":false,"datetime":null,"platforms":[],"status":"template_only","dateOption":"today","timeOption":"now","customDays":"","customHours":"","customDate":"","customTime":"","schedulingType":"absolute"},"_wpsp_active_default_template":true},"categories":[52,37],"tags":[],"class_list":["post-73140","post","type-post","status-publish","format-standard","has-post-thumbnail","hentry","category-a-la-une","category-monde"],"aioseo_notices":[],"yoast_head":"<!-- This site is optimized with the Yoast SEO plugin v27.5 - https:\/\/yoast.com\/product\/yoast-seo-wordpress\/ -->\n<title>L&rsquo;entit\u00e9 sioniste frappe le Qatar\u00a0: Une menace pour la stabilit\u00e9 du Moyen-Orient - La Sentinelle<\/title>\n<meta name=\"robots\" content=\"index, follow, max-snippet:-1, max-image-preview:large, max-video-preview:-1\" \/>\n<link rel=\"canonical\" href=\"https:\/\/lasentinelle.dz\/index.php\/2025\/09\/10\/lentite-sioniste-frappe-le-qatar-une-menace-pour-la-stabilite-du-moyen-orient\/\" \/>\n<meta property=\"og:locale\" content=\"fr_FR\" \/>\n<meta property=\"og:type\" content=\"article\" \/>\n<meta property=\"og:title\" content=\"L&rsquo;entit\u00e9 sioniste frappe le Qatar\u00a0: Une menace pour la stabilit\u00e9 du Moyen-Orient - La Sentinelle\" \/>\n<meta property=\"og:description\" content=\"Dans une escalade sans pr\u00e9c\u00e9dent qui confirme les craintes les plus vives concernant les ambitions expansionnistes de l&rsquo;entit\u00e9 sioniste, celle-ci\" \/>\n<meta property=\"og:url\" content=\"https:\/\/lasentinelle.dz\/index.php\/2025\/09\/10\/lentite-sioniste-frappe-le-qatar-une-menace-pour-la-stabilite-du-moyen-orient\/\" \/>\n<meta property=\"og:site_name\" content=\"La Sentinelle\" \/>\n<meta property=\"article:publisher\" content=\"https:\/\/www.facebook.com\/La-Sentinelle-104059864394773\" \/>\n<meta property=\"article:published_time\" content=\"2025-09-10T11:56:25+00:00\" \/>\n<meta property=\"article:modified_time\" content=\"2025-09-10T11:56:26+00:00\" \/>\n<meta property=\"og:image\" content=\"https:\/\/lasentinelle.dz\/wp-content\/uploads\/2025\/09\/attaque-qatar.webp\" \/>\n\t<meta property=\"og:image:width\" content=\"770\" \/>\n\t<meta property=\"og:image:height\" content=\"513\" \/>\n\t<meta property=\"og:image:type\" content=\"image\/webp\" \/>\n<meta name=\"author\" content=\"admin\" \/>\n<meta name=\"twitter:card\" content=\"summary_large_image\" \/>\n<meta name=\"twitter:label1\" content=\"\u00c9crit par\" \/>\n\t<meta name=\"twitter:data1\" content=\"admin\" \/>\n\t<meta name=\"twitter:label2\" content=\"Dur\u00e9e de lecture estim\u00e9e\" \/>\n\t<meta name=\"twitter:data2\" content=\"6 minutes\" \/>\n<script type=\"application\/ld+json\" class=\"yoast-schema-graph\">{\"@context\":\"https:\\\/\\\/schema.org\",\"@graph\":[{\"@type\":\"Article\",\"@id\":\"https:\\\/\\\/lasentinelle.dz\\\/index.php\\\/2025\\\/09\\\/10\\\/lentite-sioniste-frappe-le-qatar-une-menace-pour-la-stabilite-du-moyen-orient\\\/#article\",\"isPartOf\":{\"@id\":\"https:\\\/\\\/lasentinelle.dz\\\/index.php\\\/2025\\\/09\\\/10\\\/lentite-sioniste-frappe-le-qatar-une-menace-pour-la-stabilite-du-moyen-orient\\\/\"},\"author\":{\"name\":\"admin\",\"@id\":\"https:\\\/\\\/lasentinelle.dz\\\/#\\\/schema\\\/person\\\/729ee0024f24e0b8c5ec17232f8e8b41\"},\"headline\":\"L&rsquo;entit\u00e9 sioniste frappe le Qatar\u00a0: Une menace pour la stabilit\u00e9 du Moyen-Orient\",\"datePublished\":\"2025-09-10T11:56:25+00:00\",\"dateModified\":\"2025-09-10T11:56:26+00:00\",\"mainEntityOfPage\":{\"@id\":\"https:\\\/\\\/lasentinelle.dz\\\/index.php\\\/2025\\\/09\\\/10\\\/lentite-sioniste-frappe-le-qatar-une-menace-pour-la-stabilite-du-moyen-orient\\\/\"},\"wordCount\":1230,\"commentCount\":0,\"publisher\":{\"@id\":\"https:\\\/\\\/lasentinelle.dz\\\/#organization\"},\"image\":{\"@id\":\"https:\\\/\\\/lasentinelle.dz\\\/index.php\\\/2025\\\/09\\\/10\\\/lentite-sioniste-frappe-le-qatar-une-menace-pour-la-stabilite-du-moyen-orient\\\/#primaryimage\"},\"thumbnailUrl\":\"https:\\\/\\\/lasentinelle.dz\\\/wp-content\\\/uploads\\\/2025\\\/09\\\/attaque-qatar.webp\",\"articleSection\":[\"\u00c0 la Une\",\"Monde\"],\"inLanguage\":\"fr-FR\",\"potentialAction\":[{\"@type\":\"CommentAction\",\"name\":\"Comment\",\"target\":[\"https:\\\/\\\/lasentinelle.dz\\\/index.php\\\/2025\\\/09\\\/10\\\/lentite-sioniste-frappe-le-qatar-une-menace-pour-la-stabilite-du-moyen-orient\\\/#respond\"]}]},{\"@type\":\"WebPage\",\"@id\":\"https:\\\/\\\/lasentinelle.dz\\\/index.php\\\/2025\\\/09\\\/10\\\/lentite-sioniste-frappe-le-qatar-une-menace-pour-la-stabilite-du-moyen-orient\\\/\",\"url\":\"https:\\\/\\\/lasentinelle.dz\\\/index.php\\\/2025\\\/09\\\/10\\\/lentite-sioniste-frappe-le-qatar-une-menace-pour-la-stabilite-du-moyen-orient\\\/\",\"name\":\"L&rsquo;entit\u00e9 sioniste frappe le Qatar\u00a0: Une menace pour la stabilit\u00e9 du Moyen-Orient - La Sentinelle\",\"isPartOf\":{\"@id\":\"https:\\\/\\\/lasentinelle.dz\\\/#website\"},\"primaryImageOfPage\":{\"@id\":\"https:\\\/\\\/lasentinelle.dz\\\/index.php\\\/2025\\\/09\\\/10\\\/lentite-sioniste-frappe-le-qatar-une-menace-pour-la-stabilite-du-moyen-orient\\\/#primaryimage\"},\"image\":{\"@id\":\"https:\\\/\\\/lasentinelle.dz\\\/index.php\\\/2025\\\/09\\\/10\\\/lentite-sioniste-frappe-le-qatar-une-menace-pour-la-stabilite-du-moyen-orient\\\/#primaryimage\"},\"thumbnailUrl\":\"https:\\\/\\\/lasentinelle.dz\\\/wp-content\\\/uploads\\\/2025\\\/09\\\/attaque-qatar.webp\",\"datePublished\":\"2025-09-10T11:56:25+00:00\",\"dateModified\":\"2025-09-10T11:56:26+00:00\",\"breadcrumb\":{\"@id\":\"https:\\\/\\\/lasentinelle.dz\\\/index.php\\\/2025\\\/09\\\/10\\\/lentite-sioniste-frappe-le-qatar-une-menace-pour-la-stabilite-du-moyen-orient\\\/#breadcrumb\"},\"inLanguage\":\"fr-FR\",\"potentialAction\":[{\"@type\":\"ReadAction\",\"target\":[\"https:\\\/\\\/lasentinelle.dz\\\/index.php\\\/2025\\\/09\\\/10\\\/lentite-sioniste-frappe-le-qatar-une-menace-pour-la-stabilite-du-moyen-orient\\\/\"]}]},{\"@type\":\"ImageObject\",\"inLanguage\":\"fr-FR\",\"@id\":\"https:\\\/\\\/lasentinelle.dz\\\/index.php\\\/2025\\\/09\\\/10\\\/lentite-sioniste-frappe-le-qatar-une-menace-pour-la-stabilite-du-moyen-orient\\\/#primaryimage\",\"url\":\"https:\\\/\\\/lasentinelle.dz\\\/wp-content\\\/uploads\\\/2025\\\/09\\\/attaque-qatar.webp\",\"contentUrl\":\"https:\\\/\\\/lasentinelle.dz\\\/wp-content\\\/uploads\\\/2025\\\/09\\\/attaque-qatar.webp\",\"width\":770,\"height\":513},{\"@type\":\"BreadcrumbList\",\"@id\":\"https:\\\/\\\/lasentinelle.dz\\\/index.php\\\/2025\\\/09\\\/10\\\/lentite-sioniste-frappe-le-qatar-une-menace-pour-la-stabilite-du-moyen-orient\\\/#breadcrumb\",\"itemListElement\":[{\"@type\":\"ListItem\",\"position\":1,\"name\":\"Accueil\",\"item\":\"https:\\\/\\\/lasentinelle.dz\\\/\"},{\"@type\":\"ListItem\",\"position\":2,\"name\":\"L&rsquo;entit\u00e9 sioniste frappe le Qatar\u00a0: Une menace pour la stabilit\u00e9 du Moyen-Orient\"}]},{\"@type\":\"WebSite\",\"@id\":\"https:\\\/\\\/lasentinelle.dz\\\/#website\",\"url\":\"https:\\\/\\\/lasentinelle.dz\\\/\",\"name\":\"La Sentinelle\",\"description\":\"Quotidien national d&#039;information\",\"publisher\":{\"@id\":\"https:\\\/\\\/lasentinelle.dz\\\/#organization\"},\"potentialAction\":[{\"@type\":\"SearchAction\",\"target\":{\"@type\":\"EntryPoint\",\"urlTemplate\":\"https:\\\/\\\/lasentinelle.dz\\\/?s={search_term_string}\"},\"query-input\":{\"@type\":\"PropertyValueSpecification\",\"valueRequired\":true,\"valueName\":\"search_term_string\"}}],\"inLanguage\":\"fr-FR\"},{\"@type\":\"Organization\",\"@id\":\"https:\\\/\\\/lasentinelle.dz\\\/#organization\",\"name\":\"Quotidien La Sentinelle\",\"url\":\"https:\\\/\\\/lasentinelle.dz\\\/\",\"logo\":{\"@type\":\"ImageObject\",\"inLanguage\":\"fr-FR\",\"@id\":\"https:\\\/\\\/lasentinelle.dz\\\/#\\\/schema\\\/logo\\\/image\\\/\",\"url\":\"https:\\\/\\\/lasentinelle.dz\\\/wp-content\\\/uploads\\\/2021\\\/09\\\/logo-sentinelleSLOGAN-1.png\",\"contentUrl\":\"https:\\\/\\\/lasentinelle.dz\\\/wp-content\\\/uploads\\\/2021\\\/09\\\/logo-sentinelleSLOGAN-1.png\",\"width\":615,\"height\":142,\"caption\":\"Quotidien La Sentinelle\"},\"image\":{\"@id\":\"https:\\\/\\\/lasentinelle.dz\\\/#\\\/schema\\\/logo\\\/image\\\/\"},\"sameAs\":[\"https:\\\/\\\/www.facebook.com\\\/La-Sentinelle-104059864394773\"]},{\"@type\":\"Person\",\"@id\":\"https:\\\/\\\/lasentinelle.dz\\\/#\\\/schema\\\/person\\\/729ee0024f24e0b8c5ec17232f8e8b41\",\"name\":\"admin\",\"image\":{\"@type\":\"ImageObject\",\"inLanguage\":\"fr-FR\",\"@id\":\"https:\\\/\\\/secure.gravatar.com\\\/avatar\\\/4c81fed838786e9b53f540bf46533e750f5d292099ae3b66cfc6fb1982e29df7?s=96&d=mm&r=g\",\"url\":\"https:\\\/\\\/secure.gravatar.com\\\/avatar\\\/4c81fed838786e9b53f540bf46533e750f5d292099ae3b66cfc6fb1982e29df7?s=96&d=mm&r=g\",\"contentUrl\":\"https:\\\/\\\/secure.gravatar.com\\\/avatar\\\/4c81fed838786e9b53f540bf46533e750f5d292099ae3b66cfc6fb1982e29df7?s=96&d=mm&r=g\",\"caption\":\"admin\"},\"description\":\"admin\",\"url\":\"https:\\\/\\\/lasentinelle.dz\\\/author\\\/admin\\\/\"}]}<\/script>\n<!-- \/ Yoast SEO plugin. -->","yoast_head_json":{"title":"L&rsquo;entit\u00e9 sioniste frappe le Qatar\u00a0: Une menace pour la stabilit\u00e9 du Moyen-Orient - La Sentinelle","robots":{"index":"index","follow":"follow","max-snippet":"max-snippet:-1","max-image-preview":"max-image-preview:large","max-video-preview":"max-video-preview:-1"},"canonical":"https:\/\/lasentinelle.dz\/index.php\/2025\/09\/10\/lentite-sioniste-frappe-le-qatar-une-menace-pour-la-stabilite-du-moyen-orient\/","og_locale":"fr_FR","og_type":"article","og_title":"L&rsquo;entit\u00e9 sioniste frappe le Qatar\u00a0: Une menace pour la stabilit\u00e9 du Moyen-Orient - La Sentinelle","og_description":"Dans une escalade sans pr\u00e9c\u00e9dent qui confirme les craintes les plus vives concernant les ambitions expansionnistes de l&rsquo;entit\u00e9 sioniste, celle-ci","og_url":"https:\/\/lasentinelle.dz\/index.php\/2025\/09\/10\/lentite-sioniste-frappe-le-qatar-une-menace-pour-la-stabilite-du-moyen-orient\/","og_site_name":"La Sentinelle","article_publisher":"https:\/\/www.facebook.com\/La-Sentinelle-104059864394773","article_published_time":"2025-09-10T11:56:25+00:00","article_modified_time":"2025-09-10T11:56:26+00:00","og_image":[{"width":770,"height":513,"url":"https:\/\/lasentinelle.dz\/wp-content\/uploads\/2025\/09\/attaque-qatar.webp","type":"image\/webp"}],"author":"admin","twitter_card":"summary_large_image","twitter_misc":{"\u00c9crit par":"admin","Dur\u00e9e de lecture estim\u00e9e":"6 minutes"},"schema":{"@context":"https:\/\/schema.org","@graph":[{"@type":"Article","@id":"https:\/\/lasentinelle.dz\/index.php\/2025\/09\/10\/lentite-sioniste-frappe-le-qatar-une-menace-pour-la-stabilite-du-moyen-orient\/#article","isPartOf":{"@id":"https:\/\/lasentinelle.dz\/index.php\/2025\/09\/10\/lentite-sioniste-frappe-le-qatar-une-menace-pour-la-stabilite-du-moyen-orient\/"},"author":{"name":"admin","@id":"https:\/\/lasentinelle.dz\/#\/schema\/person\/729ee0024f24e0b8c5ec17232f8e8b41"},"headline":"L&rsquo;entit\u00e9 sioniste frappe le Qatar\u00a0: Une menace pour la stabilit\u00e9 du Moyen-Orient","datePublished":"2025-09-10T11:56:25+00:00","dateModified":"2025-09-10T11:56:26+00:00","mainEntityOfPage":{"@id":"https:\/\/lasentinelle.dz\/index.php\/2025\/09\/10\/lentite-sioniste-frappe-le-qatar-une-menace-pour-la-stabilite-du-moyen-orient\/"},"wordCount":1230,"commentCount":0,"publisher":{"@id":"https:\/\/lasentinelle.dz\/#organization"},"image":{"@id":"https:\/\/lasentinelle.dz\/index.php\/2025\/09\/10\/lentite-sioniste-frappe-le-qatar-une-menace-pour-la-stabilite-du-moyen-orient\/#primaryimage"},"thumbnailUrl":"https:\/\/lasentinelle.dz\/wp-content\/uploads\/2025\/09\/attaque-qatar.webp","articleSection":["\u00c0 la Une","Monde"],"inLanguage":"fr-FR","potentialAction":[{"@type":"CommentAction","name":"Comment","target":["https:\/\/lasentinelle.dz\/index.php\/2025\/09\/10\/lentite-sioniste-frappe-le-qatar-une-menace-pour-la-stabilite-du-moyen-orient\/#respond"]}]},{"@type":"WebPage","@id":"https:\/\/lasentinelle.dz\/index.php\/2025\/09\/10\/lentite-sioniste-frappe-le-qatar-une-menace-pour-la-stabilite-du-moyen-orient\/","url":"https:\/\/lasentinelle.dz\/index.php\/2025\/09\/10\/lentite-sioniste-frappe-le-qatar-une-menace-pour-la-stabilite-du-moyen-orient\/","name":"L&rsquo;entit\u00e9 sioniste frappe le Qatar\u00a0: Une menace pour la stabilit\u00e9 du Moyen-Orient - La Sentinelle","isPartOf":{"@id":"https:\/\/lasentinelle.dz\/#website"},"primaryImageOfPage":{"@id":"https:\/\/lasentinelle.dz\/index.php\/2025\/09\/10\/lentite-sioniste-frappe-le-qatar-une-menace-pour-la-stabilite-du-moyen-orient\/#primaryimage"},"image":{"@id":"https:\/\/lasentinelle.dz\/index.php\/2025\/09\/10\/lentite-sioniste-frappe-le-qatar-une-menace-pour-la-stabilite-du-moyen-orient\/#primaryimage"},"thumbnailUrl":"https:\/\/lasentinelle.dz\/wp-content\/uploads\/2025\/09\/attaque-qatar.webp","datePublished":"2025-09-10T11:56:25+00:00","dateModified":"2025-09-10T11:56:26+00:00","breadcrumb":{"@id":"https:\/\/lasentinelle.dz\/index.php\/2025\/09\/10\/lentite-sioniste-frappe-le-qatar-une-menace-pour-la-stabilite-du-moyen-orient\/#breadcrumb"},"inLanguage":"fr-FR","potentialAction":[{"@type":"ReadAction","target":["https:\/\/lasentinelle.dz\/index.php\/2025\/09\/10\/lentite-sioniste-frappe-le-qatar-une-menace-pour-la-stabilite-du-moyen-orient\/"]}]},{"@type":"ImageObject","inLanguage":"fr-FR","@id":"https:\/\/lasentinelle.dz\/index.php\/2025\/09\/10\/lentite-sioniste-frappe-le-qatar-une-menace-pour-la-stabilite-du-moyen-orient\/#primaryimage","url":"https:\/\/lasentinelle.dz\/wp-content\/uploads\/2025\/09\/attaque-qatar.webp","contentUrl":"https:\/\/lasentinelle.dz\/wp-content\/uploads\/2025\/09\/attaque-qatar.webp","width":770,"height":513},{"@type":"BreadcrumbList","@id":"https:\/\/lasentinelle.dz\/index.php\/2025\/09\/10\/lentite-sioniste-frappe-le-qatar-une-menace-pour-la-stabilite-du-moyen-orient\/#breadcrumb","itemListElement":[{"@type":"ListItem","position":1,"name":"Accueil","item":"https:\/\/lasentinelle.dz\/"},{"@type":"ListItem","position":2,"name":"L&rsquo;entit\u00e9 sioniste frappe le Qatar\u00a0: Une menace pour la stabilit\u00e9 du Moyen-Orient"}]},{"@type":"WebSite","@id":"https:\/\/lasentinelle.dz\/#website","url":"https:\/\/lasentinelle.dz\/","name":"La Sentinelle","description":"Quotidien national d&#039;information","publisher":{"@id":"https:\/\/lasentinelle.dz\/#organization"},"potentialAction":[{"@type":"SearchAction","target":{"@type":"EntryPoint","urlTemplate":"https:\/\/lasentinelle.dz\/?s={search_term_string}"},"query-input":{"@type":"PropertyValueSpecification","valueRequired":true,"valueName":"search_term_string"}}],"inLanguage":"fr-FR"},{"@type":"Organization","@id":"https:\/\/lasentinelle.dz\/#organization","name":"Quotidien La Sentinelle","url":"https:\/\/lasentinelle.dz\/","logo":{"@type":"ImageObject","inLanguage":"fr-FR","@id":"https:\/\/lasentinelle.dz\/#\/schema\/logo\/image\/","url":"https:\/\/lasentinelle.dz\/wp-content\/uploads\/2021\/09\/logo-sentinelleSLOGAN-1.png","contentUrl":"https:\/\/lasentinelle.dz\/wp-content\/uploads\/2021\/09\/logo-sentinelleSLOGAN-1.png","width":615,"height":142,"caption":"Quotidien La Sentinelle"},"image":{"@id":"https:\/\/lasentinelle.dz\/#\/schema\/logo\/image\/"},"sameAs":["https:\/\/www.facebook.com\/La-Sentinelle-104059864394773"]},{"@type":"Person","@id":"https:\/\/lasentinelle.dz\/#\/schema\/person\/729ee0024f24e0b8c5ec17232f8e8b41","name":"admin","image":{"@type":"ImageObject","inLanguage":"fr-FR","@id":"https:\/\/secure.gravatar.com\/avatar\/4c81fed838786e9b53f540bf46533e750f5d292099ae3b66cfc6fb1982e29df7?s=96&d=mm&r=g","url":"https:\/\/secure.gravatar.com\/avatar\/4c81fed838786e9b53f540bf46533e750f5d292099ae3b66cfc6fb1982e29df7?s=96&d=mm&r=g","contentUrl":"https:\/\/secure.gravatar.com\/avatar\/4c81fed838786e9b53f540bf46533e750f5d292099ae3b66cfc6fb1982e29df7?s=96&d=mm&r=g","caption":"admin"},"description":"admin","url":"https:\/\/lasentinelle.dz\/author\/admin\/"}]}},"_links":{"self":[{"href":"https:\/\/lasentinelle.dz\/index.php\/wp-json\/wp\/v2\/posts\/73140","targetHints":{"allow":["GET"]}}],"collection":[{"href":"https:\/\/lasentinelle.dz\/index.php\/wp-json\/wp\/v2\/posts"}],"about":[{"href":"https:\/\/lasentinelle.dz\/index.php\/wp-json\/wp\/v2\/types\/post"}],"author":[{"embeddable":true,"href":"https:\/\/lasentinelle.dz\/index.php\/wp-json\/wp\/v2\/users\/6"}],"replies":[{"embeddable":true,"href":"https:\/\/lasentinelle.dz\/index.php\/wp-json\/wp\/v2\/comments?post=73140"}],"version-history":[{"count":2,"href":"https:\/\/lasentinelle.dz\/index.php\/wp-json\/wp\/v2\/posts\/73140\/revisions"}],"predecessor-version":[{"id":73143,"href":"https:\/\/lasentinelle.dz\/index.php\/wp-json\/wp\/v2\/posts\/73140\/revisions\/73143"}],"wp:featuredmedia":[{"embeddable":true,"href":"https:\/\/lasentinelle.dz\/index.php\/wp-json\/wp\/v2\/media\/73141"}],"wp:attachment":[{"href":"https:\/\/lasentinelle.dz\/index.php\/wp-json\/wp\/v2\/media?parent=73140"}],"wp:term":[{"taxonomy":"category","embeddable":true,"href":"https:\/\/lasentinelle.dz\/index.php\/wp-json\/wp\/v2\/categories?post=73140"},{"taxonomy":"post_tag","embeddable":true,"href":"https:\/\/lasentinelle.dz\/index.php\/wp-json\/wp\/v2\/tags?post=73140"}],"curies":[{"name":"wp","href":"https:\/\/api.w.org\/{rel}","templated":true}]}}