{"id":73144,"date":"2025-09-10T12:59:11","date_gmt":"2025-09-10T11:59:11","guid":{"rendered":"https:\/\/lasentinelle.dz\/?p=73144"},"modified":"2025-09-10T12:59:12","modified_gmt":"2025-09-10T11:59:12","slug":"canex-2025-lexposition-dialogue-et-creation-africaine-inaugure","status":"publish","type":"post","link":"https:\/\/lasentinelle.dz\/index.php\/2025\/09\/10\/canex-2025-lexposition-dialogue-et-creation-africaine-inaugure\/","title":{"rendered":"CANEX 2025\u00a0: L\u2019exposition \u00ab\u00a0Dialogue et Cr\u00e9ation Africaine\u00a0\u00bb inaugur\u00e9"},"content":{"rendered":"\n<p>Dans l&rsquo;\u00e9crin historique de la Villa Boulkine, futur si\u00e8ge du Grand Mus\u00e9e d&rsquo;Afrique, quatre cr\u00e9ateurs venus du Sahara Occidental, du Cameroun, du S\u00e9n\u00e9gal et de Mauritanie d\u00e9voilent leurs \u0153uvres n\u00e9es d&rsquo;une r\u00e9sidence panafricaine in\u00e9dite. Le ministre de la Culture et des Arts Zouhir Ballalou et la secr\u00e9taire d&rsquo;\u00c9tat aux Affaires africaines Selma Bakhta Mansouri ont inaugur\u00e9 lundi cette exposition finale baptis\u00e9e \u00ab\u00a0Dialogue et Cr\u00e9ation Africaines\u00a0\u00bb, aboutissement d&rsquo;un mois de cr\u00e9ation artistique collective \u00e0 Alger. Cette initiative s&rsquo;inscrit dans le programme culturel de la 4e Foire commerciale intra-africaine qui bat son plein \u00e0 Alger, confirmant la volont\u00e9 alg\u00e9rienne de faire rayonner le continent \u00e0 travers ses expressions artistiques contemporaines. La c\u00e9r\u00e9monie d&rsquo;ouverture a rassembl\u00e9 une importante d\u00e9l\u00e9gation diplomatique incluant ambassadeurs et repr\u00e9sentants de missions africaines, europ\u00e9ennes, sud-am\u00e9ricaines ainsi que des instances UNESCO, t\u00e9moignant de la port\u00e9e internationale de l&rsquo;\u00e9v\u00e9nement. Depuis le 15 ao\u00fbt, les quatre artistes en r\u00e9sidence ont investi la Villa Dar Abdelatif, perch\u00e9e sur les hauteurs d&rsquo;Alger, pour un processus cr\u00e9atif immersif qui trouve aujourd&rsquo;hui son \u00e9panouissement dans ce lieu charg\u00e9 d&rsquo;histoire. La Villa Boulkine, \u00e9difice du XVIIIe si\u00e8cle offert par l&rsquo;Alg\u00e9rie \u00e0 l&rsquo;Union africaine, incarne parfaitement cette ambition de faire d&rsquo;Alger un carrefour artistique continental. Mohamed Sleimane Labat du Sahara Occidental pr\u00e9sente \u00ab\u00a0Le jardin du phosphore\u00a0\u00bb, une installation qui interroge les ressources naturelles et leur exploitation, un acte de r\u00e9sistance face au pillage des ressources sahraouies par l\u2019occupation marocaine. Lauriane Yougang du Cameroun d\u00e9veloppe une r\u00e9flexion existentielle d\u00e9clin\u00e9e en quatre toiles accompagn\u00e9es d&rsquo;une sculpture, explorant les questionnements contemporains de l&rsquo;identit\u00e9 africaine. Le S\u00e9n\u00e9galais Ibrahima Balayara propose une m\u00e9ditation sur le temps \u00e0 travers cinq toiles restituant des situations de vie quotidienne, tandis qu&rsquo;Aminata Sow de Mauritanie rend hommage \u00e0 la femme alg\u00e9rienne dans un quadriptyque puissant. \u00ab\u00a0Je salue ces artistes engag\u00e9s qui se sont exprim\u00e9s \u00e0 travers ce bel \u00e9lan de cr\u00e9ativit\u00e9 rassembleur de l&rsquo;Afrique\u00a0\u00bb, a d\u00e9clar\u00e9 le ministre Ballalou lors du vernissage. Il a soulign\u00e9 le caract\u00e8re \u00ab\u00a0hautement symbolique\u00a0\u00bb de la Villa Boulkine, d\u00e9sormais vou\u00e9e \u00e0 \u00ab\u00a0donner de la visibilit\u00e9 aux \u0153uvres de tous les artistes africains\u00a0\u00bb une fois transform\u00e9e en Grand Mus\u00e9e d&rsquo;Afrique. Le ministre a \u00e9galement r\u00e9it\u00e9r\u00e9 l&rsquo;engagement de son d\u00e9partement \u00e0 \u00ab\u00a0entretenir un cycle p\u00e9riodique d&rsquo;organisation d&rsquo;ateliers de cr\u00e9ation artistique\u00a0\u00bb destin\u00e9s aux artistes africains, institutionnalisant ainsi cette dynamique de r\u00e9sidences cr\u00e9atives. Cette d\u00e9marche s&rsquo;accompagne d&rsquo;une r\u00e9flexion sur les \u00ab\u00a0circuits touristiques et l&rsquo;impact positif qu&rsquo;ils ont eu sur les visiteurs africains\u00a0\u00bb, unanimes selon lui \u00e0 sublimer la \u00ab\u00a0beaut\u00e9 d&rsquo;Alger, de sa Cit\u00e9, ses palais, ses sites et ses faubourgs\u00a0\u00bb. L&rsquo;exposition r\u00e9v\u00e8le la diversit\u00e9 des expressions plastiques contemporaines africaines tout en questionnant les enjeux communs du continent. Chaque artiste apporte sa sensibilit\u00e9 culturelle sp\u00e9cifique tout en participant \u00e0 un dialogue cr\u00e9atif transnational qui transcende les fronti\u00e8res g\u00e9ographiques et linguistiques.<\/p>\n\n\n\n<p>Ballalou a rappel\u00e9 les \u00ab\u00a0\u00e9changes importants dans tous les domaines, dont notamment celui de la Culture\u00a0\u00bb entretenus avec plusieurs pays africains lors de cet \u00ab\u00a0\u00e9v\u00e9nement majeur o\u00f9 l&rsquo;Alg\u00e9rie tient le r\u00f4le de locomotive en Afrique\u00a0\u00bb. Au-del\u00e0 de sa dimension artistique, cette r\u00e9sidence panafricaine inaugure une nouvelle forme de diplomatie culturelle alg\u00e9rienne. En offrant \u00e0 des cr\u00e9ateurs du continent un espace de cr\u00e9ation et d&rsquo;expression dans un cadre prestigieux, l&rsquo;Alg\u00e9rie affirme son r\u00f4le de facilitateur des \u00e9changes artistiques africains.<\/p>\n\n\n\n<p>M.S.<\/p>\n","protected":false},"excerpt":{"rendered":"<p>Dans l&rsquo;\u00e9crin historique de la Villa Boulkine, futur si\u00e8ge du Grand Mus\u00e9e d&rsquo;Afrique, quatre cr\u00e9ateurs venus du Sahara Occidental, du<\/p>\n","protected":false},"author":6,"featured_media":73145,"comment_status":"open","ping_status":"closed","sticky":false,"template":"","format":"standard","meta":{"colormag_page_container_layout":"default_layout","colormag_page_sidebar_layout":"default_layout","om_disable_all_campaigns":false,"_monsterinsights_skip_tracking":false,"_monsterinsights_sitenote_active":false,"_monsterinsights_sitenote_note":"","_monsterinsights_sitenote_category":0,"footnotes":"","_wpscppro_dont_share_socialmedia":false,"_wpscppro_custom_social_share_image":0,"_facebook_share_type":"default","_twitter_share_type":"default","_linkedin_share_type":"default","_pinterest_share_type":"default","_linkedin_share_type_page":"","_instagram_share_type":"default","_medium_share_type":"default","_threads_share_type":"default","_google_business_share_type":"default","_selected_social_profile":[],"_wpsp_enable_custom_social_template":false,"_wpsp_social_scheduling":{"enabled":false,"datetime":null,"platforms":[],"status":"template_only","dateOption":"today","timeOption":"now","customDays":"","customHours":"","customDate":"","customTime":"","schedulingType":"absolute"},"_wpsp_active_default_template":true},"categories":[36],"tags":[],"class_list":["post-73144","post","type-post","status-publish","format-standard","has-post-thumbnail","hentry","category-culture"],"aioseo_notices":[],"yoast_head":"<!-- This site is optimized with the Yoast SEO plugin v27.5 - https:\/\/yoast.com\/product\/yoast-seo-wordpress\/ -->\n<title>CANEX 2025\u00a0: L\u2019exposition \u00ab\u00a0Dialogue et Cr\u00e9ation Africaine\u00a0\u00bb inaugur\u00e9 - La Sentinelle<\/title>\n<meta name=\"robots\" content=\"index, follow, max-snippet:-1, max-image-preview:large, max-video-preview:-1\" \/>\n<link rel=\"canonical\" href=\"https:\/\/lasentinelle.dz\/index.php\/2025\/09\/10\/canex-2025-lexposition-dialogue-et-creation-africaine-inaugure\/\" \/>\n<meta property=\"og:locale\" content=\"fr_FR\" \/>\n<meta property=\"og:type\" content=\"article\" \/>\n<meta property=\"og:title\" content=\"CANEX 2025\u00a0: L\u2019exposition \u00ab\u00a0Dialogue et Cr\u00e9ation Africaine\u00a0\u00bb inaugur\u00e9 - La Sentinelle\" \/>\n<meta property=\"og:description\" content=\"Dans l&rsquo;\u00e9crin historique de la Villa Boulkine, futur si\u00e8ge du Grand Mus\u00e9e d&rsquo;Afrique, quatre cr\u00e9ateurs venus du Sahara Occidental, du\" \/>\n<meta property=\"og:url\" content=\"https:\/\/lasentinelle.dz\/index.php\/2025\/09\/10\/canex-2025-lexposition-dialogue-et-creation-africaine-inaugure\/\" \/>\n<meta property=\"og:site_name\" content=\"La Sentinelle\" \/>\n<meta property=\"article:publisher\" content=\"https:\/\/www.facebook.com\/La-Sentinelle-104059864394773\" \/>\n<meta property=\"article:published_time\" content=\"2025-09-10T11:59:11+00:00\" \/>\n<meta property=\"article:modified_time\" content=\"2025-09-10T11:59:12+00:00\" \/>\n<meta property=\"og:image\" content=\"https:\/\/lasentinelle.dz\/wp-content\/uploads\/2025\/09\/544924126_1089954966648074_1999480729325641506_n.jpg\" \/>\n\t<meta property=\"og:image:width\" content=\"2048\" \/>\n\t<meta property=\"og:image:height\" content=\"1152\" \/>\n\t<meta property=\"og:image:type\" content=\"image\/jpeg\" \/>\n<meta name=\"author\" content=\"admin\" \/>\n<meta name=\"twitter:card\" content=\"summary_large_image\" \/>\n<meta name=\"twitter:label1\" content=\"\u00c9crit par\" \/>\n\t<meta name=\"twitter:data1\" content=\"admin\" \/>\n\t<meta name=\"twitter:label2\" content=\"Dur\u00e9e de lecture estim\u00e9e\" \/>\n\t<meta name=\"twitter:data2\" content=\"3 minutes\" \/>\n<script type=\"application\/ld+json\" class=\"yoast-schema-graph\">{\"@context\":\"https:\\\/\\\/schema.org\",\"@graph\":[{\"@type\":\"Article\",\"@id\":\"https:\\\/\\\/lasentinelle.dz\\\/index.php\\\/2025\\\/09\\\/10\\\/canex-2025-lexposition-dialogue-et-creation-africaine-inaugure\\\/#article\",\"isPartOf\":{\"@id\":\"https:\\\/\\\/lasentinelle.dz\\\/index.php\\\/2025\\\/09\\\/10\\\/canex-2025-lexposition-dialogue-et-creation-africaine-inaugure\\\/\"},\"author\":{\"name\":\"admin\",\"@id\":\"https:\\\/\\\/lasentinelle.dz\\\/#\\\/schema\\\/person\\\/729ee0024f24e0b8c5ec17232f8e8b41\"},\"headline\":\"CANEX 2025\u00a0: L\u2019exposition \u00ab\u00a0Dialogue et Cr\u00e9ation Africaine\u00a0\u00bb inaugur\u00e9\",\"datePublished\":\"2025-09-10T11:59:11+00:00\",\"dateModified\":\"2025-09-10T11:59:12+00:00\",\"mainEntityOfPage\":{\"@id\":\"https:\\\/\\\/lasentinelle.dz\\\/index.php\\\/2025\\\/09\\\/10\\\/canex-2025-lexposition-dialogue-et-creation-africaine-inaugure\\\/\"},\"wordCount\":636,\"commentCount\":0,\"publisher\":{\"@id\":\"https:\\\/\\\/lasentinelle.dz\\\/#organization\"},\"image\":{\"@id\":\"https:\\\/\\\/lasentinelle.dz\\\/index.php\\\/2025\\\/09\\\/10\\\/canex-2025-lexposition-dialogue-et-creation-africaine-inaugure\\\/#primaryimage\"},\"thumbnailUrl\":\"https:\\\/\\\/lasentinelle.dz\\\/wp-content\\\/uploads\\\/2025\\\/09\\\/544924126_1089954966648074_1999480729325641506_n.jpg\",\"articleSection\":[\"Culture\"],\"inLanguage\":\"fr-FR\",\"potentialAction\":[{\"@type\":\"CommentAction\",\"name\":\"Comment\",\"target\":[\"https:\\\/\\\/lasentinelle.dz\\\/index.php\\\/2025\\\/09\\\/10\\\/canex-2025-lexposition-dialogue-et-creation-africaine-inaugure\\\/#respond\"]}]},{\"@type\":\"WebPage\",\"@id\":\"https:\\\/\\\/lasentinelle.dz\\\/index.php\\\/2025\\\/09\\\/10\\\/canex-2025-lexposition-dialogue-et-creation-africaine-inaugure\\\/\",\"url\":\"https:\\\/\\\/lasentinelle.dz\\\/index.php\\\/2025\\\/09\\\/10\\\/canex-2025-lexposition-dialogue-et-creation-africaine-inaugure\\\/\",\"name\":\"CANEX 2025\u00a0: L\u2019exposition \u00ab\u00a0Dialogue et Cr\u00e9ation Africaine\u00a0\u00bb inaugur\u00e9 - La Sentinelle\",\"isPartOf\":{\"@id\":\"https:\\\/\\\/lasentinelle.dz\\\/#website\"},\"primaryImageOfPage\":{\"@id\":\"https:\\\/\\\/lasentinelle.dz\\\/index.php\\\/2025\\\/09\\\/10\\\/canex-2025-lexposition-dialogue-et-creation-africaine-inaugure\\\/#primaryimage\"},\"image\":{\"@id\":\"https:\\\/\\\/lasentinelle.dz\\\/index.php\\\/2025\\\/09\\\/10\\\/canex-2025-lexposition-dialogue-et-creation-africaine-inaugure\\\/#primaryimage\"},\"thumbnailUrl\":\"https:\\\/\\\/lasentinelle.dz\\\/wp-content\\\/uploads\\\/2025\\\/09\\\/544924126_1089954966648074_1999480729325641506_n.jpg\",\"datePublished\":\"2025-09-10T11:59:11+00:00\",\"dateModified\":\"2025-09-10T11:59:12+00:00\",\"breadcrumb\":{\"@id\":\"https:\\\/\\\/lasentinelle.dz\\\/index.php\\\/2025\\\/09\\\/10\\\/canex-2025-lexposition-dialogue-et-creation-africaine-inaugure\\\/#breadcrumb\"},\"inLanguage\":\"fr-FR\",\"potentialAction\":[{\"@type\":\"ReadAction\",\"target\":[\"https:\\\/\\\/lasentinelle.dz\\\/index.php\\\/2025\\\/09\\\/10\\\/canex-2025-lexposition-dialogue-et-creation-africaine-inaugure\\\/\"]}]},{\"@type\":\"ImageObject\",\"inLanguage\":\"fr-FR\",\"@id\":\"https:\\\/\\\/lasentinelle.dz\\\/index.php\\\/2025\\\/09\\\/10\\\/canex-2025-lexposition-dialogue-et-creation-africaine-inaugure\\\/#primaryimage\",\"url\":\"https:\\\/\\\/lasentinelle.dz\\\/wp-content\\\/uploads\\\/2025\\\/09\\\/544924126_1089954966648074_1999480729325641506_n.jpg\",\"contentUrl\":\"https:\\\/\\\/lasentinelle.dz\\\/wp-content\\\/uploads\\\/2025\\\/09\\\/544924126_1089954966648074_1999480729325641506_n.jpg\",\"width\":2048,\"height\":1152},{\"@type\":\"BreadcrumbList\",\"@id\":\"https:\\\/\\\/lasentinelle.dz\\\/index.php\\\/2025\\\/09\\\/10\\\/canex-2025-lexposition-dialogue-et-creation-africaine-inaugure\\\/#breadcrumb\",\"itemListElement\":[{\"@type\":\"ListItem\",\"position\":1,\"name\":\"Accueil\",\"item\":\"https:\\\/\\\/lasentinelle.dz\\\/\"},{\"@type\":\"ListItem\",\"position\":2,\"name\":\"CANEX 2025\u00a0: L\u2019exposition \u00ab\u00a0Dialogue et Cr\u00e9ation Africaine\u00a0\u00bb inaugur\u00e9\"}]},{\"@type\":\"WebSite\",\"@id\":\"https:\\\/\\\/lasentinelle.dz\\\/#website\",\"url\":\"https:\\\/\\\/lasentinelle.dz\\\/\",\"name\":\"La Sentinelle\",\"description\":\"Quotidien national d&#039;information\",\"publisher\":{\"@id\":\"https:\\\/\\\/lasentinelle.dz\\\/#organization\"},\"potentialAction\":[{\"@type\":\"SearchAction\",\"target\":{\"@type\":\"EntryPoint\",\"urlTemplate\":\"https:\\\/\\\/lasentinelle.dz\\\/?s={search_term_string}\"},\"query-input\":{\"@type\":\"PropertyValueSpecification\",\"valueRequired\":true,\"valueName\":\"search_term_string\"}}],\"inLanguage\":\"fr-FR\"},{\"@type\":\"Organization\",\"@id\":\"https:\\\/\\\/lasentinelle.dz\\\/#organization\",\"name\":\"Quotidien La Sentinelle\",\"url\":\"https:\\\/\\\/lasentinelle.dz\\\/\",\"logo\":{\"@type\":\"ImageObject\",\"inLanguage\":\"fr-FR\",\"@id\":\"https:\\\/\\\/lasentinelle.dz\\\/#\\\/schema\\\/logo\\\/image\\\/\",\"url\":\"https:\\\/\\\/lasentinelle.dz\\\/wp-content\\\/uploads\\\/2021\\\/09\\\/logo-sentinelleSLOGAN-1.png\",\"contentUrl\":\"https:\\\/\\\/lasentinelle.dz\\\/wp-content\\\/uploads\\\/2021\\\/09\\\/logo-sentinelleSLOGAN-1.png\",\"width\":615,\"height\":142,\"caption\":\"Quotidien La Sentinelle\"},\"image\":{\"@id\":\"https:\\\/\\\/lasentinelle.dz\\\/#\\\/schema\\\/logo\\\/image\\\/\"},\"sameAs\":[\"https:\\\/\\\/www.facebook.com\\\/La-Sentinelle-104059864394773\"]},{\"@type\":\"Person\",\"@id\":\"https:\\\/\\\/lasentinelle.dz\\\/#\\\/schema\\\/person\\\/729ee0024f24e0b8c5ec17232f8e8b41\",\"name\":\"admin\",\"image\":{\"@type\":\"ImageObject\",\"inLanguage\":\"fr-FR\",\"@id\":\"https:\\\/\\\/secure.gravatar.com\\\/avatar\\\/4c81fed838786e9b53f540bf46533e750f5d292099ae3b66cfc6fb1982e29df7?s=96&d=mm&r=g\",\"url\":\"https:\\\/\\\/secure.gravatar.com\\\/avatar\\\/4c81fed838786e9b53f540bf46533e750f5d292099ae3b66cfc6fb1982e29df7?s=96&d=mm&r=g\",\"contentUrl\":\"https:\\\/\\\/secure.gravatar.com\\\/avatar\\\/4c81fed838786e9b53f540bf46533e750f5d292099ae3b66cfc6fb1982e29df7?s=96&d=mm&r=g\",\"caption\":\"admin\"},\"description\":\"admin\",\"url\":\"https:\\\/\\\/lasentinelle.dz\\\/author\\\/admin\\\/\"}]}<\/script>\n<!-- \/ Yoast SEO plugin. -->","yoast_head_json":{"title":"CANEX 2025\u00a0: L\u2019exposition \u00ab\u00a0Dialogue et Cr\u00e9ation Africaine\u00a0\u00bb inaugur\u00e9 - La Sentinelle","robots":{"index":"index","follow":"follow","max-snippet":"max-snippet:-1","max-image-preview":"max-image-preview:large","max-video-preview":"max-video-preview:-1"},"canonical":"https:\/\/lasentinelle.dz\/index.php\/2025\/09\/10\/canex-2025-lexposition-dialogue-et-creation-africaine-inaugure\/","og_locale":"fr_FR","og_type":"article","og_title":"CANEX 2025\u00a0: L\u2019exposition \u00ab\u00a0Dialogue et Cr\u00e9ation Africaine\u00a0\u00bb inaugur\u00e9 - La Sentinelle","og_description":"Dans l&rsquo;\u00e9crin historique de la Villa Boulkine, futur si\u00e8ge du Grand Mus\u00e9e d&rsquo;Afrique, quatre cr\u00e9ateurs venus du Sahara Occidental, du","og_url":"https:\/\/lasentinelle.dz\/index.php\/2025\/09\/10\/canex-2025-lexposition-dialogue-et-creation-africaine-inaugure\/","og_site_name":"La Sentinelle","article_publisher":"https:\/\/www.facebook.com\/La-Sentinelle-104059864394773","article_published_time":"2025-09-10T11:59:11+00:00","article_modified_time":"2025-09-10T11:59:12+00:00","og_image":[{"width":2048,"height":1152,"url":"https:\/\/lasentinelle.dz\/wp-content\/uploads\/2025\/09\/544924126_1089954966648074_1999480729325641506_n.jpg","type":"image\/jpeg"}],"author":"admin","twitter_card":"summary_large_image","twitter_misc":{"\u00c9crit par":"admin","Dur\u00e9e de lecture estim\u00e9e":"3 minutes"},"schema":{"@context":"https:\/\/schema.org","@graph":[{"@type":"Article","@id":"https:\/\/lasentinelle.dz\/index.php\/2025\/09\/10\/canex-2025-lexposition-dialogue-et-creation-africaine-inaugure\/#article","isPartOf":{"@id":"https:\/\/lasentinelle.dz\/index.php\/2025\/09\/10\/canex-2025-lexposition-dialogue-et-creation-africaine-inaugure\/"},"author":{"name":"admin","@id":"https:\/\/lasentinelle.dz\/#\/schema\/person\/729ee0024f24e0b8c5ec17232f8e8b41"},"headline":"CANEX 2025\u00a0: L\u2019exposition \u00ab\u00a0Dialogue et Cr\u00e9ation Africaine\u00a0\u00bb inaugur\u00e9","datePublished":"2025-09-10T11:59:11+00:00","dateModified":"2025-09-10T11:59:12+00:00","mainEntityOfPage":{"@id":"https:\/\/lasentinelle.dz\/index.php\/2025\/09\/10\/canex-2025-lexposition-dialogue-et-creation-africaine-inaugure\/"},"wordCount":636,"commentCount":0,"publisher":{"@id":"https:\/\/lasentinelle.dz\/#organization"},"image":{"@id":"https:\/\/lasentinelle.dz\/index.php\/2025\/09\/10\/canex-2025-lexposition-dialogue-et-creation-africaine-inaugure\/#primaryimage"},"thumbnailUrl":"https:\/\/lasentinelle.dz\/wp-content\/uploads\/2025\/09\/544924126_1089954966648074_1999480729325641506_n.jpg","articleSection":["Culture"],"inLanguage":"fr-FR","potentialAction":[{"@type":"CommentAction","name":"Comment","target":["https:\/\/lasentinelle.dz\/index.php\/2025\/09\/10\/canex-2025-lexposition-dialogue-et-creation-africaine-inaugure\/#respond"]}]},{"@type":"WebPage","@id":"https:\/\/lasentinelle.dz\/index.php\/2025\/09\/10\/canex-2025-lexposition-dialogue-et-creation-africaine-inaugure\/","url":"https:\/\/lasentinelle.dz\/index.php\/2025\/09\/10\/canex-2025-lexposition-dialogue-et-creation-africaine-inaugure\/","name":"CANEX 2025\u00a0: L\u2019exposition \u00ab\u00a0Dialogue et Cr\u00e9ation Africaine\u00a0\u00bb inaugur\u00e9 - La Sentinelle","isPartOf":{"@id":"https:\/\/lasentinelle.dz\/#website"},"primaryImageOfPage":{"@id":"https:\/\/lasentinelle.dz\/index.php\/2025\/09\/10\/canex-2025-lexposition-dialogue-et-creation-africaine-inaugure\/#primaryimage"},"image":{"@id":"https:\/\/lasentinelle.dz\/index.php\/2025\/09\/10\/canex-2025-lexposition-dialogue-et-creation-africaine-inaugure\/#primaryimage"},"thumbnailUrl":"https:\/\/lasentinelle.dz\/wp-content\/uploads\/2025\/09\/544924126_1089954966648074_1999480729325641506_n.jpg","datePublished":"2025-09-10T11:59:11+00:00","dateModified":"2025-09-10T11:59:12+00:00","breadcrumb":{"@id":"https:\/\/lasentinelle.dz\/index.php\/2025\/09\/10\/canex-2025-lexposition-dialogue-et-creation-africaine-inaugure\/#breadcrumb"},"inLanguage":"fr-FR","potentialAction":[{"@type":"ReadAction","target":["https:\/\/lasentinelle.dz\/index.php\/2025\/09\/10\/canex-2025-lexposition-dialogue-et-creation-africaine-inaugure\/"]}]},{"@type":"ImageObject","inLanguage":"fr-FR","@id":"https:\/\/lasentinelle.dz\/index.php\/2025\/09\/10\/canex-2025-lexposition-dialogue-et-creation-africaine-inaugure\/#primaryimage","url":"https:\/\/lasentinelle.dz\/wp-content\/uploads\/2025\/09\/544924126_1089954966648074_1999480729325641506_n.jpg","contentUrl":"https:\/\/lasentinelle.dz\/wp-content\/uploads\/2025\/09\/544924126_1089954966648074_1999480729325641506_n.jpg","width":2048,"height":1152},{"@type":"BreadcrumbList","@id":"https:\/\/lasentinelle.dz\/index.php\/2025\/09\/10\/canex-2025-lexposition-dialogue-et-creation-africaine-inaugure\/#breadcrumb","itemListElement":[{"@type":"ListItem","position":1,"name":"Accueil","item":"https:\/\/lasentinelle.dz\/"},{"@type":"ListItem","position":2,"name":"CANEX 2025\u00a0: L\u2019exposition \u00ab\u00a0Dialogue et Cr\u00e9ation Africaine\u00a0\u00bb inaugur\u00e9"}]},{"@type":"WebSite","@id":"https:\/\/lasentinelle.dz\/#website","url":"https:\/\/lasentinelle.dz\/","name":"La Sentinelle","description":"Quotidien national d&#039;information","publisher":{"@id":"https:\/\/lasentinelle.dz\/#organization"},"potentialAction":[{"@type":"SearchAction","target":{"@type":"EntryPoint","urlTemplate":"https:\/\/lasentinelle.dz\/?s={search_term_string}"},"query-input":{"@type":"PropertyValueSpecification","valueRequired":true,"valueName":"search_term_string"}}],"inLanguage":"fr-FR"},{"@type":"Organization","@id":"https:\/\/lasentinelle.dz\/#organization","name":"Quotidien La Sentinelle","url":"https:\/\/lasentinelle.dz\/","logo":{"@type":"ImageObject","inLanguage":"fr-FR","@id":"https:\/\/lasentinelle.dz\/#\/schema\/logo\/image\/","url":"https:\/\/lasentinelle.dz\/wp-content\/uploads\/2021\/09\/logo-sentinelleSLOGAN-1.png","contentUrl":"https:\/\/lasentinelle.dz\/wp-content\/uploads\/2021\/09\/logo-sentinelleSLOGAN-1.png","width":615,"height":142,"caption":"Quotidien La Sentinelle"},"image":{"@id":"https:\/\/lasentinelle.dz\/#\/schema\/logo\/image\/"},"sameAs":["https:\/\/www.facebook.com\/La-Sentinelle-104059864394773"]},{"@type":"Person","@id":"https:\/\/lasentinelle.dz\/#\/schema\/person\/729ee0024f24e0b8c5ec17232f8e8b41","name":"admin","image":{"@type":"ImageObject","inLanguage":"fr-FR","@id":"https:\/\/secure.gravatar.com\/avatar\/4c81fed838786e9b53f540bf46533e750f5d292099ae3b66cfc6fb1982e29df7?s=96&d=mm&r=g","url":"https:\/\/secure.gravatar.com\/avatar\/4c81fed838786e9b53f540bf46533e750f5d292099ae3b66cfc6fb1982e29df7?s=96&d=mm&r=g","contentUrl":"https:\/\/secure.gravatar.com\/avatar\/4c81fed838786e9b53f540bf46533e750f5d292099ae3b66cfc6fb1982e29df7?s=96&d=mm&r=g","caption":"admin"},"description":"admin","url":"https:\/\/lasentinelle.dz\/author\/admin\/"}]}},"_links":{"self":[{"href":"https:\/\/lasentinelle.dz\/index.php\/wp-json\/wp\/v2\/posts\/73144","targetHints":{"allow":["GET"]}}],"collection":[{"href":"https:\/\/lasentinelle.dz\/index.php\/wp-json\/wp\/v2\/posts"}],"about":[{"href":"https:\/\/lasentinelle.dz\/index.php\/wp-json\/wp\/v2\/types\/post"}],"author":[{"embeddable":true,"href":"https:\/\/lasentinelle.dz\/index.php\/wp-json\/wp\/v2\/users\/6"}],"replies":[{"embeddable":true,"href":"https:\/\/lasentinelle.dz\/index.php\/wp-json\/wp\/v2\/comments?post=73144"}],"version-history":[{"count":2,"href":"https:\/\/lasentinelle.dz\/index.php\/wp-json\/wp\/v2\/posts\/73144\/revisions"}],"predecessor-version":[{"id":73147,"href":"https:\/\/lasentinelle.dz\/index.php\/wp-json\/wp\/v2\/posts\/73144\/revisions\/73147"}],"wp:featuredmedia":[{"embeddable":true,"href":"https:\/\/lasentinelle.dz\/index.php\/wp-json\/wp\/v2\/media\/73145"}],"wp:attachment":[{"href":"https:\/\/lasentinelle.dz\/index.php\/wp-json\/wp\/v2\/media?parent=73144"}],"wp:term":[{"taxonomy":"category","embeddable":true,"href":"https:\/\/lasentinelle.dz\/index.php\/wp-json\/wp\/v2\/categories?post=73144"},{"taxonomy":"post_tag","embeddable":true,"href":"https:\/\/lasentinelle.dz\/index.php\/wp-json\/wp\/v2\/tags?post=73144"}],"curies":[{"name":"wp","href":"https:\/\/api.w.org\/{rel}","templated":true}]}}