{"id":73148,"date":"2025-09-10T13:00:33","date_gmt":"2025-09-10T12:00:33","guid":{"rendered":"https:\/\/lasentinelle.dz\/?p=73148"},"modified":"2025-09-10T13:00:34","modified_gmt":"2025-09-10T12:00:34","slug":"lafrique-est-sous-representee-dans-la-liste-du-patrimoine-mondial-de-lunesco-remedier-a-une-autre-injustice","status":"publish","type":"post","link":"https:\/\/lasentinelle.dz\/index.php\/2025\/09\/10\/lafrique-est-sous-representee-dans-la-liste-du-patrimoine-mondial-de-lunesco-remedier-a-une-autre-injustice\/","title":{"rendered":"L\u2019Afrique est sous repr\u00e9sent\u00e9e dans la liste du patrimoine mondial de l\u2019UNESCO\u00a0: Rem\u00e9dier \u00e0 une autre injustice"},"content":{"rendered":"\n<p>Douze nouveaux sites alg\u00e9riens candidats au classement sur la liste du patrimoine mondial de l\u2019UNESCO, des statistiques qui r\u00e9v\u00e8lent un \u00ab\u00a0pr\u00e9judice\u00a0\u00bb historique envers les patrimoines africain et arabe.<\/p>\n\n\n\n<p>L&rsquo;Alg\u00e9rie accueille cette semaine un workshop international r\u00e9unissant des experts de plus de quinze pays africains et arabes, dans l&rsquo;objectif affich\u00e9 de corriger les d\u00e9s\u00e9quilibres criants de la liste du patrimoine mondial UNESCO. Le ministre de la Culture et des Arts, Zouhir Ballalou, a inaugur\u00e9 lundi cet atelier international de formation consacr\u00e9 \u00e0 \u00ab\u00a0l&rsquo;\u00e9valuation pr\u00e9liminaire des propositions de dossiers d&rsquo;inscription sur la liste du patrimoine mondial des r\u00e9gions africaine et arabe\u00a0\u00bb. Cette initiative, organis\u00e9e en partenariat avec le Fonds du patrimoine mondial africain et avec le soutien du Centre du patrimoine mondial de l&rsquo;UNESCO, intervient en marge de la foire du commerce intra-africain \u00e0 Alger, symbolisant cette volont\u00e9 de convergence continentale. Les chiffres pr\u00e9sent\u00e9s par le ministre sont \u00e9loquents et justifient cette mobilisation urgente. L&rsquo;Afrique ne compte que 122 sites class\u00e9s, soit 8,97% du patrimoine mondial r\u00e9parti sur 38 pays, tandis que les nations arabes n&rsquo;en totalisent que 97 dans 18 pays, repr\u00e9sentant 7,77% de la liste globale. Cette sous-repr\u00e9sentation flagrante contraste avec la richesse patrimoniale de ces r\u00e9gions, h\u00e9riti\u00e8res de civilisations mill\u00e9naires.<\/p>\n\n\n\n<p>\u00ab\u00a0Cette organisation constitue une \u00e9tape importante pour \u00e9laborer une nouvelle strat\u00e9gie de soutien \u00e0 la pr\u00e9sence du patrimoine arabe et africain sur la liste du patrimoine mondial et formuler une vision commune de son avenir qui contribue \u00e0 renforcer la s\u00e9curit\u00e9 culturelle, pr\u00e9server la m\u00e9moire et investir dans les industries cr\u00e9atives comme levier de d\u00e9veloppement durable\u00a0\u00bb, a d\u00e9clar\u00e9 Zouhir Ballalou lors de son discours inaugural. Le ministre a pr\u00e9sent\u00e9 cet atelier comme \u00ab\u00a0un prolongement naturel du r\u00f4le historique de l&rsquo;Alg\u00e9rie en tant que terre de civilisations et de diversit\u00e9 culturelle ancestrale et station centrale dans le parcours de coop\u00e9ration arabo-africaine\u00a0\u00bb. L&rsquo;Alg\u00e9rie donne l&rsquo;exemple avec une d\u00e9marche volontariste. Le pays a mis \u00e0 jour sa liste indicative en juin et septembre 2025 pour inclure douze nouveaux sites candidats au classement, dans une d\u00e9marche strat\u00e9gique visant \u00e0 augmenter le nombre de ses sites inscrits et renforcer sa position culturelle mondiale. Parmi ces candidatures figurent le parc national de Djurdjura, celui d&rsquo;El Kala, les sites d&rsquo;Ighamaouen, le patrimoine arch\u00e9ologique de T\u00e9bessa, les palais de l&rsquo;Atlas saharien alg\u00e9rien et les mausol\u00e9es royaux des p\u00e9riodes antiques.<\/p>\n\n\n\n<p>Cette dynamique s&rsquo;inscrit, selon Ballalou, \u00ab\u00a0en coh\u00e9rence avec la vision \u00e9clair\u00e9e du pr\u00e9sident de la R\u00e9publique, Abdelmadjid Tebboune, qui ne cesse de souligner l&rsquo;importance de la culture comme levier fondamental dans le processus de construction de la nouvelle Alg\u00e9rie et de pr\u00e9servation de la m\u00e9moire nationale et de valorisation du patrimoine dans ses dimensions d\u00e9veloppementales avec l&rsquo;ouverture sur la transformation num\u00e9rique et l&rsquo;innovation\u00a0\u00bb. Le directeur g\u00e9n\u00e9ral du Fonds africain du patrimoine mondial, Albino Jopela, a salu\u00e9 \u00ab\u00a0cette initiative qualitative et les efforts de l&rsquo;Alg\u00e9rie pour renforcer la protection et la pr\u00e9servation du patrimoine africain et arabe et son soutien au travail des experts dans le domaine pour \u00e9laborer une strat\u00e9gie unifi\u00e9e de pr\u00e9paration de nouveaux dossiers complets concernant le classement de sites culturels, naturels et mixtes pour \u00e9largir la pr\u00e9sence de l&rsquo;Afrique et des pays arabes dans la liste du patrimoine mondial\u00a0\u00bb.<\/p>\n\n\n\n<p>L&rsquo;atelier rassemble des repr\u00e9sentants du Conseil international des monuments et sites, de l&rsquo;Union internationale pour la conservation de la nature et du Centre du patrimoine mondial de l&rsquo;UNESCO, aux c\u00f4t\u00e9s d&rsquo;experts internationaux et de cadres du minist\u00e8re de la Culture et des Arts. La coordinatrice de l&rsquo;atelier, Rim Kelouaze, a d\u00e9taill\u00e9 les objectifs et r\u00e9sultats attendus de ces quatre journ\u00e9es de travail, rappelant l&rsquo;atelier pr\u00e9paratoire \u00ab\u00a0de haut niveau\u00a0\u00bb organis\u00e9 en juillet dernier. Les participants proc\u00e9deront \u00e0 la pr\u00e9sentation, discussion et \u00e9valuation de dossiers propos\u00e9s concernant des sites culturels et naturels de quinze pays, incluant la Tunisie, le Burundi, le Cameroun, le Gabon et la Guin\u00e9e.<\/p>\n\n\n\n<p>Cette initiative r\u00e9v\u00e8le une ambition plus large : transformer la culture en v\u00e9ritable levier g\u00e9opolitique et \u00e9conomique. En proposant de \u00ab\u00a0renforcer la s\u00e9curit\u00e9 culturelle\u00a0\u00bb et d&rsquo;investir dans les \u00ab\u00a0industries cr\u00e9atives\u00a0\u00bb, l&rsquo;Alg\u00e9rie dessine les contours d&rsquo;une diplomatie culturelle africaine et arabe renouvel\u00e9e. L&rsquo;enjeu d\u00e9passe le simple prestige du classement UNESCO pour toucher aux questions d&rsquo;identit\u00e9, de d\u00e9veloppement touristique et de rayonnement international. Dans un contexte o\u00f9 l&rsquo;Afrique et le monde arabe cherchent \u00e0 s&rsquo;affranchir des h\u00e9ritages coloniaux, la valorisation du patrimoine devient un enjeu de souverainet\u00e9 culturelle et de construction d&rsquo;un narratif alternatif aux r\u00e9cits occidentaux dominants.<\/p>\n\n\n\n<p>Les travaux se poursuivront jusqu&rsquo;au 11 septembre, avec l&rsquo;objectif concret d&rsquo;identifier les dossiers les plus prometteurs et d&rsquo;harmoniser les m\u00e9thodologies de candidature.<\/p>\n\n\n\n<p>Mohand Seghir<\/p>\n","protected":false},"excerpt":{"rendered":"<p>Douze nouveaux sites alg\u00e9riens candidats au classement sur la liste du patrimoine mondial de l\u2019UNESCO, des statistiques qui r\u00e9v\u00e8lent un<\/p>\n","protected":false},"author":6,"featured_media":73149,"comment_status":"open","ping_status":"closed","sticky":false,"template":"","format":"standard","meta":{"colormag_page_container_layout":"default_layout","colormag_page_sidebar_layout":"default_layout","om_disable_all_campaigns":false,"_monsterinsights_skip_tracking":false,"_monsterinsights_sitenote_active":false,"_monsterinsights_sitenote_note":"","_monsterinsights_sitenote_category":0,"footnotes":"","_wpscppro_dont_share_socialmedia":false,"_wpscppro_custom_social_share_image":0,"_facebook_share_type":"default","_twitter_share_type":"default","_linkedin_share_type":"default","_pinterest_share_type":"default","_linkedin_share_type_page":"","_instagram_share_type":"default","_medium_share_type":"default","_threads_share_type":"default","_google_business_share_type":"default","_selected_social_profile":[],"_wpsp_enable_custom_social_template":false,"_wpsp_social_scheduling":{"enabled":false,"datetime":null,"platforms":[],"status":"template_only","dateOption":"today","timeOption":"now","customDays":"","customHours":"","customDate":"","customTime":"","schedulingType":"absolute"},"_wpsp_active_default_template":true},"categories":[36],"tags":[],"class_list":["post-73148","post","type-post","status-publish","format-standard","has-post-thumbnail","hentry","category-culture"],"aioseo_notices":[],"yoast_head":"<!-- This site is optimized with the Yoast SEO plugin v27.5 - https:\/\/yoast.com\/product\/yoast-seo-wordpress\/ -->\n<title>L\u2019Afrique est sous repr\u00e9sent\u00e9e dans la liste du patrimoine mondial de l\u2019UNESCO\u00a0: Rem\u00e9dier \u00e0 une autre injustice - La Sentinelle<\/title>\n<meta name=\"robots\" content=\"index, follow, max-snippet:-1, max-image-preview:large, max-video-preview:-1\" \/>\n<link rel=\"canonical\" href=\"https:\/\/lasentinelle.dz\/index.php\/2025\/09\/10\/lafrique-est-sous-representee-dans-la-liste-du-patrimoine-mondial-de-lunesco-remedier-a-une-autre-injustice\/\" \/>\n<meta property=\"og:locale\" content=\"fr_FR\" \/>\n<meta property=\"og:type\" content=\"article\" \/>\n<meta property=\"og:title\" content=\"L\u2019Afrique est sous repr\u00e9sent\u00e9e dans la liste du patrimoine mondial de l\u2019UNESCO\u00a0: Rem\u00e9dier \u00e0 une autre injustice - La Sentinelle\" \/>\n<meta property=\"og:description\" content=\"Douze nouveaux sites alg\u00e9riens candidats au classement sur la liste du patrimoine mondial de l\u2019UNESCO, des statistiques qui r\u00e9v\u00e8lent un\" \/>\n<meta property=\"og:url\" content=\"https:\/\/lasentinelle.dz\/index.php\/2025\/09\/10\/lafrique-est-sous-representee-dans-la-liste-du-patrimoine-mondial-de-lunesco-remedier-a-une-autre-injustice\/\" \/>\n<meta property=\"og:site_name\" content=\"La Sentinelle\" \/>\n<meta property=\"article:publisher\" content=\"https:\/\/www.facebook.com\/La-Sentinelle-104059864394773\" \/>\n<meta property=\"article:published_time\" content=\"2025-09-10T12:00:33+00:00\" \/>\n<meta property=\"article:modified_time\" content=\"2025-09-10T12:00:34+00:00\" \/>\n<meta property=\"og:image\" content=\"https:\/\/lasentinelle.dz\/wp-content\/uploads\/2025\/09\/atelier.jpg\" \/>\n\t<meta property=\"og:image:width\" content=\"1080\" \/>\n\t<meta property=\"og:image:height\" content=\"608\" \/>\n\t<meta property=\"og:image:type\" content=\"image\/jpeg\" \/>\n<meta name=\"author\" content=\"admin\" \/>\n<meta name=\"twitter:card\" content=\"summary_large_image\" \/>\n<meta name=\"twitter:label1\" content=\"\u00c9crit par\" \/>\n\t<meta name=\"twitter:data1\" content=\"admin\" \/>\n\t<meta name=\"twitter:label2\" content=\"Dur\u00e9e de lecture estim\u00e9e\" \/>\n\t<meta name=\"twitter:data2\" content=\"5 minutes\" \/>\n<script type=\"application\/ld+json\" class=\"yoast-schema-graph\">{\"@context\":\"https:\\\/\\\/schema.org\",\"@graph\":[{\"@type\":\"Article\",\"@id\":\"https:\\\/\\\/lasentinelle.dz\\\/index.php\\\/2025\\\/09\\\/10\\\/lafrique-est-sous-representee-dans-la-liste-du-patrimoine-mondial-de-lunesco-remedier-a-une-autre-injustice\\\/#article\",\"isPartOf\":{\"@id\":\"https:\\\/\\\/lasentinelle.dz\\\/index.php\\\/2025\\\/09\\\/10\\\/lafrique-est-sous-representee-dans-la-liste-du-patrimoine-mondial-de-lunesco-remedier-a-une-autre-injustice\\\/\"},\"author\":{\"name\":\"admin\",\"@id\":\"https:\\\/\\\/lasentinelle.dz\\\/#\\\/schema\\\/person\\\/729ee0024f24e0b8c5ec17232f8e8b41\"},\"headline\":\"L\u2019Afrique est sous repr\u00e9sent\u00e9e dans la liste du patrimoine mondial de l\u2019UNESCO\u00a0: Rem\u00e9dier \u00e0 une autre injustice\",\"datePublished\":\"2025-09-10T12:00:33+00:00\",\"dateModified\":\"2025-09-10T12:00:34+00:00\",\"mainEntityOfPage\":{\"@id\":\"https:\\\/\\\/lasentinelle.dz\\\/index.php\\\/2025\\\/09\\\/10\\\/lafrique-est-sous-representee-dans-la-liste-du-patrimoine-mondial-de-lunesco-remedier-a-une-autre-injustice\\\/\"},\"wordCount\":875,\"commentCount\":0,\"publisher\":{\"@id\":\"https:\\\/\\\/lasentinelle.dz\\\/#organization\"},\"image\":{\"@id\":\"https:\\\/\\\/lasentinelle.dz\\\/index.php\\\/2025\\\/09\\\/10\\\/lafrique-est-sous-representee-dans-la-liste-du-patrimoine-mondial-de-lunesco-remedier-a-une-autre-injustice\\\/#primaryimage\"},\"thumbnailUrl\":\"https:\\\/\\\/lasentinelle.dz\\\/wp-content\\\/uploads\\\/2025\\\/09\\\/atelier.jpg\",\"articleSection\":[\"Culture\"],\"inLanguage\":\"fr-FR\",\"potentialAction\":[{\"@type\":\"CommentAction\",\"name\":\"Comment\",\"target\":[\"https:\\\/\\\/lasentinelle.dz\\\/index.php\\\/2025\\\/09\\\/10\\\/lafrique-est-sous-representee-dans-la-liste-du-patrimoine-mondial-de-lunesco-remedier-a-une-autre-injustice\\\/#respond\"]}]},{\"@type\":\"WebPage\",\"@id\":\"https:\\\/\\\/lasentinelle.dz\\\/index.php\\\/2025\\\/09\\\/10\\\/lafrique-est-sous-representee-dans-la-liste-du-patrimoine-mondial-de-lunesco-remedier-a-une-autre-injustice\\\/\",\"url\":\"https:\\\/\\\/lasentinelle.dz\\\/index.php\\\/2025\\\/09\\\/10\\\/lafrique-est-sous-representee-dans-la-liste-du-patrimoine-mondial-de-lunesco-remedier-a-une-autre-injustice\\\/\",\"name\":\"L\u2019Afrique est sous repr\u00e9sent\u00e9e dans la liste du patrimoine mondial de l\u2019UNESCO\u00a0: Rem\u00e9dier \u00e0 une autre injustice - La Sentinelle\",\"isPartOf\":{\"@id\":\"https:\\\/\\\/lasentinelle.dz\\\/#website\"},\"primaryImageOfPage\":{\"@id\":\"https:\\\/\\\/lasentinelle.dz\\\/index.php\\\/2025\\\/09\\\/10\\\/lafrique-est-sous-representee-dans-la-liste-du-patrimoine-mondial-de-lunesco-remedier-a-une-autre-injustice\\\/#primaryimage\"},\"image\":{\"@id\":\"https:\\\/\\\/lasentinelle.dz\\\/index.php\\\/2025\\\/09\\\/10\\\/lafrique-est-sous-representee-dans-la-liste-du-patrimoine-mondial-de-lunesco-remedier-a-une-autre-injustice\\\/#primaryimage\"},\"thumbnailUrl\":\"https:\\\/\\\/lasentinelle.dz\\\/wp-content\\\/uploads\\\/2025\\\/09\\\/atelier.jpg\",\"datePublished\":\"2025-09-10T12:00:33+00:00\",\"dateModified\":\"2025-09-10T12:00:34+00:00\",\"breadcrumb\":{\"@id\":\"https:\\\/\\\/lasentinelle.dz\\\/index.php\\\/2025\\\/09\\\/10\\\/lafrique-est-sous-representee-dans-la-liste-du-patrimoine-mondial-de-lunesco-remedier-a-une-autre-injustice\\\/#breadcrumb\"},\"inLanguage\":\"fr-FR\",\"potentialAction\":[{\"@type\":\"ReadAction\",\"target\":[\"https:\\\/\\\/lasentinelle.dz\\\/index.php\\\/2025\\\/09\\\/10\\\/lafrique-est-sous-representee-dans-la-liste-du-patrimoine-mondial-de-lunesco-remedier-a-une-autre-injustice\\\/\"]}]},{\"@type\":\"ImageObject\",\"inLanguage\":\"fr-FR\",\"@id\":\"https:\\\/\\\/lasentinelle.dz\\\/index.php\\\/2025\\\/09\\\/10\\\/lafrique-est-sous-representee-dans-la-liste-du-patrimoine-mondial-de-lunesco-remedier-a-une-autre-injustice\\\/#primaryimage\",\"url\":\"https:\\\/\\\/lasentinelle.dz\\\/wp-content\\\/uploads\\\/2025\\\/09\\\/atelier.jpg\",\"contentUrl\":\"https:\\\/\\\/lasentinelle.dz\\\/wp-content\\\/uploads\\\/2025\\\/09\\\/atelier.jpg\",\"width\":1080,\"height\":608},{\"@type\":\"BreadcrumbList\",\"@id\":\"https:\\\/\\\/lasentinelle.dz\\\/index.php\\\/2025\\\/09\\\/10\\\/lafrique-est-sous-representee-dans-la-liste-du-patrimoine-mondial-de-lunesco-remedier-a-une-autre-injustice\\\/#breadcrumb\",\"itemListElement\":[{\"@type\":\"ListItem\",\"position\":1,\"name\":\"Accueil\",\"item\":\"https:\\\/\\\/lasentinelle.dz\\\/\"},{\"@type\":\"ListItem\",\"position\":2,\"name\":\"L\u2019Afrique est sous repr\u00e9sent\u00e9e dans la liste du patrimoine mondial de l\u2019UNESCO\u00a0: Rem\u00e9dier \u00e0 une autre injustice\"}]},{\"@type\":\"WebSite\",\"@id\":\"https:\\\/\\\/lasentinelle.dz\\\/#website\",\"url\":\"https:\\\/\\\/lasentinelle.dz\\\/\",\"name\":\"La Sentinelle\",\"description\":\"Quotidien national d&#039;information\",\"publisher\":{\"@id\":\"https:\\\/\\\/lasentinelle.dz\\\/#organization\"},\"potentialAction\":[{\"@type\":\"SearchAction\",\"target\":{\"@type\":\"EntryPoint\",\"urlTemplate\":\"https:\\\/\\\/lasentinelle.dz\\\/?s={search_term_string}\"},\"query-input\":{\"@type\":\"PropertyValueSpecification\",\"valueRequired\":true,\"valueName\":\"search_term_string\"}}],\"inLanguage\":\"fr-FR\"},{\"@type\":\"Organization\",\"@id\":\"https:\\\/\\\/lasentinelle.dz\\\/#organization\",\"name\":\"Quotidien La Sentinelle\",\"url\":\"https:\\\/\\\/lasentinelle.dz\\\/\",\"logo\":{\"@type\":\"ImageObject\",\"inLanguage\":\"fr-FR\",\"@id\":\"https:\\\/\\\/lasentinelle.dz\\\/#\\\/schema\\\/logo\\\/image\\\/\",\"url\":\"https:\\\/\\\/lasentinelle.dz\\\/wp-content\\\/uploads\\\/2021\\\/09\\\/logo-sentinelleSLOGAN-1.png\",\"contentUrl\":\"https:\\\/\\\/lasentinelle.dz\\\/wp-content\\\/uploads\\\/2021\\\/09\\\/logo-sentinelleSLOGAN-1.png\",\"width\":615,\"height\":142,\"caption\":\"Quotidien La Sentinelle\"},\"image\":{\"@id\":\"https:\\\/\\\/lasentinelle.dz\\\/#\\\/schema\\\/logo\\\/image\\\/\"},\"sameAs\":[\"https:\\\/\\\/www.facebook.com\\\/La-Sentinelle-104059864394773\"]},{\"@type\":\"Person\",\"@id\":\"https:\\\/\\\/lasentinelle.dz\\\/#\\\/schema\\\/person\\\/729ee0024f24e0b8c5ec17232f8e8b41\",\"name\":\"admin\",\"image\":{\"@type\":\"ImageObject\",\"inLanguage\":\"fr-FR\",\"@id\":\"https:\\\/\\\/secure.gravatar.com\\\/avatar\\\/4c81fed838786e9b53f540bf46533e750f5d292099ae3b66cfc6fb1982e29df7?s=96&d=mm&r=g\",\"url\":\"https:\\\/\\\/secure.gravatar.com\\\/avatar\\\/4c81fed838786e9b53f540bf46533e750f5d292099ae3b66cfc6fb1982e29df7?s=96&d=mm&r=g\",\"contentUrl\":\"https:\\\/\\\/secure.gravatar.com\\\/avatar\\\/4c81fed838786e9b53f540bf46533e750f5d292099ae3b66cfc6fb1982e29df7?s=96&d=mm&r=g\",\"caption\":\"admin\"},\"description\":\"admin\",\"url\":\"https:\\\/\\\/lasentinelle.dz\\\/author\\\/admin\\\/\"}]}<\/script>\n<!-- \/ Yoast SEO plugin. -->","yoast_head_json":{"title":"L\u2019Afrique est sous repr\u00e9sent\u00e9e dans la liste du patrimoine mondial de l\u2019UNESCO\u00a0: Rem\u00e9dier \u00e0 une autre injustice - La Sentinelle","robots":{"index":"index","follow":"follow","max-snippet":"max-snippet:-1","max-image-preview":"max-image-preview:large","max-video-preview":"max-video-preview:-1"},"canonical":"https:\/\/lasentinelle.dz\/index.php\/2025\/09\/10\/lafrique-est-sous-representee-dans-la-liste-du-patrimoine-mondial-de-lunesco-remedier-a-une-autre-injustice\/","og_locale":"fr_FR","og_type":"article","og_title":"L\u2019Afrique est sous repr\u00e9sent\u00e9e dans la liste du patrimoine mondial de l\u2019UNESCO\u00a0: Rem\u00e9dier \u00e0 une autre injustice - La Sentinelle","og_description":"Douze nouveaux sites alg\u00e9riens candidats au classement sur la liste du patrimoine mondial de l\u2019UNESCO, des statistiques qui r\u00e9v\u00e8lent un","og_url":"https:\/\/lasentinelle.dz\/index.php\/2025\/09\/10\/lafrique-est-sous-representee-dans-la-liste-du-patrimoine-mondial-de-lunesco-remedier-a-une-autre-injustice\/","og_site_name":"La Sentinelle","article_publisher":"https:\/\/www.facebook.com\/La-Sentinelle-104059864394773","article_published_time":"2025-09-10T12:00:33+00:00","article_modified_time":"2025-09-10T12:00:34+00:00","og_image":[{"width":1080,"height":608,"url":"https:\/\/lasentinelle.dz\/wp-content\/uploads\/2025\/09\/atelier.jpg","type":"image\/jpeg"}],"author":"admin","twitter_card":"summary_large_image","twitter_misc":{"\u00c9crit par":"admin","Dur\u00e9e de lecture estim\u00e9e":"5 minutes"},"schema":{"@context":"https:\/\/schema.org","@graph":[{"@type":"Article","@id":"https:\/\/lasentinelle.dz\/index.php\/2025\/09\/10\/lafrique-est-sous-representee-dans-la-liste-du-patrimoine-mondial-de-lunesco-remedier-a-une-autre-injustice\/#article","isPartOf":{"@id":"https:\/\/lasentinelle.dz\/index.php\/2025\/09\/10\/lafrique-est-sous-representee-dans-la-liste-du-patrimoine-mondial-de-lunesco-remedier-a-une-autre-injustice\/"},"author":{"name":"admin","@id":"https:\/\/lasentinelle.dz\/#\/schema\/person\/729ee0024f24e0b8c5ec17232f8e8b41"},"headline":"L\u2019Afrique est sous repr\u00e9sent\u00e9e dans la liste du patrimoine mondial de l\u2019UNESCO\u00a0: Rem\u00e9dier \u00e0 une autre injustice","datePublished":"2025-09-10T12:00:33+00:00","dateModified":"2025-09-10T12:00:34+00:00","mainEntityOfPage":{"@id":"https:\/\/lasentinelle.dz\/index.php\/2025\/09\/10\/lafrique-est-sous-representee-dans-la-liste-du-patrimoine-mondial-de-lunesco-remedier-a-une-autre-injustice\/"},"wordCount":875,"commentCount":0,"publisher":{"@id":"https:\/\/lasentinelle.dz\/#organization"},"image":{"@id":"https:\/\/lasentinelle.dz\/index.php\/2025\/09\/10\/lafrique-est-sous-representee-dans-la-liste-du-patrimoine-mondial-de-lunesco-remedier-a-une-autre-injustice\/#primaryimage"},"thumbnailUrl":"https:\/\/lasentinelle.dz\/wp-content\/uploads\/2025\/09\/atelier.jpg","articleSection":["Culture"],"inLanguage":"fr-FR","potentialAction":[{"@type":"CommentAction","name":"Comment","target":["https:\/\/lasentinelle.dz\/index.php\/2025\/09\/10\/lafrique-est-sous-representee-dans-la-liste-du-patrimoine-mondial-de-lunesco-remedier-a-une-autre-injustice\/#respond"]}]},{"@type":"WebPage","@id":"https:\/\/lasentinelle.dz\/index.php\/2025\/09\/10\/lafrique-est-sous-representee-dans-la-liste-du-patrimoine-mondial-de-lunesco-remedier-a-une-autre-injustice\/","url":"https:\/\/lasentinelle.dz\/index.php\/2025\/09\/10\/lafrique-est-sous-representee-dans-la-liste-du-patrimoine-mondial-de-lunesco-remedier-a-une-autre-injustice\/","name":"L\u2019Afrique est sous repr\u00e9sent\u00e9e dans la liste du patrimoine mondial de l\u2019UNESCO\u00a0: Rem\u00e9dier \u00e0 une autre injustice - La Sentinelle","isPartOf":{"@id":"https:\/\/lasentinelle.dz\/#website"},"primaryImageOfPage":{"@id":"https:\/\/lasentinelle.dz\/index.php\/2025\/09\/10\/lafrique-est-sous-representee-dans-la-liste-du-patrimoine-mondial-de-lunesco-remedier-a-une-autre-injustice\/#primaryimage"},"image":{"@id":"https:\/\/lasentinelle.dz\/index.php\/2025\/09\/10\/lafrique-est-sous-representee-dans-la-liste-du-patrimoine-mondial-de-lunesco-remedier-a-une-autre-injustice\/#primaryimage"},"thumbnailUrl":"https:\/\/lasentinelle.dz\/wp-content\/uploads\/2025\/09\/atelier.jpg","datePublished":"2025-09-10T12:00:33+00:00","dateModified":"2025-09-10T12:00:34+00:00","breadcrumb":{"@id":"https:\/\/lasentinelle.dz\/index.php\/2025\/09\/10\/lafrique-est-sous-representee-dans-la-liste-du-patrimoine-mondial-de-lunesco-remedier-a-une-autre-injustice\/#breadcrumb"},"inLanguage":"fr-FR","potentialAction":[{"@type":"ReadAction","target":["https:\/\/lasentinelle.dz\/index.php\/2025\/09\/10\/lafrique-est-sous-representee-dans-la-liste-du-patrimoine-mondial-de-lunesco-remedier-a-une-autre-injustice\/"]}]},{"@type":"ImageObject","inLanguage":"fr-FR","@id":"https:\/\/lasentinelle.dz\/index.php\/2025\/09\/10\/lafrique-est-sous-representee-dans-la-liste-du-patrimoine-mondial-de-lunesco-remedier-a-une-autre-injustice\/#primaryimage","url":"https:\/\/lasentinelle.dz\/wp-content\/uploads\/2025\/09\/atelier.jpg","contentUrl":"https:\/\/lasentinelle.dz\/wp-content\/uploads\/2025\/09\/atelier.jpg","width":1080,"height":608},{"@type":"BreadcrumbList","@id":"https:\/\/lasentinelle.dz\/index.php\/2025\/09\/10\/lafrique-est-sous-representee-dans-la-liste-du-patrimoine-mondial-de-lunesco-remedier-a-une-autre-injustice\/#breadcrumb","itemListElement":[{"@type":"ListItem","position":1,"name":"Accueil","item":"https:\/\/lasentinelle.dz\/"},{"@type":"ListItem","position":2,"name":"L\u2019Afrique est sous repr\u00e9sent\u00e9e dans la liste du patrimoine mondial de l\u2019UNESCO\u00a0: Rem\u00e9dier \u00e0 une autre injustice"}]},{"@type":"WebSite","@id":"https:\/\/lasentinelle.dz\/#website","url":"https:\/\/lasentinelle.dz\/","name":"La Sentinelle","description":"Quotidien national d&#039;information","publisher":{"@id":"https:\/\/lasentinelle.dz\/#organization"},"potentialAction":[{"@type":"SearchAction","target":{"@type":"EntryPoint","urlTemplate":"https:\/\/lasentinelle.dz\/?s={search_term_string}"},"query-input":{"@type":"PropertyValueSpecification","valueRequired":true,"valueName":"search_term_string"}}],"inLanguage":"fr-FR"},{"@type":"Organization","@id":"https:\/\/lasentinelle.dz\/#organization","name":"Quotidien La Sentinelle","url":"https:\/\/lasentinelle.dz\/","logo":{"@type":"ImageObject","inLanguage":"fr-FR","@id":"https:\/\/lasentinelle.dz\/#\/schema\/logo\/image\/","url":"https:\/\/lasentinelle.dz\/wp-content\/uploads\/2021\/09\/logo-sentinelleSLOGAN-1.png","contentUrl":"https:\/\/lasentinelle.dz\/wp-content\/uploads\/2021\/09\/logo-sentinelleSLOGAN-1.png","width":615,"height":142,"caption":"Quotidien La Sentinelle"},"image":{"@id":"https:\/\/lasentinelle.dz\/#\/schema\/logo\/image\/"},"sameAs":["https:\/\/www.facebook.com\/La-Sentinelle-104059864394773"]},{"@type":"Person","@id":"https:\/\/lasentinelle.dz\/#\/schema\/person\/729ee0024f24e0b8c5ec17232f8e8b41","name":"admin","image":{"@type":"ImageObject","inLanguage":"fr-FR","@id":"https:\/\/secure.gravatar.com\/avatar\/4c81fed838786e9b53f540bf46533e750f5d292099ae3b66cfc6fb1982e29df7?s=96&d=mm&r=g","url":"https:\/\/secure.gravatar.com\/avatar\/4c81fed838786e9b53f540bf46533e750f5d292099ae3b66cfc6fb1982e29df7?s=96&d=mm&r=g","contentUrl":"https:\/\/secure.gravatar.com\/avatar\/4c81fed838786e9b53f540bf46533e750f5d292099ae3b66cfc6fb1982e29df7?s=96&d=mm&r=g","caption":"admin"},"description":"admin","url":"https:\/\/lasentinelle.dz\/author\/admin\/"}]}},"_links":{"self":[{"href":"https:\/\/lasentinelle.dz\/index.php\/wp-json\/wp\/v2\/posts\/73148","targetHints":{"allow":["GET"]}}],"collection":[{"href":"https:\/\/lasentinelle.dz\/index.php\/wp-json\/wp\/v2\/posts"}],"about":[{"href":"https:\/\/lasentinelle.dz\/index.php\/wp-json\/wp\/v2\/types\/post"}],"author":[{"embeddable":true,"href":"https:\/\/lasentinelle.dz\/index.php\/wp-json\/wp\/v2\/users\/6"}],"replies":[{"embeddable":true,"href":"https:\/\/lasentinelle.dz\/index.php\/wp-json\/wp\/v2\/comments?post=73148"}],"version-history":[{"count":1,"href":"https:\/\/lasentinelle.dz\/index.php\/wp-json\/wp\/v2\/posts\/73148\/revisions"}],"predecessor-version":[{"id":73150,"href":"https:\/\/lasentinelle.dz\/index.php\/wp-json\/wp\/v2\/posts\/73148\/revisions\/73150"}],"wp:featuredmedia":[{"embeddable":true,"href":"https:\/\/lasentinelle.dz\/index.php\/wp-json\/wp\/v2\/media\/73149"}],"wp:attachment":[{"href":"https:\/\/lasentinelle.dz\/index.php\/wp-json\/wp\/v2\/media?parent=73148"}],"wp:term":[{"taxonomy":"category","embeddable":true,"href":"https:\/\/lasentinelle.dz\/index.php\/wp-json\/wp\/v2\/categories?post=73148"},{"taxonomy":"post_tag","embeddable":true,"href":"https:\/\/lasentinelle.dz\/index.php\/wp-json\/wp\/v2\/tags?post=73148"}],"curies":[{"name":"wp","href":"https:\/\/api.w.org\/{rel}","templated":true}]}}