{"id":73151,"date":"2025-09-10T13:01:36","date_gmt":"2025-09-10T12:01:36","guid":{"rendered":"https:\/\/lasentinelle.dz\/?p=73151"},"modified":"2025-09-10T13:01:37","modified_gmt":"2025-09-10T12:01:37","slug":"gestion-des-dechets-urbains-et-industriels-a-tebessa-deux-projets-majeurs-prennent-forme","status":"publish","type":"post","link":"https:\/\/lasentinelle.dz\/index.php\/2025\/09\/10\/gestion-des-dechets-urbains-et-industriels-a-tebessa-deux-projets-majeurs-prennent-forme\/","title":{"rendered":"Gestion des d\u00e9chets urbains et industriels \u00e0 T\u00e9bessa\u00a0: Deux projets majeurs prennent forme"},"content":{"rendered":"\n<p>La wilaya de T\u00e9bessa a b\u00e9n\u00e9fici\u00e9 de deux importants projets dont le lancement est imminent, dans l&rsquo;objectif d&rsquo;am\u00e9liorer la gestion des d\u00e9chets m\u00e9nagers et industriels. Le premier projet consiste en la mise en service d&rsquo;une station de traitement des lixiviats au centre d&rsquo;enfouissement technique du chef-lieu de wilaya, destin\u00e9e \u00e0 filtrer et traiter les liquides polluants issus des ordures m\u00e9nag\u00e8res qui menacent les sols et les nappes phr\u00e9atiques. Le second projet concerne la r\u00e9alisation d&rsquo;un centre d&rsquo;enfouissement technique pour les d\u00e9chets industriels de cat\u00e9gorie sp\u00e9ciale, difficiles \u00e0 \u00e9liminer par les proc\u00e9d\u00e9s classiques, qui a \u00e9t\u00e9 engag\u00e9 pour assurer leur traitement s\u00fbr et leur contr\u00f4le, afin d&rsquo;\u00e9viter leurs effets nocifs sur la sant\u00e9 publique et l&rsquo;environnement.<\/p>\n\n\n\n<p>Ces projets ont \u00e9t\u00e9 annonc\u00e9s lors d&rsquo;une r\u00e9union \u00e0 laquelle a pris part une d\u00e9l\u00e9gation du minist\u00e8re de l&rsquo;Environnement et de la Qualit\u00e9 de vie, en plus du repr\u00e9sentant de l&rsquo;Agence nationale des d\u00e9chets. Cette rencontre fait suite \u00e0 la demande du premier responsable de la wilaya, soucieux de trouver des solutions rapides et durables aux probl\u00e8mes li\u00e9s \u00e0 la gestion des d\u00e9chets dans la wilaya de T\u00e9bessa. \u00c9taient \u00e9galement pr\u00e9sents \u00e0 cette r\u00e9union plusieurs responsables de secteurs concern\u00e9s, qui ont exprim\u00e9 leur volont\u00e9 de coordonner leurs efforts afin de concr\u00e9tiser ces projets cruciaux dans les meilleurs d\u00e9lais.<\/p>\n\n\n\n<p>Ces initiatives s&rsquo;inscrivent dans une strat\u00e9gie plus large visant \u00e0 prot\u00e9ger l&rsquo;environnement contre la pollution, am\u00e9liorer les conditions de vie des populations et moderniser la gestion des d\u00e9chets au niveau local. Les autorit\u00e9s locales aspirent ainsi \u00e0 faire de cette wilaya frontali\u00e8re un mod\u00e8le en mati\u00e8re de gestion \u00e9cologique et de d\u00e9veloppement durable. Ces projets prennent toute leur importance face aux risques que repr\u00e9sentent certains r\u00e9sidus industriels, dont la manipulation ou l&rsquo;\u00e9limination inappropri\u00e9e peut nuire durablement \u00e0 la sant\u00e9 publique et \u00e0 l&rsquo;\u00e9quilibre environnemental.<\/p>\n\n\n\n<p>Sofia Chahine<\/p>\n","protected":false},"excerpt":{"rendered":"<p>La wilaya de T\u00e9bessa a b\u00e9n\u00e9fici\u00e9 de deux importants projets dont le lancement est imminent, dans l&rsquo;objectif d&rsquo;am\u00e9liorer la gestion<\/p>\n","protected":false},"author":6,"featured_media":22106,"comment_status":"open","ping_status":"closed","sticky":false,"template":"","format":"standard","meta":{"colormag_page_container_layout":"default_layout","colormag_page_sidebar_layout":"default_layout","om_disable_all_campaigns":false,"_monsterinsights_skip_tracking":false,"_monsterinsights_sitenote_active":false,"_monsterinsights_sitenote_note":"","_monsterinsights_sitenote_category":0,"footnotes":"","_wpscppro_dont_share_socialmedia":false,"_wpscppro_custom_social_share_image":0,"_facebook_share_type":"default","_twitter_share_type":"default","_linkedin_share_type":"default","_pinterest_share_type":"default","_linkedin_share_type_page":"","_instagram_share_type":"default","_medium_share_type":"default","_threads_share_type":"default","_google_business_share_type":"default","_selected_social_profile":[],"_wpsp_enable_custom_social_template":false,"_wpsp_social_scheduling":{"enabled":false,"datetime":null,"platforms":[],"status":"template_only","dateOption":"today","timeOption":"now","customDays":"","customHours":"","customDate":"","customTime":"","schedulingType":"absolute"},"_wpsp_active_default_template":true},"categories":[31],"tags":[],"class_list":["post-73151","post","type-post","status-publish","format-standard","has-post-thumbnail","hentry","category-regions"],"aioseo_notices":[],"yoast_head":"<!-- This site is optimized with the Yoast SEO plugin v27.5 - https:\/\/yoast.com\/product\/yoast-seo-wordpress\/ -->\n<title>Gestion des d\u00e9chets urbains et industriels \u00e0 T\u00e9bessa\u00a0: Deux projets majeurs prennent forme - La Sentinelle<\/title>\n<meta name=\"robots\" content=\"index, follow, max-snippet:-1, max-image-preview:large, max-video-preview:-1\" \/>\n<link rel=\"canonical\" href=\"https:\/\/lasentinelle.dz\/index.php\/2025\/09\/10\/gestion-des-dechets-urbains-et-industriels-a-tebessa-deux-projets-majeurs-prennent-forme\/\" \/>\n<meta property=\"og:locale\" content=\"fr_FR\" \/>\n<meta property=\"og:type\" content=\"article\" \/>\n<meta property=\"og:title\" content=\"Gestion des d\u00e9chets urbains et industriels \u00e0 T\u00e9bessa\u00a0: Deux projets majeurs prennent forme - La Sentinelle\" \/>\n<meta property=\"og:description\" content=\"La wilaya de T\u00e9bessa a b\u00e9n\u00e9fici\u00e9 de deux importants projets dont le lancement est imminent, dans l&rsquo;objectif d&rsquo;am\u00e9liorer la gestion\" \/>\n<meta property=\"og:url\" content=\"https:\/\/lasentinelle.dz\/index.php\/2025\/09\/10\/gestion-des-dechets-urbains-et-industriels-a-tebessa-deux-projets-majeurs-prennent-forme\/\" \/>\n<meta property=\"og:site_name\" content=\"La Sentinelle\" \/>\n<meta property=\"article:publisher\" content=\"https:\/\/www.facebook.com\/La-Sentinelle-104059864394773\" \/>\n<meta property=\"article:published_time\" content=\"2025-09-10T12:01:36+00:00\" \/>\n<meta property=\"article:modified_time\" content=\"2025-09-10T12:01:37+00:00\" \/>\n<meta property=\"og:image\" content=\"https:\/\/lasentinelle.dz\/wp-content\/uploads\/2022\/06\/recyclage-des-dechets.png\" \/>\n\t<meta property=\"og:image:width\" content=\"1800\" \/>\n\t<meta property=\"og:image:height\" content=\"900\" \/>\n\t<meta property=\"og:image:type\" content=\"image\/png\" \/>\n<meta name=\"author\" content=\"admin\" \/>\n<meta name=\"twitter:card\" content=\"summary_large_image\" \/>\n<meta name=\"twitter:label1\" content=\"\u00c9crit par\" \/>\n\t<meta name=\"twitter:data1\" content=\"admin\" \/>\n\t<meta name=\"twitter:label2\" content=\"Dur\u00e9e de lecture estim\u00e9e\" \/>\n\t<meta name=\"twitter:data2\" content=\"2 minutes\" \/>\n<script type=\"application\/ld+json\" class=\"yoast-schema-graph\">{\"@context\":\"https:\\\/\\\/schema.org\",\"@graph\":[{\"@type\":\"Article\",\"@id\":\"https:\\\/\\\/lasentinelle.dz\\\/index.php\\\/2025\\\/09\\\/10\\\/gestion-des-dechets-urbains-et-industriels-a-tebessa-deux-projets-majeurs-prennent-forme\\\/#article\",\"isPartOf\":{\"@id\":\"https:\\\/\\\/lasentinelle.dz\\\/index.php\\\/2025\\\/09\\\/10\\\/gestion-des-dechets-urbains-et-industriels-a-tebessa-deux-projets-majeurs-prennent-forme\\\/\"},\"author\":{\"name\":\"admin\",\"@id\":\"https:\\\/\\\/lasentinelle.dz\\\/#\\\/schema\\\/person\\\/729ee0024f24e0b8c5ec17232f8e8b41\"},\"headline\":\"Gestion des d\u00e9chets urbains et industriels \u00e0 T\u00e9bessa\u00a0: Deux projets majeurs prennent forme\",\"datePublished\":\"2025-09-10T12:01:36+00:00\",\"dateModified\":\"2025-09-10T12:01:37+00:00\",\"mainEntityOfPage\":{\"@id\":\"https:\\\/\\\/lasentinelle.dz\\\/index.php\\\/2025\\\/09\\\/10\\\/gestion-des-dechets-urbains-et-industriels-a-tebessa-deux-projets-majeurs-prennent-forme\\\/\"},\"wordCount\":364,\"commentCount\":0,\"publisher\":{\"@id\":\"https:\\\/\\\/lasentinelle.dz\\\/#organization\"},\"image\":{\"@id\":\"https:\\\/\\\/lasentinelle.dz\\\/index.php\\\/2025\\\/09\\\/10\\\/gestion-des-dechets-urbains-et-industriels-a-tebessa-deux-projets-majeurs-prennent-forme\\\/#primaryimage\"},\"thumbnailUrl\":\"https:\\\/\\\/lasentinelle.dz\\\/wp-content\\\/uploads\\\/2022\\\/06\\\/recyclage-des-dechets.png\",\"articleSection\":[\"R\u00e9gions\"],\"inLanguage\":\"fr-FR\",\"potentialAction\":[{\"@type\":\"CommentAction\",\"name\":\"Comment\",\"target\":[\"https:\\\/\\\/lasentinelle.dz\\\/index.php\\\/2025\\\/09\\\/10\\\/gestion-des-dechets-urbains-et-industriels-a-tebessa-deux-projets-majeurs-prennent-forme\\\/#respond\"]}]},{\"@type\":\"WebPage\",\"@id\":\"https:\\\/\\\/lasentinelle.dz\\\/index.php\\\/2025\\\/09\\\/10\\\/gestion-des-dechets-urbains-et-industriels-a-tebessa-deux-projets-majeurs-prennent-forme\\\/\",\"url\":\"https:\\\/\\\/lasentinelle.dz\\\/index.php\\\/2025\\\/09\\\/10\\\/gestion-des-dechets-urbains-et-industriels-a-tebessa-deux-projets-majeurs-prennent-forme\\\/\",\"name\":\"Gestion des d\u00e9chets urbains et industriels \u00e0 T\u00e9bessa\u00a0: Deux projets majeurs prennent forme - La Sentinelle\",\"isPartOf\":{\"@id\":\"https:\\\/\\\/lasentinelle.dz\\\/#website\"},\"primaryImageOfPage\":{\"@id\":\"https:\\\/\\\/lasentinelle.dz\\\/index.php\\\/2025\\\/09\\\/10\\\/gestion-des-dechets-urbains-et-industriels-a-tebessa-deux-projets-majeurs-prennent-forme\\\/#primaryimage\"},\"image\":{\"@id\":\"https:\\\/\\\/lasentinelle.dz\\\/index.php\\\/2025\\\/09\\\/10\\\/gestion-des-dechets-urbains-et-industriels-a-tebessa-deux-projets-majeurs-prennent-forme\\\/#primaryimage\"},\"thumbnailUrl\":\"https:\\\/\\\/lasentinelle.dz\\\/wp-content\\\/uploads\\\/2022\\\/06\\\/recyclage-des-dechets.png\",\"datePublished\":\"2025-09-10T12:01:36+00:00\",\"dateModified\":\"2025-09-10T12:01:37+00:00\",\"breadcrumb\":{\"@id\":\"https:\\\/\\\/lasentinelle.dz\\\/index.php\\\/2025\\\/09\\\/10\\\/gestion-des-dechets-urbains-et-industriels-a-tebessa-deux-projets-majeurs-prennent-forme\\\/#breadcrumb\"},\"inLanguage\":\"fr-FR\",\"potentialAction\":[{\"@type\":\"ReadAction\",\"target\":[\"https:\\\/\\\/lasentinelle.dz\\\/index.php\\\/2025\\\/09\\\/10\\\/gestion-des-dechets-urbains-et-industriels-a-tebessa-deux-projets-majeurs-prennent-forme\\\/\"]}]},{\"@type\":\"ImageObject\",\"inLanguage\":\"fr-FR\",\"@id\":\"https:\\\/\\\/lasentinelle.dz\\\/index.php\\\/2025\\\/09\\\/10\\\/gestion-des-dechets-urbains-et-industriels-a-tebessa-deux-projets-majeurs-prennent-forme\\\/#primaryimage\",\"url\":\"https:\\\/\\\/lasentinelle.dz\\\/wp-content\\\/uploads\\\/2022\\\/06\\\/recyclage-des-dechets.png\",\"contentUrl\":\"https:\\\/\\\/lasentinelle.dz\\\/wp-content\\\/uploads\\\/2022\\\/06\\\/recyclage-des-dechets.png\",\"width\":1800,\"height\":900},{\"@type\":\"BreadcrumbList\",\"@id\":\"https:\\\/\\\/lasentinelle.dz\\\/index.php\\\/2025\\\/09\\\/10\\\/gestion-des-dechets-urbains-et-industriels-a-tebessa-deux-projets-majeurs-prennent-forme\\\/#breadcrumb\",\"itemListElement\":[{\"@type\":\"ListItem\",\"position\":1,\"name\":\"Accueil\",\"item\":\"https:\\\/\\\/lasentinelle.dz\\\/\"},{\"@type\":\"ListItem\",\"position\":2,\"name\":\"Gestion des d\u00e9chets urbains et industriels \u00e0 T\u00e9bessa\u00a0: Deux projets majeurs prennent forme\"}]},{\"@type\":\"WebSite\",\"@id\":\"https:\\\/\\\/lasentinelle.dz\\\/#website\",\"url\":\"https:\\\/\\\/lasentinelle.dz\\\/\",\"name\":\"La Sentinelle\",\"description\":\"Quotidien national d&#039;information\",\"publisher\":{\"@id\":\"https:\\\/\\\/lasentinelle.dz\\\/#organization\"},\"potentialAction\":[{\"@type\":\"SearchAction\",\"target\":{\"@type\":\"EntryPoint\",\"urlTemplate\":\"https:\\\/\\\/lasentinelle.dz\\\/?s={search_term_string}\"},\"query-input\":{\"@type\":\"PropertyValueSpecification\",\"valueRequired\":true,\"valueName\":\"search_term_string\"}}],\"inLanguage\":\"fr-FR\"},{\"@type\":\"Organization\",\"@id\":\"https:\\\/\\\/lasentinelle.dz\\\/#organization\",\"name\":\"Quotidien La Sentinelle\",\"url\":\"https:\\\/\\\/lasentinelle.dz\\\/\",\"logo\":{\"@type\":\"ImageObject\",\"inLanguage\":\"fr-FR\",\"@id\":\"https:\\\/\\\/lasentinelle.dz\\\/#\\\/schema\\\/logo\\\/image\\\/\",\"url\":\"https:\\\/\\\/lasentinelle.dz\\\/wp-content\\\/uploads\\\/2021\\\/09\\\/logo-sentinelleSLOGAN-1.png\",\"contentUrl\":\"https:\\\/\\\/lasentinelle.dz\\\/wp-content\\\/uploads\\\/2021\\\/09\\\/logo-sentinelleSLOGAN-1.png\",\"width\":615,\"height\":142,\"caption\":\"Quotidien La Sentinelle\"},\"image\":{\"@id\":\"https:\\\/\\\/lasentinelle.dz\\\/#\\\/schema\\\/logo\\\/image\\\/\"},\"sameAs\":[\"https:\\\/\\\/www.facebook.com\\\/La-Sentinelle-104059864394773\"]},{\"@type\":\"Person\",\"@id\":\"https:\\\/\\\/lasentinelle.dz\\\/#\\\/schema\\\/person\\\/729ee0024f24e0b8c5ec17232f8e8b41\",\"name\":\"admin\",\"image\":{\"@type\":\"ImageObject\",\"inLanguage\":\"fr-FR\",\"@id\":\"https:\\\/\\\/secure.gravatar.com\\\/avatar\\\/4c81fed838786e9b53f540bf46533e750f5d292099ae3b66cfc6fb1982e29df7?s=96&d=mm&r=g\",\"url\":\"https:\\\/\\\/secure.gravatar.com\\\/avatar\\\/4c81fed838786e9b53f540bf46533e750f5d292099ae3b66cfc6fb1982e29df7?s=96&d=mm&r=g\",\"contentUrl\":\"https:\\\/\\\/secure.gravatar.com\\\/avatar\\\/4c81fed838786e9b53f540bf46533e750f5d292099ae3b66cfc6fb1982e29df7?s=96&d=mm&r=g\",\"caption\":\"admin\"},\"description\":\"admin\",\"url\":\"https:\\\/\\\/lasentinelle.dz\\\/author\\\/admin\\\/\"}]}<\/script>\n<!-- \/ Yoast SEO plugin. -->","yoast_head_json":{"title":"Gestion des d\u00e9chets urbains et industriels \u00e0 T\u00e9bessa\u00a0: Deux projets majeurs prennent forme - La Sentinelle","robots":{"index":"index","follow":"follow","max-snippet":"max-snippet:-1","max-image-preview":"max-image-preview:large","max-video-preview":"max-video-preview:-1"},"canonical":"https:\/\/lasentinelle.dz\/index.php\/2025\/09\/10\/gestion-des-dechets-urbains-et-industriels-a-tebessa-deux-projets-majeurs-prennent-forme\/","og_locale":"fr_FR","og_type":"article","og_title":"Gestion des d\u00e9chets urbains et industriels \u00e0 T\u00e9bessa\u00a0: Deux projets majeurs prennent forme - La Sentinelle","og_description":"La wilaya de T\u00e9bessa a b\u00e9n\u00e9fici\u00e9 de deux importants projets dont le lancement est imminent, dans l&rsquo;objectif d&rsquo;am\u00e9liorer la gestion","og_url":"https:\/\/lasentinelle.dz\/index.php\/2025\/09\/10\/gestion-des-dechets-urbains-et-industriels-a-tebessa-deux-projets-majeurs-prennent-forme\/","og_site_name":"La Sentinelle","article_publisher":"https:\/\/www.facebook.com\/La-Sentinelle-104059864394773","article_published_time":"2025-09-10T12:01:36+00:00","article_modified_time":"2025-09-10T12:01:37+00:00","og_image":[{"width":1800,"height":900,"url":"https:\/\/lasentinelle.dz\/wp-content\/uploads\/2022\/06\/recyclage-des-dechets.png","type":"image\/png"}],"author":"admin","twitter_card":"summary_large_image","twitter_misc":{"\u00c9crit par":"admin","Dur\u00e9e de lecture estim\u00e9e":"2 minutes"},"schema":{"@context":"https:\/\/schema.org","@graph":[{"@type":"Article","@id":"https:\/\/lasentinelle.dz\/index.php\/2025\/09\/10\/gestion-des-dechets-urbains-et-industriels-a-tebessa-deux-projets-majeurs-prennent-forme\/#article","isPartOf":{"@id":"https:\/\/lasentinelle.dz\/index.php\/2025\/09\/10\/gestion-des-dechets-urbains-et-industriels-a-tebessa-deux-projets-majeurs-prennent-forme\/"},"author":{"name":"admin","@id":"https:\/\/lasentinelle.dz\/#\/schema\/person\/729ee0024f24e0b8c5ec17232f8e8b41"},"headline":"Gestion des d\u00e9chets urbains et industriels \u00e0 T\u00e9bessa\u00a0: Deux projets majeurs prennent forme","datePublished":"2025-09-10T12:01:36+00:00","dateModified":"2025-09-10T12:01:37+00:00","mainEntityOfPage":{"@id":"https:\/\/lasentinelle.dz\/index.php\/2025\/09\/10\/gestion-des-dechets-urbains-et-industriels-a-tebessa-deux-projets-majeurs-prennent-forme\/"},"wordCount":364,"commentCount":0,"publisher":{"@id":"https:\/\/lasentinelle.dz\/#organization"},"image":{"@id":"https:\/\/lasentinelle.dz\/index.php\/2025\/09\/10\/gestion-des-dechets-urbains-et-industriels-a-tebessa-deux-projets-majeurs-prennent-forme\/#primaryimage"},"thumbnailUrl":"https:\/\/lasentinelle.dz\/wp-content\/uploads\/2022\/06\/recyclage-des-dechets.png","articleSection":["R\u00e9gions"],"inLanguage":"fr-FR","potentialAction":[{"@type":"CommentAction","name":"Comment","target":["https:\/\/lasentinelle.dz\/index.php\/2025\/09\/10\/gestion-des-dechets-urbains-et-industriels-a-tebessa-deux-projets-majeurs-prennent-forme\/#respond"]}]},{"@type":"WebPage","@id":"https:\/\/lasentinelle.dz\/index.php\/2025\/09\/10\/gestion-des-dechets-urbains-et-industriels-a-tebessa-deux-projets-majeurs-prennent-forme\/","url":"https:\/\/lasentinelle.dz\/index.php\/2025\/09\/10\/gestion-des-dechets-urbains-et-industriels-a-tebessa-deux-projets-majeurs-prennent-forme\/","name":"Gestion des d\u00e9chets urbains et industriels \u00e0 T\u00e9bessa\u00a0: Deux projets majeurs prennent forme - La Sentinelle","isPartOf":{"@id":"https:\/\/lasentinelle.dz\/#website"},"primaryImageOfPage":{"@id":"https:\/\/lasentinelle.dz\/index.php\/2025\/09\/10\/gestion-des-dechets-urbains-et-industriels-a-tebessa-deux-projets-majeurs-prennent-forme\/#primaryimage"},"image":{"@id":"https:\/\/lasentinelle.dz\/index.php\/2025\/09\/10\/gestion-des-dechets-urbains-et-industriels-a-tebessa-deux-projets-majeurs-prennent-forme\/#primaryimage"},"thumbnailUrl":"https:\/\/lasentinelle.dz\/wp-content\/uploads\/2022\/06\/recyclage-des-dechets.png","datePublished":"2025-09-10T12:01:36+00:00","dateModified":"2025-09-10T12:01:37+00:00","breadcrumb":{"@id":"https:\/\/lasentinelle.dz\/index.php\/2025\/09\/10\/gestion-des-dechets-urbains-et-industriels-a-tebessa-deux-projets-majeurs-prennent-forme\/#breadcrumb"},"inLanguage":"fr-FR","potentialAction":[{"@type":"ReadAction","target":["https:\/\/lasentinelle.dz\/index.php\/2025\/09\/10\/gestion-des-dechets-urbains-et-industriels-a-tebessa-deux-projets-majeurs-prennent-forme\/"]}]},{"@type":"ImageObject","inLanguage":"fr-FR","@id":"https:\/\/lasentinelle.dz\/index.php\/2025\/09\/10\/gestion-des-dechets-urbains-et-industriels-a-tebessa-deux-projets-majeurs-prennent-forme\/#primaryimage","url":"https:\/\/lasentinelle.dz\/wp-content\/uploads\/2022\/06\/recyclage-des-dechets.png","contentUrl":"https:\/\/lasentinelle.dz\/wp-content\/uploads\/2022\/06\/recyclage-des-dechets.png","width":1800,"height":900},{"@type":"BreadcrumbList","@id":"https:\/\/lasentinelle.dz\/index.php\/2025\/09\/10\/gestion-des-dechets-urbains-et-industriels-a-tebessa-deux-projets-majeurs-prennent-forme\/#breadcrumb","itemListElement":[{"@type":"ListItem","position":1,"name":"Accueil","item":"https:\/\/lasentinelle.dz\/"},{"@type":"ListItem","position":2,"name":"Gestion des d\u00e9chets urbains et industriels \u00e0 T\u00e9bessa\u00a0: Deux projets majeurs prennent forme"}]},{"@type":"WebSite","@id":"https:\/\/lasentinelle.dz\/#website","url":"https:\/\/lasentinelle.dz\/","name":"La Sentinelle","description":"Quotidien national d&#039;information","publisher":{"@id":"https:\/\/lasentinelle.dz\/#organization"},"potentialAction":[{"@type":"SearchAction","target":{"@type":"EntryPoint","urlTemplate":"https:\/\/lasentinelle.dz\/?s={search_term_string}"},"query-input":{"@type":"PropertyValueSpecification","valueRequired":true,"valueName":"search_term_string"}}],"inLanguage":"fr-FR"},{"@type":"Organization","@id":"https:\/\/lasentinelle.dz\/#organization","name":"Quotidien La Sentinelle","url":"https:\/\/lasentinelle.dz\/","logo":{"@type":"ImageObject","inLanguage":"fr-FR","@id":"https:\/\/lasentinelle.dz\/#\/schema\/logo\/image\/","url":"https:\/\/lasentinelle.dz\/wp-content\/uploads\/2021\/09\/logo-sentinelleSLOGAN-1.png","contentUrl":"https:\/\/lasentinelle.dz\/wp-content\/uploads\/2021\/09\/logo-sentinelleSLOGAN-1.png","width":615,"height":142,"caption":"Quotidien La Sentinelle"},"image":{"@id":"https:\/\/lasentinelle.dz\/#\/schema\/logo\/image\/"},"sameAs":["https:\/\/www.facebook.com\/La-Sentinelle-104059864394773"]},{"@type":"Person","@id":"https:\/\/lasentinelle.dz\/#\/schema\/person\/729ee0024f24e0b8c5ec17232f8e8b41","name":"admin","image":{"@type":"ImageObject","inLanguage":"fr-FR","@id":"https:\/\/secure.gravatar.com\/avatar\/4c81fed838786e9b53f540bf46533e750f5d292099ae3b66cfc6fb1982e29df7?s=96&d=mm&r=g","url":"https:\/\/secure.gravatar.com\/avatar\/4c81fed838786e9b53f540bf46533e750f5d292099ae3b66cfc6fb1982e29df7?s=96&d=mm&r=g","contentUrl":"https:\/\/secure.gravatar.com\/avatar\/4c81fed838786e9b53f540bf46533e750f5d292099ae3b66cfc6fb1982e29df7?s=96&d=mm&r=g","caption":"admin"},"description":"admin","url":"https:\/\/lasentinelle.dz\/author\/admin\/"}]}},"_links":{"self":[{"href":"https:\/\/lasentinelle.dz\/index.php\/wp-json\/wp\/v2\/posts\/73151","targetHints":{"allow":["GET"]}}],"collection":[{"href":"https:\/\/lasentinelle.dz\/index.php\/wp-json\/wp\/v2\/posts"}],"about":[{"href":"https:\/\/lasentinelle.dz\/index.php\/wp-json\/wp\/v2\/types\/post"}],"author":[{"embeddable":true,"href":"https:\/\/lasentinelle.dz\/index.php\/wp-json\/wp\/v2\/users\/6"}],"replies":[{"embeddable":true,"href":"https:\/\/lasentinelle.dz\/index.php\/wp-json\/wp\/v2\/comments?post=73151"}],"version-history":[{"count":1,"href":"https:\/\/lasentinelle.dz\/index.php\/wp-json\/wp\/v2\/posts\/73151\/revisions"}],"predecessor-version":[{"id":73152,"href":"https:\/\/lasentinelle.dz\/index.php\/wp-json\/wp\/v2\/posts\/73151\/revisions\/73152"}],"wp:featuredmedia":[{"embeddable":true,"href":"https:\/\/lasentinelle.dz\/index.php\/wp-json\/wp\/v2\/media\/22106"}],"wp:attachment":[{"href":"https:\/\/lasentinelle.dz\/index.php\/wp-json\/wp\/v2\/media?parent=73151"}],"wp:term":[{"taxonomy":"category","embeddable":true,"href":"https:\/\/lasentinelle.dz\/index.php\/wp-json\/wp\/v2\/categories?post=73151"},{"taxonomy":"post_tag","embeddable":true,"href":"https:\/\/lasentinelle.dz\/index.php\/wp-json\/wp\/v2\/tags?post=73151"}],"curies":[{"name":"wp","href":"https:\/\/api.w.org\/{rel}","templated":true}]}}