{"id":73157,"date":"2025-09-10T13:05:17","date_gmt":"2025-09-10T12:05:17","guid":{"rendered":"https:\/\/lasentinelle.dz\/?p=73157"},"modified":"2025-09-10T13:05:18","modified_gmt":"2025-09-10T12:05:18","slug":"afrique-subsaharienne-le-gpl-maillon-oublie-de-la-transition-energetique","status":"publish","type":"post","link":"https:\/\/lasentinelle.dz\/index.php\/2025\/09\/10\/afrique-subsaharienne-le-gpl-maillon-oublie-de-la-transition-energetique\/","title":{"rendered":"Afrique subsaharienne\u00a0: Le GPL, maillon oubli\u00e9 de la transition \u00e9nerg\u00e9tique"},"content":{"rendered":"\n<p>Pr\u00e8s d\u2019un milliard de personnes en Afrique subsaharienne continueront, en 2024, \u00e0 cuisiner au bois, au charbon ou \u00e0 la bouse s\u00e9ch\u00e9e. Ce constat, tir\u00e9 du dernier rapport du dernier rapport du Forum des pays exportateurs de gaz (GECF), illustre l\u2019ampleur d\u2019une crise silencieuse : celle de la cuisson propre. Derri\u00e8re ces chiffres se cachent des co\u00fbts humains, \u00e9conomiques et environnementaux colossaux. Selon le document, \u00ab la d\u00e9pendance \u00e0 la biomasse impose des co\u00fbts profonds : 815 000 d\u00e9c\u00e8s pr\u00e9matur\u00e9s par an dus \u00e0 la pollution de l\u2019air domestique et la perte de 1,3 million d\u2019hectares de for\u00eats \u00bb. Le temps consacr\u00e9 \u00e0 la collecte du bois \u2014 assum\u00e9 majoritairement par les femmes et les filles \u2014 prive des millions de foyers d\u2019\u00e9ducation, de revenus et de productivit\u00e9. Dans ce contexte, le gaz de p\u00e9trole liqu\u00e9fi\u00e9 (GPL) appara\u00eet comme \u00ab une solution \u00e9prouv\u00e9e et \u00e9volutive \u00bb pour transformer cette r\u00e9alit\u00e9. Mais son adoption reste marginale, frein\u00e9e par des obstacles structurels.<\/p>\n\n\n\n<p>Le premier est financier. Passer au GPL exige l\u2019achat d\u2019un kit de d\u00e9marrage (bouteille, r\u00e9chaud, d\u00e9tendeur) qui repr\u00e9sente entre 7 % et 75 % du revenu mensuel rural selon les pays, explique le rapport. Au Soudan, cette d\u00e9pense absorbe pr\u00e8s des trois quarts du revenu moyen ; en Ouganda, presque la moiti\u00e9 ; au Ghana, encore un cinqui\u00e8me. \u00c0 cela s\u2019ajoutent des co\u00fbts de recharge r\u00e9currents, repr\u00e9sentant environ 5 % du revenu mensuel, un seuil insurmontable pour des m\u00e9nages vivant avec moins de 2,15 dollars par jour. M\u00eame quand la demande existe, l\u2019offre ne suit pas. Le rapport rel\u00e8ve un \u00ab sous-investissement chronique dans les terminaux, d\u00e9p\u00f4ts, unit\u00e9s d\u2019embouteillage et r\u00e9seaux ruraux \u00bb. R\u00e9sultat : en zones rurales, les prix du GPL grimpent de 20 \u00e0 40 % au-dessus de la moyenne nationale. Faute d\u2019infrastructures, investisseurs et m\u00e9nages se retrouvent pi\u00e9g\u00e9s dans un cercle vicieux : peu de demande, donc peu d\u2019investissement, donc des prix plus \u00e9lev\u00e9s encore.<\/p>\n\n\n\n<p>Face \u00e0 cette \u00e9quation, le GECF tranche : \u00ab Les subventions ne sont pas facultatives, elles sont in\u00e9vitables. \u00bb Mais il ne s\u2019agit plus de programmes universels co\u00fbteux et inefficaces, comme au S\u00e9n\u00e9gal dans les ann\u00e9es 2000. Le rapport plaide pour des dispositifs \u00ab cibl\u00e9s, efficaces et limit\u00e9s dans le temps \u00bb, combinant aides \u00e0 l\u2019acquisition des kits, soutien temporaire aux recharges et exon\u00e9rations fiscales intelligentes. Les exemples r\u00e9gionaux abondent : au Cameroun, des subventions sur les recharges ont permis de tripler la consommation domestique en six ans, faisant passer l\u2019acc\u00e8s national de 12 % \u00e0 pr\u00e8s de 30 %. Au Rwanda, un mod\u00e8le innovant de Pay-As-You-Go (PAYG), associant kits subventionn\u00e9s et paiements mobiles par petites tranches, a d\u00e9j\u00e0 s\u00e9duit plus de 10 000 foyers.<\/p>\n\n\n\n<p>200 milliards de dollars de b\u00e9n\u00e9fices potentiels<\/p>\n\n\n\n<p>Au-del\u00e0 du social, le GPL s\u2019impose comme une brique de la transition \u00e9nerg\u00e9tique africaine. Il r\u00e9duit imm\u00e9diatement la pression sur les for\u00eats et les \u00e9missions de particules fines, tout en lib\u00e9rant du temps pour des activit\u00e9s g\u00e9n\u00e9ratrices de revenus. \u00ab Corriger ces distorsions par des subventions n\u2019est pas une charge fiscale, mais un investissement strat\u00e9gique \u00bb, insiste le rapport, chiffrant \u00e0 200 milliards de dollars les co-b\u00e9n\u00e9fices potentiels en sant\u00e9, \u00e9galit\u00e9 de genre, productivit\u00e9 et durabilit\u00e9. Pour \u00eatre efficaces, ces soutiens doivent s\u2019inscrire dans un cadre plus large : stabilit\u00e9 r\u00e9glementaire, d\u00e9veloppement des infrastructures, financement innovant et coop\u00e9ration r\u00e9gionale. L\u2019int\u00e9gration via la ZLECAf ou l\u2019Union africaine permettrait d\u2019harmoniser les normes, de mutualiser les achats et de s\u00e9curiser l\u2019approvisionnement. En d\u00e9finitive, le GPL ne constitue pas une solution miracle ni un substitut aux \u00e9nergies renouvelables. Mais il repr\u00e9sente une passerelle indispensable vers la modernit\u00e9 \u00e9nerg\u00e9tique pour des millions de foyers africains. Ignorer la cuisson propre dans la transition \u00e9nerg\u00e9tique, c\u2019est oublier qu\u2019elle concerne la moiti\u00e9 de l\u2019\u00e9nergie consomm\u00e9e dans la r\u00e9gion et qu\u2019elle conditionne directement la sant\u00e9, la productivit\u00e9 et l\u2019\u00e9galit\u00e9 des chances. Loin d\u2019\u00eatre un luxe, c\u2019est une urgence.<\/p>\n\n\n\n<p>Sabrina Aziouez<\/p>\n","protected":false},"excerpt":{"rendered":"<p>Pr\u00e8s d\u2019un milliard de personnes en Afrique subsaharienne continueront, en 2024, \u00e0 cuisiner au bois, au charbon ou \u00e0 la<\/p>\n","protected":false},"author":6,"featured_media":73158,"comment_status":"open","ping_status":"closed","sticky":false,"template":"","format":"standard","meta":{"colormag_page_container_layout":"default_layout","colormag_page_sidebar_layout":"default_layout","om_disable_all_campaigns":false,"_monsterinsights_skip_tracking":false,"_monsterinsights_sitenote_active":false,"_monsterinsights_sitenote_note":"","_monsterinsights_sitenote_category":0,"footnotes":"","_wpscppro_dont_share_socialmedia":false,"_wpscppro_custom_social_share_image":0,"_facebook_share_type":"default","_twitter_share_type":"default","_linkedin_share_type":"default","_pinterest_share_type":"default","_linkedin_share_type_page":"","_instagram_share_type":"default","_medium_share_type":"default","_threads_share_type":"default","_google_business_share_type":"default","_selected_social_profile":[],"_wpsp_enable_custom_social_template":false,"_wpsp_social_scheduling":{"enabled":false,"datetime":null,"platforms":[],"status":"template_only","dateOption":"today","timeOption":"now","customDays":"","customHours":"","customDate":"","customTime":"","schedulingType":"absolute"},"_wpsp_active_default_template":true},"categories":[29],"tags":[],"class_list":["post-73157","post","type-post","status-publish","format-standard","has-post-thumbnail","hentry","category-economie"],"aioseo_notices":[],"yoast_head":"<!-- This site is optimized with the Yoast SEO plugin v27.5 - https:\/\/yoast.com\/product\/yoast-seo-wordpress\/ -->\n<title>Afrique subsaharienne\u00a0: Le GPL, maillon oubli\u00e9 de la transition \u00e9nerg\u00e9tique - La Sentinelle<\/title>\n<meta name=\"robots\" content=\"index, follow, max-snippet:-1, max-image-preview:large, max-video-preview:-1\" \/>\n<link rel=\"canonical\" href=\"https:\/\/lasentinelle.dz\/index.php\/2025\/09\/10\/afrique-subsaharienne-le-gpl-maillon-oublie-de-la-transition-energetique\/\" \/>\n<meta property=\"og:locale\" content=\"fr_FR\" \/>\n<meta property=\"og:type\" content=\"article\" \/>\n<meta property=\"og:title\" content=\"Afrique subsaharienne\u00a0: Le GPL, maillon oubli\u00e9 de la transition \u00e9nerg\u00e9tique - La Sentinelle\" \/>\n<meta property=\"og:description\" content=\"Pr\u00e8s d\u2019un milliard de personnes en Afrique subsaharienne continueront, en 2024, \u00e0 cuisiner au bois, au charbon ou \u00e0 la\" \/>\n<meta property=\"og:url\" content=\"https:\/\/lasentinelle.dz\/index.php\/2025\/09\/10\/afrique-subsaharienne-le-gpl-maillon-oublie-de-la-transition-energetique\/\" \/>\n<meta property=\"og:site_name\" content=\"La Sentinelle\" \/>\n<meta property=\"article:publisher\" content=\"https:\/\/www.facebook.com\/La-Sentinelle-104059864394773\" \/>\n<meta property=\"article:published_time\" content=\"2025-09-10T12:05:17+00:00\" \/>\n<meta property=\"article:modified_time\" content=\"2025-09-10T12:05:18+00:00\" \/>\n<meta property=\"og:image\" content=\"https:\/\/lasentinelle.dz\/wp-content\/uploads\/2025\/09\/GPL.jpg\" \/>\n\t<meta property=\"og:image:width\" content=\"480\" \/>\n\t<meta property=\"og:image:height\" content=\"345\" \/>\n\t<meta property=\"og:image:type\" content=\"image\/jpeg\" \/>\n<meta name=\"author\" content=\"admin\" \/>\n<meta name=\"twitter:card\" content=\"summary_large_image\" \/>\n<meta name=\"twitter:label1\" content=\"\u00c9crit par\" \/>\n\t<meta name=\"twitter:data1\" content=\"admin\" \/>\n\t<meta name=\"twitter:label2\" content=\"Dur\u00e9e de lecture estim\u00e9e\" \/>\n\t<meta name=\"twitter:data2\" content=\"4 minutes\" \/>\n<script type=\"application\/ld+json\" class=\"yoast-schema-graph\">{\"@context\":\"https:\\\/\\\/schema.org\",\"@graph\":[{\"@type\":\"Article\",\"@id\":\"https:\\\/\\\/lasentinelle.dz\\\/index.php\\\/2025\\\/09\\\/10\\\/afrique-subsaharienne-le-gpl-maillon-oublie-de-la-transition-energetique\\\/#article\",\"isPartOf\":{\"@id\":\"https:\\\/\\\/lasentinelle.dz\\\/index.php\\\/2025\\\/09\\\/10\\\/afrique-subsaharienne-le-gpl-maillon-oublie-de-la-transition-energetique\\\/\"},\"author\":{\"name\":\"admin\",\"@id\":\"https:\\\/\\\/lasentinelle.dz\\\/#\\\/schema\\\/person\\\/729ee0024f24e0b8c5ec17232f8e8b41\"},\"headline\":\"Afrique subsaharienne\u00a0: Le GPL, maillon oubli\u00e9 de la transition \u00e9nerg\u00e9tique\",\"datePublished\":\"2025-09-10T12:05:17+00:00\",\"dateModified\":\"2025-09-10T12:05:18+00:00\",\"mainEntityOfPage\":{\"@id\":\"https:\\\/\\\/lasentinelle.dz\\\/index.php\\\/2025\\\/09\\\/10\\\/afrique-subsaharienne-le-gpl-maillon-oublie-de-la-transition-energetique\\\/\"},\"wordCount\":705,\"commentCount\":0,\"publisher\":{\"@id\":\"https:\\\/\\\/lasentinelle.dz\\\/#organization\"},\"image\":{\"@id\":\"https:\\\/\\\/lasentinelle.dz\\\/index.php\\\/2025\\\/09\\\/10\\\/afrique-subsaharienne-le-gpl-maillon-oublie-de-la-transition-energetique\\\/#primaryimage\"},\"thumbnailUrl\":\"https:\\\/\\\/lasentinelle.dz\\\/wp-content\\\/uploads\\\/2025\\\/09\\\/GPL.jpg\",\"articleSection\":[\"\u00c9conomie\"],\"inLanguage\":\"fr-FR\",\"potentialAction\":[{\"@type\":\"CommentAction\",\"name\":\"Comment\",\"target\":[\"https:\\\/\\\/lasentinelle.dz\\\/index.php\\\/2025\\\/09\\\/10\\\/afrique-subsaharienne-le-gpl-maillon-oublie-de-la-transition-energetique\\\/#respond\"]}]},{\"@type\":\"WebPage\",\"@id\":\"https:\\\/\\\/lasentinelle.dz\\\/index.php\\\/2025\\\/09\\\/10\\\/afrique-subsaharienne-le-gpl-maillon-oublie-de-la-transition-energetique\\\/\",\"url\":\"https:\\\/\\\/lasentinelle.dz\\\/index.php\\\/2025\\\/09\\\/10\\\/afrique-subsaharienne-le-gpl-maillon-oublie-de-la-transition-energetique\\\/\",\"name\":\"Afrique subsaharienne\u00a0: Le GPL, maillon oubli\u00e9 de la transition \u00e9nerg\u00e9tique - La Sentinelle\",\"isPartOf\":{\"@id\":\"https:\\\/\\\/lasentinelle.dz\\\/#website\"},\"primaryImageOfPage\":{\"@id\":\"https:\\\/\\\/lasentinelle.dz\\\/index.php\\\/2025\\\/09\\\/10\\\/afrique-subsaharienne-le-gpl-maillon-oublie-de-la-transition-energetique\\\/#primaryimage\"},\"image\":{\"@id\":\"https:\\\/\\\/lasentinelle.dz\\\/index.php\\\/2025\\\/09\\\/10\\\/afrique-subsaharienne-le-gpl-maillon-oublie-de-la-transition-energetique\\\/#primaryimage\"},\"thumbnailUrl\":\"https:\\\/\\\/lasentinelle.dz\\\/wp-content\\\/uploads\\\/2025\\\/09\\\/GPL.jpg\",\"datePublished\":\"2025-09-10T12:05:17+00:00\",\"dateModified\":\"2025-09-10T12:05:18+00:00\",\"breadcrumb\":{\"@id\":\"https:\\\/\\\/lasentinelle.dz\\\/index.php\\\/2025\\\/09\\\/10\\\/afrique-subsaharienne-le-gpl-maillon-oublie-de-la-transition-energetique\\\/#breadcrumb\"},\"inLanguage\":\"fr-FR\",\"potentialAction\":[{\"@type\":\"ReadAction\",\"target\":[\"https:\\\/\\\/lasentinelle.dz\\\/index.php\\\/2025\\\/09\\\/10\\\/afrique-subsaharienne-le-gpl-maillon-oublie-de-la-transition-energetique\\\/\"]}]},{\"@type\":\"ImageObject\",\"inLanguage\":\"fr-FR\",\"@id\":\"https:\\\/\\\/lasentinelle.dz\\\/index.php\\\/2025\\\/09\\\/10\\\/afrique-subsaharienne-le-gpl-maillon-oublie-de-la-transition-energetique\\\/#primaryimage\",\"url\":\"https:\\\/\\\/lasentinelle.dz\\\/wp-content\\\/uploads\\\/2025\\\/09\\\/GPL.jpg\",\"contentUrl\":\"https:\\\/\\\/lasentinelle.dz\\\/wp-content\\\/uploads\\\/2025\\\/09\\\/GPL.jpg\",\"width\":480,\"height\":345},{\"@type\":\"BreadcrumbList\",\"@id\":\"https:\\\/\\\/lasentinelle.dz\\\/index.php\\\/2025\\\/09\\\/10\\\/afrique-subsaharienne-le-gpl-maillon-oublie-de-la-transition-energetique\\\/#breadcrumb\",\"itemListElement\":[{\"@type\":\"ListItem\",\"position\":1,\"name\":\"Accueil\",\"item\":\"https:\\\/\\\/lasentinelle.dz\\\/\"},{\"@type\":\"ListItem\",\"position\":2,\"name\":\"Afrique subsaharienne\u00a0: Le GPL, maillon oubli\u00e9 de la transition \u00e9nerg\u00e9tique\"}]},{\"@type\":\"WebSite\",\"@id\":\"https:\\\/\\\/lasentinelle.dz\\\/#website\",\"url\":\"https:\\\/\\\/lasentinelle.dz\\\/\",\"name\":\"La Sentinelle\",\"description\":\"Quotidien national d&#039;information\",\"publisher\":{\"@id\":\"https:\\\/\\\/lasentinelle.dz\\\/#organization\"},\"potentialAction\":[{\"@type\":\"SearchAction\",\"target\":{\"@type\":\"EntryPoint\",\"urlTemplate\":\"https:\\\/\\\/lasentinelle.dz\\\/?s={search_term_string}\"},\"query-input\":{\"@type\":\"PropertyValueSpecification\",\"valueRequired\":true,\"valueName\":\"search_term_string\"}}],\"inLanguage\":\"fr-FR\"},{\"@type\":\"Organization\",\"@id\":\"https:\\\/\\\/lasentinelle.dz\\\/#organization\",\"name\":\"Quotidien La Sentinelle\",\"url\":\"https:\\\/\\\/lasentinelle.dz\\\/\",\"logo\":{\"@type\":\"ImageObject\",\"inLanguage\":\"fr-FR\",\"@id\":\"https:\\\/\\\/lasentinelle.dz\\\/#\\\/schema\\\/logo\\\/image\\\/\",\"url\":\"https:\\\/\\\/lasentinelle.dz\\\/wp-content\\\/uploads\\\/2021\\\/09\\\/logo-sentinelleSLOGAN-1.png\",\"contentUrl\":\"https:\\\/\\\/lasentinelle.dz\\\/wp-content\\\/uploads\\\/2021\\\/09\\\/logo-sentinelleSLOGAN-1.png\",\"width\":615,\"height\":142,\"caption\":\"Quotidien La Sentinelle\"},\"image\":{\"@id\":\"https:\\\/\\\/lasentinelle.dz\\\/#\\\/schema\\\/logo\\\/image\\\/\"},\"sameAs\":[\"https:\\\/\\\/www.facebook.com\\\/La-Sentinelle-104059864394773\"]},{\"@type\":\"Person\",\"@id\":\"https:\\\/\\\/lasentinelle.dz\\\/#\\\/schema\\\/person\\\/729ee0024f24e0b8c5ec17232f8e8b41\",\"name\":\"admin\",\"image\":{\"@type\":\"ImageObject\",\"inLanguage\":\"fr-FR\",\"@id\":\"https:\\\/\\\/secure.gravatar.com\\\/avatar\\\/4c81fed838786e9b53f540bf46533e750f5d292099ae3b66cfc6fb1982e29df7?s=96&d=mm&r=g\",\"url\":\"https:\\\/\\\/secure.gravatar.com\\\/avatar\\\/4c81fed838786e9b53f540bf46533e750f5d292099ae3b66cfc6fb1982e29df7?s=96&d=mm&r=g\",\"contentUrl\":\"https:\\\/\\\/secure.gravatar.com\\\/avatar\\\/4c81fed838786e9b53f540bf46533e750f5d292099ae3b66cfc6fb1982e29df7?s=96&d=mm&r=g\",\"caption\":\"admin\"},\"description\":\"admin\",\"url\":\"https:\\\/\\\/lasentinelle.dz\\\/author\\\/admin\\\/\"}]}<\/script>\n<!-- \/ Yoast SEO plugin. -->","yoast_head_json":{"title":"Afrique subsaharienne\u00a0: Le GPL, maillon oubli\u00e9 de la transition \u00e9nerg\u00e9tique - La Sentinelle","robots":{"index":"index","follow":"follow","max-snippet":"max-snippet:-1","max-image-preview":"max-image-preview:large","max-video-preview":"max-video-preview:-1"},"canonical":"https:\/\/lasentinelle.dz\/index.php\/2025\/09\/10\/afrique-subsaharienne-le-gpl-maillon-oublie-de-la-transition-energetique\/","og_locale":"fr_FR","og_type":"article","og_title":"Afrique subsaharienne\u00a0: Le GPL, maillon oubli\u00e9 de la transition \u00e9nerg\u00e9tique - La Sentinelle","og_description":"Pr\u00e8s d\u2019un milliard de personnes en Afrique subsaharienne continueront, en 2024, \u00e0 cuisiner au bois, au charbon ou \u00e0 la","og_url":"https:\/\/lasentinelle.dz\/index.php\/2025\/09\/10\/afrique-subsaharienne-le-gpl-maillon-oublie-de-la-transition-energetique\/","og_site_name":"La Sentinelle","article_publisher":"https:\/\/www.facebook.com\/La-Sentinelle-104059864394773","article_published_time":"2025-09-10T12:05:17+00:00","article_modified_time":"2025-09-10T12:05:18+00:00","og_image":[{"width":480,"height":345,"url":"https:\/\/lasentinelle.dz\/wp-content\/uploads\/2025\/09\/GPL.jpg","type":"image\/jpeg"}],"author":"admin","twitter_card":"summary_large_image","twitter_misc":{"\u00c9crit par":"admin","Dur\u00e9e de lecture estim\u00e9e":"4 minutes"},"schema":{"@context":"https:\/\/schema.org","@graph":[{"@type":"Article","@id":"https:\/\/lasentinelle.dz\/index.php\/2025\/09\/10\/afrique-subsaharienne-le-gpl-maillon-oublie-de-la-transition-energetique\/#article","isPartOf":{"@id":"https:\/\/lasentinelle.dz\/index.php\/2025\/09\/10\/afrique-subsaharienne-le-gpl-maillon-oublie-de-la-transition-energetique\/"},"author":{"name":"admin","@id":"https:\/\/lasentinelle.dz\/#\/schema\/person\/729ee0024f24e0b8c5ec17232f8e8b41"},"headline":"Afrique subsaharienne\u00a0: Le GPL, maillon oubli\u00e9 de la transition \u00e9nerg\u00e9tique","datePublished":"2025-09-10T12:05:17+00:00","dateModified":"2025-09-10T12:05:18+00:00","mainEntityOfPage":{"@id":"https:\/\/lasentinelle.dz\/index.php\/2025\/09\/10\/afrique-subsaharienne-le-gpl-maillon-oublie-de-la-transition-energetique\/"},"wordCount":705,"commentCount":0,"publisher":{"@id":"https:\/\/lasentinelle.dz\/#organization"},"image":{"@id":"https:\/\/lasentinelle.dz\/index.php\/2025\/09\/10\/afrique-subsaharienne-le-gpl-maillon-oublie-de-la-transition-energetique\/#primaryimage"},"thumbnailUrl":"https:\/\/lasentinelle.dz\/wp-content\/uploads\/2025\/09\/GPL.jpg","articleSection":["\u00c9conomie"],"inLanguage":"fr-FR","potentialAction":[{"@type":"CommentAction","name":"Comment","target":["https:\/\/lasentinelle.dz\/index.php\/2025\/09\/10\/afrique-subsaharienne-le-gpl-maillon-oublie-de-la-transition-energetique\/#respond"]}]},{"@type":"WebPage","@id":"https:\/\/lasentinelle.dz\/index.php\/2025\/09\/10\/afrique-subsaharienne-le-gpl-maillon-oublie-de-la-transition-energetique\/","url":"https:\/\/lasentinelle.dz\/index.php\/2025\/09\/10\/afrique-subsaharienne-le-gpl-maillon-oublie-de-la-transition-energetique\/","name":"Afrique subsaharienne\u00a0: Le GPL, maillon oubli\u00e9 de la transition \u00e9nerg\u00e9tique - La Sentinelle","isPartOf":{"@id":"https:\/\/lasentinelle.dz\/#website"},"primaryImageOfPage":{"@id":"https:\/\/lasentinelle.dz\/index.php\/2025\/09\/10\/afrique-subsaharienne-le-gpl-maillon-oublie-de-la-transition-energetique\/#primaryimage"},"image":{"@id":"https:\/\/lasentinelle.dz\/index.php\/2025\/09\/10\/afrique-subsaharienne-le-gpl-maillon-oublie-de-la-transition-energetique\/#primaryimage"},"thumbnailUrl":"https:\/\/lasentinelle.dz\/wp-content\/uploads\/2025\/09\/GPL.jpg","datePublished":"2025-09-10T12:05:17+00:00","dateModified":"2025-09-10T12:05:18+00:00","breadcrumb":{"@id":"https:\/\/lasentinelle.dz\/index.php\/2025\/09\/10\/afrique-subsaharienne-le-gpl-maillon-oublie-de-la-transition-energetique\/#breadcrumb"},"inLanguage":"fr-FR","potentialAction":[{"@type":"ReadAction","target":["https:\/\/lasentinelle.dz\/index.php\/2025\/09\/10\/afrique-subsaharienne-le-gpl-maillon-oublie-de-la-transition-energetique\/"]}]},{"@type":"ImageObject","inLanguage":"fr-FR","@id":"https:\/\/lasentinelle.dz\/index.php\/2025\/09\/10\/afrique-subsaharienne-le-gpl-maillon-oublie-de-la-transition-energetique\/#primaryimage","url":"https:\/\/lasentinelle.dz\/wp-content\/uploads\/2025\/09\/GPL.jpg","contentUrl":"https:\/\/lasentinelle.dz\/wp-content\/uploads\/2025\/09\/GPL.jpg","width":480,"height":345},{"@type":"BreadcrumbList","@id":"https:\/\/lasentinelle.dz\/index.php\/2025\/09\/10\/afrique-subsaharienne-le-gpl-maillon-oublie-de-la-transition-energetique\/#breadcrumb","itemListElement":[{"@type":"ListItem","position":1,"name":"Accueil","item":"https:\/\/lasentinelle.dz\/"},{"@type":"ListItem","position":2,"name":"Afrique subsaharienne\u00a0: Le GPL, maillon oubli\u00e9 de la transition \u00e9nerg\u00e9tique"}]},{"@type":"WebSite","@id":"https:\/\/lasentinelle.dz\/#website","url":"https:\/\/lasentinelle.dz\/","name":"La Sentinelle","description":"Quotidien national d&#039;information","publisher":{"@id":"https:\/\/lasentinelle.dz\/#organization"},"potentialAction":[{"@type":"SearchAction","target":{"@type":"EntryPoint","urlTemplate":"https:\/\/lasentinelle.dz\/?s={search_term_string}"},"query-input":{"@type":"PropertyValueSpecification","valueRequired":true,"valueName":"search_term_string"}}],"inLanguage":"fr-FR"},{"@type":"Organization","@id":"https:\/\/lasentinelle.dz\/#organization","name":"Quotidien La Sentinelle","url":"https:\/\/lasentinelle.dz\/","logo":{"@type":"ImageObject","inLanguage":"fr-FR","@id":"https:\/\/lasentinelle.dz\/#\/schema\/logo\/image\/","url":"https:\/\/lasentinelle.dz\/wp-content\/uploads\/2021\/09\/logo-sentinelleSLOGAN-1.png","contentUrl":"https:\/\/lasentinelle.dz\/wp-content\/uploads\/2021\/09\/logo-sentinelleSLOGAN-1.png","width":615,"height":142,"caption":"Quotidien La Sentinelle"},"image":{"@id":"https:\/\/lasentinelle.dz\/#\/schema\/logo\/image\/"},"sameAs":["https:\/\/www.facebook.com\/La-Sentinelle-104059864394773"]},{"@type":"Person","@id":"https:\/\/lasentinelle.dz\/#\/schema\/person\/729ee0024f24e0b8c5ec17232f8e8b41","name":"admin","image":{"@type":"ImageObject","inLanguage":"fr-FR","@id":"https:\/\/secure.gravatar.com\/avatar\/4c81fed838786e9b53f540bf46533e750f5d292099ae3b66cfc6fb1982e29df7?s=96&d=mm&r=g","url":"https:\/\/secure.gravatar.com\/avatar\/4c81fed838786e9b53f540bf46533e750f5d292099ae3b66cfc6fb1982e29df7?s=96&d=mm&r=g","contentUrl":"https:\/\/secure.gravatar.com\/avatar\/4c81fed838786e9b53f540bf46533e750f5d292099ae3b66cfc6fb1982e29df7?s=96&d=mm&r=g","caption":"admin"},"description":"admin","url":"https:\/\/lasentinelle.dz\/author\/admin\/"}]}},"_links":{"self":[{"href":"https:\/\/lasentinelle.dz\/index.php\/wp-json\/wp\/v2\/posts\/73157","targetHints":{"allow":["GET"]}}],"collection":[{"href":"https:\/\/lasentinelle.dz\/index.php\/wp-json\/wp\/v2\/posts"}],"about":[{"href":"https:\/\/lasentinelle.dz\/index.php\/wp-json\/wp\/v2\/types\/post"}],"author":[{"embeddable":true,"href":"https:\/\/lasentinelle.dz\/index.php\/wp-json\/wp\/v2\/users\/6"}],"replies":[{"embeddable":true,"href":"https:\/\/lasentinelle.dz\/index.php\/wp-json\/wp\/v2\/comments?post=73157"}],"version-history":[{"count":1,"href":"https:\/\/lasentinelle.dz\/index.php\/wp-json\/wp\/v2\/posts\/73157\/revisions"}],"predecessor-version":[{"id":73159,"href":"https:\/\/lasentinelle.dz\/index.php\/wp-json\/wp\/v2\/posts\/73157\/revisions\/73159"}],"wp:featuredmedia":[{"embeddable":true,"href":"https:\/\/lasentinelle.dz\/index.php\/wp-json\/wp\/v2\/media\/73158"}],"wp:attachment":[{"href":"https:\/\/lasentinelle.dz\/index.php\/wp-json\/wp\/v2\/media?parent=73157"}],"wp:term":[{"taxonomy":"category","embeddable":true,"href":"https:\/\/lasentinelle.dz\/index.php\/wp-json\/wp\/v2\/categories?post=73157"},{"taxonomy":"post_tag","embeddable":true,"href":"https:\/\/lasentinelle.dz\/index.php\/wp-json\/wp\/v2\/tags?post=73157"}],"curies":[{"name":"wp","href":"https:\/\/api.w.org\/{rel}","templated":true}]}}