{"id":73160,"date":"2025-09-10T13:06:05","date_gmt":"2025-09-10T12:06:05","guid":{"rendered":"https:\/\/lasentinelle.dz\/?p=73160"},"modified":"2025-09-10T13:06:06","modified_gmt":"2025-09-10T12:06:06","slug":"sonatrach-a-la-conference-gastech-a-milan-la-diplomatie-gaziere-en-marche","status":"publish","type":"post","link":"https:\/\/lasentinelle.dz\/index.php\/2025\/09\/10\/sonatrach-a-la-conference-gastech-a-milan-la-diplomatie-gaziere-en-marche\/","title":{"rendered":"Sonatrach \u00e0 la conf\u00e9rence \u00ab\u00a0Gastech\u00a0\u00bb \u00e0 Milan\u00a0: La diplomatie gazi\u00e8re en marche"},"content":{"rendered":"\n<p>Gastech\u00a0\u00bb, organis\u00e9e sous le slogan \u00ab\u00a0Fa\u00e7onner un avenir \u00e9nerg\u00e9tique durable\u00a0\u00bb, constitue l&rsquo;un des principaux \u00e9v\u00e8nements mondiaux du domaine de l&rsquo;\u00e9nergie.<\/p>\n\n\n\n<p>Rachid Hachichi, pr\u00e9sident-directeur g\u00e9n\u00e9ral de Sonatrach, participe depuis mardi \u00e0 la conf\u00e9rence internationale \u00ab\u00a0Gastech\u00a0\u00bb de Milan avec une d\u00e9l\u00e9gation de cadres dirigeants du groupe alg\u00e9rien. Cette pr\u00e9sence \u00e0 Milan du 9 au 12 septembre s&rsquo;inscrit dans une strat\u00e9gie de d\u00e9veloppement ambitieuse port\u00e9e par des objectifs chiffr\u00e9s pr\u00e9cis : atteindre une production annuelle de 200 milliards de m\u00e8tres cubes de gaz naturel d&rsquo;ici 2030, soit un doublement des volumes actuels.<\/p>\n\n\n\n<p>\u00ab\u00a0Gastech\u00a0\u00bb, organis\u00e9e sous le slogan \u00ab\u00a0Fa\u00e7onner un avenir \u00e9nerg\u00e9tique durable\u00a0\u00bb, constitue selon le communiqu\u00e9 de Sonatrach \u00ab\u00a0l&rsquo;un des principaux \u00e9v\u00e8nements mondiaux du domaine de l&rsquo;\u00e9nergie\u00a0\u00bb. L&rsquo;agenda porte sur \u00ab\u00a0des questions li\u00e9es au gaz naturel, au gaz naturel liqu\u00e9fi\u00e9 (GNL), \u00e0 l&rsquo;hydrog\u00e8ne, aux techniques relatives au climat, et \u00e0 l&rsquo;intelligence artificielle\u00a0\u00bb. Pour le groupe Sonatrach, l&rsquo;\u00e9v\u00e9nement repr\u00e9sente une vitrine strat\u00e9gique pour valoriser les r\u00e9cents succ\u00e8s de sa politique d&rsquo;attraction des investissements \u00e9trangers.<\/p>\n\n\n\n<p>Le timing n&rsquo;est pas fortuit. L&rsquo;Alg\u00e9rie traverse actuellement une p\u00e9riode d&rsquo;activit\u00e9 exceptionnelle, la plus intense observ\u00e9e depuis une d\u00e9cennie dans le secteur p\u00e9trolier et gazier. Cette dynamique se mat\u00e9rialise par des r\u00e9sultats concrets : le premier appel d&rsquo;offres pour des licences p\u00e9troli\u00e8res et gazi\u00e8res depuis plus de dix ans, finalis\u00e9 le 17 juin, a g\u00e9n\u00e9r\u00e9 des investissements minimums de 936 millions de dollars. Cinq des six zones propos\u00e9es ont \u00e9t\u00e9 attribu\u00e9es \u00e0 des g\u00e9ants mondiaux incluant Sinopec, TotalEnergies, Eni et QatarEnergy.<\/p>\n\n\n\n<p>Parall\u00e8lement, les n\u00e9gociations bilat\u00e9rales portent leurs fruits. Les d\u00e9l\u00e9gations d&rsquo;ExxonMobil et Chevron se sont rendues en Alg\u00e9rie en juillet pour des discussions de haut niveau. Eni a consolid\u00e9 sa position avec un contrat de 1,35 milliard de dollars sign\u00e9 avec Sonatrach en 2025, apr\u00e8s avoir acquis les actifs de BP puis ceux de Neptune Energy. Occidental Petroleum, qui envisageait initialement un retrait en 2019, \u00ab\u00a0consid\u00e8re d\u00e9sormais le pays comme un actif strat\u00e9gique \u00e0 long terme\u00a0\u00bb.<\/p>\n\n\n\n<p>Cette diplomatie \u00e9nerg\u00e9tique soutient des objectifs industriels pr\u00e9cis. L&rsquo;Alg\u00e9rie vise une production et des exportations de gaz accrues dans les ann\u00e9es \u00e0 venir, avec une part significative des volumes destin\u00e9e \u00e0 l&rsquo;exportation pour r\u00e9pondre \u00e0 la demande nationale et internationale. Hachichi dans ce sens &nbsp;\u00ab\u00a0aura plusieurs interventions lors des r\u00e9unions strat\u00e9giques\u00a0\u00bb milanaises et \u00ab\u00a0tiendra des rencontres\u00a0\u00bb avec ses homologues internationaux pour \u00ab\u00a0examiner les perspectives du d\u00e9veloppement de l&rsquo;industrie gazi\u00e8re et d&rsquo;explorer de nouvelles opportunit\u00e9s de partenariat\u00a0\u00bb.<\/p>\n\n\n\n<p>Cette participation d\u00e9coule de la volont\u00e9 du groupe de \u00ab\u00a0renforcer sa pr\u00e9sence dans les foras internationaux\u00a0\u00bb et de \u00ab\u00a0conforter sa position de partenaire fiable des grandes entreprises \u00e9nerg\u00e9tiques\u00a0\u00bb, confirme le communiqu\u00e9. Une approche qui s&rsquo;appuie sur des fondamentaux solides et une attractivit\u00e9 retrouv\u00e9e aupr\u00e8s des majors p\u00e9troli\u00e8res mondiales.<\/p>\n\n\n\n<p>Samira Ghrib<\/p>\n\n\n\n<p>L\u2019ARH au Gastech 2025<\/p>\n\n\n\n<p>L\u2019Autorit\u00e9 de R\u00e9gulation des Hydrocarbures -ARH- a annonc\u00e9 mardi Sa participation, aux c\u00f4t\u00e9s d\u2019une d\u00e9l\u00e9gation compos\u00e9e de cadres du secteur, notamment de la Direction G\u00e9n\u00e9rale des Hydrocarbures du Minist\u00e8re de l\u2019\u00c9nergie, des Mines et des \u00c9nergies Renouvelables, de l\u2019Agence Nationale pour la Valorisation des Ressources en Hydrocarbures (ALNAFT) ainsi que de Sonatrach, \u00e0 la Conf\u00e9rence et au Salon \u00ab Gastech 2025 \u00bb, du 9 au 12 septembre 2025 \u00e0 <strong>Milan<\/strong>. Cet \u00e9v\u00e9nement est consid\u00e9r\u00e9 comme l\u2019une des plus importantes plateformes internationales r\u00e9unissant les principaux acteurs du secteur de l\u2019\u00e9nergie. Il mettra l\u2019accent sur des th\u00e9matiques strat\u00e9giques li\u00e9es \u00e0 l\u2019avenir de l\u2019industrie \u00e9nerg\u00e9tique, telles que le gaz naturel et le gaz naturel liqu\u00e9fi\u00e9, l\u2019hydrog\u00e8ne, les \u00e9nergies propres, l\u2019intelligence artificielle, ainsi que les solutions technologiques innovantes face aux d\u00e9fis climatiques.<\/p>\n\n\n\n<p>R.E.<\/p>\n","protected":false},"excerpt":{"rendered":"<p>Gastech\u00a0\u00bb, organis\u00e9e sous le slogan \u00ab\u00a0Fa\u00e7onner un avenir \u00e9nerg\u00e9tique durable\u00a0\u00bb, constitue l&rsquo;un des principaux \u00e9v\u00e8nements mondiaux du domaine de l&rsquo;\u00e9nergie.<\/p>\n","protected":false},"author":6,"featured_media":73161,"comment_status":"open","ping_status":"closed","sticky":false,"template":"","format":"standard","meta":{"colormag_page_container_layout":"default_layout","colormag_page_sidebar_layout":"default_layout","om_disable_all_campaigns":false,"_monsterinsights_skip_tracking":false,"_monsterinsights_sitenote_active":false,"_monsterinsights_sitenote_note":"","_monsterinsights_sitenote_category":0,"footnotes":"","_wpscppro_dont_share_socialmedia":false,"_wpscppro_custom_social_share_image":0,"_facebook_share_type":"default","_twitter_share_type":"default","_linkedin_share_type":"default","_pinterest_share_type":"default","_linkedin_share_type_page":"","_instagram_share_type":"default","_medium_share_type":"default","_threads_share_type":"default","_google_business_share_type":"default","_selected_social_profile":[],"_wpsp_enable_custom_social_template":false,"_wpsp_social_scheduling":{"enabled":false,"datetime":null,"platforms":[],"status":"template_only","dateOption":"today","timeOption":"now","customDays":"","customHours":"","customDate":"","customTime":"","schedulingType":"absolute"},"_wpsp_active_default_template":true},"categories":[52,29],"tags":[],"class_list":["post-73160","post","type-post","status-publish","format-standard","has-post-thumbnail","hentry","category-a-la-une","category-economie"],"aioseo_notices":[],"yoast_head":"<!-- This site is optimized with the Yoast SEO plugin v27.5 - https:\/\/yoast.com\/product\/yoast-seo-wordpress\/ -->\n<title>Sonatrach \u00e0 la conf\u00e9rence \u00ab\u00a0Gastech\u00a0\u00bb \u00e0 Milan\u00a0: La diplomatie gazi\u00e8re en marche - La Sentinelle<\/title>\n<meta name=\"robots\" content=\"index, follow, max-snippet:-1, max-image-preview:large, max-video-preview:-1\" \/>\n<link rel=\"canonical\" href=\"https:\/\/lasentinelle.dz\/index.php\/2025\/09\/10\/sonatrach-a-la-conference-gastech-a-milan-la-diplomatie-gaziere-en-marche\/\" \/>\n<meta property=\"og:locale\" content=\"fr_FR\" \/>\n<meta property=\"og:type\" content=\"article\" \/>\n<meta property=\"og:title\" content=\"Sonatrach \u00e0 la conf\u00e9rence \u00ab\u00a0Gastech\u00a0\u00bb \u00e0 Milan\u00a0: La diplomatie gazi\u00e8re en marche - La Sentinelle\" \/>\n<meta property=\"og:description\" content=\"Gastech\u00a0\u00bb, organis\u00e9e sous le slogan \u00ab\u00a0Fa\u00e7onner un avenir \u00e9nerg\u00e9tique durable\u00a0\u00bb, constitue l&rsquo;un des principaux \u00e9v\u00e8nements mondiaux du domaine de l&rsquo;\u00e9nergie.\" \/>\n<meta property=\"og:url\" content=\"https:\/\/lasentinelle.dz\/index.php\/2025\/09\/10\/sonatrach-a-la-conference-gastech-a-milan-la-diplomatie-gaziere-en-marche\/\" \/>\n<meta property=\"og:site_name\" content=\"La Sentinelle\" \/>\n<meta property=\"article:publisher\" content=\"https:\/\/www.facebook.com\/La-Sentinelle-104059864394773\" \/>\n<meta property=\"article:published_time\" content=\"2025-09-10T12:06:05+00:00\" \/>\n<meta property=\"article:modified_time\" content=\"2025-09-10T12:06:06+00:00\" \/>\n<meta property=\"og:image\" content=\"https:\/\/lasentinelle.dz\/wp-content\/uploads\/2025\/09\/gastech.jpg\" \/>\n\t<meta property=\"og:image:width\" content=\"2048\" \/>\n\t<meta property=\"og:image:height\" content=\"1093\" \/>\n\t<meta property=\"og:image:type\" content=\"image\/jpeg\" \/>\n<meta name=\"author\" content=\"admin\" \/>\n<meta name=\"twitter:card\" content=\"summary_large_image\" \/>\n<meta name=\"twitter:label1\" content=\"\u00c9crit par\" \/>\n\t<meta name=\"twitter:data1\" content=\"admin\" \/>\n\t<meta name=\"twitter:label2\" content=\"Dur\u00e9e de lecture estim\u00e9e\" \/>\n\t<meta name=\"twitter:data2\" content=\"4 minutes\" \/>\n<script type=\"application\/ld+json\" class=\"yoast-schema-graph\">{\"@context\":\"https:\\\/\\\/schema.org\",\"@graph\":[{\"@type\":\"Article\",\"@id\":\"https:\\\/\\\/lasentinelle.dz\\\/index.php\\\/2025\\\/09\\\/10\\\/sonatrach-a-la-conference-gastech-a-milan-la-diplomatie-gaziere-en-marche\\\/#article\",\"isPartOf\":{\"@id\":\"https:\\\/\\\/lasentinelle.dz\\\/index.php\\\/2025\\\/09\\\/10\\\/sonatrach-a-la-conference-gastech-a-milan-la-diplomatie-gaziere-en-marche\\\/\"},\"author\":{\"name\":\"admin\",\"@id\":\"https:\\\/\\\/lasentinelle.dz\\\/#\\\/schema\\\/person\\\/729ee0024f24e0b8c5ec17232f8e8b41\"},\"headline\":\"Sonatrach \u00e0 la conf\u00e9rence \u00ab\u00a0Gastech\u00a0\u00bb \u00e0 Milan\u00a0: La diplomatie gazi\u00e8re en marche\",\"datePublished\":\"2025-09-10T12:06:05+00:00\",\"dateModified\":\"2025-09-10T12:06:06+00:00\",\"mainEntityOfPage\":{\"@id\":\"https:\\\/\\\/lasentinelle.dz\\\/index.php\\\/2025\\\/09\\\/10\\\/sonatrach-a-la-conference-gastech-a-milan-la-diplomatie-gaziere-en-marche\\\/\"},\"wordCount\":685,\"commentCount\":0,\"publisher\":{\"@id\":\"https:\\\/\\\/lasentinelle.dz\\\/#organization\"},\"image\":{\"@id\":\"https:\\\/\\\/lasentinelle.dz\\\/index.php\\\/2025\\\/09\\\/10\\\/sonatrach-a-la-conference-gastech-a-milan-la-diplomatie-gaziere-en-marche\\\/#primaryimage\"},\"thumbnailUrl\":\"https:\\\/\\\/lasentinelle.dz\\\/wp-content\\\/uploads\\\/2025\\\/09\\\/gastech.jpg\",\"articleSection\":[\"\u00c0 la Une\",\"\u00c9conomie\"],\"inLanguage\":\"fr-FR\",\"potentialAction\":[{\"@type\":\"CommentAction\",\"name\":\"Comment\",\"target\":[\"https:\\\/\\\/lasentinelle.dz\\\/index.php\\\/2025\\\/09\\\/10\\\/sonatrach-a-la-conference-gastech-a-milan-la-diplomatie-gaziere-en-marche\\\/#respond\"]}]},{\"@type\":\"WebPage\",\"@id\":\"https:\\\/\\\/lasentinelle.dz\\\/index.php\\\/2025\\\/09\\\/10\\\/sonatrach-a-la-conference-gastech-a-milan-la-diplomatie-gaziere-en-marche\\\/\",\"url\":\"https:\\\/\\\/lasentinelle.dz\\\/index.php\\\/2025\\\/09\\\/10\\\/sonatrach-a-la-conference-gastech-a-milan-la-diplomatie-gaziere-en-marche\\\/\",\"name\":\"Sonatrach \u00e0 la conf\u00e9rence \u00ab\u00a0Gastech\u00a0\u00bb \u00e0 Milan\u00a0: La diplomatie gazi\u00e8re en marche - La Sentinelle\",\"isPartOf\":{\"@id\":\"https:\\\/\\\/lasentinelle.dz\\\/#website\"},\"primaryImageOfPage\":{\"@id\":\"https:\\\/\\\/lasentinelle.dz\\\/index.php\\\/2025\\\/09\\\/10\\\/sonatrach-a-la-conference-gastech-a-milan-la-diplomatie-gaziere-en-marche\\\/#primaryimage\"},\"image\":{\"@id\":\"https:\\\/\\\/lasentinelle.dz\\\/index.php\\\/2025\\\/09\\\/10\\\/sonatrach-a-la-conference-gastech-a-milan-la-diplomatie-gaziere-en-marche\\\/#primaryimage\"},\"thumbnailUrl\":\"https:\\\/\\\/lasentinelle.dz\\\/wp-content\\\/uploads\\\/2025\\\/09\\\/gastech.jpg\",\"datePublished\":\"2025-09-10T12:06:05+00:00\",\"dateModified\":\"2025-09-10T12:06:06+00:00\",\"breadcrumb\":{\"@id\":\"https:\\\/\\\/lasentinelle.dz\\\/index.php\\\/2025\\\/09\\\/10\\\/sonatrach-a-la-conference-gastech-a-milan-la-diplomatie-gaziere-en-marche\\\/#breadcrumb\"},\"inLanguage\":\"fr-FR\",\"potentialAction\":[{\"@type\":\"ReadAction\",\"target\":[\"https:\\\/\\\/lasentinelle.dz\\\/index.php\\\/2025\\\/09\\\/10\\\/sonatrach-a-la-conference-gastech-a-milan-la-diplomatie-gaziere-en-marche\\\/\"]}]},{\"@type\":\"ImageObject\",\"inLanguage\":\"fr-FR\",\"@id\":\"https:\\\/\\\/lasentinelle.dz\\\/index.php\\\/2025\\\/09\\\/10\\\/sonatrach-a-la-conference-gastech-a-milan-la-diplomatie-gaziere-en-marche\\\/#primaryimage\",\"url\":\"https:\\\/\\\/lasentinelle.dz\\\/wp-content\\\/uploads\\\/2025\\\/09\\\/gastech.jpg\",\"contentUrl\":\"https:\\\/\\\/lasentinelle.dz\\\/wp-content\\\/uploads\\\/2025\\\/09\\\/gastech.jpg\",\"width\":2048,\"height\":1093},{\"@type\":\"BreadcrumbList\",\"@id\":\"https:\\\/\\\/lasentinelle.dz\\\/index.php\\\/2025\\\/09\\\/10\\\/sonatrach-a-la-conference-gastech-a-milan-la-diplomatie-gaziere-en-marche\\\/#breadcrumb\",\"itemListElement\":[{\"@type\":\"ListItem\",\"position\":1,\"name\":\"Accueil\",\"item\":\"https:\\\/\\\/lasentinelle.dz\\\/\"},{\"@type\":\"ListItem\",\"position\":2,\"name\":\"Sonatrach \u00e0 la conf\u00e9rence \u00ab\u00a0Gastech\u00a0\u00bb \u00e0 Milan\u00a0: La diplomatie gazi\u00e8re en marche\"}]},{\"@type\":\"WebSite\",\"@id\":\"https:\\\/\\\/lasentinelle.dz\\\/#website\",\"url\":\"https:\\\/\\\/lasentinelle.dz\\\/\",\"name\":\"La Sentinelle\",\"description\":\"Quotidien national d&#039;information\",\"publisher\":{\"@id\":\"https:\\\/\\\/lasentinelle.dz\\\/#organization\"},\"potentialAction\":[{\"@type\":\"SearchAction\",\"target\":{\"@type\":\"EntryPoint\",\"urlTemplate\":\"https:\\\/\\\/lasentinelle.dz\\\/?s={search_term_string}\"},\"query-input\":{\"@type\":\"PropertyValueSpecification\",\"valueRequired\":true,\"valueName\":\"search_term_string\"}}],\"inLanguage\":\"fr-FR\"},{\"@type\":\"Organization\",\"@id\":\"https:\\\/\\\/lasentinelle.dz\\\/#organization\",\"name\":\"Quotidien La Sentinelle\",\"url\":\"https:\\\/\\\/lasentinelle.dz\\\/\",\"logo\":{\"@type\":\"ImageObject\",\"inLanguage\":\"fr-FR\",\"@id\":\"https:\\\/\\\/lasentinelle.dz\\\/#\\\/schema\\\/logo\\\/image\\\/\",\"url\":\"https:\\\/\\\/lasentinelle.dz\\\/wp-content\\\/uploads\\\/2021\\\/09\\\/logo-sentinelleSLOGAN-1.png\",\"contentUrl\":\"https:\\\/\\\/lasentinelle.dz\\\/wp-content\\\/uploads\\\/2021\\\/09\\\/logo-sentinelleSLOGAN-1.png\",\"width\":615,\"height\":142,\"caption\":\"Quotidien La Sentinelle\"},\"image\":{\"@id\":\"https:\\\/\\\/lasentinelle.dz\\\/#\\\/schema\\\/logo\\\/image\\\/\"},\"sameAs\":[\"https:\\\/\\\/www.facebook.com\\\/La-Sentinelle-104059864394773\"]},{\"@type\":\"Person\",\"@id\":\"https:\\\/\\\/lasentinelle.dz\\\/#\\\/schema\\\/person\\\/729ee0024f24e0b8c5ec17232f8e8b41\",\"name\":\"admin\",\"image\":{\"@type\":\"ImageObject\",\"inLanguage\":\"fr-FR\",\"@id\":\"https:\\\/\\\/secure.gravatar.com\\\/avatar\\\/4c81fed838786e9b53f540bf46533e750f5d292099ae3b66cfc6fb1982e29df7?s=96&d=mm&r=g\",\"url\":\"https:\\\/\\\/secure.gravatar.com\\\/avatar\\\/4c81fed838786e9b53f540bf46533e750f5d292099ae3b66cfc6fb1982e29df7?s=96&d=mm&r=g\",\"contentUrl\":\"https:\\\/\\\/secure.gravatar.com\\\/avatar\\\/4c81fed838786e9b53f540bf46533e750f5d292099ae3b66cfc6fb1982e29df7?s=96&d=mm&r=g\",\"caption\":\"admin\"},\"description\":\"admin\",\"url\":\"https:\\\/\\\/lasentinelle.dz\\\/author\\\/admin\\\/\"}]}<\/script>\n<!-- \/ Yoast SEO plugin. -->","yoast_head_json":{"title":"Sonatrach \u00e0 la conf\u00e9rence \u00ab\u00a0Gastech\u00a0\u00bb \u00e0 Milan\u00a0: La diplomatie gazi\u00e8re en marche - La Sentinelle","robots":{"index":"index","follow":"follow","max-snippet":"max-snippet:-1","max-image-preview":"max-image-preview:large","max-video-preview":"max-video-preview:-1"},"canonical":"https:\/\/lasentinelle.dz\/index.php\/2025\/09\/10\/sonatrach-a-la-conference-gastech-a-milan-la-diplomatie-gaziere-en-marche\/","og_locale":"fr_FR","og_type":"article","og_title":"Sonatrach \u00e0 la conf\u00e9rence \u00ab\u00a0Gastech\u00a0\u00bb \u00e0 Milan\u00a0: La diplomatie gazi\u00e8re en marche - La Sentinelle","og_description":"Gastech\u00a0\u00bb, organis\u00e9e sous le slogan \u00ab\u00a0Fa\u00e7onner un avenir \u00e9nerg\u00e9tique durable\u00a0\u00bb, constitue l&rsquo;un des principaux \u00e9v\u00e8nements mondiaux du domaine de l&rsquo;\u00e9nergie.","og_url":"https:\/\/lasentinelle.dz\/index.php\/2025\/09\/10\/sonatrach-a-la-conference-gastech-a-milan-la-diplomatie-gaziere-en-marche\/","og_site_name":"La Sentinelle","article_publisher":"https:\/\/www.facebook.com\/La-Sentinelle-104059864394773","article_published_time":"2025-09-10T12:06:05+00:00","article_modified_time":"2025-09-10T12:06:06+00:00","og_image":[{"width":2048,"height":1093,"url":"https:\/\/lasentinelle.dz\/wp-content\/uploads\/2025\/09\/gastech.jpg","type":"image\/jpeg"}],"author":"admin","twitter_card":"summary_large_image","twitter_misc":{"\u00c9crit par":"admin","Dur\u00e9e de lecture estim\u00e9e":"4 minutes"},"schema":{"@context":"https:\/\/schema.org","@graph":[{"@type":"Article","@id":"https:\/\/lasentinelle.dz\/index.php\/2025\/09\/10\/sonatrach-a-la-conference-gastech-a-milan-la-diplomatie-gaziere-en-marche\/#article","isPartOf":{"@id":"https:\/\/lasentinelle.dz\/index.php\/2025\/09\/10\/sonatrach-a-la-conference-gastech-a-milan-la-diplomatie-gaziere-en-marche\/"},"author":{"name":"admin","@id":"https:\/\/lasentinelle.dz\/#\/schema\/person\/729ee0024f24e0b8c5ec17232f8e8b41"},"headline":"Sonatrach \u00e0 la conf\u00e9rence \u00ab\u00a0Gastech\u00a0\u00bb \u00e0 Milan\u00a0: La diplomatie gazi\u00e8re en marche","datePublished":"2025-09-10T12:06:05+00:00","dateModified":"2025-09-10T12:06:06+00:00","mainEntityOfPage":{"@id":"https:\/\/lasentinelle.dz\/index.php\/2025\/09\/10\/sonatrach-a-la-conference-gastech-a-milan-la-diplomatie-gaziere-en-marche\/"},"wordCount":685,"commentCount":0,"publisher":{"@id":"https:\/\/lasentinelle.dz\/#organization"},"image":{"@id":"https:\/\/lasentinelle.dz\/index.php\/2025\/09\/10\/sonatrach-a-la-conference-gastech-a-milan-la-diplomatie-gaziere-en-marche\/#primaryimage"},"thumbnailUrl":"https:\/\/lasentinelle.dz\/wp-content\/uploads\/2025\/09\/gastech.jpg","articleSection":["\u00c0 la Une","\u00c9conomie"],"inLanguage":"fr-FR","potentialAction":[{"@type":"CommentAction","name":"Comment","target":["https:\/\/lasentinelle.dz\/index.php\/2025\/09\/10\/sonatrach-a-la-conference-gastech-a-milan-la-diplomatie-gaziere-en-marche\/#respond"]}]},{"@type":"WebPage","@id":"https:\/\/lasentinelle.dz\/index.php\/2025\/09\/10\/sonatrach-a-la-conference-gastech-a-milan-la-diplomatie-gaziere-en-marche\/","url":"https:\/\/lasentinelle.dz\/index.php\/2025\/09\/10\/sonatrach-a-la-conference-gastech-a-milan-la-diplomatie-gaziere-en-marche\/","name":"Sonatrach \u00e0 la conf\u00e9rence \u00ab\u00a0Gastech\u00a0\u00bb \u00e0 Milan\u00a0: La diplomatie gazi\u00e8re en marche - La Sentinelle","isPartOf":{"@id":"https:\/\/lasentinelle.dz\/#website"},"primaryImageOfPage":{"@id":"https:\/\/lasentinelle.dz\/index.php\/2025\/09\/10\/sonatrach-a-la-conference-gastech-a-milan-la-diplomatie-gaziere-en-marche\/#primaryimage"},"image":{"@id":"https:\/\/lasentinelle.dz\/index.php\/2025\/09\/10\/sonatrach-a-la-conference-gastech-a-milan-la-diplomatie-gaziere-en-marche\/#primaryimage"},"thumbnailUrl":"https:\/\/lasentinelle.dz\/wp-content\/uploads\/2025\/09\/gastech.jpg","datePublished":"2025-09-10T12:06:05+00:00","dateModified":"2025-09-10T12:06:06+00:00","breadcrumb":{"@id":"https:\/\/lasentinelle.dz\/index.php\/2025\/09\/10\/sonatrach-a-la-conference-gastech-a-milan-la-diplomatie-gaziere-en-marche\/#breadcrumb"},"inLanguage":"fr-FR","potentialAction":[{"@type":"ReadAction","target":["https:\/\/lasentinelle.dz\/index.php\/2025\/09\/10\/sonatrach-a-la-conference-gastech-a-milan-la-diplomatie-gaziere-en-marche\/"]}]},{"@type":"ImageObject","inLanguage":"fr-FR","@id":"https:\/\/lasentinelle.dz\/index.php\/2025\/09\/10\/sonatrach-a-la-conference-gastech-a-milan-la-diplomatie-gaziere-en-marche\/#primaryimage","url":"https:\/\/lasentinelle.dz\/wp-content\/uploads\/2025\/09\/gastech.jpg","contentUrl":"https:\/\/lasentinelle.dz\/wp-content\/uploads\/2025\/09\/gastech.jpg","width":2048,"height":1093},{"@type":"BreadcrumbList","@id":"https:\/\/lasentinelle.dz\/index.php\/2025\/09\/10\/sonatrach-a-la-conference-gastech-a-milan-la-diplomatie-gaziere-en-marche\/#breadcrumb","itemListElement":[{"@type":"ListItem","position":1,"name":"Accueil","item":"https:\/\/lasentinelle.dz\/"},{"@type":"ListItem","position":2,"name":"Sonatrach \u00e0 la conf\u00e9rence \u00ab\u00a0Gastech\u00a0\u00bb \u00e0 Milan\u00a0: La diplomatie gazi\u00e8re en marche"}]},{"@type":"WebSite","@id":"https:\/\/lasentinelle.dz\/#website","url":"https:\/\/lasentinelle.dz\/","name":"La Sentinelle","description":"Quotidien national d&#039;information","publisher":{"@id":"https:\/\/lasentinelle.dz\/#organization"},"potentialAction":[{"@type":"SearchAction","target":{"@type":"EntryPoint","urlTemplate":"https:\/\/lasentinelle.dz\/?s={search_term_string}"},"query-input":{"@type":"PropertyValueSpecification","valueRequired":true,"valueName":"search_term_string"}}],"inLanguage":"fr-FR"},{"@type":"Organization","@id":"https:\/\/lasentinelle.dz\/#organization","name":"Quotidien La Sentinelle","url":"https:\/\/lasentinelle.dz\/","logo":{"@type":"ImageObject","inLanguage":"fr-FR","@id":"https:\/\/lasentinelle.dz\/#\/schema\/logo\/image\/","url":"https:\/\/lasentinelle.dz\/wp-content\/uploads\/2021\/09\/logo-sentinelleSLOGAN-1.png","contentUrl":"https:\/\/lasentinelle.dz\/wp-content\/uploads\/2021\/09\/logo-sentinelleSLOGAN-1.png","width":615,"height":142,"caption":"Quotidien La Sentinelle"},"image":{"@id":"https:\/\/lasentinelle.dz\/#\/schema\/logo\/image\/"},"sameAs":["https:\/\/www.facebook.com\/La-Sentinelle-104059864394773"]},{"@type":"Person","@id":"https:\/\/lasentinelle.dz\/#\/schema\/person\/729ee0024f24e0b8c5ec17232f8e8b41","name":"admin","image":{"@type":"ImageObject","inLanguage":"fr-FR","@id":"https:\/\/secure.gravatar.com\/avatar\/4c81fed838786e9b53f540bf46533e750f5d292099ae3b66cfc6fb1982e29df7?s=96&d=mm&r=g","url":"https:\/\/secure.gravatar.com\/avatar\/4c81fed838786e9b53f540bf46533e750f5d292099ae3b66cfc6fb1982e29df7?s=96&d=mm&r=g","contentUrl":"https:\/\/secure.gravatar.com\/avatar\/4c81fed838786e9b53f540bf46533e750f5d292099ae3b66cfc6fb1982e29df7?s=96&d=mm&r=g","caption":"admin"},"description":"admin","url":"https:\/\/lasentinelle.dz\/author\/admin\/"}]}},"_links":{"self":[{"href":"https:\/\/lasentinelle.dz\/index.php\/wp-json\/wp\/v2\/posts\/73160","targetHints":{"allow":["GET"]}}],"collection":[{"href":"https:\/\/lasentinelle.dz\/index.php\/wp-json\/wp\/v2\/posts"}],"about":[{"href":"https:\/\/lasentinelle.dz\/index.php\/wp-json\/wp\/v2\/types\/post"}],"author":[{"embeddable":true,"href":"https:\/\/lasentinelle.dz\/index.php\/wp-json\/wp\/v2\/users\/6"}],"replies":[{"embeddable":true,"href":"https:\/\/lasentinelle.dz\/index.php\/wp-json\/wp\/v2\/comments?post=73160"}],"version-history":[{"count":1,"href":"https:\/\/lasentinelle.dz\/index.php\/wp-json\/wp\/v2\/posts\/73160\/revisions"}],"predecessor-version":[{"id":73162,"href":"https:\/\/lasentinelle.dz\/index.php\/wp-json\/wp\/v2\/posts\/73160\/revisions\/73162"}],"wp:featuredmedia":[{"embeddable":true,"href":"https:\/\/lasentinelle.dz\/index.php\/wp-json\/wp\/v2\/media\/73161"}],"wp:attachment":[{"href":"https:\/\/lasentinelle.dz\/index.php\/wp-json\/wp\/v2\/media?parent=73160"}],"wp:term":[{"taxonomy":"category","embeddable":true,"href":"https:\/\/lasentinelle.dz\/index.php\/wp-json\/wp\/v2\/categories?post=73160"},{"taxonomy":"post_tag","embeddable":true,"href":"https:\/\/lasentinelle.dz\/index.php\/wp-json\/wp\/v2\/tags?post=73160"}],"curies":[{"name":"wp","href":"https:\/\/api.w.org\/{rel}","templated":true}]}}