{"id":73163,"date":"2025-09-10T13:07:02","date_gmt":"2025-09-10T12:07:02","guid":{"rendered":"https:\/\/lasentinelle.dz\/?p=73163"},"modified":"2025-09-10T13:07:03","modified_gmt":"2025-09-10T12:07:03","slug":"universite-une-reunion-consacree-au-lancement-de-nouvelles-specialites-de-pointe","status":"publish","type":"post","link":"https:\/\/lasentinelle.dz\/index.php\/2025\/09\/10\/universite-une-reunion-consacree-au-lancement-de-nouvelles-specialites-de-pointe\/","title":{"rendered":"Universit\u00e9\u00a0: Une r\u00e9union consacr\u00e9e au lancement de nouvelles sp\u00e9cialit\u00e9s de pointe"},"content":{"rendered":"\n<p>Le ministre de l&rsquo;Enseignement sup\u00e9rieur et de la Recherche scientifique, M. Kamel Baddari, a pr\u00e9sid\u00e9, mardi \u00e0 Alger, une r\u00e9union consacr\u00e9e au lancement de nouvelles sp\u00e9cialit\u00e9s de pointe, en phase avec les besoins nationaux et les \u00e9volutions internationales dans le domaine des technologies avanc\u00e9es, indique un communiqu\u00e9 du minist\u00e8re. M. Baddari s&rsquo;est r\u00e9uni, mardi au si\u00e8ge du minist\u00e8re, avec les directeurs des \u00e9tablissements universitaires du P\u00f4le scientifique et technologique \u00ab\u00a0chahid Abdelhafid-Ihaddaden\u00a0\u00bb \u00e0 Sidi Abdellah (Alger), et les directeurs des centres de recherche, pr\u00e9cise la m\u00eame source qui a soulign\u00e9 que la rencontre a \u00e9t\u00e9 consacr\u00e9e \u00ab\u00a0au lancement de nouvelles sp\u00e9cialit\u00e9s de pointe \u00e0 l&rsquo;Ecole nationale sup\u00e9rieure de technologie (ENST), et \u00e0 l&rsquo;Ecole nationale sup\u00e9rieure des syst\u00e8mes autonomes (ENSSA), ainsi qu&rsquo;\u00e0 L&rsquo;Ecole nationale de Cybers\u00e9curit\u00e9 \u00ab\u00a0. Cette initiative s&rsquo;inscrit \u00ab\u00a0en phase avec les besoins nationaux et les \u00e9volutions internationales dans le domaine des technologies modernes de pointe et avanc\u00e9es et des technologies de l&rsquo;information et de la communication (TIC)\u00a0\u00bb, a ajout\u00e9 la m\u00eame source. La r\u00e9union a \u00e9galement port\u00e9 sur d&rsquo;autres points relatifs \u00e0 \u00ab\u00a0l&rsquo;examen d&rsquo;un projet de contrats de recrutement au profit des \u00e9tudiants dipl\u00f4m\u00e9s des \u00e9coles sup\u00e9rieures de Sidi Abdallah, la fixation du 12 octobre prochain comme date officielle du lancement de la formation de master en syst\u00e8mes anti-drones, la cr\u00e9ation de nouveaux espaces de services pour les \u00e9tudiants au p\u00f4le scientifique et technologique \u00ab\u00a0chahid Abdelhafid-Ihaddaden\u00a0\u00bb \u00e0 Sidi Abdallah, ainsi que l&rsquo;acquisition d&rsquo;\u00e9quipements scientifiques sp\u00e9cialis\u00e9s de pointe au profit des \u00e9tudiants du p\u00f4le\u00a0\u00bb.<\/p>\n\n\n\n<p>APS<\/p>\n","protected":false},"excerpt":{"rendered":"<p>Le ministre de l&rsquo;Enseignement sup\u00e9rieur et de la Recherche scientifique, M. Kamel Baddari, a pr\u00e9sid\u00e9, mardi \u00e0 Alger, une r\u00e9union<\/p>\n","protected":false},"author":6,"featured_media":71408,"comment_status":"open","ping_status":"closed","sticky":false,"template":"","format":"standard","meta":{"colormag_page_container_layout":"default_layout","colormag_page_sidebar_layout":"default_layout","om_disable_all_campaigns":false,"_monsterinsights_skip_tracking":false,"_monsterinsights_sitenote_active":false,"_monsterinsights_sitenote_note":"","_monsterinsights_sitenote_category":0,"footnotes":"","_wpscppro_dont_share_socialmedia":false,"_wpscppro_custom_social_share_image":0,"_facebook_share_type":"default","_twitter_share_type":"default","_linkedin_share_type":"default","_pinterest_share_type":"default","_linkedin_share_type_page":"","_instagram_share_type":"default","_medium_share_type":"default","_threads_share_type":"default","_google_business_share_type":"default","_selected_social_profile":[],"_wpsp_enable_custom_social_template":false,"_wpsp_social_scheduling":{"enabled":false,"datetime":null,"platforms":[],"status":"template_only","dateOption":"today","timeOption":"now","customDays":"","customHours":"","customDate":"","customTime":"","schedulingType":"absolute"},"_wpsp_active_default_template":true},"categories":[27],"tags":[],"class_list":["post-73163","post","type-post","status-publish","format-standard","has-post-thumbnail","hentry","category-actualite"],"aioseo_notices":[],"yoast_head":"<!-- This site is optimized with the Yoast SEO plugin v27.5 - https:\/\/yoast.com\/product\/yoast-seo-wordpress\/ -->\n<title>Universit\u00e9\u00a0: Une r\u00e9union consacr\u00e9e au lancement de nouvelles sp\u00e9cialit\u00e9s de pointe - La Sentinelle<\/title>\n<meta name=\"robots\" content=\"index, follow, max-snippet:-1, max-image-preview:large, max-video-preview:-1\" \/>\n<link rel=\"canonical\" href=\"https:\/\/lasentinelle.dz\/index.php\/2025\/09\/10\/universite-une-reunion-consacree-au-lancement-de-nouvelles-specialites-de-pointe\/\" \/>\n<meta property=\"og:locale\" content=\"fr_FR\" \/>\n<meta property=\"og:type\" content=\"article\" \/>\n<meta property=\"og:title\" content=\"Universit\u00e9\u00a0: Une r\u00e9union consacr\u00e9e au lancement de nouvelles sp\u00e9cialit\u00e9s de pointe - La Sentinelle\" \/>\n<meta property=\"og:description\" content=\"Le ministre de l&rsquo;Enseignement sup\u00e9rieur et de la Recherche scientifique, M. Kamel Baddari, a pr\u00e9sid\u00e9, mardi \u00e0 Alger, une r\u00e9union\" \/>\n<meta property=\"og:url\" content=\"https:\/\/lasentinelle.dz\/index.php\/2025\/09\/10\/universite-une-reunion-consacree-au-lancement-de-nouvelles-specialites-de-pointe\/\" \/>\n<meta property=\"og:site_name\" content=\"La Sentinelle\" \/>\n<meta property=\"article:publisher\" content=\"https:\/\/www.facebook.com\/La-Sentinelle-104059864394773\" \/>\n<meta property=\"article:published_time\" content=\"2025-09-10T12:07:02+00:00\" \/>\n<meta property=\"article:modified_time\" content=\"2025-09-10T12:07:03+00:00\" \/>\n<meta property=\"og:image\" content=\"https:\/\/lasentinelle.dz\/wp-content\/uploads\/2025\/08\/Universite.jpeg\" \/>\n\t<meta property=\"og:image:width\" content=\"1200\" \/>\n\t<meta property=\"og:image:height\" content=\"810\" \/>\n\t<meta property=\"og:image:type\" content=\"image\/jpeg\" \/>\n<meta name=\"author\" content=\"admin\" \/>\n<meta name=\"twitter:card\" content=\"summary_large_image\" \/>\n<meta name=\"twitter:label1\" content=\"\u00c9crit par\" \/>\n\t<meta name=\"twitter:data1\" content=\"admin\" \/>\n\t<meta name=\"twitter:label2\" content=\"Dur\u00e9e de lecture estim\u00e9e\" \/>\n\t<meta name=\"twitter:data2\" content=\"2 minutes\" \/>\n<script type=\"application\/ld+json\" class=\"yoast-schema-graph\">{\"@context\":\"https:\\\/\\\/schema.org\",\"@graph\":[{\"@type\":\"Article\",\"@id\":\"https:\\\/\\\/lasentinelle.dz\\\/index.php\\\/2025\\\/09\\\/10\\\/universite-une-reunion-consacree-au-lancement-de-nouvelles-specialites-de-pointe\\\/#article\",\"isPartOf\":{\"@id\":\"https:\\\/\\\/lasentinelle.dz\\\/index.php\\\/2025\\\/09\\\/10\\\/universite-une-reunion-consacree-au-lancement-de-nouvelles-specialites-de-pointe\\\/\"},\"author\":{\"name\":\"admin\",\"@id\":\"https:\\\/\\\/lasentinelle.dz\\\/#\\\/schema\\\/person\\\/729ee0024f24e0b8c5ec17232f8e8b41\"},\"headline\":\"Universit\u00e9\u00a0: Une r\u00e9union consacr\u00e9e au lancement de nouvelles sp\u00e9cialit\u00e9s de pointe\",\"datePublished\":\"2025-09-10T12:07:02+00:00\",\"dateModified\":\"2025-09-10T12:07:03+00:00\",\"mainEntityOfPage\":{\"@id\":\"https:\\\/\\\/lasentinelle.dz\\\/index.php\\\/2025\\\/09\\\/10\\\/universite-une-reunion-consacree-au-lancement-de-nouvelles-specialites-de-pointe\\\/\"},\"wordCount\":297,\"commentCount\":0,\"publisher\":{\"@id\":\"https:\\\/\\\/lasentinelle.dz\\\/#organization\"},\"image\":{\"@id\":\"https:\\\/\\\/lasentinelle.dz\\\/index.php\\\/2025\\\/09\\\/10\\\/universite-une-reunion-consacree-au-lancement-de-nouvelles-specialites-de-pointe\\\/#primaryimage\"},\"thumbnailUrl\":\"https:\\\/\\\/lasentinelle.dz\\\/wp-content\\\/uploads\\\/2025\\\/08\\\/Universite.jpeg\",\"articleSection\":[\"Actualit\u00e9\"],\"inLanguage\":\"fr-FR\",\"potentialAction\":[{\"@type\":\"CommentAction\",\"name\":\"Comment\",\"target\":[\"https:\\\/\\\/lasentinelle.dz\\\/index.php\\\/2025\\\/09\\\/10\\\/universite-une-reunion-consacree-au-lancement-de-nouvelles-specialites-de-pointe\\\/#respond\"]}]},{\"@type\":\"WebPage\",\"@id\":\"https:\\\/\\\/lasentinelle.dz\\\/index.php\\\/2025\\\/09\\\/10\\\/universite-une-reunion-consacree-au-lancement-de-nouvelles-specialites-de-pointe\\\/\",\"url\":\"https:\\\/\\\/lasentinelle.dz\\\/index.php\\\/2025\\\/09\\\/10\\\/universite-une-reunion-consacree-au-lancement-de-nouvelles-specialites-de-pointe\\\/\",\"name\":\"Universit\u00e9\u00a0: Une r\u00e9union consacr\u00e9e au lancement de nouvelles sp\u00e9cialit\u00e9s de pointe - La Sentinelle\",\"isPartOf\":{\"@id\":\"https:\\\/\\\/lasentinelle.dz\\\/#website\"},\"primaryImageOfPage\":{\"@id\":\"https:\\\/\\\/lasentinelle.dz\\\/index.php\\\/2025\\\/09\\\/10\\\/universite-une-reunion-consacree-au-lancement-de-nouvelles-specialites-de-pointe\\\/#primaryimage\"},\"image\":{\"@id\":\"https:\\\/\\\/lasentinelle.dz\\\/index.php\\\/2025\\\/09\\\/10\\\/universite-une-reunion-consacree-au-lancement-de-nouvelles-specialites-de-pointe\\\/#primaryimage\"},\"thumbnailUrl\":\"https:\\\/\\\/lasentinelle.dz\\\/wp-content\\\/uploads\\\/2025\\\/08\\\/Universite.jpeg\",\"datePublished\":\"2025-09-10T12:07:02+00:00\",\"dateModified\":\"2025-09-10T12:07:03+00:00\",\"breadcrumb\":{\"@id\":\"https:\\\/\\\/lasentinelle.dz\\\/index.php\\\/2025\\\/09\\\/10\\\/universite-une-reunion-consacree-au-lancement-de-nouvelles-specialites-de-pointe\\\/#breadcrumb\"},\"inLanguage\":\"fr-FR\",\"potentialAction\":[{\"@type\":\"ReadAction\",\"target\":[\"https:\\\/\\\/lasentinelle.dz\\\/index.php\\\/2025\\\/09\\\/10\\\/universite-une-reunion-consacree-au-lancement-de-nouvelles-specialites-de-pointe\\\/\"]}]},{\"@type\":\"ImageObject\",\"inLanguage\":\"fr-FR\",\"@id\":\"https:\\\/\\\/lasentinelle.dz\\\/index.php\\\/2025\\\/09\\\/10\\\/universite-une-reunion-consacree-au-lancement-de-nouvelles-specialites-de-pointe\\\/#primaryimage\",\"url\":\"https:\\\/\\\/lasentinelle.dz\\\/wp-content\\\/uploads\\\/2025\\\/08\\\/Universite.jpeg\",\"contentUrl\":\"https:\\\/\\\/lasentinelle.dz\\\/wp-content\\\/uploads\\\/2025\\\/08\\\/Universite.jpeg\",\"width\":1200,\"height\":810},{\"@type\":\"BreadcrumbList\",\"@id\":\"https:\\\/\\\/lasentinelle.dz\\\/index.php\\\/2025\\\/09\\\/10\\\/universite-une-reunion-consacree-au-lancement-de-nouvelles-specialites-de-pointe\\\/#breadcrumb\",\"itemListElement\":[{\"@type\":\"ListItem\",\"position\":1,\"name\":\"Accueil\",\"item\":\"https:\\\/\\\/lasentinelle.dz\\\/\"},{\"@type\":\"ListItem\",\"position\":2,\"name\":\"Universit\u00e9\u00a0: Une r\u00e9union consacr\u00e9e au lancement de nouvelles sp\u00e9cialit\u00e9s de pointe\"}]},{\"@type\":\"WebSite\",\"@id\":\"https:\\\/\\\/lasentinelle.dz\\\/#website\",\"url\":\"https:\\\/\\\/lasentinelle.dz\\\/\",\"name\":\"La Sentinelle\",\"description\":\"Quotidien national d&#039;information\",\"publisher\":{\"@id\":\"https:\\\/\\\/lasentinelle.dz\\\/#organization\"},\"potentialAction\":[{\"@type\":\"SearchAction\",\"target\":{\"@type\":\"EntryPoint\",\"urlTemplate\":\"https:\\\/\\\/lasentinelle.dz\\\/?s={search_term_string}\"},\"query-input\":{\"@type\":\"PropertyValueSpecification\",\"valueRequired\":true,\"valueName\":\"search_term_string\"}}],\"inLanguage\":\"fr-FR\"},{\"@type\":\"Organization\",\"@id\":\"https:\\\/\\\/lasentinelle.dz\\\/#organization\",\"name\":\"Quotidien La Sentinelle\",\"url\":\"https:\\\/\\\/lasentinelle.dz\\\/\",\"logo\":{\"@type\":\"ImageObject\",\"inLanguage\":\"fr-FR\",\"@id\":\"https:\\\/\\\/lasentinelle.dz\\\/#\\\/schema\\\/logo\\\/image\\\/\",\"url\":\"https:\\\/\\\/lasentinelle.dz\\\/wp-content\\\/uploads\\\/2021\\\/09\\\/logo-sentinelleSLOGAN-1.png\",\"contentUrl\":\"https:\\\/\\\/lasentinelle.dz\\\/wp-content\\\/uploads\\\/2021\\\/09\\\/logo-sentinelleSLOGAN-1.png\",\"width\":615,\"height\":142,\"caption\":\"Quotidien La Sentinelle\"},\"image\":{\"@id\":\"https:\\\/\\\/lasentinelle.dz\\\/#\\\/schema\\\/logo\\\/image\\\/\"},\"sameAs\":[\"https:\\\/\\\/www.facebook.com\\\/La-Sentinelle-104059864394773\"]},{\"@type\":\"Person\",\"@id\":\"https:\\\/\\\/lasentinelle.dz\\\/#\\\/schema\\\/person\\\/729ee0024f24e0b8c5ec17232f8e8b41\",\"name\":\"admin\",\"image\":{\"@type\":\"ImageObject\",\"inLanguage\":\"fr-FR\",\"@id\":\"https:\\\/\\\/secure.gravatar.com\\\/avatar\\\/4c81fed838786e9b53f540bf46533e750f5d292099ae3b66cfc6fb1982e29df7?s=96&d=mm&r=g\",\"url\":\"https:\\\/\\\/secure.gravatar.com\\\/avatar\\\/4c81fed838786e9b53f540bf46533e750f5d292099ae3b66cfc6fb1982e29df7?s=96&d=mm&r=g\",\"contentUrl\":\"https:\\\/\\\/secure.gravatar.com\\\/avatar\\\/4c81fed838786e9b53f540bf46533e750f5d292099ae3b66cfc6fb1982e29df7?s=96&d=mm&r=g\",\"caption\":\"admin\"},\"description\":\"admin\",\"url\":\"https:\\\/\\\/lasentinelle.dz\\\/author\\\/admin\\\/\"}]}<\/script>\n<!-- \/ Yoast SEO plugin. -->","yoast_head_json":{"title":"Universit\u00e9\u00a0: Une r\u00e9union consacr\u00e9e au lancement de nouvelles sp\u00e9cialit\u00e9s de pointe - La Sentinelle","robots":{"index":"index","follow":"follow","max-snippet":"max-snippet:-1","max-image-preview":"max-image-preview:large","max-video-preview":"max-video-preview:-1"},"canonical":"https:\/\/lasentinelle.dz\/index.php\/2025\/09\/10\/universite-une-reunion-consacree-au-lancement-de-nouvelles-specialites-de-pointe\/","og_locale":"fr_FR","og_type":"article","og_title":"Universit\u00e9\u00a0: Une r\u00e9union consacr\u00e9e au lancement de nouvelles sp\u00e9cialit\u00e9s de pointe - La Sentinelle","og_description":"Le ministre de l&rsquo;Enseignement sup\u00e9rieur et de la Recherche scientifique, M. Kamel Baddari, a pr\u00e9sid\u00e9, mardi \u00e0 Alger, une r\u00e9union","og_url":"https:\/\/lasentinelle.dz\/index.php\/2025\/09\/10\/universite-une-reunion-consacree-au-lancement-de-nouvelles-specialites-de-pointe\/","og_site_name":"La Sentinelle","article_publisher":"https:\/\/www.facebook.com\/La-Sentinelle-104059864394773","article_published_time":"2025-09-10T12:07:02+00:00","article_modified_time":"2025-09-10T12:07:03+00:00","og_image":[{"width":1200,"height":810,"url":"https:\/\/lasentinelle.dz\/wp-content\/uploads\/2025\/08\/Universite.jpeg","type":"image\/jpeg"}],"author":"admin","twitter_card":"summary_large_image","twitter_misc":{"\u00c9crit par":"admin","Dur\u00e9e de lecture estim\u00e9e":"2 minutes"},"schema":{"@context":"https:\/\/schema.org","@graph":[{"@type":"Article","@id":"https:\/\/lasentinelle.dz\/index.php\/2025\/09\/10\/universite-une-reunion-consacree-au-lancement-de-nouvelles-specialites-de-pointe\/#article","isPartOf":{"@id":"https:\/\/lasentinelle.dz\/index.php\/2025\/09\/10\/universite-une-reunion-consacree-au-lancement-de-nouvelles-specialites-de-pointe\/"},"author":{"name":"admin","@id":"https:\/\/lasentinelle.dz\/#\/schema\/person\/729ee0024f24e0b8c5ec17232f8e8b41"},"headline":"Universit\u00e9\u00a0: Une r\u00e9union consacr\u00e9e au lancement de nouvelles sp\u00e9cialit\u00e9s de pointe","datePublished":"2025-09-10T12:07:02+00:00","dateModified":"2025-09-10T12:07:03+00:00","mainEntityOfPage":{"@id":"https:\/\/lasentinelle.dz\/index.php\/2025\/09\/10\/universite-une-reunion-consacree-au-lancement-de-nouvelles-specialites-de-pointe\/"},"wordCount":297,"commentCount":0,"publisher":{"@id":"https:\/\/lasentinelle.dz\/#organization"},"image":{"@id":"https:\/\/lasentinelle.dz\/index.php\/2025\/09\/10\/universite-une-reunion-consacree-au-lancement-de-nouvelles-specialites-de-pointe\/#primaryimage"},"thumbnailUrl":"https:\/\/lasentinelle.dz\/wp-content\/uploads\/2025\/08\/Universite.jpeg","articleSection":["Actualit\u00e9"],"inLanguage":"fr-FR","potentialAction":[{"@type":"CommentAction","name":"Comment","target":["https:\/\/lasentinelle.dz\/index.php\/2025\/09\/10\/universite-une-reunion-consacree-au-lancement-de-nouvelles-specialites-de-pointe\/#respond"]}]},{"@type":"WebPage","@id":"https:\/\/lasentinelle.dz\/index.php\/2025\/09\/10\/universite-une-reunion-consacree-au-lancement-de-nouvelles-specialites-de-pointe\/","url":"https:\/\/lasentinelle.dz\/index.php\/2025\/09\/10\/universite-une-reunion-consacree-au-lancement-de-nouvelles-specialites-de-pointe\/","name":"Universit\u00e9\u00a0: Une r\u00e9union consacr\u00e9e au lancement de nouvelles sp\u00e9cialit\u00e9s de pointe - La Sentinelle","isPartOf":{"@id":"https:\/\/lasentinelle.dz\/#website"},"primaryImageOfPage":{"@id":"https:\/\/lasentinelle.dz\/index.php\/2025\/09\/10\/universite-une-reunion-consacree-au-lancement-de-nouvelles-specialites-de-pointe\/#primaryimage"},"image":{"@id":"https:\/\/lasentinelle.dz\/index.php\/2025\/09\/10\/universite-une-reunion-consacree-au-lancement-de-nouvelles-specialites-de-pointe\/#primaryimage"},"thumbnailUrl":"https:\/\/lasentinelle.dz\/wp-content\/uploads\/2025\/08\/Universite.jpeg","datePublished":"2025-09-10T12:07:02+00:00","dateModified":"2025-09-10T12:07:03+00:00","breadcrumb":{"@id":"https:\/\/lasentinelle.dz\/index.php\/2025\/09\/10\/universite-une-reunion-consacree-au-lancement-de-nouvelles-specialites-de-pointe\/#breadcrumb"},"inLanguage":"fr-FR","potentialAction":[{"@type":"ReadAction","target":["https:\/\/lasentinelle.dz\/index.php\/2025\/09\/10\/universite-une-reunion-consacree-au-lancement-de-nouvelles-specialites-de-pointe\/"]}]},{"@type":"ImageObject","inLanguage":"fr-FR","@id":"https:\/\/lasentinelle.dz\/index.php\/2025\/09\/10\/universite-une-reunion-consacree-au-lancement-de-nouvelles-specialites-de-pointe\/#primaryimage","url":"https:\/\/lasentinelle.dz\/wp-content\/uploads\/2025\/08\/Universite.jpeg","contentUrl":"https:\/\/lasentinelle.dz\/wp-content\/uploads\/2025\/08\/Universite.jpeg","width":1200,"height":810},{"@type":"BreadcrumbList","@id":"https:\/\/lasentinelle.dz\/index.php\/2025\/09\/10\/universite-une-reunion-consacree-au-lancement-de-nouvelles-specialites-de-pointe\/#breadcrumb","itemListElement":[{"@type":"ListItem","position":1,"name":"Accueil","item":"https:\/\/lasentinelle.dz\/"},{"@type":"ListItem","position":2,"name":"Universit\u00e9\u00a0: Une r\u00e9union consacr\u00e9e au lancement de nouvelles sp\u00e9cialit\u00e9s de pointe"}]},{"@type":"WebSite","@id":"https:\/\/lasentinelle.dz\/#website","url":"https:\/\/lasentinelle.dz\/","name":"La Sentinelle","description":"Quotidien national d&#039;information","publisher":{"@id":"https:\/\/lasentinelle.dz\/#organization"},"potentialAction":[{"@type":"SearchAction","target":{"@type":"EntryPoint","urlTemplate":"https:\/\/lasentinelle.dz\/?s={search_term_string}"},"query-input":{"@type":"PropertyValueSpecification","valueRequired":true,"valueName":"search_term_string"}}],"inLanguage":"fr-FR"},{"@type":"Organization","@id":"https:\/\/lasentinelle.dz\/#organization","name":"Quotidien La Sentinelle","url":"https:\/\/lasentinelle.dz\/","logo":{"@type":"ImageObject","inLanguage":"fr-FR","@id":"https:\/\/lasentinelle.dz\/#\/schema\/logo\/image\/","url":"https:\/\/lasentinelle.dz\/wp-content\/uploads\/2021\/09\/logo-sentinelleSLOGAN-1.png","contentUrl":"https:\/\/lasentinelle.dz\/wp-content\/uploads\/2021\/09\/logo-sentinelleSLOGAN-1.png","width":615,"height":142,"caption":"Quotidien La Sentinelle"},"image":{"@id":"https:\/\/lasentinelle.dz\/#\/schema\/logo\/image\/"},"sameAs":["https:\/\/www.facebook.com\/La-Sentinelle-104059864394773"]},{"@type":"Person","@id":"https:\/\/lasentinelle.dz\/#\/schema\/person\/729ee0024f24e0b8c5ec17232f8e8b41","name":"admin","image":{"@type":"ImageObject","inLanguage":"fr-FR","@id":"https:\/\/secure.gravatar.com\/avatar\/4c81fed838786e9b53f540bf46533e750f5d292099ae3b66cfc6fb1982e29df7?s=96&d=mm&r=g","url":"https:\/\/secure.gravatar.com\/avatar\/4c81fed838786e9b53f540bf46533e750f5d292099ae3b66cfc6fb1982e29df7?s=96&d=mm&r=g","contentUrl":"https:\/\/secure.gravatar.com\/avatar\/4c81fed838786e9b53f540bf46533e750f5d292099ae3b66cfc6fb1982e29df7?s=96&d=mm&r=g","caption":"admin"},"description":"admin","url":"https:\/\/lasentinelle.dz\/author\/admin\/"}]}},"_links":{"self":[{"href":"https:\/\/lasentinelle.dz\/index.php\/wp-json\/wp\/v2\/posts\/73163","targetHints":{"allow":["GET"]}}],"collection":[{"href":"https:\/\/lasentinelle.dz\/index.php\/wp-json\/wp\/v2\/posts"}],"about":[{"href":"https:\/\/lasentinelle.dz\/index.php\/wp-json\/wp\/v2\/types\/post"}],"author":[{"embeddable":true,"href":"https:\/\/lasentinelle.dz\/index.php\/wp-json\/wp\/v2\/users\/6"}],"replies":[{"embeddable":true,"href":"https:\/\/lasentinelle.dz\/index.php\/wp-json\/wp\/v2\/comments?post=73163"}],"version-history":[{"count":1,"href":"https:\/\/lasentinelle.dz\/index.php\/wp-json\/wp\/v2\/posts\/73163\/revisions"}],"predecessor-version":[{"id":73164,"href":"https:\/\/lasentinelle.dz\/index.php\/wp-json\/wp\/v2\/posts\/73163\/revisions\/73164"}],"wp:featuredmedia":[{"embeddable":true,"href":"https:\/\/lasentinelle.dz\/index.php\/wp-json\/wp\/v2\/media\/71408"}],"wp:attachment":[{"href":"https:\/\/lasentinelle.dz\/index.php\/wp-json\/wp\/v2\/media?parent=73163"}],"wp:term":[{"taxonomy":"category","embeddable":true,"href":"https:\/\/lasentinelle.dz\/index.php\/wp-json\/wp\/v2\/categories?post=73163"},{"taxonomy":"post_tag","embeddable":true,"href":"https:\/\/lasentinelle.dz\/index.php\/wp-json\/wp\/v2\/tags?post=73163"}],"curies":[{"name":"wp","href":"https:\/\/api.w.org\/{rel}","templated":true}]}}