{"id":73165,"date":"2025-09-10T13:07:56","date_gmt":"2025-09-10T12:07:56","guid":{"rendered":"https:\/\/lasentinelle.dz\/?p=73165"},"modified":"2025-09-10T13:07:57","modified_gmt":"2025-09-10T12:07:57","slug":"a-une-dizaine-de-jours-de-la-rentree-scolaire-le-ministere-de-leducation-mise-sur-le-dialogue-social","status":"publish","type":"post","link":"https:\/\/lasentinelle.dz\/index.php\/2025\/09\/10\/a-une-dizaine-de-jours-de-la-rentree-scolaire-le-ministere-de-leducation-mise-sur-le-dialogue-social\/","title":{"rendered":"A une dizaine de jours de la rentr\u00e9e scolaire\u00a0: Le minist\u00e8re de l&rsquo;\u00c9ducation mise sur le dialogue social"},"content":{"rendered":"\n<p>\u00c0 douze jours de la rentr\u00e9e scolaire 2025-2026, le minist\u00e8re de l&rsquo;\u00c9ducation nationale intensifie ses consultations avec les partenaires sociaux. Le ministre Mohamed Seghir Saadaoui a organis\u00e9 ce mardi une rencontre avec les repr\u00e9sentants des organisations syndicales agr\u00e9\u00e9es du secteur et les pr\u00e9sidents des associations nationales de parents d&rsquo;\u00e9l\u00e8ves au si\u00e8ge du minist\u00e8re. Le ministre a soulign\u00e9 que cette rencontre inaugurale avec les partenaires sociaux au d\u00e9but de la nouvelle ann\u00e9e scolaire \u00ab\u00a0repr\u00e9sente une tradition louable que le minist\u00e8re s&#8217;emploie \u00e0 ancrer, ce qui renforce la culture de concertation et de communication au sein de la communaut\u00e9 \u00e9ducative\u00a0\u00bb. Il a confirm\u00e9 que cette r\u00e9union constitue \u00ab\u00a0une opportunit\u00e9 pour affirmer la poursuite du processus de consultation avec les partenaires sociaux, permettant de renforcer l&rsquo;esprit de dialogue et de consacrer le travail participatif au service de la stabilit\u00e9 du secteur et de la promotion de l&rsquo;\u00e9cole alg\u00e9rienne\u00a0\u00bb.<\/p>\n\n\n\n<p>Le ministre a valoris\u00e9 les efforts d\u00e9ploy\u00e9s par les organisations syndicales durant les vacances estivales \u00e0 travers l&rsquo;organisation de rencontres et d&rsquo;universit\u00e9s d&rsquo;\u00e9t\u00e9, saluant \u00ab\u00a0la conscience et la responsabilit\u00e9\u00a0\u00bb manifest\u00e9es dans le traitement des questions sectorielles. Il a r\u00e9it\u00e9r\u00e9 l&rsquo;engagement du minist\u00e8re concernant \u00ab\u00a0la finalisation des questions relatives au statut particulier des fonctionnaires appartenant aux corps sp\u00e9ciaux de l&rsquo;\u00c9ducation nationale, sur la base des accords conclus avec les partenaires sociaux\u00a0\u00bb, pr\u00e9cisant que l&rsquo;objectif est de \u00ab\u00a0cl\u00f4turer ce dossier dans les plus brefs d\u00e9lais de mani\u00e8re \u00e0 consacrer les droits des fonctionnaires et pr\u00e9server la stabilit\u00e9 du secteur\u00a0\u00bb. Saadaoui a annonc\u00e9 la poursuite des rencontres bilat\u00e9rales p\u00e9riodiques avec les syndicats et les associations nationales de parents d&rsquo;\u00e9l\u00e8ves, selon un calendrier \u00e0 \u00e9tablir ult\u00e9rieurement, pour traiter les pr\u00e9occupations quotidiennes aux niveaux central et local.<\/p>\n\n\n\n<p>Dans le cadre des pr\u00e9paratifs de la rentr\u00e9e scolaire 2025-2026, le ministre a mis en relief les principales mesures prises, notamment le renforcement des directions de l&rsquo;\u00e9ducation par les ressources humaines n\u00e9cessaires, le soutien du parc d&rsquo;infrastructures \u00e9ducatives dans le cadre du programme 2025 avec 600 classes d&rsquo;extension, 196 coll\u00e8ges et 70 nouveaux lyc\u00e9es, en plus du programme d&rsquo;am\u00e9nagement. Il a \u00e9galement \u00e9voqu\u00e9 le suivi des projets suspendus et l&rsquo;intensification des visites de terrain pour garantir l&rsquo;accueil des \u00e9l\u00e8ves dans des conditions normales et s\u00e9curis\u00e9es, l&rsquo;ach\u00e8vement des op\u00e9rations d&rsquo;int\u00e9gration dans les nouveaux grades li\u00e9s au statut particulier, le lancement des op\u00e9rations de mouvement et de mutation hors de l&rsquo;administration utilisatrice, ainsi que la finalisation des proc\u00e9dures de contractualisation pour les postes vacants.<\/p>\n\n\n\n<p><strong>Nouveaux horaires pour la 3e ann\u00e9e primaire<\/strong><\/p>\n\n\n\n<p>Sur le plan p\u00e9dagogique, le ministre a annonc\u00e9 la restructuration des mati\u00e8res et horaires de la 3e ann\u00e9e primaire qui entrera en vigueur d\u00e8s cette ann\u00e9e comme premi\u00e8re \u00e9tape dans une approche globale de modernisation des programmes et curricula. Notons que cette r\u00e9forme pr\u00e9voit le renforcement de l&rsquo;horaire de langue arabe avec quinze minutes suppl\u00e9mentaires ajout\u00e9es \u00e0 la s\u00e9ance de lecture, portant son horaire \u00e0 7 heures et 30 minutes hebdomadaires. L&rsquo;histoire b\u00e9n\u00e9ficie d\u00e9sormais d&rsquo;une s\u00e9ance ind\u00e9pendante de 30 minutes par semaine, s\u00e9par\u00e9e de la g\u00e9ographie. L&rsquo;enseignement de l&rsquo;anglais, consid\u00e9r\u00e9e comme langue vivante et langue des sciences, voit son horaire renforc\u00e9 de 30 minutes suppl\u00e9mentaires pour atteindre 2 heures hebdomadaires. L&rsquo;\u00e9ducation physique et sportive gagne une heure pour totaliser 2 heures par semaine, tandis que l&rsquo;\u00e9ducation artistique b\u00e9n\u00e9ficie de 45 minutes additionnelles, portant son horaire \u00e0 1 heure et 30 minutes hebdomadaires. Au total, l&rsquo;horaire hebdomadaire global des neuf mati\u00e8res combin\u00e9es s&rsquo;\u00e9l\u00e8ve \u00e0 22 heures et 30 minutes, r\u00e9parti sur 30 s\u00e9ances dont 15 d&rsquo;une heure et 15 de trente minutes. Ces modifications n\u00e9cessitent des arrangements organisationnels, notamment la redistribution \u00e9quilibr\u00e9e des enseignants de fran\u00e7ais, d&rsquo;anglais et d&rsquo;\u00e9ducation physique pour assurer une couverture compl\u00e8te de toutes les \u00e9coles et groupes p\u00e9dagogiques. Le minist\u00e8re pr\u00e9voit \u00e9galement un accompagnement p\u00e9dagogique obligatoire par les inspecteurs \u00e0 travers l&rsquo;organisation de s\u00e9minaires \u00e9ducatifs et de journ\u00e9es d&rsquo;\u00e9tude sur les diff\u00e9rents aspects de cette op\u00e9ration, dans le cadre du processus normal de formation en cours de service.<\/p>\n\n\n\n<p>Le ministre a conclu en affirmant que le minist\u00e8re continuera \u00e0 travailler avec la m\u00eame d\u00e9termination dans les aspects p\u00e9dagogiques, administratifs et de gestion, soulignant que la nouvelle ann\u00e9e scolaire sera meilleure gr\u00e2ce aux efforts conjugu\u00e9s de tous au service des enfants et de l&rsquo;\u00e9cole alg\u00e9rienne.<\/p>\n\n\n\n<p>Lyna Larbi<\/p>\n","protected":false},"excerpt":{"rendered":"<p>\u00c0 douze jours de la rentr\u00e9e scolaire 2025-2026, le minist\u00e8re de l&rsquo;\u00c9ducation nationale intensifie ses consultations avec les partenaires sociaux.<\/p>\n","protected":false},"author":6,"featured_media":60657,"comment_status":"open","ping_status":"closed","sticky":false,"template":"","format":"standard","meta":{"colormag_page_container_layout":"default_layout","colormag_page_sidebar_layout":"default_layout","om_disable_all_campaigns":false,"_monsterinsights_skip_tracking":false,"_monsterinsights_sitenote_active":false,"_monsterinsights_sitenote_note":"","_monsterinsights_sitenote_category":0,"footnotes":"","_wpscppro_dont_share_socialmedia":false,"_wpscppro_custom_social_share_image":0,"_facebook_share_type":"default","_twitter_share_type":"default","_linkedin_share_type":"default","_pinterest_share_type":"default","_linkedin_share_type_page":"","_instagram_share_type":"default","_medium_share_type":"default","_threads_share_type":"default","_google_business_share_type":"default","_selected_social_profile":[],"_wpsp_enable_custom_social_template":false,"_wpsp_social_scheduling":{"enabled":false,"datetime":null,"platforms":[],"status":"template_only","dateOption":"today","timeOption":"now","customDays":"","customHours":"","customDate":"","customTime":"","schedulingType":"absolute"},"_wpsp_active_default_template":true},"categories":[52,27],"tags":[],"class_list":["post-73165","post","type-post","status-publish","format-standard","has-post-thumbnail","hentry","category-a-la-une","category-actualite"],"aioseo_notices":[],"yoast_head":"<!-- This site is optimized with the Yoast SEO plugin v27.5 - https:\/\/yoast.com\/product\/yoast-seo-wordpress\/ -->\n<title>A une dizaine de jours de la rentr\u00e9e scolaire\u00a0: Le minist\u00e8re de l&rsquo;\u00c9ducation mise sur le dialogue social - La Sentinelle<\/title>\n<meta name=\"robots\" content=\"index, follow, max-snippet:-1, max-image-preview:large, max-video-preview:-1\" \/>\n<link rel=\"canonical\" href=\"https:\/\/lasentinelle.dz\/index.php\/2025\/09\/10\/a-une-dizaine-de-jours-de-la-rentree-scolaire-le-ministere-de-leducation-mise-sur-le-dialogue-social\/\" \/>\n<meta property=\"og:locale\" content=\"fr_FR\" \/>\n<meta property=\"og:type\" content=\"article\" \/>\n<meta property=\"og:title\" content=\"A une dizaine de jours de la rentr\u00e9e scolaire\u00a0: Le minist\u00e8re de l&rsquo;\u00c9ducation mise sur le dialogue social - La Sentinelle\" \/>\n<meta property=\"og:description\" content=\"\u00c0 douze jours de la rentr\u00e9e scolaire 2025-2026, le minist\u00e8re de l&rsquo;\u00c9ducation nationale intensifie ses consultations avec les partenaires sociaux.\" \/>\n<meta property=\"og:url\" content=\"https:\/\/lasentinelle.dz\/index.php\/2025\/09\/10\/a-une-dizaine-de-jours-de-la-rentree-scolaire-le-ministere-de-leducation-mise-sur-le-dialogue-social\/\" \/>\n<meta property=\"og:site_name\" content=\"La Sentinelle\" \/>\n<meta property=\"article:publisher\" content=\"https:\/\/www.facebook.com\/La-Sentinelle-104059864394773\" \/>\n<meta property=\"article:published_time\" content=\"2025-09-10T12:07:56+00:00\" \/>\n<meta property=\"article:modified_time\" content=\"2025-09-10T12:07:57+00:00\" \/>\n<meta property=\"og:image\" content=\"https:\/\/lasentinelle.dz\/wp-content\/uploads\/2024\/12\/saadaoui-1.jpg\" \/>\n\t<meta property=\"og:image:width\" content=\"1264\" \/>\n\t<meta property=\"og:image:height\" content=\"837\" \/>\n\t<meta property=\"og:image:type\" content=\"image\/jpeg\" \/>\n<meta name=\"author\" content=\"admin\" \/>\n<meta name=\"twitter:card\" content=\"summary_large_image\" \/>\n<meta name=\"twitter:label1\" content=\"\u00c9crit par\" \/>\n\t<meta name=\"twitter:data1\" content=\"admin\" \/>\n\t<meta name=\"twitter:label2\" content=\"Dur\u00e9e de lecture estim\u00e9e\" \/>\n\t<meta name=\"twitter:data2\" content=\"4 minutes\" \/>\n<script type=\"application\/ld+json\" class=\"yoast-schema-graph\">{\"@context\":\"https:\\\/\\\/schema.org\",\"@graph\":[{\"@type\":\"Article\",\"@id\":\"https:\\\/\\\/lasentinelle.dz\\\/index.php\\\/2025\\\/09\\\/10\\\/a-une-dizaine-de-jours-de-la-rentree-scolaire-le-ministere-de-leducation-mise-sur-le-dialogue-social\\\/#article\",\"isPartOf\":{\"@id\":\"https:\\\/\\\/lasentinelle.dz\\\/index.php\\\/2025\\\/09\\\/10\\\/a-une-dizaine-de-jours-de-la-rentree-scolaire-le-ministere-de-leducation-mise-sur-le-dialogue-social\\\/\"},\"author\":{\"name\":\"admin\",\"@id\":\"https:\\\/\\\/lasentinelle.dz\\\/#\\\/schema\\\/person\\\/729ee0024f24e0b8c5ec17232f8e8b41\"},\"headline\":\"A une dizaine de jours de la rentr\u00e9e scolaire\u00a0: Le minist\u00e8re de l&rsquo;\u00c9ducation mise sur le dialogue social\",\"datePublished\":\"2025-09-10T12:07:56+00:00\",\"dateModified\":\"2025-09-10T12:07:57+00:00\",\"mainEntityOfPage\":{\"@id\":\"https:\\\/\\\/lasentinelle.dz\\\/index.php\\\/2025\\\/09\\\/10\\\/a-une-dizaine-de-jours-de-la-rentree-scolaire-le-ministere-de-leducation-mise-sur-le-dialogue-social\\\/\"},\"wordCount\":821,\"commentCount\":0,\"publisher\":{\"@id\":\"https:\\\/\\\/lasentinelle.dz\\\/#organization\"},\"image\":{\"@id\":\"https:\\\/\\\/lasentinelle.dz\\\/index.php\\\/2025\\\/09\\\/10\\\/a-une-dizaine-de-jours-de-la-rentree-scolaire-le-ministere-de-leducation-mise-sur-le-dialogue-social\\\/#primaryimage\"},\"thumbnailUrl\":\"https:\\\/\\\/lasentinelle.dz\\\/wp-content\\\/uploads\\\/2024\\\/12\\\/saadaoui-1.jpg\",\"articleSection\":[\"\u00c0 la Une\",\"Actualit\u00e9\"],\"inLanguage\":\"fr-FR\",\"potentialAction\":[{\"@type\":\"CommentAction\",\"name\":\"Comment\",\"target\":[\"https:\\\/\\\/lasentinelle.dz\\\/index.php\\\/2025\\\/09\\\/10\\\/a-une-dizaine-de-jours-de-la-rentree-scolaire-le-ministere-de-leducation-mise-sur-le-dialogue-social\\\/#respond\"]}]},{\"@type\":\"WebPage\",\"@id\":\"https:\\\/\\\/lasentinelle.dz\\\/index.php\\\/2025\\\/09\\\/10\\\/a-une-dizaine-de-jours-de-la-rentree-scolaire-le-ministere-de-leducation-mise-sur-le-dialogue-social\\\/\",\"url\":\"https:\\\/\\\/lasentinelle.dz\\\/index.php\\\/2025\\\/09\\\/10\\\/a-une-dizaine-de-jours-de-la-rentree-scolaire-le-ministere-de-leducation-mise-sur-le-dialogue-social\\\/\",\"name\":\"A une dizaine de jours de la rentr\u00e9e scolaire\u00a0: Le minist\u00e8re de l&rsquo;\u00c9ducation mise sur le dialogue social - La Sentinelle\",\"isPartOf\":{\"@id\":\"https:\\\/\\\/lasentinelle.dz\\\/#website\"},\"primaryImageOfPage\":{\"@id\":\"https:\\\/\\\/lasentinelle.dz\\\/index.php\\\/2025\\\/09\\\/10\\\/a-une-dizaine-de-jours-de-la-rentree-scolaire-le-ministere-de-leducation-mise-sur-le-dialogue-social\\\/#primaryimage\"},\"image\":{\"@id\":\"https:\\\/\\\/lasentinelle.dz\\\/index.php\\\/2025\\\/09\\\/10\\\/a-une-dizaine-de-jours-de-la-rentree-scolaire-le-ministere-de-leducation-mise-sur-le-dialogue-social\\\/#primaryimage\"},\"thumbnailUrl\":\"https:\\\/\\\/lasentinelle.dz\\\/wp-content\\\/uploads\\\/2024\\\/12\\\/saadaoui-1.jpg\",\"datePublished\":\"2025-09-10T12:07:56+00:00\",\"dateModified\":\"2025-09-10T12:07:57+00:00\",\"breadcrumb\":{\"@id\":\"https:\\\/\\\/lasentinelle.dz\\\/index.php\\\/2025\\\/09\\\/10\\\/a-une-dizaine-de-jours-de-la-rentree-scolaire-le-ministere-de-leducation-mise-sur-le-dialogue-social\\\/#breadcrumb\"},\"inLanguage\":\"fr-FR\",\"potentialAction\":[{\"@type\":\"ReadAction\",\"target\":[\"https:\\\/\\\/lasentinelle.dz\\\/index.php\\\/2025\\\/09\\\/10\\\/a-une-dizaine-de-jours-de-la-rentree-scolaire-le-ministere-de-leducation-mise-sur-le-dialogue-social\\\/\"]}]},{\"@type\":\"ImageObject\",\"inLanguage\":\"fr-FR\",\"@id\":\"https:\\\/\\\/lasentinelle.dz\\\/index.php\\\/2025\\\/09\\\/10\\\/a-une-dizaine-de-jours-de-la-rentree-scolaire-le-ministere-de-leducation-mise-sur-le-dialogue-social\\\/#primaryimage\",\"url\":\"https:\\\/\\\/lasentinelle.dz\\\/wp-content\\\/uploads\\\/2024\\\/12\\\/saadaoui-1.jpg\",\"contentUrl\":\"https:\\\/\\\/lasentinelle.dz\\\/wp-content\\\/uploads\\\/2024\\\/12\\\/saadaoui-1.jpg\",\"width\":1264,\"height\":837},{\"@type\":\"BreadcrumbList\",\"@id\":\"https:\\\/\\\/lasentinelle.dz\\\/index.php\\\/2025\\\/09\\\/10\\\/a-une-dizaine-de-jours-de-la-rentree-scolaire-le-ministere-de-leducation-mise-sur-le-dialogue-social\\\/#breadcrumb\",\"itemListElement\":[{\"@type\":\"ListItem\",\"position\":1,\"name\":\"Accueil\",\"item\":\"https:\\\/\\\/lasentinelle.dz\\\/\"},{\"@type\":\"ListItem\",\"position\":2,\"name\":\"A une dizaine de jours de la rentr\u00e9e scolaire\u00a0: Le minist\u00e8re de l&rsquo;\u00c9ducation mise sur le dialogue social\"}]},{\"@type\":\"WebSite\",\"@id\":\"https:\\\/\\\/lasentinelle.dz\\\/#website\",\"url\":\"https:\\\/\\\/lasentinelle.dz\\\/\",\"name\":\"La Sentinelle\",\"description\":\"Quotidien national d&#039;information\",\"publisher\":{\"@id\":\"https:\\\/\\\/lasentinelle.dz\\\/#organization\"},\"potentialAction\":[{\"@type\":\"SearchAction\",\"target\":{\"@type\":\"EntryPoint\",\"urlTemplate\":\"https:\\\/\\\/lasentinelle.dz\\\/?s={search_term_string}\"},\"query-input\":{\"@type\":\"PropertyValueSpecification\",\"valueRequired\":true,\"valueName\":\"search_term_string\"}}],\"inLanguage\":\"fr-FR\"},{\"@type\":\"Organization\",\"@id\":\"https:\\\/\\\/lasentinelle.dz\\\/#organization\",\"name\":\"Quotidien La Sentinelle\",\"url\":\"https:\\\/\\\/lasentinelle.dz\\\/\",\"logo\":{\"@type\":\"ImageObject\",\"inLanguage\":\"fr-FR\",\"@id\":\"https:\\\/\\\/lasentinelle.dz\\\/#\\\/schema\\\/logo\\\/image\\\/\",\"url\":\"https:\\\/\\\/lasentinelle.dz\\\/wp-content\\\/uploads\\\/2021\\\/09\\\/logo-sentinelleSLOGAN-1.png\",\"contentUrl\":\"https:\\\/\\\/lasentinelle.dz\\\/wp-content\\\/uploads\\\/2021\\\/09\\\/logo-sentinelleSLOGAN-1.png\",\"width\":615,\"height\":142,\"caption\":\"Quotidien La Sentinelle\"},\"image\":{\"@id\":\"https:\\\/\\\/lasentinelle.dz\\\/#\\\/schema\\\/logo\\\/image\\\/\"},\"sameAs\":[\"https:\\\/\\\/www.facebook.com\\\/La-Sentinelle-104059864394773\"]},{\"@type\":\"Person\",\"@id\":\"https:\\\/\\\/lasentinelle.dz\\\/#\\\/schema\\\/person\\\/729ee0024f24e0b8c5ec17232f8e8b41\",\"name\":\"admin\",\"image\":{\"@type\":\"ImageObject\",\"inLanguage\":\"fr-FR\",\"@id\":\"https:\\\/\\\/secure.gravatar.com\\\/avatar\\\/4c81fed838786e9b53f540bf46533e750f5d292099ae3b66cfc6fb1982e29df7?s=96&d=mm&r=g\",\"url\":\"https:\\\/\\\/secure.gravatar.com\\\/avatar\\\/4c81fed838786e9b53f540bf46533e750f5d292099ae3b66cfc6fb1982e29df7?s=96&d=mm&r=g\",\"contentUrl\":\"https:\\\/\\\/secure.gravatar.com\\\/avatar\\\/4c81fed838786e9b53f540bf46533e750f5d292099ae3b66cfc6fb1982e29df7?s=96&d=mm&r=g\",\"caption\":\"admin\"},\"description\":\"admin\",\"url\":\"https:\\\/\\\/lasentinelle.dz\\\/author\\\/admin\\\/\"}]}<\/script>\n<!-- \/ Yoast SEO plugin. -->","yoast_head_json":{"title":"A une dizaine de jours de la rentr\u00e9e scolaire\u00a0: Le minist\u00e8re de l&rsquo;\u00c9ducation mise sur le dialogue social - La Sentinelle","robots":{"index":"index","follow":"follow","max-snippet":"max-snippet:-1","max-image-preview":"max-image-preview:large","max-video-preview":"max-video-preview:-1"},"canonical":"https:\/\/lasentinelle.dz\/index.php\/2025\/09\/10\/a-une-dizaine-de-jours-de-la-rentree-scolaire-le-ministere-de-leducation-mise-sur-le-dialogue-social\/","og_locale":"fr_FR","og_type":"article","og_title":"A une dizaine de jours de la rentr\u00e9e scolaire\u00a0: Le minist\u00e8re de l&rsquo;\u00c9ducation mise sur le dialogue social - La Sentinelle","og_description":"\u00c0 douze jours de la rentr\u00e9e scolaire 2025-2026, le minist\u00e8re de l&rsquo;\u00c9ducation nationale intensifie ses consultations avec les partenaires sociaux.","og_url":"https:\/\/lasentinelle.dz\/index.php\/2025\/09\/10\/a-une-dizaine-de-jours-de-la-rentree-scolaire-le-ministere-de-leducation-mise-sur-le-dialogue-social\/","og_site_name":"La Sentinelle","article_publisher":"https:\/\/www.facebook.com\/La-Sentinelle-104059864394773","article_published_time":"2025-09-10T12:07:56+00:00","article_modified_time":"2025-09-10T12:07:57+00:00","og_image":[{"width":1264,"height":837,"url":"https:\/\/lasentinelle.dz\/wp-content\/uploads\/2024\/12\/saadaoui-1.jpg","type":"image\/jpeg"}],"author":"admin","twitter_card":"summary_large_image","twitter_misc":{"\u00c9crit par":"admin","Dur\u00e9e de lecture estim\u00e9e":"4 minutes"},"schema":{"@context":"https:\/\/schema.org","@graph":[{"@type":"Article","@id":"https:\/\/lasentinelle.dz\/index.php\/2025\/09\/10\/a-une-dizaine-de-jours-de-la-rentree-scolaire-le-ministere-de-leducation-mise-sur-le-dialogue-social\/#article","isPartOf":{"@id":"https:\/\/lasentinelle.dz\/index.php\/2025\/09\/10\/a-une-dizaine-de-jours-de-la-rentree-scolaire-le-ministere-de-leducation-mise-sur-le-dialogue-social\/"},"author":{"name":"admin","@id":"https:\/\/lasentinelle.dz\/#\/schema\/person\/729ee0024f24e0b8c5ec17232f8e8b41"},"headline":"A une dizaine de jours de la rentr\u00e9e scolaire\u00a0: Le minist\u00e8re de l&rsquo;\u00c9ducation mise sur le dialogue social","datePublished":"2025-09-10T12:07:56+00:00","dateModified":"2025-09-10T12:07:57+00:00","mainEntityOfPage":{"@id":"https:\/\/lasentinelle.dz\/index.php\/2025\/09\/10\/a-une-dizaine-de-jours-de-la-rentree-scolaire-le-ministere-de-leducation-mise-sur-le-dialogue-social\/"},"wordCount":821,"commentCount":0,"publisher":{"@id":"https:\/\/lasentinelle.dz\/#organization"},"image":{"@id":"https:\/\/lasentinelle.dz\/index.php\/2025\/09\/10\/a-une-dizaine-de-jours-de-la-rentree-scolaire-le-ministere-de-leducation-mise-sur-le-dialogue-social\/#primaryimage"},"thumbnailUrl":"https:\/\/lasentinelle.dz\/wp-content\/uploads\/2024\/12\/saadaoui-1.jpg","articleSection":["\u00c0 la Une","Actualit\u00e9"],"inLanguage":"fr-FR","potentialAction":[{"@type":"CommentAction","name":"Comment","target":["https:\/\/lasentinelle.dz\/index.php\/2025\/09\/10\/a-une-dizaine-de-jours-de-la-rentree-scolaire-le-ministere-de-leducation-mise-sur-le-dialogue-social\/#respond"]}]},{"@type":"WebPage","@id":"https:\/\/lasentinelle.dz\/index.php\/2025\/09\/10\/a-une-dizaine-de-jours-de-la-rentree-scolaire-le-ministere-de-leducation-mise-sur-le-dialogue-social\/","url":"https:\/\/lasentinelle.dz\/index.php\/2025\/09\/10\/a-une-dizaine-de-jours-de-la-rentree-scolaire-le-ministere-de-leducation-mise-sur-le-dialogue-social\/","name":"A une dizaine de jours de la rentr\u00e9e scolaire\u00a0: Le minist\u00e8re de l&rsquo;\u00c9ducation mise sur le dialogue social - La Sentinelle","isPartOf":{"@id":"https:\/\/lasentinelle.dz\/#website"},"primaryImageOfPage":{"@id":"https:\/\/lasentinelle.dz\/index.php\/2025\/09\/10\/a-une-dizaine-de-jours-de-la-rentree-scolaire-le-ministere-de-leducation-mise-sur-le-dialogue-social\/#primaryimage"},"image":{"@id":"https:\/\/lasentinelle.dz\/index.php\/2025\/09\/10\/a-une-dizaine-de-jours-de-la-rentree-scolaire-le-ministere-de-leducation-mise-sur-le-dialogue-social\/#primaryimage"},"thumbnailUrl":"https:\/\/lasentinelle.dz\/wp-content\/uploads\/2024\/12\/saadaoui-1.jpg","datePublished":"2025-09-10T12:07:56+00:00","dateModified":"2025-09-10T12:07:57+00:00","breadcrumb":{"@id":"https:\/\/lasentinelle.dz\/index.php\/2025\/09\/10\/a-une-dizaine-de-jours-de-la-rentree-scolaire-le-ministere-de-leducation-mise-sur-le-dialogue-social\/#breadcrumb"},"inLanguage":"fr-FR","potentialAction":[{"@type":"ReadAction","target":["https:\/\/lasentinelle.dz\/index.php\/2025\/09\/10\/a-une-dizaine-de-jours-de-la-rentree-scolaire-le-ministere-de-leducation-mise-sur-le-dialogue-social\/"]}]},{"@type":"ImageObject","inLanguage":"fr-FR","@id":"https:\/\/lasentinelle.dz\/index.php\/2025\/09\/10\/a-une-dizaine-de-jours-de-la-rentree-scolaire-le-ministere-de-leducation-mise-sur-le-dialogue-social\/#primaryimage","url":"https:\/\/lasentinelle.dz\/wp-content\/uploads\/2024\/12\/saadaoui-1.jpg","contentUrl":"https:\/\/lasentinelle.dz\/wp-content\/uploads\/2024\/12\/saadaoui-1.jpg","width":1264,"height":837},{"@type":"BreadcrumbList","@id":"https:\/\/lasentinelle.dz\/index.php\/2025\/09\/10\/a-une-dizaine-de-jours-de-la-rentree-scolaire-le-ministere-de-leducation-mise-sur-le-dialogue-social\/#breadcrumb","itemListElement":[{"@type":"ListItem","position":1,"name":"Accueil","item":"https:\/\/lasentinelle.dz\/"},{"@type":"ListItem","position":2,"name":"A une dizaine de jours de la rentr\u00e9e scolaire\u00a0: Le minist\u00e8re de l&rsquo;\u00c9ducation mise sur le dialogue social"}]},{"@type":"WebSite","@id":"https:\/\/lasentinelle.dz\/#website","url":"https:\/\/lasentinelle.dz\/","name":"La Sentinelle","description":"Quotidien national d&#039;information","publisher":{"@id":"https:\/\/lasentinelle.dz\/#organization"},"potentialAction":[{"@type":"SearchAction","target":{"@type":"EntryPoint","urlTemplate":"https:\/\/lasentinelle.dz\/?s={search_term_string}"},"query-input":{"@type":"PropertyValueSpecification","valueRequired":true,"valueName":"search_term_string"}}],"inLanguage":"fr-FR"},{"@type":"Organization","@id":"https:\/\/lasentinelle.dz\/#organization","name":"Quotidien La Sentinelle","url":"https:\/\/lasentinelle.dz\/","logo":{"@type":"ImageObject","inLanguage":"fr-FR","@id":"https:\/\/lasentinelle.dz\/#\/schema\/logo\/image\/","url":"https:\/\/lasentinelle.dz\/wp-content\/uploads\/2021\/09\/logo-sentinelleSLOGAN-1.png","contentUrl":"https:\/\/lasentinelle.dz\/wp-content\/uploads\/2021\/09\/logo-sentinelleSLOGAN-1.png","width":615,"height":142,"caption":"Quotidien La Sentinelle"},"image":{"@id":"https:\/\/lasentinelle.dz\/#\/schema\/logo\/image\/"},"sameAs":["https:\/\/www.facebook.com\/La-Sentinelle-104059864394773"]},{"@type":"Person","@id":"https:\/\/lasentinelle.dz\/#\/schema\/person\/729ee0024f24e0b8c5ec17232f8e8b41","name":"admin","image":{"@type":"ImageObject","inLanguage":"fr-FR","@id":"https:\/\/secure.gravatar.com\/avatar\/4c81fed838786e9b53f540bf46533e750f5d292099ae3b66cfc6fb1982e29df7?s=96&d=mm&r=g","url":"https:\/\/secure.gravatar.com\/avatar\/4c81fed838786e9b53f540bf46533e750f5d292099ae3b66cfc6fb1982e29df7?s=96&d=mm&r=g","contentUrl":"https:\/\/secure.gravatar.com\/avatar\/4c81fed838786e9b53f540bf46533e750f5d292099ae3b66cfc6fb1982e29df7?s=96&d=mm&r=g","caption":"admin"},"description":"admin","url":"https:\/\/lasentinelle.dz\/author\/admin\/"}]}},"_links":{"self":[{"href":"https:\/\/lasentinelle.dz\/index.php\/wp-json\/wp\/v2\/posts\/73165","targetHints":{"allow":["GET"]}}],"collection":[{"href":"https:\/\/lasentinelle.dz\/index.php\/wp-json\/wp\/v2\/posts"}],"about":[{"href":"https:\/\/lasentinelle.dz\/index.php\/wp-json\/wp\/v2\/types\/post"}],"author":[{"embeddable":true,"href":"https:\/\/lasentinelle.dz\/index.php\/wp-json\/wp\/v2\/users\/6"}],"replies":[{"embeddable":true,"href":"https:\/\/lasentinelle.dz\/index.php\/wp-json\/wp\/v2\/comments?post=73165"}],"version-history":[{"count":2,"href":"https:\/\/lasentinelle.dz\/index.php\/wp-json\/wp\/v2\/posts\/73165\/revisions"}],"predecessor-version":[{"id":73167,"href":"https:\/\/lasentinelle.dz\/index.php\/wp-json\/wp\/v2\/posts\/73165\/revisions\/73167"}],"wp:featuredmedia":[{"embeddable":true,"href":"https:\/\/lasentinelle.dz\/index.php\/wp-json\/wp\/v2\/media\/60657"}],"wp:attachment":[{"href":"https:\/\/lasentinelle.dz\/index.php\/wp-json\/wp\/v2\/media?parent=73165"}],"wp:term":[{"taxonomy":"category","embeddable":true,"href":"https:\/\/lasentinelle.dz\/index.php\/wp-json\/wp\/v2\/categories?post=73165"},{"taxonomy":"post_tag","embeddable":true,"href":"https:\/\/lasentinelle.dz\/index.php\/wp-json\/wp\/v2\/tags?post=73165"}],"curies":[{"name":"wp","href":"https:\/\/api.w.org\/{rel}","templated":true}]}}