{"id":73168,"date":"2025-09-10T13:08:41","date_gmt":"2025-09-10T12:08:41","guid":{"rendered":"https:\/\/lasentinelle.dz\/?p=73168"},"modified":"2025-09-10T13:08:42","modified_gmt":"2025-09-10T12:08:42","slug":"lalgerie-mise-sur-sa-jeunesse-face-aux-campagnes-de-desinformation","status":"publish","type":"post","link":"https:\/\/lasentinelle.dz\/index.php\/2025\/09\/10\/lalgerie-mise-sur-sa-jeunesse-face-aux-campagnes-de-desinformation\/","title":{"rendered":"L&rsquo;Alg\u00e9rie mise sur sa jeunesse face aux campagnes de d\u00e9sinformation"},"content":{"rendered":"\n<p>Les autorit\u00e9s alg\u00e9riennes renforcent leur strat\u00e9gie d&rsquo;autonomisation des jeunes et d\u00e9noncent l&rsquo;exploitation m\u00e9diatique de l&rsquo;incident des sept mineurs partis clandestinement depuis Alger d\u00e9but septembre, pour d\u00e9former l\u2019image de l\u2019Alg\u00e9rie.<\/p>\n\n\n\n<p>L&rsquo;Alg\u00e9rie poursuit sa politique de d\u00e9veloppement de la jeunesse \u00e0 travers de multiples m\u00e9canismes \u00e9conomiques et politiques, alors que certains m\u00e9dias tentent d&rsquo;instrumentaliser des incidents isol\u00e9s pour ternir l&rsquo;image du pays. C&rsquo;est ce qui ressort du commentaire publi\u00e9 dans le num\u00e9ro de septembre de la revue \u00ab\u00a0El Djeich\u00a0\u00bb publi\u00e9e par le minist\u00e8re de la D\u00e9fense nationale. \u00ab De nombreux m\u00e9canismes ont \u00e9t\u00e9 mis en place pour l&rsquo;autonomisation \u00e9conomique de la jeunesse : allocation ch\u00f4mage, syst\u00e8me int\u00e9gr\u00e9 d&rsquo;innovation et de start-up, r\u00e9forme du dispositif d&rsquo;appui aux PME, cr\u00e9ation du r\u00e9gime d&rsquo;auto-entrepreneur \u00e9largi r\u00e9cemment \u00e0 la micro-importation, lib\u00e9ralisation de l&rsquo;initiative \u00e9conomique et d\u00e9veloppement de nouveaux instruments de financement \u00bb, rappelle dans ce contexte la revue. &nbsp;Et d\u2019ajouter que ces mesures visent \u00e0 \u00ab favoriser l&rsquo;\u00e9mergence d&rsquo;une nouvelle g\u00e9n\u00e9ration d&rsquo;entrepreneurs, d&rsquo;innovateurs et de professionnels capables de porter la transformation \u00e9conomique \u00bb. L&rsquo;objectif est \u00ab d&rsquo;int\u00e9grer la jeunesse dans les dynamiques de d\u00e9veloppement durable et de garantir sa participation effective \u00e0 la construction de l&rsquo;Alg\u00e9rie nouvelle, \u00e0 tous les niveaux \u00bb.<\/p>\n\n\n\n<p><strong>Participation politique renforc\u00e9e<\/strong><\/p>\n\n\n\n<p>Au-del\u00e0 du volet \u00e9conomique, les efforts s&rsquo;\u00e9tendent \u00e0 la sph\u00e8re politique. \u00ab L&rsquo;attention port\u00e9e aux jeunes d\u00e9passe le seul champ \u00e9conomique pour s&rsquo;\u00e9tendre \u00e0 la vie publique, gr\u00e2ce aux nouvelles instances constitutionnelles, tel le Conseil sup\u00e9rieur de la jeunesse \u00bb, souligne la revue. Et d\u2019ajouter que plusieurs initiatives ont \u00e9t\u00e9 lanc\u00e9es \u00ab visant \u00e0 renforcer la pr\u00e9sence des jeunes dans les institutions et instances consultatives, \u00e0 lever les obstacles \u00e0 leur engagement politique et \u00e0 renouveler les conseils \u00e9lus aux niveaux national et local \u00bb, permettant ainsi \u00ab l&rsquo;\u00e9mergence d&rsquo;une \u00e9lite politique jeune, affranchie et responsable \u00bb.<\/p>\n\n\n\n<p>El Djeich d\u00e9nonce, dans ce sens vivement l&rsquo;exploitation m\u00e9diatique de l&rsquo;incident survenu d\u00e9but septembre 2025, \u00ab impliquant sept enfants mineurs partis clandestinement depuis Alger \u00bb. Et de souligner que &nbsp;\u00ab certains m\u00e9dias hostiles ont tent\u00e9 d&rsquo;exploiter \u00bb cet \u00e9v\u00e9nement \u00ab pour v\u00e9hiculer une image erron\u00e9e de l&rsquo;Alg\u00e9rie, de son peuple et de ses institutions \u00bb. \u00ab Cet incident demeure toutefois un acte isol\u00e9, qui ne saurait \u00eatre g\u00e9n\u00e9ralis\u00e9 ni consid\u00e9r\u00e9 comme le reflet fid\u00e8le de la r\u00e9alit\u00e9 de la soci\u00e9t\u00e9 alg\u00e9rienne \u00bb, affirme la publication. Elle d\u00e9nonce \u00ab l&rsquo;amplification d\u00e9lib\u00e9r\u00e9e de cette affaire et sa pr\u00e9sentation hors de son contexte naturel \u00bb qui \u00ab r\u00e9v\u00e8le clairement l&rsquo;existence d&rsquo;agendas m\u00e9diatiques malveillants visant \u00e0 affaiblir l&rsquo;image et la r\u00e9putation de l&rsquo;Alg\u00e9rie sur la sc\u00e8ne internationale \u00bb. Le document pr\u00e9cise qu&rsquo;il s&rsquo;agit \u00ab d&rsquo;enfants encore scolaris\u00e9s, ce qui invalide les discours mensongers limitant les causes de cet acte \u00e0 des consid\u00e9rations sociales ou \u00e9conomiques \u00bb. Il \u00e9voque \u00ab d&rsquo;autres facteurs, plus graves, li\u00e9s \u00e0 la tentative d&rsquo;instrumentaliser une cat\u00e9gorie vuln\u00e9rable de la soci\u00e9t\u00e9, notamment via les r\u00e9seaux sociaux \u00bb.<\/p>\n\n\n\n<p>La revue \u00ab\u00a0El Djeich\u00a0\u00bb qualifie cette campagne de \u00ab temp\u00eate dans un verre d&rsquo;eau, r\u00e9v\u00e9latrice de la haine visc\u00e9rale que certains nourrissent envers l&rsquo;Alg\u00e9rie, incapables d&rsquo;accepter les profondes transformations qu&rsquo;elle conna\u00eet dans divers domaines \u00bb. Elle appelle la jeunesse \u00e0 \u00ab r\u00e9sister aux man\u0153uvres hostiles et d\u00e9jouer les complots ourdis visant \u00e0 freiner la marche victorieuse \u00bb du pays.<\/p>\n\n\n\n<p>Malik Ameziane<\/p>\n","protected":false},"excerpt":{"rendered":"<p>Les autorit\u00e9s alg\u00e9riennes renforcent leur strat\u00e9gie d&rsquo;autonomisation des jeunes et d\u00e9noncent l&rsquo;exploitation m\u00e9diatique de l&rsquo;incident des sept mineurs partis clandestinement<\/p>\n","protected":false},"author":6,"featured_media":73169,"comment_status":"open","ping_status":"closed","sticky":false,"template":"","format":"standard","meta":{"colormag_page_container_layout":"default_layout","colormag_page_sidebar_layout":"default_layout","om_disable_all_campaigns":false,"_monsterinsights_skip_tracking":false,"_monsterinsights_sitenote_active":false,"_monsterinsights_sitenote_note":"","_monsterinsights_sitenote_category":0,"footnotes":"","_wpscppro_dont_share_socialmedia":false,"_wpscppro_custom_social_share_image":0,"_facebook_share_type":"default","_twitter_share_type":"default","_linkedin_share_type":"default","_pinterest_share_type":"default","_linkedin_share_type_page":"","_instagram_share_type":"default","_medium_share_type":"default","_threads_share_type":"default","_google_business_share_type":"default","_selected_social_profile":[],"_wpsp_enable_custom_social_template":false,"_wpsp_social_scheduling":{"enabled":false,"datetime":null,"platforms":[],"status":"template_only","dateOption":"today","timeOption":"now","customDays":"","customHours":"","customDate":"","customTime":"","schedulingType":"absolute"},"_wpsp_active_default_template":true},"categories":[27],"tags":[],"class_list":["post-73168","post","type-post","status-publish","format-standard","has-post-thumbnail","hentry","category-actualite"],"aioseo_notices":[],"yoast_head":"<!-- This site is optimized with the Yoast SEO plugin v27.5 - https:\/\/yoast.com\/product\/yoast-seo-wordpress\/ -->\n<title>L&rsquo;Alg\u00e9rie mise sur sa jeunesse face aux campagnes de d\u00e9sinformation - La Sentinelle<\/title>\n<meta name=\"robots\" content=\"index, follow, max-snippet:-1, max-image-preview:large, max-video-preview:-1\" \/>\n<link rel=\"canonical\" href=\"https:\/\/lasentinelle.dz\/index.php\/2025\/09\/10\/lalgerie-mise-sur-sa-jeunesse-face-aux-campagnes-de-desinformation\/\" \/>\n<meta property=\"og:locale\" content=\"fr_FR\" \/>\n<meta property=\"og:type\" content=\"article\" \/>\n<meta property=\"og:title\" content=\"L&rsquo;Alg\u00e9rie mise sur sa jeunesse face aux campagnes de d\u00e9sinformation - La Sentinelle\" \/>\n<meta property=\"og:description\" content=\"Les autorit\u00e9s alg\u00e9riennes renforcent leur strat\u00e9gie d&rsquo;autonomisation des jeunes et d\u00e9noncent l&rsquo;exploitation m\u00e9diatique de l&rsquo;incident des sept mineurs partis clandestinement\" \/>\n<meta property=\"og:url\" content=\"https:\/\/lasentinelle.dz\/index.php\/2025\/09\/10\/lalgerie-mise-sur-sa-jeunesse-face-aux-campagnes-de-desinformation\/\" \/>\n<meta property=\"og:site_name\" content=\"La Sentinelle\" \/>\n<meta property=\"article:publisher\" content=\"https:\/\/www.facebook.com\/La-Sentinelle-104059864394773\" \/>\n<meta property=\"article:published_time\" content=\"2025-09-10T12:08:41+00:00\" \/>\n<meta property=\"article:modified_time\" content=\"2025-09-10T12:08:42+00:00\" \/>\n<meta property=\"og:image\" content=\"https:\/\/lasentinelle.dz\/wp-content\/uploads\/2025\/09\/jeunesse.jpg\" \/>\n\t<meta property=\"og:image:width\" content=\"1300\" \/>\n\t<meta property=\"og:image:height\" content=\"866\" \/>\n\t<meta property=\"og:image:type\" content=\"image\/jpeg\" \/>\n<meta name=\"author\" content=\"admin\" \/>\n<meta name=\"twitter:card\" content=\"summary_large_image\" \/>\n<meta name=\"twitter:label1\" content=\"\u00c9crit par\" \/>\n\t<meta name=\"twitter:data1\" content=\"admin\" \/>\n\t<meta name=\"twitter:label2\" content=\"Dur\u00e9e de lecture estim\u00e9e\" \/>\n\t<meta name=\"twitter:data2\" content=\"3 minutes\" \/>\n<script type=\"application\/ld+json\" class=\"yoast-schema-graph\">{\"@context\":\"https:\\\/\\\/schema.org\",\"@graph\":[{\"@type\":\"Article\",\"@id\":\"https:\\\/\\\/lasentinelle.dz\\\/index.php\\\/2025\\\/09\\\/10\\\/lalgerie-mise-sur-sa-jeunesse-face-aux-campagnes-de-desinformation\\\/#article\",\"isPartOf\":{\"@id\":\"https:\\\/\\\/lasentinelle.dz\\\/index.php\\\/2025\\\/09\\\/10\\\/lalgerie-mise-sur-sa-jeunesse-face-aux-campagnes-de-desinformation\\\/\"},\"author\":{\"name\":\"admin\",\"@id\":\"https:\\\/\\\/lasentinelle.dz\\\/#\\\/schema\\\/person\\\/729ee0024f24e0b8c5ec17232f8e8b41\"},\"headline\":\"L&rsquo;Alg\u00e9rie mise sur sa jeunesse face aux campagnes de d\u00e9sinformation\",\"datePublished\":\"2025-09-10T12:08:41+00:00\",\"dateModified\":\"2025-09-10T12:08:42+00:00\",\"mainEntityOfPage\":{\"@id\":\"https:\\\/\\\/lasentinelle.dz\\\/index.php\\\/2025\\\/09\\\/10\\\/lalgerie-mise-sur-sa-jeunesse-face-aux-campagnes-de-desinformation\\\/\"},\"wordCount\":628,\"commentCount\":0,\"publisher\":{\"@id\":\"https:\\\/\\\/lasentinelle.dz\\\/#organization\"},\"image\":{\"@id\":\"https:\\\/\\\/lasentinelle.dz\\\/index.php\\\/2025\\\/09\\\/10\\\/lalgerie-mise-sur-sa-jeunesse-face-aux-campagnes-de-desinformation\\\/#primaryimage\"},\"thumbnailUrl\":\"https:\\\/\\\/lasentinelle.dz\\\/wp-content\\\/uploads\\\/2025\\\/09\\\/jeunesse.jpg\",\"articleSection\":[\"Actualit\u00e9\"],\"inLanguage\":\"fr-FR\",\"potentialAction\":[{\"@type\":\"CommentAction\",\"name\":\"Comment\",\"target\":[\"https:\\\/\\\/lasentinelle.dz\\\/index.php\\\/2025\\\/09\\\/10\\\/lalgerie-mise-sur-sa-jeunesse-face-aux-campagnes-de-desinformation\\\/#respond\"]}]},{\"@type\":\"WebPage\",\"@id\":\"https:\\\/\\\/lasentinelle.dz\\\/index.php\\\/2025\\\/09\\\/10\\\/lalgerie-mise-sur-sa-jeunesse-face-aux-campagnes-de-desinformation\\\/\",\"url\":\"https:\\\/\\\/lasentinelle.dz\\\/index.php\\\/2025\\\/09\\\/10\\\/lalgerie-mise-sur-sa-jeunesse-face-aux-campagnes-de-desinformation\\\/\",\"name\":\"L&rsquo;Alg\u00e9rie mise sur sa jeunesse face aux campagnes de d\u00e9sinformation - La Sentinelle\",\"isPartOf\":{\"@id\":\"https:\\\/\\\/lasentinelle.dz\\\/#website\"},\"primaryImageOfPage\":{\"@id\":\"https:\\\/\\\/lasentinelle.dz\\\/index.php\\\/2025\\\/09\\\/10\\\/lalgerie-mise-sur-sa-jeunesse-face-aux-campagnes-de-desinformation\\\/#primaryimage\"},\"image\":{\"@id\":\"https:\\\/\\\/lasentinelle.dz\\\/index.php\\\/2025\\\/09\\\/10\\\/lalgerie-mise-sur-sa-jeunesse-face-aux-campagnes-de-desinformation\\\/#primaryimage\"},\"thumbnailUrl\":\"https:\\\/\\\/lasentinelle.dz\\\/wp-content\\\/uploads\\\/2025\\\/09\\\/jeunesse.jpg\",\"datePublished\":\"2025-09-10T12:08:41+00:00\",\"dateModified\":\"2025-09-10T12:08:42+00:00\",\"breadcrumb\":{\"@id\":\"https:\\\/\\\/lasentinelle.dz\\\/index.php\\\/2025\\\/09\\\/10\\\/lalgerie-mise-sur-sa-jeunesse-face-aux-campagnes-de-desinformation\\\/#breadcrumb\"},\"inLanguage\":\"fr-FR\",\"potentialAction\":[{\"@type\":\"ReadAction\",\"target\":[\"https:\\\/\\\/lasentinelle.dz\\\/index.php\\\/2025\\\/09\\\/10\\\/lalgerie-mise-sur-sa-jeunesse-face-aux-campagnes-de-desinformation\\\/\"]}]},{\"@type\":\"ImageObject\",\"inLanguage\":\"fr-FR\",\"@id\":\"https:\\\/\\\/lasentinelle.dz\\\/index.php\\\/2025\\\/09\\\/10\\\/lalgerie-mise-sur-sa-jeunesse-face-aux-campagnes-de-desinformation\\\/#primaryimage\",\"url\":\"https:\\\/\\\/lasentinelle.dz\\\/wp-content\\\/uploads\\\/2025\\\/09\\\/jeunesse.jpg\",\"contentUrl\":\"https:\\\/\\\/lasentinelle.dz\\\/wp-content\\\/uploads\\\/2025\\\/09\\\/jeunesse.jpg\",\"width\":1300,\"height\":866},{\"@type\":\"BreadcrumbList\",\"@id\":\"https:\\\/\\\/lasentinelle.dz\\\/index.php\\\/2025\\\/09\\\/10\\\/lalgerie-mise-sur-sa-jeunesse-face-aux-campagnes-de-desinformation\\\/#breadcrumb\",\"itemListElement\":[{\"@type\":\"ListItem\",\"position\":1,\"name\":\"Accueil\",\"item\":\"https:\\\/\\\/lasentinelle.dz\\\/\"},{\"@type\":\"ListItem\",\"position\":2,\"name\":\"L&rsquo;Alg\u00e9rie mise sur sa jeunesse face aux campagnes de d\u00e9sinformation\"}]},{\"@type\":\"WebSite\",\"@id\":\"https:\\\/\\\/lasentinelle.dz\\\/#website\",\"url\":\"https:\\\/\\\/lasentinelle.dz\\\/\",\"name\":\"La Sentinelle\",\"description\":\"Quotidien national d&#039;information\",\"publisher\":{\"@id\":\"https:\\\/\\\/lasentinelle.dz\\\/#organization\"},\"potentialAction\":[{\"@type\":\"SearchAction\",\"target\":{\"@type\":\"EntryPoint\",\"urlTemplate\":\"https:\\\/\\\/lasentinelle.dz\\\/?s={search_term_string}\"},\"query-input\":{\"@type\":\"PropertyValueSpecification\",\"valueRequired\":true,\"valueName\":\"search_term_string\"}}],\"inLanguage\":\"fr-FR\"},{\"@type\":\"Organization\",\"@id\":\"https:\\\/\\\/lasentinelle.dz\\\/#organization\",\"name\":\"Quotidien La Sentinelle\",\"url\":\"https:\\\/\\\/lasentinelle.dz\\\/\",\"logo\":{\"@type\":\"ImageObject\",\"inLanguage\":\"fr-FR\",\"@id\":\"https:\\\/\\\/lasentinelle.dz\\\/#\\\/schema\\\/logo\\\/image\\\/\",\"url\":\"https:\\\/\\\/lasentinelle.dz\\\/wp-content\\\/uploads\\\/2021\\\/09\\\/logo-sentinelleSLOGAN-1.png\",\"contentUrl\":\"https:\\\/\\\/lasentinelle.dz\\\/wp-content\\\/uploads\\\/2021\\\/09\\\/logo-sentinelleSLOGAN-1.png\",\"width\":615,\"height\":142,\"caption\":\"Quotidien La Sentinelle\"},\"image\":{\"@id\":\"https:\\\/\\\/lasentinelle.dz\\\/#\\\/schema\\\/logo\\\/image\\\/\"},\"sameAs\":[\"https:\\\/\\\/www.facebook.com\\\/La-Sentinelle-104059864394773\"]},{\"@type\":\"Person\",\"@id\":\"https:\\\/\\\/lasentinelle.dz\\\/#\\\/schema\\\/person\\\/729ee0024f24e0b8c5ec17232f8e8b41\",\"name\":\"admin\",\"image\":{\"@type\":\"ImageObject\",\"inLanguage\":\"fr-FR\",\"@id\":\"https:\\\/\\\/secure.gravatar.com\\\/avatar\\\/4c81fed838786e9b53f540bf46533e750f5d292099ae3b66cfc6fb1982e29df7?s=96&d=mm&r=g\",\"url\":\"https:\\\/\\\/secure.gravatar.com\\\/avatar\\\/4c81fed838786e9b53f540bf46533e750f5d292099ae3b66cfc6fb1982e29df7?s=96&d=mm&r=g\",\"contentUrl\":\"https:\\\/\\\/secure.gravatar.com\\\/avatar\\\/4c81fed838786e9b53f540bf46533e750f5d292099ae3b66cfc6fb1982e29df7?s=96&d=mm&r=g\",\"caption\":\"admin\"},\"description\":\"admin\",\"url\":\"https:\\\/\\\/lasentinelle.dz\\\/author\\\/admin\\\/\"}]}<\/script>\n<!-- \/ Yoast SEO plugin. -->","yoast_head_json":{"title":"L&rsquo;Alg\u00e9rie mise sur sa jeunesse face aux campagnes de d\u00e9sinformation - La Sentinelle","robots":{"index":"index","follow":"follow","max-snippet":"max-snippet:-1","max-image-preview":"max-image-preview:large","max-video-preview":"max-video-preview:-1"},"canonical":"https:\/\/lasentinelle.dz\/index.php\/2025\/09\/10\/lalgerie-mise-sur-sa-jeunesse-face-aux-campagnes-de-desinformation\/","og_locale":"fr_FR","og_type":"article","og_title":"L&rsquo;Alg\u00e9rie mise sur sa jeunesse face aux campagnes de d\u00e9sinformation - La Sentinelle","og_description":"Les autorit\u00e9s alg\u00e9riennes renforcent leur strat\u00e9gie d&rsquo;autonomisation des jeunes et d\u00e9noncent l&rsquo;exploitation m\u00e9diatique de l&rsquo;incident des sept mineurs partis clandestinement","og_url":"https:\/\/lasentinelle.dz\/index.php\/2025\/09\/10\/lalgerie-mise-sur-sa-jeunesse-face-aux-campagnes-de-desinformation\/","og_site_name":"La Sentinelle","article_publisher":"https:\/\/www.facebook.com\/La-Sentinelle-104059864394773","article_published_time":"2025-09-10T12:08:41+00:00","article_modified_time":"2025-09-10T12:08:42+00:00","og_image":[{"width":1300,"height":866,"url":"https:\/\/lasentinelle.dz\/wp-content\/uploads\/2025\/09\/jeunesse.jpg","type":"image\/jpeg"}],"author":"admin","twitter_card":"summary_large_image","twitter_misc":{"\u00c9crit par":"admin","Dur\u00e9e de lecture estim\u00e9e":"3 minutes"},"schema":{"@context":"https:\/\/schema.org","@graph":[{"@type":"Article","@id":"https:\/\/lasentinelle.dz\/index.php\/2025\/09\/10\/lalgerie-mise-sur-sa-jeunesse-face-aux-campagnes-de-desinformation\/#article","isPartOf":{"@id":"https:\/\/lasentinelle.dz\/index.php\/2025\/09\/10\/lalgerie-mise-sur-sa-jeunesse-face-aux-campagnes-de-desinformation\/"},"author":{"name":"admin","@id":"https:\/\/lasentinelle.dz\/#\/schema\/person\/729ee0024f24e0b8c5ec17232f8e8b41"},"headline":"L&rsquo;Alg\u00e9rie mise sur sa jeunesse face aux campagnes de d\u00e9sinformation","datePublished":"2025-09-10T12:08:41+00:00","dateModified":"2025-09-10T12:08:42+00:00","mainEntityOfPage":{"@id":"https:\/\/lasentinelle.dz\/index.php\/2025\/09\/10\/lalgerie-mise-sur-sa-jeunesse-face-aux-campagnes-de-desinformation\/"},"wordCount":628,"commentCount":0,"publisher":{"@id":"https:\/\/lasentinelle.dz\/#organization"},"image":{"@id":"https:\/\/lasentinelle.dz\/index.php\/2025\/09\/10\/lalgerie-mise-sur-sa-jeunesse-face-aux-campagnes-de-desinformation\/#primaryimage"},"thumbnailUrl":"https:\/\/lasentinelle.dz\/wp-content\/uploads\/2025\/09\/jeunesse.jpg","articleSection":["Actualit\u00e9"],"inLanguage":"fr-FR","potentialAction":[{"@type":"CommentAction","name":"Comment","target":["https:\/\/lasentinelle.dz\/index.php\/2025\/09\/10\/lalgerie-mise-sur-sa-jeunesse-face-aux-campagnes-de-desinformation\/#respond"]}]},{"@type":"WebPage","@id":"https:\/\/lasentinelle.dz\/index.php\/2025\/09\/10\/lalgerie-mise-sur-sa-jeunesse-face-aux-campagnes-de-desinformation\/","url":"https:\/\/lasentinelle.dz\/index.php\/2025\/09\/10\/lalgerie-mise-sur-sa-jeunesse-face-aux-campagnes-de-desinformation\/","name":"L&rsquo;Alg\u00e9rie mise sur sa jeunesse face aux campagnes de d\u00e9sinformation - La Sentinelle","isPartOf":{"@id":"https:\/\/lasentinelle.dz\/#website"},"primaryImageOfPage":{"@id":"https:\/\/lasentinelle.dz\/index.php\/2025\/09\/10\/lalgerie-mise-sur-sa-jeunesse-face-aux-campagnes-de-desinformation\/#primaryimage"},"image":{"@id":"https:\/\/lasentinelle.dz\/index.php\/2025\/09\/10\/lalgerie-mise-sur-sa-jeunesse-face-aux-campagnes-de-desinformation\/#primaryimage"},"thumbnailUrl":"https:\/\/lasentinelle.dz\/wp-content\/uploads\/2025\/09\/jeunesse.jpg","datePublished":"2025-09-10T12:08:41+00:00","dateModified":"2025-09-10T12:08:42+00:00","breadcrumb":{"@id":"https:\/\/lasentinelle.dz\/index.php\/2025\/09\/10\/lalgerie-mise-sur-sa-jeunesse-face-aux-campagnes-de-desinformation\/#breadcrumb"},"inLanguage":"fr-FR","potentialAction":[{"@type":"ReadAction","target":["https:\/\/lasentinelle.dz\/index.php\/2025\/09\/10\/lalgerie-mise-sur-sa-jeunesse-face-aux-campagnes-de-desinformation\/"]}]},{"@type":"ImageObject","inLanguage":"fr-FR","@id":"https:\/\/lasentinelle.dz\/index.php\/2025\/09\/10\/lalgerie-mise-sur-sa-jeunesse-face-aux-campagnes-de-desinformation\/#primaryimage","url":"https:\/\/lasentinelle.dz\/wp-content\/uploads\/2025\/09\/jeunesse.jpg","contentUrl":"https:\/\/lasentinelle.dz\/wp-content\/uploads\/2025\/09\/jeunesse.jpg","width":1300,"height":866},{"@type":"BreadcrumbList","@id":"https:\/\/lasentinelle.dz\/index.php\/2025\/09\/10\/lalgerie-mise-sur-sa-jeunesse-face-aux-campagnes-de-desinformation\/#breadcrumb","itemListElement":[{"@type":"ListItem","position":1,"name":"Accueil","item":"https:\/\/lasentinelle.dz\/"},{"@type":"ListItem","position":2,"name":"L&rsquo;Alg\u00e9rie mise sur sa jeunesse face aux campagnes de d\u00e9sinformation"}]},{"@type":"WebSite","@id":"https:\/\/lasentinelle.dz\/#website","url":"https:\/\/lasentinelle.dz\/","name":"La Sentinelle","description":"Quotidien national d&#039;information","publisher":{"@id":"https:\/\/lasentinelle.dz\/#organization"},"potentialAction":[{"@type":"SearchAction","target":{"@type":"EntryPoint","urlTemplate":"https:\/\/lasentinelle.dz\/?s={search_term_string}"},"query-input":{"@type":"PropertyValueSpecification","valueRequired":true,"valueName":"search_term_string"}}],"inLanguage":"fr-FR"},{"@type":"Organization","@id":"https:\/\/lasentinelle.dz\/#organization","name":"Quotidien La Sentinelle","url":"https:\/\/lasentinelle.dz\/","logo":{"@type":"ImageObject","inLanguage":"fr-FR","@id":"https:\/\/lasentinelle.dz\/#\/schema\/logo\/image\/","url":"https:\/\/lasentinelle.dz\/wp-content\/uploads\/2021\/09\/logo-sentinelleSLOGAN-1.png","contentUrl":"https:\/\/lasentinelle.dz\/wp-content\/uploads\/2021\/09\/logo-sentinelleSLOGAN-1.png","width":615,"height":142,"caption":"Quotidien La Sentinelle"},"image":{"@id":"https:\/\/lasentinelle.dz\/#\/schema\/logo\/image\/"},"sameAs":["https:\/\/www.facebook.com\/La-Sentinelle-104059864394773"]},{"@type":"Person","@id":"https:\/\/lasentinelle.dz\/#\/schema\/person\/729ee0024f24e0b8c5ec17232f8e8b41","name":"admin","image":{"@type":"ImageObject","inLanguage":"fr-FR","@id":"https:\/\/secure.gravatar.com\/avatar\/4c81fed838786e9b53f540bf46533e750f5d292099ae3b66cfc6fb1982e29df7?s=96&d=mm&r=g","url":"https:\/\/secure.gravatar.com\/avatar\/4c81fed838786e9b53f540bf46533e750f5d292099ae3b66cfc6fb1982e29df7?s=96&d=mm&r=g","contentUrl":"https:\/\/secure.gravatar.com\/avatar\/4c81fed838786e9b53f540bf46533e750f5d292099ae3b66cfc6fb1982e29df7?s=96&d=mm&r=g","caption":"admin"},"description":"admin","url":"https:\/\/lasentinelle.dz\/author\/admin\/"}]}},"_links":{"self":[{"href":"https:\/\/lasentinelle.dz\/index.php\/wp-json\/wp\/v2\/posts\/73168","targetHints":{"allow":["GET"]}}],"collection":[{"href":"https:\/\/lasentinelle.dz\/index.php\/wp-json\/wp\/v2\/posts"}],"about":[{"href":"https:\/\/lasentinelle.dz\/index.php\/wp-json\/wp\/v2\/types\/post"}],"author":[{"embeddable":true,"href":"https:\/\/lasentinelle.dz\/index.php\/wp-json\/wp\/v2\/users\/6"}],"replies":[{"embeddable":true,"href":"https:\/\/lasentinelle.dz\/index.php\/wp-json\/wp\/v2\/comments?post=73168"}],"version-history":[{"count":2,"href":"https:\/\/lasentinelle.dz\/index.php\/wp-json\/wp\/v2\/posts\/73168\/revisions"}],"predecessor-version":[{"id":73171,"href":"https:\/\/lasentinelle.dz\/index.php\/wp-json\/wp\/v2\/posts\/73168\/revisions\/73171"}],"wp:featuredmedia":[{"embeddable":true,"href":"https:\/\/lasentinelle.dz\/index.php\/wp-json\/wp\/v2\/media\/73169"}],"wp:attachment":[{"href":"https:\/\/lasentinelle.dz\/index.php\/wp-json\/wp\/v2\/media?parent=73168"}],"wp:term":[{"taxonomy":"category","embeddable":true,"href":"https:\/\/lasentinelle.dz\/index.php\/wp-json\/wp\/v2\/categories?post=73168"},{"taxonomy":"post_tag","embeddable":true,"href":"https:\/\/lasentinelle.dz\/index.php\/wp-json\/wp\/v2\/tags?post=73168"}],"curies":[{"name":"wp","href":"https:\/\/api.w.org\/{rel}","templated":true}]}}