{"id":73175,"date":"2025-09-10T13:12:25","date_gmt":"2025-09-10T12:12:25","guid":{"rendered":"https:\/\/lasentinelle.dz\/?p=73175"},"modified":"2025-09-10T13:12:26","modified_gmt":"2025-09-10T12:12:26","slug":"el-djeich-souligne-lengagement-africain-du-pays-lalgerie-reaffirme-son-role-de-pilier-continental","status":"publish","type":"post","link":"https:\/\/lasentinelle.dz\/index.php\/2025\/09\/10\/el-djeich-souligne-lengagement-africain-du-pays-lalgerie-reaffirme-son-role-de-pilier-continental\/","title":{"rendered":"\u00ab\u00a0El Djeich\u00a0\u00bb souligne l\u2019engagement africain du pays\u00a0: L&rsquo;Alg\u00e9rie r\u00e9affirme son r\u00f4le de pilier continental"},"content":{"rendered":"\n<p>L&rsquo;Alg\u00e9rie continuera \u00e0 d\u00e9ployer de grands efforts pour unifier la voix des Africains et la faire entendre dans les diff\u00e9rentes enceintes internationales, souligne l&rsquo;\u00e9ditorial de la revue El-Dje\u00efch dans son num\u00e9ro de septembre lequel consacre un chapitre important \u00e0 la quatri\u00e8me \u00e9dition de la Foire commerciale intra-africaine (IATF 2025), que l\u2019Alg\u00e9rie accueille consolidant ainsi sa position d&rsquo;acteur cl\u00e9 du d\u00e9veloppement et de l&rsquo;int\u00e9gration du continent. \u00ab\u00a0De par son poids \u00e9conomique et sa dynamique de d\u00e9veloppement, l&rsquo;Alg\u00e9rie continue de consolider sa position d&rsquo;acteur cl\u00e9 dans le processus de d\u00e9veloppement et d&rsquo;int\u00e9gration africain\u00a0\u00bb, indique l&rsquo;\u00e9ditorial intitul\u00e9 \u00ab\u00a0Pour un continent s\u00fbr, stable et prosp\u00e8re\u00a0\u00bb. Cette foire commerciale refl\u00e8te \u00ab\u00a0l&rsquo;engagement de notre pays et ses efforts inlassables pour renforcer les \u00e9changes commerciaux intra-africains dans le cadre de la Zone de libre-\u00e9change continentale africaine (Zlecaf)\u00a0\u00bb, souligne la revue. Troisi\u00e8me \u00e9conomie africaine aspirant \u00e0 \u00eatre \u00e0 l&rsquo;avant-garde des \u00e9conomies du continent, l&rsquo;Alg\u00e9rie dispose d&rsquo;atouts strat\u00e9giques majeurs ajoute l\u2019\u00e9dito. Sa position g\u00e9ographique unique, avec une ouverture sur le bassin m\u00e9diterran\u00e9en qui en fait une porte d&rsquo;entr\u00e9e vers l&rsquo;Europe et une profondeur africaine lui conf\u00e9rant un acc\u00e8s privil\u00e9gi\u00e9 aux march\u00e9s continentaux, la qualifie pour \u00ab\u00a0jouer un r\u00f4le \u00e9conomique pivot qui enracine sa position de puissance \u00e9conomique \u00e9mergente et d&rsquo;acteur important du d\u00e9veloppement en Afrique\u00a0\u00bb. L&rsquo;h\u00e9ritage historique de l&rsquo;Alg\u00e9rie renforce cette l\u00e9gitimit\u00e9 continentale. \u00ab\u00a0L&rsquo;Alg\u00e9rie qui, hier, avait soutenu de nombreux pays africains dans leur combat de lib\u00e9ration pour s&rsquo;affranchir du joug colonial et qui continue aujourd&rsquo;hui d&rsquo;apporter son appui constant aux causes justes, \u00e0 leur t\u00eate la question du Sahara occidental, marque toujours de sa pr\u00e9sence influente l&rsquo;ensemble des m\u00e9canismes de l&rsquo;action africaine commune\u00a0\u00bb, rappelle El-Dje\u00efch. Cette constance dans l&rsquo;engagement africain trouve son \u00e9cho dans les paroles du pr\u00e9sident Abdelmadjid Tebboune, qui a invit\u00e9 les dirigeants africains participant \u00e0 l&rsquo;IATF 2025 \u00e0 faire de cette \u00e9dition \u00ab\u00a0un nouveau d\u00e9part et une \u00e8re renouvel\u00e9e o\u00f9 nous nous donnons la main pour avancer \u00e0 pas s\u00fbrs vers une Afrique forte, solidaire et prosp\u00e8re\u00a0\u00bb.<\/p>\n\n\n\n<p>Un engagement pour la stabilit\u00e9 et la s\u00e9curit\u00e9 du continent<\/p>\n\n\n\n<p>Au-del\u00e0 de l&rsquo;\u00e9conomie, l&rsquo;Alg\u00e9rie joue un r\u00f4le central dans la consolidation de la s\u00e9curit\u00e9 continentale. \u00ab\u00a0Convaincue de l&rsquo;\u00e9troite interd\u00e9pendance entre la s\u00e9curit\u00e9 et le d\u00e9veloppement, l&rsquo;Alg\u00e9rie d\u00e9ploie des efforts consid\u00e9rables et joue un r\u00f4le central dans la consolidation de la s\u00e9curit\u00e9 et de la stabilit\u00e9 sur le continent\u00a0\u00bb, souligne la revue. Cette approche s\u00e9curitaire se mat\u00e9rialise par une participation active aux diff\u00e9rents cadres op\u00e9rationnels continentaux de lutte contre le terrorisme, notamment la Commission des services de s\u00e9curit\u00e9 et du renseignement de l&rsquo;Union africaine (Cissa), le m\u00e9canisme africain de coop\u00e9ration polici\u00e8re (Afripol) et le Centre africain d&rsquo;\u00e9tudes et de recherches sur le terrorisme (Caert). Le g\u00e9n\u00e9ral d&rsquo;arm\u00e9e Sa\u00efd Chanegriha, chef d&rsquo;\u00e9tat-major de l&rsquo;Arm\u00e9e nationale populaire, a r\u00e9affirm\u00e9 cet engagement lors de l&rsquo;exercice \u00ab\u00a0Paix nord-africaine III\u00a0\u00bb organis\u00e9 en mai dernier en Alg\u00e9rie, d\u00e9clarant que cet exercice s&rsquo;inscrit dans \u00ab\u00a0la mise en \u0153uvre de nos engagements ind\u00e9fectibles de renforcer les m\u00e9canismes de paix et de s\u00e9curit\u00e9 continentales\u00a0\u00bb. La reconnaissance internationale de ce r\u00f4le se traduit par l&rsquo;\u00e9lection r\u00e9p\u00e9t\u00e9e de l&rsquo;Alg\u00e9rie au sein du Conseil de paix et de s\u00e9curit\u00e9 africain. Cette influence grandissante r\u00e9sulte d&rsquo;une approche coh\u00e9rente et durable. \u00ab\u00a0Il est certain que la place de premier plan que l&rsquo;Alg\u00e9rie occupe sur la sc\u00e8ne africaine est le fruit de son approche globale, compl\u00e9mentaire et \u00e9quilibr\u00e9e qui combine diplomatie active et efficace, d\u00e9veloppement durable, coop\u00e9ration s\u00e9curitaire responsable\u00a0\u00bb, analyse l&rsquo;\u00e9ditorial d&rsquo;El-Dje\u00efch. Cette strat\u00e9gie puise sa force dans \u00ab\u00a0les principes immuables que notre pays a fait siens et qui reposent sur le respect de la souverainet\u00e9 des \u00c9tats, la non-ing\u00e9rence dans leurs affaires int\u00e9rieures, le bon voisinage, la pr\u00e9dominance des solutions pacifiques sur la logique de la force\u00a0\u00bb. La confiance accord\u00e9e par les partenaires africains se mat\u00e9rialise par l&rsquo;\u00e9lection de l&rsquo;Alg\u00e9rie dans de nombreuses instances continentales, incluant la vice-pr\u00e9sidence de la Commission de l&rsquo;Union africaine et la coordination de l&rsquo;Union africaine dans la lutte contre le terrorisme et l&rsquo;extr\u00e9misme violent. \u00ab\u00a0Ce ne sont pas l\u00e0 des positions conjoncturelles dict\u00e9es par des calculs circonstanciels, mais elles traduisent une ferme conviction qui d\u00e9coule de l&rsquo;h\u00e9ritage de lutte et de l&rsquo;appartenance historique et g\u00e9ographique de notre pays\u00a0\u00bb, conclut l&rsquo;\u00e9ditorial de la revue militaire, r\u00e9affirmant la vocation naturelle de l&rsquo;Alg\u00e9rie \u00e0 porter \u00ab\u00a0les aspirations et les espoirs de renaissance, de d\u00e9veloppement et de prosp\u00e9rit\u00e9\u00a0\u00bb du continent africain.<\/p>\n\n\n\n<p>Hocine Fadheli<\/p>\n","protected":false},"excerpt":{"rendered":"<p>L&rsquo;Alg\u00e9rie continuera \u00e0 d\u00e9ployer de grands efforts pour unifier la voix des Africains et la faire entendre dans les diff\u00e9rentes<\/p>\n","protected":false},"author":6,"featured_media":73176,"comment_status":"open","ping_status":"closed","sticky":false,"template":"","format":"standard","meta":{"colormag_page_container_layout":"default_layout","colormag_page_sidebar_layout":"default_layout","om_disable_all_campaigns":false,"_monsterinsights_skip_tracking":false,"_monsterinsights_sitenote_active":false,"_monsterinsights_sitenote_note":"","_monsterinsights_sitenote_category":0,"footnotes":"","_wpscppro_dont_share_socialmedia":false,"_wpscppro_custom_social_share_image":0,"_facebook_share_type":"default","_twitter_share_type":"default","_linkedin_share_type":"default","_pinterest_share_type":"default","_linkedin_share_type_page":"","_instagram_share_type":"default","_medium_share_type":"default","_threads_share_type":"default","_google_business_share_type":"default","_selected_social_profile":[],"_wpsp_enable_custom_social_template":false,"_wpsp_social_scheduling":{"enabled":false,"datetime":null,"platforms":[],"status":"template_only","dateOption":"today","timeOption":"now","customDays":"","customHours":"","customDate":"","customTime":"","schedulingType":"absolute"},"_wpsp_active_default_template":true},"categories":[27],"tags":[],"class_list":["post-73175","post","type-post","status-publish","format-standard","has-post-thumbnail","hentry","category-actualite"],"aioseo_notices":[],"yoast_head":"<!-- This site is optimized with the Yoast SEO plugin v27.5 - https:\/\/yoast.com\/product\/yoast-seo-wordpress\/ -->\n<title>\u00ab\u00a0El Djeich\u00a0\u00bb souligne l\u2019engagement africain du pays\u00a0: L&rsquo;Alg\u00e9rie r\u00e9affirme son r\u00f4le de pilier continental - La Sentinelle<\/title>\n<meta name=\"robots\" content=\"index, follow, max-snippet:-1, max-image-preview:large, max-video-preview:-1\" \/>\n<link rel=\"canonical\" href=\"https:\/\/lasentinelle.dz\/index.php\/2025\/09\/10\/el-djeich-souligne-lengagement-africain-du-pays-lalgerie-reaffirme-son-role-de-pilier-continental\/\" \/>\n<meta property=\"og:locale\" content=\"fr_FR\" \/>\n<meta property=\"og:type\" content=\"article\" \/>\n<meta property=\"og:title\" content=\"\u00ab\u00a0El Djeich\u00a0\u00bb souligne l\u2019engagement africain du pays\u00a0: L&rsquo;Alg\u00e9rie r\u00e9affirme son r\u00f4le de pilier continental - La Sentinelle\" \/>\n<meta property=\"og:description\" content=\"L&rsquo;Alg\u00e9rie continuera \u00e0 d\u00e9ployer de grands efforts pour unifier la voix des Africains et la faire entendre dans les diff\u00e9rentes\" \/>\n<meta property=\"og:url\" content=\"https:\/\/lasentinelle.dz\/index.php\/2025\/09\/10\/el-djeich-souligne-lengagement-africain-du-pays-lalgerie-reaffirme-son-role-de-pilier-continental\/\" \/>\n<meta property=\"og:site_name\" content=\"La Sentinelle\" \/>\n<meta property=\"article:publisher\" content=\"https:\/\/www.facebook.com\/La-Sentinelle-104059864394773\" \/>\n<meta property=\"article:published_time\" content=\"2025-09-10T12:12:25+00:00\" \/>\n<meta property=\"article:modified_time\" content=\"2025-09-10T12:12:26+00:00\" \/>\n<meta property=\"og:image\" content=\"https:\/\/lasentinelle.dz\/wp-content\/uploads\/2025\/09\/63bab560fb0ae0c0b1ca2c4dcf2015bc_M.jpg\" \/>\n\t<meta property=\"og:image:width\" content=\"580\" \/>\n\t<meta property=\"og:image:height\" content=\"350\" \/>\n\t<meta property=\"og:image:type\" content=\"image\/jpeg\" \/>\n<meta name=\"author\" content=\"admin\" \/>\n<meta name=\"twitter:card\" content=\"summary_large_image\" \/>\n<meta name=\"twitter:label1\" content=\"\u00c9crit par\" \/>\n\t<meta name=\"twitter:data1\" content=\"admin\" \/>\n\t<meta name=\"twitter:label2\" content=\"Dur\u00e9e de lecture estim\u00e9e\" \/>\n\t<meta name=\"twitter:data2\" content=\"4 minutes\" \/>\n<script type=\"application\/ld+json\" class=\"yoast-schema-graph\">{\"@context\":\"https:\\\/\\\/schema.org\",\"@graph\":[{\"@type\":\"Article\",\"@id\":\"https:\\\/\\\/lasentinelle.dz\\\/index.php\\\/2025\\\/09\\\/10\\\/el-djeich-souligne-lengagement-africain-du-pays-lalgerie-reaffirme-son-role-de-pilier-continental\\\/#article\",\"isPartOf\":{\"@id\":\"https:\\\/\\\/lasentinelle.dz\\\/index.php\\\/2025\\\/09\\\/10\\\/el-djeich-souligne-lengagement-africain-du-pays-lalgerie-reaffirme-son-role-de-pilier-continental\\\/\"},\"author\":{\"name\":\"admin\",\"@id\":\"https:\\\/\\\/lasentinelle.dz\\\/#\\\/schema\\\/person\\\/729ee0024f24e0b8c5ec17232f8e8b41\"},\"headline\":\"\u00ab\u00a0El Djeich\u00a0\u00bb souligne l\u2019engagement africain du pays\u00a0: L&rsquo;Alg\u00e9rie r\u00e9affirme son r\u00f4le de pilier continental\",\"datePublished\":\"2025-09-10T12:12:25+00:00\",\"dateModified\":\"2025-09-10T12:12:26+00:00\",\"mainEntityOfPage\":{\"@id\":\"https:\\\/\\\/lasentinelle.dz\\\/index.php\\\/2025\\\/09\\\/10\\\/el-djeich-souligne-lengagement-africain-du-pays-lalgerie-reaffirme-son-role-de-pilier-continental\\\/\"},\"wordCount\":881,\"commentCount\":0,\"publisher\":{\"@id\":\"https:\\\/\\\/lasentinelle.dz\\\/#organization\"},\"image\":{\"@id\":\"https:\\\/\\\/lasentinelle.dz\\\/index.php\\\/2025\\\/09\\\/10\\\/el-djeich-souligne-lengagement-africain-du-pays-lalgerie-reaffirme-son-role-de-pilier-continental\\\/#primaryimage\"},\"thumbnailUrl\":\"https:\\\/\\\/lasentinelle.dz\\\/wp-content\\\/uploads\\\/2025\\\/09\\\/63bab560fb0ae0c0b1ca2c4dcf2015bc_M.jpg\",\"articleSection\":[\"Actualit\u00e9\"],\"inLanguage\":\"fr-FR\",\"potentialAction\":[{\"@type\":\"CommentAction\",\"name\":\"Comment\",\"target\":[\"https:\\\/\\\/lasentinelle.dz\\\/index.php\\\/2025\\\/09\\\/10\\\/el-djeich-souligne-lengagement-africain-du-pays-lalgerie-reaffirme-son-role-de-pilier-continental\\\/#respond\"]}]},{\"@type\":\"WebPage\",\"@id\":\"https:\\\/\\\/lasentinelle.dz\\\/index.php\\\/2025\\\/09\\\/10\\\/el-djeich-souligne-lengagement-africain-du-pays-lalgerie-reaffirme-son-role-de-pilier-continental\\\/\",\"url\":\"https:\\\/\\\/lasentinelle.dz\\\/index.php\\\/2025\\\/09\\\/10\\\/el-djeich-souligne-lengagement-africain-du-pays-lalgerie-reaffirme-son-role-de-pilier-continental\\\/\",\"name\":\"\u00ab\u00a0El Djeich\u00a0\u00bb souligne l\u2019engagement africain du pays\u00a0: L&rsquo;Alg\u00e9rie r\u00e9affirme son r\u00f4le de pilier continental - La Sentinelle\",\"isPartOf\":{\"@id\":\"https:\\\/\\\/lasentinelle.dz\\\/#website\"},\"primaryImageOfPage\":{\"@id\":\"https:\\\/\\\/lasentinelle.dz\\\/index.php\\\/2025\\\/09\\\/10\\\/el-djeich-souligne-lengagement-africain-du-pays-lalgerie-reaffirme-son-role-de-pilier-continental\\\/#primaryimage\"},\"image\":{\"@id\":\"https:\\\/\\\/lasentinelle.dz\\\/index.php\\\/2025\\\/09\\\/10\\\/el-djeich-souligne-lengagement-africain-du-pays-lalgerie-reaffirme-son-role-de-pilier-continental\\\/#primaryimage\"},\"thumbnailUrl\":\"https:\\\/\\\/lasentinelle.dz\\\/wp-content\\\/uploads\\\/2025\\\/09\\\/63bab560fb0ae0c0b1ca2c4dcf2015bc_M.jpg\",\"datePublished\":\"2025-09-10T12:12:25+00:00\",\"dateModified\":\"2025-09-10T12:12:26+00:00\",\"breadcrumb\":{\"@id\":\"https:\\\/\\\/lasentinelle.dz\\\/index.php\\\/2025\\\/09\\\/10\\\/el-djeich-souligne-lengagement-africain-du-pays-lalgerie-reaffirme-son-role-de-pilier-continental\\\/#breadcrumb\"},\"inLanguage\":\"fr-FR\",\"potentialAction\":[{\"@type\":\"ReadAction\",\"target\":[\"https:\\\/\\\/lasentinelle.dz\\\/index.php\\\/2025\\\/09\\\/10\\\/el-djeich-souligne-lengagement-africain-du-pays-lalgerie-reaffirme-son-role-de-pilier-continental\\\/\"]}]},{\"@type\":\"ImageObject\",\"inLanguage\":\"fr-FR\",\"@id\":\"https:\\\/\\\/lasentinelle.dz\\\/index.php\\\/2025\\\/09\\\/10\\\/el-djeich-souligne-lengagement-africain-du-pays-lalgerie-reaffirme-son-role-de-pilier-continental\\\/#primaryimage\",\"url\":\"https:\\\/\\\/lasentinelle.dz\\\/wp-content\\\/uploads\\\/2025\\\/09\\\/63bab560fb0ae0c0b1ca2c4dcf2015bc_M.jpg\",\"contentUrl\":\"https:\\\/\\\/lasentinelle.dz\\\/wp-content\\\/uploads\\\/2025\\\/09\\\/63bab560fb0ae0c0b1ca2c4dcf2015bc_M.jpg\",\"width\":580,\"height\":350},{\"@type\":\"BreadcrumbList\",\"@id\":\"https:\\\/\\\/lasentinelle.dz\\\/index.php\\\/2025\\\/09\\\/10\\\/el-djeich-souligne-lengagement-africain-du-pays-lalgerie-reaffirme-son-role-de-pilier-continental\\\/#breadcrumb\",\"itemListElement\":[{\"@type\":\"ListItem\",\"position\":1,\"name\":\"Accueil\",\"item\":\"https:\\\/\\\/lasentinelle.dz\\\/\"},{\"@type\":\"ListItem\",\"position\":2,\"name\":\"\u00ab\u00a0El Djeich\u00a0\u00bb souligne l\u2019engagement africain du pays\u00a0: L&rsquo;Alg\u00e9rie r\u00e9affirme son r\u00f4le de pilier continental\"}]},{\"@type\":\"WebSite\",\"@id\":\"https:\\\/\\\/lasentinelle.dz\\\/#website\",\"url\":\"https:\\\/\\\/lasentinelle.dz\\\/\",\"name\":\"La Sentinelle\",\"description\":\"Quotidien national d&#039;information\",\"publisher\":{\"@id\":\"https:\\\/\\\/lasentinelle.dz\\\/#organization\"},\"potentialAction\":[{\"@type\":\"SearchAction\",\"target\":{\"@type\":\"EntryPoint\",\"urlTemplate\":\"https:\\\/\\\/lasentinelle.dz\\\/?s={search_term_string}\"},\"query-input\":{\"@type\":\"PropertyValueSpecification\",\"valueRequired\":true,\"valueName\":\"search_term_string\"}}],\"inLanguage\":\"fr-FR\"},{\"@type\":\"Organization\",\"@id\":\"https:\\\/\\\/lasentinelle.dz\\\/#organization\",\"name\":\"Quotidien La Sentinelle\",\"url\":\"https:\\\/\\\/lasentinelle.dz\\\/\",\"logo\":{\"@type\":\"ImageObject\",\"inLanguage\":\"fr-FR\",\"@id\":\"https:\\\/\\\/lasentinelle.dz\\\/#\\\/schema\\\/logo\\\/image\\\/\",\"url\":\"https:\\\/\\\/lasentinelle.dz\\\/wp-content\\\/uploads\\\/2021\\\/09\\\/logo-sentinelleSLOGAN-1.png\",\"contentUrl\":\"https:\\\/\\\/lasentinelle.dz\\\/wp-content\\\/uploads\\\/2021\\\/09\\\/logo-sentinelleSLOGAN-1.png\",\"width\":615,\"height\":142,\"caption\":\"Quotidien La Sentinelle\"},\"image\":{\"@id\":\"https:\\\/\\\/lasentinelle.dz\\\/#\\\/schema\\\/logo\\\/image\\\/\"},\"sameAs\":[\"https:\\\/\\\/www.facebook.com\\\/La-Sentinelle-104059864394773\"]},{\"@type\":\"Person\",\"@id\":\"https:\\\/\\\/lasentinelle.dz\\\/#\\\/schema\\\/person\\\/729ee0024f24e0b8c5ec17232f8e8b41\",\"name\":\"admin\",\"image\":{\"@type\":\"ImageObject\",\"inLanguage\":\"fr-FR\",\"@id\":\"https:\\\/\\\/secure.gravatar.com\\\/avatar\\\/4c81fed838786e9b53f540bf46533e750f5d292099ae3b66cfc6fb1982e29df7?s=96&d=mm&r=g\",\"url\":\"https:\\\/\\\/secure.gravatar.com\\\/avatar\\\/4c81fed838786e9b53f540bf46533e750f5d292099ae3b66cfc6fb1982e29df7?s=96&d=mm&r=g\",\"contentUrl\":\"https:\\\/\\\/secure.gravatar.com\\\/avatar\\\/4c81fed838786e9b53f540bf46533e750f5d292099ae3b66cfc6fb1982e29df7?s=96&d=mm&r=g\",\"caption\":\"admin\"},\"description\":\"admin\",\"url\":\"https:\\\/\\\/lasentinelle.dz\\\/author\\\/admin\\\/\"}]}<\/script>\n<!-- \/ Yoast SEO plugin. -->","yoast_head_json":{"title":"\u00ab\u00a0El Djeich\u00a0\u00bb souligne l\u2019engagement africain du pays\u00a0: L&rsquo;Alg\u00e9rie r\u00e9affirme son r\u00f4le de pilier continental - La Sentinelle","robots":{"index":"index","follow":"follow","max-snippet":"max-snippet:-1","max-image-preview":"max-image-preview:large","max-video-preview":"max-video-preview:-1"},"canonical":"https:\/\/lasentinelle.dz\/index.php\/2025\/09\/10\/el-djeich-souligne-lengagement-africain-du-pays-lalgerie-reaffirme-son-role-de-pilier-continental\/","og_locale":"fr_FR","og_type":"article","og_title":"\u00ab\u00a0El Djeich\u00a0\u00bb souligne l\u2019engagement africain du pays\u00a0: L&rsquo;Alg\u00e9rie r\u00e9affirme son r\u00f4le de pilier continental - La Sentinelle","og_description":"L&rsquo;Alg\u00e9rie continuera \u00e0 d\u00e9ployer de grands efforts pour unifier la voix des Africains et la faire entendre dans les diff\u00e9rentes","og_url":"https:\/\/lasentinelle.dz\/index.php\/2025\/09\/10\/el-djeich-souligne-lengagement-africain-du-pays-lalgerie-reaffirme-son-role-de-pilier-continental\/","og_site_name":"La Sentinelle","article_publisher":"https:\/\/www.facebook.com\/La-Sentinelle-104059864394773","article_published_time":"2025-09-10T12:12:25+00:00","article_modified_time":"2025-09-10T12:12:26+00:00","og_image":[{"width":580,"height":350,"url":"https:\/\/lasentinelle.dz\/wp-content\/uploads\/2025\/09\/63bab560fb0ae0c0b1ca2c4dcf2015bc_M.jpg","type":"image\/jpeg"}],"author":"admin","twitter_card":"summary_large_image","twitter_misc":{"\u00c9crit par":"admin","Dur\u00e9e de lecture estim\u00e9e":"4 minutes"},"schema":{"@context":"https:\/\/schema.org","@graph":[{"@type":"Article","@id":"https:\/\/lasentinelle.dz\/index.php\/2025\/09\/10\/el-djeich-souligne-lengagement-africain-du-pays-lalgerie-reaffirme-son-role-de-pilier-continental\/#article","isPartOf":{"@id":"https:\/\/lasentinelle.dz\/index.php\/2025\/09\/10\/el-djeich-souligne-lengagement-africain-du-pays-lalgerie-reaffirme-son-role-de-pilier-continental\/"},"author":{"name":"admin","@id":"https:\/\/lasentinelle.dz\/#\/schema\/person\/729ee0024f24e0b8c5ec17232f8e8b41"},"headline":"\u00ab\u00a0El Djeich\u00a0\u00bb souligne l\u2019engagement africain du pays\u00a0: L&rsquo;Alg\u00e9rie r\u00e9affirme son r\u00f4le de pilier continental","datePublished":"2025-09-10T12:12:25+00:00","dateModified":"2025-09-10T12:12:26+00:00","mainEntityOfPage":{"@id":"https:\/\/lasentinelle.dz\/index.php\/2025\/09\/10\/el-djeich-souligne-lengagement-africain-du-pays-lalgerie-reaffirme-son-role-de-pilier-continental\/"},"wordCount":881,"commentCount":0,"publisher":{"@id":"https:\/\/lasentinelle.dz\/#organization"},"image":{"@id":"https:\/\/lasentinelle.dz\/index.php\/2025\/09\/10\/el-djeich-souligne-lengagement-africain-du-pays-lalgerie-reaffirme-son-role-de-pilier-continental\/#primaryimage"},"thumbnailUrl":"https:\/\/lasentinelle.dz\/wp-content\/uploads\/2025\/09\/63bab560fb0ae0c0b1ca2c4dcf2015bc_M.jpg","articleSection":["Actualit\u00e9"],"inLanguage":"fr-FR","potentialAction":[{"@type":"CommentAction","name":"Comment","target":["https:\/\/lasentinelle.dz\/index.php\/2025\/09\/10\/el-djeich-souligne-lengagement-africain-du-pays-lalgerie-reaffirme-son-role-de-pilier-continental\/#respond"]}]},{"@type":"WebPage","@id":"https:\/\/lasentinelle.dz\/index.php\/2025\/09\/10\/el-djeich-souligne-lengagement-africain-du-pays-lalgerie-reaffirme-son-role-de-pilier-continental\/","url":"https:\/\/lasentinelle.dz\/index.php\/2025\/09\/10\/el-djeich-souligne-lengagement-africain-du-pays-lalgerie-reaffirme-son-role-de-pilier-continental\/","name":"\u00ab\u00a0El Djeich\u00a0\u00bb souligne l\u2019engagement africain du pays\u00a0: L&rsquo;Alg\u00e9rie r\u00e9affirme son r\u00f4le de pilier continental - La Sentinelle","isPartOf":{"@id":"https:\/\/lasentinelle.dz\/#website"},"primaryImageOfPage":{"@id":"https:\/\/lasentinelle.dz\/index.php\/2025\/09\/10\/el-djeich-souligne-lengagement-africain-du-pays-lalgerie-reaffirme-son-role-de-pilier-continental\/#primaryimage"},"image":{"@id":"https:\/\/lasentinelle.dz\/index.php\/2025\/09\/10\/el-djeich-souligne-lengagement-africain-du-pays-lalgerie-reaffirme-son-role-de-pilier-continental\/#primaryimage"},"thumbnailUrl":"https:\/\/lasentinelle.dz\/wp-content\/uploads\/2025\/09\/63bab560fb0ae0c0b1ca2c4dcf2015bc_M.jpg","datePublished":"2025-09-10T12:12:25+00:00","dateModified":"2025-09-10T12:12:26+00:00","breadcrumb":{"@id":"https:\/\/lasentinelle.dz\/index.php\/2025\/09\/10\/el-djeich-souligne-lengagement-africain-du-pays-lalgerie-reaffirme-son-role-de-pilier-continental\/#breadcrumb"},"inLanguage":"fr-FR","potentialAction":[{"@type":"ReadAction","target":["https:\/\/lasentinelle.dz\/index.php\/2025\/09\/10\/el-djeich-souligne-lengagement-africain-du-pays-lalgerie-reaffirme-son-role-de-pilier-continental\/"]}]},{"@type":"ImageObject","inLanguage":"fr-FR","@id":"https:\/\/lasentinelle.dz\/index.php\/2025\/09\/10\/el-djeich-souligne-lengagement-africain-du-pays-lalgerie-reaffirme-son-role-de-pilier-continental\/#primaryimage","url":"https:\/\/lasentinelle.dz\/wp-content\/uploads\/2025\/09\/63bab560fb0ae0c0b1ca2c4dcf2015bc_M.jpg","contentUrl":"https:\/\/lasentinelle.dz\/wp-content\/uploads\/2025\/09\/63bab560fb0ae0c0b1ca2c4dcf2015bc_M.jpg","width":580,"height":350},{"@type":"BreadcrumbList","@id":"https:\/\/lasentinelle.dz\/index.php\/2025\/09\/10\/el-djeich-souligne-lengagement-africain-du-pays-lalgerie-reaffirme-son-role-de-pilier-continental\/#breadcrumb","itemListElement":[{"@type":"ListItem","position":1,"name":"Accueil","item":"https:\/\/lasentinelle.dz\/"},{"@type":"ListItem","position":2,"name":"\u00ab\u00a0El Djeich\u00a0\u00bb souligne l\u2019engagement africain du pays\u00a0: L&rsquo;Alg\u00e9rie r\u00e9affirme son r\u00f4le de pilier continental"}]},{"@type":"WebSite","@id":"https:\/\/lasentinelle.dz\/#website","url":"https:\/\/lasentinelle.dz\/","name":"La Sentinelle","description":"Quotidien national d&#039;information","publisher":{"@id":"https:\/\/lasentinelle.dz\/#organization"},"potentialAction":[{"@type":"SearchAction","target":{"@type":"EntryPoint","urlTemplate":"https:\/\/lasentinelle.dz\/?s={search_term_string}"},"query-input":{"@type":"PropertyValueSpecification","valueRequired":true,"valueName":"search_term_string"}}],"inLanguage":"fr-FR"},{"@type":"Organization","@id":"https:\/\/lasentinelle.dz\/#organization","name":"Quotidien La Sentinelle","url":"https:\/\/lasentinelle.dz\/","logo":{"@type":"ImageObject","inLanguage":"fr-FR","@id":"https:\/\/lasentinelle.dz\/#\/schema\/logo\/image\/","url":"https:\/\/lasentinelle.dz\/wp-content\/uploads\/2021\/09\/logo-sentinelleSLOGAN-1.png","contentUrl":"https:\/\/lasentinelle.dz\/wp-content\/uploads\/2021\/09\/logo-sentinelleSLOGAN-1.png","width":615,"height":142,"caption":"Quotidien La Sentinelle"},"image":{"@id":"https:\/\/lasentinelle.dz\/#\/schema\/logo\/image\/"},"sameAs":["https:\/\/www.facebook.com\/La-Sentinelle-104059864394773"]},{"@type":"Person","@id":"https:\/\/lasentinelle.dz\/#\/schema\/person\/729ee0024f24e0b8c5ec17232f8e8b41","name":"admin","image":{"@type":"ImageObject","inLanguage":"fr-FR","@id":"https:\/\/secure.gravatar.com\/avatar\/4c81fed838786e9b53f540bf46533e750f5d292099ae3b66cfc6fb1982e29df7?s=96&d=mm&r=g","url":"https:\/\/secure.gravatar.com\/avatar\/4c81fed838786e9b53f540bf46533e750f5d292099ae3b66cfc6fb1982e29df7?s=96&d=mm&r=g","contentUrl":"https:\/\/secure.gravatar.com\/avatar\/4c81fed838786e9b53f540bf46533e750f5d292099ae3b66cfc6fb1982e29df7?s=96&d=mm&r=g","caption":"admin"},"description":"admin","url":"https:\/\/lasentinelle.dz\/author\/admin\/"}]}},"_links":{"self":[{"href":"https:\/\/lasentinelle.dz\/index.php\/wp-json\/wp\/v2\/posts\/73175","targetHints":{"allow":["GET"]}}],"collection":[{"href":"https:\/\/lasentinelle.dz\/index.php\/wp-json\/wp\/v2\/posts"}],"about":[{"href":"https:\/\/lasentinelle.dz\/index.php\/wp-json\/wp\/v2\/types\/post"}],"author":[{"embeddable":true,"href":"https:\/\/lasentinelle.dz\/index.php\/wp-json\/wp\/v2\/users\/6"}],"replies":[{"embeddable":true,"href":"https:\/\/lasentinelle.dz\/index.php\/wp-json\/wp\/v2\/comments?post=73175"}],"version-history":[{"count":2,"href":"https:\/\/lasentinelle.dz\/index.php\/wp-json\/wp\/v2\/posts\/73175\/revisions"}],"predecessor-version":[{"id":73178,"href":"https:\/\/lasentinelle.dz\/index.php\/wp-json\/wp\/v2\/posts\/73175\/revisions\/73178"}],"wp:featuredmedia":[{"embeddable":true,"href":"https:\/\/lasentinelle.dz\/index.php\/wp-json\/wp\/v2\/media\/73176"}],"wp:attachment":[{"href":"https:\/\/lasentinelle.dz\/index.php\/wp-json\/wp\/v2\/media?parent=73175"}],"wp:term":[{"taxonomy":"category","embeddable":true,"href":"https:\/\/lasentinelle.dz\/index.php\/wp-json\/wp\/v2\/categories?post=73175"},{"taxonomy":"post_tag","embeddable":true,"href":"https:\/\/lasentinelle.dz\/index.php\/wp-json\/wp\/v2\/tags?post=73175"}],"curies":[{"name":"wp","href":"https:\/\/api.w.org\/{rel}","templated":true}]}}