{"id":73179,"date":"2025-09-10T13:13:29","date_gmt":"2025-09-10T12:13:29","guid":{"rendered":"https:\/\/lasentinelle.dz\/?p=73179"},"modified":"2025-09-10T13:13:30","modified_gmt":"2025-09-10T12:13:30","slug":"liatf-confirme-la-position-strategique-de-lalgerie-un-hub-pour-le-commerce-et-linvestissement","status":"publish","type":"post","link":"https:\/\/lasentinelle.dz\/index.php\/2025\/09\/10\/liatf-confirme-la-position-strategique-de-lalgerie-un-hub-pour-le-commerce-et-linvestissement\/","title":{"rendered":"L\u2019IATF confirme la position strat\u00e9gique de l\u2019Alg\u00e9rie\u00a0: Un hub pour le commerce et l&rsquo;investissement"},"content":{"rendered":"\n<p>La quatri\u00e8me \u00e9dition de la Foire commerciale intra-africaine (IATF) confirme le statut de l&rsquo;Alg\u00e9rie comme porte d&rsquo;entr\u00e9e strat\u00e9gique vers l&rsquo;Afrique avec une participation remarquable d&rsquo;entreprises venues de tous les continents. Organis\u00e9 du 4 au 10 septembre \u00e0 Alger, cet \u00e9v\u00e9nement d&rsquo;envergure internationale rassemble environ 2000 exposants et des d\u00e9l\u00e9gations issues de 140 pays, consacrant Alger comme plateforme majeure d&rsquo;\u00e9changes commerciaux et d&rsquo;investissements intercontinentaux. Cette affluence internationale traduit une reconnaissance croissante du r\u00f4le \u00e9conomique de l&rsquo;Alg\u00e9rie sur la sc\u00e8ne continentale. Les secteurs repr\u00e9sent\u00e9s couvrent l&rsquo;ensemble du spectre \u00e9conomique moderne, de l&rsquo;industrie traditionnelle aux technologies de pointe, en passant par l&rsquo;agriculture, l&rsquo;\u00e9nergie, l&rsquo;agroalimentaire, les services financiers, l&rsquo;innovation, le tourisme et la formation. Cette diversit\u00e9 t\u00e9moigne du caract\u00e8re global de l&rsquo;\u00e9v\u00e9nement et de sa capacit\u00e9 \u00e0 attirer des op\u00e9rateurs \u00e9conomiques de tous horizons.<\/p>\n\n\n\n<p>Pour Larissa Eitner, directrice des ventes internationales de l&rsquo;entreprise suisse Pack Sys Global, sp\u00e9cialis\u00e9e dans la fabrication de machines d&#8217;emballage et de conditionnement, cette participation internationale d\u00e9passe les attentes habituelles. \u00ab\u00a0L&rsquo;\u00e9v\u00e9nement offre une opportunit\u00e9 exceptionnelle de voir toute l&rsquo;Afrique r\u00e9unie en un seul lieu\u00a0\u00bb, confie-t-elle dans une d\u00e9claration \u00e0 l\u2019APS, exprimant son \u00ab\u00a0\u00e9merveillement\u00a0\u00bb face \u00e0 l&rsquo;ampleur de la participation. Elle observe notamment que \u00ab\u00a0la participation hors du continent africain \u00e9tait \u00e9quilibr\u00e9e, contrairement \u00e0 de nombreux \u00e9v\u00e9nements \u00e9conomiques majeurs\u00a0\u00bb, y voyant le signe \u00ab\u00a0d&rsquo;une orientation de l&rsquo;Alg\u00e9rie et des pays africains d&rsquo;aller vers des partenariats plus solides et diversifi\u00e9s\u00a0\u00bb. Cette premi\u00e8re visite en Alg\u00e9rie a \u00e9galement permis \u00e0 la responsable suisse de d\u00e9couvrir les atouts du pays, qu&rsquo;elle consid\u00e8re d\u00e9sormais comme \u00ab\u00a0un p\u00f4le d&rsquo;attraction important pour les investisseurs\u00a0\u00bb et \u00ab\u00a0un partenaire cl\u00e9 dans la cha\u00eene de valeur africaine\u00a0\u00bb. Cette perception rejoint celle d&rsquo;autres participants internationaux qui voient dans l&rsquo;Alg\u00e9rie une passerelle naturelle vers les march\u00e9s africains.<\/p>\n\n\n\n<p>Le Canada illustre parfaitement cette approche strat\u00e9gique avec la pr\u00e9sence d&rsquo;un pavillon regroupant onze entreprises. Edouard Huot, d\u00e9l\u00e9gu\u00e9 commercial aupr\u00e8s de l&rsquo;Ambassade du Canada en Alg\u00e9rie, explique que cette participation vise \u00e0 \u00ab\u00a0explorer de nouveaux march\u00e9s et \u00e0 renforcer sa pr\u00e9sence sur le continent\u00a0\u00bb. Les entreprises canadiennes ont multipli\u00e9 les rencontres bilat\u00e9rales avec des soci\u00e9t\u00e9s alg\u00e9riennes et d&rsquo;autres pays africains, g\u00e9n\u00e9rant selon lui des r\u00e9sultats pr\u00e9liminaires \u00ab\u00a0tr\u00e8s positifs\u00a0\u00bb.<\/p>\n\n\n\n<p>\u00ab\u00a0Les discussions men\u00e9es jusqu&rsquo;\u00e0 pr\u00e9sent traduisent la volont\u00e9 des entreprises canadiennes d&rsquo;acc\u00e9der aux march\u00e9s africains via l&rsquo;Alg\u00e9rie, dans plusieurs domaines, notamment l&rsquo;agroalimentaire, les technologies de communication et les \u00e9quipements a\u00e9ronautiques\u00a0\u00bb, pr\u00e9cise Edouard Huot. Pour le repr\u00e9sentant diplomatique, \u00ab\u00a0les grands projets lanc\u00e9s par le pays dans les infrastructures et la logistique en font une porte d&rsquo;entr\u00e9e incontournable vers l&rsquo;Afrique et constituent un facteur attractif pour les soci\u00e9t\u00e9s canadiennes \u00e0 la recherche de partenaires fiables pour se d\u00e9velopper sur le continent\u00a0\u00bb. Cette vision strat\u00e9gique transcende les fronti\u00e8res g\u00e9ographiques traditionnelles, comme en t\u00e9moigne la participation de la Barbade, repr\u00e9sent\u00e9e par le diplomate Phil Phillips. Pour ce dernier, la foire constitue une \u00ab\u00a0plateforme strat\u00e9gique\u00a0\u00bb qui s&rsquo;inscrit dans la place centrale qu&rsquo;occupe le continent africain dans le plan strat\u00e9gique de son pays carib\u00e9en. \u00ab\u00a0L&rsquo;Afrique est le berceau de la civilisation et l&rsquo;origine des peuples des Cara\u00efbes. C&rsquo;est aussi le continent qui compte une population jeune et deviendra le plus peupl\u00e9 \u00e0 l&rsquo;horizon 2050, ce qui en fait de lui une destination de choix pour les investissements et la coop\u00e9ration internationale\u00a0\u00bb, analyse Phil Phillips.<\/p>\n\n\n\n<p>Le repr\u00e9sentant barbadien souligne \u00e9galement les opportunit\u00e9s de r\u00e9seautage offertes par l&rsquo;\u00e9v\u00e9nement avec \u00ab\u00a0des hommes d&rsquo;affaires, des investisseurs, des repr\u00e9sentants de gouvernements et du secteur priv\u00e9 \u00e0 travers le continent\u00a0\u00bb, tout en exprimant son admiration pour l&rsquo;accueil \u00ab\u00a0amical et chaleureux\u00a0\u00bb re\u00e7u de la part des Alg\u00e9riens. Ces contacts ont d&rsquo;ores et d\u00e9j\u00e0 d\u00e9bouch\u00e9 sur des discussions \u00ab\u00a0fructueuses\u00a0\u00bb avec des investisseurs int\u00e9ress\u00e9s par les produits locaux barbadiens ainsi que par le secteur touristique.<\/p>\n\n\n\n<p>Au-del\u00e0 des t\u00e9moignages individuels, cette forte participation internationale renforce objectivement l&rsquo;image de l&rsquo;Alg\u00e9rie comme passerelle entre l&rsquo;Afrique et le monde. Cette position privil\u00e9gi\u00e9e consolide sa r\u00e9putation de destination fiable pour les partenariats strat\u00e9giques et les opportunit\u00e9s d&rsquo;investissement durable, confirmant son r\u00f4le de hub \u00e9conomique r\u00e9gional dans un contexte de mondialisation des \u00e9changes commerciaux africains.<\/p>\n\n\n\n<p>Salim Amokrane<\/p>\n","protected":false},"excerpt":{"rendered":"<p>La quatri\u00e8me \u00e9dition de la Foire commerciale intra-africaine (IATF) confirme le statut de l&rsquo;Alg\u00e9rie comme porte d&rsquo;entr\u00e9e strat\u00e9gique vers l&rsquo;Afrique<\/p>\n","protected":false},"author":6,"featured_media":73180,"comment_status":"open","ping_status":"closed","sticky":false,"template":"","format":"standard","meta":{"colormag_page_container_layout":"default_layout","colormag_page_sidebar_layout":"default_layout","om_disable_all_campaigns":false,"_monsterinsights_skip_tracking":false,"_monsterinsights_sitenote_active":false,"_monsterinsights_sitenote_note":"","_monsterinsights_sitenote_category":0,"footnotes":"","_wpscppro_dont_share_socialmedia":false,"_wpscppro_custom_social_share_image":0,"_facebook_share_type":"default","_twitter_share_type":"default","_linkedin_share_type":"default","_pinterest_share_type":"default","_linkedin_share_type_page":"","_instagram_share_type":"default","_medium_share_type":"default","_threads_share_type":"default","_google_business_share_type":"default","_selected_social_profile":[],"_wpsp_enable_custom_social_template":false,"_wpsp_social_scheduling":{"enabled":false,"datetime":null,"platforms":[],"status":"template_only","dateOption":"today","timeOption":"now","customDays":"","customHours":"","customDate":"","customTime":"","schedulingType":"absolute"},"_wpsp_active_default_template":true},"categories":[52,27],"tags":[],"class_list":["post-73179","post","type-post","status-publish","format-standard","has-post-thumbnail","hentry","category-a-la-une","category-actualite"],"aioseo_notices":[],"yoast_head":"<!-- This site is optimized with the Yoast SEO plugin v27.5 - https:\/\/yoast.com\/product\/yoast-seo-wordpress\/ -->\n<title>L\u2019IATF confirme la position strat\u00e9gique de l\u2019Alg\u00e9rie\u00a0: Un hub pour le commerce et l&rsquo;investissement - La Sentinelle<\/title>\n<meta name=\"robots\" content=\"index, follow, max-snippet:-1, max-image-preview:large, max-video-preview:-1\" \/>\n<link rel=\"canonical\" href=\"https:\/\/lasentinelle.dz\/index.php\/2025\/09\/10\/liatf-confirme-la-position-strategique-de-lalgerie-un-hub-pour-le-commerce-et-linvestissement\/\" \/>\n<meta property=\"og:locale\" content=\"fr_FR\" \/>\n<meta property=\"og:type\" content=\"article\" \/>\n<meta property=\"og:title\" content=\"L\u2019IATF confirme la position strat\u00e9gique de l\u2019Alg\u00e9rie\u00a0: Un hub pour le commerce et l&rsquo;investissement - La Sentinelle\" \/>\n<meta property=\"og:description\" content=\"La quatri\u00e8me \u00e9dition de la Foire commerciale intra-africaine (IATF) confirme le statut de l&rsquo;Alg\u00e9rie comme porte d&rsquo;entr\u00e9e strat\u00e9gique vers l&rsquo;Afrique\" \/>\n<meta property=\"og:url\" content=\"https:\/\/lasentinelle.dz\/index.php\/2025\/09\/10\/liatf-confirme-la-position-strategique-de-lalgerie-un-hub-pour-le-commerce-et-linvestissement\/\" \/>\n<meta property=\"og:site_name\" content=\"La Sentinelle\" \/>\n<meta property=\"article:publisher\" content=\"https:\/\/www.facebook.com\/La-Sentinelle-104059864394773\" \/>\n<meta property=\"article:published_time\" content=\"2025-09-10T12:13:29+00:00\" \/>\n<meta property=\"article:modified_time\" content=\"2025-09-10T12:13:30+00:00\" \/>\n<meta property=\"og:image\" content=\"https:\/\/lasentinelle.dz\/wp-content\/uploads\/2025\/09\/IATF-1.jpg\" \/>\n\t<meta property=\"og:image:width\" content=\"745\" \/>\n\t<meta property=\"og:image:height\" content=\"470\" \/>\n\t<meta property=\"og:image:type\" content=\"image\/jpeg\" \/>\n<meta name=\"author\" content=\"admin\" \/>\n<meta name=\"twitter:card\" content=\"summary_large_image\" \/>\n<meta name=\"twitter:label1\" content=\"\u00c9crit par\" \/>\n\t<meta name=\"twitter:data1\" content=\"admin\" \/>\n\t<meta name=\"twitter:label2\" content=\"Dur\u00e9e de lecture estim\u00e9e\" \/>\n\t<meta name=\"twitter:data2\" content=\"4 minutes\" \/>\n<script type=\"application\/ld+json\" class=\"yoast-schema-graph\">{\"@context\":\"https:\\\/\\\/schema.org\",\"@graph\":[{\"@type\":\"Article\",\"@id\":\"https:\\\/\\\/lasentinelle.dz\\\/index.php\\\/2025\\\/09\\\/10\\\/liatf-confirme-la-position-strategique-de-lalgerie-un-hub-pour-le-commerce-et-linvestissement\\\/#article\",\"isPartOf\":{\"@id\":\"https:\\\/\\\/lasentinelle.dz\\\/index.php\\\/2025\\\/09\\\/10\\\/liatf-confirme-la-position-strategique-de-lalgerie-un-hub-pour-le-commerce-et-linvestissement\\\/\"},\"author\":{\"name\":\"admin\",\"@id\":\"https:\\\/\\\/lasentinelle.dz\\\/#\\\/schema\\\/person\\\/729ee0024f24e0b8c5ec17232f8e8b41\"},\"headline\":\"L\u2019IATF confirme la position strat\u00e9gique de l\u2019Alg\u00e9rie\u00a0: Un hub pour le commerce et l&rsquo;investissement\",\"datePublished\":\"2025-09-10T12:13:29+00:00\",\"dateModified\":\"2025-09-10T12:13:30+00:00\",\"mainEntityOfPage\":{\"@id\":\"https:\\\/\\\/lasentinelle.dz\\\/index.php\\\/2025\\\/09\\\/10\\\/liatf-confirme-la-position-strategique-de-lalgerie-un-hub-pour-le-commerce-et-linvestissement\\\/\"},\"wordCount\":809,\"commentCount\":0,\"publisher\":{\"@id\":\"https:\\\/\\\/lasentinelle.dz\\\/#organization\"},\"image\":{\"@id\":\"https:\\\/\\\/lasentinelle.dz\\\/index.php\\\/2025\\\/09\\\/10\\\/liatf-confirme-la-position-strategique-de-lalgerie-un-hub-pour-le-commerce-et-linvestissement\\\/#primaryimage\"},\"thumbnailUrl\":\"https:\\\/\\\/lasentinelle.dz\\\/wp-content\\\/uploads\\\/2025\\\/09\\\/IATF-1.jpg\",\"articleSection\":[\"\u00c0 la Une\",\"Actualit\u00e9\"],\"inLanguage\":\"fr-FR\",\"potentialAction\":[{\"@type\":\"CommentAction\",\"name\":\"Comment\",\"target\":[\"https:\\\/\\\/lasentinelle.dz\\\/index.php\\\/2025\\\/09\\\/10\\\/liatf-confirme-la-position-strategique-de-lalgerie-un-hub-pour-le-commerce-et-linvestissement\\\/#respond\"]}]},{\"@type\":\"WebPage\",\"@id\":\"https:\\\/\\\/lasentinelle.dz\\\/index.php\\\/2025\\\/09\\\/10\\\/liatf-confirme-la-position-strategique-de-lalgerie-un-hub-pour-le-commerce-et-linvestissement\\\/\",\"url\":\"https:\\\/\\\/lasentinelle.dz\\\/index.php\\\/2025\\\/09\\\/10\\\/liatf-confirme-la-position-strategique-de-lalgerie-un-hub-pour-le-commerce-et-linvestissement\\\/\",\"name\":\"L\u2019IATF confirme la position strat\u00e9gique de l\u2019Alg\u00e9rie\u00a0: Un hub pour le commerce et l&rsquo;investissement - La Sentinelle\",\"isPartOf\":{\"@id\":\"https:\\\/\\\/lasentinelle.dz\\\/#website\"},\"primaryImageOfPage\":{\"@id\":\"https:\\\/\\\/lasentinelle.dz\\\/index.php\\\/2025\\\/09\\\/10\\\/liatf-confirme-la-position-strategique-de-lalgerie-un-hub-pour-le-commerce-et-linvestissement\\\/#primaryimage\"},\"image\":{\"@id\":\"https:\\\/\\\/lasentinelle.dz\\\/index.php\\\/2025\\\/09\\\/10\\\/liatf-confirme-la-position-strategique-de-lalgerie-un-hub-pour-le-commerce-et-linvestissement\\\/#primaryimage\"},\"thumbnailUrl\":\"https:\\\/\\\/lasentinelle.dz\\\/wp-content\\\/uploads\\\/2025\\\/09\\\/IATF-1.jpg\",\"datePublished\":\"2025-09-10T12:13:29+00:00\",\"dateModified\":\"2025-09-10T12:13:30+00:00\",\"breadcrumb\":{\"@id\":\"https:\\\/\\\/lasentinelle.dz\\\/index.php\\\/2025\\\/09\\\/10\\\/liatf-confirme-la-position-strategique-de-lalgerie-un-hub-pour-le-commerce-et-linvestissement\\\/#breadcrumb\"},\"inLanguage\":\"fr-FR\",\"potentialAction\":[{\"@type\":\"ReadAction\",\"target\":[\"https:\\\/\\\/lasentinelle.dz\\\/index.php\\\/2025\\\/09\\\/10\\\/liatf-confirme-la-position-strategique-de-lalgerie-un-hub-pour-le-commerce-et-linvestissement\\\/\"]}]},{\"@type\":\"ImageObject\",\"inLanguage\":\"fr-FR\",\"@id\":\"https:\\\/\\\/lasentinelle.dz\\\/index.php\\\/2025\\\/09\\\/10\\\/liatf-confirme-la-position-strategique-de-lalgerie-un-hub-pour-le-commerce-et-linvestissement\\\/#primaryimage\",\"url\":\"https:\\\/\\\/lasentinelle.dz\\\/wp-content\\\/uploads\\\/2025\\\/09\\\/IATF-1.jpg\",\"contentUrl\":\"https:\\\/\\\/lasentinelle.dz\\\/wp-content\\\/uploads\\\/2025\\\/09\\\/IATF-1.jpg\",\"width\":745,\"height\":470},{\"@type\":\"BreadcrumbList\",\"@id\":\"https:\\\/\\\/lasentinelle.dz\\\/index.php\\\/2025\\\/09\\\/10\\\/liatf-confirme-la-position-strategique-de-lalgerie-un-hub-pour-le-commerce-et-linvestissement\\\/#breadcrumb\",\"itemListElement\":[{\"@type\":\"ListItem\",\"position\":1,\"name\":\"Accueil\",\"item\":\"https:\\\/\\\/lasentinelle.dz\\\/\"},{\"@type\":\"ListItem\",\"position\":2,\"name\":\"L\u2019IATF confirme la position strat\u00e9gique de l\u2019Alg\u00e9rie\u00a0: Un hub pour le commerce et l&rsquo;investissement\"}]},{\"@type\":\"WebSite\",\"@id\":\"https:\\\/\\\/lasentinelle.dz\\\/#website\",\"url\":\"https:\\\/\\\/lasentinelle.dz\\\/\",\"name\":\"La Sentinelle\",\"description\":\"Quotidien national d&#039;information\",\"publisher\":{\"@id\":\"https:\\\/\\\/lasentinelle.dz\\\/#organization\"},\"potentialAction\":[{\"@type\":\"SearchAction\",\"target\":{\"@type\":\"EntryPoint\",\"urlTemplate\":\"https:\\\/\\\/lasentinelle.dz\\\/?s={search_term_string}\"},\"query-input\":{\"@type\":\"PropertyValueSpecification\",\"valueRequired\":true,\"valueName\":\"search_term_string\"}}],\"inLanguage\":\"fr-FR\"},{\"@type\":\"Organization\",\"@id\":\"https:\\\/\\\/lasentinelle.dz\\\/#organization\",\"name\":\"Quotidien La Sentinelle\",\"url\":\"https:\\\/\\\/lasentinelle.dz\\\/\",\"logo\":{\"@type\":\"ImageObject\",\"inLanguage\":\"fr-FR\",\"@id\":\"https:\\\/\\\/lasentinelle.dz\\\/#\\\/schema\\\/logo\\\/image\\\/\",\"url\":\"https:\\\/\\\/lasentinelle.dz\\\/wp-content\\\/uploads\\\/2021\\\/09\\\/logo-sentinelleSLOGAN-1.png\",\"contentUrl\":\"https:\\\/\\\/lasentinelle.dz\\\/wp-content\\\/uploads\\\/2021\\\/09\\\/logo-sentinelleSLOGAN-1.png\",\"width\":615,\"height\":142,\"caption\":\"Quotidien La Sentinelle\"},\"image\":{\"@id\":\"https:\\\/\\\/lasentinelle.dz\\\/#\\\/schema\\\/logo\\\/image\\\/\"},\"sameAs\":[\"https:\\\/\\\/www.facebook.com\\\/La-Sentinelle-104059864394773\"]},{\"@type\":\"Person\",\"@id\":\"https:\\\/\\\/lasentinelle.dz\\\/#\\\/schema\\\/person\\\/729ee0024f24e0b8c5ec17232f8e8b41\",\"name\":\"admin\",\"image\":{\"@type\":\"ImageObject\",\"inLanguage\":\"fr-FR\",\"@id\":\"https:\\\/\\\/secure.gravatar.com\\\/avatar\\\/4c81fed838786e9b53f540bf46533e750f5d292099ae3b66cfc6fb1982e29df7?s=96&d=mm&r=g\",\"url\":\"https:\\\/\\\/secure.gravatar.com\\\/avatar\\\/4c81fed838786e9b53f540bf46533e750f5d292099ae3b66cfc6fb1982e29df7?s=96&d=mm&r=g\",\"contentUrl\":\"https:\\\/\\\/secure.gravatar.com\\\/avatar\\\/4c81fed838786e9b53f540bf46533e750f5d292099ae3b66cfc6fb1982e29df7?s=96&d=mm&r=g\",\"caption\":\"admin\"},\"description\":\"admin\",\"url\":\"https:\\\/\\\/lasentinelle.dz\\\/author\\\/admin\\\/\"}]}<\/script>\n<!-- \/ Yoast SEO plugin. -->","yoast_head_json":{"title":"L\u2019IATF confirme la position strat\u00e9gique de l\u2019Alg\u00e9rie\u00a0: Un hub pour le commerce et l&rsquo;investissement - La Sentinelle","robots":{"index":"index","follow":"follow","max-snippet":"max-snippet:-1","max-image-preview":"max-image-preview:large","max-video-preview":"max-video-preview:-1"},"canonical":"https:\/\/lasentinelle.dz\/index.php\/2025\/09\/10\/liatf-confirme-la-position-strategique-de-lalgerie-un-hub-pour-le-commerce-et-linvestissement\/","og_locale":"fr_FR","og_type":"article","og_title":"L\u2019IATF confirme la position strat\u00e9gique de l\u2019Alg\u00e9rie\u00a0: Un hub pour le commerce et l&rsquo;investissement - La Sentinelle","og_description":"La quatri\u00e8me \u00e9dition de la Foire commerciale intra-africaine (IATF) confirme le statut de l&rsquo;Alg\u00e9rie comme porte d&rsquo;entr\u00e9e strat\u00e9gique vers l&rsquo;Afrique","og_url":"https:\/\/lasentinelle.dz\/index.php\/2025\/09\/10\/liatf-confirme-la-position-strategique-de-lalgerie-un-hub-pour-le-commerce-et-linvestissement\/","og_site_name":"La Sentinelle","article_publisher":"https:\/\/www.facebook.com\/La-Sentinelle-104059864394773","article_published_time":"2025-09-10T12:13:29+00:00","article_modified_time":"2025-09-10T12:13:30+00:00","og_image":[{"width":745,"height":470,"url":"https:\/\/lasentinelle.dz\/wp-content\/uploads\/2025\/09\/IATF-1.jpg","type":"image\/jpeg"}],"author":"admin","twitter_card":"summary_large_image","twitter_misc":{"\u00c9crit par":"admin","Dur\u00e9e de lecture estim\u00e9e":"4 minutes"},"schema":{"@context":"https:\/\/schema.org","@graph":[{"@type":"Article","@id":"https:\/\/lasentinelle.dz\/index.php\/2025\/09\/10\/liatf-confirme-la-position-strategique-de-lalgerie-un-hub-pour-le-commerce-et-linvestissement\/#article","isPartOf":{"@id":"https:\/\/lasentinelle.dz\/index.php\/2025\/09\/10\/liatf-confirme-la-position-strategique-de-lalgerie-un-hub-pour-le-commerce-et-linvestissement\/"},"author":{"name":"admin","@id":"https:\/\/lasentinelle.dz\/#\/schema\/person\/729ee0024f24e0b8c5ec17232f8e8b41"},"headline":"L\u2019IATF confirme la position strat\u00e9gique de l\u2019Alg\u00e9rie\u00a0: Un hub pour le commerce et l&rsquo;investissement","datePublished":"2025-09-10T12:13:29+00:00","dateModified":"2025-09-10T12:13:30+00:00","mainEntityOfPage":{"@id":"https:\/\/lasentinelle.dz\/index.php\/2025\/09\/10\/liatf-confirme-la-position-strategique-de-lalgerie-un-hub-pour-le-commerce-et-linvestissement\/"},"wordCount":809,"commentCount":0,"publisher":{"@id":"https:\/\/lasentinelle.dz\/#organization"},"image":{"@id":"https:\/\/lasentinelle.dz\/index.php\/2025\/09\/10\/liatf-confirme-la-position-strategique-de-lalgerie-un-hub-pour-le-commerce-et-linvestissement\/#primaryimage"},"thumbnailUrl":"https:\/\/lasentinelle.dz\/wp-content\/uploads\/2025\/09\/IATF-1.jpg","articleSection":["\u00c0 la Une","Actualit\u00e9"],"inLanguage":"fr-FR","potentialAction":[{"@type":"CommentAction","name":"Comment","target":["https:\/\/lasentinelle.dz\/index.php\/2025\/09\/10\/liatf-confirme-la-position-strategique-de-lalgerie-un-hub-pour-le-commerce-et-linvestissement\/#respond"]}]},{"@type":"WebPage","@id":"https:\/\/lasentinelle.dz\/index.php\/2025\/09\/10\/liatf-confirme-la-position-strategique-de-lalgerie-un-hub-pour-le-commerce-et-linvestissement\/","url":"https:\/\/lasentinelle.dz\/index.php\/2025\/09\/10\/liatf-confirme-la-position-strategique-de-lalgerie-un-hub-pour-le-commerce-et-linvestissement\/","name":"L\u2019IATF confirme la position strat\u00e9gique de l\u2019Alg\u00e9rie\u00a0: Un hub pour le commerce et l&rsquo;investissement - La Sentinelle","isPartOf":{"@id":"https:\/\/lasentinelle.dz\/#website"},"primaryImageOfPage":{"@id":"https:\/\/lasentinelle.dz\/index.php\/2025\/09\/10\/liatf-confirme-la-position-strategique-de-lalgerie-un-hub-pour-le-commerce-et-linvestissement\/#primaryimage"},"image":{"@id":"https:\/\/lasentinelle.dz\/index.php\/2025\/09\/10\/liatf-confirme-la-position-strategique-de-lalgerie-un-hub-pour-le-commerce-et-linvestissement\/#primaryimage"},"thumbnailUrl":"https:\/\/lasentinelle.dz\/wp-content\/uploads\/2025\/09\/IATF-1.jpg","datePublished":"2025-09-10T12:13:29+00:00","dateModified":"2025-09-10T12:13:30+00:00","breadcrumb":{"@id":"https:\/\/lasentinelle.dz\/index.php\/2025\/09\/10\/liatf-confirme-la-position-strategique-de-lalgerie-un-hub-pour-le-commerce-et-linvestissement\/#breadcrumb"},"inLanguage":"fr-FR","potentialAction":[{"@type":"ReadAction","target":["https:\/\/lasentinelle.dz\/index.php\/2025\/09\/10\/liatf-confirme-la-position-strategique-de-lalgerie-un-hub-pour-le-commerce-et-linvestissement\/"]}]},{"@type":"ImageObject","inLanguage":"fr-FR","@id":"https:\/\/lasentinelle.dz\/index.php\/2025\/09\/10\/liatf-confirme-la-position-strategique-de-lalgerie-un-hub-pour-le-commerce-et-linvestissement\/#primaryimage","url":"https:\/\/lasentinelle.dz\/wp-content\/uploads\/2025\/09\/IATF-1.jpg","contentUrl":"https:\/\/lasentinelle.dz\/wp-content\/uploads\/2025\/09\/IATF-1.jpg","width":745,"height":470},{"@type":"BreadcrumbList","@id":"https:\/\/lasentinelle.dz\/index.php\/2025\/09\/10\/liatf-confirme-la-position-strategique-de-lalgerie-un-hub-pour-le-commerce-et-linvestissement\/#breadcrumb","itemListElement":[{"@type":"ListItem","position":1,"name":"Accueil","item":"https:\/\/lasentinelle.dz\/"},{"@type":"ListItem","position":2,"name":"L\u2019IATF confirme la position strat\u00e9gique de l\u2019Alg\u00e9rie\u00a0: Un hub pour le commerce et l&rsquo;investissement"}]},{"@type":"WebSite","@id":"https:\/\/lasentinelle.dz\/#website","url":"https:\/\/lasentinelle.dz\/","name":"La Sentinelle","description":"Quotidien national d&#039;information","publisher":{"@id":"https:\/\/lasentinelle.dz\/#organization"},"potentialAction":[{"@type":"SearchAction","target":{"@type":"EntryPoint","urlTemplate":"https:\/\/lasentinelle.dz\/?s={search_term_string}"},"query-input":{"@type":"PropertyValueSpecification","valueRequired":true,"valueName":"search_term_string"}}],"inLanguage":"fr-FR"},{"@type":"Organization","@id":"https:\/\/lasentinelle.dz\/#organization","name":"Quotidien La Sentinelle","url":"https:\/\/lasentinelle.dz\/","logo":{"@type":"ImageObject","inLanguage":"fr-FR","@id":"https:\/\/lasentinelle.dz\/#\/schema\/logo\/image\/","url":"https:\/\/lasentinelle.dz\/wp-content\/uploads\/2021\/09\/logo-sentinelleSLOGAN-1.png","contentUrl":"https:\/\/lasentinelle.dz\/wp-content\/uploads\/2021\/09\/logo-sentinelleSLOGAN-1.png","width":615,"height":142,"caption":"Quotidien La Sentinelle"},"image":{"@id":"https:\/\/lasentinelle.dz\/#\/schema\/logo\/image\/"},"sameAs":["https:\/\/www.facebook.com\/La-Sentinelle-104059864394773"]},{"@type":"Person","@id":"https:\/\/lasentinelle.dz\/#\/schema\/person\/729ee0024f24e0b8c5ec17232f8e8b41","name":"admin","image":{"@type":"ImageObject","inLanguage":"fr-FR","@id":"https:\/\/secure.gravatar.com\/avatar\/4c81fed838786e9b53f540bf46533e750f5d292099ae3b66cfc6fb1982e29df7?s=96&d=mm&r=g","url":"https:\/\/secure.gravatar.com\/avatar\/4c81fed838786e9b53f540bf46533e750f5d292099ae3b66cfc6fb1982e29df7?s=96&d=mm&r=g","contentUrl":"https:\/\/secure.gravatar.com\/avatar\/4c81fed838786e9b53f540bf46533e750f5d292099ae3b66cfc6fb1982e29df7?s=96&d=mm&r=g","caption":"admin"},"description":"admin","url":"https:\/\/lasentinelle.dz\/author\/admin\/"}]}},"_links":{"self":[{"href":"https:\/\/lasentinelle.dz\/index.php\/wp-json\/wp\/v2\/posts\/73179","targetHints":{"allow":["GET"]}}],"collection":[{"href":"https:\/\/lasentinelle.dz\/index.php\/wp-json\/wp\/v2\/posts"}],"about":[{"href":"https:\/\/lasentinelle.dz\/index.php\/wp-json\/wp\/v2\/types\/post"}],"author":[{"embeddable":true,"href":"https:\/\/lasentinelle.dz\/index.php\/wp-json\/wp\/v2\/users\/6"}],"replies":[{"embeddable":true,"href":"https:\/\/lasentinelle.dz\/index.php\/wp-json\/wp\/v2\/comments?post=73179"}],"version-history":[{"count":2,"href":"https:\/\/lasentinelle.dz\/index.php\/wp-json\/wp\/v2\/posts\/73179\/revisions"}],"predecessor-version":[{"id":73182,"href":"https:\/\/lasentinelle.dz\/index.php\/wp-json\/wp\/v2\/posts\/73179\/revisions\/73182"}],"wp:featuredmedia":[{"embeddable":true,"href":"https:\/\/lasentinelle.dz\/index.php\/wp-json\/wp\/v2\/media\/73180"}],"wp:attachment":[{"href":"https:\/\/lasentinelle.dz\/index.php\/wp-json\/wp\/v2\/media?parent=73179"}],"wp:term":[{"taxonomy":"category","embeddable":true,"href":"https:\/\/lasentinelle.dz\/index.php\/wp-json\/wp\/v2\/categories?post=73179"},{"taxonomy":"post_tag","embeddable":true,"href":"https:\/\/lasentinelle.dz\/index.php\/wp-json\/wp\/v2\/tags?post=73179"}],"curies":[{"name":"wp","href":"https:\/\/api.w.org\/{rel}","templated":true}]}}