{"id":73196,"date":"2025-09-11T10:57:00","date_gmt":"2025-09-11T09:57:00","guid":{"rendered":"https:\/\/lasentinelle.dz\/?p=73196"},"modified":"2025-09-12T19:58:13","modified_gmt":"2025-09-12T18:58:13","slug":"la-rockeuse-du-desert-hasna-el-becharia-a-lhonneur-au-dzfest-une-icone-celebree","status":"publish","type":"post","link":"https:\/\/lasentinelle.dz\/index.php\/2025\/09\/11\/la-rockeuse-du-desert-hasna-el-becharia-a-lhonneur-au-dzfest-une-icone-celebree\/","title":{"rendered":"La \u00ab\u00a0rockeuse du d\u00e9sert\u00a0\u00bb Hasna El Becharia \u00e0 l\u2019honneur au DzFest\u00a0: Une ic\u00f4ne c\u00e9l\u00e9br\u00e9e"},"content":{"rendered":"\n<p>La troisi\u00e8me \u00e9dition du Festival alg\u00e9rien des arts et culture \u00ab\u00a0DzFest\u00a0\u00bb s&rsquo;appr\u00eate \u00e0 rendre un hommage vibrant \u00e0 l&rsquo;une des figures les plus singuli\u00e8res de la sc\u00e8ne artistique saharienne. Du 14 au 27 septembre, Londres et Nottingham accueilleront cette manifestation culturelle d&rsquo;envergure qui placera au centre la m\u00e9moire de Hasna El Becharia, disparue le 1er mai 2024 \u00e0 B\u00e9char, laissant derri\u00e8re elle un h\u00e9ritage artistique unique et inestimable. \u00ab\u00a0Nous pr\u00e9voyons l&rsquo;organisation d&rsquo;un hommage \u00e0 la d\u00e9funte artiste Hasna El Becharia, d\u00e9c\u00e9d\u00e9e le 1 mai 2024 \u00e0 Bechar, au cours de notre manifestation &lsquo;DZ Fest&rsquo;, qui aura lieu dans les villes de Londres et Nottingham, avec la participation d&rsquo;une cinquantaine d&rsquo;artistes alg\u00e9riens r\u00e9sidant \u00e0 l&rsquo;\u00e9tranger\u00a0\u00bb, confie Rachida Lamri, fondatrice et pr\u00e9sidente de l&rsquo;association Culturama, principale organisatrice de ce festival d\u00e9di\u00e9 \u00e0 la promotion du patrimoine culturel alg\u00e9rien.<\/p>\n\n\n\n<p>Cette c\u00e9l\u00e9bration pr\u00e9voit la projection du film-documentaire \u00ab\u00a0La rockeuse du d\u00e9sert\u00a0\u00bb de la r\u00e9alisatrice alg\u00e9ro-canadienne Sara Nacer, \u0153uvre qui sera suivie de d\u00e9bats approfondis. \u00ab\u00a0Cette \u0153uvre cin\u00e9matographique, d&rsquo;une dur\u00e9e d&rsquo;une heure et quinze minutes, r\u00e9compens\u00e9e par plusieurs prix internationaux et tourn\u00e9e sur une p\u00e9riode de pr\u00e8s de dix ans, dresse le portrait de la d\u00e9funte Hasna El Becharia, seule femme \u00e0 jouer avec dext\u00e9rit\u00e9 du guembri, unique instrument \u00e0 cordes de la musique et danse Diwane\u00a0\u00bb, pr\u00e9cise Rachida Lamri, soulignant l&rsquo;exceptionnalit\u00e9 du parcours artistique de cette musicienne hors du commun.<\/p>\n\n\n\n<p>Hasna El Becharia incarnait en effet une figure r\u00e9volutionnaire dans l&rsquo;univers traditionnel de la musique Diwane, brisant les codes \u00e9tablis en s&rsquo;appropriant magistralement le guembri, cet instrument ancestral habituellement r\u00e9serv\u00e9 aux hommes. Son surnom de \u00ab\u00a0rockeuse du d\u00e9sert\u00a0\u00bb t\u00e9moigne de cette capacit\u00e9 rare \u00e0 fusionner l&rsquo;authenticit\u00e9 des traditions sahariennes avec une \u00e9nergie moderne et transgressive, cr\u00e9ant un style unique qui a marqu\u00e9 plusieurs g\u00e9n\u00e9rations d&rsquo;amateurs de musique traditionnelle alg\u00e9rienne.<\/p>\n\n\n\n<p>Le festival \u00ab\u00a0DzFest\u00a0\u00bb ne se contentera pas de cet hommage m\u00e9moriel mais proposera \u00e9galement un programme riche et diversifi\u00e9 mettant \u00e0 l&rsquo;honneur la richesse du patrimoine alg\u00e9rien \u00e0 travers une s\u00e9rie d&rsquo;activit\u00e9s culturelles vari\u00e9es. Les concerts de musique traditionnelle occuperont une place centrale, notamment avec les prestations du groupe \u00ab\u00a0Gaada Diwane B\u00e9char\u00a0\u00bb qui perp\u00e9tue l&rsquo;h\u00e9ritage musical de la r\u00e9gion natale de Hasna El Becharia, et de la chorale \u00ab\u00a0Amal\u00a0\u00bb, formation artistique fond\u00e9e par des artistes alg\u00e9riens \u00e9tablis au Royaume-Uni, symbolisant parfaitement cette diaspora cr\u00e9ative qui maintient vivantes les traditions culturelles nationales sur le sol britannique. L&rsquo;association Culturama, fond\u00e9e en 2013, s&rsquo;est donn\u00e9 pour mission de valoriser les traditions et expressions contemporaines de l&rsquo;identit\u00e9 alg\u00e9rienne, avec un accent particulier sur les cultures du Grand Sud, r\u00e9gion souvent m\u00e9connue mais d&rsquo;une richesse artistique exceptionnelle. Cette troisi\u00e8me \u00e9dition du \u00ab\u00a0DzFest\u00a0\u00bb s&rsquo;inscrit ainsi dans une d\u00e9marche de dialogue interculturel, permettant au public britannique de d\u00e9couvrir la diversit\u00e9 et la profondeur des traditions artistiques alg\u00e9riennes tout en offrant \u00e0 la diaspora un espace privil\u00e9gi\u00e9 de retrouvailles avec ses racines culturelles.<\/p>\n\n\n\n<p>Mohand S.<\/p>\n","protected":false},"excerpt":{"rendered":"<p>La troisi\u00e8me \u00e9dition du Festival alg\u00e9rien des arts et culture \u00ab\u00a0DzFest\u00a0\u00bb s&rsquo;appr\u00eate \u00e0 rendre un hommage vibrant \u00e0 l&rsquo;une des<\/p>\n","protected":false},"author":6,"featured_media":52520,"comment_status":"open","ping_status":"closed","sticky":false,"template":"","format":"standard","meta":{"colormag_page_container_layout":"default_layout","colormag_page_sidebar_layout":"default_layout","om_disable_all_campaigns":false,"_monsterinsights_skip_tracking":false,"_monsterinsights_sitenote_active":false,"_monsterinsights_sitenote_note":"","_monsterinsights_sitenote_category":0,"footnotes":"","_wpscppro_dont_share_socialmedia":false,"_wpscppro_custom_social_share_image":0,"_facebook_share_type":"default","_twitter_share_type":"default","_linkedin_share_type":"default","_pinterest_share_type":"default","_linkedin_share_type_page":"","_instagram_share_type":"default","_medium_share_type":"default","_threads_share_type":"default","_google_business_share_type":"default","_selected_social_profile":[],"_wpsp_enable_custom_social_template":false,"_wpsp_social_scheduling":{"enabled":false,"datetime":null,"platforms":[],"status":"template_only","dateOption":"today","timeOption":"now","customDays":"","customHours":"","customDate":"","customTime":"","schedulingType":"absolute"},"_wpsp_active_default_template":true},"categories":[36],"tags":[],"class_list":["post-73196","post","type-post","status-publish","format-standard","has-post-thumbnail","hentry","category-culture"],"aioseo_notices":[],"yoast_head":"<!-- This site is optimized with the Yoast SEO plugin v27.5 - https:\/\/yoast.com\/product\/yoast-seo-wordpress\/ -->\n<title>La \u00ab\u00a0rockeuse du d\u00e9sert\u00a0\u00bb Hasna El Becharia \u00e0 l\u2019honneur au DzFest\u00a0: Une ic\u00f4ne c\u00e9l\u00e9br\u00e9e - La Sentinelle<\/title>\n<meta name=\"robots\" content=\"index, follow, max-snippet:-1, max-image-preview:large, max-video-preview:-1\" \/>\n<link rel=\"canonical\" href=\"https:\/\/lasentinelle.dz\/index.php\/2025\/09\/11\/la-rockeuse-du-desert-hasna-el-becharia-a-lhonneur-au-dzfest-une-icone-celebree\/\" \/>\n<meta property=\"og:locale\" content=\"fr_FR\" \/>\n<meta property=\"og:type\" content=\"article\" \/>\n<meta property=\"og:title\" content=\"La \u00ab\u00a0rockeuse du d\u00e9sert\u00a0\u00bb Hasna El Becharia \u00e0 l\u2019honneur au DzFest\u00a0: Une ic\u00f4ne c\u00e9l\u00e9br\u00e9e - La Sentinelle\" \/>\n<meta property=\"og:description\" content=\"La troisi\u00e8me \u00e9dition du Festival alg\u00e9rien des arts et culture \u00ab\u00a0DzFest\u00a0\u00bb s&rsquo;appr\u00eate \u00e0 rendre un hommage vibrant \u00e0 l&rsquo;une des\" \/>\n<meta property=\"og:url\" content=\"https:\/\/lasentinelle.dz\/index.php\/2025\/09\/11\/la-rockeuse-du-desert-hasna-el-becharia-a-lhonneur-au-dzfest-une-icone-celebree\/\" \/>\n<meta property=\"og:site_name\" content=\"La Sentinelle\" \/>\n<meta property=\"article:publisher\" content=\"https:\/\/www.facebook.com\/La-Sentinelle-104059864394773\" \/>\n<meta property=\"article:published_time\" content=\"2025-09-11T09:57:00+00:00\" \/>\n<meta property=\"article:modified_time\" content=\"2025-09-12T18:58:13+00:00\" \/>\n<meta property=\"og:image\" content=\"https:\/\/lasentinelle.dz\/wp-content\/uploads\/2024\/05\/Hasna-El-Bacharia.jpeg\" \/>\n\t<meta property=\"og:image:width\" content=\"745\" \/>\n\t<meta property=\"og:image:height\" content=\"470\" \/>\n\t<meta property=\"og:image:type\" content=\"image\/jpeg\" \/>\n<meta name=\"author\" content=\"admin\" \/>\n<meta name=\"twitter:card\" content=\"summary_large_image\" \/>\n<meta name=\"twitter:label1\" content=\"\u00c9crit par\" \/>\n\t<meta name=\"twitter:data1\" content=\"admin\" \/>\n\t<meta name=\"twitter:label2\" content=\"Dur\u00e9e de lecture estim\u00e9e\" \/>\n\t<meta name=\"twitter:data2\" content=\"3 minutes\" \/>\n<script type=\"application\/ld+json\" class=\"yoast-schema-graph\">{\"@context\":\"https:\\\/\\\/schema.org\",\"@graph\":[{\"@type\":\"Article\",\"@id\":\"https:\\\/\\\/lasentinelle.dz\\\/index.php\\\/2025\\\/09\\\/11\\\/la-rockeuse-du-desert-hasna-el-becharia-a-lhonneur-au-dzfest-une-icone-celebree\\\/#article\",\"isPartOf\":{\"@id\":\"https:\\\/\\\/lasentinelle.dz\\\/index.php\\\/2025\\\/09\\\/11\\\/la-rockeuse-du-desert-hasna-el-becharia-a-lhonneur-au-dzfest-une-icone-celebree\\\/\"},\"author\":{\"name\":\"admin\",\"@id\":\"https:\\\/\\\/lasentinelle.dz\\\/#\\\/schema\\\/person\\\/729ee0024f24e0b8c5ec17232f8e8b41\"},\"headline\":\"La \u00ab\u00a0rockeuse du d\u00e9sert\u00a0\u00bb Hasna El Becharia \u00e0 l\u2019honneur au DzFest\u00a0: Une ic\u00f4ne c\u00e9l\u00e9br\u00e9e\",\"datePublished\":\"2025-09-11T09:57:00+00:00\",\"dateModified\":\"2025-09-12T18:58:13+00:00\",\"mainEntityOfPage\":{\"@id\":\"https:\\\/\\\/lasentinelle.dz\\\/index.php\\\/2025\\\/09\\\/11\\\/la-rockeuse-du-desert-hasna-el-becharia-a-lhonneur-au-dzfest-une-icone-celebree\\\/\"},\"wordCount\":561,\"commentCount\":0,\"publisher\":{\"@id\":\"https:\\\/\\\/lasentinelle.dz\\\/#organization\"},\"image\":{\"@id\":\"https:\\\/\\\/lasentinelle.dz\\\/index.php\\\/2025\\\/09\\\/11\\\/la-rockeuse-du-desert-hasna-el-becharia-a-lhonneur-au-dzfest-une-icone-celebree\\\/#primaryimage\"},\"thumbnailUrl\":\"https:\\\/\\\/lasentinelle.dz\\\/wp-content\\\/uploads\\\/2024\\\/05\\\/Hasna-El-Bacharia.jpeg\",\"articleSection\":[\"Culture\"],\"inLanguage\":\"fr-FR\",\"potentialAction\":[{\"@type\":\"CommentAction\",\"name\":\"Comment\",\"target\":[\"https:\\\/\\\/lasentinelle.dz\\\/index.php\\\/2025\\\/09\\\/11\\\/la-rockeuse-du-desert-hasna-el-becharia-a-lhonneur-au-dzfest-une-icone-celebree\\\/#respond\"]}]},{\"@type\":\"WebPage\",\"@id\":\"https:\\\/\\\/lasentinelle.dz\\\/index.php\\\/2025\\\/09\\\/11\\\/la-rockeuse-du-desert-hasna-el-becharia-a-lhonneur-au-dzfest-une-icone-celebree\\\/\",\"url\":\"https:\\\/\\\/lasentinelle.dz\\\/index.php\\\/2025\\\/09\\\/11\\\/la-rockeuse-du-desert-hasna-el-becharia-a-lhonneur-au-dzfest-une-icone-celebree\\\/\",\"name\":\"La \u00ab\u00a0rockeuse du d\u00e9sert\u00a0\u00bb Hasna El Becharia \u00e0 l\u2019honneur au DzFest\u00a0: Une ic\u00f4ne c\u00e9l\u00e9br\u00e9e - La Sentinelle\",\"isPartOf\":{\"@id\":\"https:\\\/\\\/lasentinelle.dz\\\/#website\"},\"primaryImageOfPage\":{\"@id\":\"https:\\\/\\\/lasentinelle.dz\\\/index.php\\\/2025\\\/09\\\/11\\\/la-rockeuse-du-desert-hasna-el-becharia-a-lhonneur-au-dzfest-une-icone-celebree\\\/#primaryimage\"},\"image\":{\"@id\":\"https:\\\/\\\/lasentinelle.dz\\\/index.php\\\/2025\\\/09\\\/11\\\/la-rockeuse-du-desert-hasna-el-becharia-a-lhonneur-au-dzfest-une-icone-celebree\\\/#primaryimage\"},\"thumbnailUrl\":\"https:\\\/\\\/lasentinelle.dz\\\/wp-content\\\/uploads\\\/2024\\\/05\\\/Hasna-El-Bacharia.jpeg\",\"datePublished\":\"2025-09-11T09:57:00+00:00\",\"dateModified\":\"2025-09-12T18:58:13+00:00\",\"breadcrumb\":{\"@id\":\"https:\\\/\\\/lasentinelle.dz\\\/index.php\\\/2025\\\/09\\\/11\\\/la-rockeuse-du-desert-hasna-el-becharia-a-lhonneur-au-dzfest-une-icone-celebree\\\/#breadcrumb\"},\"inLanguage\":\"fr-FR\",\"potentialAction\":[{\"@type\":\"ReadAction\",\"target\":[\"https:\\\/\\\/lasentinelle.dz\\\/index.php\\\/2025\\\/09\\\/11\\\/la-rockeuse-du-desert-hasna-el-becharia-a-lhonneur-au-dzfest-une-icone-celebree\\\/\"]}]},{\"@type\":\"ImageObject\",\"inLanguage\":\"fr-FR\",\"@id\":\"https:\\\/\\\/lasentinelle.dz\\\/index.php\\\/2025\\\/09\\\/11\\\/la-rockeuse-du-desert-hasna-el-becharia-a-lhonneur-au-dzfest-une-icone-celebree\\\/#primaryimage\",\"url\":\"https:\\\/\\\/lasentinelle.dz\\\/wp-content\\\/uploads\\\/2024\\\/05\\\/Hasna-El-Bacharia.jpeg\",\"contentUrl\":\"https:\\\/\\\/lasentinelle.dz\\\/wp-content\\\/uploads\\\/2024\\\/05\\\/Hasna-El-Bacharia.jpeg\",\"width\":745,\"height\":470},{\"@type\":\"BreadcrumbList\",\"@id\":\"https:\\\/\\\/lasentinelle.dz\\\/index.php\\\/2025\\\/09\\\/11\\\/la-rockeuse-du-desert-hasna-el-becharia-a-lhonneur-au-dzfest-une-icone-celebree\\\/#breadcrumb\",\"itemListElement\":[{\"@type\":\"ListItem\",\"position\":1,\"name\":\"Accueil\",\"item\":\"https:\\\/\\\/lasentinelle.dz\\\/\"},{\"@type\":\"ListItem\",\"position\":2,\"name\":\"La \u00ab\u00a0rockeuse du d\u00e9sert\u00a0\u00bb Hasna El Becharia \u00e0 l\u2019honneur au DzFest\u00a0: Une ic\u00f4ne c\u00e9l\u00e9br\u00e9e\"}]},{\"@type\":\"WebSite\",\"@id\":\"https:\\\/\\\/lasentinelle.dz\\\/#website\",\"url\":\"https:\\\/\\\/lasentinelle.dz\\\/\",\"name\":\"La Sentinelle\",\"description\":\"Quotidien national d&#039;information\",\"publisher\":{\"@id\":\"https:\\\/\\\/lasentinelle.dz\\\/#organization\"},\"potentialAction\":[{\"@type\":\"SearchAction\",\"target\":{\"@type\":\"EntryPoint\",\"urlTemplate\":\"https:\\\/\\\/lasentinelle.dz\\\/?s={search_term_string}\"},\"query-input\":{\"@type\":\"PropertyValueSpecification\",\"valueRequired\":true,\"valueName\":\"search_term_string\"}}],\"inLanguage\":\"fr-FR\"},{\"@type\":\"Organization\",\"@id\":\"https:\\\/\\\/lasentinelle.dz\\\/#organization\",\"name\":\"Quotidien La Sentinelle\",\"url\":\"https:\\\/\\\/lasentinelle.dz\\\/\",\"logo\":{\"@type\":\"ImageObject\",\"inLanguage\":\"fr-FR\",\"@id\":\"https:\\\/\\\/lasentinelle.dz\\\/#\\\/schema\\\/logo\\\/image\\\/\",\"url\":\"https:\\\/\\\/lasentinelle.dz\\\/wp-content\\\/uploads\\\/2021\\\/09\\\/logo-sentinelleSLOGAN-1.png\",\"contentUrl\":\"https:\\\/\\\/lasentinelle.dz\\\/wp-content\\\/uploads\\\/2021\\\/09\\\/logo-sentinelleSLOGAN-1.png\",\"width\":615,\"height\":142,\"caption\":\"Quotidien La Sentinelle\"},\"image\":{\"@id\":\"https:\\\/\\\/lasentinelle.dz\\\/#\\\/schema\\\/logo\\\/image\\\/\"},\"sameAs\":[\"https:\\\/\\\/www.facebook.com\\\/La-Sentinelle-104059864394773\"]},{\"@type\":\"Person\",\"@id\":\"https:\\\/\\\/lasentinelle.dz\\\/#\\\/schema\\\/person\\\/729ee0024f24e0b8c5ec17232f8e8b41\",\"name\":\"admin\",\"image\":{\"@type\":\"ImageObject\",\"inLanguage\":\"fr-FR\",\"@id\":\"https:\\\/\\\/secure.gravatar.com\\\/avatar\\\/4c81fed838786e9b53f540bf46533e750f5d292099ae3b66cfc6fb1982e29df7?s=96&d=mm&r=g\",\"url\":\"https:\\\/\\\/secure.gravatar.com\\\/avatar\\\/4c81fed838786e9b53f540bf46533e750f5d292099ae3b66cfc6fb1982e29df7?s=96&d=mm&r=g\",\"contentUrl\":\"https:\\\/\\\/secure.gravatar.com\\\/avatar\\\/4c81fed838786e9b53f540bf46533e750f5d292099ae3b66cfc6fb1982e29df7?s=96&d=mm&r=g\",\"caption\":\"admin\"},\"description\":\"admin\",\"url\":\"https:\\\/\\\/lasentinelle.dz\\\/author\\\/admin\\\/\"}]}<\/script>\n<!-- \/ Yoast SEO plugin. -->","yoast_head_json":{"title":"La \u00ab\u00a0rockeuse du d\u00e9sert\u00a0\u00bb Hasna El Becharia \u00e0 l\u2019honneur au DzFest\u00a0: Une ic\u00f4ne c\u00e9l\u00e9br\u00e9e - La Sentinelle","robots":{"index":"index","follow":"follow","max-snippet":"max-snippet:-1","max-image-preview":"max-image-preview:large","max-video-preview":"max-video-preview:-1"},"canonical":"https:\/\/lasentinelle.dz\/index.php\/2025\/09\/11\/la-rockeuse-du-desert-hasna-el-becharia-a-lhonneur-au-dzfest-une-icone-celebree\/","og_locale":"fr_FR","og_type":"article","og_title":"La \u00ab\u00a0rockeuse du d\u00e9sert\u00a0\u00bb Hasna El Becharia \u00e0 l\u2019honneur au DzFest\u00a0: Une ic\u00f4ne c\u00e9l\u00e9br\u00e9e - La Sentinelle","og_description":"La troisi\u00e8me \u00e9dition du Festival alg\u00e9rien des arts et culture \u00ab\u00a0DzFest\u00a0\u00bb s&rsquo;appr\u00eate \u00e0 rendre un hommage vibrant \u00e0 l&rsquo;une des","og_url":"https:\/\/lasentinelle.dz\/index.php\/2025\/09\/11\/la-rockeuse-du-desert-hasna-el-becharia-a-lhonneur-au-dzfest-une-icone-celebree\/","og_site_name":"La Sentinelle","article_publisher":"https:\/\/www.facebook.com\/La-Sentinelle-104059864394773","article_published_time":"2025-09-11T09:57:00+00:00","article_modified_time":"2025-09-12T18:58:13+00:00","og_image":[{"width":745,"height":470,"url":"https:\/\/lasentinelle.dz\/wp-content\/uploads\/2024\/05\/Hasna-El-Bacharia.jpeg","type":"image\/jpeg"}],"author":"admin","twitter_card":"summary_large_image","twitter_misc":{"\u00c9crit par":"admin","Dur\u00e9e de lecture estim\u00e9e":"3 minutes"},"schema":{"@context":"https:\/\/schema.org","@graph":[{"@type":"Article","@id":"https:\/\/lasentinelle.dz\/index.php\/2025\/09\/11\/la-rockeuse-du-desert-hasna-el-becharia-a-lhonneur-au-dzfest-une-icone-celebree\/#article","isPartOf":{"@id":"https:\/\/lasentinelle.dz\/index.php\/2025\/09\/11\/la-rockeuse-du-desert-hasna-el-becharia-a-lhonneur-au-dzfest-une-icone-celebree\/"},"author":{"name":"admin","@id":"https:\/\/lasentinelle.dz\/#\/schema\/person\/729ee0024f24e0b8c5ec17232f8e8b41"},"headline":"La \u00ab\u00a0rockeuse du d\u00e9sert\u00a0\u00bb Hasna El Becharia \u00e0 l\u2019honneur au DzFest\u00a0: Une ic\u00f4ne c\u00e9l\u00e9br\u00e9e","datePublished":"2025-09-11T09:57:00+00:00","dateModified":"2025-09-12T18:58:13+00:00","mainEntityOfPage":{"@id":"https:\/\/lasentinelle.dz\/index.php\/2025\/09\/11\/la-rockeuse-du-desert-hasna-el-becharia-a-lhonneur-au-dzfest-une-icone-celebree\/"},"wordCount":561,"commentCount":0,"publisher":{"@id":"https:\/\/lasentinelle.dz\/#organization"},"image":{"@id":"https:\/\/lasentinelle.dz\/index.php\/2025\/09\/11\/la-rockeuse-du-desert-hasna-el-becharia-a-lhonneur-au-dzfest-une-icone-celebree\/#primaryimage"},"thumbnailUrl":"https:\/\/lasentinelle.dz\/wp-content\/uploads\/2024\/05\/Hasna-El-Bacharia.jpeg","articleSection":["Culture"],"inLanguage":"fr-FR","potentialAction":[{"@type":"CommentAction","name":"Comment","target":["https:\/\/lasentinelle.dz\/index.php\/2025\/09\/11\/la-rockeuse-du-desert-hasna-el-becharia-a-lhonneur-au-dzfest-une-icone-celebree\/#respond"]}]},{"@type":"WebPage","@id":"https:\/\/lasentinelle.dz\/index.php\/2025\/09\/11\/la-rockeuse-du-desert-hasna-el-becharia-a-lhonneur-au-dzfest-une-icone-celebree\/","url":"https:\/\/lasentinelle.dz\/index.php\/2025\/09\/11\/la-rockeuse-du-desert-hasna-el-becharia-a-lhonneur-au-dzfest-une-icone-celebree\/","name":"La \u00ab\u00a0rockeuse du d\u00e9sert\u00a0\u00bb Hasna El Becharia \u00e0 l\u2019honneur au DzFest\u00a0: Une ic\u00f4ne c\u00e9l\u00e9br\u00e9e - La Sentinelle","isPartOf":{"@id":"https:\/\/lasentinelle.dz\/#website"},"primaryImageOfPage":{"@id":"https:\/\/lasentinelle.dz\/index.php\/2025\/09\/11\/la-rockeuse-du-desert-hasna-el-becharia-a-lhonneur-au-dzfest-une-icone-celebree\/#primaryimage"},"image":{"@id":"https:\/\/lasentinelle.dz\/index.php\/2025\/09\/11\/la-rockeuse-du-desert-hasna-el-becharia-a-lhonneur-au-dzfest-une-icone-celebree\/#primaryimage"},"thumbnailUrl":"https:\/\/lasentinelle.dz\/wp-content\/uploads\/2024\/05\/Hasna-El-Bacharia.jpeg","datePublished":"2025-09-11T09:57:00+00:00","dateModified":"2025-09-12T18:58:13+00:00","breadcrumb":{"@id":"https:\/\/lasentinelle.dz\/index.php\/2025\/09\/11\/la-rockeuse-du-desert-hasna-el-becharia-a-lhonneur-au-dzfest-une-icone-celebree\/#breadcrumb"},"inLanguage":"fr-FR","potentialAction":[{"@type":"ReadAction","target":["https:\/\/lasentinelle.dz\/index.php\/2025\/09\/11\/la-rockeuse-du-desert-hasna-el-becharia-a-lhonneur-au-dzfest-une-icone-celebree\/"]}]},{"@type":"ImageObject","inLanguage":"fr-FR","@id":"https:\/\/lasentinelle.dz\/index.php\/2025\/09\/11\/la-rockeuse-du-desert-hasna-el-becharia-a-lhonneur-au-dzfest-une-icone-celebree\/#primaryimage","url":"https:\/\/lasentinelle.dz\/wp-content\/uploads\/2024\/05\/Hasna-El-Bacharia.jpeg","contentUrl":"https:\/\/lasentinelle.dz\/wp-content\/uploads\/2024\/05\/Hasna-El-Bacharia.jpeg","width":745,"height":470},{"@type":"BreadcrumbList","@id":"https:\/\/lasentinelle.dz\/index.php\/2025\/09\/11\/la-rockeuse-du-desert-hasna-el-becharia-a-lhonneur-au-dzfest-une-icone-celebree\/#breadcrumb","itemListElement":[{"@type":"ListItem","position":1,"name":"Accueil","item":"https:\/\/lasentinelle.dz\/"},{"@type":"ListItem","position":2,"name":"La \u00ab\u00a0rockeuse du d\u00e9sert\u00a0\u00bb Hasna El Becharia \u00e0 l\u2019honneur au DzFest\u00a0: Une ic\u00f4ne c\u00e9l\u00e9br\u00e9e"}]},{"@type":"WebSite","@id":"https:\/\/lasentinelle.dz\/#website","url":"https:\/\/lasentinelle.dz\/","name":"La Sentinelle","description":"Quotidien national d&#039;information","publisher":{"@id":"https:\/\/lasentinelle.dz\/#organization"},"potentialAction":[{"@type":"SearchAction","target":{"@type":"EntryPoint","urlTemplate":"https:\/\/lasentinelle.dz\/?s={search_term_string}"},"query-input":{"@type":"PropertyValueSpecification","valueRequired":true,"valueName":"search_term_string"}}],"inLanguage":"fr-FR"},{"@type":"Organization","@id":"https:\/\/lasentinelle.dz\/#organization","name":"Quotidien La Sentinelle","url":"https:\/\/lasentinelle.dz\/","logo":{"@type":"ImageObject","inLanguage":"fr-FR","@id":"https:\/\/lasentinelle.dz\/#\/schema\/logo\/image\/","url":"https:\/\/lasentinelle.dz\/wp-content\/uploads\/2021\/09\/logo-sentinelleSLOGAN-1.png","contentUrl":"https:\/\/lasentinelle.dz\/wp-content\/uploads\/2021\/09\/logo-sentinelleSLOGAN-1.png","width":615,"height":142,"caption":"Quotidien La Sentinelle"},"image":{"@id":"https:\/\/lasentinelle.dz\/#\/schema\/logo\/image\/"},"sameAs":["https:\/\/www.facebook.com\/La-Sentinelle-104059864394773"]},{"@type":"Person","@id":"https:\/\/lasentinelle.dz\/#\/schema\/person\/729ee0024f24e0b8c5ec17232f8e8b41","name":"admin","image":{"@type":"ImageObject","inLanguage":"fr-FR","@id":"https:\/\/secure.gravatar.com\/avatar\/4c81fed838786e9b53f540bf46533e750f5d292099ae3b66cfc6fb1982e29df7?s=96&d=mm&r=g","url":"https:\/\/secure.gravatar.com\/avatar\/4c81fed838786e9b53f540bf46533e750f5d292099ae3b66cfc6fb1982e29df7?s=96&d=mm&r=g","contentUrl":"https:\/\/secure.gravatar.com\/avatar\/4c81fed838786e9b53f540bf46533e750f5d292099ae3b66cfc6fb1982e29df7?s=96&d=mm&r=g","caption":"admin"},"description":"admin","url":"https:\/\/lasentinelle.dz\/author\/admin\/"}]}},"_links":{"self":[{"href":"https:\/\/lasentinelle.dz\/index.php\/wp-json\/wp\/v2\/posts\/73196","targetHints":{"allow":["GET"]}}],"collection":[{"href":"https:\/\/lasentinelle.dz\/index.php\/wp-json\/wp\/v2\/posts"}],"about":[{"href":"https:\/\/lasentinelle.dz\/index.php\/wp-json\/wp\/v2\/types\/post"}],"author":[{"embeddable":true,"href":"https:\/\/lasentinelle.dz\/index.php\/wp-json\/wp\/v2\/users\/6"}],"replies":[{"embeddable":true,"href":"https:\/\/lasentinelle.dz\/index.php\/wp-json\/wp\/v2\/comments?post=73196"}],"version-history":[{"count":2,"href":"https:\/\/lasentinelle.dz\/index.php\/wp-json\/wp\/v2\/posts\/73196\/revisions"}],"predecessor-version":[{"id":73198,"href":"https:\/\/lasentinelle.dz\/index.php\/wp-json\/wp\/v2\/posts\/73196\/revisions\/73198"}],"wp:featuredmedia":[{"embeddable":true,"href":"https:\/\/lasentinelle.dz\/index.php\/wp-json\/wp\/v2\/media\/52520"}],"wp:attachment":[{"href":"https:\/\/lasentinelle.dz\/index.php\/wp-json\/wp\/v2\/media?parent=73196"}],"wp:term":[{"taxonomy":"category","embeddable":true,"href":"https:\/\/lasentinelle.dz\/index.php\/wp-json\/wp\/v2\/categories?post=73196"},{"taxonomy":"post_tag","embeddable":true,"href":"https:\/\/lasentinelle.dz\/index.php\/wp-json\/wp\/v2\/tags?post=73196"}],"curies":[{"name":"wp","href":"https:\/\/api.w.org\/{rel}","templated":true}]}}