{"id":73199,"date":"2025-09-11T10:58:00","date_gmt":"2025-09-11T09:58:00","guid":{"rendered":"https:\/\/lasentinelle.dz\/?p=73199"},"modified":"2025-09-12T19:59:24","modified_gmt":"2025-09-12T18:59:24","slug":"opera-dalger-lafrique-a-lhonneur","status":"publish","type":"post","link":"https:\/\/lasentinelle.dz\/index.php\/2025\/09\/11\/opera-dalger-lafrique-a-lhonneur\/","title":{"rendered":"Op\u00e9ra d\u2019Alger\u00a0: L\u2019Afrique \u00e0 l\u2019honneur"},"content":{"rendered":"\n<p>L&rsquo;Op\u00e9ra d&rsquo;Alger Boualem-Bessa\u00efh s&rsquo;est transform\u00e9 en v\u00e9ritable temple de la fusion culturelle mardi soir, accueillant un m\u00e9ga concert exceptionnel d\u00e9di\u00e9 aux invit\u00e9s africains de la quatri\u00e8me Foire commerciale intra-africaine.<\/p>\n\n\n\n<p>Sous le th\u00e8me \u00e9vocateur \u00ab\u00a0l&rsquo;Afrique dans les bras de l&rsquo;Op\u00e9ra\u00a0\u00bb, cette soir\u00e9e musicale de pr\u00e8s de deux heures a brillamment illustr\u00e9 la richesse du patrimoine artistique continental, m\u00ealant avec virtuosit\u00e9 chefs-d&rsquo;\u0153uvre symphoniques universels, m\u00e9lodies andalouses s\u00e9culaires, vari\u00e9t\u00e9 alg\u00e9rienne authentique et chants populaires africains. L&rsquo;\u00e9v\u00e9nement, organis\u00e9 dans le cadre du programme culturel \u00ab\u00a0Canex\u00a0\u00bb accompagnant l&rsquo;IATF 2025, a r\u00e9uni un public nombreux en pr\u00e9sence du ministre de la Culture et des Arts Zouhir Ballalou, du directeur ex\u00e9cutif du Fonds pour le Patrimoine mondial africain, le Docteur Albino Jopela, et de l&rsquo;experte en Patrimoine mondial Rim Kelouaze. L&rsquo;Orchestre symphonique et la chorale polyphonique de l&rsquo;Op\u00e9ra d&rsquo;Alger, magistralement dirig\u00e9s par le maestro Lotfi Sa\u00efdi, ont port\u00e9 cette \u00ab\u00a0randonn\u00e9e onirique\u00a0\u00bb compos\u00e9e d&rsquo;une dizaine de stations artistiques, offrant un voyage musical transcendant les fronti\u00e8res g\u00e9ographiques et temporelles. La programmation a r\u00e9v\u00e9l\u00e9 une pl\u00e9iade de jeunes talents alg\u00e9riens, chacun apportant sa couleur unique \u00e0 cette mosa\u00efque sonore. La soprano Dina Sirine Khiari et le t\u00e9nor Billel Sahraoui ont sublim\u00e9 les extraits de compositeurs l\u00e9gendaires, rendant hommage au \u00ab\u00a0g\u00e9nie cr\u00e9atif\u00a0\u00bb de Gioacchino Rossini, Francesco Sartori, Georges Bizet, Eduardo Di Capua et Giuseppe Verdi, d\u00e9montrant la capacit\u00e9 de la nouvelle g\u00e9n\u00e9ration \u00e0 porter l&rsquo;h\u00e9ritage lyrique mondial. Sabrina Lounis Khodja a transport\u00e9 l&rsquo;assistance dans l&rsquo;univers raffin\u00e9 de la musique andalouse, tandis que le violoniste virtuose Fakhr-eddine Mahala a fait revivre \u00ab\u00a0la voix pleine et m\u00e9lodieuse\u00a0\u00bb d&rsquo;Ahmed Wahbi \u00e0 travers son archet inspir\u00e9. L&rsquo;\u00e9motion a atteint son paroxysme avec Djamila Mansouri, dont \u00ab\u00a0la voix cristalline\u00a0\u00bb a r\u00e9veill\u00e9 le souvenir du regrett\u00e9 Othmane Bali, incarnant parfaitement l&rsquo;\u00e2me du Sud alg\u00e9rien. Zouhir Mazari, quittant exceptionnellement sa \u00ab\u00a0casquette de chef de Ch\u0153ur\u00a0\u00bb pour endosser \u00ab\u00a0celle d&rsquo;un cheikh de la chanson cha\u00e2bi\u00a0\u00bb, a rendu un hommage poignant \u00e0 Cheikh El Yamine Ha\u00efmoune en interpr\u00e9tant des \u00ab\u00a0pi\u00e8ces d&rsquo;anthologie\u00a0\u00bb du genre cha\u00e2bi. L&rsquo;apoth\u00e9ose de cette soir\u00e9e m\u00e9morable s&rsquo;est cristallis\u00e9e autour de \u00ab\u00a0Carmina Burana\u00a0\u00bb de Karl Orff, \u0153uvre sur laquelle le regrett\u00e9 professeur Rabah Kadem avait greff\u00e9 un texte aux \u00ab\u00a0consonances et intonations patriotiques\u00a0\u00bb, \u00e9voquant \u00ab\u00a0avec force, la r\u00e9silience du peuple alg\u00e9rien \u00e0 en d\u00e9coudre avec les abjections et la barbarie de l&rsquo;occupant fran\u00e7ais\u00a0\u00bb. Cette fusion audacieuse entre patrimoine musical universel et conscience nationale a particuli\u00e8rement marqu\u00e9 un public qui \u00ab\u00a0a eu du bon r\u00e9pondant\u00a0\u00bb tout au long de la repr\u00e9sentation. La dimension panafricaine de l&rsquo;\u00e9v\u00e9nement s&rsquo;est pleinement exprim\u00e9e lors de la derni\u00e8re partie, moment de communion extraordinaire o\u00f9 l&rsquo;assistance a interagi avec l&rsquo;Orchestre symphonique et le Ch\u0153ur polyphonique pour interpr\u00e9ter des pi\u00e8ces de l&rsquo;ic\u00f4ne sud-africaine Miriam Makeba, symbole de la lutte contre l&rsquo;apartheid et ambassadrice de la musique africaine dans le monde. Cette s\u00e9quence participative a parfaitement incarn\u00e9 l&rsquo;esprit de fraternit\u00e9 et d&rsquo;unit\u00e9 continentale qui anime l&rsquo;IATF 2025, transformant la salle d&rsquo;op\u00e9ra en un v\u00e9ritable creuset de rencontres culturelles. \u00c0 l&rsquo;issue de ce spectacle qui restera grav\u00e9 dans les m\u00e9moires, des troph\u00e9es et distinctions honorifiques ont \u00e9t\u00e9 remis aux artistes, reconnaissance officielle d&rsquo;une prestation qui a su \u00ab\u00a0donner du plaisir au public\u00a0\u00bb en cette veille de cl\u00f4ture de la foire commerciale.<\/p>\n\n\n\n<p>Mohand Seghir<\/p>\n","protected":false},"excerpt":{"rendered":"<p>L&rsquo;Op\u00e9ra d&rsquo;Alger Boualem-Bessa\u00efh s&rsquo;est transform\u00e9 en v\u00e9ritable temple de la fusion culturelle mardi soir, accueillant un m\u00e9ga concert exceptionnel d\u00e9di\u00e9<\/p>\n","protected":false},"author":6,"featured_media":73200,"comment_status":"open","ping_status":"closed","sticky":false,"template":"","format":"standard","meta":{"colormag_page_container_layout":"default_layout","colormag_page_sidebar_layout":"default_layout","om_disable_all_campaigns":false,"_monsterinsights_skip_tracking":false,"_monsterinsights_sitenote_active":false,"_monsterinsights_sitenote_note":"","_monsterinsights_sitenote_category":0,"footnotes":"","_wpscppro_dont_share_socialmedia":false,"_wpscppro_custom_social_share_image":0,"_facebook_share_type":"default","_twitter_share_type":"default","_linkedin_share_type":"default","_pinterest_share_type":"default","_linkedin_share_type_page":"","_instagram_share_type":"default","_medium_share_type":"default","_threads_share_type":"default","_google_business_share_type":"default","_selected_social_profile":[],"_wpsp_enable_custom_social_template":false,"_wpsp_social_scheduling":{"enabled":false,"datetime":null,"platforms":[],"status":"template_only","dateOption":"today","timeOption":"now","customDays":"","customHours":"","customDate":"","customTime":"","schedulingType":"absolute"},"_wpsp_active_default_template":true},"categories":[36],"tags":[],"class_list":["post-73199","post","type-post","status-publish","format-standard","has-post-thumbnail","hentry","category-culture"],"aioseo_notices":[],"yoast_head":"<!-- This site is optimized with the Yoast SEO plugin v27.5 - https:\/\/yoast.com\/product\/yoast-seo-wordpress\/ -->\n<title>Op\u00e9ra d\u2019Alger\u00a0: L\u2019Afrique \u00e0 l\u2019honneur - La Sentinelle<\/title>\n<meta name=\"robots\" content=\"index, follow, max-snippet:-1, max-image-preview:large, max-video-preview:-1\" \/>\n<link rel=\"canonical\" href=\"https:\/\/lasentinelle.dz\/index.php\/2025\/09\/11\/opera-dalger-lafrique-a-lhonneur\/\" \/>\n<meta property=\"og:locale\" content=\"fr_FR\" \/>\n<meta property=\"og:type\" content=\"article\" \/>\n<meta property=\"og:title\" content=\"Op\u00e9ra d\u2019Alger\u00a0: L\u2019Afrique \u00e0 l\u2019honneur - La Sentinelle\" \/>\n<meta property=\"og:description\" content=\"L&rsquo;Op\u00e9ra d&rsquo;Alger Boualem-Bessa\u00efh s&rsquo;est transform\u00e9 en v\u00e9ritable temple de la fusion culturelle mardi soir, accueillant un m\u00e9ga concert exceptionnel d\u00e9di\u00e9\" \/>\n<meta property=\"og:url\" content=\"https:\/\/lasentinelle.dz\/index.php\/2025\/09\/11\/opera-dalger-lafrique-a-lhonneur\/\" \/>\n<meta property=\"og:site_name\" content=\"La Sentinelle\" \/>\n<meta property=\"article:publisher\" content=\"https:\/\/www.facebook.com\/La-Sentinelle-104059864394773\" \/>\n<meta property=\"article:published_time\" content=\"2025-09-11T09:58:00+00:00\" \/>\n<meta property=\"article:modified_time\" content=\"2025-09-12T18:59:24+00:00\" \/>\n<meta property=\"og:image\" content=\"https:\/\/lasentinelle.dz\/wp-content\/uploads\/2025\/09\/opera.jpg\" \/>\n\t<meta property=\"og:image:width\" content=\"2048\" \/>\n\t<meta property=\"og:image:height\" content=\"1152\" \/>\n\t<meta property=\"og:image:type\" content=\"image\/jpeg\" \/>\n<meta name=\"author\" content=\"admin\" \/>\n<meta name=\"twitter:card\" content=\"summary_large_image\" \/>\n<meta name=\"twitter:label1\" content=\"\u00c9crit par\" \/>\n\t<meta name=\"twitter:data1\" content=\"admin\" \/>\n\t<meta name=\"twitter:label2\" content=\"Dur\u00e9e de lecture estim\u00e9e\" \/>\n\t<meta name=\"twitter:data2\" content=\"3 minutes\" \/>\n<script type=\"application\/ld+json\" class=\"yoast-schema-graph\">{\"@context\":\"https:\\\/\\\/schema.org\",\"@graph\":[{\"@type\":\"Article\",\"@id\":\"https:\\\/\\\/lasentinelle.dz\\\/index.php\\\/2025\\\/09\\\/11\\\/opera-dalger-lafrique-a-lhonneur\\\/#article\",\"isPartOf\":{\"@id\":\"https:\\\/\\\/lasentinelle.dz\\\/index.php\\\/2025\\\/09\\\/11\\\/opera-dalger-lafrique-a-lhonneur\\\/\"},\"author\":{\"name\":\"admin\",\"@id\":\"https:\\\/\\\/lasentinelle.dz\\\/#\\\/schema\\\/person\\\/729ee0024f24e0b8c5ec17232f8e8b41\"},\"headline\":\"Op\u00e9ra d\u2019Alger\u00a0: L\u2019Afrique \u00e0 l\u2019honneur\",\"datePublished\":\"2025-09-11T09:58:00+00:00\",\"dateModified\":\"2025-09-12T18:59:24+00:00\",\"mainEntityOfPage\":{\"@id\":\"https:\\\/\\\/lasentinelle.dz\\\/index.php\\\/2025\\\/09\\\/11\\\/opera-dalger-lafrique-a-lhonneur\\\/\"},\"wordCount\":634,\"commentCount\":0,\"publisher\":{\"@id\":\"https:\\\/\\\/lasentinelle.dz\\\/#organization\"},\"image\":{\"@id\":\"https:\\\/\\\/lasentinelle.dz\\\/index.php\\\/2025\\\/09\\\/11\\\/opera-dalger-lafrique-a-lhonneur\\\/#primaryimage\"},\"thumbnailUrl\":\"https:\\\/\\\/lasentinelle.dz\\\/wp-content\\\/uploads\\\/2025\\\/09\\\/opera.jpg\",\"articleSection\":[\"Culture\"],\"inLanguage\":\"fr-FR\",\"potentialAction\":[{\"@type\":\"CommentAction\",\"name\":\"Comment\",\"target\":[\"https:\\\/\\\/lasentinelle.dz\\\/index.php\\\/2025\\\/09\\\/11\\\/opera-dalger-lafrique-a-lhonneur\\\/#respond\"]}]},{\"@type\":\"WebPage\",\"@id\":\"https:\\\/\\\/lasentinelle.dz\\\/index.php\\\/2025\\\/09\\\/11\\\/opera-dalger-lafrique-a-lhonneur\\\/\",\"url\":\"https:\\\/\\\/lasentinelle.dz\\\/index.php\\\/2025\\\/09\\\/11\\\/opera-dalger-lafrique-a-lhonneur\\\/\",\"name\":\"Op\u00e9ra d\u2019Alger\u00a0: L\u2019Afrique \u00e0 l\u2019honneur - La Sentinelle\",\"isPartOf\":{\"@id\":\"https:\\\/\\\/lasentinelle.dz\\\/#website\"},\"primaryImageOfPage\":{\"@id\":\"https:\\\/\\\/lasentinelle.dz\\\/index.php\\\/2025\\\/09\\\/11\\\/opera-dalger-lafrique-a-lhonneur\\\/#primaryimage\"},\"image\":{\"@id\":\"https:\\\/\\\/lasentinelle.dz\\\/index.php\\\/2025\\\/09\\\/11\\\/opera-dalger-lafrique-a-lhonneur\\\/#primaryimage\"},\"thumbnailUrl\":\"https:\\\/\\\/lasentinelle.dz\\\/wp-content\\\/uploads\\\/2025\\\/09\\\/opera.jpg\",\"datePublished\":\"2025-09-11T09:58:00+00:00\",\"dateModified\":\"2025-09-12T18:59:24+00:00\",\"breadcrumb\":{\"@id\":\"https:\\\/\\\/lasentinelle.dz\\\/index.php\\\/2025\\\/09\\\/11\\\/opera-dalger-lafrique-a-lhonneur\\\/#breadcrumb\"},\"inLanguage\":\"fr-FR\",\"potentialAction\":[{\"@type\":\"ReadAction\",\"target\":[\"https:\\\/\\\/lasentinelle.dz\\\/index.php\\\/2025\\\/09\\\/11\\\/opera-dalger-lafrique-a-lhonneur\\\/\"]}]},{\"@type\":\"ImageObject\",\"inLanguage\":\"fr-FR\",\"@id\":\"https:\\\/\\\/lasentinelle.dz\\\/index.php\\\/2025\\\/09\\\/11\\\/opera-dalger-lafrique-a-lhonneur\\\/#primaryimage\",\"url\":\"https:\\\/\\\/lasentinelle.dz\\\/wp-content\\\/uploads\\\/2025\\\/09\\\/opera.jpg\",\"contentUrl\":\"https:\\\/\\\/lasentinelle.dz\\\/wp-content\\\/uploads\\\/2025\\\/09\\\/opera.jpg\",\"width\":2048,\"height\":1152},{\"@type\":\"BreadcrumbList\",\"@id\":\"https:\\\/\\\/lasentinelle.dz\\\/index.php\\\/2025\\\/09\\\/11\\\/opera-dalger-lafrique-a-lhonneur\\\/#breadcrumb\",\"itemListElement\":[{\"@type\":\"ListItem\",\"position\":1,\"name\":\"Accueil\",\"item\":\"https:\\\/\\\/lasentinelle.dz\\\/\"},{\"@type\":\"ListItem\",\"position\":2,\"name\":\"Op\u00e9ra d\u2019Alger\u00a0: L\u2019Afrique \u00e0 l\u2019honneur\"}]},{\"@type\":\"WebSite\",\"@id\":\"https:\\\/\\\/lasentinelle.dz\\\/#website\",\"url\":\"https:\\\/\\\/lasentinelle.dz\\\/\",\"name\":\"La Sentinelle\",\"description\":\"Quotidien national d&#039;information\",\"publisher\":{\"@id\":\"https:\\\/\\\/lasentinelle.dz\\\/#organization\"},\"potentialAction\":[{\"@type\":\"SearchAction\",\"target\":{\"@type\":\"EntryPoint\",\"urlTemplate\":\"https:\\\/\\\/lasentinelle.dz\\\/?s={search_term_string}\"},\"query-input\":{\"@type\":\"PropertyValueSpecification\",\"valueRequired\":true,\"valueName\":\"search_term_string\"}}],\"inLanguage\":\"fr-FR\"},{\"@type\":\"Organization\",\"@id\":\"https:\\\/\\\/lasentinelle.dz\\\/#organization\",\"name\":\"Quotidien La Sentinelle\",\"url\":\"https:\\\/\\\/lasentinelle.dz\\\/\",\"logo\":{\"@type\":\"ImageObject\",\"inLanguage\":\"fr-FR\",\"@id\":\"https:\\\/\\\/lasentinelle.dz\\\/#\\\/schema\\\/logo\\\/image\\\/\",\"url\":\"https:\\\/\\\/lasentinelle.dz\\\/wp-content\\\/uploads\\\/2021\\\/09\\\/logo-sentinelleSLOGAN-1.png\",\"contentUrl\":\"https:\\\/\\\/lasentinelle.dz\\\/wp-content\\\/uploads\\\/2021\\\/09\\\/logo-sentinelleSLOGAN-1.png\",\"width\":615,\"height\":142,\"caption\":\"Quotidien La Sentinelle\"},\"image\":{\"@id\":\"https:\\\/\\\/lasentinelle.dz\\\/#\\\/schema\\\/logo\\\/image\\\/\"},\"sameAs\":[\"https:\\\/\\\/www.facebook.com\\\/La-Sentinelle-104059864394773\"]},{\"@type\":\"Person\",\"@id\":\"https:\\\/\\\/lasentinelle.dz\\\/#\\\/schema\\\/person\\\/729ee0024f24e0b8c5ec17232f8e8b41\",\"name\":\"admin\",\"image\":{\"@type\":\"ImageObject\",\"inLanguage\":\"fr-FR\",\"@id\":\"https:\\\/\\\/secure.gravatar.com\\\/avatar\\\/4c81fed838786e9b53f540bf46533e750f5d292099ae3b66cfc6fb1982e29df7?s=96&d=mm&r=g\",\"url\":\"https:\\\/\\\/secure.gravatar.com\\\/avatar\\\/4c81fed838786e9b53f540bf46533e750f5d292099ae3b66cfc6fb1982e29df7?s=96&d=mm&r=g\",\"contentUrl\":\"https:\\\/\\\/secure.gravatar.com\\\/avatar\\\/4c81fed838786e9b53f540bf46533e750f5d292099ae3b66cfc6fb1982e29df7?s=96&d=mm&r=g\",\"caption\":\"admin\"},\"description\":\"admin\",\"url\":\"https:\\\/\\\/lasentinelle.dz\\\/author\\\/admin\\\/\"}]}<\/script>\n<!-- \/ Yoast SEO plugin. -->","yoast_head_json":{"title":"Op\u00e9ra d\u2019Alger\u00a0: L\u2019Afrique \u00e0 l\u2019honneur - La Sentinelle","robots":{"index":"index","follow":"follow","max-snippet":"max-snippet:-1","max-image-preview":"max-image-preview:large","max-video-preview":"max-video-preview:-1"},"canonical":"https:\/\/lasentinelle.dz\/index.php\/2025\/09\/11\/opera-dalger-lafrique-a-lhonneur\/","og_locale":"fr_FR","og_type":"article","og_title":"Op\u00e9ra d\u2019Alger\u00a0: L\u2019Afrique \u00e0 l\u2019honneur - La Sentinelle","og_description":"L&rsquo;Op\u00e9ra d&rsquo;Alger Boualem-Bessa\u00efh s&rsquo;est transform\u00e9 en v\u00e9ritable temple de la fusion culturelle mardi soir, accueillant un m\u00e9ga concert exceptionnel d\u00e9di\u00e9","og_url":"https:\/\/lasentinelle.dz\/index.php\/2025\/09\/11\/opera-dalger-lafrique-a-lhonneur\/","og_site_name":"La Sentinelle","article_publisher":"https:\/\/www.facebook.com\/La-Sentinelle-104059864394773","article_published_time":"2025-09-11T09:58:00+00:00","article_modified_time":"2025-09-12T18:59:24+00:00","og_image":[{"width":2048,"height":1152,"url":"https:\/\/lasentinelle.dz\/wp-content\/uploads\/2025\/09\/opera.jpg","type":"image\/jpeg"}],"author":"admin","twitter_card":"summary_large_image","twitter_misc":{"\u00c9crit par":"admin","Dur\u00e9e de lecture estim\u00e9e":"3 minutes"},"schema":{"@context":"https:\/\/schema.org","@graph":[{"@type":"Article","@id":"https:\/\/lasentinelle.dz\/index.php\/2025\/09\/11\/opera-dalger-lafrique-a-lhonneur\/#article","isPartOf":{"@id":"https:\/\/lasentinelle.dz\/index.php\/2025\/09\/11\/opera-dalger-lafrique-a-lhonneur\/"},"author":{"name":"admin","@id":"https:\/\/lasentinelle.dz\/#\/schema\/person\/729ee0024f24e0b8c5ec17232f8e8b41"},"headline":"Op\u00e9ra d\u2019Alger\u00a0: L\u2019Afrique \u00e0 l\u2019honneur","datePublished":"2025-09-11T09:58:00+00:00","dateModified":"2025-09-12T18:59:24+00:00","mainEntityOfPage":{"@id":"https:\/\/lasentinelle.dz\/index.php\/2025\/09\/11\/opera-dalger-lafrique-a-lhonneur\/"},"wordCount":634,"commentCount":0,"publisher":{"@id":"https:\/\/lasentinelle.dz\/#organization"},"image":{"@id":"https:\/\/lasentinelle.dz\/index.php\/2025\/09\/11\/opera-dalger-lafrique-a-lhonneur\/#primaryimage"},"thumbnailUrl":"https:\/\/lasentinelle.dz\/wp-content\/uploads\/2025\/09\/opera.jpg","articleSection":["Culture"],"inLanguage":"fr-FR","potentialAction":[{"@type":"CommentAction","name":"Comment","target":["https:\/\/lasentinelle.dz\/index.php\/2025\/09\/11\/opera-dalger-lafrique-a-lhonneur\/#respond"]}]},{"@type":"WebPage","@id":"https:\/\/lasentinelle.dz\/index.php\/2025\/09\/11\/opera-dalger-lafrique-a-lhonneur\/","url":"https:\/\/lasentinelle.dz\/index.php\/2025\/09\/11\/opera-dalger-lafrique-a-lhonneur\/","name":"Op\u00e9ra d\u2019Alger\u00a0: L\u2019Afrique \u00e0 l\u2019honneur - La Sentinelle","isPartOf":{"@id":"https:\/\/lasentinelle.dz\/#website"},"primaryImageOfPage":{"@id":"https:\/\/lasentinelle.dz\/index.php\/2025\/09\/11\/opera-dalger-lafrique-a-lhonneur\/#primaryimage"},"image":{"@id":"https:\/\/lasentinelle.dz\/index.php\/2025\/09\/11\/opera-dalger-lafrique-a-lhonneur\/#primaryimage"},"thumbnailUrl":"https:\/\/lasentinelle.dz\/wp-content\/uploads\/2025\/09\/opera.jpg","datePublished":"2025-09-11T09:58:00+00:00","dateModified":"2025-09-12T18:59:24+00:00","breadcrumb":{"@id":"https:\/\/lasentinelle.dz\/index.php\/2025\/09\/11\/opera-dalger-lafrique-a-lhonneur\/#breadcrumb"},"inLanguage":"fr-FR","potentialAction":[{"@type":"ReadAction","target":["https:\/\/lasentinelle.dz\/index.php\/2025\/09\/11\/opera-dalger-lafrique-a-lhonneur\/"]}]},{"@type":"ImageObject","inLanguage":"fr-FR","@id":"https:\/\/lasentinelle.dz\/index.php\/2025\/09\/11\/opera-dalger-lafrique-a-lhonneur\/#primaryimage","url":"https:\/\/lasentinelle.dz\/wp-content\/uploads\/2025\/09\/opera.jpg","contentUrl":"https:\/\/lasentinelle.dz\/wp-content\/uploads\/2025\/09\/opera.jpg","width":2048,"height":1152},{"@type":"BreadcrumbList","@id":"https:\/\/lasentinelle.dz\/index.php\/2025\/09\/11\/opera-dalger-lafrique-a-lhonneur\/#breadcrumb","itemListElement":[{"@type":"ListItem","position":1,"name":"Accueil","item":"https:\/\/lasentinelle.dz\/"},{"@type":"ListItem","position":2,"name":"Op\u00e9ra d\u2019Alger\u00a0: L\u2019Afrique \u00e0 l\u2019honneur"}]},{"@type":"WebSite","@id":"https:\/\/lasentinelle.dz\/#website","url":"https:\/\/lasentinelle.dz\/","name":"La Sentinelle","description":"Quotidien national d&#039;information","publisher":{"@id":"https:\/\/lasentinelle.dz\/#organization"},"potentialAction":[{"@type":"SearchAction","target":{"@type":"EntryPoint","urlTemplate":"https:\/\/lasentinelle.dz\/?s={search_term_string}"},"query-input":{"@type":"PropertyValueSpecification","valueRequired":true,"valueName":"search_term_string"}}],"inLanguage":"fr-FR"},{"@type":"Organization","@id":"https:\/\/lasentinelle.dz\/#organization","name":"Quotidien La Sentinelle","url":"https:\/\/lasentinelle.dz\/","logo":{"@type":"ImageObject","inLanguage":"fr-FR","@id":"https:\/\/lasentinelle.dz\/#\/schema\/logo\/image\/","url":"https:\/\/lasentinelle.dz\/wp-content\/uploads\/2021\/09\/logo-sentinelleSLOGAN-1.png","contentUrl":"https:\/\/lasentinelle.dz\/wp-content\/uploads\/2021\/09\/logo-sentinelleSLOGAN-1.png","width":615,"height":142,"caption":"Quotidien La Sentinelle"},"image":{"@id":"https:\/\/lasentinelle.dz\/#\/schema\/logo\/image\/"},"sameAs":["https:\/\/www.facebook.com\/La-Sentinelle-104059864394773"]},{"@type":"Person","@id":"https:\/\/lasentinelle.dz\/#\/schema\/person\/729ee0024f24e0b8c5ec17232f8e8b41","name":"admin","image":{"@type":"ImageObject","inLanguage":"fr-FR","@id":"https:\/\/secure.gravatar.com\/avatar\/4c81fed838786e9b53f540bf46533e750f5d292099ae3b66cfc6fb1982e29df7?s=96&d=mm&r=g","url":"https:\/\/secure.gravatar.com\/avatar\/4c81fed838786e9b53f540bf46533e750f5d292099ae3b66cfc6fb1982e29df7?s=96&d=mm&r=g","contentUrl":"https:\/\/secure.gravatar.com\/avatar\/4c81fed838786e9b53f540bf46533e750f5d292099ae3b66cfc6fb1982e29df7?s=96&d=mm&r=g","caption":"admin"},"description":"admin","url":"https:\/\/lasentinelle.dz\/author\/admin\/"}]}},"_links":{"self":[{"href":"https:\/\/lasentinelle.dz\/index.php\/wp-json\/wp\/v2\/posts\/73199","targetHints":{"allow":["GET"]}}],"collection":[{"href":"https:\/\/lasentinelle.dz\/index.php\/wp-json\/wp\/v2\/posts"}],"about":[{"href":"https:\/\/lasentinelle.dz\/index.php\/wp-json\/wp\/v2\/types\/post"}],"author":[{"embeddable":true,"href":"https:\/\/lasentinelle.dz\/index.php\/wp-json\/wp\/v2\/users\/6"}],"replies":[{"embeddable":true,"href":"https:\/\/lasentinelle.dz\/index.php\/wp-json\/wp\/v2\/comments?post=73199"}],"version-history":[{"count":1,"href":"https:\/\/lasentinelle.dz\/index.php\/wp-json\/wp\/v2\/posts\/73199\/revisions"}],"predecessor-version":[{"id":73201,"href":"https:\/\/lasentinelle.dz\/index.php\/wp-json\/wp\/v2\/posts\/73199\/revisions\/73201"}],"wp:featuredmedia":[{"embeddable":true,"href":"https:\/\/lasentinelle.dz\/index.php\/wp-json\/wp\/v2\/media\/73200"}],"wp:attachment":[{"href":"https:\/\/lasentinelle.dz\/index.php\/wp-json\/wp\/v2\/media?parent=73199"}],"wp:term":[{"taxonomy":"category","embeddable":true,"href":"https:\/\/lasentinelle.dz\/index.php\/wp-json\/wp\/v2\/categories?post=73199"},{"taxonomy":"post_tag","embeddable":true,"href":"https:\/\/lasentinelle.dz\/index.php\/wp-json\/wp\/v2\/tags?post=73199"}],"curies":[{"name":"wp","href":"https:\/\/api.w.org\/{rel}","templated":true}]}}