{"id":73202,"date":"2025-09-11T11:17:00","date_gmt":"2025-09-11T10:17:00","guid":{"rendered":"https:\/\/lasentinelle.dz\/?p=73202"},"modified":"2025-09-12T20:19:08","modified_gmt":"2025-09-12T19:19:08","slug":"handball-feminin-u17-oran-accueille-la-21e-edition-du-championnat-dafrique","status":"publish","type":"post","link":"https:\/\/lasentinelle.dz\/index.php\/2025\/09\/11\/handball-feminin-u17-oran-accueille-la-21e-edition-du-championnat-dafrique\/","title":{"rendered":"Handball f\u00e9minin U17\u00a0: Oran accueille la 21e \u00e9dition du Championnat d&rsquo;Afrique"},"content":{"rendered":"\n<p>La ville d&rsquo;Oran s&rsquo;appr\u00eate \u00e0 vibrer au rythme du handball continental avec l&rsquo;organisation de la 21e \u00e9dition du Championnat d&rsquo;Afrique des Nations f\u00e9minin U17, programm\u00e9e du 14 au 21 septembre. La Conf\u00e9d\u00e9ration africaine de handball a officiellement d\u00e9voil\u00e9 le programme complet de cette comp\u00e9tition majeure qui rassemblera onze s\u00e9lections nationales dans une course effr\u00e9n\u00e9e vers les quatre places qualificatives pour le Mondial 2026.&nbsp; L&rsquo;Alg\u00e9rie, pays organisateur, \u00e9voluera dans le groupe B aux c\u00f4t\u00e9s de formations redoutables : l&rsquo;\u00c9gypte, grande nation du handball africain, la Guin\u00e9e, le Burkina Faso et la Zambie. Cette poule s&rsquo;annonce particuli\u00e8rement relev\u00e9e avec la pr\u00e9sence des Pharaonnes \u00e9gyptiennes, habitu\u00e9es aux sommets continentaux. De son c\u00f4t\u00e9, le groupe A r\u00e9unit l&rsquo;Angola, nation dominatrice du handball f\u00e9minin africain, la Tunisie, le Nigeria, le B\u00e9nin, le Kenya et Madagascar, constituant un plateau tout aussi comp\u00e9titif. Les hostilit\u00e9s d\u00e9buteront d\u00e8s le 14 septembre avec une premi\u00e8re journ\u00e9e riche en confrontations directes. L&rsquo;Alg\u00e9rie ouvrira son tournoi face au Burkina Faso \u00e0 dix-huit heures dans la salle omnisports Miloud-Hadefi, tandis que les autres affiches de cette journ\u00e9e inaugurale opposeront notamment le Kenya \u00e0 la Tunisie et l&rsquo;Angola au B\u00e9nin. Les rencontres se d\u00e9rouleront alternativement entre la salle omnisports du complexe Miloud-Hadefi et le palais des sports Hamou-Boutl\u00e9lis, deux infrastructures embl\u00e9matiques de la capitale de l&rsquo;Ouest alg\u00e9rien. La formule de la comp\u00e9tition pr\u00e9voit une phase de groupes compl\u00e8te o\u00f9 chaque \u00e9quipe affrontera l&rsquo;ensemble de ses adversaires de poule sur cinq journ\u00e9es. Les deux premiers de chaque groupe acc\u00e9deront directement aux demi-finales pr\u00e9vues le 20 septembre, tandis que les autres formations disputeront des matchs de classement d\u00e9terminants pour l&rsquo;ordre final du tournoi. Cette organisation garantit \u00e0 toutes les s\u00e9lections un minimum de cinq rencontres, permettant aux jeunes handballeuses de s&rsquo;aguerrir face \u00e0 des adversaires de diff\u00e9rents niveaux.<\/p>\n\n\n\n<p>L&rsquo;enjeu sportif d\u00e9passe largement le prestige continental puisque les quatre meilleures nations de cette \u00e9dition oranaise d\u00e9crocheront leur billet pour le Championnat du monde 2026. Cette perspective mondiale ajoute une dimension suppl\u00e9mentaire \u00e0 chaque confrontation, transformant chaque match en une bataille acharn\u00e9e pour la qualification. L&rsquo;Angola, triple championne d&rsquo;Afrique en titre dans cette cat\u00e9gorie, fera figure de grande favorite, mais devra composer avec la concurrence tunisienne et \u00e9gyptienne, traditionnellement performantes dans les comp\u00e9titions de jeunes. Les Vertes devront toutefois se m\u00e9fier d&rsquo;une \u00c9gypte redoutable et d&rsquo;une Guin\u00e9e en pleine progression. Le calendrier alg\u00e9rien s&rsquo;annonce progressif avec des \u00e9ch\u00e9ances cruciales face \u00e0 l&rsquo;\u00c9gypte d\u00e8s la deuxi\u00e8me journ\u00e9e, puis contre la Zambie et la Guin\u00e9e lors des journ\u00e9es suivantes.<\/p>\n\n\n\n<p>La pause programm\u00e9e le 17 septembre permettra aux \u00e9quipes de r\u00e9cup\u00e9rer et d&rsquo;ajuster leurs strat\u00e9gies avant l&rsquo;entr\u00e9e dans la phase d\u00e9cisive. Les demi-finales du 20 septembre confronteront les premiers de chaque groupe aux deuxi\u00e8mes de l&rsquo;autre poule, offrant potentiellement des chocs entre les t\u00e9nors du handball africain. La finale, pr\u00e9vue le 21 septembre \u00e0 dix-huit heures dans la salle Miloud-Hadefi, couronnera la meilleure formation continentale de cette g\u00e9n\u00e9ration 2008.<\/p>\n\n\n\n<p>M.D.<\/p>\n","protected":false},"excerpt":{"rendered":"<p>La ville d&rsquo;Oran s&rsquo;appr\u00eate \u00e0 vibrer au rythme du handball continental avec l&rsquo;organisation de la 21e \u00e9dition du Championnat d&rsquo;Afrique<\/p>\n","protected":false},"author":6,"featured_media":67538,"comment_status":"open","ping_status":"closed","sticky":false,"template":"","format":"standard","meta":{"colormag_page_container_layout":"default_layout","colormag_page_sidebar_layout":"default_layout","om_disable_all_campaigns":false,"_monsterinsights_skip_tracking":false,"_monsterinsights_sitenote_active":false,"_monsterinsights_sitenote_note":"","_monsterinsights_sitenote_category":0,"footnotes":"","_wpscppro_dont_share_socialmedia":false,"_wpscppro_custom_social_share_image":0,"_facebook_share_type":"default","_twitter_share_type":"default","_linkedin_share_type":"default","_pinterest_share_type":"default","_linkedin_share_type_page":"","_instagram_share_type":"default","_medium_share_type":"default","_threads_share_type":"default","_google_business_share_type":"default","_selected_social_profile":[],"_wpsp_enable_custom_social_template":false,"_wpsp_social_scheduling":{"enabled":false,"datetime":null,"platforms":[],"status":"template_only","dateOption":"today","timeOption":"now","customDays":"","customHours":"","customDate":"","customTime":"","schedulingType":"absolute"},"_wpsp_active_default_template":true},"categories":[33],"tags":[],"class_list":["post-73202","post","type-post","status-publish","format-standard","has-post-thumbnail","hentry","category-sports"],"aioseo_notices":[],"yoast_head":"<!-- This site is optimized with the Yoast SEO plugin v27.5 - https:\/\/yoast.com\/product\/yoast-seo-wordpress\/ -->\n<title>Handball f\u00e9minin U17\u00a0: Oran accueille la 21e \u00e9dition du Championnat d&rsquo;Afrique - La Sentinelle<\/title>\n<meta name=\"robots\" content=\"index, follow, max-snippet:-1, max-image-preview:large, max-video-preview:-1\" \/>\n<link rel=\"canonical\" href=\"https:\/\/lasentinelle.dz\/index.php\/2025\/09\/11\/handball-feminin-u17-oran-accueille-la-21e-edition-du-championnat-dafrique\/\" \/>\n<meta property=\"og:locale\" content=\"fr_FR\" \/>\n<meta property=\"og:type\" content=\"article\" \/>\n<meta property=\"og:title\" content=\"Handball f\u00e9minin U17\u00a0: Oran accueille la 21e \u00e9dition du Championnat d&rsquo;Afrique - La Sentinelle\" \/>\n<meta property=\"og:description\" content=\"La ville d&rsquo;Oran s&rsquo;appr\u00eate \u00e0 vibrer au rythme du handball continental avec l&rsquo;organisation de la 21e \u00e9dition du Championnat d&rsquo;Afrique\" \/>\n<meta property=\"og:url\" content=\"https:\/\/lasentinelle.dz\/index.php\/2025\/09\/11\/handball-feminin-u17-oran-accueille-la-21e-edition-du-championnat-dafrique\/\" \/>\n<meta property=\"og:site_name\" content=\"La Sentinelle\" \/>\n<meta property=\"article:publisher\" content=\"https:\/\/www.facebook.com\/La-Sentinelle-104059864394773\" \/>\n<meta property=\"article:published_time\" content=\"2025-09-11T10:17:00+00:00\" \/>\n<meta property=\"article:modified_time\" content=\"2025-09-12T19:19:08+00:00\" \/>\n<meta property=\"og:image\" content=\"https:\/\/lasentinelle.dz\/wp-content\/uploads\/2025\/05\/handball.jpg\" \/>\n\t<meta property=\"og:image:width\" content=\"612\" \/>\n\t<meta property=\"og:image:height\" content=\"408\" \/>\n\t<meta property=\"og:image:type\" content=\"image\/jpeg\" \/>\n<meta name=\"author\" content=\"admin\" \/>\n<meta name=\"twitter:card\" content=\"summary_large_image\" \/>\n<meta name=\"twitter:label1\" content=\"\u00c9crit par\" \/>\n\t<meta name=\"twitter:data1\" content=\"admin\" \/>\n\t<meta name=\"twitter:label2\" content=\"Dur\u00e9e de lecture estim\u00e9e\" \/>\n\t<meta name=\"twitter:data2\" content=\"3 minutes\" \/>\n<script type=\"application\/ld+json\" class=\"yoast-schema-graph\">{\"@context\":\"https:\\\/\\\/schema.org\",\"@graph\":[{\"@type\":\"Article\",\"@id\":\"https:\\\/\\\/lasentinelle.dz\\\/index.php\\\/2025\\\/09\\\/11\\\/handball-feminin-u17-oran-accueille-la-21e-edition-du-championnat-dafrique\\\/#article\",\"isPartOf\":{\"@id\":\"https:\\\/\\\/lasentinelle.dz\\\/index.php\\\/2025\\\/09\\\/11\\\/handball-feminin-u17-oran-accueille-la-21e-edition-du-championnat-dafrique\\\/\"},\"author\":{\"name\":\"admin\",\"@id\":\"https:\\\/\\\/lasentinelle.dz\\\/#\\\/schema\\\/person\\\/729ee0024f24e0b8c5ec17232f8e8b41\"},\"headline\":\"Handball f\u00e9minin U17\u00a0: Oran accueille la 21e \u00e9dition du Championnat d&rsquo;Afrique\",\"datePublished\":\"2025-09-11T10:17:00+00:00\",\"dateModified\":\"2025-09-12T19:19:08+00:00\",\"mainEntityOfPage\":{\"@id\":\"https:\\\/\\\/lasentinelle.dz\\\/index.php\\\/2025\\\/09\\\/11\\\/handball-feminin-u17-oran-accueille-la-21e-edition-du-championnat-dafrique\\\/\"},\"wordCount\":571,\"commentCount\":0,\"publisher\":{\"@id\":\"https:\\\/\\\/lasentinelle.dz\\\/#organization\"},\"image\":{\"@id\":\"https:\\\/\\\/lasentinelle.dz\\\/index.php\\\/2025\\\/09\\\/11\\\/handball-feminin-u17-oran-accueille-la-21e-edition-du-championnat-dafrique\\\/#primaryimage\"},\"thumbnailUrl\":\"https:\\\/\\\/lasentinelle.dz\\\/wp-content\\\/uploads\\\/2025\\\/05\\\/handball.jpg\",\"articleSection\":[\"Sports\"],\"inLanguage\":\"fr-FR\",\"potentialAction\":[{\"@type\":\"CommentAction\",\"name\":\"Comment\",\"target\":[\"https:\\\/\\\/lasentinelle.dz\\\/index.php\\\/2025\\\/09\\\/11\\\/handball-feminin-u17-oran-accueille-la-21e-edition-du-championnat-dafrique\\\/#respond\"]}]},{\"@type\":\"WebPage\",\"@id\":\"https:\\\/\\\/lasentinelle.dz\\\/index.php\\\/2025\\\/09\\\/11\\\/handball-feminin-u17-oran-accueille-la-21e-edition-du-championnat-dafrique\\\/\",\"url\":\"https:\\\/\\\/lasentinelle.dz\\\/index.php\\\/2025\\\/09\\\/11\\\/handball-feminin-u17-oran-accueille-la-21e-edition-du-championnat-dafrique\\\/\",\"name\":\"Handball f\u00e9minin U17\u00a0: Oran accueille la 21e \u00e9dition du Championnat d&rsquo;Afrique - La Sentinelle\",\"isPartOf\":{\"@id\":\"https:\\\/\\\/lasentinelle.dz\\\/#website\"},\"primaryImageOfPage\":{\"@id\":\"https:\\\/\\\/lasentinelle.dz\\\/index.php\\\/2025\\\/09\\\/11\\\/handball-feminin-u17-oran-accueille-la-21e-edition-du-championnat-dafrique\\\/#primaryimage\"},\"image\":{\"@id\":\"https:\\\/\\\/lasentinelle.dz\\\/index.php\\\/2025\\\/09\\\/11\\\/handball-feminin-u17-oran-accueille-la-21e-edition-du-championnat-dafrique\\\/#primaryimage\"},\"thumbnailUrl\":\"https:\\\/\\\/lasentinelle.dz\\\/wp-content\\\/uploads\\\/2025\\\/05\\\/handball.jpg\",\"datePublished\":\"2025-09-11T10:17:00+00:00\",\"dateModified\":\"2025-09-12T19:19:08+00:00\",\"breadcrumb\":{\"@id\":\"https:\\\/\\\/lasentinelle.dz\\\/index.php\\\/2025\\\/09\\\/11\\\/handball-feminin-u17-oran-accueille-la-21e-edition-du-championnat-dafrique\\\/#breadcrumb\"},\"inLanguage\":\"fr-FR\",\"potentialAction\":[{\"@type\":\"ReadAction\",\"target\":[\"https:\\\/\\\/lasentinelle.dz\\\/index.php\\\/2025\\\/09\\\/11\\\/handball-feminin-u17-oran-accueille-la-21e-edition-du-championnat-dafrique\\\/\"]}]},{\"@type\":\"ImageObject\",\"inLanguage\":\"fr-FR\",\"@id\":\"https:\\\/\\\/lasentinelle.dz\\\/index.php\\\/2025\\\/09\\\/11\\\/handball-feminin-u17-oran-accueille-la-21e-edition-du-championnat-dafrique\\\/#primaryimage\",\"url\":\"https:\\\/\\\/lasentinelle.dz\\\/wp-content\\\/uploads\\\/2025\\\/05\\\/handball.jpg\",\"contentUrl\":\"https:\\\/\\\/lasentinelle.dz\\\/wp-content\\\/uploads\\\/2025\\\/05\\\/handball.jpg\",\"width\":612,\"height\":408,\"caption\":\"Closeup of a handballplayer about to throw the handball into the goal.\"},{\"@type\":\"BreadcrumbList\",\"@id\":\"https:\\\/\\\/lasentinelle.dz\\\/index.php\\\/2025\\\/09\\\/11\\\/handball-feminin-u17-oran-accueille-la-21e-edition-du-championnat-dafrique\\\/#breadcrumb\",\"itemListElement\":[{\"@type\":\"ListItem\",\"position\":1,\"name\":\"Accueil\",\"item\":\"https:\\\/\\\/lasentinelle.dz\\\/\"},{\"@type\":\"ListItem\",\"position\":2,\"name\":\"Handball f\u00e9minin U17\u00a0: Oran accueille la 21e \u00e9dition du Championnat d&rsquo;Afrique\"}]},{\"@type\":\"WebSite\",\"@id\":\"https:\\\/\\\/lasentinelle.dz\\\/#website\",\"url\":\"https:\\\/\\\/lasentinelle.dz\\\/\",\"name\":\"La Sentinelle\",\"description\":\"Quotidien national d&#039;information\",\"publisher\":{\"@id\":\"https:\\\/\\\/lasentinelle.dz\\\/#organization\"},\"potentialAction\":[{\"@type\":\"SearchAction\",\"target\":{\"@type\":\"EntryPoint\",\"urlTemplate\":\"https:\\\/\\\/lasentinelle.dz\\\/?s={search_term_string}\"},\"query-input\":{\"@type\":\"PropertyValueSpecification\",\"valueRequired\":true,\"valueName\":\"search_term_string\"}}],\"inLanguage\":\"fr-FR\"},{\"@type\":\"Organization\",\"@id\":\"https:\\\/\\\/lasentinelle.dz\\\/#organization\",\"name\":\"Quotidien La Sentinelle\",\"url\":\"https:\\\/\\\/lasentinelle.dz\\\/\",\"logo\":{\"@type\":\"ImageObject\",\"inLanguage\":\"fr-FR\",\"@id\":\"https:\\\/\\\/lasentinelle.dz\\\/#\\\/schema\\\/logo\\\/image\\\/\",\"url\":\"https:\\\/\\\/lasentinelle.dz\\\/wp-content\\\/uploads\\\/2021\\\/09\\\/logo-sentinelleSLOGAN-1.png\",\"contentUrl\":\"https:\\\/\\\/lasentinelle.dz\\\/wp-content\\\/uploads\\\/2021\\\/09\\\/logo-sentinelleSLOGAN-1.png\",\"width\":615,\"height\":142,\"caption\":\"Quotidien La Sentinelle\"},\"image\":{\"@id\":\"https:\\\/\\\/lasentinelle.dz\\\/#\\\/schema\\\/logo\\\/image\\\/\"},\"sameAs\":[\"https:\\\/\\\/www.facebook.com\\\/La-Sentinelle-104059864394773\"]},{\"@type\":\"Person\",\"@id\":\"https:\\\/\\\/lasentinelle.dz\\\/#\\\/schema\\\/person\\\/729ee0024f24e0b8c5ec17232f8e8b41\",\"name\":\"admin\",\"image\":{\"@type\":\"ImageObject\",\"inLanguage\":\"fr-FR\",\"@id\":\"https:\\\/\\\/secure.gravatar.com\\\/avatar\\\/4c81fed838786e9b53f540bf46533e750f5d292099ae3b66cfc6fb1982e29df7?s=96&d=mm&r=g\",\"url\":\"https:\\\/\\\/secure.gravatar.com\\\/avatar\\\/4c81fed838786e9b53f540bf46533e750f5d292099ae3b66cfc6fb1982e29df7?s=96&d=mm&r=g\",\"contentUrl\":\"https:\\\/\\\/secure.gravatar.com\\\/avatar\\\/4c81fed838786e9b53f540bf46533e750f5d292099ae3b66cfc6fb1982e29df7?s=96&d=mm&r=g\",\"caption\":\"admin\"},\"description\":\"admin\",\"url\":\"https:\\\/\\\/lasentinelle.dz\\\/author\\\/admin\\\/\"}]}<\/script>\n<!-- \/ Yoast SEO plugin. -->","yoast_head_json":{"title":"Handball f\u00e9minin U17\u00a0: Oran accueille la 21e \u00e9dition du Championnat d&rsquo;Afrique - La Sentinelle","robots":{"index":"index","follow":"follow","max-snippet":"max-snippet:-1","max-image-preview":"max-image-preview:large","max-video-preview":"max-video-preview:-1"},"canonical":"https:\/\/lasentinelle.dz\/index.php\/2025\/09\/11\/handball-feminin-u17-oran-accueille-la-21e-edition-du-championnat-dafrique\/","og_locale":"fr_FR","og_type":"article","og_title":"Handball f\u00e9minin U17\u00a0: Oran accueille la 21e \u00e9dition du Championnat d&rsquo;Afrique - La Sentinelle","og_description":"La ville d&rsquo;Oran s&rsquo;appr\u00eate \u00e0 vibrer au rythme du handball continental avec l&rsquo;organisation de la 21e \u00e9dition du Championnat d&rsquo;Afrique","og_url":"https:\/\/lasentinelle.dz\/index.php\/2025\/09\/11\/handball-feminin-u17-oran-accueille-la-21e-edition-du-championnat-dafrique\/","og_site_name":"La Sentinelle","article_publisher":"https:\/\/www.facebook.com\/La-Sentinelle-104059864394773","article_published_time":"2025-09-11T10:17:00+00:00","article_modified_time":"2025-09-12T19:19:08+00:00","og_image":[{"width":612,"height":408,"url":"https:\/\/lasentinelle.dz\/wp-content\/uploads\/2025\/05\/handball.jpg","type":"image\/jpeg"}],"author":"admin","twitter_card":"summary_large_image","twitter_misc":{"\u00c9crit par":"admin","Dur\u00e9e de lecture estim\u00e9e":"3 minutes"},"schema":{"@context":"https:\/\/schema.org","@graph":[{"@type":"Article","@id":"https:\/\/lasentinelle.dz\/index.php\/2025\/09\/11\/handball-feminin-u17-oran-accueille-la-21e-edition-du-championnat-dafrique\/#article","isPartOf":{"@id":"https:\/\/lasentinelle.dz\/index.php\/2025\/09\/11\/handball-feminin-u17-oran-accueille-la-21e-edition-du-championnat-dafrique\/"},"author":{"name":"admin","@id":"https:\/\/lasentinelle.dz\/#\/schema\/person\/729ee0024f24e0b8c5ec17232f8e8b41"},"headline":"Handball f\u00e9minin U17\u00a0: Oran accueille la 21e \u00e9dition du Championnat d&rsquo;Afrique","datePublished":"2025-09-11T10:17:00+00:00","dateModified":"2025-09-12T19:19:08+00:00","mainEntityOfPage":{"@id":"https:\/\/lasentinelle.dz\/index.php\/2025\/09\/11\/handball-feminin-u17-oran-accueille-la-21e-edition-du-championnat-dafrique\/"},"wordCount":571,"commentCount":0,"publisher":{"@id":"https:\/\/lasentinelle.dz\/#organization"},"image":{"@id":"https:\/\/lasentinelle.dz\/index.php\/2025\/09\/11\/handball-feminin-u17-oran-accueille-la-21e-edition-du-championnat-dafrique\/#primaryimage"},"thumbnailUrl":"https:\/\/lasentinelle.dz\/wp-content\/uploads\/2025\/05\/handball.jpg","articleSection":["Sports"],"inLanguage":"fr-FR","potentialAction":[{"@type":"CommentAction","name":"Comment","target":["https:\/\/lasentinelle.dz\/index.php\/2025\/09\/11\/handball-feminin-u17-oran-accueille-la-21e-edition-du-championnat-dafrique\/#respond"]}]},{"@type":"WebPage","@id":"https:\/\/lasentinelle.dz\/index.php\/2025\/09\/11\/handball-feminin-u17-oran-accueille-la-21e-edition-du-championnat-dafrique\/","url":"https:\/\/lasentinelle.dz\/index.php\/2025\/09\/11\/handball-feminin-u17-oran-accueille-la-21e-edition-du-championnat-dafrique\/","name":"Handball f\u00e9minin U17\u00a0: Oran accueille la 21e \u00e9dition du Championnat d&rsquo;Afrique - La Sentinelle","isPartOf":{"@id":"https:\/\/lasentinelle.dz\/#website"},"primaryImageOfPage":{"@id":"https:\/\/lasentinelle.dz\/index.php\/2025\/09\/11\/handball-feminin-u17-oran-accueille-la-21e-edition-du-championnat-dafrique\/#primaryimage"},"image":{"@id":"https:\/\/lasentinelle.dz\/index.php\/2025\/09\/11\/handball-feminin-u17-oran-accueille-la-21e-edition-du-championnat-dafrique\/#primaryimage"},"thumbnailUrl":"https:\/\/lasentinelle.dz\/wp-content\/uploads\/2025\/05\/handball.jpg","datePublished":"2025-09-11T10:17:00+00:00","dateModified":"2025-09-12T19:19:08+00:00","breadcrumb":{"@id":"https:\/\/lasentinelle.dz\/index.php\/2025\/09\/11\/handball-feminin-u17-oran-accueille-la-21e-edition-du-championnat-dafrique\/#breadcrumb"},"inLanguage":"fr-FR","potentialAction":[{"@type":"ReadAction","target":["https:\/\/lasentinelle.dz\/index.php\/2025\/09\/11\/handball-feminin-u17-oran-accueille-la-21e-edition-du-championnat-dafrique\/"]}]},{"@type":"ImageObject","inLanguage":"fr-FR","@id":"https:\/\/lasentinelle.dz\/index.php\/2025\/09\/11\/handball-feminin-u17-oran-accueille-la-21e-edition-du-championnat-dafrique\/#primaryimage","url":"https:\/\/lasentinelle.dz\/wp-content\/uploads\/2025\/05\/handball.jpg","contentUrl":"https:\/\/lasentinelle.dz\/wp-content\/uploads\/2025\/05\/handball.jpg","width":612,"height":408,"caption":"Closeup of a handballplayer about to throw the handball into the goal."},{"@type":"BreadcrumbList","@id":"https:\/\/lasentinelle.dz\/index.php\/2025\/09\/11\/handball-feminin-u17-oran-accueille-la-21e-edition-du-championnat-dafrique\/#breadcrumb","itemListElement":[{"@type":"ListItem","position":1,"name":"Accueil","item":"https:\/\/lasentinelle.dz\/"},{"@type":"ListItem","position":2,"name":"Handball f\u00e9minin U17\u00a0: Oran accueille la 21e \u00e9dition du Championnat d&rsquo;Afrique"}]},{"@type":"WebSite","@id":"https:\/\/lasentinelle.dz\/#website","url":"https:\/\/lasentinelle.dz\/","name":"La Sentinelle","description":"Quotidien national d&#039;information","publisher":{"@id":"https:\/\/lasentinelle.dz\/#organization"},"potentialAction":[{"@type":"SearchAction","target":{"@type":"EntryPoint","urlTemplate":"https:\/\/lasentinelle.dz\/?s={search_term_string}"},"query-input":{"@type":"PropertyValueSpecification","valueRequired":true,"valueName":"search_term_string"}}],"inLanguage":"fr-FR"},{"@type":"Organization","@id":"https:\/\/lasentinelle.dz\/#organization","name":"Quotidien La Sentinelle","url":"https:\/\/lasentinelle.dz\/","logo":{"@type":"ImageObject","inLanguage":"fr-FR","@id":"https:\/\/lasentinelle.dz\/#\/schema\/logo\/image\/","url":"https:\/\/lasentinelle.dz\/wp-content\/uploads\/2021\/09\/logo-sentinelleSLOGAN-1.png","contentUrl":"https:\/\/lasentinelle.dz\/wp-content\/uploads\/2021\/09\/logo-sentinelleSLOGAN-1.png","width":615,"height":142,"caption":"Quotidien La Sentinelle"},"image":{"@id":"https:\/\/lasentinelle.dz\/#\/schema\/logo\/image\/"},"sameAs":["https:\/\/www.facebook.com\/La-Sentinelle-104059864394773"]},{"@type":"Person","@id":"https:\/\/lasentinelle.dz\/#\/schema\/person\/729ee0024f24e0b8c5ec17232f8e8b41","name":"admin","image":{"@type":"ImageObject","inLanguage":"fr-FR","@id":"https:\/\/secure.gravatar.com\/avatar\/4c81fed838786e9b53f540bf46533e750f5d292099ae3b66cfc6fb1982e29df7?s=96&d=mm&r=g","url":"https:\/\/secure.gravatar.com\/avatar\/4c81fed838786e9b53f540bf46533e750f5d292099ae3b66cfc6fb1982e29df7?s=96&d=mm&r=g","contentUrl":"https:\/\/secure.gravatar.com\/avatar\/4c81fed838786e9b53f540bf46533e750f5d292099ae3b66cfc6fb1982e29df7?s=96&d=mm&r=g","caption":"admin"},"description":"admin","url":"https:\/\/lasentinelle.dz\/author\/admin\/"}]}},"_links":{"self":[{"href":"https:\/\/lasentinelle.dz\/index.php\/wp-json\/wp\/v2\/posts\/73202","targetHints":{"allow":["GET"]}}],"collection":[{"href":"https:\/\/lasentinelle.dz\/index.php\/wp-json\/wp\/v2\/posts"}],"about":[{"href":"https:\/\/lasentinelle.dz\/index.php\/wp-json\/wp\/v2\/types\/post"}],"author":[{"embeddable":true,"href":"https:\/\/lasentinelle.dz\/index.php\/wp-json\/wp\/v2\/users\/6"}],"replies":[{"embeddable":true,"href":"https:\/\/lasentinelle.dz\/index.php\/wp-json\/wp\/v2\/comments?post=73202"}],"version-history":[{"count":2,"href":"https:\/\/lasentinelle.dz\/index.php\/wp-json\/wp\/v2\/posts\/73202\/revisions"}],"predecessor-version":[{"id":73204,"href":"https:\/\/lasentinelle.dz\/index.php\/wp-json\/wp\/v2\/posts\/73202\/revisions\/73204"}],"wp:featuredmedia":[{"embeddable":true,"href":"https:\/\/lasentinelle.dz\/index.php\/wp-json\/wp\/v2\/media\/67538"}],"wp:attachment":[{"href":"https:\/\/lasentinelle.dz\/index.php\/wp-json\/wp\/v2\/media?parent=73202"}],"wp:term":[{"taxonomy":"category","embeddable":true,"href":"https:\/\/lasentinelle.dz\/index.php\/wp-json\/wp\/v2\/categories?post=73202"},{"taxonomy":"post_tag","embeddable":true,"href":"https:\/\/lasentinelle.dz\/index.php\/wp-json\/wp\/v2\/tags?post=73202"}],"curies":[{"name":"wp","href":"https:\/\/api.w.org\/{rel}","templated":true}]}}