{"id":73210,"date":"2025-09-11T11:21:00","date_gmt":"2025-09-11T10:21:00","guid":{"rendered":"https:\/\/lasentinelle.dz\/?p=73210"},"modified":"2025-09-12T20:22:13","modified_gmt":"2025-09-12T19:22:13","slug":"mondial-2026-les-verts-affronteront-la-somalie-a-domicile","status":"publish","type":"post","link":"https:\/\/lasentinelle.dz\/index.php\/2025\/09\/11\/mondial-2026-les-verts-affronteront-la-somalie-a-domicile\/","title":{"rendered":"Mondial-2026\u00a0: Les Verts affronteront la Somalie \u00e0 domicile"},"content":{"rendered":"\n<p>L&rsquo;\u00e9quipe nationale devrait b\u00e9n\u00e9ficier d&rsquo;un avantage consid\u00e9rable lors de sa prochaine \u00e9ch\u00e9ance des \u00e9liminatoires de la Coupe du monde 2026.<\/p>\n\n\n\n<p>Le match face \u00e0 la Somalie, initialement programm\u00e9 \u00e0 l&rsquo;ext\u00e9rieur, se disputera finalement sur le sol alg\u00e9rien le 10 octobre prochain, selon plusieurs sources concordantes. Cette modification d\u00e9coule d&rsquo;un accord entre les f\u00e9d\u00e9rations des deux pays, la Somalie ne disposant pas d&rsquo;infrastructures fixes pour organiser ses rencontres internationales \u00e0 domicile. Les Verts, actuellement leaders du groupe G avec dix-neuf points et quatre longueurs d&rsquo;avance sur le Mozambique et l&rsquo;Ouganda, n&rsquo;ont besoin que d&rsquo;une victoire pour valider d\u00e9finitivement leur qualification pour le Mondial am\u00e9ricain. Cette perspective de jouer devant leur public pourrait constituer l&rsquo;\u00e9l\u00e9ment d\u00e9clencheur tant attendu apr\u00e8s la prestation d\u00e9cevante face \u00e0 la Guin\u00e9e lors de la huiti\u00e8me journ\u00e9e, sold\u00e9e par un match nul vierge qui a laiss\u00e9 les supporters sur leur faim.<\/p>\n\n\n\n<p>Plusieurs villes alg\u00e9riennes sont \u00e9voqu\u00e9es pour accueillir cette rencontre cruciale, bien que Tizi-Ouzou semble moins probable selon les premi\u00e8res informations. Le choix du lieu devra \u00e9galement tenir compte du fait que la Somalie doit organiser un second match de cette fen\u00eatre FIFA contre le Mozambique, n\u00e9cessitant l&rsquo;utilisation d&rsquo;une m\u00eame enceinte pour ces deux confrontations. Cette contrainte logistique influence directement les n\u00e9gociations entre les instances dirigeantes. Cette situation particuli\u00e8re n&rsquo;est pas in\u00e9dite pour la s\u00e9lection somalienne qui, depuis le d\u00e9but des \u00e9liminatoires, organise syst\u00e9matiquement ses matchs \u00e0 domicile dans des pays tiers faute d&rsquo;infrastructures adapt\u00e9es. Pour l&rsquo;Alg\u00e9rie, cette opportunit\u00e9 repr\u00e9sente une chance historique de d\u00e9crocher sa qualification mondiale devant son public, dans une ambiance qui a toujours constitu\u00e9 un atout pr\u00e9cieux pour les Fennecs. Malgr\u00e9 cette position favorable au classement, l&rsquo;\u00e9quipe dirig\u00e9e par Vladimir Petkovic suscite des interrogations croissantes sur son \u00e9volution tactique et son renouvellement g\u00e9n\u00e9rationnel. Arriv\u00e9 en mars 2024 pour succ\u00e9der \u00e0 Djamel Belmadi avec la promesse d&rsquo;une reconstruction ambitieuse, le s\u00e9lectionneur suisse peine \u00e0 imprimer sa marque sur cette s\u00e9lection. Si les r\u00e9sultats comptables permettent d&rsquo;envisager sereinement la qualification mondiale, le contenu des prestations et l&rsquo;absence d&rsquo;identit\u00e9 de jeu claire d\u00e9\u00e7oivent. L&rsquo;\u00e9quipe semble prisonni\u00e8re d&rsquo;une continuit\u00e9 qui rappelle \u00e9trangement l&rsquo;\u00e8re Belmadi, loin de la refondation promise par les dirigeants f\u00e9d\u00e9raux. Cette situation paradoxale place Petkovic dans une position d\u00e9licate : proche de l&rsquo;objectif principal mais \u00e9loign\u00e9 des attentes stylistiques et g\u00e9n\u00e9rationnelles.<\/p>\n\n\n\n<p>Le match d&rsquo;octobre contre la Somalie rev\u00eat donc une importance capitale, non seulement pour la qualification math\u00e9matique au Mondial 2026, mais \u00e9galement pour permettre \u00e0 Petkovic de d\u00e9montrer sa capacit\u00e9 \u00e0 mobiliser un groupe qui semble parfois jouer en pilotage automatique.<\/p>\n\n\n\n<p>Moncef D.<\/p>\n","protected":false},"excerpt":{"rendered":"<p>L&rsquo;\u00e9quipe nationale devrait b\u00e9n\u00e9ficier d&rsquo;un avantage consid\u00e9rable lors de sa prochaine \u00e9ch\u00e9ance des \u00e9liminatoires de la Coupe du monde 2026.<\/p>\n","protected":false},"author":6,"featured_media":73211,"comment_status":"open","ping_status":"closed","sticky":false,"template":"","format":"standard","meta":{"colormag_page_container_layout":"default_layout","colormag_page_sidebar_layout":"default_layout","om_disable_all_campaigns":false,"_monsterinsights_skip_tracking":false,"_monsterinsights_sitenote_active":false,"_monsterinsights_sitenote_note":"","_monsterinsights_sitenote_category":0,"footnotes":"","_wpscppro_dont_share_socialmedia":false,"_wpscppro_custom_social_share_image":0,"_facebook_share_type":"default","_twitter_share_type":"default","_linkedin_share_type":"default","_pinterest_share_type":"default","_linkedin_share_type_page":"","_instagram_share_type":"default","_medium_share_type":"default","_threads_share_type":"default","_google_business_share_type":"default","_selected_social_profile":[],"_wpsp_enable_custom_social_template":false,"_wpsp_social_scheduling":{"enabled":false,"datetime":null,"platforms":[],"status":"template_only","dateOption":"today","timeOption":"now","customDays":"","customHours":"","customDate":"","customTime":"","schedulingType":"absolute"},"_wpsp_active_default_template":true},"categories":[33],"tags":[],"class_list":["post-73210","post","type-post","status-publish","format-standard","has-post-thumbnail","hentry","category-sports"],"aioseo_notices":[],"yoast_head":"<!-- This site is optimized with the Yoast SEO plugin v27.5 - https:\/\/yoast.com\/product\/yoast-seo-wordpress\/ -->\n<title>Mondial-2026\u00a0: Les Verts affronteront la Somalie \u00e0 domicile - La Sentinelle<\/title>\n<meta name=\"robots\" content=\"index, follow, max-snippet:-1, max-image-preview:large, max-video-preview:-1\" \/>\n<link rel=\"canonical\" href=\"https:\/\/lasentinelle.dz\/index.php\/2025\/09\/11\/mondial-2026-les-verts-affronteront-la-somalie-a-domicile\/\" \/>\n<meta property=\"og:locale\" content=\"fr_FR\" \/>\n<meta property=\"og:type\" content=\"article\" \/>\n<meta property=\"og:title\" content=\"Mondial-2026\u00a0: Les Verts affronteront la Somalie \u00e0 domicile - La Sentinelle\" \/>\n<meta property=\"og:description\" content=\"L&rsquo;\u00e9quipe nationale devrait b\u00e9n\u00e9ficier d&rsquo;un avantage consid\u00e9rable lors de sa prochaine \u00e9ch\u00e9ance des \u00e9liminatoires de la Coupe du monde 2026.\" \/>\n<meta property=\"og:url\" content=\"https:\/\/lasentinelle.dz\/index.php\/2025\/09\/11\/mondial-2026-les-verts-affronteront-la-somalie-a-domicile\/\" \/>\n<meta property=\"og:site_name\" content=\"La Sentinelle\" \/>\n<meta property=\"article:publisher\" content=\"https:\/\/www.facebook.com\/La-Sentinelle-104059864394773\" \/>\n<meta property=\"article:published_time\" content=\"2025-09-11T10:21:00+00:00\" \/>\n<meta property=\"article:modified_time\" content=\"2025-09-12T19:22:13+00:00\" \/>\n<meta property=\"og:image\" content=\"https:\/\/lasentinelle.dz\/wp-content\/uploads\/2025\/09\/EN-1.jpg\" \/>\n\t<meta property=\"og:image:width\" content=\"2400\" \/>\n\t<meta property=\"og:image:height\" content=\"1599\" \/>\n\t<meta property=\"og:image:type\" content=\"image\/jpeg\" \/>\n<meta name=\"author\" content=\"admin\" \/>\n<meta name=\"twitter:card\" content=\"summary_large_image\" \/>\n<meta name=\"twitter:label1\" content=\"\u00c9crit par\" \/>\n\t<meta name=\"twitter:data1\" content=\"admin\" \/>\n\t<meta name=\"twitter:label2\" content=\"Dur\u00e9e de lecture estim\u00e9e\" \/>\n\t<meta name=\"twitter:data2\" content=\"3 minutes\" \/>\n<script type=\"application\/ld+json\" class=\"yoast-schema-graph\">{\"@context\":\"https:\\\/\\\/schema.org\",\"@graph\":[{\"@type\":\"Article\",\"@id\":\"https:\\\/\\\/lasentinelle.dz\\\/index.php\\\/2025\\\/09\\\/11\\\/mondial-2026-les-verts-affronteront-la-somalie-a-domicile\\\/#article\",\"isPartOf\":{\"@id\":\"https:\\\/\\\/lasentinelle.dz\\\/index.php\\\/2025\\\/09\\\/11\\\/mondial-2026-les-verts-affronteront-la-somalie-a-domicile\\\/\"},\"author\":{\"name\":\"admin\",\"@id\":\"https:\\\/\\\/lasentinelle.dz\\\/#\\\/schema\\\/person\\\/729ee0024f24e0b8c5ec17232f8e8b41\"},\"headline\":\"Mondial-2026\u00a0: Les Verts affronteront la Somalie \u00e0 domicile\",\"datePublished\":\"2025-09-11T10:21:00+00:00\",\"dateModified\":\"2025-09-12T19:22:13+00:00\",\"mainEntityOfPage\":{\"@id\":\"https:\\\/\\\/lasentinelle.dz\\\/index.php\\\/2025\\\/09\\\/11\\\/mondial-2026-les-verts-affronteront-la-somalie-a-domicile\\\/\"},\"wordCount\":490,\"commentCount\":0,\"publisher\":{\"@id\":\"https:\\\/\\\/lasentinelle.dz\\\/#organization\"},\"image\":{\"@id\":\"https:\\\/\\\/lasentinelle.dz\\\/index.php\\\/2025\\\/09\\\/11\\\/mondial-2026-les-verts-affronteront-la-somalie-a-domicile\\\/#primaryimage\"},\"thumbnailUrl\":\"https:\\\/\\\/lasentinelle.dz\\\/wp-content\\\/uploads\\\/2025\\\/09\\\/EN-1.jpg\",\"articleSection\":[\"Sports\"],\"inLanguage\":\"fr-FR\",\"potentialAction\":[{\"@type\":\"CommentAction\",\"name\":\"Comment\",\"target\":[\"https:\\\/\\\/lasentinelle.dz\\\/index.php\\\/2025\\\/09\\\/11\\\/mondial-2026-les-verts-affronteront-la-somalie-a-domicile\\\/#respond\"]}]},{\"@type\":\"WebPage\",\"@id\":\"https:\\\/\\\/lasentinelle.dz\\\/index.php\\\/2025\\\/09\\\/11\\\/mondial-2026-les-verts-affronteront-la-somalie-a-domicile\\\/\",\"url\":\"https:\\\/\\\/lasentinelle.dz\\\/index.php\\\/2025\\\/09\\\/11\\\/mondial-2026-les-verts-affronteront-la-somalie-a-domicile\\\/\",\"name\":\"Mondial-2026\u00a0: Les Verts affronteront la Somalie \u00e0 domicile - La Sentinelle\",\"isPartOf\":{\"@id\":\"https:\\\/\\\/lasentinelle.dz\\\/#website\"},\"primaryImageOfPage\":{\"@id\":\"https:\\\/\\\/lasentinelle.dz\\\/index.php\\\/2025\\\/09\\\/11\\\/mondial-2026-les-verts-affronteront-la-somalie-a-domicile\\\/#primaryimage\"},\"image\":{\"@id\":\"https:\\\/\\\/lasentinelle.dz\\\/index.php\\\/2025\\\/09\\\/11\\\/mondial-2026-les-verts-affronteront-la-somalie-a-domicile\\\/#primaryimage\"},\"thumbnailUrl\":\"https:\\\/\\\/lasentinelle.dz\\\/wp-content\\\/uploads\\\/2025\\\/09\\\/EN-1.jpg\",\"datePublished\":\"2025-09-11T10:21:00+00:00\",\"dateModified\":\"2025-09-12T19:22:13+00:00\",\"breadcrumb\":{\"@id\":\"https:\\\/\\\/lasentinelle.dz\\\/index.php\\\/2025\\\/09\\\/11\\\/mondial-2026-les-verts-affronteront-la-somalie-a-domicile\\\/#breadcrumb\"},\"inLanguage\":\"fr-FR\",\"potentialAction\":[{\"@type\":\"ReadAction\",\"target\":[\"https:\\\/\\\/lasentinelle.dz\\\/index.php\\\/2025\\\/09\\\/11\\\/mondial-2026-les-verts-affronteront-la-somalie-a-domicile\\\/\"]}]},{\"@type\":\"ImageObject\",\"inLanguage\":\"fr-FR\",\"@id\":\"https:\\\/\\\/lasentinelle.dz\\\/index.php\\\/2025\\\/09\\\/11\\\/mondial-2026-les-verts-affronteront-la-somalie-a-domicile\\\/#primaryimage\",\"url\":\"https:\\\/\\\/lasentinelle.dz\\\/wp-content\\\/uploads\\\/2025\\\/09\\\/EN-1.jpg\",\"contentUrl\":\"https:\\\/\\\/lasentinelle.dz\\\/wp-content\\\/uploads\\\/2025\\\/09\\\/EN-1.jpg\",\"width\":2400,\"height\":1599},{\"@type\":\"BreadcrumbList\",\"@id\":\"https:\\\/\\\/lasentinelle.dz\\\/index.php\\\/2025\\\/09\\\/11\\\/mondial-2026-les-verts-affronteront-la-somalie-a-domicile\\\/#breadcrumb\",\"itemListElement\":[{\"@type\":\"ListItem\",\"position\":1,\"name\":\"Accueil\",\"item\":\"https:\\\/\\\/lasentinelle.dz\\\/\"},{\"@type\":\"ListItem\",\"position\":2,\"name\":\"Mondial-2026\u00a0: Les Verts affronteront la Somalie \u00e0 domicile\"}]},{\"@type\":\"WebSite\",\"@id\":\"https:\\\/\\\/lasentinelle.dz\\\/#website\",\"url\":\"https:\\\/\\\/lasentinelle.dz\\\/\",\"name\":\"La Sentinelle\",\"description\":\"Quotidien national d&#039;information\",\"publisher\":{\"@id\":\"https:\\\/\\\/lasentinelle.dz\\\/#organization\"},\"potentialAction\":[{\"@type\":\"SearchAction\",\"target\":{\"@type\":\"EntryPoint\",\"urlTemplate\":\"https:\\\/\\\/lasentinelle.dz\\\/?s={search_term_string}\"},\"query-input\":{\"@type\":\"PropertyValueSpecification\",\"valueRequired\":true,\"valueName\":\"search_term_string\"}}],\"inLanguage\":\"fr-FR\"},{\"@type\":\"Organization\",\"@id\":\"https:\\\/\\\/lasentinelle.dz\\\/#organization\",\"name\":\"Quotidien La Sentinelle\",\"url\":\"https:\\\/\\\/lasentinelle.dz\\\/\",\"logo\":{\"@type\":\"ImageObject\",\"inLanguage\":\"fr-FR\",\"@id\":\"https:\\\/\\\/lasentinelle.dz\\\/#\\\/schema\\\/logo\\\/image\\\/\",\"url\":\"https:\\\/\\\/lasentinelle.dz\\\/wp-content\\\/uploads\\\/2021\\\/09\\\/logo-sentinelleSLOGAN-1.png\",\"contentUrl\":\"https:\\\/\\\/lasentinelle.dz\\\/wp-content\\\/uploads\\\/2021\\\/09\\\/logo-sentinelleSLOGAN-1.png\",\"width\":615,\"height\":142,\"caption\":\"Quotidien La Sentinelle\"},\"image\":{\"@id\":\"https:\\\/\\\/lasentinelle.dz\\\/#\\\/schema\\\/logo\\\/image\\\/\"},\"sameAs\":[\"https:\\\/\\\/www.facebook.com\\\/La-Sentinelle-104059864394773\"]},{\"@type\":\"Person\",\"@id\":\"https:\\\/\\\/lasentinelle.dz\\\/#\\\/schema\\\/person\\\/729ee0024f24e0b8c5ec17232f8e8b41\",\"name\":\"admin\",\"image\":{\"@type\":\"ImageObject\",\"inLanguage\":\"fr-FR\",\"@id\":\"https:\\\/\\\/secure.gravatar.com\\\/avatar\\\/4c81fed838786e9b53f540bf46533e750f5d292099ae3b66cfc6fb1982e29df7?s=96&d=mm&r=g\",\"url\":\"https:\\\/\\\/secure.gravatar.com\\\/avatar\\\/4c81fed838786e9b53f540bf46533e750f5d292099ae3b66cfc6fb1982e29df7?s=96&d=mm&r=g\",\"contentUrl\":\"https:\\\/\\\/secure.gravatar.com\\\/avatar\\\/4c81fed838786e9b53f540bf46533e750f5d292099ae3b66cfc6fb1982e29df7?s=96&d=mm&r=g\",\"caption\":\"admin\"},\"description\":\"admin\",\"url\":\"https:\\\/\\\/lasentinelle.dz\\\/author\\\/admin\\\/\"}]}<\/script>\n<!-- \/ Yoast SEO plugin. -->","yoast_head_json":{"title":"Mondial-2026\u00a0: Les Verts affronteront la Somalie \u00e0 domicile - La Sentinelle","robots":{"index":"index","follow":"follow","max-snippet":"max-snippet:-1","max-image-preview":"max-image-preview:large","max-video-preview":"max-video-preview:-1"},"canonical":"https:\/\/lasentinelle.dz\/index.php\/2025\/09\/11\/mondial-2026-les-verts-affronteront-la-somalie-a-domicile\/","og_locale":"fr_FR","og_type":"article","og_title":"Mondial-2026\u00a0: Les Verts affronteront la Somalie \u00e0 domicile - La Sentinelle","og_description":"L&rsquo;\u00e9quipe nationale devrait b\u00e9n\u00e9ficier d&rsquo;un avantage consid\u00e9rable lors de sa prochaine \u00e9ch\u00e9ance des \u00e9liminatoires de la Coupe du monde 2026.","og_url":"https:\/\/lasentinelle.dz\/index.php\/2025\/09\/11\/mondial-2026-les-verts-affronteront-la-somalie-a-domicile\/","og_site_name":"La Sentinelle","article_publisher":"https:\/\/www.facebook.com\/La-Sentinelle-104059864394773","article_published_time":"2025-09-11T10:21:00+00:00","article_modified_time":"2025-09-12T19:22:13+00:00","og_image":[{"width":2400,"height":1599,"url":"https:\/\/lasentinelle.dz\/wp-content\/uploads\/2025\/09\/EN-1.jpg","type":"image\/jpeg"}],"author":"admin","twitter_card":"summary_large_image","twitter_misc":{"\u00c9crit par":"admin","Dur\u00e9e de lecture estim\u00e9e":"3 minutes"},"schema":{"@context":"https:\/\/schema.org","@graph":[{"@type":"Article","@id":"https:\/\/lasentinelle.dz\/index.php\/2025\/09\/11\/mondial-2026-les-verts-affronteront-la-somalie-a-domicile\/#article","isPartOf":{"@id":"https:\/\/lasentinelle.dz\/index.php\/2025\/09\/11\/mondial-2026-les-verts-affronteront-la-somalie-a-domicile\/"},"author":{"name":"admin","@id":"https:\/\/lasentinelle.dz\/#\/schema\/person\/729ee0024f24e0b8c5ec17232f8e8b41"},"headline":"Mondial-2026\u00a0: Les Verts affronteront la Somalie \u00e0 domicile","datePublished":"2025-09-11T10:21:00+00:00","dateModified":"2025-09-12T19:22:13+00:00","mainEntityOfPage":{"@id":"https:\/\/lasentinelle.dz\/index.php\/2025\/09\/11\/mondial-2026-les-verts-affronteront-la-somalie-a-domicile\/"},"wordCount":490,"commentCount":0,"publisher":{"@id":"https:\/\/lasentinelle.dz\/#organization"},"image":{"@id":"https:\/\/lasentinelle.dz\/index.php\/2025\/09\/11\/mondial-2026-les-verts-affronteront-la-somalie-a-domicile\/#primaryimage"},"thumbnailUrl":"https:\/\/lasentinelle.dz\/wp-content\/uploads\/2025\/09\/EN-1.jpg","articleSection":["Sports"],"inLanguage":"fr-FR","potentialAction":[{"@type":"CommentAction","name":"Comment","target":["https:\/\/lasentinelle.dz\/index.php\/2025\/09\/11\/mondial-2026-les-verts-affronteront-la-somalie-a-domicile\/#respond"]}]},{"@type":"WebPage","@id":"https:\/\/lasentinelle.dz\/index.php\/2025\/09\/11\/mondial-2026-les-verts-affronteront-la-somalie-a-domicile\/","url":"https:\/\/lasentinelle.dz\/index.php\/2025\/09\/11\/mondial-2026-les-verts-affronteront-la-somalie-a-domicile\/","name":"Mondial-2026\u00a0: Les Verts affronteront la Somalie \u00e0 domicile - La Sentinelle","isPartOf":{"@id":"https:\/\/lasentinelle.dz\/#website"},"primaryImageOfPage":{"@id":"https:\/\/lasentinelle.dz\/index.php\/2025\/09\/11\/mondial-2026-les-verts-affronteront-la-somalie-a-domicile\/#primaryimage"},"image":{"@id":"https:\/\/lasentinelle.dz\/index.php\/2025\/09\/11\/mondial-2026-les-verts-affronteront-la-somalie-a-domicile\/#primaryimage"},"thumbnailUrl":"https:\/\/lasentinelle.dz\/wp-content\/uploads\/2025\/09\/EN-1.jpg","datePublished":"2025-09-11T10:21:00+00:00","dateModified":"2025-09-12T19:22:13+00:00","breadcrumb":{"@id":"https:\/\/lasentinelle.dz\/index.php\/2025\/09\/11\/mondial-2026-les-verts-affronteront-la-somalie-a-domicile\/#breadcrumb"},"inLanguage":"fr-FR","potentialAction":[{"@type":"ReadAction","target":["https:\/\/lasentinelle.dz\/index.php\/2025\/09\/11\/mondial-2026-les-verts-affronteront-la-somalie-a-domicile\/"]}]},{"@type":"ImageObject","inLanguage":"fr-FR","@id":"https:\/\/lasentinelle.dz\/index.php\/2025\/09\/11\/mondial-2026-les-verts-affronteront-la-somalie-a-domicile\/#primaryimage","url":"https:\/\/lasentinelle.dz\/wp-content\/uploads\/2025\/09\/EN-1.jpg","contentUrl":"https:\/\/lasentinelle.dz\/wp-content\/uploads\/2025\/09\/EN-1.jpg","width":2400,"height":1599},{"@type":"BreadcrumbList","@id":"https:\/\/lasentinelle.dz\/index.php\/2025\/09\/11\/mondial-2026-les-verts-affronteront-la-somalie-a-domicile\/#breadcrumb","itemListElement":[{"@type":"ListItem","position":1,"name":"Accueil","item":"https:\/\/lasentinelle.dz\/"},{"@type":"ListItem","position":2,"name":"Mondial-2026\u00a0: Les Verts affronteront la Somalie \u00e0 domicile"}]},{"@type":"WebSite","@id":"https:\/\/lasentinelle.dz\/#website","url":"https:\/\/lasentinelle.dz\/","name":"La Sentinelle","description":"Quotidien national d&#039;information","publisher":{"@id":"https:\/\/lasentinelle.dz\/#organization"},"potentialAction":[{"@type":"SearchAction","target":{"@type":"EntryPoint","urlTemplate":"https:\/\/lasentinelle.dz\/?s={search_term_string}"},"query-input":{"@type":"PropertyValueSpecification","valueRequired":true,"valueName":"search_term_string"}}],"inLanguage":"fr-FR"},{"@type":"Organization","@id":"https:\/\/lasentinelle.dz\/#organization","name":"Quotidien La Sentinelle","url":"https:\/\/lasentinelle.dz\/","logo":{"@type":"ImageObject","inLanguage":"fr-FR","@id":"https:\/\/lasentinelle.dz\/#\/schema\/logo\/image\/","url":"https:\/\/lasentinelle.dz\/wp-content\/uploads\/2021\/09\/logo-sentinelleSLOGAN-1.png","contentUrl":"https:\/\/lasentinelle.dz\/wp-content\/uploads\/2021\/09\/logo-sentinelleSLOGAN-1.png","width":615,"height":142,"caption":"Quotidien La Sentinelle"},"image":{"@id":"https:\/\/lasentinelle.dz\/#\/schema\/logo\/image\/"},"sameAs":["https:\/\/www.facebook.com\/La-Sentinelle-104059864394773"]},{"@type":"Person","@id":"https:\/\/lasentinelle.dz\/#\/schema\/person\/729ee0024f24e0b8c5ec17232f8e8b41","name":"admin","image":{"@type":"ImageObject","inLanguage":"fr-FR","@id":"https:\/\/secure.gravatar.com\/avatar\/4c81fed838786e9b53f540bf46533e750f5d292099ae3b66cfc6fb1982e29df7?s=96&d=mm&r=g","url":"https:\/\/secure.gravatar.com\/avatar\/4c81fed838786e9b53f540bf46533e750f5d292099ae3b66cfc6fb1982e29df7?s=96&d=mm&r=g","contentUrl":"https:\/\/secure.gravatar.com\/avatar\/4c81fed838786e9b53f540bf46533e750f5d292099ae3b66cfc6fb1982e29df7?s=96&d=mm&r=g","caption":"admin"},"description":"admin","url":"https:\/\/lasentinelle.dz\/author\/admin\/"}]}},"_links":{"self":[{"href":"https:\/\/lasentinelle.dz\/index.php\/wp-json\/wp\/v2\/posts\/73210","targetHints":{"allow":["GET"]}}],"collection":[{"href":"https:\/\/lasentinelle.dz\/index.php\/wp-json\/wp\/v2\/posts"}],"about":[{"href":"https:\/\/lasentinelle.dz\/index.php\/wp-json\/wp\/v2\/types\/post"}],"author":[{"embeddable":true,"href":"https:\/\/lasentinelle.dz\/index.php\/wp-json\/wp\/v2\/users\/6"}],"replies":[{"embeddable":true,"href":"https:\/\/lasentinelle.dz\/index.php\/wp-json\/wp\/v2\/comments?post=73210"}],"version-history":[{"count":1,"href":"https:\/\/lasentinelle.dz\/index.php\/wp-json\/wp\/v2\/posts\/73210\/revisions"}],"predecessor-version":[{"id":73212,"href":"https:\/\/lasentinelle.dz\/index.php\/wp-json\/wp\/v2\/posts\/73210\/revisions\/73212"}],"wp:featuredmedia":[{"embeddable":true,"href":"https:\/\/lasentinelle.dz\/index.php\/wp-json\/wp\/v2\/media\/73211"}],"wp:attachment":[{"href":"https:\/\/lasentinelle.dz\/index.php\/wp-json\/wp\/v2\/media?parent=73210"}],"wp:term":[{"taxonomy":"category","embeddable":true,"href":"https:\/\/lasentinelle.dz\/index.php\/wp-json\/wp\/v2\/categories?post=73210"},{"taxonomy":"post_tag","embeddable":true,"href":"https:\/\/lasentinelle.dz\/index.php\/wp-json\/wp\/v2\/tags?post=73210"}],"curies":[{"name":"wp","href":"https:\/\/api.w.org\/{rel}","templated":true}]}}