{"id":73237,"date":"2025-09-11T11:33:00","date_gmt":"2025-09-11T10:33:00","guid":{"rendered":"https:\/\/lasentinelle.dz\/?p=73237"},"modified":"2025-09-12T20:34:19","modified_gmt":"2025-09-12T19:34:19","slug":"presidence-algerienne-du-cps-de-lua-un-engagement-constant-envers-la-securite-du-continent","status":"publish","type":"post","link":"https:\/\/lasentinelle.dz\/index.php\/2025\/09\/11\/presidence-algerienne-du-cps-de-lua-un-engagement-constant-envers-la-securite-du-continent\/","title":{"rendered":"Pr\u00e9sidence alg\u00e9rienne du CPS de l\u2019UA\u00a0: Un engagement constant envers la s\u00e9curit\u00e9 du continent"},"content":{"rendered":"\n<p>L&rsquo;Alg\u00e9rie a marqu\u00e9 sa pr\u00e9sidence du Conseil de paix et de s\u00e9curit\u00e9 de l&rsquo;Union africaine durant le mois d&rsquo;ao\u00fbt, d\u00e9ployant une approche proactive et coordonn\u00e9e qui consolide son leadership continental en mati\u00e8re de s\u00e9curit\u00e9 et renforce les m\u00e9canismes de gouvernance africains. Sous les hautes instructions du pr\u00e9sident Abdelmadjid Tebboune, la diplomatie alg\u00e9rienne a transform\u00e9 cette pr\u00e9sidence en v\u00e9ritable plateforme d&rsquo;innovation institutionnelle au service des causes s\u00e9curitaires du continent. Conform\u00e9ment aux hautes instructions du pr\u00e9sident de la R\u00e9publique, Abdelmadjid Tebboune, l&rsquo;Alg\u00e9rie a consacr\u00e9 sa pr\u00e9sidence du Conseil de paix et de s\u00e9curit\u00e9 de l&rsquo;Union africaine pour le mois d&rsquo;ao\u00fbt \u00e0 la d\u00e9fense des questions s\u00e9curitaires figurant en t\u00eate des pr\u00e9occupations du continent et \u00e0 la promotion de m\u00e9canismes appropri\u00e9s et efficaces pour faire face aux menaces auxquelles sont confront\u00e9s ses peuples, dans le cadre des engagements constants et in\u00e9branlables de la diplomatie alg\u00e9rienne en faveur du renforcement de la paix et de la s\u00e9curit\u00e9 en Afrique. La pr\u00e9sidence alg\u00e9rienne du Conseil de paix et de s\u00e9curit\u00e9, dirig\u00e9e par l&rsquo;ambassadeur et repr\u00e9sentant permanent de l&rsquo;Alg\u00e9rie aupr\u00e8s de l&rsquo;UA, Mohamed Khaled, s&rsquo;est illustr\u00e9e par la tenue de sept r\u00e9unions au niveau des repr\u00e9sentants permanents, d&rsquo;une r\u00e9union au niveau des experts, ainsi que par l&rsquo;organisation d&rsquo;une mission de terrain en R\u00e9publique du Soudan du Sud. Durant sa pr\u00e9sidence, l&rsquo;Alg\u00e9rie a mis l&rsquo;accent sur le renforcement des consultations avec les structures de l&rsquo;UA concern\u00e9es par la gouvernance, la paix, la s\u00e9curit\u00e9 et les droits de l&rsquo;Homme, ce qui a abouti \u00e0 l&rsquo;\u00e9laboration d&rsquo;une feuille de route commune pour la coordination des initiatives. Elle a \u00e9galement appel\u00e9 les \u00c9tats membres \u00e0 soutenir le \u00ab\u00a0Rapport sur la gouvernance en Afrique\u00a0\u00bb, dont le forum des chefs d&rsquo;\u00c9tat et de Gouvernement est pr\u00e9sid\u00e9 par le pr\u00e9sident de la R\u00e9publique jusqu&rsquo;en f\u00e9vrier 2026. Sur proposition de l&rsquo;Alg\u00e9rie, le Conseil a appel\u00e9 la Commission de l&rsquo;UA, en coordination avec la plateforme de l&rsquo;Architecture africaine de gouvernance, l&rsquo;Architecture africaine de paix et de s\u00e9curit\u00e9, le Sous-comit\u00e9 des droits de l&rsquo;Homme, de la d\u00e9mocratie et de la gouvernance, ainsi que le M\u00e9canisme africain d&rsquo;\u00e9valuation par les pairs, \u00e0 \u00e9laborer une matrice globale r\u00e9pertoriant tous les cadres juridiques de l&rsquo;UA relatifs \u00e0 la gouvernance, aux droits de l&rsquo;Homme, \u00e0 la paix et \u00e0 la s\u00e9curit\u00e9.<\/p>\n\n\n\n<p>Dans le cadre de ses initiatives novatrices, l&rsquo;Alg\u00e9rie a consacr\u00e9 une r\u00e9union sp\u00e9ciale \u00e0 l&rsquo;\u00e9ducation dans les zones de conflit, probl\u00e9matique cruciale pour l&rsquo;avenir du continent. Le CPS a soulign\u00e9 lors de cette r\u00e9union la n\u00e9cessit\u00e9 de redoubler d&rsquo;efforts \u00e0 l&rsquo;\u00e9chelle nationale et r\u00e9gionale pour prot\u00e9ger le droit des enfants \u00e0 l&rsquo;\u00e9ducation, appelant la Commission de l&rsquo;UA \u00e0 \u00e9laborer une politique continentale visant \u00e0 garantir ce droit en temps de conflit et \u00e0 mobiliser les ressources n\u00e9cessaires pour assurer la continuit\u00e9 de l&rsquo;enseignement en situation d&rsquo;urgence. Le Conseil a \u00e9galement adopt\u00e9, pour la premi\u00e8re fois, les termes de r\u00e9f\u00e9rence de ses deux sous-comit\u00e9s charg\u00e9s respectivement de la lutte contre le terrorisme et de la reconstruction et du d\u00e9veloppement post-conflit, saluant la direction judicieuse et le r\u00f4le efficient du Coordinateur de l&rsquo;UA pour la lutte contre le terrorisme et l&rsquo;extr\u00e9misme violent, le pr\u00e9sident de la R\u00e9publique, Abdelmadjid Tebboune, et demandant \u00e0 la Commission de l&rsquo;UA d&rsquo;intensifier ses efforts en vue d&rsquo;une mise en \u0153uvre int\u00e9grale des recommandations contenues dans ses rapports et adopt\u00e9es par le Sommet des chefs d&rsquo;\u00c9tat et de Gouvernement de l&rsquo;UA. \u00c0 l&rsquo;initiative de l&rsquo;Alg\u00e9rie, le CPS a aussi d\u00e9cid\u00e9, lors de sa r\u00e9union consacr\u00e9e au syst\u00e8me d&rsquo;alerte pr\u00e9coce, de cr\u00e9er une carte continentale de la s\u00e9curit\u00e9, \u00e9tant un outil efficace d&rsquo;appui \u00e0 la prise de d\u00e9cisions \u00e0 caract\u00e8re pr\u00e9ventif et anticipatif, mais aussi un m\u00e9canisme de mise \u00e0 jour continue des menaces et risques pour garantir une r\u00e9ponse rapide, r\u00e9duire les menaces et pr\u00e9venir l&rsquo;escalade des crises sur le continent. Cette innovation technologique t\u00e9moigne de la vision avant-gardiste alg\u00e9rienne en mati\u00e8re de s\u00e9curit\u00e9 pr\u00e9ventive. Le Conseil a par ailleurs salu\u00e9 \u00ab\u00a0Les Principes Directeurs de l&rsquo;Alg\u00e9rie\u00a0\u00bb sur le financement du terrorisme, adopt\u00e9s par le Conseil de s\u00e9curit\u00e9 de l&rsquo;ONU, appelant les \u00c9tats membres \u00e0 s&rsquo;y conformer, \u00e9tant une r\u00e9f\u00e9rence officielle qui incarne l&rsquo;engagement constant de l&rsquo;Alg\u00e9rie dans la lutte antiterroriste et refl\u00e8te sa place de premier plan sur la sc\u00e8ne internationale en la mati\u00e8re. Cette reconnaissance internationale consacre l&rsquo;expertise alg\u00e9rienne reconnue dans ce domaine strat\u00e9gique. L&rsquo;Alg\u00e9rie a cl\u00f4tur\u00e9 sa pr\u00e9sidence par une r\u00e9union consultative entre les membres du Conseil et le Groupe africain au Conseil de s\u00e9curit\u00e9 des Nations unies, laquelle a constitu\u00e9 une plateforme centrale permettant aux deux parties de renouveler la dynamique de travail et de coordination, en vue de concr\u00e9tiser la s\u00e9curit\u00e9 et la stabilit\u00e9 dans le continent et de d\u00e9fendre ses int\u00e9r\u00eats au sein des instances onusiennes. Le bilan de la pr\u00e9sidence par l&rsquo;Alg\u00e9rie du conseil refl\u00e8te son engagement constant en faveur d&rsquo;une approche s\u00e9curitaire proactive, bas\u00e9e sur la coordination et la coop\u00e9ration, pour un continent s\u00fbr, prosp\u00e8re et stable.<\/p>\n\n\n\n<p>Hocine Fadheli<\/p>\n","protected":false},"excerpt":{"rendered":"<p>L&rsquo;Alg\u00e9rie a marqu\u00e9 sa pr\u00e9sidence du Conseil de paix et de s\u00e9curit\u00e9 de l&rsquo;Union africaine durant le mois d&rsquo;ao\u00fbt, d\u00e9ployant<\/p>\n","protected":false},"author":6,"featured_media":63237,"comment_status":"open","ping_status":"closed","sticky":false,"template":"","format":"standard","meta":{"colormag_page_container_layout":"default_layout","colormag_page_sidebar_layout":"default_layout","om_disable_all_campaigns":false,"_monsterinsights_skip_tracking":false,"_monsterinsights_sitenote_active":false,"_monsterinsights_sitenote_note":"","_monsterinsights_sitenote_category":0,"footnotes":"","_wpscppro_dont_share_socialmedia":false,"_wpscppro_custom_social_share_image":0,"_facebook_share_type":"default","_twitter_share_type":"default","_linkedin_share_type":"default","_pinterest_share_type":"default","_linkedin_share_type_page":"","_instagram_share_type":"default","_medium_share_type":"default","_threads_share_type":"default","_google_business_share_type":"default","_selected_social_profile":[],"_wpsp_enable_custom_social_template":false,"_wpsp_social_scheduling":{"enabled":false,"datetime":null,"platforms":[],"status":"template_only","dateOption":"today","timeOption":"now","customDays":"","customHours":"","customDate":"","customTime":"","schedulingType":"absolute"},"_wpsp_active_default_template":true},"categories":[27],"tags":[],"class_list":["post-73237","post","type-post","status-publish","format-standard","has-post-thumbnail","hentry","category-actualite"],"aioseo_notices":[],"yoast_head":"<!-- This site is optimized with the Yoast SEO plugin v27.5 - https:\/\/yoast.com\/product\/yoast-seo-wordpress\/ -->\n<title>Pr\u00e9sidence alg\u00e9rienne du CPS de l\u2019UA\u00a0: Un engagement constant envers la s\u00e9curit\u00e9 du continent - La Sentinelle<\/title>\n<meta name=\"robots\" content=\"index, follow, max-snippet:-1, max-image-preview:large, max-video-preview:-1\" \/>\n<link rel=\"canonical\" href=\"https:\/\/lasentinelle.dz\/index.php\/2025\/09\/11\/presidence-algerienne-du-cps-de-lua-un-engagement-constant-envers-la-securite-du-continent\/\" \/>\n<meta property=\"og:locale\" content=\"fr_FR\" \/>\n<meta property=\"og:type\" content=\"article\" \/>\n<meta property=\"og:title\" content=\"Pr\u00e9sidence alg\u00e9rienne du CPS de l\u2019UA\u00a0: Un engagement constant envers la s\u00e9curit\u00e9 du continent - La Sentinelle\" \/>\n<meta property=\"og:description\" content=\"L&rsquo;Alg\u00e9rie a marqu\u00e9 sa pr\u00e9sidence du Conseil de paix et de s\u00e9curit\u00e9 de l&rsquo;Union africaine durant le mois d&rsquo;ao\u00fbt, d\u00e9ployant\" \/>\n<meta property=\"og:url\" content=\"https:\/\/lasentinelle.dz\/index.php\/2025\/09\/11\/presidence-algerienne-du-cps-de-lua-un-engagement-constant-envers-la-securite-du-continent\/\" \/>\n<meta property=\"og:site_name\" content=\"La Sentinelle\" \/>\n<meta property=\"article:publisher\" content=\"https:\/\/www.facebook.com\/La-Sentinelle-104059864394773\" \/>\n<meta property=\"article:published_time\" content=\"2025-09-11T10:33:00+00:00\" \/>\n<meta property=\"article:modified_time\" content=\"2025-09-12T19:34:19+00:00\" \/>\n<meta property=\"og:image\" content=\"https:\/\/lasentinelle.dz\/wp-content\/uploads\/2025\/02\/Union-africaine.webp\" \/>\n\t<meta property=\"og:image:width\" content=\"900\" \/>\n\t<meta property=\"og:image:height\" content=\"675\" \/>\n\t<meta property=\"og:image:type\" content=\"image\/webp\" \/>\n<meta name=\"author\" content=\"admin\" \/>\n<meta name=\"twitter:card\" content=\"summary_large_image\" \/>\n<meta name=\"twitter:label1\" content=\"\u00c9crit par\" \/>\n\t<meta name=\"twitter:data1\" content=\"admin\" \/>\n\t<meta name=\"twitter:label2\" content=\"Dur\u00e9e de lecture estim\u00e9e\" \/>\n\t<meta name=\"twitter:data2\" content=\"5 minutes\" \/>\n<script type=\"application\/ld+json\" class=\"yoast-schema-graph\">{\"@context\":\"https:\\\/\\\/schema.org\",\"@graph\":[{\"@type\":\"Article\",\"@id\":\"https:\\\/\\\/lasentinelle.dz\\\/index.php\\\/2025\\\/09\\\/11\\\/presidence-algerienne-du-cps-de-lua-un-engagement-constant-envers-la-securite-du-continent\\\/#article\",\"isPartOf\":{\"@id\":\"https:\\\/\\\/lasentinelle.dz\\\/index.php\\\/2025\\\/09\\\/11\\\/presidence-algerienne-du-cps-de-lua-un-engagement-constant-envers-la-securite-du-continent\\\/\"},\"author\":{\"name\":\"admin\",\"@id\":\"https:\\\/\\\/lasentinelle.dz\\\/#\\\/schema\\\/person\\\/729ee0024f24e0b8c5ec17232f8e8b41\"},\"headline\":\"Pr\u00e9sidence alg\u00e9rienne du CPS de l\u2019UA\u00a0: Un engagement constant envers la s\u00e9curit\u00e9 du continent\",\"datePublished\":\"2025-09-11T10:33:00+00:00\",\"dateModified\":\"2025-09-12T19:34:19+00:00\",\"mainEntityOfPage\":{\"@id\":\"https:\\\/\\\/lasentinelle.dz\\\/index.php\\\/2025\\\/09\\\/11\\\/presidence-algerienne-du-cps-de-lua-un-engagement-constant-envers-la-securite-du-continent\\\/\"},\"wordCount\":993,\"commentCount\":0,\"publisher\":{\"@id\":\"https:\\\/\\\/lasentinelle.dz\\\/#organization\"},\"image\":{\"@id\":\"https:\\\/\\\/lasentinelle.dz\\\/index.php\\\/2025\\\/09\\\/11\\\/presidence-algerienne-du-cps-de-lua-un-engagement-constant-envers-la-securite-du-continent\\\/#primaryimage\"},\"thumbnailUrl\":\"https:\\\/\\\/lasentinelle.dz\\\/wp-content\\\/uploads\\\/2025\\\/02\\\/Union-africaine.webp\",\"articleSection\":[\"Actualit\u00e9\"],\"inLanguage\":\"fr-FR\",\"potentialAction\":[{\"@type\":\"CommentAction\",\"name\":\"Comment\",\"target\":[\"https:\\\/\\\/lasentinelle.dz\\\/index.php\\\/2025\\\/09\\\/11\\\/presidence-algerienne-du-cps-de-lua-un-engagement-constant-envers-la-securite-du-continent\\\/#respond\"]}]},{\"@type\":\"WebPage\",\"@id\":\"https:\\\/\\\/lasentinelle.dz\\\/index.php\\\/2025\\\/09\\\/11\\\/presidence-algerienne-du-cps-de-lua-un-engagement-constant-envers-la-securite-du-continent\\\/\",\"url\":\"https:\\\/\\\/lasentinelle.dz\\\/index.php\\\/2025\\\/09\\\/11\\\/presidence-algerienne-du-cps-de-lua-un-engagement-constant-envers-la-securite-du-continent\\\/\",\"name\":\"Pr\u00e9sidence alg\u00e9rienne du CPS de l\u2019UA\u00a0: Un engagement constant envers la s\u00e9curit\u00e9 du continent - La Sentinelle\",\"isPartOf\":{\"@id\":\"https:\\\/\\\/lasentinelle.dz\\\/#website\"},\"primaryImageOfPage\":{\"@id\":\"https:\\\/\\\/lasentinelle.dz\\\/index.php\\\/2025\\\/09\\\/11\\\/presidence-algerienne-du-cps-de-lua-un-engagement-constant-envers-la-securite-du-continent\\\/#primaryimage\"},\"image\":{\"@id\":\"https:\\\/\\\/lasentinelle.dz\\\/index.php\\\/2025\\\/09\\\/11\\\/presidence-algerienne-du-cps-de-lua-un-engagement-constant-envers-la-securite-du-continent\\\/#primaryimage\"},\"thumbnailUrl\":\"https:\\\/\\\/lasentinelle.dz\\\/wp-content\\\/uploads\\\/2025\\\/02\\\/Union-africaine.webp\",\"datePublished\":\"2025-09-11T10:33:00+00:00\",\"dateModified\":\"2025-09-12T19:34:19+00:00\",\"breadcrumb\":{\"@id\":\"https:\\\/\\\/lasentinelle.dz\\\/index.php\\\/2025\\\/09\\\/11\\\/presidence-algerienne-du-cps-de-lua-un-engagement-constant-envers-la-securite-du-continent\\\/#breadcrumb\"},\"inLanguage\":\"fr-FR\",\"potentialAction\":[{\"@type\":\"ReadAction\",\"target\":[\"https:\\\/\\\/lasentinelle.dz\\\/index.php\\\/2025\\\/09\\\/11\\\/presidence-algerienne-du-cps-de-lua-un-engagement-constant-envers-la-securite-du-continent\\\/\"]}]},{\"@type\":\"ImageObject\",\"inLanguage\":\"fr-FR\",\"@id\":\"https:\\\/\\\/lasentinelle.dz\\\/index.php\\\/2025\\\/09\\\/11\\\/presidence-algerienne-du-cps-de-lua-un-engagement-constant-envers-la-securite-du-continent\\\/#primaryimage\",\"url\":\"https:\\\/\\\/lasentinelle.dz\\\/wp-content\\\/uploads\\\/2025\\\/02\\\/Union-africaine.webp\",\"contentUrl\":\"https:\\\/\\\/lasentinelle.dz\\\/wp-content\\\/uploads\\\/2025\\\/02\\\/Union-africaine.webp\",\"width\":900,\"height\":675},{\"@type\":\"BreadcrumbList\",\"@id\":\"https:\\\/\\\/lasentinelle.dz\\\/index.php\\\/2025\\\/09\\\/11\\\/presidence-algerienne-du-cps-de-lua-un-engagement-constant-envers-la-securite-du-continent\\\/#breadcrumb\",\"itemListElement\":[{\"@type\":\"ListItem\",\"position\":1,\"name\":\"Accueil\",\"item\":\"https:\\\/\\\/lasentinelle.dz\\\/\"},{\"@type\":\"ListItem\",\"position\":2,\"name\":\"Pr\u00e9sidence alg\u00e9rienne du CPS de l\u2019UA\u00a0: Un engagement constant envers la s\u00e9curit\u00e9 du continent\"}]},{\"@type\":\"WebSite\",\"@id\":\"https:\\\/\\\/lasentinelle.dz\\\/#website\",\"url\":\"https:\\\/\\\/lasentinelle.dz\\\/\",\"name\":\"La Sentinelle\",\"description\":\"Quotidien national d&#039;information\",\"publisher\":{\"@id\":\"https:\\\/\\\/lasentinelle.dz\\\/#organization\"},\"potentialAction\":[{\"@type\":\"SearchAction\",\"target\":{\"@type\":\"EntryPoint\",\"urlTemplate\":\"https:\\\/\\\/lasentinelle.dz\\\/?s={search_term_string}\"},\"query-input\":{\"@type\":\"PropertyValueSpecification\",\"valueRequired\":true,\"valueName\":\"search_term_string\"}}],\"inLanguage\":\"fr-FR\"},{\"@type\":\"Organization\",\"@id\":\"https:\\\/\\\/lasentinelle.dz\\\/#organization\",\"name\":\"Quotidien La Sentinelle\",\"url\":\"https:\\\/\\\/lasentinelle.dz\\\/\",\"logo\":{\"@type\":\"ImageObject\",\"inLanguage\":\"fr-FR\",\"@id\":\"https:\\\/\\\/lasentinelle.dz\\\/#\\\/schema\\\/logo\\\/image\\\/\",\"url\":\"https:\\\/\\\/lasentinelle.dz\\\/wp-content\\\/uploads\\\/2021\\\/09\\\/logo-sentinelleSLOGAN-1.png\",\"contentUrl\":\"https:\\\/\\\/lasentinelle.dz\\\/wp-content\\\/uploads\\\/2021\\\/09\\\/logo-sentinelleSLOGAN-1.png\",\"width\":615,\"height\":142,\"caption\":\"Quotidien La Sentinelle\"},\"image\":{\"@id\":\"https:\\\/\\\/lasentinelle.dz\\\/#\\\/schema\\\/logo\\\/image\\\/\"},\"sameAs\":[\"https:\\\/\\\/www.facebook.com\\\/La-Sentinelle-104059864394773\"]},{\"@type\":\"Person\",\"@id\":\"https:\\\/\\\/lasentinelle.dz\\\/#\\\/schema\\\/person\\\/729ee0024f24e0b8c5ec17232f8e8b41\",\"name\":\"admin\",\"image\":{\"@type\":\"ImageObject\",\"inLanguage\":\"fr-FR\",\"@id\":\"https:\\\/\\\/secure.gravatar.com\\\/avatar\\\/4c81fed838786e9b53f540bf46533e750f5d292099ae3b66cfc6fb1982e29df7?s=96&d=mm&r=g\",\"url\":\"https:\\\/\\\/secure.gravatar.com\\\/avatar\\\/4c81fed838786e9b53f540bf46533e750f5d292099ae3b66cfc6fb1982e29df7?s=96&d=mm&r=g\",\"contentUrl\":\"https:\\\/\\\/secure.gravatar.com\\\/avatar\\\/4c81fed838786e9b53f540bf46533e750f5d292099ae3b66cfc6fb1982e29df7?s=96&d=mm&r=g\",\"caption\":\"admin\"},\"description\":\"admin\",\"url\":\"https:\\\/\\\/lasentinelle.dz\\\/author\\\/admin\\\/\"}]}<\/script>\n<!-- \/ Yoast SEO plugin. -->","yoast_head_json":{"title":"Pr\u00e9sidence alg\u00e9rienne du CPS de l\u2019UA\u00a0: Un engagement constant envers la s\u00e9curit\u00e9 du continent - La Sentinelle","robots":{"index":"index","follow":"follow","max-snippet":"max-snippet:-1","max-image-preview":"max-image-preview:large","max-video-preview":"max-video-preview:-1"},"canonical":"https:\/\/lasentinelle.dz\/index.php\/2025\/09\/11\/presidence-algerienne-du-cps-de-lua-un-engagement-constant-envers-la-securite-du-continent\/","og_locale":"fr_FR","og_type":"article","og_title":"Pr\u00e9sidence alg\u00e9rienne du CPS de l\u2019UA\u00a0: Un engagement constant envers la s\u00e9curit\u00e9 du continent - La Sentinelle","og_description":"L&rsquo;Alg\u00e9rie a marqu\u00e9 sa pr\u00e9sidence du Conseil de paix et de s\u00e9curit\u00e9 de l&rsquo;Union africaine durant le mois d&rsquo;ao\u00fbt, d\u00e9ployant","og_url":"https:\/\/lasentinelle.dz\/index.php\/2025\/09\/11\/presidence-algerienne-du-cps-de-lua-un-engagement-constant-envers-la-securite-du-continent\/","og_site_name":"La Sentinelle","article_publisher":"https:\/\/www.facebook.com\/La-Sentinelle-104059864394773","article_published_time":"2025-09-11T10:33:00+00:00","article_modified_time":"2025-09-12T19:34:19+00:00","og_image":[{"width":900,"height":675,"url":"https:\/\/lasentinelle.dz\/wp-content\/uploads\/2025\/02\/Union-africaine.webp","type":"image\/webp"}],"author":"admin","twitter_card":"summary_large_image","twitter_misc":{"\u00c9crit par":"admin","Dur\u00e9e de lecture estim\u00e9e":"5 minutes"},"schema":{"@context":"https:\/\/schema.org","@graph":[{"@type":"Article","@id":"https:\/\/lasentinelle.dz\/index.php\/2025\/09\/11\/presidence-algerienne-du-cps-de-lua-un-engagement-constant-envers-la-securite-du-continent\/#article","isPartOf":{"@id":"https:\/\/lasentinelle.dz\/index.php\/2025\/09\/11\/presidence-algerienne-du-cps-de-lua-un-engagement-constant-envers-la-securite-du-continent\/"},"author":{"name":"admin","@id":"https:\/\/lasentinelle.dz\/#\/schema\/person\/729ee0024f24e0b8c5ec17232f8e8b41"},"headline":"Pr\u00e9sidence alg\u00e9rienne du CPS de l\u2019UA\u00a0: Un engagement constant envers la s\u00e9curit\u00e9 du continent","datePublished":"2025-09-11T10:33:00+00:00","dateModified":"2025-09-12T19:34:19+00:00","mainEntityOfPage":{"@id":"https:\/\/lasentinelle.dz\/index.php\/2025\/09\/11\/presidence-algerienne-du-cps-de-lua-un-engagement-constant-envers-la-securite-du-continent\/"},"wordCount":993,"commentCount":0,"publisher":{"@id":"https:\/\/lasentinelle.dz\/#organization"},"image":{"@id":"https:\/\/lasentinelle.dz\/index.php\/2025\/09\/11\/presidence-algerienne-du-cps-de-lua-un-engagement-constant-envers-la-securite-du-continent\/#primaryimage"},"thumbnailUrl":"https:\/\/lasentinelle.dz\/wp-content\/uploads\/2025\/02\/Union-africaine.webp","articleSection":["Actualit\u00e9"],"inLanguage":"fr-FR","potentialAction":[{"@type":"CommentAction","name":"Comment","target":["https:\/\/lasentinelle.dz\/index.php\/2025\/09\/11\/presidence-algerienne-du-cps-de-lua-un-engagement-constant-envers-la-securite-du-continent\/#respond"]}]},{"@type":"WebPage","@id":"https:\/\/lasentinelle.dz\/index.php\/2025\/09\/11\/presidence-algerienne-du-cps-de-lua-un-engagement-constant-envers-la-securite-du-continent\/","url":"https:\/\/lasentinelle.dz\/index.php\/2025\/09\/11\/presidence-algerienne-du-cps-de-lua-un-engagement-constant-envers-la-securite-du-continent\/","name":"Pr\u00e9sidence alg\u00e9rienne du CPS de l\u2019UA\u00a0: Un engagement constant envers la s\u00e9curit\u00e9 du continent - La Sentinelle","isPartOf":{"@id":"https:\/\/lasentinelle.dz\/#website"},"primaryImageOfPage":{"@id":"https:\/\/lasentinelle.dz\/index.php\/2025\/09\/11\/presidence-algerienne-du-cps-de-lua-un-engagement-constant-envers-la-securite-du-continent\/#primaryimage"},"image":{"@id":"https:\/\/lasentinelle.dz\/index.php\/2025\/09\/11\/presidence-algerienne-du-cps-de-lua-un-engagement-constant-envers-la-securite-du-continent\/#primaryimage"},"thumbnailUrl":"https:\/\/lasentinelle.dz\/wp-content\/uploads\/2025\/02\/Union-africaine.webp","datePublished":"2025-09-11T10:33:00+00:00","dateModified":"2025-09-12T19:34:19+00:00","breadcrumb":{"@id":"https:\/\/lasentinelle.dz\/index.php\/2025\/09\/11\/presidence-algerienne-du-cps-de-lua-un-engagement-constant-envers-la-securite-du-continent\/#breadcrumb"},"inLanguage":"fr-FR","potentialAction":[{"@type":"ReadAction","target":["https:\/\/lasentinelle.dz\/index.php\/2025\/09\/11\/presidence-algerienne-du-cps-de-lua-un-engagement-constant-envers-la-securite-du-continent\/"]}]},{"@type":"ImageObject","inLanguage":"fr-FR","@id":"https:\/\/lasentinelle.dz\/index.php\/2025\/09\/11\/presidence-algerienne-du-cps-de-lua-un-engagement-constant-envers-la-securite-du-continent\/#primaryimage","url":"https:\/\/lasentinelle.dz\/wp-content\/uploads\/2025\/02\/Union-africaine.webp","contentUrl":"https:\/\/lasentinelle.dz\/wp-content\/uploads\/2025\/02\/Union-africaine.webp","width":900,"height":675},{"@type":"BreadcrumbList","@id":"https:\/\/lasentinelle.dz\/index.php\/2025\/09\/11\/presidence-algerienne-du-cps-de-lua-un-engagement-constant-envers-la-securite-du-continent\/#breadcrumb","itemListElement":[{"@type":"ListItem","position":1,"name":"Accueil","item":"https:\/\/lasentinelle.dz\/"},{"@type":"ListItem","position":2,"name":"Pr\u00e9sidence alg\u00e9rienne du CPS de l\u2019UA\u00a0: Un engagement constant envers la s\u00e9curit\u00e9 du continent"}]},{"@type":"WebSite","@id":"https:\/\/lasentinelle.dz\/#website","url":"https:\/\/lasentinelle.dz\/","name":"La Sentinelle","description":"Quotidien national d&#039;information","publisher":{"@id":"https:\/\/lasentinelle.dz\/#organization"},"potentialAction":[{"@type":"SearchAction","target":{"@type":"EntryPoint","urlTemplate":"https:\/\/lasentinelle.dz\/?s={search_term_string}"},"query-input":{"@type":"PropertyValueSpecification","valueRequired":true,"valueName":"search_term_string"}}],"inLanguage":"fr-FR"},{"@type":"Organization","@id":"https:\/\/lasentinelle.dz\/#organization","name":"Quotidien La Sentinelle","url":"https:\/\/lasentinelle.dz\/","logo":{"@type":"ImageObject","inLanguage":"fr-FR","@id":"https:\/\/lasentinelle.dz\/#\/schema\/logo\/image\/","url":"https:\/\/lasentinelle.dz\/wp-content\/uploads\/2021\/09\/logo-sentinelleSLOGAN-1.png","contentUrl":"https:\/\/lasentinelle.dz\/wp-content\/uploads\/2021\/09\/logo-sentinelleSLOGAN-1.png","width":615,"height":142,"caption":"Quotidien La Sentinelle"},"image":{"@id":"https:\/\/lasentinelle.dz\/#\/schema\/logo\/image\/"},"sameAs":["https:\/\/www.facebook.com\/La-Sentinelle-104059864394773"]},{"@type":"Person","@id":"https:\/\/lasentinelle.dz\/#\/schema\/person\/729ee0024f24e0b8c5ec17232f8e8b41","name":"admin","image":{"@type":"ImageObject","inLanguage":"fr-FR","@id":"https:\/\/secure.gravatar.com\/avatar\/4c81fed838786e9b53f540bf46533e750f5d292099ae3b66cfc6fb1982e29df7?s=96&d=mm&r=g","url":"https:\/\/secure.gravatar.com\/avatar\/4c81fed838786e9b53f540bf46533e750f5d292099ae3b66cfc6fb1982e29df7?s=96&d=mm&r=g","contentUrl":"https:\/\/secure.gravatar.com\/avatar\/4c81fed838786e9b53f540bf46533e750f5d292099ae3b66cfc6fb1982e29df7?s=96&d=mm&r=g","caption":"admin"},"description":"admin","url":"https:\/\/lasentinelle.dz\/author\/admin\/"}]}},"_links":{"self":[{"href":"https:\/\/lasentinelle.dz\/index.php\/wp-json\/wp\/v2\/posts\/73237","targetHints":{"allow":["GET"]}}],"collection":[{"href":"https:\/\/lasentinelle.dz\/index.php\/wp-json\/wp\/v2\/posts"}],"about":[{"href":"https:\/\/lasentinelle.dz\/index.php\/wp-json\/wp\/v2\/types\/post"}],"author":[{"embeddable":true,"href":"https:\/\/lasentinelle.dz\/index.php\/wp-json\/wp\/v2\/users\/6"}],"replies":[{"embeddable":true,"href":"https:\/\/lasentinelle.dz\/index.php\/wp-json\/wp\/v2\/comments?post=73237"}],"version-history":[{"count":1,"href":"https:\/\/lasentinelle.dz\/index.php\/wp-json\/wp\/v2\/posts\/73237\/revisions"}],"predecessor-version":[{"id":73238,"href":"https:\/\/lasentinelle.dz\/index.php\/wp-json\/wp\/v2\/posts\/73237\/revisions\/73238"}],"wp:featuredmedia":[{"embeddable":true,"href":"https:\/\/lasentinelle.dz\/index.php\/wp-json\/wp\/v2\/media\/63237"}],"wp:attachment":[{"href":"https:\/\/lasentinelle.dz\/index.php\/wp-json\/wp\/v2\/media?parent=73237"}],"wp:term":[{"taxonomy":"category","embeddable":true,"href":"https:\/\/lasentinelle.dz\/index.php\/wp-json\/wp\/v2\/categories?post=73237"},{"taxonomy":"post_tag","embeddable":true,"href":"https:\/\/lasentinelle.dz\/index.php\/wp-json\/wp\/v2\/tags?post=73237"}],"curies":[{"name":"wp","href":"https:\/\/api.w.org\/{rel}","templated":true}]}}