{"id":73242,"date":"2025-09-11T11:36:00","date_gmt":"2025-09-11T10:36:00","guid":{"rendered":"https:\/\/lasentinelle.dz\/?p=73242"},"modified":"2025-09-12T20:36:46","modified_gmt":"2025-09-12T19:36:46","slug":"le-president-de-la-republique-prend-une-decision-majeure-un-fonds-de-financement-des-start-ups-africaines","status":"publish","type":"post","link":"https:\/\/lasentinelle.dz\/index.php\/2025\/09\/11\/le-president-de-la-republique-prend-une-decision-majeure-un-fonds-de-financement-des-start-ups-africaines\/","title":{"rendered":"Le pr\u00e9sident de la R\u00e9publique prend une d\u00e9cision majeure\u00a0: Un fonds de financement des start-ups africaines"},"content":{"rendered":"\n<p>Le pr\u00e9sident de la R\u00e9publique Abdelmadjid Tebboune a pris une d\u00e9cision majeure en lan\u00e7ant un fonds de financement continental pour les start-up africaines \u00e0 l&rsquo;occasion de la 4e Foire commerciale intra-africaine (IATF), illustrant de mani\u00e8re \u00e9clatante l&rsquo;engagement strat\u00e9gique de l&rsquo;Alg\u00e9rie envers le d\u00e9veloppement \u00e9conomique et l&rsquo;int\u00e9gration continentale.<\/p>\n\n\n\n<p>Cette initiative historique, annonc\u00e9e lors de la cl\u00f4ture de l&rsquo;\u00e9v\u00e9nement commercial le plus important du continent, positionne d\u00e9finitivement l&rsquo;Alg\u00e9rie comme un acteur de premier plan dans l&rsquo;\u00e9cosyst\u00e8me entrepreneurial africain et t\u00e9moigne de sa vision avant-gardiste pour l&rsquo;avenir \u00e9conomique de l&rsquo;Afrique. Le ministre de l&rsquo;Economie de la connaissance, des Start-up et des Micro-entreprises, Noureddine Ouadah, a officialis\u00e9 mercredi au Palais des expositions des Pins maritimes d&rsquo;Alger cette d\u00e9cision pr\u00e9sidentielle majeure avec le lancement du Fonds de financement des start-up et des jeunes innovants \u00e0 l&rsquo;\u00e9chelle africaine, h\u00e9berg\u00e9 par l&rsquo;Agence alg\u00e9rienne de coop\u00e9ration internationale pour la solidarit\u00e9 et le d\u00e9veloppement. \u00ab\u00a0Le travail va commencer imm\u00e9diatement avec 30 entreprises participant \u00e0 la 4e \u00e9dition de la Foire commerciale intra-africaine pour l&rsquo;accompagnement et le financement\u00a0\u00bb de ce Fonds, a pr\u00e9cis\u00e9 le ministre en marge de la foire qui s&rsquo;achevait apr\u00e8s une semaine d&rsquo;intenses activit\u00e9s commerciales et de networking continental, soulignant ainsi le caract\u00e8re op\u00e9rationnel imm\u00e9diat de cette initiative pr\u00e9sidentielle d&rsquo;envergure. Cette d\u00e9cision historique, prise dans le contexte symbolique de l&rsquo;IATF, refl\u00e8te parfaitement la philosophie alg\u00e9rienne d&rsquo;un d\u00e9veloppement africain endog\u00e8ne et solidaire, comme l&rsquo;a soulign\u00e9 M. Ouadah en \u00e9voquant parmi les objectifs de ce Fonds \u00ab\u00a0l&rsquo;autonomisation des jeunes et la promotion de l&rsquo;innovation en Afrique, conform\u00e9ment \u00e0 la teneur du discours du pr\u00e9sident de la R\u00e9publique \u00e0 l&rsquo;ouverture de cette \u00e9dition et \u00e0 ses engagements\u00a0\u00bb. L&rsquo;annonce lors de cette plateforme continentale majeure d\u00e9montre la volont\u00e9 alg\u00e9rienne de transformer les \u00e9changes commerciaux intra-africains en v\u00e9ritables leviers d&rsquo;int\u00e9gration \u00e9conomique et d&rsquo;innovation technologique, pla\u00e7ant la jeunesse entrepreneuriale au c\u0153ur de cette dynamique transformatrice.<\/p>\n\n\n\n<p>Le dispositif pr\u00e9voit \u00e9galement une dimension acad\u00e9mique ambitieuse avec l&rsquo;organisation, en collaboration avec l&rsquo;AACISD, d&rsquo;un \u00e9v\u00e9nement d\u00e9di\u00e9 aux \u00e9tudiants africains lors de la Conf\u00e9rence africaine des start-up programm\u00e9e \u00e0 Alger en d\u00e9cembre prochain sous le haut patronage pr\u00e9sidentiel, dans le cadre du programme de formation et de financement des \u00e9tudiants africains dans les universit\u00e9s alg\u00e9riennes, consolidant ainsi une approche qui lie formation, innovation et financement dans une vision int\u00e9gr\u00e9e du d\u00e9veloppement continental. Cette annonce p majeure a suscit\u00e9 un accueil enthousiaste des institutions nationales qui y voient un tournant historique dans l&rsquo;engagement africain de l&rsquo;Alg\u00e9rie. Le minist\u00e8re de la Jeunesse et le Conseil sup\u00e9rieur de la Jeunesse ont salu\u00e9 dans un communiqu\u00e9 conjoint cette initiative qu&rsquo;ils qualifient d&rsquo;historique. \u00ab\u00a0Le minist\u00e8re de la Jeunesse et le Conseil sup\u00e9rieur de la Jeunesse ont hautement appr\u00e9ci\u00e9 la d\u00e9cision historique du pr\u00e9sident de la R\u00e9publique, Abdelmadjid Tebboune, de lancer le fonds de financement des start-up et des jeunes innovateurs en Afrique, annonc\u00e9e par le ministre de l&rsquo;Economie de la connaissance, des Start-up et des Micro-entreprises, Noureddine Ouadah, en marge de la cl\u00f4ture de la 4e Foire commerciale intra-africaine\u00a0\u00bb, indique le document officiel, inscrivant cette initiative dans la continuit\u00e9 des engagements pr\u00e9sidentiels pour l&rsquo;int\u00e9gration africaine. Les deux institutions voient dans cette d\u00e9cision prise \u00e0 l&rsquo;occasion de l&rsquo;IATF \u00ab\u00a0une extension pratique de la vision du pr\u00e9sident de la R\u00e9publique visant \u00e0 renforcer la coop\u00e9ration africaine et \u00e0 promouvoir le d\u00e9veloppement durable par la promotion de l&rsquo;\u00e9conomie de la connaissance et de l&rsquo;initiative chez les jeunes\u00a0\u00bb.<\/p>\n\n\n\n<p>Le minist\u00e8re de la Jeunesse et le Conseil sup\u00e9rieur de la Jeunesse ont r\u00e9affirm\u00e9 \u00ab\u00a0leur soutien total \u00e0 toutes les initiatives visant \u00e0 autonomiser la jeunesse africaine, particuli\u00e8rement dans les domaines de la formation et de l&rsquo;innovation\u00a0\u00bb tout en renouvelant \u00ab\u00a0leur engagement \u00e0 contribuer efficacement \u00e0 l&rsquo;accompagnement de la jeunesse africaine et \u00e0 consolider la position de l&rsquo;Alg\u00e9rie comme p\u00f4le r\u00e9gional de soutien \u00e0 l&rsquo;innovation et \u00e0 l&rsquo;entrepreneuriat sur le continent africain\u00a0\u00bb.<\/p>\n\n\n\n<p>Samir Benisid<\/p>\n","protected":false},"excerpt":{"rendered":"<p>Le pr\u00e9sident de la R\u00e9publique Abdelmadjid Tebboune a pris une d\u00e9cision majeure en lan\u00e7ant un fonds de financement continental pour<\/p>\n","protected":false},"author":6,"featured_media":73243,"comment_status":"open","ping_status":"closed","sticky":false,"template":"","format":"standard","meta":{"colormag_page_container_layout":"default_layout","colormag_page_sidebar_layout":"default_layout","om_disable_all_campaigns":false,"_monsterinsights_skip_tracking":false,"_monsterinsights_sitenote_active":false,"_monsterinsights_sitenote_note":"","_monsterinsights_sitenote_category":0,"footnotes":"","_wpscppro_dont_share_socialmedia":false,"_wpscppro_custom_social_share_image":0,"_facebook_share_type":"default","_twitter_share_type":"default","_linkedin_share_type":"default","_pinterest_share_type":"default","_linkedin_share_type_page":"","_instagram_share_type":"default","_medium_share_type":"default","_threads_share_type":"default","_google_business_share_type":"default","_selected_social_profile":[],"_wpsp_enable_custom_social_template":false,"_wpsp_social_scheduling":{"enabled":false,"datetime":null,"platforms":[],"status":"template_only","dateOption":"today","timeOption":"now","customDays":"","customHours":"","customDate":"","customTime":"","schedulingType":"absolute"},"_wpsp_active_default_template":true},"categories":[27],"tags":[],"class_list":["post-73242","post","type-post","status-publish","format-standard","has-post-thumbnail","hentry","category-actualite"],"aioseo_notices":[],"yoast_head":"<!-- This site is optimized with the Yoast SEO plugin v27.5 - https:\/\/yoast.com\/product\/yoast-seo-wordpress\/ -->\n<title>Le pr\u00e9sident de la R\u00e9publique prend une d\u00e9cision majeure\u00a0: Un fonds de financement des start-ups africaines - La Sentinelle<\/title>\n<meta name=\"robots\" content=\"index, follow, max-snippet:-1, max-image-preview:large, max-video-preview:-1\" \/>\n<link rel=\"canonical\" href=\"https:\/\/lasentinelle.dz\/index.php\/2025\/09\/11\/le-president-de-la-republique-prend-une-decision-majeure-un-fonds-de-financement-des-start-ups-africaines\/\" \/>\n<meta property=\"og:locale\" content=\"fr_FR\" \/>\n<meta property=\"og:type\" content=\"article\" \/>\n<meta property=\"og:title\" content=\"Le pr\u00e9sident de la R\u00e9publique prend une d\u00e9cision majeure\u00a0: Un fonds de financement des start-ups africaines - La Sentinelle\" \/>\n<meta property=\"og:description\" content=\"Le pr\u00e9sident de la R\u00e9publique Abdelmadjid Tebboune a pris une d\u00e9cision majeure en lan\u00e7ant un fonds de financement continental pour\" \/>\n<meta property=\"og:url\" content=\"https:\/\/lasentinelle.dz\/index.php\/2025\/09\/11\/le-president-de-la-republique-prend-une-decision-majeure-un-fonds-de-financement-des-start-ups-africaines\/\" \/>\n<meta property=\"og:site_name\" content=\"La Sentinelle\" \/>\n<meta property=\"article:publisher\" content=\"https:\/\/www.facebook.com\/La-Sentinelle-104059864394773\" \/>\n<meta property=\"article:published_time\" content=\"2025-09-11T10:36:00+00:00\" \/>\n<meta property=\"article:modified_time\" content=\"2025-09-12T19:36:46+00:00\" \/>\n<meta property=\"og:image\" content=\"https:\/\/lasentinelle.dz\/wp-content\/uploads\/2025\/09\/Tebboune.jpeg\" \/>\n\t<meta property=\"og:image:width\" content=\"1280\" \/>\n\t<meta property=\"og:image:height\" content=\"853\" \/>\n\t<meta property=\"og:image:type\" content=\"image\/jpeg\" \/>\n<meta name=\"author\" content=\"admin\" \/>\n<meta name=\"twitter:card\" content=\"summary_large_image\" \/>\n<meta name=\"twitter:label1\" content=\"\u00c9crit par\" \/>\n\t<meta name=\"twitter:data1\" content=\"admin\" \/>\n\t<meta name=\"twitter:label2\" content=\"Dur\u00e9e de lecture estim\u00e9e\" \/>\n\t<meta name=\"twitter:data2\" content=\"4 minutes\" \/>\n<script type=\"application\/ld+json\" class=\"yoast-schema-graph\">{\"@context\":\"https:\\\/\\\/schema.org\",\"@graph\":[{\"@type\":\"Article\",\"@id\":\"https:\\\/\\\/lasentinelle.dz\\\/index.php\\\/2025\\\/09\\\/11\\\/le-president-de-la-republique-prend-une-decision-majeure-un-fonds-de-financement-des-start-ups-africaines\\\/#article\",\"isPartOf\":{\"@id\":\"https:\\\/\\\/lasentinelle.dz\\\/index.php\\\/2025\\\/09\\\/11\\\/le-president-de-la-republique-prend-une-decision-majeure-un-fonds-de-financement-des-start-ups-africaines\\\/\"},\"author\":{\"name\":\"admin\",\"@id\":\"https:\\\/\\\/lasentinelle.dz\\\/#\\\/schema\\\/person\\\/729ee0024f24e0b8c5ec17232f8e8b41\"},\"headline\":\"Le pr\u00e9sident de la R\u00e9publique prend une d\u00e9cision majeure\u00a0: Un fonds de financement des start-ups africaines\",\"datePublished\":\"2025-09-11T10:36:00+00:00\",\"dateModified\":\"2025-09-12T19:36:46+00:00\",\"mainEntityOfPage\":{\"@id\":\"https:\\\/\\\/lasentinelle.dz\\\/index.php\\\/2025\\\/09\\\/11\\\/le-president-de-la-republique-prend-une-decision-majeure-un-fonds-de-financement-des-start-ups-africaines\\\/\"},\"wordCount\":752,\"commentCount\":0,\"publisher\":{\"@id\":\"https:\\\/\\\/lasentinelle.dz\\\/#organization\"},\"image\":{\"@id\":\"https:\\\/\\\/lasentinelle.dz\\\/index.php\\\/2025\\\/09\\\/11\\\/le-president-de-la-republique-prend-une-decision-majeure-un-fonds-de-financement-des-start-ups-africaines\\\/#primaryimage\"},\"thumbnailUrl\":\"https:\\\/\\\/lasentinelle.dz\\\/wp-content\\\/uploads\\\/2025\\\/09\\\/Tebboune.jpeg\",\"articleSection\":[\"Actualit\u00e9\"],\"inLanguage\":\"fr-FR\",\"potentialAction\":[{\"@type\":\"CommentAction\",\"name\":\"Comment\",\"target\":[\"https:\\\/\\\/lasentinelle.dz\\\/index.php\\\/2025\\\/09\\\/11\\\/le-president-de-la-republique-prend-une-decision-majeure-un-fonds-de-financement-des-start-ups-africaines\\\/#respond\"]}]},{\"@type\":\"WebPage\",\"@id\":\"https:\\\/\\\/lasentinelle.dz\\\/index.php\\\/2025\\\/09\\\/11\\\/le-president-de-la-republique-prend-une-decision-majeure-un-fonds-de-financement-des-start-ups-africaines\\\/\",\"url\":\"https:\\\/\\\/lasentinelle.dz\\\/index.php\\\/2025\\\/09\\\/11\\\/le-president-de-la-republique-prend-une-decision-majeure-un-fonds-de-financement-des-start-ups-africaines\\\/\",\"name\":\"Le pr\u00e9sident de la R\u00e9publique prend une d\u00e9cision majeure\u00a0: Un fonds de financement des start-ups africaines - La Sentinelle\",\"isPartOf\":{\"@id\":\"https:\\\/\\\/lasentinelle.dz\\\/#website\"},\"primaryImageOfPage\":{\"@id\":\"https:\\\/\\\/lasentinelle.dz\\\/index.php\\\/2025\\\/09\\\/11\\\/le-president-de-la-republique-prend-une-decision-majeure-un-fonds-de-financement-des-start-ups-africaines\\\/#primaryimage\"},\"image\":{\"@id\":\"https:\\\/\\\/lasentinelle.dz\\\/index.php\\\/2025\\\/09\\\/11\\\/le-president-de-la-republique-prend-une-decision-majeure-un-fonds-de-financement-des-start-ups-africaines\\\/#primaryimage\"},\"thumbnailUrl\":\"https:\\\/\\\/lasentinelle.dz\\\/wp-content\\\/uploads\\\/2025\\\/09\\\/Tebboune.jpeg\",\"datePublished\":\"2025-09-11T10:36:00+00:00\",\"dateModified\":\"2025-09-12T19:36:46+00:00\",\"breadcrumb\":{\"@id\":\"https:\\\/\\\/lasentinelle.dz\\\/index.php\\\/2025\\\/09\\\/11\\\/le-president-de-la-republique-prend-une-decision-majeure-un-fonds-de-financement-des-start-ups-africaines\\\/#breadcrumb\"},\"inLanguage\":\"fr-FR\",\"potentialAction\":[{\"@type\":\"ReadAction\",\"target\":[\"https:\\\/\\\/lasentinelle.dz\\\/index.php\\\/2025\\\/09\\\/11\\\/le-president-de-la-republique-prend-une-decision-majeure-un-fonds-de-financement-des-start-ups-africaines\\\/\"]}]},{\"@type\":\"ImageObject\",\"inLanguage\":\"fr-FR\",\"@id\":\"https:\\\/\\\/lasentinelle.dz\\\/index.php\\\/2025\\\/09\\\/11\\\/le-president-de-la-republique-prend-une-decision-majeure-un-fonds-de-financement-des-start-ups-africaines\\\/#primaryimage\",\"url\":\"https:\\\/\\\/lasentinelle.dz\\\/wp-content\\\/uploads\\\/2025\\\/09\\\/Tebboune.jpeg\",\"contentUrl\":\"https:\\\/\\\/lasentinelle.dz\\\/wp-content\\\/uploads\\\/2025\\\/09\\\/Tebboune.jpeg\",\"width\":1280,\"height\":853},{\"@type\":\"BreadcrumbList\",\"@id\":\"https:\\\/\\\/lasentinelle.dz\\\/index.php\\\/2025\\\/09\\\/11\\\/le-president-de-la-republique-prend-une-decision-majeure-un-fonds-de-financement-des-start-ups-africaines\\\/#breadcrumb\",\"itemListElement\":[{\"@type\":\"ListItem\",\"position\":1,\"name\":\"Accueil\",\"item\":\"https:\\\/\\\/lasentinelle.dz\\\/\"},{\"@type\":\"ListItem\",\"position\":2,\"name\":\"Le pr\u00e9sident de la R\u00e9publique prend une d\u00e9cision majeure\u00a0: Un fonds de financement des start-ups africaines\"}]},{\"@type\":\"WebSite\",\"@id\":\"https:\\\/\\\/lasentinelle.dz\\\/#website\",\"url\":\"https:\\\/\\\/lasentinelle.dz\\\/\",\"name\":\"La Sentinelle\",\"description\":\"Quotidien national d&#039;information\",\"publisher\":{\"@id\":\"https:\\\/\\\/lasentinelle.dz\\\/#organization\"},\"potentialAction\":[{\"@type\":\"SearchAction\",\"target\":{\"@type\":\"EntryPoint\",\"urlTemplate\":\"https:\\\/\\\/lasentinelle.dz\\\/?s={search_term_string}\"},\"query-input\":{\"@type\":\"PropertyValueSpecification\",\"valueRequired\":true,\"valueName\":\"search_term_string\"}}],\"inLanguage\":\"fr-FR\"},{\"@type\":\"Organization\",\"@id\":\"https:\\\/\\\/lasentinelle.dz\\\/#organization\",\"name\":\"Quotidien La Sentinelle\",\"url\":\"https:\\\/\\\/lasentinelle.dz\\\/\",\"logo\":{\"@type\":\"ImageObject\",\"inLanguage\":\"fr-FR\",\"@id\":\"https:\\\/\\\/lasentinelle.dz\\\/#\\\/schema\\\/logo\\\/image\\\/\",\"url\":\"https:\\\/\\\/lasentinelle.dz\\\/wp-content\\\/uploads\\\/2021\\\/09\\\/logo-sentinelleSLOGAN-1.png\",\"contentUrl\":\"https:\\\/\\\/lasentinelle.dz\\\/wp-content\\\/uploads\\\/2021\\\/09\\\/logo-sentinelleSLOGAN-1.png\",\"width\":615,\"height\":142,\"caption\":\"Quotidien La Sentinelle\"},\"image\":{\"@id\":\"https:\\\/\\\/lasentinelle.dz\\\/#\\\/schema\\\/logo\\\/image\\\/\"},\"sameAs\":[\"https:\\\/\\\/www.facebook.com\\\/La-Sentinelle-104059864394773\"]},{\"@type\":\"Person\",\"@id\":\"https:\\\/\\\/lasentinelle.dz\\\/#\\\/schema\\\/person\\\/729ee0024f24e0b8c5ec17232f8e8b41\",\"name\":\"admin\",\"image\":{\"@type\":\"ImageObject\",\"inLanguage\":\"fr-FR\",\"@id\":\"https:\\\/\\\/secure.gravatar.com\\\/avatar\\\/4c81fed838786e9b53f540bf46533e750f5d292099ae3b66cfc6fb1982e29df7?s=96&d=mm&r=g\",\"url\":\"https:\\\/\\\/secure.gravatar.com\\\/avatar\\\/4c81fed838786e9b53f540bf46533e750f5d292099ae3b66cfc6fb1982e29df7?s=96&d=mm&r=g\",\"contentUrl\":\"https:\\\/\\\/secure.gravatar.com\\\/avatar\\\/4c81fed838786e9b53f540bf46533e750f5d292099ae3b66cfc6fb1982e29df7?s=96&d=mm&r=g\",\"caption\":\"admin\"},\"description\":\"admin\",\"url\":\"https:\\\/\\\/lasentinelle.dz\\\/author\\\/admin\\\/\"}]}<\/script>\n<!-- \/ Yoast SEO plugin. -->","yoast_head_json":{"title":"Le pr\u00e9sident de la R\u00e9publique prend une d\u00e9cision majeure\u00a0: Un fonds de financement des start-ups africaines - La Sentinelle","robots":{"index":"index","follow":"follow","max-snippet":"max-snippet:-1","max-image-preview":"max-image-preview:large","max-video-preview":"max-video-preview:-1"},"canonical":"https:\/\/lasentinelle.dz\/index.php\/2025\/09\/11\/le-president-de-la-republique-prend-une-decision-majeure-un-fonds-de-financement-des-start-ups-africaines\/","og_locale":"fr_FR","og_type":"article","og_title":"Le pr\u00e9sident de la R\u00e9publique prend une d\u00e9cision majeure\u00a0: Un fonds de financement des start-ups africaines - La Sentinelle","og_description":"Le pr\u00e9sident de la R\u00e9publique Abdelmadjid Tebboune a pris une d\u00e9cision majeure en lan\u00e7ant un fonds de financement continental pour","og_url":"https:\/\/lasentinelle.dz\/index.php\/2025\/09\/11\/le-president-de-la-republique-prend-une-decision-majeure-un-fonds-de-financement-des-start-ups-africaines\/","og_site_name":"La Sentinelle","article_publisher":"https:\/\/www.facebook.com\/La-Sentinelle-104059864394773","article_published_time":"2025-09-11T10:36:00+00:00","article_modified_time":"2025-09-12T19:36:46+00:00","og_image":[{"width":1280,"height":853,"url":"https:\/\/lasentinelle.dz\/wp-content\/uploads\/2025\/09\/Tebboune.jpeg","type":"image\/jpeg"}],"author":"admin","twitter_card":"summary_large_image","twitter_misc":{"\u00c9crit par":"admin","Dur\u00e9e de lecture estim\u00e9e":"4 minutes"},"schema":{"@context":"https:\/\/schema.org","@graph":[{"@type":"Article","@id":"https:\/\/lasentinelle.dz\/index.php\/2025\/09\/11\/le-president-de-la-republique-prend-une-decision-majeure-un-fonds-de-financement-des-start-ups-africaines\/#article","isPartOf":{"@id":"https:\/\/lasentinelle.dz\/index.php\/2025\/09\/11\/le-president-de-la-republique-prend-une-decision-majeure-un-fonds-de-financement-des-start-ups-africaines\/"},"author":{"name":"admin","@id":"https:\/\/lasentinelle.dz\/#\/schema\/person\/729ee0024f24e0b8c5ec17232f8e8b41"},"headline":"Le pr\u00e9sident de la R\u00e9publique prend une d\u00e9cision majeure\u00a0: Un fonds de financement des start-ups africaines","datePublished":"2025-09-11T10:36:00+00:00","dateModified":"2025-09-12T19:36:46+00:00","mainEntityOfPage":{"@id":"https:\/\/lasentinelle.dz\/index.php\/2025\/09\/11\/le-president-de-la-republique-prend-une-decision-majeure-un-fonds-de-financement-des-start-ups-africaines\/"},"wordCount":752,"commentCount":0,"publisher":{"@id":"https:\/\/lasentinelle.dz\/#organization"},"image":{"@id":"https:\/\/lasentinelle.dz\/index.php\/2025\/09\/11\/le-president-de-la-republique-prend-une-decision-majeure-un-fonds-de-financement-des-start-ups-africaines\/#primaryimage"},"thumbnailUrl":"https:\/\/lasentinelle.dz\/wp-content\/uploads\/2025\/09\/Tebboune.jpeg","articleSection":["Actualit\u00e9"],"inLanguage":"fr-FR","potentialAction":[{"@type":"CommentAction","name":"Comment","target":["https:\/\/lasentinelle.dz\/index.php\/2025\/09\/11\/le-president-de-la-republique-prend-une-decision-majeure-un-fonds-de-financement-des-start-ups-africaines\/#respond"]}]},{"@type":"WebPage","@id":"https:\/\/lasentinelle.dz\/index.php\/2025\/09\/11\/le-president-de-la-republique-prend-une-decision-majeure-un-fonds-de-financement-des-start-ups-africaines\/","url":"https:\/\/lasentinelle.dz\/index.php\/2025\/09\/11\/le-president-de-la-republique-prend-une-decision-majeure-un-fonds-de-financement-des-start-ups-africaines\/","name":"Le pr\u00e9sident de la R\u00e9publique prend une d\u00e9cision majeure\u00a0: Un fonds de financement des start-ups africaines - La Sentinelle","isPartOf":{"@id":"https:\/\/lasentinelle.dz\/#website"},"primaryImageOfPage":{"@id":"https:\/\/lasentinelle.dz\/index.php\/2025\/09\/11\/le-president-de-la-republique-prend-une-decision-majeure-un-fonds-de-financement-des-start-ups-africaines\/#primaryimage"},"image":{"@id":"https:\/\/lasentinelle.dz\/index.php\/2025\/09\/11\/le-president-de-la-republique-prend-une-decision-majeure-un-fonds-de-financement-des-start-ups-africaines\/#primaryimage"},"thumbnailUrl":"https:\/\/lasentinelle.dz\/wp-content\/uploads\/2025\/09\/Tebboune.jpeg","datePublished":"2025-09-11T10:36:00+00:00","dateModified":"2025-09-12T19:36:46+00:00","breadcrumb":{"@id":"https:\/\/lasentinelle.dz\/index.php\/2025\/09\/11\/le-president-de-la-republique-prend-une-decision-majeure-un-fonds-de-financement-des-start-ups-africaines\/#breadcrumb"},"inLanguage":"fr-FR","potentialAction":[{"@type":"ReadAction","target":["https:\/\/lasentinelle.dz\/index.php\/2025\/09\/11\/le-president-de-la-republique-prend-une-decision-majeure-un-fonds-de-financement-des-start-ups-africaines\/"]}]},{"@type":"ImageObject","inLanguage":"fr-FR","@id":"https:\/\/lasentinelle.dz\/index.php\/2025\/09\/11\/le-president-de-la-republique-prend-une-decision-majeure-un-fonds-de-financement-des-start-ups-africaines\/#primaryimage","url":"https:\/\/lasentinelle.dz\/wp-content\/uploads\/2025\/09\/Tebboune.jpeg","contentUrl":"https:\/\/lasentinelle.dz\/wp-content\/uploads\/2025\/09\/Tebboune.jpeg","width":1280,"height":853},{"@type":"BreadcrumbList","@id":"https:\/\/lasentinelle.dz\/index.php\/2025\/09\/11\/le-president-de-la-republique-prend-une-decision-majeure-un-fonds-de-financement-des-start-ups-africaines\/#breadcrumb","itemListElement":[{"@type":"ListItem","position":1,"name":"Accueil","item":"https:\/\/lasentinelle.dz\/"},{"@type":"ListItem","position":2,"name":"Le pr\u00e9sident de la R\u00e9publique prend une d\u00e9cision majeure\u00a0: Un fonds de financement des start-ups africaines"}]},{"@type":"WebSite","@id":"https:\/\/lasentinelle.dz\/#website","url":"https:\/\/lasentinelle.dz\/","name":"La Sentinelle","description":"Quotidien national d&#039;information","publisher":{"@id":"https:\/\/lasentinelle.dz\/#organization"},"potentialAction":[{"@type":"SearchAction","target":{"@type":"EntryPoint","urlTemplate":"https:\/\/lasentinelle.dz\/?s={search_term_string}"},"query-input":{"@type":"PropertyValueSpecification","valueRequired":true,"valueName":"search_term_string"}}],"inLanguage":"fr-FR"},{"@type":"Organization","@id":"https:\/\/lasentinelle.dz\/#organization","name":"Quotidien La Sentinelle","url":"https:\/\/lasentinelle.dz\/","logo":{"@type":"ImageObject","inLanguage":"fr-FR","@id":"https:\/\/lasentinelle.dz\/#\/schema\/logo\/image\/","url":"https:\/\/lasentinelle.dz\/wp-content\/uploads\/2021\/09\/logo-sentinelleSLOGAN-1.png","contentUrl":"https:\/\/lasentinelle.dz\/wp-content\/uploads\/2021\/09\/logo-sentinelleSLOGAN-1.png","width":615,"height":142,"caption":"Quotidien La Sentinelle"},"image":{"@id":"https:\/\/lasentinelle.dz\/#\/schema\/logo\/image\/"},"sameAs":["https:\/\/www.facebook.com\/La-Sentinelle-104059864394773"]},{"@type":"Person","@id":"https:\/\/lasentinelle.dz\/#\/schema\/person\/729ee0024f24e0b8c5ec17232f8e8b41","name":"admin","image":{"@type":"ImageObject","inLanguage":"fr-FR","@id":"https:\/\/secure.gravatar.com\/avatar\/4c81fed838786e9b53f540bf46533e750f5d292099ae3b66cfc6fb1982e29df7?s=96&d=mm&r=g","url":"https:\/\/secure.gravatar.com\/avatar\/4c81fed838786e9b53f540bf46533e750f5d292099ae3b66cfc6fb1982e29df7?s=96&d=mm&r=g","contentUrl":"https:\/\/secure.gravatar.com\/avatar\/4c81fed838786e9b53f540bf46533e750f5d292099ae3b66cfc6fb1982e29df7?s=96&d=mm&r=g","caption":"admin"},"description":"admin","url":"https:\/\/lasentinelle.dz\/author\/admin\/"}]}},"_links":{"self":[{"href":"https:\/\/lasentinelle.dz\/index.php\/wp-json\/wp\/v2\/posts\/73242","targetHints":{"allow":["GET"]}}],"collection":[{"href":"https:\/\/lasentinelle.dz\/index.php\/wp-json\/wp\/v2\/posts"}],"about":[{"href":"https:\/\/lasentinelle.dz\/index.php\/wp-json\/wp\/v2\/types\/post"}],"author":[{"embeddable":true,"href":"https:\/\/lasentinelle.dz\/index.php\/wp-json\/wp\/v2\/users\/6"}],"replies":[{"embeddable":true,"href":"https:\/\/lasentinelle.dz\/index.php\/wp-json\/wp\/v2\/comments?post=73242"}],"version-history":[{"count":1,"href":"https:\/\/lasentinelle.dz\/index.php\/wp-json\/wp\/v2\/posts\/73242\/revisions"}],"predecessor-version":[{"id":73244,"href":"https:\/\/lasentinelle.dz\/index.php\/wp-json\/wp\/v2\/posts\/73242\/revisions\/73244"}],"wp:featuredmedia":[{"embeddable":true,"href":"https:\/\/lasentinelle.dz\/index.php\/wp-json\/wp\/v2\/media\/73243"}],"wp:attachment":[{"href":"https:\/\/lasentinelle.dz\/index.php\/wp-json\/wp\/v2\/media?parent=73242"}],"wp:term":[{"taxonomy":"category","embeddable":true,"href":"https:\/\/lasentinelle.dz\/index.php\/wp-json\/wp\/v2\/categories?post=73242"},{"taxonomy":"post_tag","embeddable":true,"href":"https:\/\/lasentinelle.dz\/index.php\/wp-json\/wp\/v2\/tags?post=73242"}],"curies":[{"name":"wp","href":"https:\/\/api.w.org\/{rel}","templated":true}]}}